{"id":7245,"date":"2024-11-30T12:00:41","date_gmt":"2024-11-30T18:00:41","guid":{"rendered":"https:\/\/www.nexoinformativo.mx\/?p=7245"},"modified":"2024-11-30T16:19:42","modified_gmt":"2024-11-30T22:19:42","slug":"bacheo-historico-en-mexico-sict-repara-casi-2-mil-km-de-carreteras-en-primer-mes","status":"publish","type":"post","link":"https:\/\/www.nexoinformativo.mx\/index.php\/2024\/11\/30\/bacheo-historico-en-mexico-sict-repara-casi-2-mil-km-de-carreteras-en-primer-mes\/","title":{"rendered":"Bacheo hist\u00f3rico en M\u00e9xico: SICT repara casi 2 mil km de carreteras en primer mes"},"content":{"rendered":"<p style=\"text-align: justify;\" data-sourcepos=\"7:1-7:344\">El gobierno de M\u00e9xico, a trav\u00e9s de la Secretar\u00eda de Infraestructura, Comunicaciones y Transportes (SICT), ha dado un paso significativo en la mejora de la infraestructura vial del pa\u00eds.<\/p>\n<p>&nbsp;<\/p>\n<p style=\"text-align: justify;\" data-sourcepos=\"7:1-7:344\">El Programa Bachet\u00f3n, puesto en marcha en noviembre, ha logrado reparar cerca de 2 mil kil\u00f3metros de carreteras federales libres de peaje en su primera etapa.<\/p>\n<p>&nbsp;<\/p>\n<p style=\"text-align: justify;\" data-sourcepos=\"9:1-9:284\">El secretario de la SICT, Jes\u00fas Antonio Esteva Medina, inform\u00f3 que se han desplegado m\u00e1s de 700 trabajadores y mil equipos para atender 123 frentes de trabajo en todo el pa\u00eds. Como resultado, se han reparado m\u00e1s de 11 mil baches, utilizando m\u00e1s de 8 mil toneladas de mezcla asf\u00e1ltica.<\/p>\n<p>&nbsp;<\/p>\n<p style=\"text-align: justify;\" data-sourcepos=\"11:1-11:281\">&#8220;Estamos trabajando de manera incansable para mejorar las condiciones de las carreteras y garantizar la seguridad de los usuarios&#8221;, asegur\u00f3 Esteva Medina. Adem\u00e1s del bacheo, se est\u00e1n realizando trabajos de repavimentaci\u00f3n en m\u00e1s de 600 kil\u00f3metros de carreteras federales.<\/p>\n<p>&nbsp;<\/p>\n<p style=\"text-align: justify;\" data-sourcepos=\"13:1-13:333\">Este programa forma parte de un esfuerzo m\u00e1s amplio del gobierno para mejorar la infraestructura del pa\u00eds y facilitar la movilidad de personas y mercanc\u00edas. Al mejorar las condiciones de las carreteras, se busca reducir los costos de transporte, disminuir el n\u00famero de accidentes y contribuir al desarrollo econ\u00f3mico de las regiones.<\/p>\n<p>&nbsp;<\/p>\n<p style=\"text-align: justify;\" data-sourcepos=\"31:1-31:148\">Con este programa, el gobierno de M\u00e9xico demuestra su compromiso con mejorar la infraestructura del pa\u00eds y brindar mejores servicios a la poblaci\u00f3n.<\/p>\n<p>&nbsp;<\/p>\n<p style=\"text-align: center;\" data-sourcepos=\"31:1-31:148\"><em><strong>\u00a1Informaci\u00f3n que transforma!<\/strong><\/em><\/p>\n","protected":false},"excerpt":{"rendered":"<p>El gobierno de M\u00e9xico, a trav\u00e9s de la Secretar\u00eda de Infraestructura, Comunicaciones y Transportes (SICT), ha dado un paso significativo en la mejora de la infraestructura vial del pa\u00eds.<\/p>\n","protected":false},"author":3,"featured_media":7246,"comment_status":"open","ping_status":"open","sticky":false,"template":"","format":"standard","meta":{"footnotes":""},"categories":[88,58],"tags":[1297,2436,2435,2437],"class_list":["post-7245","post","type-post","status-publish","format-standard","has-post-thumbnail","hentry","category-nacional","category-ultima-hora","tag-bacheton","tag-carreterasseguras","tag-infraestructuramexico","tag-sct"],"yoast_head":"<!-- This site is optimized with the Yoast SEO plugin v25.0 - https:\/\/yoast.com\/wordpress\/plugins\/seo\/ -->\n<title>Bacheo hist\u00f3rico en M\u00e9xico: SICT repara casi 2 mil km de carreteras en primer mes | Nexo Informativo Santiago de Quer\u00e9taro<\/title>\n<meta name=\"description\" content=\"Bacheo hist\u00f3rico en M\u00e9xico: SICT repara casi 2 mil km de carreteras en primer mes\" \/>\n<meta name=\"robots\" content=\"index, follow, max-snippet:-1, max-image-preview:large, max-video-preview:-1\" \/>\n<link rel=\"canonical\" href=\"https:\/\/www.nexoinformativo.mx\/index.php\/2024\/11\/30\/bacheo-historico-en-mexico-sict-repara-casi-2-mil-km-de-carreteras-en-primer-mes\/\" \/>\n<meta property=\"og:locale\" content=\"es_MX\" \/>\n<meta property=\"og:type\" content=\"article\" \/>\n<meta property=\"og:title\" content=\"Bacheo hist\u00f3rico en M\u00e9xico: SICT repara casi 2 mil km de carreteras en primer mes | Nexo Informativo Santiago de Quer\u00e9taro\" \/>\n<meta property=\"og:description\" content=\"Bacheo hist\u00f3rico en M\u00e9xico: SICT repara casi 2 mil km de carreteras en primer mes\" \/>\n<meta property=\"og:url\" content=\"https:\/\/www.nexoinformativo.mx\/index.php\/2024\/11\/30\/bacheo-historico-en-mexico-sict-repara-casi-2-mil-km-de-carreteras-en-primer-mes\/\" \/>\n<meta property=\"og:site_name\" content=\"Nexo Informativo Santiago de Quer\u00e9taro\" \/>\n<meta property=\"article:publisher\" content=\"https:\/\/www.facebook.com\/people\/Nexo-Informativo\/61564066885511\/\" \/>\n<meta property=\"article:published_time\" content=\"2024-11-30T18:00:41+00:00\" \/>\n<meta property=\"article:modified_time\" content=\"2024-11-30T22:19:42+00:00\" \/>\n<meta property=\"og:image\" content=\"https:\/\/www.nexoinformativo.mx\/wp-content\/uploads\/2024\/11\/IMG_8288.jpg\" \/>\n\t<meta property=\"og:image:width\" content=\"626\" \/>\n\t<meta property=\"og:image:height\" content=\"365\" \/>\n\t<meta property=\"og:image:type\" content=\"image\/jpeg\" \/>\n<meta name=\"author\" content=\"Nexo Informativo\" \/>\n<meta name=\"twitter:card\" content=\"summary_large_image\" \/>\n<meta name=\"twitter:label1\" content=\"Escrito por\" \/>\n\t<meta name=\"twitter:data1\" content=\"Nexo Informativo\" \/>\n\t<meta name=\"twitter:label2\" content=\"Tiempo de lectura\" \/>\n\t<meta name=\"twitter:data2\" content=\"2 minutos\" \/>\n<script type=\"application\/ld+json\" class=\"yoast-schema-graph\">{\"@context\":\"https:\/\/schema.org\",\"@graph\":[{\"@type\":\"Article\",\"@id\":\"https:\/\/www.nexoinformativo.mx\/index.php\/2024\/11\/30\/bacheo-historico-en-mexico-sict-repara-casi-2-mil-km-de-carreteras-en-primer-mes\/#article\",\"isPartOf\":{\"@id\":\"https:\/\/www.nexoinformativo.mx\/index.php\/2024\/11\/30\/bacheo-historico-en-mexico-sict-repara-casi-2-mil-km-de-carreteras-en-primer-mes\/\"},\"author\":{\"name\":\"Nexo Informativo\",\"@id\":\"https:\/\/www.nexoinformativo.mx\/#\/schema\/person\/7749d380ba08c8ca00d7bc76fd907b7d\"},\"headline\":\"Bacheo hist\u00f3rico en M\u00e9xico: SICT repara casi 2 mil km de carreteras en primer mes\",\"datePublished\":\"2024-11-30T18:00:41+00:00\",\"dateModified\":\"2024-11-30T22:19:42+00:00\",\"mainEntityOfPage\":{\"@id\":\"https:\/\/www.nexoinformativo.mx\/index.php\/2024\/11\/30\/bacheo-historico-en-mexico-sict-repara-casi-2-mil-km-de-carreteras-en-primer-mes\/\"},\"wordCount\":264,\"commentCount\":0,\"publisher\":{\"@id\":\"https:\/\/www.nexoinformativo.mx\/#organization\"},\"image\":{\"@id\":\"https:\/\/www.nexoinformativo.mx\/index.php\/2024\/11\/30\/bacheo-historico-en-mexico-sict-repara-casi-2-mil-km-de-carreteras-en-primer-mes\/#primaryimage\"},\"thumbnailUrl\":\"https:\/\/www.nexoinformativo.mx\/wp-content\/uploads\/2024\/11\/IMG_8288.jpg\",\"keywords\":[\"Bachet\u00f3n\",\"CarreterasSeguras\",\"InfraestructuraM\u00e9xico\",\"SCT\"],\"articleSection\":[\"Nacional\",\"\u00daltima Hora\"],\"inLanguage\":\"es\",\"potentialAction\":[{\"@type\":\"CommentAction\",\"name\":\"Comment\",\"target\":[\"https:\/\/www.nexoinformativo.mx\/index.php\/2024\/11\/30\/bacheo-historico-en-mexico-sict-repara-casi-2-mil-km-de-carreteras-en-primer-mes\/#respond\"]}]},{\"@type\":\"WebPage\",\"@id\":\"https:\/\/www.nexoinformativo.mx\/index.php\/2024\/11\/30\/bacheo-historico-en-mexico-sict-repara-casi-2-mil-km-de-carreteras-en-primer-mes\/\",\"url\":\"https:\/\/www.nexoinformativo.mx\/index.php\/2024\/11\/30\/bacheo-historico-en-mexico-sict-repara-casi-2-mil-km-de-carreteras-en-primer-mes\/\",\"name\":\"Bacheo hist\u00f3rico en M\u00e9xico: SICT repara casi 2 mil km de carreteras en primer mes | Nexo Informativo Santiago de Quer\u00e9taro\",\"isPartOf\":{\"@id\":\"https:\/\/www.nexoinformativo.mx\/#website\"},\"primaryImageOfPage\":{\"@id\":\"https:\/\/www.nexoinformativo.mx\/index.php\/2024\/11\/30\/bacheo-historico-en-mexico-sict-repara-casi-2-mil-km-de-carreteras-en-primer-mes\/#primaryimage\"},\"image\":{\"@id\":\"https:\/\/www.nexoinformativo.mx\/index.php\/2024\/11\/30\/bacheo-historico-en-mexico-sict-repara-casi-2-mil-km-de-carreteras-en-primer-mes\/#primaryimage\"},\"thumbnailUrl\":\"https:\/\/www.nexoinformativo.mx\/wp-content\/uploads\/2024\/11\/IMG_8288.jpg\",\"datePublished\":\"2024-11-30T18:00:41+00:00\",\"dateModified\":\"2024-11-30T22:19:42+00:00\",\"description\":\"Bacheo hist\u00f3rico en M\u00e9xico: SICT repara casi 2 mil km de carreteras en primer mes\",\"breadcrumb\":{\"@id\":\"https:\/\/www.nexoinformativo.mx\/index.php\/2024\/11\/30\/bacheo-historico-en-mexico-sict-repara-casi-2-mil-km-de-carreteras-en-primer-mes\/#breadcrumb\"},\"inLanguage\":\"es\",\"potentialAction\":[{\"@type\":\"ReadAction\",\"target\":[\"https:\/\/www.nexoinformativo.mx\/index.php\/2024\/11\/30\/bacheo-historico-en-mexico-sict-repara-casi-2-mil-km-de-carreteras-en-primer-mes\/\"]}]},{\"@type\":\"ImageObject\",\"inLanguage\":\"es\",\"@id\":\"https:\/\/www.nexoinformativo.mx\/index.php\/2024\/11\/30\/bacheo-historico-en-mexico-sict-repara-casi-2-mil-km-de-carreteras-en-primer-mes\/#primaryimage\",\"url\":\"https:\/\/www.nexoinformativo.mx\/wp-content\/uploads\/2024\/11\/IMG_8288.jpg\",\"contentUrl\":\"https:\/\/www.nexoinformativo.mx\/wp-content\/uploads\/2024\/11\/IMG_8288.jpg\",\"width\":626,\"height\":365},{\"@type\":\"BreadcrumbList\",\"@id\":\"https:\/\/www.nexoinformativo.mx\/index.php\/2024\/11\/30\/bacheo-historico-en-mexico-sict-repara-casi-2-mil-km-de-carreteras-en-primer-mes\/#breadcrumb\",\"itemListElement\":[{\"@type\":\"ListItem\",\"position\":1,\"name\":\"Inicio\",\"item\":\"https:\/\/www.nexoinformativo.mx\/\"},{\"@type\":\"ListItem\",\"position\":2,\"name\":\"Bacheo hist\u00f3rico en M\u00e9xico: SICT repara casi 2 mil km de carreteras en primer mes\"}]},{\"@type\":\"WebSite\",\"@id\":\"https:\/\/www.nexoinformativo.mx\/#website\",\"url\":\"https:\/\/www.nexoinformativo.mx\/\",\"name\":\"Nexo Informativo Santiago de Quer\u00e9taro\",\"description\":\"Explora NexoInformativo y convi\u00e9rtete en parte de una comunidad que valora el conocimiento y la verdad. Tu nexoinformativo es tu puente hacia una comprensi\u00f3n m\u00e1s profunda del mundo que te rodea.\",\"publisher\":{\"@id\":\"https:\/\/www.nexoinformativo.mx\/#organization\"},\"potentialAction\":[{\"@type\":\"SearchAction\",\"target\":{\"@type\":\"EntryPoint\",\"urlTemplate\":\"https:\/\/www.nexoinformativo.mx\/?s={search_term_string}\"},\"query-input\":{\"@type\":\"PropertyValueSpecification\",\"valueRequired\":true,\"valueName\":\"search_term_string\"}}],\"inLanguage\":\"es\"},{\"@type\":\"Organization\",\"@id\":\"https:\/\/www.nexoinformativo.mx\/#organization\",\"name\":\"Nexo Informativo Santiago de Quer\u00e9taro\",\"url\":\"https:\/\/www.nexoinformativo.mx\/\",\"logo\":{\"@type\":\"ImageObject\",\"inLanguage\":\"es\",\"@id\":\"https:\/\/www.nexoinformativo.mx\/#\/schema\/logo\/image\/\",\"url\":\"https:\/\/www.nexoinformativo.mx\/wp-content\/uploads\/2024\/07\/nexoi-trasparente-2.png\",\"contentUrl\":\"https:\/\/www.nexoinformativo.mx\/wp-content\/uploads\/2024\/07\/nexoi-trasparente-2.png\",\"width\":816,\"height\":339,\"caption\":\"Nexo Informativo Santiago de Quer\u00e9taro\"},\"image\":{\"@id\":\"https:\/\/www.nexoinformativo.mx\/#\/schema\/logo\/image\/\"},\"sameAs\":[\"https:\/\/www.facebook.com\/people\/Nexo-Informativo\/61564066885511\/\"]},{\"@type\":\"Person\",\"@id\":\"https:\/\/www.nexoinformativo.mx\/#\/schema\/person\/7749d380ba08c8ca00d7bc76fd907b7d\",\"name\":\"Nexo Informativo\",\"image\":{\"@type\":\"ImageObject\",\"inLanguage\":\"es\",\"@id\":\"https:\/\/www.nexoinformativo.mx\/#\/schema\/person\/image\/\",\"url\":\"https:\/\/secure.gravatar.com\/avatar\/dde2928154642a13d95f87ddf1ea9718fe2b46760a005c53e41ff5ad610704e6?s=96&d=mm&r=g\",\"contentUrl\":\"https:\/\/secure.gravatar.com\/avatar\/dde2928154642a13d95f87ddf1ea9718fe2b46760a005c53e41ff5ad610704e6?s=96&d=mm&r=g\",\"caption\":\"Nexo Informativo\"},\"url\":\"https:\/\/www.nexoinformativo.mx\/index.php\/author\/edicion\/\"}]}<\/script>\n<!-- \/ Yoast SEO plugin. -->","yoast_head_json":{"title":"Bacheo hist\u00f3rico en M\u00e9xico: SICT repara casi 2 mil km de carreteras en primer mes | Nexo Informativo Santiago de Quer\u00e9taro","description":"Bacheo hist\u00f3rico en M\u00e9xico: SICT repara casi 2 mil km de carreteras en primer mes","robots":{"index":"index","follow":"follow","max-snippet":"max-snippet:-1","max-image-preview":"max-image-preview:large","max-video-preview":"max-video-preview:-1"},"canonical":"https:\/\/www.nexoinformativo.mx\/index.php\/2024\/11\/30\/bacheo-historico-en-mexico-sict-repara-casi-2-mil-km-de-carreteras-en-primer-mes\/","og_locale":"es_MX","og_type":"article","og_title":"Bacheo hist\u00f3rico en M\u00e9xico: SICT repara casi 2 mil km de carreteras en primer mes | Nexo Informativo Santiago de Quer\u00e9taro","og_description":"Bacheo hist\u00f3rico en M\u00e9xico: SICT repara casi 2 mil km de carreteras en primer mes","og_url":"https:\/\/www.nexoinformativo.mx\/index.php\/2024\/11\/30\/bacheo-historico-en-mexico-sict-repara-casi-2-mil-km-de-carreteras-en-primer-mes\/","og_site_name":"Nexo Informativo Santiago de Quer\u00e9taro","article_publisher":"https:\/\/www.facebook.com\/people\/Nexo-Informativo\/61564066885511\/","article_published_time":"2024-11-30T18:00:41+00:00","article_modified_time":"2024-11-30T22:19:42+00:00","og_image":[{"width":626,"height":365,"url":"https:\/\/www.nexoinformativo.mx\/wp-content\/uploads\/2024\/11\/IMG_8288.jpg","type":"image\/jpeg"}],"author":"Nexo Informativo","twitter_card":"summary_large_image","twitter_misc":{"Escrito por":"Nexo Informativo","Tiempo de lectura":"2 minutos"},"schema":{"@context":"https:\/\/schema.org","@graph":[{"@type":"Article","@id":"https:\/\/www.nexoinformativo.mx\/index.php\/2024\/11\/30\/bacheo-historico-en-mexico-sict-repara-casi-2-mil-km-de-carreteras-en-primer-mes\/#article","isPartOf":{"@id":"https:\/\/www.nexoinformativo.mx\/index.php\/2024\/11\/30\/bacheo-historico-en-mexico-sict-repara-casi-2-mil-km-de-carreteras-en-primer-mes\/"},"author":{"name":"Nexo Informativo","@id":"https:\/\/www.nexoinformativo.mx\/#\/schema\/person\/7749d380ba08c8ca00d7bc76fd907b7d"},"headline":"Bacheo hist\u00f3rico en M\u00e9xico: SICT repara casi 2 mil km de carreteras en primer mes","datePublished":"2024-11-30T18:00:41+00:00","dateModified":"2024-11-30T22:19:42+00:00","mainEntityOfPage":{"@id":"https:\/\/www.nexoinformativo.mx\/index.php\/2024\/11\/30\/bacheo-historico-en-mexico-sict-repara-casi-2-mil-km-de-carreteras-en-primer-mes\/"},"wordCount":264,"commentCount":0,"publisher":{"@id":"https:\/\/www.nexoinformativo.mx\/#organization"},"image":{"@id":"https:\/\/www.nexoinformativo.mx\/index.php\/2024\/11\/30\/bacheo-historico-en-mexico-sict-repara-casi-2-mil-km-de-carreteras-en-primer-mes\/#primaryimage"},"thumbnailUrl":"https:\/\/www.nexoinformativo.mx\/wp-content\/uploads\/2024\/11\/IMG_8288.jpg","keywords":["Bachet\u00f3n","CarreterasSeguras","InfraestructuraM\u00e9xico","SCT"],"articleSection":["Nacional","\u00daltima Hora"],"inLanguage":"es","potentialAction":[{"@type":"CommentAction","name":"Comment","target":["https:\/\/www.nexoinformativo.mx\/index.php\/2024\/11\/30\/bacheo-historico-en-mexico-sict-repara-casi-2-mil-km-de-carreteras-en-primer-mes\/#respond"]}]},{"@type":"WebPage","@id":"https:\/\/www.nexoinformativo.mx\/index.php\/2024\/11\/30\/bacheo-historico-en-mexico-sict-repara-casi-2-mil-km-de-carreteras-en-primer-mes\/","url":"https:\/\/www.nexoinformativo.mx\/index.php\/2024\/11\/30\/bacheo-historico-en-mexico-sict-repara-casi-2-mil-km-de-carreteras-en-primer-mes\/","name":"Bacheo hist\u00f3rico en M\u00e9xico: SICT repara casi 2 mil km de carreteras en primer mes | Nexo Informativo Santiago de Quer\u00e9taro","isPartOf":{"@id":"https:\/\/www.nexoinformativo.mx\/#website"},"primaryImageOfPage":{"@id":"https:\/\/www.nexoinformativo.mx\/index.php\/2024\/11\/30\/bacheo-historico-en-mexico-sict-repara-casi-2-mil-km-de-carreteras-en-primer-mes\/#primaryimage"},"image":{"@id":"https:\/\/www.nexoinformativo.mx\/index.php\/2024\/11\/30\/bacheo-historico-en-mexico-sict-repara-casi-2-mil-km-de-carreteras-en-primer-mes\/#primaryimage"},"thumbnailUrl":"https:\/\/www.nexoinformativo.mx\/wp-content\/uploads\/2024\/11\/IMG_8288.jpg","datePublished":"2024-11-30T18:00:41+00:00","dateModified":"2024-11-30T22:19:42+00:00","description":"Bacheo hist\u00f3rico en M\u00e9xico: SICT repara casi 2 mil km de carreteras en primer mes","breadcrumb":{"@id":"https:\/\/www.nexoinformativo.mx\/index.php\/2024\/11\/30\/bacheo-historico-en-mexico-sict-repara-casi-2-mil-km-de-carreteras-en-primer-mes\/#breadcrumb"},"inLanguage":"es","potentialAction":[{"@type":"ReadAction","target":["https:\/\/www.nexoinformativo.mx\/index.php\/2024\/11\/30\/bacheo-historico-en-mexico-sict-repara-casi-2-mil-km-de-carreteras-en-primer-mes\/"]}]},{"@type":"ImageObject","inLanguage":"es","@id":"https:\/\/www.nexoinformativo.mx\/index.php\/2024\/11\/30\/bacheo-historico-en-mexico-sict-repara-casi-2-mil-km-de-carreteras-en-primer-mes\/#primaryimage","url":"https:\/\/www.nexoinformativo.mx\/wp-content\/uploads\/2024\/11\/IMG_8288.jpg","contentUrl":"https:\/\/www.nexoinformativo.mx\/wp-content\/uploads\/2024\/11\/IMG_8288.jpg","width":626,"height":365},{"@type":"BreadcrumbList","@id":"https:\/\/www.nexoinformativo.mx\/index.php\/2024\/11\/30\/bacheo-historico-en-mexico-sict-repara-casi-2-mil-km-de-carreteras-en-primer-mes\/#breadcrumb","itemListElement":[{"@type":"ListItem","position":1,"name":"Inicio","item":"https:\/\/www.nexoinformativo.mx\/"},{"@type":"ListItem","position":2,"name":"Bacheo hist\u00f3rico en M\u00e9xico: SICT repara casi 2 mil km de carreteras en primer mes"}]},{"@type":"WebSite","@id":"https:\/\/www.nexoinformativo.mx\/#website","url":"https:\/\/www.nexoinformativo.mx\/","name":"Nexo Informativo Santiago de Quer\u00e9taro","description":"Explora NexoInformativo y convi\u00e9rtete en parte de una comunidad que valora el conocimiento y la verdad. Tu nexoinformativo es tu puente hacia una comprensi\u00f3n m\u00e1s profunda del mundo que te rodea.","publisher":{"@id":"https:\/\/www.nexoinformativo.mx\/#organization"},"potentialAction":[{"@type":"SearchAction","target":{"@type":"EntryPoint","urlTemplate":"https:\/\/www.nexoinformativo.mx\/?s={search_term_string}"},"query-input":{"@type":"PropertyValueSpecification","valueRequired":true,"valueName":"search_term_string"}}],"inLanguage":"es"},{"@type":"Organization","@id":"https:\/\/www.nexoinformativo.mx\/#organization","name":"Nexo Informativo Santiago de Quer\u00e9taro","url":"https:\/\/www.nexoinformativo.mx\/","logo":{"@type":"ImageObject","inLanguage":"es","@id":"https:\/\/www.nexoinformativo.mx\/#\/schema\/logo\/image\/","url":"https:\/\/www.nexoinformativo.mx\/wp-content\/uploads\/2024\/07\/nexoi-trasparente-2.png","contentUrl":"https:\/\/www.nexoinformativo.mx\/wp-content\/uploads\/2024\/07\/nexoi-trasparente-2.png","width":816,"height":339,"caption":"Nexo Informativo Santiago de Quer\u00e9taro"},"image":{"@id":"https:\/\/www.nexoinformativo.mx\/#\/schema\/logo\/image\/"},"sameAs":["https:\/\/www.facebook.com\/people\/Nexo-Informativo\/61564066885511\/"]},{"@type":"Person","@id":"https:\/\/www.nexoinformativo.mx\/#\/schema\/person\/7749d380ba08c8ca00d7bc76fd907b7d","name":"Nexo Informativo","image":{"@type":"ImageObject","inLanguage":"es","@id":"https:\/\/www.nexoinformativo.mx\/#\/schema\/person\/image\/","url":"https:\/\/secure.gravatar.com\/avatar\/dde2928154642a13d95f87ddf1ea9718fe2b46760a005c53e41ff5ad610704e6?s=96&d=mm&r=g","contentUrl":"https:\/\/secure.gravatar.com\/avatar\/dde2928154642a13d95f87ddf1ea9718fe2b46760a005c53e41ff5ad610704e6?s=96&d=mm&r=g","caption":"Nexo Informativo"},"url":"https:\/\/www.nexoinformativo.mx\/index.php\/author\/edicion\/"}]}},"_links":{"self":[{"href":"https:\/\/www.nexoinformativo.mx\/index.php\/wp-json\/wp\/v2\/posts\/7245","targetHints":{"allow":["GET"]}}],"collection":[{"href":"https:\/\/www.nexoinformativo.mx\/index.php\/wp-json\/wp\/v2\/posts"}],"about":[{"href":"https:\/\/www.nexoinformativo.mx\/index.php\/wp-json\/wp\/v2\/types\/post"}],"author":[{"embeddable":true,"href":"https:\/\/www.nexoinformativo.mx\/index.php\/wp-json\/wp\/v2\/users\/3"}],"replies":[{"embeddable":true,"href":"https:\/\/www.nexoinformativo.mx\/index.php\/wp-json\/wp\/v2\/comments?post=7245"}],"version-history":[{"count":3,"href":"https:\/\/www.nexoinformativo.mx\/index.php\/wp-json\/wp\/v2\/posts\/7245\/revisions"}],"predecessor-version":[{"id":7249,"href":"https:\/\/www.nexoinformativo.mx\/index.php\/wp-json\/wp\/v2\/posts\/7245\/revisions\/7249"}],"wp:featuredmedia":[{"embeddable":true,"href":"https:\/\/www.nexoinformativo.mx\/index.php\/wp-json\/wp\/v2\/media\/7246"}],"wp:attachment":[{"href":"https:\/\/www.nexoinformativo.mx\/index.php\/wp-json\/wp\/v2\/media?parent=7245"}],"wp:term":[{"taxonomy":"category","embeddable":true,"href":"https:\/\/www.nexoinformativo.mx\/index.php\/wp-json\/wp\/v2\/categories?post=7245"},{"taxonomy":"post_tag","embeddable":true,"href":"https:\/\/www.nexoinformativo.mx\/index.php\/wp-json\/wp\/v2\/tags?post=7245"}],"curies":[{"name":"wp","href":"https:\/\/api.w.org\/{rel}","templated":true}]}}