{"id":7250,"date":"2024-11-30T13:00:05","date_gmt":"2024-11-30T19:00:05","guid":{"rendered":"https:\/\/www.nexoinformativo.mx\/?p=7250"},"modified":"2024-11-30T16:27:45","modified_gmt":"2024-11-30T22:27:45","slug":"mexico-celebra-la-semana-de-los-suelos-y-refuerza-su-compromiso-con-la-produccion-sostenible-de-alimentos","status":"publish","type":"post","link":"https:\/\/www.nexoinformativo.mx\/index.php\/2024\/11\/30\/mexico-celebra-la-semana-de-los-suelos-y-refuerza-su-compromiso-con-la-produccion-sostenible-de-alimentos\/","title":{"rendered":"M\u00e9xico celebra la Semana de los Suelos y refuerza su compromiso con la producci\u00f3n sostenible de alimentos"},"content":{"rendered":"<p style=\"text-align: justify;\" data-sourcepos=\"7:1-7:282\">La Secretar\u00eda de Agricultura y Desarrollo Rural (SADER) ha anunciado la celebraci\u00f3n de la <strong>&#8220;Semana de los Suelos&#8221; del 29 de noviembre al 6 de diciembre<\/strong>, con el objetivo de resaltar la importancia del suelo en la producci\u00f3n de alimentos y promover su cuidado y conservaci\u00f3n.<\/p>\n<p>&nbsp;<\/p>\n<p style=\"text-align: justify;\" data-sourcepos=\"9:1-9:404\">Esta iniciativa, alineada con la conmemoraci\u00f3n del D\u00eda Mundial del Suelo el 5 de diciembre, busca sensibilizar a la poblaci\u00f3n sobre la relevancia de este recurso natural para la seguridad alimentaria y la sostenibilidad ambiental. A trav\u00e9s de diversos eventos virtuales, se abordar\u00e1n temas como el an\u00e1lisis de suelos, la mejora de la fertilidad y experiencias exitosas de productores en todo el pa\u00eds.<\/p>\n<p>&nbsp;<\/p>\n<p style=\"text-align: justify;\" data-sourcepos=\"11:1-11:411\">El secretario de Agricultura, Jes\u00fas Antonio Esteva, destac\u00f3 que el suelo es un recurso invaluable que permite impulsar la producci\u00f3n de alimentos, optimizar el uso del agua, conservar la biodiversidad y aumentar la resiliencia clim\u00e1tica.<\/p>\n<p>&nbsp;<\/p>\n<p style=\"text-align: justify;\" data-sourcepos=\"13:1-13:440\">Durante la <strong>&#8220;Semana de los Suelos&#8221;<\/strong>, se llevar\u00e1 a cabo un di\u00e1logo pol\u00edtico de alto nivel con la participaci\u00f3n de autoridades federales, estatales y representantes de la Organizaci\u00f3n de las Naciones Unidas para la Alimentaci\u00f3n y la Agricultura (FAO).<\/p>\n<p>&nbsp;<\/p>\n<p style=\"text-align: justify;\" data-sourcepos=\"13:1-13:440\">Adem\u00e1s, se invitar\u00e1 a productores de todo el pa\u00eds a unirse a la Alianza Mexicana por el Suelo (AMEXSU), una iniciativa que busca sumar esfuerzos para restaurar los suelos degradados.<\/p>\n<p>&nbsp;<\/p>\n<p style=\"text-align: justify;\" data-sourcepos=\"15:1-15:247\">El suelo es un recurso vital para la humanidad y su cuidado es fundamental para garantizar la seguridad alimentaria y la sostenibilidad ambiental. La <strong>&#8220;Semana de los Suelos&#8221;<\/strong> es una oportunidad para reflexionar sobre la importancia de este recurso y tomar acciones para su conservaci\u00f3n.<\/p>\n<p>&nbsp;<\/p>\n<p style=\"text-align: center;\" data-sourcepos=\"15:1-15:247\"><em><strong>\u00a1Informaci\u00f3n que transforma!<\/strong><\/em><\/p>\n","protected":false},"excerpt":{"rendered":"<p>La Secretar\u00eda de Agricultura y Desarrollo Rural (SADER) ha anunciado la celebraci\u00f3n de la &#8220;Semana de los Suelos&#8221; del 29 de noviembre al 6 de diciembre, con el objetivo de resaltar la importancia del suelo en la producci\u00f3n de alimentos y promover su cuidado y conservaci\u00f3n.<\/p>\n","protected":false},"author":3,"featured_media":7251,"comment_status":"open","ping_status":"open","sticky":false,"template":"","format":"standard","meta":{"footnotes":""},"categories":[88,58],"tags":[2441,2439,2438,2440],"class_list":["post-7250","post","type-post","status-publish","format-standard","has-post-thumbnail","hentry","category-nacional","category-ultima-hora","tag-alimentossostenibles","tag-diamundialdelsuelo","tag-semanadelossuelos","tag-suelosano"],"yoast_head":"<!-- This site is optimized with the Yoast SEO plugin v25.0 - https:\/\/yoast.com\/wordpress\/plugins\/seo\/ -->\n<title>M\u00e9xico celebra la Semana de los Suelos y refuerza su compromiso con la producci\u00f3n sostenible de alimentos | Nexo Informativo Santiago de Quer\u00e9taro<\/title>\n<meta name=\"description\" content=\"M\u00e9xico celebra la Semana de los Suelos y refuerza su compromiso con la producci\u00f3n sostenible de alimentos\" \/>\n<meta name=\"robots\" content=\"index, follow, max-snippet:-1, max-image-preview:large, max-video-preview:-1\" \/>\n<link rel=\"canonical\" href=\"https:\/\/www.nexoinformativo.mx\/index.php\/2024\/11\/30\/mexico-celebra-la-semana-de-los-suelos-y-refuerza-su-compromiso-con-la-produccion-sostenible-de-alimentos\/\" \/>\n<meta property=\"og:locale\" content=\"es_MX\" \/>\n<meta property=\"og:type\" content=\"article\" \/>\n<meta property=\"og:title\" content=\"M\u00e9xico celebra la Semana de los Suelos y refuerza su compromiso con la producci\u00f3n sostenible de alimentos | Nexo Informativo Santiago de Quer\u00e9taro\" \/>\n<meta property=\"og:description\" content=\"M\u00e9xico celebra la Semana de los Suelos y refuerza su compromiso con la producci\u00f3n sostenible de alimentos\" \/>\n<meta property=\"og:url\" content=\"https:\/\/www.nexoinformativo.mx\/index.php\/2024\/11\/30\/mexico-celebra-la-semana-de-los-suelos-y-refuerza-su-compromiso-con-la-produccion-sostenible-de-alimentos\/\" \/>\n<meta property=\"og:site_name\" content=\"Nexo Informativo Santiago de Quer\u00e9taro\" \/>\n<meta property=\"article:publisher\" content=\"https:\/\/www.facebook.com\/people\/Nexo-Informativo\/61564066885511\/\" \/>\n<meta property=\"article:published_time\" content=\"2024-11-30T19:00:05+00:00\" \/>\n<meta property=\"article:modified_time\" content=\"2024-11-30T22:27:45+00:00\" \/>\n<meta property=\"og:image\" content=\"https:\/\/www.nexoinformativo.mx\/wp-content\/uploads\/2024\/11\/IMG_8290.png\" \/>\n\t<meta property=\"og:image:width\" content=\"650\" \/>\n\t<meta property=\"og:image:height\" content=\"380\" \/>\n\t<meta property=\"og:image:type\" content=\"image\/png\" \/>\n<meta name=\"author\" content=\"Nexo Informativo\" \/>\n<meta name=\"twitter:card\" content=\"summary_large_image\" \/>\n<meta name=\"twitter:label1\" content=\"Escrito por\" \/>\n\t<meta name=\"twitter:data1\" content=\"Nexo Informativo\" \/>\n\t<meta name=\"twitter:label2\" content=\"Tiempo de lectura\" \/>\n\t<meta name=\"twitter:data2\" content=\"2 minutos\" \/>\n<script type=\"application\/ld+json\" class=\"yoast-schema-graph\">{\"@context\":\"https:\/\/schema.org\",\"@graph\":[{\"@type\":\"Article\",\"@id\":\"https:\/\/www.nexoinformativo.mx\/index.php\/2024\/11\/30\/mexico-celebra-la-semana-de-los-suelos-y-refuerza-su-compromiso-con-la-produccion-sostenible-de-alimentos\/#article\",\"isPartOf\":{\"@id\":\"https:\/\/www.nexoinformativo.mx\/index.php\/2024\/11\/30\/mexico-celebra-la-semana-de-los-suelos-y-refuerza-su-compromiso-con-la-produccion-sostenible-de-alimentos\/\"},\"author\":{\"name\":\"Nexo Informativo\",\"@id\":\"https:\/\/www.nexoinformativo.mx\/#\/schema\/person\/7749d380ba08c8ca00d7bc76fd907b7d\"},\"headline\":\"M\u00e9xico celebra la Semana de los Suelos y refuerza su compromiso con la producci\u00f3n sostenible de alimentos\",\"datePublished\":\"2024-11-30T19:00:05+00:00\",\"dateModified\":\"2024-11-30T22:27:45+00:00\",\"mainEntityOfPage\":{\"@id\":\"https:\/\/www.nexoinformativo.mx\/index.php\/2024\/11\/30\/mexico-celebra-la-semana-de-los-suelos-y-refuerza-su-compromiso-con-la-produccion-sostenible-de-alimentos\/\"},\"wordCount\":306,\"commentCount\":0,\"publisher\":{\"@id\":\"https:\/\/www.nexoinformativo.mx\/#organization\"},\"image\":{\"@id\":\"https:\/\/www.nexoinformativo.mx\/index.php\/2024\/11\/30\/mexico-celebra-la-semana-de-los-suelos-y-refuerza-su-compromiso-con-la-produccion-sostenible-de-alimentos\/#primaryimage\"},\"thumbnailUrl\":\"https:\/\/www.nexoinformativo.mx\/wp-content\/uploads\/2024\/11\/IMG_8290.png\",\"keywords\":[\"AlimentosSostenibles\",\"D\u00edaMundialDelSuelo\",\"SemanaDeLosSuelos\",\"SueloSano\"],\"articleSection\":[\"Nacional\",\"\u00daltima Hora\"],\"inLanguage\":\"es\",\"potentialAction\":[{\"@type\":\"CommentAction\",\"name\":\"Comment\",\"target\":[\"https:\/\/www.nexoinformativo.mx\/index.php\/2024\/11\/30\/mexico-celebra-la-semana-de-los-suelos-y-refuerza-su-compromiso-con-la-produccion-sostenible-de-alimentos\/#respond\"]}]},{\"@type\":\"WebPage\",\"@id\":\"https:\/\/www.nexoinformativo.mx\/index.php\/2024\/11\/30\/mexico-celebra-la-semana-de-los-suelos-y-refuerza-su-compromiso-con-la-produccion-sostenible-de-alimentos\/\",\"url\":\"https:\/\/www.nexoinformativo.mx\/index.php\/2024\/11\/30\/mexico-celebra-la-semana-de-los-suelos-y-refuerza-su-compromiso-con-la-produccion-sostenible-de-alimentos\/\",\"name\":\"M\u00e9xico celebra la Semana de los Suelos y refuerza su compromiso con la producci\u00f3n sostenible de alimentos | Nexo Informativo Santiago de Quer\u00e9taro\",\"isPartOf\":{\"@id\":\"https:\/\/www.nexoinformativo.mx\/#website\"},\"primaryImageOfPage\":{\"@id\":\"https:\/\/www.nexoinformativo.mx\/index.php\/2024\/11\/30\/mexico-celebra-la-semana-de-los-suelos-y-refuerza-su-compromiso-con-la-produccion-sostenible-de-alimentos\/#primaryimage\"},\"image\":{\"@id\":\"https:\/\/www.nexoinformativo.mx\/index.php\/2024\/11\/30\/mexico-celebra-la-semana-de-los-suelos-y-refuerza-su-compromiso-con-la-produccion-sostenible-de-alimentos\/#primaryimage\"},\"thumbnailUrl\":\"https:\/\/www.nexoinformativo.mx\/wp-content\/uploads\/2024\/11\/IMG_8290.png\",\"datePublished\":\"2024-11-30T19:00:05+00:00\",\"dateModified\":\"2024-11-30T22:27:45+00:00\",\"description\":\"M\u00e9xico celebra la Semana de los Suelos y refuerza su compromiso con la producci\u00f3n sostenible de alimentos\",\"breadcrumb\":{\"@id\":\"https:\/\/www.nexoinformativo.mx\/index.php\/2024\/11\/30\/mexico-celebra-la-semana-de-los-suelos-y-refuerza-su-compromiso-con-la-produccion-sostenible-de-alimentos\/#breadcrumb\"},\"inLanguage\":\"es\",\"potentialAction\":[{\"@type\":\"ReadAction\",\"target\":[\"https:\/\/www.nexoinformativo.mx\/index.php\/2024\/11\/30\/mexico-celebra-la-semana-de-los-suelos-y-refuerza-su-compromiso-con-la-produccion-sostenible-de-alimentos\/\"]}]},{\"@type\":\"ImageObject\",\"inLanguage\":\"es\",\"@id\":\"https:\/\/www.nexoinformativo.mx\/index.php\/2024\/11\/30\/mexico-celebra-la-semana-de-los-suelos-y-refuerza-su-compromiso-con-la-produccion-sostenible-de-alimentos\/#primaryimage\",\"url\":\"https:\/\/www.nexoinformativo.mx\/wp-content\/uploads\/2024\/11\/IMG_8290.png\",\"contentUrl\":\"https:\/\/www.nexoinformativo.mx\/wp-content\/uploads\/2024\/11\/IMG_8290.png\",\"width\":650,\"height\":380},{\"@type\":\"BreadcrumbList\",\"@id\":\"https:\/\/www.nexoinformativo.mx\/index.php\/2024\/11\/30\/mexico-celebra-la-semana-de-los-suelos-y-refuerza-su-compromiso-con-la-produccion-sostenible-de-alimentos\/#breadcrumb\",\"itemListElement\":[{\"@type\":\"ListItem\",\"position\":1,\"name\":\"Inicio\",\"item\":\"https:\/\/www.nexoinformativo.mx\/\"},{\"@type\":\"ListItem\",\"position\":2,\"name\":\"M\u00e9xico celebra la Semana de los Suelos y refuerza su compromiso con la producci\u00f3n sostenible de alimentos\"}]},{\"@type\":\"WebSite\",\"@id\":\"https:\/\/www.nexoinformativo.mx\/#website\",\"url\":\"https:\/\/www.nexoinformativo.mx\/\",\"name\":\"Nexo Informativo Santiago de Quer\u00e9taro\",\"description\":\"Explora NexoInformativo y convi\u00e9rtete en parte de una comunidad que valora el conocimiento y la verdad. Tu nexoinformativo es tu puente hacia una comprensi\u00f3n m\u00e1s profunda del mundo que te rodea.\",\"publisher\":{\"@id\":\"https:\/\/www.nexoinformativo.mx\/#organization\"},\"potentialAction\":[{\"@type\":\"SearchAction\",\"target\":{\"@type\":\"EntryPoint\",\"urlTemplate\":\"https:\/\/www.nexoinformativo.mx\/?s={search_term_string}\"},\"query-input\":{\"@type\":\"PropertyValueSpecification\",\"valueRequired\":true,\"valueName\":\"search_term_string\"}}],\"inLanguage\":\"es\"},{\"@type\":\"Organization\",\"@id\":\"https:\/\/www.nexoinformativo.mx\/#organization\",\"name\":\"Nexo Informativo Santiago de Quer\u00e9taro\",\"url\":\"https:\/\/www.nexoinformativo.mx\/\",\"logo\":{\"@type\":\"ImageObject\",\"inLanguage\":\"es\",\"@id\":\"https:\/\/www.nexoinformativo.mx\/#\/schema\/logo\/image\/\",\"url\":\"https:\/\/www.nexoinformativo.mx\/wp-content\/uploads\/2024\/07\/nexoi-trasparente-2.png\",\"contentUrl\":\"https:\/\/www.nexoinformativo.mx\/wp-content\/uploads\/2024\/07\/nexoi-trasparente-2.png\",\"width\":816,\"height\":339,\"caption\":\"Nexo Informativo Santiago de Quer\u00e9taro\"},\"image\":{\"@id\":\"https:\/\/www.nexoinformativo.mx\/#\/schema\/logo\/image\/\"},\"sameAs\":[\"https:\/\/www.facebook.com\/people\/Nexo-Informativo\/61564066885511\/\"]},{\"@type\":\"Person\",\"@id\":\"https:\/\/www.nexoinformativo.mx\/#\/schema\/person\/7749d380ba08c8ca00d7bc76fd907b7d\",\"name\":\"Nexo Informativo\",\"image\":{\"@type\":\"ImageObject\",\"inLanguage\":\"es\",\"@id\":\"https:\/\/www.nexoinformativo.mx\/#\/schema\/person\/image\/\",\"url\":\"https:\/\/secure.gravatar.com\/avatar\/dde2928154642a13d95f87ddf1ea9718fe2b46760a005c53e41ff5ad610704e6?s=96&d=mm&r=g\",\"contentUrl\":\"https:\/\/secure.gravatar.com\/avatar\/dde2928154642a13d95f87ddf1ea9718fe2b46760a005c53e41ff5ad610704e6?s=96&d=mm&r=g\",\"caption\":\"Nexo Informativo\"},\"url\":\"https:\/\/www.nexoinformativo.mx\/index.php\/author\/edicion\/\"}]}<\/script>\n<!-- \/ Yoast SEO plugin. -->","yoast_head_json":{"title":"M\u00e9xico celebra la Semana de los Suelos y refuerza su compromiso con la producci\u00f3n sostenible de alimentos | Nexo Informativo Santiago de Quer\u00e9taro","description":"M\u00e9xico celebra la Semana de los Suelos y refuerza su compromiso con la producci\u00f3n sostenible de alimentos","robots":{"index":"index","follow":"follow","max-snippet":"max-snippet:-1","max-image-preview":"max-image-preview:large","max-video-preview":"max-video-preview:-1"},"canonical":"https:\/\/www.nexoinformativo.mx\/index.php\/2024\/11\/30\/mexico-celebra-la-semana-de-los-suelos-y-refuerza-su-compromiso-con-la-produccion-sostenible-de-alimentos\/","og_locale":"es_MX","og_type":"article","og_title":"M\u00e9xico celebra la Semana de los Suelos y refuerza su compromiso con la producci\u00f3n sostenible de alimentos | Nexo Informativo Santiago de Quer\u00e9taro","og_description":"M\u00e9xico celebra la Semana de los Suelos y refuerza su compromiso con la producci\u00f3n sostenible de alimentos","og_url":"https:\/\/www.nexoinformativo.mx\/index.php\/2024\/11\/30\/mexico-celebra-la-semana-de-los-suelos-y-refuerza-su-compromiso-con-la-produccion-sostenible-de-alimentos\/","og_site_name":"Nexo Informativo Santiago de Quer\u00e9taro","article_publisher":"https:\/\/www.facebook.com\/people\/Nexo-Informativo\/61564066885511\/","article_published_time":"2024-11-30T19:00:05+00:00","article_modified_time":"2024-11-30T22:27:45+00:00","og_image":[{"width":650,"height":380,"url":"https:\/\/www.nexoinformativo.mx\/wp-content\/uploads\/2024\/11\/IMG_8290.png","type":"image\/png"}],"author":"Nexo Informativo","twitter_card":"summary_large_image","twitter_misc":{"Escrito por":"Nexo Informativo","Tiempo de lectura":"2 minutos"},"schema":{"@context":"https:\/\/schema.org","@graph":[{"@type":"Article","@id":"https:\/\/www.nexoinformativo.mx\/index.php\/2024\/11\/30\/mexico-celebra-la-semana-de-los-suelos-y-refuerza-su-compromiso-con-la-produccion-sostenible-de-alimentos\/#article","isPartOf":{"@id":"https:\/\/www.nexoinformativo.mx\/index.php\/2024\/11\/30\/mexico-celebra-la-semana-de-los-suelos-y-refuerza-su-compromiso-con-la-produccion-sostenible-de-alimentos\/"},"author":{"name":"Nexo Informativo","@id":"https:\/\/www.nexoinformativo.mx\/#\/schema\/person\/7749d380ba08c8ca00d7bc76fd907b7d"},"headline":"M\u00e9xico celebra la Semana de los Suelos y refuerza su compromiso con la producci\u00f3n sostenible de alimentos","datePublished":"2024-11-30T19:00:05+00:00","dateModified":"2024-11-30T22:27:45+00:00","mainEntityOfPage":{"@id":"https:\/\/www.nexoinformativo.mx\/index.php\/2024\/11\/30\/mexico-celebra-la-semana-de-los-suelos-y-refuerza-su-compromiso-con-la-produccion-sostenible-de-alimentos\/"},"wordCount":306,"commentCount":0,"publisher":{"@id":"https:\/\/www.nexoinformativo.mx\/#organization"},"image":{"@id":"https:\/\/www.nexoinformativo.mx\/index.php\/2024\/11\/30\/mexico-celebra-la-semana-de-los-suelos-y-refuerza-su-compromiso-con-la-produccion-sostenible-de-alimentos\/#primaryimage"},"thumbnailUrl":"https:\/\/www.nexoinformativo.mx\/wp-content\/uploads\/2024\/11\/IMG_8290.png","keywords":["AlimentosSostenibles","D\u00edaMundialDelSuelo","SemanaDeLosSuelos","SueloSano"],"articleSection":["Nacional","\u00daltima Hora"],"inLanguage":"es","potentialAction":[{"@type":"CommentAction","name":"Comment","target":["https:\/\/www.nexoinformativo.mx\/index.php\/2024\/11\/30\/mexico-celebra-la-semana-de-los-suelos-y-refuerza-su-compromiso-con-la-produccion-sostenible-de-alimentos\/#respond"]}]},{"@type":"WebPage","@id":"https:\/\/www.nexoinformativo.mx\/index.php\/2024\/11\/30\/mexico-celebra-la-semana-de-los-suelos-y-refuerza-su-compromiso-con-la-produccion-sostenible-de-alimentos\/","url":"https:\/\/www.nexoinformativo.mx\/index.php\/2024\/11\/30\/mexico-celebra-la-semana-de-los-suelos-y-refuerza-su-compromiso-con-la-produccion-sostenible-de-alimentos\/","name":"M\u00e9xico celebra la Semana de los Suelos y refuerza su compromiso con la producci\u00f3n sostenible de alimentos | Nexo Informativo Santiago de Quer\u00e9taro","isPartOf":{"@id":"https:\/\/www.nexoinformativo.mx\/#website"},"primaryImageOfPage":{"@id":"https:\/\/www.nexoinformativo.mx\/index.php\/2024\/11\/30\/mexico-celebra-la-semana-de-los-suelos-y-refuerza-su-compromiso-con-la-produccion-sostenible-de-alimentos\/#primaryimage"},"image":{"@id":"https:\/\/www.nexoinformativo.mx\/index.php\/2024\/11\/30\/mexico-celebra-la-semana-de-los-suelos-y-refuerza-su-compromiso-con-la-produccion-sostenible-de-alimentos\/#primaryimage"},"thumbnailUrl":"https:\/\/www.nexoinformativo.mx\/wp-content\/uploads\/2024\/11\/IMG_8290.png","datePublished":"2024-11-30T19:00:05+00:00","dateModified":"2024-11-30T22:27:45+00:00","description":"M\u00e9xico celebra la Semana de los Suelos y refuerza su compromiso con la producci\u00f3n sostenible de alimentos","breadcrumb":{"@id":"https:\/\/www.nexoinformativo.mx\/index.php\/2024\/11\/30\/mexico-celebra-la-semana-de-los-suelos-y-refuerza-su-compromiso-con-la-produccion-sostenible-de-alimentos\/#breadcrumb"},"inLanguage":"es","potentialAction":[{"@type":"ReadAction","target":["https:\/\/www.nexoinformativo.mx\/index.php\/2024\/11\/30\/mexico-celebra-la-semana-de-los-suelos-y-refuerza-su-compromiso-con-la-produccion-sostenible-de-alimentos\/"]}]},{"@type":"ImageObject","inLanguage":"es","@id":"https:\/\/www.nexoinformativo.mx\/index.php\/2024\/11\/30\/mexico-celebra-la-semana-de-los-suelos-y-refuerza-su-compromiso-con-la-produccion-sostenible-de-alimentos\/#primaryimage","url":"https:\/\/www.nexoinformativo.mx\/wp-content\/uploads\/2024\/11\/IMG_8290.png","contentUrl":"https:\/\/www.nexoinformativo.mx\/wp-content\/uploads\/2024\/11\/IMG_8290.png","width":650,"height":380},{"@type":"BreadcrumbList","@id":"https:\/\/www.nexoinformativo.mx\/index.php\/2024\/11\/30\/mexico-celebra-la-semana-de-los-suelos-y-refuerza-su-compromiso-con-la-produccion-sostenible-de-alimentos\/#breadcrumb","itemListElement":[{"@type":"ListItem","position":1,"name":"Inicio","item":"https:\/\/www.nexoinformativo.mx\/"},{"@type":"ListItem","position":2,"name":"M\u00e9xico celebra la Semana de los Suelos y refuerza su compromiso con la producci\u00f3n sostenible de alimentos"}]},{"@type":"WebSite","@id":"https:\/\/www.nexoinformativo.mx\/#website","url":"https:\/\/www.nexoinformativo.mx\/","name":"Nexo Informativo Santiago de Quer\u00e9taro","description":"Explora NexoInformativo y convi\u00e9rtete en parte de una comunidad que valora el conocimiento y la verdad. Tu nexoinformativo es tu puente hacia una comprensi\u00f3n m\u00e1s profunda del mundo que te rodea.","publisher":{"@id":"https:\/\/www.nexoinformativo.mx\/#organization"},"potentialAction":[{"@type":"SearchAction","target":{"@type":"EntryPoint","urlTemplate":"https:\/\/www.nexoinformativo.mx\/?s={search_term_string}"},"query-input":{"@type":"PropertyValueSpecification","valueRequired":true,"valueName":"search_term_string"}}],"inLanguage":"es"},{"@type":"Organization","@id":"https:\/\/www.nexoinformativo.mx\/#organization","name":"Nexo Informativo Santiago de Quer\u00e9taro","url":"https:\/\/www.nexoinformativo.mx\/","logo":{"@type":"ImageObject","inLanguage":"es","@id":"https:\/\/www.nexoinformativo.mx\/#\/schema\/logo\/image\/","url":"https:\/\/www.nexoinformativo.mx\/wp-content\/uploads\/2024\/07\/nexoi-trasparente-2.png","contentUrl":"https:\/\/www.nexoinformativo.mx\/wp-content\/uploads\/2024\/07\/nexoi-trasparente-2.png","width":816,"height":339,"caption":"Nexo Informativo Santiago de Quer\u00e9taro"},"image":{"@id":"https:\/\/www.nexoinformativo.mx\/#\/schema\/logo\/image\/"},"sameAs":["https:\/\/www.facebook.com\/people\/Nexo-Informativo\/61564066885511\/"]},{"@type":"Person","@id":"https:\/\/www.nexoinformativo.mx\/#\/schema\/person\/7749d380ba08c8ca00d7bc76fd907b7d","name":"Nexo Informativo","image":{"@type":"ImageObject","inLanguage":"es","@id":"https:\/\/www.nexoinformativo.mx\/#\/schema\/person\/image\/","url":"https:\/\/secure.gravatar.com\/avatar\/dde2928154642a13d95f87ddf1ea9718fe2b46760a005c53e41ff5ad610704e6?s=96&d=mm&r=g","contentUrl":"https:\/\/secure.gravatar.com\/avatar\/dde2928154642a13d95f87ddf1ea9718fe2b46760a005c53e41ff5ad610704e6?s=96&d=mm&r=g","caption":"Nexo Informativo"},"url":"https:\/\/www.nexoinformativo.mx\/index.php\/author\/edicion\/"}]}},"_links":{"self":[{"href":"https:\/\/www.nexoinformativo.mx\/index.php\/wp-json\/wp\/v2\/posts\/7250","targetHints":{"allow":["GET"]}}],"collection":[{"href":"https:\/\/www.nexoinformativo.mx\/index.php\/wp-json\/wp\/v2\/posts"}],"about":[{"href":"https:\/\/www.nexoinformativo.mx\/index.php\/wp-json\/wp\/v2\/types\/post"}],"author":[{"embeddable":true,"href":"https:\/\/www.nexoinformativo.mx\/index.php\/wp-json\/wp\/v2\/users\/3"}],"replies":[{"embeddable":true,"href":"https:\/\/www.nexoinformativo.mx\/index.php\/wp-json\/wp\/v2\/comments?post=7250"}],"version-history":[{"count":4,"href":"https:\/\/www.nexoinformativo.mx\/index.php\/wp-json\/wp\/v2\/posts\/7250\/revisions"}],"predecessor-version":[{"id":7254,"href":"https:\/\/www.nexoinformativo.mx\/index.php\/wp-json\/wp\/v2\/posts\/7250\/revisions\/7254"}],"wp:featuredmedia":[{"embeddable":true,"href":"https:\/\/www.nexoinformativo.mx\/index.php\/wp-json\/wp\/v2\/media\/7251"}],"wp:attachment":[{"href":"https:\/\/www.nexoinformativo.mx\/index.php\/wp-json\/wp\/v2\/media?parent=7250"}],"wp:term":[{"taxonomy":"category","embeddable":true,"href":"https:\/\/www.nexoinformativo.mx\/index.php\/wp-json\/wp\/v2\/categories?post=7250"},{"taxonomy":"post_tag","embeddable":true,"href":"https:\/\/www.nexoinformativo.mx\/index.php\/wp-json\/wp\/v2\/tags?post=7250"}],"curies":[{"name":"wp","href":"https:\/\/api.w.org\/{rel}","templated":true}]}}