{"id":7256,"date":"2024-11-30T14:00:12","date_gmt":"2024-11-30T20:00:12","guid":{"rendered":"https:\/\/www.nexoinformativo.mx\/?p=7256"},"modified":"2024-11-30T16:41:52","modified_gmt":"2024-11-30T22:41:52","slug":"titulo-atractivo-queretaro-presenta-presupuesto-historico-mas-social-mas-seguro-y-con-mayor-inversion-en-educacion","status":"publish","type":"post","link":"https:\/\/www.nexoinformativo.mx\/index.php\/2024\/11\/30\/titulo-atractivo-queretaro-presenta-presupuesto-historico-mas-social-mas-seguro-y-con-mayor-inversion-en-educacion\/","title":{"rendered":"Quer\u00e9taro presenta presupuesto hist\u00f3rico: m\u00e1s social, m\u00e1s seguro y con mayor inversi\u00f3n en educaci\u00f3n"},"content":{"rendered":"<p style=\"text-align: justify;\">El gobernador de Quer\u00e9taro, Mauricio Kuri, present\u00f3 el <strong>Paquete Econ\u00f3mico 2025<\/strong>, un plan financiero que refleja el compromiso del estado con el bienestar de sus ciudadanos.<\/p>\n<p>&nbsp;<\/p>\n<p style=\"text-align: justify;\">Con un monto total de 62 mil 187 millones de pesos, este presupuesto se destaca por su enfoque social, la ausencia de nuevos impuestos y el impulso a la educaci\u00f3n.<\/p>\n<p>&nbsp;<\/p>\n<p style=\"text-align: justify;\" data-sourcepos=\"13:1-13:283\">El 92% del presupuesto se destinar\u00e1 a inversi\u00f3n social, priorizando programas que beneficien a los m\u00e1s vulnerables, especialmente a las mujeres. Adem\u00e1s, se incrementar\u00e1n los recursos destinados a seguridad y justicia, con el objetivo de garantizar la tranquilidad de los ciudadanos.<\/p>\n<p>&nbsp;<\/p>\n<p style=\"text-align: justify;\" data-sourcepos=\"15:1-15:255\">La educaci\u00f3n tambi\u00e9n es una prioridad. El gobierno estatal propone un aumento del 13% en el presupuesto destinado a las universidades p\u00fablicas, lo que representa una inversi\u00f3n acumulada de 76 mil 344 millones de pesos desde el inicio de la administraci\u00f3n.<\/p>\n<p>&nbsp;<\/p>\n<p style=\"text-align: justify;\" data-sourcepos=\"15:1-15:255\">El Paquete Econ\u00f3mico 2025 se caracteriza por su transparencia y responsabilidad. No se contemplan nuevos impuestos ni aumentos en el refrendo vehicular, demostrando el compromiso del gobierno con el bienestar econ\u00f3mico de los ciudadanos.<\/p>\n<p>&nbsp;<\/p>\n<p style=\"text-align: justify;\" data-sourcepos=\"15:1-15:255\">Con este presupuesto, el gobierno de Quer\u00e9taro reafirma su compromiso con construir un estado m\u00e1s justo, seguro y pr\u00f3spero, donde todas y todos tengan las mismas oportunidades de desarrollo.<\/p>\n<p>&nbsp;<\/p>\n<p style=\"text-align: center;\" data-sourcepos=\"15:1-15:255\"><em><strong>\u00a1Informaci\u00f3n que transforma!<\/strong><\/em><\/p>\n","protected":false},"excerpt":{"rendered":"<p>El gobernador de Quer\u00e9taro, Mauricio Kuri Gonz\u00e1lez, present\u00f3 el Paquete Econ\u00f3mico 2025, un plan financiero que refleja el compromiso del estado con el bienestar de sus ciudadanos.<\/p>\n","protected":false},"author":3,"featured_media":7257,"comment_status":"open","ping_status":"open","sticky":false,"template":"","format":"standard","meta":{"footnotes":""},"categories":[5,42,58],"tags":[173,1544,2075,133],"class_list":["post-7256","post","type-post","status-publish","format-standard","has-post-thumbnail","hentry","category-economia","category-estado","category-ultima-hora","tag-educacion","tag-inversionsocial","tag-paqueteeconomico2025","tag-queretaro"],"yoast_head":"<!-- This site is optimized with the Yoast SEO plugin v25.0 - https:\/\/yoast.com\/wordpress\/plugins\/seo\/ -->\n<title>Quer\u00e9taro presenta presupuesto hist\u00f3rico: m\u00e1s social, m\u00e1s seguro y con mayor inversi\u00f3n en educaci\u00f3n | Nexo Informativo Santiago de Quer\u00e9taro<\/title>\n<meta name=\"description\" content=\"Quer\u00e9taro presenta presupuesto hist\u00f3rico: m\u00e1s social, m\u00e1s seguro y con mayor inversi\u00f3n en educaci\u00f3n\" \/>\n<meta name=\"robots\" content=\"index, follow, max-snippet:-1, max-image-preview:large, max-video-preview:-1\" \/>\n<link rel=\"canonical\" href=\"https:\/\/www.nexoinformativo.mx\/index.php\/2024\/11\/30\/titulo-atractivo-queretaro-presenta-presupuesto-historico-mas-social-mas-seguro-y-con-mayor-inversion-en-educacion\/\" \/>\n<meta property=\"og:locale\" content=\"es_MX\" \/>\n<meta property=\"og:type\" content=\"article\" \/>\n<meta property=\"og:title\" content=\"Quer\u00e9taro presenta presupuesto hist\u00f3rico: m\u00e1s social, m\u00e1s seguro y con mayor inversi\u00f3n en educaci\u00f3n | Nexo Informativo Santiago de Quer\u00e9taro\" \/>\n<meta property=\"og:description\" content=\"Quer\u00e9taro presenta presupuesto hist\u00f3rico: m\u00e1s social, m\u00e1s seguro y con mayor inversi\u00f3n en educaci\u00f3n\" \/>\n<meta property=\"og:url\" content=\"https:\/\/www.nexoinformativo.mx\/index.php\/2024\/11\/30\/titulo-atractivo-queretaro-presenta-presupuesto-historico-mas-social-mas-seguro-y-con-mayor-inversion-en-educacion\/\" \/>\n<meta property=\"og:site_name\" content=\"Nexo Informativo Santiago de Quer\u00e9taro\" \/>\n<meta property=\"article:publisher\" content=\"https:\/\/www.facebook.com\/people\/Nexo-Informativo\/61564066885511\/\" \/>\n<meta property=\"article:published_time\" content=\"2024-11-30T20:00:12+00:00\" \/>\n<meta property=\"article:modified_time\" content=\"2024-11-30T22:41:52+00:00\" \/>\n<meta property=\"og:image\" content=\"https:\/\/www.nexoinformativo.mx\/wp-content\/uploads\/2024\/11\/IMG_8295-e1733006363747.jpg\" \/>\n\t<meta property=\"og:image:width\" content=\"650\" \/>\n\t<meta property=\"og:image:height\" content=\"809\" \/>\n\t<meta property=\"og:image:type\" content=\"image\/jpeg\" \/>\n<meta name=\"author\" content=\"Nexo Informativo\" \/>\n<meta name=\"twitter:card\" content=\"summary_large_image\" \/>\n<meta name=\"twitter:label1\" content=\"Escrito por\" \/>\n\t<meta name=\"twitter:data1\" content=\"Nexo Informativo\" \/>\n\t<meta name=\"twitter:label2\" content=\"Tiempo de lectura\" \/>\n\t<meta name=\"twitter:data2\" content=\"2 minutos\" \/>\n<script type=\"application\/ld+json\" class=\"yoast-schema-graph\">{\"@context\":\"https:\/\/schema.org\",\"@graph\":[{\"@type\":\"Article\",\"@id\":\"https:\/\/www.nexoinformativo.mx\/index.php\/2024\/11\/30\/titulo-atractivo-queretaro-presenta-presupuesto-historico-mas-social-mas-seguro-y-con-mayor-inversion-en-educacion\/#article\",\"isPartOf\":{\"@id\":\"https:\/\/www.nexoinformativo.mx\/index.php\/2024\/11\/30\/titulo-atractivo-queretaro-presenta-presupuesto-historico-mas-social-mas-seguro-y-con-mayor-inversion-en-educacion\/\"},\"author\":{\"name\":\"Nexo Informativo\",\"@id\":\"https:\/\/www.nexoinformativo.mx\/#\/schema\/person\/7749d380ba08c8ca00d7bc76fd907b7d\"},\"headline\":\"Quer\u00e9taro presenta presupuesto hist\u00f3rico: m\u00e1s social, m\u00e1s seguro y con mayor inversi\u00f3n en educaci\u00f3n\",\"datePublished\":\"2024-11-30T20:00:12+00:00\",\"dateModified\":\"2024-11-30T22:41:52+00:00\",\"mainEntityOfPage\":{\"@id\":\"https:\/\/www.nexoinformativo.mx\/index.php\/2024\/11\/30\/titulo-atractivo-queretaro-presenta-presupuesto-historico-mas-social-mas-seguro-y-con-mayor-inversion-en-educacion\/\"},\"wordCount\":240,\"commentCount\":0,\"publisher\":{\"@id\":\"https:\/\/www.nexoinformativo.mx\/#organization\"},\"image\":{\"@id\":\"https:\/\/www.nexoinformativo.mx\/index.php\/2024\/11\/30\/titulo-atractivo-queretaro-presenta-presupuesto-historico-mas-social-mas-seguro-y-con-mayor-inversion-en-educacion\/#primaryimage\"},\"thumbnailUrl\":\"https:\/\/www.nexoinformativo.mx\/wp-content\/uploads\/2024\/11\/IMG_8295-e1733006363747.jpg\",\"keywords\":[\"educacion\",\"Inversi\u00f3nSocial\",\"PaqueteEcon\u00f3mico2025\",\"Quer\u00e9taro\"],\"articleSection\":[\"Econom\u00eda\",\"Estado\",\"\u00daltima Hora\"],\"inLanguage\":\"es\",\"potentialAction\":[{\"@type\":\"CommentAction\",\"name\":\"Comment\",\"target\":[\"https:\/\/www.nexoinformativo.mx\/index.php\/2024\/11\/30\/titulo-atractivo-queretaro-presenta-presupuesto-historico-mas-social-mas-seguro-y-con-mayor-inversion-en-educacion\/#respond\"]}]},{\"@type\":\"WebPage\",\"@id\":\"https:\/\/www.nexoinformativo.mx\/index.php\/2024\/11\/30\/titulo-atractivo-queretaro-presenta-presupuesto-historico-mas-social-mas-seguro-y-con-mayor-inversion-en-educacion\/\",\"url\":\"https:\/\/www.nexoinformativo.mx\/index.php\/2024\/11\/30\/titulo-atractivo-queretaro-presenta-presupuesto-historico-mas-social-mas-seguro-y-con-mayor-inversion-en-educacion\/\",\"name\":\"Quer\u00e9taro presenta presupuesto hist\u00f3rico: m\u00e1s social, m\u00e1s seguro y con mayor inversi\u00f3n en educaci\u00f3n | Nexo Informativo Santiago de Quer\u00e9taro\",\"isPartOf\":{\"@id\":\"https:\/\/www.nexoinformativo.mx\/#website\"},\"primaryImageOfPage\":{\"@id\":\"https:\/\/www.nexoinformativo.mx\/index.php\/2024\/11\/30\/titulo-atractivo-queretaro-presenta-presupuesto-historico-mas-social-mas-seguro-y-con-mayor-inversion-en-educacion\/#primaryimage\"},\"image\":{\"@id\":\"https:\/\/www.nexoinformativo.mx\/index.php\/2024\/11\/30\/titulo-atractivo-queretaro-presenta-presupuesto-historico-mas-social-mas-seguro-y-con-mayor-inversion-en-educacion\/#primaryimage\"},\"thumbnailUrl\":\"https:\/\/www.nexoinformativo.mx\/wp-content\/uploads\/2024\/11\/IMG_8295-e1733006363747.jpg\",\"datePublished\":\"2024-11-30T20:00:12+00:00\",\"dateModified\":\"2024-11-30T22:41:52+00:00\",\"description\":\"Quer\u00e9taro presenta presupuesto hist\u00f3rico: m\u00e1s social, m\u00e1s seguro y con mayor inversi\u00f3n en educaci\u00f3n\",\"breadcrumb\":{\"@id\":\"https:\/\/www.nexoinformativo.mx\/index.php\/2024\/11\/30\/titulo-atractivo-queretaro-presenta-presupuesto-historico-mas-social-mas-seguro-y-con-mayor-inversion-en-educacion\/#breadcrumb\"},\"inLanguage\":\"es\",\"potentialAction\":[{\"@type\":\"ReadAction\",\"target\":[\"https:\/\/www.nexoinformativo.mx\/index.php\/2024\/11\/30\/titulo-atractivo-queretaro-presenta-presupuesto-historico-mas-social-mas-seguro-y-con-mayor-inversion-en-educacion\/\"]}]},{\"@type\":\"ImageObject\",\"inLanguage\":\"es\",\"@id\":\"https:\/\/www.nexoinformativo.mx\/index.php\/2024\/11\/30\/titulo-atractivo-queretaro-presenta-presupuesto-historico-mas-social-mas-seguro-y-con-mayor-inversion-en-educacion\/#primaryimage\",\"url\":\"https:\/\/www.nexoinformativo.mx\/wp-content\/uploads\/2024\/11\/IMG_8295-e1733006363747.jpg\",\"contentUrl\":\"https:\/\/www.nexoinformativo.mx\/wp-content\/uploads\/2024\/11\/IMG_8295-e1733006363747.jpg\",\"width\":650,\"height\":809,\"caption\":\"Screenshot\"},{\"@type\":\"BreadcrumbList\",\"@id\":\"https:\/\/www.nexoinformativo.mx\/index.php\/2024\/11\/30\/titulo-atractivo-queretaro-presenta-presupuesto-historico-mas-social-mas-seguro-y-con-mayor-inversion-en-educacion\/#breadcrumb\",\"itemListElement\":[{\"@type\":\"ListItem\",\"position\":1,\"name\":\"Inicio\",\"item\":\"https:\/\/www.nexoinformativo.mx\/\"},{\"@type\":\"ListItem\",\"position\":2,\"name\":\"Quer\u00e9taro presenta presupuesto hist\u00f3rico: m\u00e1s social, m\u00e1s seguro y con mayor inversi\u00f3n en educaci\u00f3n\"}]},{\"@type\":\"WebSite\",\"@id\":\"https:\/\/www.nexoinformativo.mx\/#website\",\"url\":\"https:\/\/www.nexoinformativo.mx\/\",\"name\":\"Nexo Informativo Santiago de Quer\u00e9taro\",\"description\":\"Explora NexoInformativo y convi\u00e9rtete en parte de una comunidad que valora el conocimiento y la verdad. Tu nexoinformativo es tu puente hacia una comprensi\u00f3n m\u00e1s profunda del mundo que te rodea.\",\"publisher\":{\"@id\":\"https:\/\/www.nexoinformativo.mx\/#organization\"},\"potentialAction\":[{\"@type\":\"SearchAction\",\"target\":{\"@type\":\"EntryPoint\",\"urlTemplate\":\"https:\/\/www.nexoinformativo.mx\/?s={search_term_string}\"},\"query-input\":{\"@type\":\"PropertyValueSpecification\",\"valueRequired\":true,\"valueName\":\"search_term_string\"}}],\"inLanguage\":\"es\"},{\"@type\":\"Organization\",\"@id\":\"https:\/\/www.nexoinformativo.mx\/#organization\",\"name\":\"Nexo Informativo Santiago de Quer\u00e9taro\",\"url\":\"https:\/\/www.nexoinformativo.mx\/\",\"logo\":{\"@type\":\"ImageObject\",\"inLanguage\":\"es\",\"@id\":\"https:\/\/www.nexoinformativo.mx\/#\/schema\/logo\/image\/\",\"url\":\"https:\/\/www.nexoinformativo.mx\/wp-content\/uploads\/2024\/07\/nexoi-trasparente-2.png\",\"contentUrl\":\"https:\/\/www.nexoinformativo.mx\/wp-content\/uploads\/2024\/07\/nexoi-trasparente-2.png\",\"width\":816,\"height\":339,\"caption\":\"Nexo Informativo Santiago de Quer\u00e9taro\"},\"image\":{\"@id\":\"https:\/\/www.nexoinformativo.mx\/#\/schema\/logo\/image\/\"},\"sameAs\":[\"https:\/\/www.facebook.com\/people\/Nexo-Informativo\/61564066885511\/\"]},{\"@type\":\"Person\",\"@id\":\"https:\/\/www.nexoinformativo.mx\/#\/schema\/person\/7749d380ba08c8ca00d7bc76fd907b7d\",\"name\":\"Nexo Informativo\",\"image\":{\"@type\":\"ImageObject\",\"inLanguage\":\"es\",\"@id\":\"https:\/\/www.nexoinformativo.mx\/#\/schema\/person\/image\/\",\"url\":\"https:\/\/secure.gravatar.com\/avatar\/dde2928154642a13d95f87ddf1ea9718fe2b46760a005c53e41ff5ad610704e6?s=96&d=mm&r=g\",\"contentUrl\":\"https:\/\/secure.gravatar.com\/avatar\/dde2928154642a13d95f87ddf1ea9718fe2b46760a005c53e41ff5ad610704e6?s=96&d=mm&r=g\",\"caption\":\"Nexo Informativo\"},\"url\":\"https:\/\/www.nexoinformativo.mx\/index.php\/author\/edicion\/\"}]}<\/script>\n<!-- \/ Yoast SEO plugin. -->","yoast_head_json":{"title":"Quer\u00e9taro presenta presupuesto hist\u00f3rico: m\u00e1s social, m\u00e1s seguro y con mayor inversi\u00f3n en educaci\u00f3n | Nexo Informativo Santiago de Quer\u00e9taro","description":"Quer\u00e9taro presenta presupuesto hist\u00f3rico: m\u00e1s social, m\u00e1s seguro y con mayor inversi\u00f3n en educaci\u00f3n","robots":{"index":"index","follow":"follow","max-snippet":"max-snippet:-1","max-image-preview":"max-image-preview:large","max-video-preview":"max-video-preview:-1"},"canonical":"https:\/\/www.nexoinformativo.mx\/index.php\/2024\/11\/30\/titulo-atractivo-queretaro-presenta-presupuesto-historico-mas-social-mas-seguro-y-con-mayor-inversion-en-educacion\/","og_locale":"es_MX","og_type":"article","og_title":"Quer\u00e9taro presenta presupuesto hist\u00f3rico: m\u00e1s social, m\u00e1s seguro y con mayor inversi\u00f3n en educaci\u00f3n | Nexo Informativo Santiago de Quer\u00e9taro","og_description":"Quer\u00e9taro presenta presupuesto hist\u00f3rico: m\u00e1s social, m\u00e1s seguro y con mayor inversi\u00f3n en educaci\u00f3n","og_url":"https:\/\/www.nexoinformativo.mx\/index.php\/2024\/11\/30\/titulo-atractivo-queretaro-presenta-presupuesto-historico-mas-social-mas-seguro-y-con-mayor-inversion-en-educacion\/","og_site_name":"Nexo Informativo Santiago de Quer\u00e9taro","article_publisher":"https:\/\/www.facebook.com\/people\/Nexo-Informativo\/61564066885511\/","article_published_time":"2024-11-30T20:00:12+00:00","article_modified_time":"2024-11-30T22:41:52+00:00","og_image":[{"width":650,"height":809,"url":"https:\/\/www.nexoinformativo.mx\/wp-content\/uploads\/2024\/11\/IMG_8295-e1733006363747.jpg","type":"image\/jpeg"}],"author":"Nexo Informativo","twitter_card":"summary_large_image","twitter_misc":{"Escrito por":"Nexo Informativo","Tiempo de lectura":"2 minutos"},"schema":{"@context":"https:\/\/schema.org","@graph":[{"@type":"Article","@id":"https:\/\/www.nexoinformativo.mx\/index.php\/2024\/11\/30\/titulo-atractivo-queretaro-presenta-presupuesto-historico-mas-social-mas-seguro-y-con-mayor-inversion-en-educacion\/#article","isPartOf":{"@id":"https:\/\/www.nexoinformativo.mx\/index.php\/2024\/11\/30\/titulo-atractivo-queretaro-presenta-presupuesto-historico-mas-social-mas-seguro-y-con-mayor-inversion-en-educacion\/"},"author":{"name":"Nexo Informativo","@id":"https:\/\/www.nexoinformativo.mx\/#\/schema\/person\/7749d380ba08c8ca00d7bc76fd907b7d"},"headline":"Quer\u00e9taro presenta presupuesto hist\u00f3rico: m\u00e1s social, m\u00e1s seguro y con mayor inversi\u00f3n en educaci\u00f3n","datePublished":"2024-11-30T20:00:12+00:00","dateModified":"2024-11-30T22:41:52+00:00","mainEntityOfPage":{"@id":"https:\/\/www.nexoinformativo.mx\/index.php\/2024\/11\/30\/titulo-atractivo-queretaro-presenta-presupuesto-historico-mas-social-mas-seguro-y-con-mayor-inversion-en-educacion\/"},"wordCount":240,"commentCount":0,"publisher":{"@id":"https:\/\/www.nexoinformativo.mx\/#organization"},"image":{"@id":"https:\/\/www.nexoinformativo.mx\/index.php\/2024\/11\/30\/titulo-atractivo-queretaro-presenta-presupuesto-historico-mas-social-mas-seguro-y-con-mayor-inversion-en-educacion\/#primaryimage"},"thumbnailUrl":"https:\/\/www.nexoinformativo.mx\/wp-content\/uploads\/2024\/11\/IMG_8295-e1733006363747.jpg","keywords":["educacion","Inversi\u00f3nSocial","PaqueteEcon\u00f3mico2025","Quer\u00e9taro"],"articleSection":["Econom\u00eda","Estado","\u00daltima Hora"],"inLanguage":"es","potentialAction":[{"@type":"CommentAction","name":"Comment","target":["https:\/\/www.nexoinformativo.mx\/index.php\/2024\/11\/30\/titulo-atractivo-queretaro-presenta-presupuesto-historico-mas-social-mas-seguro-y-con-mayor-inversion-en-educacion\/#respond"]}]},{"@type":"WebPage","@id":"https:\/\/www.nexoinformativo.mx\/index.php\/2024\/11\/30\/titulo-atractivo-queretaro-presenta-presupuesto-historico-mas-social-mas-seguro-y-con-mayor-inversion-en-educacion\/","url":"https:\/\/www.nexoinformativo.mx\/index.php\/2024\/11\/30\/titulo-atractivo-queretaro-presenta-presupuesto-historico-mas-social-mas-seguro-y-con-mayor-inversion-en-educacion\/","name":"Quer\u00e9taro presenta presupuesto hist\u00f3rico: m\u00e1s social, m\u00e1s seguro y con mayor inversi\u00f3n en educaci\u00f3n | Nexo Informativo Santiago de Quer\u00e9taro","isPartOf":{"@id":"https:\/\/www.nexoinformativo.mx\/#website"},"primaryImageOfPage":{"@id":"https:\/\/www.nexoinformativo.mx\/index.php\/2024\/11\/30\/titulo-atractivo-queretaro-presenta-presupuesto-historico-mas-social-mas-seguro-y-con-mayor-inversion-en-educacion\/#primaryimage"},"image":{"@id":"https:\/\/www.nexoinformativo.mx\/index.php\/2024\/11\/30\/titulo-atractivo-queretaro-presenta-presupuesto-historico-mas-social-mas-seguro-y-con-mayor-inversion-en-educacion\/#primaryimage"},"thumbnailUrl":"https:\/\/www.nexoinformativo.mx\/wp-content\/uploads\/2024\/11\/IMG_8295-e1733006363747.jpg","datePublished":"2024-11-30T20:00:12+00:00","dateModified":"2024-11-30T22:41:52+00:00","description":"Quer\u00e9taro presenta presupuesto hist\u00f3rico: m\u00e1s social, m\u00e1s seguro y con mayor inversi\u00f3n en educaci\u00f3n","breadcrumb":{"@id":"https:\/\/www.nexoinformativo.mx\/index.php\/2024\/11\/30\/titulo-atractivo-queretaro-presenta-presupuesto-historico-mas-social-mas-seguro-y-con-mayor-inversion-en-educacion\/#breadcrumb"},"inLanguage":"es","potentialAction":[{"@type":"ReadAction","target":["https:\/\/www.nexoinformativo.mx\/index.php\/2024\/11\/30\/titulo-atractivo-queretaro-presenta-presupuesto-historico-mas-social-mas-seguro-y-con-mayor-inversion-en-educacion\/"]}]},{"@type":"ImageObject","inLanguage":"es","@id":"https:\/\/www.nexoinformativo.mx\/index.php\/2024\/11\/30\/titulo-atractivo-queretaro-presenta-presupuesto-historico-mas-social-mas-seguro-y-con-mayor-inversion-en-educacion\/#primaryimage","url":"https:\/\/www.nexoinformativo.mx\/wp-content\/uploads\/2024\/11\/IMG_8295-e1733006363747.jpg","contentUrl":"https:\/\/www.nexoinformativo.mx\/wp-content\/uploads\/2024\/11\/IMG_8295-e1733006363747.jpg","width":650,"height":809,"caption":"Screenshot"},{"@type":"BreadcrumbList","@id":"https:\/\/www.nexoinformativo.mx\/index.php\/2024\/11\/30\/titulo-atractivo-queretaro-presenta-presupuesto-historico-mas-social-mas-seguro-y-con-mayor-inversion-en-educacion\/#breadcrumb","itemListElement":[{"@type":"ListItem","position":1,"name":"Inicio","item":"https:\/\/www.nexoinformativo.mx\/"},{"@type":"ListItem","position":2,"name":"Quer\u00e9taro presenta presupuesto hist\u00f3rico: m\u00e1s social, m\u00e1s seguro y con mayor inversi\u00f3n en educaci\u00f3n"}]},{"@type":"WebSite","@id":"https:\/\/www.nexoinformativo.mx\/#website","url":"https:\/\/www.nexoinformativo.mx\/","name":"Nexo Informativo Santiago de Quer\u00e9taro","description":"Explora NexoInformativo y convi\u00e9rtete en parte de una comunidad que valora el conocimiento y la verdad. Tu nexoinformativo es tu puente hacia una comprensi\u00f3n m\u00e1s profunda del mundo que te rodea.","publisher":{"@id":"https:\/\/www.nexoinformativo.mx\/#organization"},"potentialAction":[{"@type":"SearchAction","target":{"@type":"EntryPoint","urlTemplate":"https:\/\/www.nexoinformativo.mx\/?s={search_term_string}"},"query-input":{"@type":"PropertyValueSpecification","valueRequired":true,"valueName":"search_term_string"}}],"inLanguage":"es"},{"@type":"Organization","@id":"https:\/\/www.nexoinformativo.mx\/#organization","name":"Nexo Informativo Santiago de Quer\u00e9taro","url":"https:\/\/www.nexoinformativo.mx\/","logo":{"@type":"ImageObject","inLanguage":"es","@id":"https:\/\/www.nexoinformativo.mx\/#\/schema\/logo\/image\/","url":"https:\/\/www.nexoinformativo.mx\/wp-content\/uploads\/2024\/07\/nexoi-trasparente-2.png","contentUrl":"https:\/\/www.nexoinformativo.mx\/wp-content\/uploads\/2024\/07\/nexoi-trasparente-2.png","width":816,"height":339,"caption":"Nexo Informativo Santiago de Quer\u00e9taro"},"image":{"@id":"https:\/\/www.nexoinformativo.mx\/#\/schema\/logo\/image\/"},"sameAs":["https:\/\/www.facebook.com\/people\/Nexo-Informativo\/61564066885511\/"]},{"@type":"Person","@id":"https:\/\/www.nexoinformativo.mx\/#\/schema\/person\/7749d380ba08c8ca00d7bc76fd907b7d","name":"Nexo Informativo","image":{"@type":"ImageObject","inLanguage":"es","@id":"https:\/\/www.nexoinformativo.mx\/#\/schema\/person\/image\/","url":"https:\/\/secure.gravatar.com\/avatar\/dde2928154642a13d95f87ddf1ea9718fe2b46760a005c53e41ff5ad610704e6?s=96&d=mm&r=g","contentUrl":"https:\/\/secure.gravatar.com\/avatar\/dde2928154642a13d95f87ddf1ea9718fe2b46760a005c53e41ff5ad610704e6?s=96&d=mm&r=g","caption":"Nexo Informativo"},"url":"https:\/\/www.nexoinformativo.mx\/index.php\/author\/edicion\/"}]}},"_links":{"self":[{"href":"https:\/\/www.nexoinformativo.mx\/index.php\/wp-json\/wp\/v2\/posts\/7256","targetHints":{"allow":["GET"]}}],"collection":[{"href":"https:\/\/www.nexoinformativo.mx\/index.php\/wp-json\/wp\/v2\/posts"}],"about":[{"href":"https:\/\/www.nexoinformativo.mx\/index.php\/wp-json\/wp\/v2\/types\/post"}],"author":[{"embeddable":true,"href":"https:\/\/www.nexoinformativo.mx\/index.php\/wp-json\/wp\/v2\/users\/3"}],"replies":[{"embeddable":true,"href":"https:\/\/www.nexoinformativo.mx\/index.php\/wp-json\/wp\/v2\/comments?post=7256"}],"version-history":[{"count":5,"href":"https:\/\/www.nexoinformativo.mx\/index.php\/wp-json\/wp\/v2\/posts\/7256\/revisions"}],"predecessor-version":[{"id":7261,"href":"https:\/\/www.nexoinformativo.mx\/index.php\/wp-json\/wp\/v2\/posts\/7256\/revisions\/7261"}],"wp:featuredmedia":[{"embeddable":true,"href":"https:\/\/www.nexoinformativo.mx\/index.php\/wp-json\/wp\/v2\/media\/7257"}],"wp:attachment":[{"href":"https:\/\/www.nexoinformativo.mx\/index.php\/wp-json\/wp\/v2\/media?parent=7256"}],"wp:term":[{"taxonomy":"category","embeddable":true,"href":"https:\/\/www.nexoinformativo.mx\/index.php\/wp-json\/wp\/v2\/categories?post=7256"},{"taxonomy":"post_tag","embeddable":true,"href":"https:\/\/www.nexoinformativo.mx\/index.php\/wp-json\/wp\/v2\/tags?post=7256"}],"curies":[{"name":"wp","href":"https:\/\/api.w.org\/{rel}","templated":true}]}}