{"id":7263,"date":"2024-11-30T15:00:34","date_gmt":"2024-11-30T21:00:34","guid":{"rendered":"https:\/\/www.nexoinformativo.mx\/?p=7263"},"modified":"2024-11-30T16:50:02","modified_gmt":"2024-11-30T22:50:02","slug":"barbaro-asador-de-campo-el-sabor-de-queretaro-conquista-mexico-y-el-mundo","status":"publish","type":"post","link":"https:\/\/www.nexoinformativo.mx\/index.php\/2024\/11\/30\/barbaro-asador-de-campo-el-sabor-de-queretaro-conquista-mexico-y-el-mundo\/","title":{"rendered":"B\u00e1rbaro Asador de Campo: El sabor de Quer\u00e9taro conquista M\u00e9xico y el mundo"},"content":{"rendered":"<p style=\"text-align: justify;\" data-sourcepos=\"9:1-9:294\">El restaurante queretano <strong>&#8220;B\u00e1rbaro Asador de Campo&#8221;<\/strong> ha logrado un hito al ser reconocido como uno de los <strong>100 mejores restaurantes de M\u00e9xico<\/strong> en la prestigiosa <strong>Gu\u00eda Marco Beteta 2025<\/strong>. Este logro posiciona a la gastronom\u00eda queretana en un lugar destacado a nivel nacional e internacional.<\/p>\n<p>&nbsp;<\/p>\n<p style=\"text-align: justify;\" data-sourcepos=\"11:1-11:373\">Ubicado en las afueras de la ciudad, B\u00e1rbaro Asador de Campo ofrece una experiencia culinaria \u00fanica, donde los ingredientes frescos de su huerto y de productores locales se combinan con recetas tradicionales de la regi\u00f3n del semidesierto queretano. Su propuesta gastron\u00f3mica, que fusiona lo local con t\u00e9cnicas de alta cocina, ha cautivado a cr\u00edticos y comensales por igual.<\/p>\n<p>&nbsp;<\/p>\n<p style=\"text-align: justify;\" data-sourcepos=\"13:1-13:281\">&#8220;Nuestra gastronom\u00eda queretana es un im\u00e1n para los turistas&#8221;, afirm\u00f3 Rodrigo Ibarra, director de Promoci\u00f3n Tur\u00edstica de la Secretar\u00eda de Turismo de Quer\u00e9taro. &#8220;B\u00e1rbaro Asador es un claro ejemplo de la calidad y diversidad de nuestra oferta gastron\u00f3mica&#8221;.<\/p>\n<p>&nbsp;<\/p>\n<p style=\"text-align: justify;\" data-sourcepos=\"17:1-17:353\">B\u00e1rbaro Asador de Campo destaca por sus pr\u00e1cticas sostenibles. El restaurante cuenta con un huerto org\u00e1nico, paneles solares, y una destiler\u00eda donde producen su propio whisky y vino. Estas iniciativas han sido reconocidas con diversos premios, como el de <strong>Mejor Pr\u00e1ctica de Sociedad en la Gu\u00eda M\u00e9xico Gastron\u00f3mico 2024.<\/strong><\/p>\n<p>&nbsp;<\/p>\n<p style=\"text-align: justify;\" data-sourcepos=\"19:1-19:320\"><strong>&#8220;Queremos seguir siendo un referente en la gastronom\u00eda mexicana y demostrar que es posible combinar sabor, calidad y sostenibilidad&#8221; <\/strong>asegur\u00f3 Jaime Niembro, director de B\u00e1rbaro Asador de Campo.<\/p>\n<p>&nbsp;<\/p>\n<p style=\"text-align: justify;\" data-sourcepos=\"19:1-19:320\">Este logro de B\u00e1rbaro Asador de Campo se suma a otros reconocimientos que ha obtenido la gastronom\u00eda queretana en los \u00faltimos a\u00f1os. Esto demuestra que es posible combinar tradici\u00f3n y modernidad, sabor y sostenibilidad, para ofrecer una experiencia culinaria inolvidable.<\/p>\n<p>&nbsp;<\/p>\n<p style=\"text-align: center;\" data-sourcepos=\"19:1-19:320\"><em><strong>\u00a1Informaci\u00f3n que transforma!<\/strong><\/em><\/p>\n","protected":false},"excerpt":{"rendered":"<p>El restaurante queretano &#8220;B\u00e1rbaro Asador de Campo&#8221; ha logrado un hito al ser reconocido como uno de los 100 mejores restaurantes de M\u00e9xico en la prestigiosa Gu\u00eda Marco Beteta 2025.<\/p>\n","protected":false},"author":3,"featured_media":7264,"comment_status":"open","ping_status":"open","sticky":false,"template":"","format":"standard","meta":{"footnotes":""},"categories":[42,58],"tags":[2442,424,133,1451],"class_list":["post-7263","post","type-post","status-publish","format-standard","has-post-thumbnail","hentry","category-estado","category-ultima-hora","tag-barbaroasador","tag-gastronomiamexicana","tag-queretaro","tag-sostenibilidad"],"yoast_head":"<!-- This site is optimized with the Yoast SEO plugin v25.0 - https:\/\/yoast.com\/wordpress\/plugins\/seo\/ -->\n<title>B\u00e1rbaro Asador de Campo: El sabor de Quer\u00e9taro conquista M\u00e9xico y el mundo | Nexo Informativo Santiago de Quer\u00e9taro<\/title>\n<meta name=\"description\" content=\"B\u00e1rbaro Asador de Campo: El sabor de Quer\u00e9taro conquista M\u00e9xico y el mundo\" \/>\n<meta name=\"robots\" content=\"index, follow, max-snippet:-1, max-image-preview:large, max-video-preview:-1\" \/>\n<link rel=\"canonical\" href=\"https:\/\/www.nexoinformativo.mx\/index.php\/2024\/11\/30\/barbaro-asador-de-campo-el-sabor-de-queretaro-conquista-mexico-y-el-mundo\/\" \/>\n<meta property=\"og:locale\" content=\"es_MX\" \/>\n<meta property=\"og:type\" content=\"article\" \/>\n<meta property=\"og:title\" content=\"B\u00e1rbaro Asador de Campo: El sabor de Quer\u00e9taro conquista M\u00e9xico y el mundo | Nexo Informativo Santiago de Quer\u00e9taro\" \/>\n<meta property=\"og:description\" content=\"B\u00e1rbaro Asador de Campo: El sabor de Quer\u00e9taro conquista M\u00e9xico y el mundo\" \/>\n<meta property=\"og:url\" content=\"https:\/\/www.nexoinformativo.mx\/index.php\/2024\/11\/30\/barbaro-asador-de-campo-el-sabor-de-queretaro-conquista-mexico-y-el-mundo\/\" \/>\n<meta property=\"og:site_name\" content=\"Nexo Informativo Santiago de Quer\u00e9taro\" \/>\n<meta property=\"article:publisher\" content=\"https:\/\/www.facebook.com\/people\/Nexo-Informativo\/61564066885511\/\" \/>\n<meta property=\"article:published_time\" content=\"2024-11-30T21:00:34+00:00\" \/>\n<meta property=\"article:modified_time\" content=\"2024-11-30T22:50:02+00:00\" \/>\n<meta property=\"og:image\" content=\"https:\/\/www.nexoinformativo.mx\/wp-content\/uploads\/2024\/11\/IMG_8294-e1733006849821.png\" \/>\n\t<meta property=\"og:image:width\" content=\"700\" \/>\n\t<meta property=\"og:image:height\" content=\"933\" \/>\n\t<meta property=\"og:image:type\" content=\"image\/png\" \/>\n<meta name=\"author\" content=\"Nexo Informativo\" \/>\n<meta name=\"twitter:card\" content=\"summary_large_image\" \/>\n<meta name=\"twitter:label1\" content=\"Escrito por\" \/>\n\t<meta name=\"twitter:data1\" content=\"Nexo Informativo\" \/>\n\t<meta name=\"twitter:label2\" content=\"Tiempo de lectura\" \/>\n\t<meta name=\"twitter:data2\" content=\"2 minutos\" \/>\n<script type=\"application\/ld+json\" class=\"yoast-schema-graph\">{\"@context\":\"https:\/\/schema.org\",\"@graph\":[{\"@type\":\"Article\",\"@id\":\"https:\/\/www.nexoinformativo.mx\/index.php\/2024\/11\/30\/barbaro-asador-de-campo-el-sabor-de-queretaro-conquista-mexico-y-el-mundo\/#article\",\"isPartOf\":{\"@id\":\"https:\/\/www.nexoinformativo.mx\/index.php\/2024\/11\/30\/barbaro-asador-de-campo-el-sabor-de-queretaro-conquista-mexico-y-el-mundo\/\"},\"author\":{\"name\":\"Nexo Informativo\",\"@id\":\"https:\/\/www.nexoinformativo.mx\/#\/schema\/person\/7749d380ba08c8ca00d7bc76fd907b7d\"},\"headline\":\"B\u00e1rbaro Asador de Campo: El sabor de Quer\u00e9taro conquista M\u00e9xico y el mundo\",\"datePublished\":\"2024-11-30T21:00:34+00:00\",\"dateModified\":\"2024-11-30T22:50:02+00:00\",\"mainEntityOfPage\":{\"@id\":\"https:\/\/www.nexoinformativo.mx\/index.php\/2024\/11\/30\/barbaro-asador-de-campo-el-sabor-de-queretaro-conquista-mexico-y-el-mundo\/\"},\"wordCount\":313,\"commentCount\":0,\"publisher\":{\"@id\":\"https:\/\/www.nexoinformativo.mx\/#organization\"},\"image\":{\"@id\":\"https:\/\/www.nexoinformativo.mx\/index.php\/2024\/11\/30\/barbaro-asador-de-campo-el-sabor-de-queretaro-conquista-mexico-y-el-mundo\/#primaryimage\"},\"thumbnailUrl\":\"https:\/\/www.nexoinformativo.mx\/wp-content\/uploads\/2024\/11\/IMG_8294-e1733006849821.png\",\"keywords\":[\"B\u00e1rbaroAsador\",\"Gastronom\u00edaMexicana\",\"Quer\u00e9taro\",\"Sostenibilidad\"],\"articleSection\":[\"Estado\",\"\u00daltima Hora\"],\"inLanguage\":\"es\",\"potentialAction\":[{\"@type\":\"CommentAction\",\"name\":\"Comment\",\"target\":[\"https:\/\/www.nexoinformativo.mx\/index.php\/2024\/11\/30\/barbaro-asador-de-campo-el-sabor-de-queretaro-conquista-mexico-y-el-mundo\/#respond\"]}]},{\"@type\":\"WebPage\",\"@id\":\"https:\/\/www.nexoinformativo.mx\/index.php\/2024\/11\/30\/barbaro-asador-de-campo-el-sabor-de-queretaro-conquista-mexico-y-el-mundo\/\",\"url\":\"https:\/\/www.nexoinformativo.mx\/index.php\/2024\/11\/30\/barbaro-asador-de-campo-el-sabor-de-queretaro-conquista-mexico-y-el-mundo\/\",\"name\":\"B\u00e1rbaro Asador de Campo: El sabor de Quer\u00e9taro conquista M\u00e9xico y el mundo | Nexo Informativo Santiago de Quer\u00e9taro\",\"isPartOf\":{\"@id\":\"https:\/\/www.nexoinformativo.mx\/#website\"},\"primaryImageOfPage\":{\"@id\":\"https:\/\/www.nexoinformativo.mx\/index.php\/2024\/11\/30\/barbaro-asador-de-campo-el-sabor-de-queretaro-conquista-mexico-y-el-mundo\/#primaryimage\"},\"image\":{\"@id\":\"https:\/\/www.nexoinformativo.mx\/index.php\/2024\/11\/30\/barbaro-asador-de-campo-el-sabor-de-queretaro-conquista-mexico-y-el-mundo\/#primaryimage\"},\"thumbnailUrl\":\"https:\/\/www.nexoinformativo.mx\/wp-content\/uploads\/2024\/11\/IMG_8294-e1733006849821.png\",\"datePublished\":\"2024-11-30T21:00:34+00:00\",\"dateModified\":\"2024-11-30T22:50:02+00:00\",\"description\":\"B\u00e1rbaro Asador de Campo: El sabor de Quer\u00e9taro conquista M\u00e9xico y el mundo\",\"breadcrumb\":{\"@id\":\"https:\/\/www.nexoinformativo.mx\/index.php\/2024\/11\/30\/barbaro-asador-de-campo-el-sabor-de-queretaro-conquista-mexico-y-el-mundo\/#breadcrumb\"},\"inLanguage\":\"es\",\"potentialAction\":[{\"@type\":\"ReadAction\",\"target\":[\"https:\/\/www.nexoinformativo.mx\/index.php\/2024\/11\/30\/barbaro-asador-de-campo-el-sabor-de-queretaro-conquista-mexico-y-el-mundo\/\"]}]},{\"@type\":\"ImageObject\",\"inLanguage\":\"es\",\"@id\":\"https:\/\/www.nexoinformativo.mx\/index.php\/2024\/11\/30\/barbaro-asador-de-campo-el-sabor-de-queretaro-conquista-mexico-y-el-mundo\/#primaryimage\",\"url\":\"https:\/\/www.nexoinformativo.mx\/wp-content\/uploads\/2024\/11\/IMG_8294-e1733006849821.png\",\"contentUrl\":\"https:\/\/www.nexoinformativo.mx\/wp-content\/uploads\/2024\/11\/IMG_8294-e1733006849821.png\",\"width\":700,\"height\":933},{\"@type\":\"BreadcrumbList\",\"@id\":\"https:\/\/www.nexoinformativo.mx\/index.php\/2024\/11\/30\/barbaro-asador-de-campo-el-sabor-de-queretaro-conquista-mexico-y-el-mundo\/#breadcrumb\",\"itemListElement\":[{\"@type\":\"ListItem\",\"position\":1,\"name\":\"Inicio\",\"item\":\"https:\/\/www.nexoinformativo.mx\/\"},{\"@type\":\"ListItem\",\"position\":2,\"name\":\"B\u00e1rbaro Asador de Campo: El sabor de Quer\u00e9taro conquista M\u00e9xico y el mundo\"}]},{\"@type\":\"WebSite\",\"@id\":\"https:\/\/www.nexoinformativo.mx\/#website\",\"url\":\"https:\/\/www.nexoinformativo.mx\/\",\"name\":\"Nexo Informativo Santiago de Quer\u00e9taro\",\"description\":\"Explora NexoInformativo y convi\u00e9rtete en parte de una comunidad que valora el conocimiento y la verdad. Tu nexoinformativo es tu puente hacia una comprensi\u00f3n m\u00e1s profunda del mundo que te rodea.\",\"publisher\":{\"@id\":\"https:\/\/www.nexoinformativo.mx\/#organization\"},\"potentialAction\":[{\"@type\":\"SearchAction\",\"target\":{\"@type\":\"EntryPoint\",\"urlTemplate\":\"https:\/\/www.nexoinformativo.mx\/?s={search_term_string}\"},\"query-input\":{\"@type\":\"PropertyValueSpecification\",\"valueRequired\":true,\"valueName\":\"search_term_string\"}}],\"inLanguage\":\"es\"},{\"@type\":\"Organization\",\"@id\":\"https:\/\/www.nexoinformativo.mx\/#organization\",\"name\":\"Nexo Informativo Santiago de Quer\u00e9taro\",\"url\":\"https:\/\/www.nexoinformativo.mx\/\",\"logo\":{\"@type\":\"ImageObject\",\"inLanguage\":\"es\",\"@id\":\"https:\/\/www.nexoinformativo.mx\/#\/schema\/logo\/image\/\",\"url\":\"https:\/\/www.nexoinformativo.mx\/wp-content\/uploads\/2024\/07\/nexoi-trasparente-2.png\",\"contentUrl\":\"https:\/\/www.nexoinformativo.mx\/wp-content\/uploads\/2024\/07\/nexoi-trasparente-2.png\",\"width\":816,\"height\":339,\"caption\":\"Nexo Informativo Santiago de Quer\u00e9taro\"},\"image\":{\"@id\":\"https:\/\/www.nexoinformativo.mx\/#\/schema\/logo\/image\/\"},\"sameAs\":[\"https:\/\/www.facebook.com\/people\/Nexo-Informativo\/61564066885511\/\"]},{\"@type\":\"Person\",\"@id\":\"https:\/\/www.nexoinformativo.mx\/#\/schema\/person\/7749d380ba08c8ca00d7bc76fd907b7d\",\"name\":\"Nexo Informativo\",\"image\":{\"@type\":\"ImageObject\",\"inLanguage\":\"es\",\"@id\":\"https:\/\/www.nexoinformativo.mx\/#\/schema\/person\/image\/\",\"url\":\"https:\/\/secure.gravatar.com\/avatar\/dde2928154642a13d95f87ddf1ea9718fe2b46760a005c53e41ff5ad610704e6?s=96&d=mm&r=g\",\"contentUrl\":\"https:\/\/secure.gravatar.com\/avatar\/dde2928154642a13d95f87ddf1ea9718fe2b46760a005c53e41ff5ad610704e6?s=96&d=mm&r=g\",\"caption\":\"Nexo Informativo\"},\"url\":\"https:\/\/www.nexoinformativo.mx\/index.php\/author\/edicion\/\"}]}<\/script>\n<!-- \/ Yoast SEO plugin. -->","yoast_head_json":{"title":"B\u00e1rbaro Asador de Campo: El sabor de Quer\u00e9taro conquista M\u00e9xico y el mundo | Nexo Informativo Santiago de Quer\u00e9taro","description":"B\u00e1rbaro Asador de Campo: El sabor de Quer\u00e9taro conquista M\u00e9xico y el mundo","robots":{"index":"index","follow":"follow","max-snippet":"max-snippet:-1","max-image-preview":"max-image-preview:large","max-video-preview":"max-video-preview:-1"},"canonical":"https:\/\/www.nexoinformativo.mx\/index.php\/2024\/11\/30\/barbaro-asador-de-campo-el-sabor-de-queretaro-conquista-mexico-y-el-mundo\/","og_locale":"es_MX","og_type":"article","og_title":"B\u00e1rbaro Asador de Campo: El sabor de Quer\u00e9taro conquista M\u00e9xico y el mundo | Nexo Informativo Santiago de Quer\u00e9taro","og_description":"B\u00e1rbaro Asador de Campo: El sabor de Quer\u00e9taro conquista M\u00e9xico y el mundo","og_url":"https:\/\/www.nexoinformativo.mx\/index.php\/2024\/11\/30\/barbaro-asador-de-campo-el-sabor-de-queretaro-conquista-mexico-y-el-mundo\/","og_site_name":"Nexo Informativo Santiago de Quer\u00e9taro","article_publisher":"https:\/\/www.facebook.com\/people\/Nexo-Informativo\/61564066885511\/","article_published_time":"2024-11-30T21:00:34+00:00","article_modified_time":"2024-11-30T22:50:02+00:00","og_image":[{"width":700,"height":933,"url":"https:\/\/www.nexoinformativo.mx\/wp-content\/uploads\/2024\/11\/IMG_8294-e1733006849821.png","type":"image\/png"}],"author":"Nexo Informativo","twitter_card":"summary_large_image","twitter_misc":{"Escrito por":"Nexo Informativo","Tiempo de lectura":"2 minutos"},"schema":{"@context":"https:\/\/schema.org","@graph":[{"@type":"Article","@id":"https:\/\/www.nexoinformativo.mx\/index.php\/2024\/11\/30\/barbaro-asador-de-campo-el-sabor-de-queretaro-conquista-mexico-y-el-mundo\/#article","isPartOf":{"@id":"https:\/\/www.nexoinformativo.mx\/index.php\/2024\/11\/30\/barbaro-asador-de-campo-el-sabor-de-queretaro-conquista-mexico-y-el-mundo\/"},"author":{"name":"Nexo Informativo","@id":"https:\/\/www.nexoinformativo.mx\/#\/schema\/person\/7749d380ba08c8ca00d7bc76fd907b7d"},"headline":"B\u00e1rbaro Asador de Campo: El sabor de Quer\u00e9taro conquista M\u00e9xico y el mundo","datePublished":"2024-11-30T21:00:34+00:00","dateModified":"2024-11-30T22:50:02+00:00","mainEntityOfPage":{"@id":"https:\/\/www.nexoinformativo.mx\/index.php\/2024\/11\/30\/barbaro-asador-de-campo-el-sabor-de-queretaro-conquista-mexico-y-el-mundo\/"},"wordCount":313,"commentCount":0,"publisher":{"@id":"https:\/\/www.nexoinformativo.mx\/#organization"},"image":{"@id":"https:\/\/www.nexoinformativo.mx\/index.php\/2024\/11\/30\/barbaro-asador-de-campo-el-sabor-de-queretaro-conquista-mexico-y-el-mundo\/#primaryimage"},"thumbnailUrl":"https:\/\/www.nexoinformativo.mx\/wp-content\/uploads\/2024\/11\/IMG_8294-e1733006849821.png","keywords":["B\u00e1rbaroAsador","Gastronom\u00edaMexicana","Quer\u00e9taro","Sostenibilidad"],"articleSection":["Estado","\u00daltima Hora"],"inLanguage":"es","potentialAction":[{"@type":"CommentAction","name":"Comment","target":["https:\/\/www.nexoinformativo.mx\/index.php\/2024\/11\/30\/barbaro-asador-de-campo-el-sabor-de-queretaro-conquista-mexico-y-el-mundo\/#respond"]}]},{"@type":"WebPage","@id":"https:\/\/www.nexoinformativo.mx\/index.php\/2024\/11\/30\/barbaro-asador-de-campo-el-sabor-de-queretaro-conquista-mexico-y-el-mundo\/","url":"https:\/\/www.nexoinformativo.mx\/index.php\/2024\/11\/30\/barbaro-asador-de-campo-el-sabor-de-queretaro-conquista-mexico-y-el-mundo\/","name":"B\u00e1rbaro Asador de Campo: El sabor de Quer\u00e9taro conquista M\u00e9xico y el mundo | Nexo Informativo Santiago de Quer\u00e9taro","isPartOf":{"@id":"https:\/\/www.nexoinformativo.mx\/#website"},"primaryImageOfPage":{"@id":"https:\/\/www.nexoinformativo.mx\/index.php\/2024\/11\/30\/barbaro-asador-de-campo-el-sabor-de-queretaro-conquista-mexico-y-el-mundo\/#primaryimage"},"image":{"@id":"https:\/\/www.nexoinformativo.mx\/index.php\/2024\/11\/30\/barbaro-asador-de-campo-el-sabor-de-queretaro-conquista-mexico-y-el-mundo\/#primaryimage"},"thumbnailUrl":"https:\/\/www.nexoinformativo.mx\/wp-content\/uploads\/2024\/11\/IMG_8294-e1733006849821.png","datePublished":"2024-11-30T21:00:34+00:00","dateModified":"2024-11-30T22:50:02+00:00","description":"B\u00e1rbaro Asador de Campo: El sabor de Quer\u00e9taro conquista M\u00e9xico y el mundo","breadcrumb":{"@id":"https:\/\/www.nexoinformativo.mx\/index.php\/2024\/11\/30\/barbaro-asador-de-campo-el-sabor-de-queretaro-conquista-mexico-y-el-mundo\/#breadcrumb"},"inLanguage":"es","potentialAction":[{"@type":"ReadAction","target":["https:\/\/www.nexoinformativo.mx\/index.php\/2024\/11\/30\/barbaro-asador-de-campo-el-sabor-de-queretaro-conquista-mexico-y-el-mundo\/"]}]},{"@type":"ImageObject","inLanguage":"es","@id":"https:\/\/www.nexoinformativo.mx\/index.php\/2024\/11\/30\/barbaro-asador-de-campo-el-sabor-de-queretaro-conquista-mexico-y-el-mundo\/#primaryimage","url":"https:\/\/www.nexoinformativo.mx\/wp-content\/uploads\/2024\/11\/IMG_8294-e1733006849821.png","contentUrl":"https:\/\/www.nexoinformativo.mx\/wp-content\/uploads\/2024\/11\/IMG_8294-e1733006849821.png","width":700,"height":933},{"@type":"BreadcrumbList","@id":"https:\/\/www.nexoinformativo.mx\/index.php\/2024\/11\/30\/barbaro-asador-de-campo-el-sabor-de-queretaro-conquista-mexico-y-el-mundo\/#breadcrumb","itemListElement":[{"@type":"ListItem","position":1,"name":"Inicio","item":"https:\/\/www.nexoinformativo.mx\/"},{"@type":"ListItem","position":2,"name":"B\u00e1rbaro Asador de Campo: El sabor de Quer\u00e9taro conquista M\u00e9xico y el mundo"}]},{"@type":"WebSite","@id":"https:\/\/www.nexoinformativo.mx\/#website","url":"https:\/\/www.nexoinformativo.mx\/","name":"Nexo Informativo Santiago de Quer\u00e9taro","description":"Explora NexoInformativo y convi\u00e9rtete en parte de una comunidad que valora el conocimiento y la verdad. Tu nexoinformativo es tu puente hacia una comprensi\u00f3n m\u00e1s profunda del mundo que te rodea.","publisher":{"@id":"https:\/\/www.nexoinformativo.mx\/#organization"},"potentialAction":[{"@type":"SearchAction","target":{"@type":"EntryPoint","urlTemplate":"https:\/\/www.nexoinformativo.mx\/?s={search_term_string}"},"query-input":{"@type":"PropertyValueSpecification","valueRequired":true,"valueName":"search_term_string"}}],"inLanguage":"es"},{"@type":"Organization","@id":"https:\/\/www.nexoinformativo.mx\/#organization","name":"Nexo Informativo Santiago de Quer\u00e9taro","url":"https:\/\/www.nexoinformativo.mx\/","logo":{"@type":"ImageObject","inLanguage":"es","@id":"https:\/\/www.nexoinformativo.mx\/#\/schema\/logo\/image\/","url":"https:\/\/www.nexoinformativo.mx\/wp-content\/uploads\/2024\/07\/nexoi-trasparente-2.png","contentUrl":"https:\/\/www.nexoinformativo.mx\/wp-content\/uploads\/2024\/07\/nexoi-trasparente-2.png","width":816,"height":339,"caption":"Nexo Informativo Santiago de Quer\u00e9taro"},"image":{"@id":"https:\/\/www.nexoinformativo.mx\/#\/schema\/logo\/image\/"},"sameAs":["https:\/\/www.facebook.com\/people\/Nexo-Informativo\/61564066885511\/"]},{"@type":"Person","@id":"https:\/\/www.nexoinformativo.mx\/#\/schema\/person\/7749d380ba08c8ca00d7bc76fd907b7d","name":"Nexo Informativo","image":{"@type":"ImageObject","inLanguage":"es","@id":"https:\/\/www.nexoinformativo.mx\/#\/schema\/person\/image\/","url":"https:\/\/secure.gravatar.com\/avatar\/dde2928154642a13d95f87ddf1ea9718fe2b46760a005c53e41ff5ad610704e6?s=96&d=mm&r=g","contentUrl":"https:\/\/secure.gravatar.com\/avatar\/dde2928154642a13d95f87ddf1ea9718fe2b46760a005c53e41ff5ad610704e6?s=96&d=mm&r=g","caption":"Nexo Informativo"},"url":"https:\/\/www.nexoinformativo.mx\/index.php\/author\/edicion\/"}]}},"_links":{"self":[{"href":"https:\/\/www.nexoinformativo.mx\/index.php\/wp-json\/wp\/v2\/posts\/7263","targetHints":{"allow":["GET"]}}],"collection":[{"href":"https:\/\/www.nexoinformativo.mx\/index.php\/wp-json\/wp\/v2\/posts"}],"about":[{"href":"https:\/\/www.nexoinformativo.mx\/index.php\/wp-json\/wp\/v2\/types\/post"}],"author":[{"embeddable":true,"href":"https:\/\/www.nexoinformativo.mx\/index.php\/wp-json\/wp\/v2\/users\/3"}],"replies":[{"embeddable":true,"href":"https:\/\/www.nexoinformativo.mx\/index.php\/wp-json\/wp\/v2\/comments?post=7263"}],"version-history":[{"count":4,"href":"https:\/\/www.nexoinformativo.mx\/index.php\/wp-json\/wp\/v2\/posts\/7263\/revisions"}],"predecessor-version":[{"id":7267,"href":"https:\/\/www.nexoinformativo.mx\/index.php\/wp-json\/wp\/v2\/posts\/7263\/revisions\/7267"}],"wp:featuredmedia":[{"embeddable":true,"href":"https:\/\/www.nexoinformativo.mx\/index.php\/wp-json\/wp\/v2\/media\/7264"}],"wp:attachment":[{"href":"https:\/\/www.nexoinformativo.mx\/index.php\/wp-json\/wp\/v2\/media?parent=7263"}],"wp:term":[{"taxonomy":"category","embeddable":true,"href":"https:\/\/www.nexoinformativo.mx\/index.php\/wp-json\/wp\/v2\/categories?post=7263"},{"taxonomy":"post_tag","embeddable":true,"href":"https:\/\/www.nexoinformativo.mx\/index.php\/wp-json\/wp\/v2\/tags?post=7263"}],"curies":[{"name":"wp","href":"https:\/\/api.w.org\/{rel}","templated":true}]}}