{"id":7275,"date":"2024-12-01T07:00:17","date_gmt":"2024-12-01T13:00:17","guid":{"rendered":"https:\/\/www.nexoinformativo.mx\/?p=7275"},"modified":"2024-12-01T08:54:13","modified_gmt":"2024-12-01T14:54:13","slug":"queretaro-brilla-con-la-feria-internacional-ganadera-2024-y-la-rueda-de-la-fortuna-mas-grande-de-latinoamerica","status":"publish","type":"post","link":"https:\/\/www.nexoinformativo.mx\/index.php\/2024\/12\/01\/queretaro-brilla-con-la-feria-internacional-ganadera-2024-y-la-rueda-de-la-fortuna-mas-grande-de-latinoamerica\/","title":{"rendered":"Quer\u00e9taro brilla con la Feria Internacional Ganadera 2024 y la Rueda de la Fortuna m\u00e1s grande de Latinoam\u00e9rica"},"content":{"rendered":"<p style=\"text-align: justify;\" data-sourcepos=\"7:1-7:208\">El gobernador Mauricio Kuri inaugur\u00f3 el dia de ayer <strong>la Feria Internacional Ganadera de Quer\u00e9taro (FIGQ2024)<\/strong>, un evento que promete diversi\u00f3n, tradici\u00f3n y entretenimiento para toda la familia.<\/p>\n<p>&nbsp;<\/p>\n<p style=\"text-align: justify;\" data-sourcepos=\"9:1-9:382\">La ceremonia de inauguraci\u00f3n estuvo marcada por el corte de list\u00f3n de la Rueda de la Fortuna Alliance, la m\u00e1s grande de Latinoam\u00e9rica, que se suma a las atracciones de esta edici\u00f3n. El gobernador Kuri, acompa\u00f1ado de autoridades municipales y l\u00edderes ganaderos, realiz\u00f3 un recorrido por las instalaciones de la feria, saludando a los visitantes.<\/p>\n<p>&nbsp;<\/p>\n<p style=\"text-align: justify;\" data-sourcepos=\"13:1-13:297\">La FIGQ2024 ofrece una amplia variedad de actividades para todas las edades, desde exposiciones ganaderas y agr\u00edcolas hasta espect\u00e1culos musicales y juegos mec\u00e1nicos. Adem\u00e1s, este a\u00f1o se incluyen atracciones gratuitas como el Circo Hermanos Fuentes Gasca y el patinaje sobre hielo Illusion no Ice.<\/p>\n<p>&nbsp;<\/p>\n<p style=\"text-align: justify;\" data-sourcepos=\"17:1-17:253\">La entrada general a la feria tiene un costo de $90 pesos, pero los ni\u00f1os menores de 1.20 metros, adultos mayores con credencial del INAPAM y personas con discapacidad entran gratis. De lunes a mi\u00e9rcoles, m\u00e1s de 59 juegos mec\u00e1nicos tambi\u00e9n son gratuitos.<\/p>\n<p>&nbsp;<\/p>\n<p style=\"text-align: justify;\" data-sourcepos=\"21:1-21:220\">La Feria es un evento que no solo divierte a las familias, sino que tambi\u00e9n impulsa la econom\u00eda local al generar empleos y atraer visitantes de diferentes partes del estado y del pa\u00eds.<\/p>\n<p>&nbsp;<\/p>\n<p style=\"text-align: justify;\" data-sourcepos=\"23:1-23:36\">\u00a1No te pierdas esta gran fiesta!\u00a0La FIGQ2024 se llevar\u00e1 a cabo del 29 de noviembre al 15 de diciembre en el Eco Centro Expositor. Para conocer la cartelera completa y m\u00e1s informaci\u00f3n, s\u00edguelos en sus redes sociales: Facebook <strong>@feriadeqro e Instagram @feria.ganadera.qro.<\/strong><\/p>\n<p>&nbsp;<\/p>\n<p style=\"text-align: center;\" data-sourcepos=\"27:1-27:65\"><em><strong>\u00a1Informaci\u00f3n que transforma!<\/strong><\/em><\/p>\n","protected":false},"excerpt":{"rendered":"<p>El gobernador Mauricio Kuri inaugur\u00f3 el dia de ayer la Feria Internacional Ganadera de Quer\u00e9taro (FIGQ2024), un evento que promete diversi\u00f3n, tradici\u00f3n y entretenimiento para toda la familia.<\/p>\n","protected":false},"author":3,"featured_media":7276,"comment_status":"open","ping_status":"open","sticky":false,"template":"","format":"standard","meta":{"footnotes":""},"categories":[50,58],"tags":[2445,2443,293,2444],"class_list":["post-7275","post","type-post","status-publish","format-standard","has-post-thumbnail","hentry","category-espectaculos","category-ultima-hora","tag-diversionenfamilia","tag-feriadequeretaro","tag-figq2024","tag-ruedadelafortuna"],"yoast_head":"<!-- This site is optimized with the Yoast SEO plugin v25.0 - https:\/\/yoast.com\/wordpress\/plugins\/seo\/ -->\n<title>Quer\u00e9taro brilla con la Feria Internacional Ganadera 2024 y la Rueda de la Fortuna m\u00e1s grande de Latinoam\u00e9rica | Nexo Informativo Santiago de Quer\u00e9taro<\/title>\n<meta name=\"description\" content=\"Quer\u00e9taro brilla con la Feria Internacional Ganadera 2024 y la Rueda de la Fortuna m\u00e1s grande de Latinoam\u00e9rica\" \/>\n<meta name=\"robots\" content=\"index, follow, max-snippet:-1, max-image-preview:large, max-video-preview:-1\" \/>\n<link rel=\"canonical\" href=\"https:\/\/www.nexoinformativo.mx\/index.php\/2024\/12\/01\/queretaro-brilla-con-la-feria-internacional-ganadera-2024-y-la-rueda-de-la-fortuna-mas-grande-de-latinoamerica\/\" \/>\n<meta property=\"og:locale\" content=\"es_MX\" \/>\n<meta property=\"og:type\" content=\"article\" \/>\n<meta property=\"og:title\" content=\"Quer\u00e9taro brilla con la Feria Internacional Ganadera 2024 y la Rueda de la Fortuna m\u00e1s grande de Latinoam\u00e9rica | Nexo Informativo Santiago de Quer\u00e9taro\" \/>\n<meta property=\"og:description\" content=\"Quer\u00e9taro brilla con la Feria Internacional Ganadera 2024 y la Rueda de la Fortuna m\u00e1s grande de Latinoam\u00e9rica\" \/>\n<meta property=\"og:url\" content=\"https:\/\/www.nexoinformativo.mx\/index.php\/2024\/12\/01\/queretaro-brilla-con-la-feria-internacional-ganadera-2024-y-la-rueda-de-la-fortuna-mas-grande-de-latinoamerica\/\" \/>\n<meta property=\"og:site_name\" content=\"Nexo Informativo Santiago de Quer\u00e9taro\" \/>\n<meta property=\"article:publisher\" content=\"https:\/\/www.facebook.com\/people\/Nexo-Informativo\/61564066885511\/\" \/>\n<meta property=\"article:published_time\" content=\"2024-12-01T13:00:17+00:00\" \/>\n<meta property=\"article:modified_time\" content=\"2024-12-01T14:54:13+00:00\" \/>\n<meta property=\"og:image\" content=\"https:\/\/www.nexoinformativo.mx\/wp-content\/uploads\/2024\/12\/PHOTO-2024-12-01-08-35-40-e1733064739677.jpg\" \/>\n\t<meta property=\"og:image:width\" content=\"800\" \/>\n\t<meta property=\"og:image:height\" content=\"534\" \/>\n\t<meta property=\"og:image:type\" content=\"image\/jpeg\" \/>\n<meta name=\"author\" content=\"Nexo Informativo\" \/>\n<meta name=\"twitter:card\" content=\"summary_large_image\" \/>\n<meta name=\"twitter:label1\" content=\"Escrito por\" \/>\n\t<meta name=\"twitter:data1\" content=\"Nexo Informativo\" \/>\n\t<meta name=\"twitter:label2\" content=\"Tiempo de lectura\" \/>\n\t<meta name=\"twitter:data2\" content=\"2 minutos\" \/>\n<script type=\"application\/ld+json\" class=\"yoast-schema-graph\">{\"@context\":\"https:\/\/schema.org\",\"@graph\":[{\"@type\":\"Article\",\"@id\":\"https:\/\/www.nexoinformativo.mx\/index.php\/2024\/12\/01\/queretaro-brilla-con-la-feria-internacional-ganadera-2024-y-la-rueda-de-la-fortuna-mas-grande-de-latinoamerica\/#article\",\"isPartOf\":{\"@id\":\"https:\/\/www.nexoinformativo.mx\/index.php\/2024\/12\/01\/queretaro-brilla-con-la-feria-internacional-ganadera-2024-y-la-rueda-de-la-fortuna-mas-grande-de-latinoamerica\/\"},\"author\":{\"name\":\"Nexo Informativo\",\"@id\":\"https:\/\/www.nexoinformativo.mx\/#\/schema\/person\/7749d380ba08c8ca00d7bc76fd907b7d\"},\"headline\":\"Quer\u00e9taro brilla con la Feria Internacional Ganadera 2024 y la Rueda de la Fortuna m\u00e1s grande de Latinoam\u00e9rica\",\"datePublished\":\"2024-12-01T13:00:17+00:00\",\"dateModified\":\"2024-12-01T14:54:13+00:00\",\"mainEntityOfPage\":{\"@id\":\"https:\/\/www.nexoinformativo.mx\/index.php\/2024\/12\/01\/queretaro-brilla-con-la-feria-internacional-ganadera-2024-y-la-rueda-de-la-fortuna-mas-grande-de-latinoamerica\/\"},\"wordCount\":299,\"commentCount\":0,\"publisher\":{\"@id\":\"https:\/\/www.nexoinformativo.mx\/#organization\"},\"image\":{\"@id\":\"https:\/\/www.nexoinformativo.mx\/index.php\/2024\/12\/01\/queretaro-brilla-con-la-feria-internacional-ganadera-2024-y-la-rueda-de-la-fortuna-mas-grande-de-latinoamerica\/#primaryimage\"},\"thumbnailUrl\":\"https:\/\/www.nexoinformativo.mx\/wp-content\/uploads\/2024\/12\/PHOTO-2024-12-01-08-35-40-e1733064739677.jpg\",\"keywords\":[\"Diversi\u00f3nEnFamilia\",\"FeriaDeQuer\u00e9taro\",\"FIGQ2024\",\"RuedaDeLaFortuna\"],\"articleSection\":[\"Espect\u00e1culos\",\"\u00daltima Hora\"],\"inLanguage\":\"es\",\"potentialAction\":[{\"@type\":\"CommentAction\",\"name\":\"Comment\",\"target\":[\"https:\/\/www.nexoinformativo.mx\/index.php\/2024\/12\/01\/queretaro-brilla-con-la-feria-internacional-ganadera-2024-y-la-rueda-de-la-fortuna-mas-grande-de-latinoamerica\/#respond\"]}]},{\"@type\":\"WebPage\",\"@id\":\"https:\/\/www.nexoinformativo.mx\/index.php\/2024\/12\/01\/queretaro-brilla-con-la-feria-internacional-ganadera-2024-y-la-rueda-de-la-fortuna-mas-grande-de-latinoamerica\/\",\"url\":\"https:\/\/www.nexoinformativo.mx\/index.php\/2024\/12\/01\/queretaro-brilla-con-la-feria-internacional-ganadera-2024-y-la-rueda-de-la-fortuna-mas-grande-de-latinoamerica\/\",\"name\":\"Quer\u00e9taro brilla con la Feria Internacional Ganadera 2024 y la Rueda de la Fortuna m\u00e1s grande de Latinoam\u00e9rica | Nexo Informativo Santiago de Quer\u00e9taro\",\"isPartOf\":{\"@id\":\"https:\/\/www.nexoinformativo.mx\/#website\"},\"primaryImageOfPage\":{\"@id\":\"https:\/\/www.nexoinformativo.mx\/index.php\/2024\/12\/01\/queretaro-brilla-con-la-feria-internacional-ganadera-2024-y-la-rueda-de-la-fortuna-mas-grande-de-latinoamerica\/#primaryimage\"},\"image\":{\"@id\":\"https:\/\/www.nexoinformativo.mx\/index.php\/2024\/12\/01\/queretaro-brilla-con-la-feria-internacional-ganadera-2024-y-la-rueda-de-la-fortuna-mas-grande-de-latinoamerica\/#primaryimage\"},\"thumbnailUrl\":\"https:\/\/www.nexoinformativo.mx\/wp-content\/uploads\/2024\/12\/PHOTO-2024-12-01-08-35-40-e1733064739677.jpg\",\"datePublished\":\"2024-12-01T13:00:17+00:00\",\"dateModified\":\"2024-12-01T14:54:13+00:00\",\"description\":\"Quer\u00e9taro brilla con la Feria Internacional Ganadera 2024 y la Rueda de la Fortuna m\u00e1s grande de Latinoam\u00e9rica\",\"breadcrumb\":{\"@id\":\"https:\/\/www.nexoinformativo.mx\/index.php\/2024\/12\/01\/queretaro-brilla-con-la-feria-internacional-ganadera-2024-y-la-rueda-de-la-fortuna-mas-grande-de-latinoamerica\/#breadcrumb\"},\"inLanguage\":\"es\",\"potentialAction\":[{\"@type\":\"ReadAction\",\"target\":[\"https:\/\/www.nexoinformativo.mx\/index.php\/2024\/12\/01\/queretaro-brilla-con-la-feria-internacional-ganadera-2024-y-la-rueda-de-la-fortuna-mas-grande-de-latinoamerica\/\"]}]},{\"@type\":\"ImageObject\",\"inLanguage\":\"es\",\"@id\":\"https:\/\/www.nexoinformativo.mx\/index.php\/2024\/12\/01\/queretaro-brilla-con-la-feria-internacional-ganadera-2024-y-la-rueda-de-la-fortuna-mas-grande-de-latinoamerica\/#primaryimage\",\"url\":\"https:\/\/www.nexoinformativo.mx\/wp-content\/uploads\/2024\/12\/PHOTO-2024-12-01-08-35-40-e1733064739677.jpg\",\"contentUrl\":\"https:\/\/www.nexoinformativo.mx\/wp-content\/uploads\/2024\/12\/PHOTO-2024-12-01-08-35-40-e1733064739677.jpg\",\"width\":800,\"height\":534},{\"@type\":\"BreadcrumbList\",\"@id\":\"https:\/\/www.nexoinformativo.mx\/index.php\/2024\/12\/01\/queretaro-brilla-con-la-feria-internacional-ganadera-2024-y-la-rueda-de-la-fortuna-mas-grande-de-latinoamerica\/#breadcrumb\",\"itemListElement\":[{\"@type\":\"ListItem\",\"position\":1,\"name\":\"Inicio\",\"item\":\"https:\/\/www.nexoinformativo.mx\/\"},{\"@type\":\"ListItem\",\"position\":2,\"name\":\"Quer\u00e9taro brilla con la Feria Internacional Ganadera 2024 y la Rueda de la Fortuna m\u00e1s grande de Latinoam\u00e9rica\"}]},{\"@type\":\"WebSite\",\"@id\":\"https:\/\/www.nexoinformativo.mx\/#website\",\"url\":\"https:\/\/www.nexoinformativo.mx\/\",\"name\":\"Nexo Informativo Santiago de Quer\u00e9taro\",\"description\":\"Explora NexoInformativo y convi\u00e9rtete en parte de una comunidad que valora el conocimiento y la verdad. Tu nexoinformativo es tu puente hacia una comprensi\u00f3n m\u00e1s profunda del mundo que te rodea.\",\"publisher\":{\"@id\":\"https:\/\/www.nexoinformativo.mx\/#organization\"},\"potentialAction\":[{\"@type\":\"SearchAction\",\"target\":{\"@type\":\"EntryPoint\",\"urlTemplate\":\"https:\/\/www.nexoinformativo.mx\/?s={search_term_string}\"},\"query-input\":{\"@type\":\"PropertyValueSpecification\",\"valueRequired\":true,\"valueName\":\"search_term_string\"}}],\"inLanguage\":\"es\"},{\"@type\":\"Organization\",\"@id\":\"https:\/\/www.nexoinformativo.mx\/#organization\",\"name\":\"Nexo Informativo Santiago de Quer\u00e9taro\",\"url\":\"https:\/\/www.nexoinformativo.mx\/\",\"logo\":{\"@type\":\"ImageObject\",\"inLanguage\":\"es\",\"@id\":\"https:\/\/www.nexoinformativo.mx\/#\/schema\/logo\/image\/\",\"url\":\"https:\/\/www.nexoinformativo.mx\/wp-content\/uploads\/2024\/07\/nexoi-trasparente-2.png\",\"contentUrl\":\"https:\/\/www.nexoinformativo.mx\/wp-content\/uploads\/2024\/07\/nexoi-trasparente-2.png\",\"width\":816,\"height\":339,\"caption\":\"Nexo Informativo Santiago de Quer\u00e9taro\"},\"image\":{\"@id\":\"https:\/\/www.nexoinformativo.mx\/#\/schema\/logo\/image\/\"},\"sameAs\":[\"https:\/\/www.facebook.com\/people\/Nexo-Informativo\/61564066885511\/\"]},{\"@type\":\"Person\",\"@id\":\"https:\/\/www.nexoinformativo.mx\/#\/schema\/person\/7749d380ba08c8ca00d7bc76fd907b7d\",\"name\":\"Nexo Informativo\",\"image\":{\"@type\":\"ImageObject\",\"inLanguage\":\"es\",\"@id\":\"https:\/\/www.nexoinformativo.mx\/#\/schema\/person\/image\/\",\"url\":\"https:\/\/secure.gravatar.com\/avatar\/dde2928154642a13d95f87ddf1ea9718fe2b46760a005c53e41ff5ad610704e6?s=96&d=mm&r=g\",\"contentUrl\":\"https:\/\/secure.gravatar.com\/avatar\/dde2928154642a13d95f87ddf1ea9718fe2b46760a005c53e41ff5ad610704e6?s=96&d=mm&r=g\",\"caption\":\"Nexo Informativo\"},\"url\":\"https:\/\/www.nexoinformativo.mx\/index.php\/author\/edicion\/\"}]}<\/script>\n<!-- \/ Yoast SEO plugin. -->","yoast_head_json":{"title":"Quer\u00e9taro brilla con la Feria Internacional Ganadera 2024 y la Rueda de la Fortuna m\u00e1s grande de Latinoam\u00e9rica | Nexo Informativo Santiago de Quer\u00e9taro","description":"Quer\u00e9taro brilla con la Feria Internacional Ganadera 2024 y la Rueda de la Fortuna m\u00e1s grande de Latinoam\u00e9rica","robots":{"index":"index","follow":"follow","max-snippet":"max-snippet:-1","max-image-preview":"max-image-preview:large","max-video-preview":"max-video-preview:-1"},"canonical":"https:\/\/www.nexoinformativo.mx\/index.php\/2024\/12\/01\/queretaro-brilla-con-la-feria-internacional-ganadera-2024-y-la-rueda-de-la-fortuna-mas-grande-de-latinoamerica\/","og_locale":"es_MX","og_type":"article","og_title":"Quer\u00e9taro brilla con la Feria Internacional Ganadera 2024 y la Rueda de la Fortuna m\u00e1s grande de Latinoam\u00e9rica | Nexo Informativo Santiago de Quer\u00e9taro","og_description":"Quer\u00e9taro brilla con la Feria Internacional Ganadera 2024 y la Rueda de la Fortuna m\u00e1s grande de Latinoam\u00e9rica","og_url":"https:\/\/www.nexoinformativo.mx\/index.php\/2024\/12\/01\/queretaro-brilla-con-la-feria-internacional-ganadera-2024-y-la-rueda-de-la-fortuna-mas-grande-de-latinoamerica\/","og_site_name":"Nexo Informativo Santiago de Quer\u00e9taro","article_publisher":"https:\/\/www.facebook.com\/people\/Nexo-Informativo\/61564066885511\/","article_published_time":"2024-12-01T13:00:17+00:00","article_modified_time":"2024-12-01T14:54:13+00:00","og_image":[{"width":800,"height":534,"url":"https:\/\/www.nexoinformativo.mx\/wp-content\/uploads\/2024\/12\/PHOTO-2024-12-01-08-35-40-e1733064739677.jpg","type":"image\/jpeg"}],"author":"Nexo Informativo","twitter_card":"summary_large_image","twitter_misc":{"Escrito por":"Nexo Informativo","Tiempo de lectura":"2 minutos"},"schema":{"@context":"https:\/\/schema.org","@graph":[{"@type":"Article","@id":"https:\/\/www.nexoinformativo.mx\/index.php\/2024\/12\/01\/queretaro-brilla-con-la-feria-internacional-ganadera-2024-y-la-rueda-de-la-fortuna-mas-grande-de-latinoamerica\/#article","isPartOf":{"@id":"https:\/\/www.nexoinformativo.mx\/index.php\/2024\/12\/01\/queretaro-brilla-con-la-feria-internacional-ganadera-2024-y-la-rueda-de-la-fortuna-mas-grande-de-latinoamerica\/"},"author":{"name":"Nexo Informativo","@id":"https:\/\/www.nexoinformativo.mx\/#\/schema\/person\/7749d380ba08c8ca00d7bc76fd907b7d"},"headline":"Quer\u00e9taro brilla con la Feria Internacional Ganadera 2024 y la Rueda de la Fortuna m\u00e1s grande de Latinoam\u00e9rica","datePublished":"2024-12-01T13:00:17+00:00","dateModified":"2024-12-01T14:54:13+00:00","mainEntityOfPage":{"@id":"https:\/\/www.nexoinformativo.mx\/index.php\/2024\/12\/01\/queretaro-brilla-con-la-feria-internacional-ganadera-2024-y-la-rueda-de-la-fortuna-mas-grande-de-latinoamerica\/"},"wordCount":299,"commentCount":0,"publisher":{"@id":"https:\/\/www.nexoinformativo.mx\/#organization"},"image":{"@id":"https:\/\/www.nexoinformativo.mx\/index.php\/2024\/12\/01\/queretaro-brilla-con-la-feria-internacional-ganadera-2024-y-la-rueda-de-la-fortuna-mas-grande-de-latinoamerica\/#primaryimage"},"thumbnailUrl":"https:\/\/www.nexoinformativo.mx\/wp-content\/uploads\/2024\/12\/PHOTO-2024-12-01-08-35-40-e1733064739677.jpg","keywords":["Diversi\u00f3nEnFamilia","FeriaDeQuer\u00e9taro","FIGQ2024","RuedaDeLaFortuna"],"articleSection":["Espect\u00e1culos","\u00daltima Hora"],"inLanguage":"es","potentialAction":[{"@type":"CommentAction","name":"Comment","target":["https:\/\/www.nexoinformativo.mx\/index.php\/2024\/12\/01\/queretaro-brilla-con-la-feria-internacional-ganadera-2024-y-la-rueda-de-la-fortuna-mas-grande-de-latinoamerica\/#respond"]}]},{"@type":"WebPage","@id":"https:\/\/www.nexoinformativo.mx\/index.php\/2024\/12\/01\/queretaro-brilla-con-la-feria-internacional-ganadera-2024-y-la-rueda-de-la-fortuna-mas-grande-de-latinoamerica\/","url":"https:\/\/www.nexoinformativo.mx\/index.php\/2024\/12\/01\/queretaro-brilla-con-la-feria-internacional-ganadera-2024-y-la-rueda-de-la-fortuna-mas-grande-de-latinoamerica\/","name":"Quer\u00e9taro brilla con la Feria Internacional Ganadera 2024 y la Rueda de la Fortuna m\u00e1s grande de Latinoam\u00e9rica | Nexo Informativo Santiago de Quer\u00e9taro","isPartOf":{"@id":"https:\/\/www.nexoinformativo.mx\/#website"},"primaryImageOfPage":{"@id":"https:\/\/www.nexoinformativo.mx\/index.php\/2024\/12\/01\/queretaro-brilla-con-la-feria-internacional-ganadera-2024-y-la-rueda-de-la-fortuna-mas-grande-de-latinoamerica\/#primaryimage"},"image":{"@id":"https:\/\/www.nexoinformativo.mx\/index.php\/2024\/12\/01\/queretaro-brilla-con-la-feria-internacional-ganadera-2024-y-la-rueda-de-la-fortuna-mas-grande-de-latinoamerica\/#primaryimage"},"thumbnailUrl":"https:\/\/www.nexoinformativo.mx\/wp-content\/uploads\/2024\/12\/PHOTO-2024-12-01-08-35-40-e1733064739677.jpg","datePublished":"2024-12-01T13:00:17+00:00","dateModified":"2024-12-01T14:54:13+00:00","description":"Quer\u00e9taro brilla con la Feria Internacional Ganadera 2024 y la Rueda de la Fortuna m\u00e1s grande de Latinoam\u00e9rica","breadcrumb":{"@id":"https:\/\/www.nexoinformativo.mx\/index.php\/2024\/12\/01\/queretaro-brilla-con-la-feria-internacional-ganadera-2024-y-la-rueda-de-la-fortuna-mas-grande-de-latinoamerica\/#breadcrumb"},"inLanguage":"es","potentialAction":[{"@type":"ReadAction","target":["https:\/\/www.nexoinformativo.mx\/index.php\/2024\/12\/01\/queretaro-brilla-con-la-feria-internacional-ganadera-2024-y-la-rueda-de-la-fortuna-mas-grande-de-latinoamerica\/"]}]},{"@type":"ImageObject","inLanguage":"es","@id":"https:\/\/www.nexoinformativo.mx\/index.php\/2024\/12\/01\/queretaro-brilla-con-la-feria-internacional-ganadera-2024-y-la-rueda-de-la-fortuna-mas-grande-de-latinoamerica\/#primaryimage","url":"https:\/\/www.nexoinformativo.mx\/wp-content\/uploads\/2024\/12\/PHOTO-2024-12-01-08-35-40-e1733064739677.jpg","contentUrl":"https:\/\/www.nexoinformativo.mx\/wp-content\/uploads\/2024\/12\/PHOTO-2024-12-01-08-35-40-e1733064739677.jpg","width":800,"height":534},{"@type":"BreadcrumbList","@id":"https:\/\/www.nexoinformativo.mx\/index.php\/2024\/12\/01\/queretaro-brilla-con-la-feria-internacional-ganadera-2024-y-la-rueda-de-la-fortuna-mas-grande-de-latinoamerica\/#breadcrumb","itemListElement":[{"@type":"ListItem","position":1,"name":"Inicio","item":"https:\/\/www.nexoinformativo.mx\/"},{"@type":"ListItem","position":2,"name":"Quer\u00e9taro brilla con la Feria Internacional Ganadera 2024 y la Rueda de la Fortuna m\u00e1s grande de Latinoam\u00e9rica"}]},{"@type":"WebSite","@id":"https:\/\/www.nexoinformativo.mx\/#website","url":"https:\/\/www.nexoinformativo.mx\/","name":"Nexo Informativo Santiago de Quer\u00e9taro","description":"Explora NexoInformativo y convi\u00e9rtete en parte de una comunidad que valora el conocimiento y la verdad. Tu nexoinformativo es tu puente hacia una comprensi\u00f3n m\u00e1s profunda del mundo que te rodea.","publisher":{"@id":"https:\/\/www.nexoinformativo.mx\/#organization"},"potentialAction":[{"@type":"SearchAction","target":{"@type":"EntryPoint","urlTemplate":"https:\/\/www.nexoinformativo.mx\/?s={search_term_string}"},"query-input":{"@type":"PropertyValueSpecification","valueRequired":true,"valueName":"search_term_string"}}],"inLanguage":"es"},{"@type":"Organization","@id":"https:\/\/www.nexoinformativo.mx\/#organization","name":"Nexo Informativo Santiago de Quer\u00e9taro","url":"https:\/\/www.nexoinformativo.mx\/","logo":{"@type":"ImageObject","inLanguage":"es","@id":"https:\/\/www.nexoinformativo.mx\/#\/schema\/logo\/image\/","url":"https:\/\/www.nexoinformativo.mx\/wp-content\/uploads\/2024\/07\/nexoi-trasparente-2.png","contentUrl":"https:\/\/www.nexoinformativo.mx\/wp-content\/uploads\/2024\/07\/nexoi-trasparente-2.png","width":816,"height":339,"caption":"Nexo Informativo Santiago de Quer\u00e9taro"},"image":{"@id":"https:\/\/www.nexoinformativo.mx\/#\/schema\/logo\/image\/"},"sameAs":["https:\/\/www.facebook.com\/people\/Nexo-Informativo\/61564066885511\/"]},{"@type":"Person","@id":"https:\/\/www.nexoinformativo.mx\/#\/schema\/person\/7749d380ba08c8ca00d7bc76fd907b7d","name":"Nexo Informativo","image":{"@type":"ImageObject","inLanguage":"es","@id":"https:\/\/www.nexoinformativo.mx\/#\/schema\/person\/image\/","url":"https:\/\/secure.gravatar.com\/avatar\/dde2928154642a13d95f87ddf1ea9718fe2b46760a005c53e41ff5ad610704e6?s=96&d=mm&r=g","contentUrl":"https:\/\/secure.gravatar.com\/avatar\/dde2928154642a13d95f87ddf1ea9718fe2b46760a005c53e41ff5ad610704e6?s=96&d=mm&r=g","caption":"Nexo Informativo"},"url":"https:\/\/www.nexoinformativo.mx\/index.php\/author\/edicion\/"}]}},"_links":{"self":[{"href":"https:\/\/www.nexoinformativo.mx\/index.php\/wp-json\/wp\/v2\/posts\/7275","targetHints":{"allow":["GET"]}}],"collection":[{"href":"https:\/\/www.nexoinformativo.mx\/index.php\/wp-json\/wp\/v2\/posts"}],"about":[{"href":"https:\/\/www.nexoinformativo.mx\/index.php\/wp-json\/wp\/v2\/types\/post"}],"author":[{"embeddable":true,"href":"https:\/\/www.nexoinformativo.mx\/index.php\/wp-json\/wp\/v2\/users\/3"}],"replies":[{"embeddable":true,"href":"https:\/\/www.nexoinformativo.mx\/index.php\/wp-json\/wp\/v2\/comments?post=7275"}],"version-history":[{"count":3,"href":"https:\/\/www.nexoinformativo.mx\/index.php\/wp-json\/wp\/v2\/posts\/7275\/revisions"}],"predecessor-version":[{"id":7280,"href":"https:\/\/www.nexoinformativo.mx\/index.php\/wp-json\/wp\/v2\/posts\/7275\/revisions\/7280"}],"wp:featuredmedia":[{"embeddable":true,"href":"https:\/\/www.nexoinformativo.mx\/index.php\/wp-json\/wp\/v2\/media\/7276"}],"wp:attachment":[{"href":"https:\/\/www.nexoinformativo.mx\/index.php\/wp-json\/wp\/v2\/media?parent=7275"}],"wp:term":[{"taxonomy":"category","embeddable":true,"href":"https:\/\/www.nexoinformativo.mx\/index.php\/wp-json\/wp\/v2\/categories?post=7275"},{"taxonomy":"post_tag","embeddable":true,"href":"https:\/\/www.nexoinformativo.mx\/index.php\/wp-json\/wp\/v2\/tags?post=7275"}],"curies":[{"name":"wp","href":"https:\/\/api.w.org\/{rel}","templated":true}]}}