{"id":7286,"date":"2024-12-02T09:00:26","date_gmt":"2024-12-02T15:00:26","guid":{"rendered":"https:\/\/www.nexoinformativo.mx\/?p=7286"},"modified":"2024-12-02T11:39:16","modified_gmt":"2024-12-02T17:39:16","slug":"artesanos-y-productores-de-el-marques-exponen-sus-creaciones-en-la-feria-internacional-ganadera","status":"publish","type":"post","link":"https:\/\/www.nexoinformativo.mx\/index.php\/2024\/12\/02\/artesanos-y-productores-de-el-marques-exponen-sus-creaciones-en-la-feria-internacional-ganadera\/","title":{"rendered":"Artesanos y productores de El Marqu\u00e9s exponen sus creaciones en la Feria Internacional Ganadera"},"content":{"rendered":"<p style=\"text-align: justify;\" data-sourcepos=\"9:1-9:342\">El municipio de El Marqu\u00e9s hizo una destacada presencia en la <strong>Feria Internacional Ganadera de Quer\u00e9taro (FIGQ) 2024<\/strong> con la inauguraci\u00f3n de su Pabell\u00f3n Artesanal y Comercial. El presidente municipal, Rodrigo Monsalvo Castel\u00e1n, acompa\u00f1ado de autoridades estatales, cort\u00f3 el list\u00f3n de este espacio que re\u00fane a 60 artesanos y productores locales.<\/p>\n<p>&nbsp;<\/p>\n<p style=\"text-align: justify;\" data-sourcepos=\"11:1-11:309\">El objetivo del pabell\u00f3n es impulsar la econom\u00eda local, dar a conocer la riqueza artesanal de El Marqu\u00e9s y ofrecer a los visitantes una amplia variedad de productos hechos a mano. Los asistentes pueden encontrar desde art\u00edculos de piel y cantera hasta textiles, dulces t\u00edpicos y productos de cuidado personal.<\/p>\n<p>&nbsp;<\/p>\n<p style=\"text-align: justify;\" data-sourcepos=\"13:1-13:284\">Durante el recorrido por el pabell\u00f3n, Monsalvo Castel\u00e1n reconoci\u00f3 el talento y la dedicaci\u00f3n de los artesanos locales, a quienes asegur\u00f3 que su administraci\u00f3n seguir\u00e1 trabajando para generar las condiciones necesarias para que el sector artesanal contin\u00fae creciendo y fortaleci\u00e9ndose.<\/p>\n<p>&nbsp;<\/p>\n<p style=\"text-align: justify;\" data-sourcepos=\"17:1-17:195\">Es importante destacar que el municipio de El Marqu\u00e9s gestion\u00f3 que los productores no tuvieran que pagar por participar en el pabell\u00f3n, facilitando as\u00ed su participaci\u00f3n en este importante evento.<\/p>\n<p>&nbsp;<\/p>\n<p style=\"text-align: justify;\" data-sourcepos=\"21:1-21:275\">La FIGQ se convierte en el escenario perfecto para que los artesanos de El Marqu\u00e9s muestren sus productos y conecten con nuevos clientes. Adem\u00e1s de impulsar la econom\u00eda local, este tipo de eventos contribuye a preservar las tradiciones y el patrimonio cultural del municipio.<\/p>\n<p>&nbsp;<\/p>\n<p style=\"text-align: justify;\" data-sourcepos=\"23:1-23:123\">\u00a1Visita el Pabell\u00f3n Artesanal y Comercial de El Marqu\u00e9s en la FIGQ 2024 y descubre la riqueza artesanal de esta regi\u00f3n!<\/p>\n<p>&nbsp;<\/p>\n<p style=\"text-align: center;\" data-sourcepos=\"23:1-23:123\"><em><strong>\u00a1Informaci\u00f3n que transforma!<\/strong><\/em><\/p>\n","protected":false},"excerpt":{"rendered":"<p>El municipio de El Marqu\u00e9s hizo una destacada presencia en la Feria Internacional Ganadera de Quer\u00e9taro (FIGQ) 2024 con la inauguraci\u00f3n de su Pabell\u00f3n Artesanal y Comercial.<\/p>\n","protected":false},"author":3,"featured_media":7287,"comment_status":"open","ping_status":"open","sticky":false,"template":"","format":"standard","meta":{"footnotes":""},"categories":[65,58],"tags":[660,149,2447,293],"class_list":["post-7286","post","type-post","status-publish","format-standard","has-post-thumbnail","hentry","category-municipios","category-ultima-hora","tag-artesaniamexicana","tag-elmarques","tag-emprendedoreslocales","tag-figq2024"],"yoast_head":"<!-- This site is optimized with the Yoast SEO plugin v25.0 - https:\/\/yoast.com\/wordpress\/plugins\/seo\/ -->\n<title>Artesanos y productores de El Marqu\u00e9s exponen sus creaciones en la Feria Internacional Ganadera | Nexo Informativo Santiago de Quer\u00e9taro<\/title>\n<meta name=\"description\" content=\"Artesanos y productores de El Marqu\u00e9s exponen sus creaciones en la Feria Internacional Ganadera\" \/>\n<meta name=\"robots\" content=\"index, follow, max-snippet:-1, max-image-preview:large, max-video-preview:-1\" \/>\n<link rel=\"canonical\" href=\"https:\/\/www.nexoinformativo.mx\/index.php\/2024\/12\/02\/artesanos-y-productores-de-el-marques-exponen-sus-creaciones-en-la-feria-internacional-ganadera\/\" \/>\n<meta property=\"og:locale\" content=\"es_MX\" \/>\n<meta property=\"og:type\" content=\"article\" \/>\n<meta property=\"og:title\" content=\"Artesanos y productores de El Marqu\u00e9s exponen sus creaciones en la Feria Internacional Ganadera | Nexo Informativo Santiago de Quer\u00e9taro\" \/>\n<meta property=\"og:description\" content=\"Artesanos y productores de El Marqu\u00e9s exponen sus creaciones en la Feria Internacional Ganadera\" \/>\n<meta property=\"og:url\" content=\"https:\/\/www.nexoinformativo.mx\/index.php\/2024\/12\/02\/artesanos-y-productores-de-el-marques-exponen-sus-creaciones-en-la-feria-internacional-ganadera\/\" \/>\n<meta property=\"og:site_name\" content=\"Nexo Informativo Santiago de Quer\u00e9taro\" \/>\n<meta property=\"article:publisher\" content=\"https:\/\/www.facebook.com\/people\/Nexo-Informativo\/61564066885511\/\" \/>\n<meta property=\"article:published_time\" content=\"2024-12-02T15:00:26+00:00\" \/>\n<meta property=\"article:modified_time\" content=\"2024-12-02T17:39:16+00:00\" \/>\n<meta property=\"og:image\" content=\"https:\/\/www.nexoinformativo.mx\/wp-content\/uploads\/2024\/12\/PHOTO-2024-12-02-09-24-59-e1733161061876.jpg\" \/>\n\t<meta property=\"og:image:width\" content=\"700\" \/>\n\t<meta property=\"og:image:height\" content=\"466\" \/>\n\t<meta property=\"og:image:type\" content=\"image\/jpeg\" \/>\n<meta name=\"author\" content=\"Nexo Informativo\" \/>\n<meta name=\"twitter:card\" content=\"summary_large_image\" \/>\n<meta name=\"twitter:label1\" content=\"Escrito por\" \/>\n\t<meta name=\"twitter:data1\" content=\"Nexo Informativo\" \/>\n\t<meta name=\"twitter:label2\" content=\"Tiempo de lectura\" \/>\n\t<meta name=\"twitter:data2\" content=\"2 minutos\" \/>\n<script type=\"application\/ld+json\" class=\"yoast-schema-graph\">{\"@context\":\"https:\/\/schema.org\",\"@graph\":[{\"@type\":\"Article\",\"@id\":\"https:\/\/www.nexoinformativo.mx\/index.php\/2024\/12\/02\/artesanos-y-productores-de-el-marques-exponen-sus-creaciones-en-la-feria-internacional-ganadera\/#article\",\"isPartOf\":{\"@id\":\"https:\/\/www.nexoinformativo.mx\/index.php\/2024\/12\/02\/artesanos-y-productores-de-el-marques-exponen-sus-creaciones-en-la-feria-internacional-ganadera\/\"},\"author\":{\"name\":\"Nexo Informativo\",\"@id\":\"https:\/\/www.nexoinformativo.mx\/#\/schema\/person\/7749d380ba08c8ca00d7bc76fd907b7d\"},\"headline\":\"Artesanos y productores de El Marqu\u00e9s exponen sus creaciones en la Feria Internacional Ganadera\",\"datePublished\":\"2024-12-02T15:00:26+00:00\",\"dateModified\":\"2024-12-02T17:39:16+00:00\",\"mainEntityOfPage\":{\"@id\":\"https:\/\/www.nexoinformativo.mx\/index.php\/2024\/12\/02\/artesanos-y-productores-de-el-marques-exponen-sus-creaciones-en-la-feria-internacional-ganadera\/\"},\"wordCount\":286,\"commentCount\":0,\"publisher\":{\"@id\":\"https:\/\/www.nexoinformativo.mx\/#organization\"},\"image\":{\"@id\":\"https:\/\/www.nexoinformativo.mx\/index.php\/2024\/12\/02\/artesanos-y-productores-de-el-marques-exponen-sus-creaciones-en-la-feria-internacional-ganadera\/#primaryimage\"},\"thumbnailUrl\":\"https:\/\/www.nexoinformativo.mx\/wp-content\/uploads\/2024\/12\/PHOTO-2024-12-02-09-24-59-e1733161061876.jpg\",\"keywords\":[\"Artesan\u00edaMexicana\",\"elmarques\",\"EmprendedoresLocales\",\"FIGQ2024\"],\"articleSection\":[\"Municipios\",\"\u00daltima Hora\"],\"inLanguage\":\"es\",\"potentialAction\":[{\"@type\":\"CommentAction\",\"name\":\"Comment\",\"target\":[\"https:\/\/www.nexoinformativo.mx\/index.php\/2024\/12\/02\/artesanos-y-productores-de-el-marques-exponen-sus-creaciones-en-la-feria-internacional-ganadera\/#respond\"]}]},{\"@type\":\"WebPage\",\"@id\":\"https:\/\/www.nexoinformativo.mx\/index.php\/2024\/12\/02\/artesanos-y-productores-de-el-marques-exponen-sus-creaciones-en-la-feria-internacional-ganadera\/\",\"url\":\"https:\/\/www.nexoinformativo.mx\/index.php\/2024\/12\/02\/artesanos-y-productores-de-el-marques-exponen-sus-creaciones-en-la-feria-internacional-ganadera\/\",\"name\":\"Artesanos y productores de El Marqu\u00e9s exponen sus creaciones en la Feria Internacional Ganadera | Nexo Informativo Santiago de Quer\u00e9taro\",\"isPartOf\":{\"@id\":\"https:\/\/www.nexoinformativo.mx\/#website\"},\"primaryImageOfPage\":{\"@id\":\"https:\/\/www.nexoinformativo.mx\/index.php\/2024\/12\/02\/artesanos-y-productores-de-el-marques-exponen-sus-creaciones-en-la-feria-internacional-ganadera\/#primaryimage\"},\"image\":{\"@id\":\"https:\/\/www.nexoinformativo.mx\/index.php\/2024\/12\/02\/artesanos-y-productores-de-el-marques-exponen-sus-creaciones-en-la-feria-internacional-ganadera\/#primaryimage\"},\"thumbnailUrl\":\"https:\/\/www.nexoinformativo.mx\/wp-content\/uploads\/2024\/12\/PHOTO-2024-12-02-09-24-59-e1733161061876.jpg\",\"datePublished\":\"2024-12-02T15:00:26+00:00\",\"dateModified\":\"2024-12-02T17:39:16+00:00\",\"description\":\"Artesanos y productores de El Marqu\u00e9s exponen sus creaciones en la Feria Internacional Ganadera\",\"breadcrumb\":{\"@id\":\"https:\/\/www.nexoinformativo.mx\/index.php\/2024\/12\/02\/artesanos-y-productores-de-el-marques-exponen-sus-creaciones-en-la-feria-internacional-ganadera\/#breadcrumb\"},\"inLanguage\":\"es\",\"potentialAction\":[{\"@type\":\"ReadAction\",\"target\":[\"https:\/\/www.nexoinformativo.mx\/index.php\/2024\/12\/02\/artesanos-y-productores-de-el-marques-exponen-sus-creaciones-en-la-feria-internacional-ganadera\/\"]}]},{\"@type\":\"ImageObject\",\"inLanguage\":\"es\",\"@id\":\"https:\/\/www.nexoinformativo.mx\/index.php\/2024\/12\/02\/artesanos-y-productores-de-el-marques-exponen-sus-creaciones-en-la-feria-internacional-ganadera\/#primaryimage\",\"url\":\"https:\/\/www.nexoinformativo.mx\/wp-content\/uploads\/2024\/12\/PHOTO-2024-12-02-09-24-59-e1733161061876.jpg\",\"contentUrl\":\"https:\/\/www.nexoinformativo.mx\/wp-content\/uploads\/2024\/12\/PHOTO-2024-12-02-09-24-59-e1733161061876.jpg\",\"width\":700,\"height\":466},{\"@type\":\"BreadcrumbList\",\"@id\":\"https:\/\/www.nexoinformativo.mx\/index.php\/2024\/12\/02\/artesanos-y-productores-de-el-marques-exponen-sus-creaciones-en-la-feria-internacional-ganadera\/#breadcrumb\",\"itemListElement\":[{\"@type\":\"ListItem\",\"position\":1,\"name\":\"Inicio\",\"item\":\"https:\/\/www.nexoinformativo.mx\/\"},{\"@type\":\"ListItem\",\"position\":2,\"name\":\"Artesanos y productores de El Marqu\u00e9s exponen sus creaciones en la Feria Internacional Ganadera\"}]},{\"@type\":\"WebSite\",\"@id\":\"https:\/\/www.nexoinformativo.mx\/#website\",\"url\":\"https:\/\/www.nexoinformativo.mx\/\",\"name\":\"Nexo Informativo Santiago de Quer\u00e9taro\",\"description\":\"Explora NexoInformativo y convi\u00e9rtete en parte de una comunidad que valora el conocimiento y la verdad. Tu nexoinformativo es tu puente hacia una comprensi\u00f3n m\u00e1s profunda del mundo que te rodea.\",\"publisher\":{\"@id\":\"https:\/\/www.nexoinformativo.mx\/#organization\"},\"potentialAction\":[{\"@type\":\"SearchAction\",\"target\":{\"@type\":\"EntryPoint\",\"urlTemplate\":\"https:\/\/www.nexoinformativo.mx\/?s={search_term_string}\"},\"query-input\":{\"@type\":\"PropertyValueSpecification\",\"valueRequired\":true,\"valueName\":\"search_term_string\"}}],\"inLanguage\":\"es\"},{\"@type\":\"Organization\",\"@id\":\"https:\/\/www.nexoinformativo.mx\/#organization\",\"name\":\"Nexo Informativo Santiago de Quer\u00e9taro\",\"url\":\"https:\/\/www.nexoinformativo.mx\/\",\"logo\":{\"@type\":\"ImageObject\",\"inLanguage\":\"es\",\"@id\":\"https:\/\/www.nexoinformativo.mx\/#\/schema\/logo\/image\/\",\"url\":\"https:\/\/www.nexoinformativo.mx\/wp-content\/uploads\/2024\/07\/nexoi-trasparente-2.png\",\"contentUrl\":\"https:\/\/www.nexoinformativo.mx\/wp-content\/uploads\/2024\/07\/nexoi-trasparente-2.png\",\"width\":816,\"height\":339,\"caption\":\"Nexo Informativo Santiago de Quer\u00e9taro\"},\"image\":{\"@id\":\"https:\/\/www.nexoinformativo.mx\/#\/schema\/logo\/image\/\"},\"sameAs\":[\"https:\/\/www.facebook.com\/people\/Nexo-Informativo\/61564066885511\/\"]},{\"@type\":\"Person\",\"@id\":\"https:\/\/www.nexoinformativo.mx\/#\/schema\/person\/7749d380ba08c8ca00d7bc76fd907b7d\",\"name\":\"Nexo Informativo\",\"image\":{\"@type\":\"ImageObject\",\"inLanguage\":\"es\",\"@id\":\"https:\/\/www.nexoinformativo.mx\/#\/schema\/person\/image\/\",\"url\":\"https:\/\/secure.gravatar.com\/avatar\/dde2928154642a13d95f87ddf1ea9718fe2b46760a005c53e41ff5ad610704e6?s=96&d=mm&r=g\",\"contentUrl\":\"https:\/\/secure.gravatar.com\/avatar\/dde2928154642a13d95f87ddf1ea9718fe2b46760a005c53e41ff5ad610704e6?s=96&d=mm&r=g\",\"caption\":\"Nexo Informativo\"},\"url\":\"https:\/\/www.nexoinformativo.mx\/index.php\/author\/edicion\/\"}]}<\/script>\n<!-- \/ Yoast SEO plugin. -->","yoast_head_json":{"title":"Artesanos y productores de El Marqu\u00e9s exponen sus creaciones en la Feria Internacional Ganadera | Nexo Informativo Santiago de Quer\u00e9taro","description":"Artesanos y productores de El Marqu\u00e9s exponen sus creaciones en la Feria Internacional Ganadera","robots":{"index":"index","follow":"follow","max-snippet":"max-snippet:-1","max-image-preview":"max-image-preview:large","max-video-preview":"max-video-preview:-1"},"canonical":"https:\/\/www.nexoinformativo.mx\/index.php\/2024\/12\/02\/artesanos-y-productores-de-el-marques-exponen-sus-creaciones-en-la-feria-internacional-ganadera\/","og_locale":"es_MX","og_type":"article","og_title":"Artesanos y productores de El Marqu\u00e9s exponen sus creaciones en la Feria Internacional Ganadera | Nexo Informativo Santiago de Quer\u00e9taro","og_description":"Artesanos y productores de El Marqu\u00e9s exponen sus creaciones en la Feria Internacional Ganadera","og_url":"https:\/\/www.nexoinformativo.mx\/index.php\/2024\/12\/02\/artesanos-y-productores-de-el-marques-exponen-sus-creaciones-en-la-feria-internacional-ganadera\/","og_site_name":"Nexo Informativo Santiago de Quer\u00e9taro","article_publisher":"https:\/\/www.facebook.com\/people\/Nexo-Informativo\/61564066885511\/","article_published_time":"2024-12-02T15:00:26+00:00","article_modified_time":"2024-12-02T17:39:16+00:00","og_image":[{"width":700,"height":466,"url":"https:\/\/www.nexoinformativo.mx\/wp-content\/uploads\/2024\/12\/PHOTO-2024-12-02-09-24-59-e1733161061876.jpg","type":"image\/jpeg"}],"author":"Nexo Informativo","twitter_card":"summary_large_image","twitter_misc":{"Escrito por":"Nexo Informativo","Tiempo de lectura":"2 minutos"},"schema":{"@context":"https:\/\/schema.org","@graph":[{"@type":"Article","@id":"https:\/\/www.nexoinformativo.mx\/index.php\/2024\/12\/02\/artesanos-y-productores-de-el-marques-exponen-sus-creaciones-en-la-feria-internacional-ganadera\/#article","isPartOf":{"@id":"https:\/\/www.nexoinformativo.mx\/index.php\/2024\/12\/02\/artesanos-y-productores-de-el-marques-exponen-sus-creaciones-en-la-feria-internacional-ganadera\/"},"author":{"name":"Nexo Informativo","@id":"https:\/\/www.nexoinformativo.mx\/#\/schema\/person\/7749d380ba08c8ca00d7bc76fd907b7d"},"headline":"Artesanos y productores de El Marqu\u00e9s exponen sus creaciones en la Feria Internacional Ganadera","datePublished":"2024-12-02T15:00:26+00:00","dateModified":"2024-12-02T17:39:16+00:00","mainEntityOfPage":{"@id":"https:\/\/www.nexoinformativo.mx\/index.php\/2024\/12\/02\/artesanos-y-productores-de-el-marques-exponen-sus-creaciones-en-la-feria-internacional-ganadera\/"},"wordCount":286,"commentCount":0,"publisher":{"@id":"https:\/\/www.nexoinformativo.mx\/#organization"},"image":{"@id":"https:\/\/www.nexoinformativo.mx\/index.php\/2024\/12\/02\/artesanos-y-productores-de-el-marques-exponen-sus-creaciones-en-la-feria-internacional-ganadera\/#primaryimage"},"thumbnailUrl":"https:\/\/www.nexoinformativo.mx\/wp-content\/uploads\/2024\/12\/PHOTO-2024-12-02-09-24-59-e1733161061876.jpg","keywords":["Artesan\u00edaMexicana","elmarques","EmprendedoresLocales","FIGQ2024"],"articleSection":["Municipios","\u00daltima Hora"],"inLanguage":"es","potentialAction":[{"@type":"CommentAction","name":"Comment","target":["https:\/\/www.nexoinformativo.mx\/index.php\/2024\/12\/02\/artesanos-y-productores-de-el-marques-exponen-sus-creaciones-en-la-feria-internacional-ganadera\/#respond"]}]},{"@type":"WebPage","@id":"https:\/\/www.nexoinformativo.mx\/index.php\/2024\/12\/02\/artesanos-y-productores-de-el-marques-exponen-sus-creaciones-en-la-feria-internacional-ganadera\/","url":"https:\/\/www.nexoinformativo.mx\/index.php\/2024\/12\/02\/artesanos-y-productores-de-el-marques-exponen-sus-creaciones-en-la-feria-internacional-ganadera\/","name":"Artesanos y productores de El Marqu\u00e9s exponen sus creaciones en la Feria Internacional Ganadera | Nexo Informativo Santiago de Quer\u00e9taro","isPartOf":{"@id":"https:\/\/www.nexoinformativo.mx\/#website"},"primaryImageOfPage":{"@id":"https:\/\/www.nexoinformativo.mx\/index.php\/2024\/12\/02\/artesanos-y-productores-de-el-marques-exponen-sus-creaciones-en-la-feria-internacional-ganadera\/#primaryimage"},"image":{"@id":"https:\/\/www.nexoinformativo.mx\/index.php\/2024\/12\/02\/artesanos-y-productores-de-el-marques-exponen-sus-creaciones-en-la-feria-internacional-ganadera\/#primaryimage"},"thumbnailUrl":"https:\/\/www.nexoinformativo.mx\/wp-content\/uploads\/2024\/12\/PHOTO-2024-12-02-09-24-59-e1733161061876.jpg","datePublished":"2024-12-02T15:00:26+00:00","dateModified":"2024-12-02T17:39:16+00:00","description":"Artesanos y productores de El Marqu\u00e9s exponen sus creaciones en la Feria Internacional Ganadera","breadcrumb":{"@id":"https:\/\/www.nexoinformativo.mx\/index.php\/2024\/12\/02\/artesanos-y-productores-de-el-marques-exponen-sus-creaciones-en-la-feria-internacional-ganadera\/#breadcrumb"},"inLanguage":"es","potentialAction":[{"@type":"ReadAction","target":["https:\/\/www.nexoinformativo.mx\/index.php\/2024\/12\/02\/artesanos-y-productores-de-el-marques-exponen-sus-creaciones-en-la-feria-internacional-ganadera\/"]}]},{"@type":"ImageObject","inLanguage":"es","@id":"https:\/\/www.nexoinformativo.mx\/index.php\/2024\/12\/02\/artesanos-y-productores-de-el-marques-exponen-sus-creaciones-en-la-feria-internacional-ganadera\/#primaryimage","url":"https:\/\/www.nexoinformativo.mx\/wp-content\/uploads\/2024\/12\/PHOTO-2024-12-02-09-24-59-e1733161061876.jpg","contentUrl":"https:\/\/www.nexoinformativo.mx\/wp-content\/uploads\/2024\/12\/PHOTO-2024-12-02-09-24-59-e1733161061876.jpg","width":700,"height":466},{"@type":"BreadcrumbList","@id":"https:\/\/www.nexoinformativo.mx\/index.php\/2024\/12\/02\/artesanos-y-productores-de-el-marques-exponen-sus-creaciones-en-la-feria-internacional-ganadera\/#breadcrumb","itemListElement":[{"@type":"ListItem","position":1,"name":"Inicio","item":"https:\/\/www.nexoinformativo.mx\/"},{"@type":"ListItem","position":2,"name":"Artesanos y productores de El Marqu\u00e9s exponen sus creaciones en la Feria Internacional Ganadera"}]},{"@type":"WebSite","@id":"https:\/\/www.nexoinformativo.mx\/#website","url":"https:\/\/www.nexoinformativo.mx\/","name":"Nexo Informativo Santiago de Quer\u00e9taro","description":"Explora NexoInformativo y convi\u00e9rtete en parte de una comunidad que valora el conocimiento y la verdad. Tu nexoinformativo es tu puente hacia una comprensi\u00f3n m\u00e1s profunda del mundo que te rodea.","publisher":{"@id":"https:\/\/www.nexoinformativo.mx\/#organization"},"potentialAction":[{"@type":"SearchAction","target":{"@type":"EntryPoint","urlTemplate":"https:\/\/www.nexoinformativo.mx\/?s={search_term_string}"},"query-input":{"@type":"PropertyValueSpecification","valueRequired":true,"valueName":"search_term_string"}}],"inLanguage":"es"},{"@type":"Organization","@id":"https:\/\/www.nexoinformativo.mx\/#organization","name":"Nexo Informativo Santiago de Quer\u00e9taro","url":"https:\/\/www.nexoinformativo.mx\/","logo":{"@type":"ImageObject","inLanguage":"es","@id":"https:\/\/www.nexoinformativo.mx\/#\/schema\/logo\/image\/","url":"https:\/\/www.nexoinformativo.mx\/wp-content\/uploads\/2024\/07\/nexoi-trasparente-2.png","contentUrl":"https:\/\/www.nexoinformativo.mx\/wp-content\/uploads\/2024\/07\/nexoi-trasparente-2.png","width":816,"height":339,"caption":"Nexo Informativo Santiago de Quer\u00e9taro"},"image":{"@id":"https:\/\/www.nexoinformativo.mx\/#\/schema\/logo\/image\/"},"sameAs":["https:\/\/www.facebook.com\/people\/Nexo-Informativo\/61564066885511\/"]},{"@type":"Person","@id":"https:\/\/www.nexoinformativo.mx\/#\/schema\/person\/7749d380ba08c8ca00d7bc76fd907b7d","name":"Nexo Informativo","image":{"@type":"ImageObject","inLanguage":"es","@id":"https:\/\/www.nexoinformativo.mx\/#\/schema\/person\/image\/","url":"https:\/\/secure.gravatar.com\/avatar\/dde2928154642a13d95f87ddf1ea9718fe2b46760a005c53e41ff5ad610704e6?s=96&d=mm&r=g","contentUrl":"https:\/\/secure.gravatar.com\/avatar\/dde2928154642a13d95f87ddf1ea9718fe2b46760a005c53e41ff5ad610704e6?s=96&d=mm&r=g","caption":"Nexo Informativo"},"url":"https:\/\/www.nexoinformativo.mx\/index.php\/author\/edicion\/"}]}},"_links":{"self":[{"href":"https:\/\/www.nexoinformativo.mx\/index.php\/wp-json\/wp\/v2\/posts\/7286","targetHints":{"allow":["GET"]}}],"collection":[{"href":"https:\/\/www.nexoinformativo.mx\/index.php\/wp-json\/wp\/v2\/posts"}],"about":[{"href":"https:\/\/www.nexoinformativo.mx\/index.php\/wp-json\/wp\/v2\/types\/post"}],"author":[{"embeddable":true,"href":"https:\/\/www.nexoinformativo.mx\/index.php\/wp-json\/wp\/v2\/users\/3"}],"replies":[{"embeddable":true,"href":"https:\/\/www.nexoinformativo.mx\/index.php\/wp-json\/wp\/v2\/comments?post=7286"}],"version-history":[{"count":4,"href":"https:\/\/www.nexoinformativo.mx\/index.php\/wp-json\/wp\/v2\/posts\/7286\/revisions"}],"predecessor-version":[{"id":7291,"href":"https:\/\/www.nexoinformativo.mx\/index.php\/wp-json\/wp\/v2\/posts\/7286\/revisions\/7291"}],"wp:featuredmedia":[{"embeddable":true,"href":"https:\/\/www.nexoinformativo.mx\/index.php\/wp-json\/wp\/v2\/media\/7287"}],"wp:attachment":[{"href":"https:\/\/www.nexoinformativo.mx\/index.php\/wp-json\/wp\/v2\/media?parent=7286"}],"wp:term":[{"taxonomy":"category","embeddable":true,"href":"https:\/\/www.nexoinformativo.mx\/index.php\/wp-json\/wp\/v2\/categories?post=7286"},{"taxonomy":"post_tag","embeddable":true,"href":"https:\/\/www.nexoinformativo.mx\/index.php\/wp-json\/wp\/v2\/tags?post=7286"}],"curies":[{"name":"wp","href":"https:\/\/api.w.org\/{rel}","templated":true}]}}