{"id":7314,"date":"2024-12-02T11:30:45","date_gmt":"2024-12-02T17:30:45","guid":{"rendered":"https:\/\/www.nexoinformativo.mx\/?p=7314"},"modified":"2024-12-02T12:29:58","modified_gmt":"2024-12-02T18:29:58","slug":"feria-internacional-ganadera-de-queretaro-2024-un-exito-en-seguridad-y-asistencia","status":"publish","type":"post","link":"https:\/\/www.nexoinformativo.mx\/index.php\/2024\/12\/02\/feria-internacional-ganadera-de-queretaro-2024-un-exito-en-seguridad-y-asistencia\/","title":{"rendered":"Feria Internacional Ganadera de Quer\u00e9taro 2024: Un \u00e9xito en seguridad y asistencia"},"content":{"rendered":"<p style=\"text-align: justify;\" data-sourcepos=\"9:1-9:235\">La Feria Internacional Ganadera de Quer\u00e9taro (FIGQ) 2024 inici\u00f3 con gran \u00e9xito su primer fin de semana, recibiendo a m\u00e1s de 52 mil visitantes que disfrutaron de las diversas actividades y atracciones que ofrece este tradicional evento.<\/p>\n<p>&nbsp;<\/p>\n<p style=\"text-align: justify;\" data-sourcepos=\"11:1-11:269\">El director general de la Coordinaci\u00f3n Estatal de Protecci\u00f3n Civil de Quer\u00e9taro (CEPCQ), Javier Amaya Torres, destac\u00f3 el comportamiento ejemplar de los asistentes, quienes siguieron las recomendaciones de seguridad y contribuyeron a crear un ambiente familiar y seguro.<\/p>\n<p>&nbsp;<\/p>\n<p style=\"text-align: justify;\" data-sourcepos=\"13:1-13:360\">Gracias a un dispositivo de seguridad integral, que incluy\u00f3 la participaci\u00f3n de elementos de diversas corporaciones, se logr\u00f3 brindar atenci\u00f3n m\u00e9dica a 17 personas por incidentes menores, como lesiones leves y malestares. Adem\u00e1s, se implementaron medidas preventivas para evitar riesgos asociados a las bajas temperaturas y a la gran concentraci\u00f3n de personas.<\/p>\n<p>&nbsp;<\/p>\n<p style=\"text-align: justify;\" data-sourcepos=\"17:1-17:298\">Las autoridades realizaron recorridos de supervisi\u00f3n en todas las \u00e1reas del recinto ferial, incluyendo los pabellones de exposici\u00f3n, juegos mec\u00e1nicos y escenarios para eventos art\u00edsticos. Estas acciones permitieron garantizar la seguridad de todos los asistentes y evitar cualquier incidente mayor.<\/p>\n<p>&nbsp;<\/p>\n<p style=\"text-align: justify;\" data-sourcepos=\"21:1-21:244\">Las autoridades agradecieron a los visitantes su colaboraci\u00f3n y participaci\u00f3n en la FIGQ 2024. Invitan a continuar disfrutando de este evento familiar y a seguir las recomendaciones de seguridad para que todos puedan pasar un momento agradable.<\/p>\n<p>&nbsp;<\/p>\n<p style=\"text-align: justify;\" data-sourcepos=\"23:1-23:158\">La FIGQ 2024 demuestra una vez m\u00e1s su capacidad para organizar eventos seguros y exitosos, consolid\u00e1ndose como una de las ferias mas importantes del pa\u00eds.<\/p>\n<p>&nbsp;<\/p>\n<p style=\"text-align: center;\" data-sourcepos=\"23:1-23:158\"><em><strong>\u00a1Informaci\u00f3n que transforma!<\/strong><\/em><\/p>\n","protected":false},"excerpt":{"rendered":"<p>La Feria Internacional Ganadera de Quer\u00e9taro (FIGQ) 2024 inici\u00f3 con gran \u00e9xito su primer fin de semana, recibiendo a m\u00e1s de 52 mil visitantes que disfrutaron de las diversas actividades y atracciones que ofrece este tradicional evento.<\/p>\n","protected":false},"author":3,"featured_media":7315,"comment_status":"open","ping_status":"open","sticky":false,"template":"","format":"standard","meta":{"footnotes":""},"categories":[65,58],"tags":[2230,2443,293,131],"class_list":["post-7314","post","type-post","status-publish","format-standard","has-post-thumbnail","hentry","category-municipios","category-ultima-hora","tag-familia","tag-feriadequeretaro","tag-figq2024","tag-seguridad"],"yoast_head":"<!-- This site is optimized with the Yoast SEO plugin v25.0 - https:\/\/yoast.com\/wordpress\/plugins\/seo\/ -->\n<title>Feria Internacional Ganadera de Quer\u00e9taro 2024: Un \u00e9xito en seguridad y asistencia | Nexo Informativo Santiago de Quer\u00e9taro<\/title>\n<meta name=\"description\" content=\"Feria Internacional Ganadera de Quer\u00e9taro 2024: Un \u00e9xito en seguridad y asistencia\" \/>\n<meta name=\"robots\" content=\"index, follow, max-snippet:-1, max-image-preview:large, max-video-preview:-1\" \/>\n<link rel=\"canonical\" href=\"https:\/\/www.nexoinformativo.mx\/index.php\/2024\/12\/02\/feria-internacional-ganadera-de-queretaro-2024-un-exito-en-seguridad-y-asistencia\/\" \/>\n<meta property=\"og:locale\" content=\"es_MX\" \/>\n<meta property=\"og:type\" content=\"article\" \/>\n<meta property=\"og:title\" content=\"Feria Internacional Ganadera de Quer\u00e9taro 2024: Un \u00e9xito en seguridad y asistencia | Nexo Informativo Santiago de Quer\u00e9taro\" \/>\n<meta property=\"og:description\" content=\"Feria Internacional Ganadera de Quer\u00e9taro 2024: Un \u00e9xito en seguridad y asistencia\" \/>\n<meta property=\"og:url\" content=\"https:\/\/www.nexoinformativo.mx\/index.php\/2024\/12\/02\/feria-internacional-ganadera-de-queretaro-2024-un-exito-en-seguridad-y-asistencia\/\" \/>\n<meta property=\"og:site_name\" content=\"Nexo Informativo Santiago de Quer\u00e9taro\" \/>\n<meta property=\"article:publisher\" content=\"https:\/\/www.facebook.com\/people\/Nexo-Informativo\/61564066885511\/\" \/>\n<meta property=\"article:published_time\" content=\"2024-12-02T17:30:45+00:00\" \/>\n<meta property=\"article:modified_time\" content=\"2024-12-02T18:29:58+00:00\" \/>\n<meta property=\"og:image\" content=\"https:\/\/www.nexoinformativo.mx\/wp-content\/uploads\/2024\/12\/IMG_8304-e1733164118876.jpg\" \/>\n\t<meta property=\"og:image:width\" content=\"700\" \/>\n\t<meta property=\"og:image:height\" content=\"394\" \/>\n\t<meta property=\"og:image:type\" content=\"image\/jpeg\" \/>\n<meta name=\"author\" content=\"Nexo Informativo\" \/>\n<meta name=\"twitter:card\" content=\"summary_large_image\" \/>\n<meta name=\"twitter:label1\" content=\"Escrito por\" \/>\n\t<meta name=\"twitter:data1\" content=\"Nexo Informativo\" \/>\n\t<meta name=\"twitter:label2\" content=\"Tiempo de lectura\" \/>\n\t<meta name=\"twitter:data2\" content=\"2 minutos\" \/>\n<script type=\"application\/ld+json\" class=\"yoast-schema-graph\">{\"@context\":\"https:\/\/schema.org\",\"@graph\":[{\"@type\":\"Article\",\"@id\":\"https:\/\/www.nexoinformativo.mx\/index.php\/2024\/12\/02\/feria-internacional-ganadera-de-queretaro-2024-un-exito-en-seguridad-y-asistencia\/#article\",\"isPartOf\":{\"@id\":\"https:\/\/www.nexoinformativo.mx\/index.php\/2024\/12\/02\/feria-internacional-ganadera-de-queretaro-2024-un-exito-en-seguridad-y-asistencia\/\"},\"author\":{\"name\":\"Nexo Informativo\",\"@id\":\"https:\/\/www.nexoinformativo.mx\/#\/schema\/person\/7749d380ba08c8ca00d7bc76fd907b7d\"},\"headline\":\"Feria Internacional Ganadera de Quer\u00e9taro 2024: Un \u00e9xito en seguridad y asistencia\",\"datePublished\":\"2024-12-02T17:30:45+00:00\",\"dateModified\":\"2024-12-02T18:29:58+00:00\",\"mainEntityOfPage\":{\"@id\":\"https:\/\/www.nexoinformativo.mx\/index.php\/2024\/12\/02\/feria-internacional-ganadera-de-queretaro-2024-un-exito-en-seguridad-y-asistencia\/\"},\"wordCount\":265,\"commentCount\":0,\"publisher\":{\"@id\":\"https:\/\/www.nexoinformativo.mx\/#organization\"},\"image\":{\"@id\":\"https:\/\/www.nexoinformativo.mx\/index.php\/2024\/12\/02\/feria-internacional-ganadera-de-queretaro-2024-un-exito-en-seguridad-y-asistencia\/#primaryimage\"},\"thumbnailUrl\":\"https:\/\/www.nexoinformativo.mx\/wp-content\/uploads\/2024\/12\/IMG_8304-e1733164118876.jpg\",\"keywords\":[\"Familia\",\"FeriaDeQuer\u00e9taro\",\"FIGQ2024\",\"Seguridad\"],\"articleSection\":[\"Municipios\",\"\u00daltima Hora\"],\"inLanguage\":\"es\",\"potentialAction\":[{\"@type\":\"CommentAction\",\"name\":\"Comment\",\"target\":[\"https:\/\/www.nexoinformativo.mx\/index.php\/2024\/12\/02\/feria-internacional-ganadera-de-queretaro-2024-un-exito-en-seguridad-y-asistencia\/#respond\"]}]},{\"@type\":\"WebPage\",\"@id\":\"https:\/\/www.nexoinformativo.mx\/index.php\/2024\/12\/02\/feria-internacional-ganadera-de-queretaro-2024-un-exito-en-seguridad-y-asistencia\/\",\"url\":\"https:\/\/www.nexoinformativo.mx\/index.php\/2024\/12\/02\/feria-internacional-ganadera-de-queretaro-2024-un-exito-en-seguridad-y-asistencia\/\",\"name\":\"Feria Internacional Ganadera de Quer\u00e9taro 2024: Un \u00e9xito en seguridad y asistencia | Nexo Informativo Santiago de Quer\u00e9taro\",\"isPartOf\":{\"@id\":\"https:\/\/www.nexoinformativo.mx\/#website\"},\"primaryImageOfPage\":{\"@id\":\"https:\/\/www.nexoinformativo.mx\/index.php\/2024\/12\/02\/feria-internacional-ganadera-de-queretaro-2024-un-exito-en-seguridad-y-asistencia\/#primaryimage\"},\"image\":{\"@id\":\"https:\/\/www.nexoinformativo.mx\/index.php\/2024\/12\/02\/feria-internacional-ganadera-de-queretaro-2024-un-exito-en-seguridad-y-asistencia\/#primaryimage\"},\"thumbnailUrl\":\"https:\/\/www.nexoinformativo.mx\/wp-content\/uploads\/2024\/12\/IMG_8304-e1733164118876.jpg\",\"datePublished\":\"2024-12-02T17:30:45+00:00\",\"dateModified\":\"2024-12-02T18:29:58+00:00\",\"description\":\"Feria Internacional Ganadera de Quer\u00e9taro 2024: Un \u00e9xito en seguridad y asistencia\",\"breadcrumb\":{\"@id\":\"https:\/\/www.nexoinformativo.mx\/index.php\/2024\/12\/02\/feria-internacional-ganadera-de-queretaro-2024-un-exito-en-seguridad-y-asistencia\/#breadcrumb\"},\"inLanguage\":\"es\",\"potentialAction\":[{\"@type\":\"ReadAction\",\"target\":[\"https:\/\/www.nexoinformativo.mx\/index.php\/2024\/12\/02\/feria-internacional-ganadera-de-queretaro-2024-un-exito-en-seguridad-y-asistencia\/\"]}]},{\"@type\":\"ImageObject\",\"inLanguage\":\"es\",\"@id\":\"https:\/\/www.nexoinformativo.mx\/index.php\/2024\/12\/02\/feria-internacional-ganadera-de-queretaro-2024-un-exito-en-seguridad-y-asistencia\/#primaryimage\",\"url\":\"https:\/\/www.nexoinformativo.mx\/wp-content\/uploads\/2024\/12\/IMG_8304-e1733164118876.jpg\",\"contentUrl\":\"https:\/\/www.nexoinformativo.mx\/wp-content\/uploads\/2024\/12\/IMG_8304-e1733164118876.jpg\",\"width\":700,\"height\":394},{\"@type\":\"BreadcrumbList\",\"@id\":\"https:\/\/www.nexoinformativo.mx\/index.php\/2024\/12\/02\/feria-internacional-ganadera-de-queretaro-2024-un-exito-en-seguridad-y-asistencia\/#breadcrumb\",\"itemListElement\":[{\"@type\":\"ListItem\",\"position\":1,\"name\":\"Inicio\",\"item\":\"https:\/\/www.nexoinformativo.mx\/\"},{\"@type\":\"ListItem\",\"position\":2,\"name\":\"Feria Internacional Ganadera de Quer\u00e9taro 2024: Un \u00e9xito en seguridad y asistencia\"}]},{\"@type\":\"WebSite\",\"@id\":\"https:\/\/www.nexoinformativo.mx\/#website\",\"url\":\"https:\/\/www.nexoinformativo.mx\/\",\"name\":\"Nexo Informativo Santiago de Quer\u00e9taro\",\"description\":\"Explora NexoInformativo y convi\u00e9rtete en parte de una comunidad que valora el conocimiento y la verdad. Tu nexoinformativo es tu puente hacia una comprensi\u00f3n m\u00e1s profunda del mundo que te rodea.\",\"publisher\":{\"@id\":\"https:\/\/www.nexoinformativo.mx\/#organization\"},\"potentialAction\":[{\"@type\":\"SearchAction\",\"target\":{\"@type\":\"EntryPoint\",\"urlTemplate\":\"https:\/\/www.nexoinformativo.mx\/?s={search_term_string}\"},\"query-input\":{\"@type\":\"PropertyValueSpecification\",\"valueRequired\":true,\"valueName\":\"search_term_string\"}}],\"inLanguage\":\"es\"},{\"@type\":\"Organization\",\"@id\":\"https:\/\/www.nexoinformativo.mx\/#organization\",\"name\":\"Nexo Informativo Santiago de Quer\u00e9taro\",\"url\":\"https:\/\/www.nexoinformativo.mx\/\",\"logo\":{\"@type\":\"ImageObject\",\"inLanguage\":\"es\",\"@id\":\"https:\/\/www.nexoinformativo.mx\/#\/schema\/logo\/image\/\",\"url\":\"https:\/\/www.nexoinformativo.mx\/wp-content\/uploads\/2024\/07\/nexoi-trasparente-2.png\",\"contentUrl\":\"https:\/\/www.nexoinformativo.mx\/wp-content\/uploads\/2024\/07\/nexoi-trasparente-2.png\",\"width\":816,\"height\":339,\"caption\":\"Nexo Informativo Santiago de Quer\u00e9taro\"},\"image\":{\"@id\":\"https:\/\/www.nexoinformativo.mx\/#\/schema\/logo\/image\/\"},\"sameAs\":[\"https:\/\/www.facebook.com\/people\/Nexo-Informativo\/61564066885511\/\"]},{\"@type\":\"Person\",\"@id\":\"https:\/\/www.nexoinformativo.mx\/#\/schema\/person\/7749d380ba08c8ca00d7bc76fd907b7d\",\"name\":\"Nexo Informativo\",\"image\":{\"@type\":\"ImageObject\",\"inLanguage\":\"es\",\"@id\":\"https:\/\/www.nexoinformativo.mx\/#\/schema\/person\/image\/\",\"url\":\"https:\/\/secure.gravatar.com\/avatar\/dde2928154642a13d95f87ddf1ea9718fe2b46760a005c53e41ff5ad610704e6?s=96&d=mm&r=g\",\"contentUrl\":\"https:\/\/secure.gravatar.com\/avatar\/dde2928154642a13d95f87ddf1ea9718fe2b46760a005c53e41ff5ad610704e6?s=96&d=mm&r=g\",\"caption\":\"Nexo Informativo\"},\"url\":\"https:\/\/www.nexoinformativo.mx\/index.php\/author\/edicion\/\"}]}<\/script>\n<!-- \/ Yoast SEO plugin. -->","yoast_head_json":{"title":"Feria Internacional Ganadera de Quer\u00e9taro 2024: Un \u00e9xito en seguridad y asistencia | Nexo Informativo Santiago de Quer\u00e9taro","description":"Feria Internacional Ganadera de Quer\u00e9taro 2024: Un \u00e9xito en seguridad y asistencia","robots":{"index":"index","follow":"follow","max-snippet":"max-snippet:-1","max-image-preview":"max-image-preview:large","max-video-preview":"max-video-preview:-1"},"canonical":"https:\/\/www.nexoinformativo.mx\/index.php\/2024\/12\/02\/feria-internacional-ganadera-de-queretaro-2024-un-exito-en-seguridad-y-asistencia\/","og_locale":"es_MX","og_type":"article","og_title":"Feria Internacional Ganadera de Quer\u00e9taro 2024: Un \u00e9xito en seguridad y asistencia | Nexo Informativo Santiago de Quer\u00e9taro","og_description":"Feria Internacional Ganadera de Quer\u00e9taro 2024: Un \u00e9xito en seguridad y asistencia","og_url":"https:\/\/www.nexoinformativo.mx\/index.php\/2024\/12\/02\/feria-internacional-ganadera-de-queretaro-2024-un-exito-en-seguridad-y-asistencia\/","og_site_name":"Nexo Informativo Santiago de Quer\u00e9taro","article_publisher":"https:\/\/www.facebook.com\/people\/Nexo-Informativo\/61564066885511\/","article_published_time":"2024-12-02T17:30:45+00:00","article_modified_time":"2024-12-02T18:29:58+00:00","og_image":[{"width":700,"height":394,"url":"https:\/\/www.nexoinformativo.mx\/wp-content\/uploads\/2024\/12\/IMG_8304-e1733164118876.jpg","type":"image\/jpeg"}],"author":"Nexo Informativo","twitter_card":"summary_large_image","twitter_misc":{"Escrito por":"Nexo Informativo","Tiempo de lectura":"2 minutos"},"schema":{"@context":"https:\/\/schema.org","@graph":[{"@type":"Article","@id":"https:\/\/www.nexoinformativo.mx\/index.php\/2024\/12\/02\/feria-internacional-ganadera-de-queretaro-2024-un-exito-en-seguridad-y-asistencia\/#article","isPartOf":{"@id":"https:\/\/www.nexoinformativo.mx\/index.php\/2024\/12\/02\/feria-internacional-ganadera-de-queretaro-2024-un-exito-en-seguridad-y-asistencia\/"},"author":{"name":"Nexo Informativo","@id":"https:\/\/www.nexoinformativo.mx\/#\/schema\/person\/7749d380ba08c8ca00d7bc76fd907b7d"},"headline":"Feria Internacional Ganadera de Quer\u00e9taro 2024: Un \u00e9xito en seguridad y asistencia","datePublished":"2024-12-02T17:30:45+00:00","dateModified":"2024-12-02T18:29:58+00:00","mainEntityOfPage":{"@id":"https:\/\/www.nexoinformativo.mx\/index.php\/2024\/12\/02\/feria-internacional-ganadera-de-queretaro-2024-un-exito-en-seguridad-y-asistencia\/"},"wordCount":265,"commentCount":0,"publisher":{"@id":"https:\/\/www.nexoinformativo.mx\/#organization"},"image":{"@id":"https:\/\/www.nexoinformativo.mx\/index.php\/2024\/12\/02\/feria-internacional-ganadera-de-queretaro-2024-un-exito-en-seguridad-y-asistencia\/#primaryimage"},"thumbnailUrl":"https:\/\/www.nexoinformativo.mx\/wp-content\/uploads\/2024\/12\/IMG_8304-e1733164118876.jpg","keywords":["Familia","FeriaDeQuer\u00e9taro","FIGQ2024","Seguridad"],"articleSection":["Municipios","\u00daltima Hora"],"inLanguage":"es","potentialAction":[{"@type":"CommentAction","name":"Comment","target":["https:\/\/www.nexoinformativo.mx\/index.php\/2024\/12\/02\/feria-internacional-ganadera-de-queretaro-2024-un-exito-en-seguridad-y-asistencia\/#respond"]}]},{"@type":"WebPage","@id":"https:\/\/www.nexoinformativo.mx\/index.php\/2024\/12\/02\/feria-internacional-ganadera-de-queretaro-2024-un-exito-en-seguridad-y-asistencia\/","url":"https:\/\/www.nexoinformativo.mx\/index.php\/2024\/12\/02\/feria-internacional-ganadera-de-queretaro-2024-un-exito-en-seguridad-y-asistencia\/","name":"Feria Internacional Ganadera de Quer\u00e9taro 2024: Un \u00e9xito en seguridad y asistencia | Nexo Informativo Santiago de Quer\u00e9taro","isPartOf":{"@id":"https:\/\/www.nexoinformativo.mx\/#website"},"primaryImageOfPage":{"@id":"https:\/\/www.nexoinformativo.mx\/index.php\/2024\/12\/02\/feria-internacional-ganadera-de-queretaro-2024-un-exito-en-seguridad-y-asistencia\/#primaryimage"},"image":{"@id":"https:\/\/www.nexoinformativo.mx\/index.php\/2024\/12\/02\/feria-internacional-ganadera-de-queretaro-2024-un-exito-en-seguridad-y-asistencia\/#primaryimage"},"thumbnailUrl":"https:\/\/www.nexoinformativo.mx\/wp-content\/uploads\/2024\/12\/IMG_8304-e1733164118876.jpg","datePublished":"2024-12-02T17:30:45+00:00","dateModified":"2024-12-02T18:29:58+00:00","description":"Feria Internacional Ganadera de Quer\u00e9taro 2024: Un \u00e9xito en seguridad y asistencia","breadcrumb":{"@id":"https:\/\/www.nexoinformativo.mx\/index.php\/2024\/12\/02\/feria-internacional-ganadera-de-queretaro-2024-un-exito-en-seguridad-y-asistencia\/#breadcrumb"},"inLanguage":"es","potentialAction":[{"@type":"ReadAction","target":["https:\/\/www.nexoinformativo.mx\/index.php\/2024\/12\/02\/feria-internacional-ganadera-de-queretaro-2024-un-exito-en-seguridad-y-asistencia\/"]}]},{"@type":"ImageObject","inLanguage":"es","@id":"https:\/\/www.nexoinformativo.mx\/index.php\/2024\/12\/02\/feria-internacional-ganadera-de-queretaro-2024-un-exito-en-seguridad-y-asistencia\/#primaryimage","url":"https:\/\/www.nexoinformativo.mx\/wp-content\/uploads\/2024\/12\/IMG_8304-e1733164118876.jpg","contentUrl":"https:\/\/www.nexoinformativo.mx\/wp-content\/uploads\/2024\/12\/IMG_8304-e1733164118876.jpg","width":700,"height":394},{"@type":"BreadcrumbList","@id":"https:\/\/www.nexoinformativo.mx\/index.php\/2024\/12\/02\/feria-internacional-ganadera-de-queretaro-2024-un-exito-en-seguridad-y-asistencia\/#breadcrumb","itemListElement":[{"@type":"ListItem","position":1,"name":"Inicio","item":"https:\/\/www.nexoinformativo.mx\/"},{"@type":"ListItem","position":2,"name":"Feria Internacional Ganadera de Quer\u00e9taro 2024: Un \u00e9xito en seguridad y asistencia"}]},{"@type":"WebSite","@id":"https:\/\/www.nexoinformativo.mx\/#website","url":"https:\/\/www.nexoinformativo.mx\/","name":"Nexo Informativo Santiago de Quer\u00e9taro","description":"Explora NexoInformativo y convi\u00e9rtete en parte de una comunidad que valora el conocimiento y la verdad. Tu nexoinformativo es tu puente hacia una comprensi\u00f3n m\u00e1s profunda del mundo que te rodea.","publisher":{"@id":"https:\/\/www.nexoinformativo.mx\/#organization"},"potentialAction":[{"@type":"SearchAction","target":{"@type":"EntryPoint","urlTemplate":"https:\/\/www.nexoinformativo.mx\/?s={search_term_string}"},"query-input":{"@type":"PropertyValueSpecification","valueRequired":true,"valueName":"search_term_string"}}],"inLanguage":"es"},{"@type":"Organization","@id":"https:\/\/www.nexoinformativo.mx\/#organization","name":"Nexo Informativo Santiago de Quer\u00e9taro","url":"https:\/\/www.nexoinformativo.mx\/","logo":{"@type":"ImageObject","inLanguage":"es","@id":"https:\/\/www.nexoinformativo.mx\/#\/schema\/logo\/image\/","url":"https:\/\/www.nexoinformativo.mx\/wp-content\/uploads\/2024\/07\/nexoi-trasparente-2.png","contentUrl":"https:\/\/www.nexoinformativo.mx\/wp-content\/uploads\/2024\/07\/nexoi-trasparente-2.png","width":816,"height":339,"caption":"Nexo Informativo Santiago de Quer\u00e9taro"},"image":{"@id":"https:\/\/www.nexoinformativo.mx\/#\/schema\/logo\/image\/"},"sameAs":["https:\/\/www.facebook.com\/people\/Nexo-Informativo\/61564066885511\/"]},{"@type":"Person","@id":"https:\/\/www.nexoinformativo.mx\/#\/schema\/person\/7749d380ba08c8ca00d7bc76fd907b7d","name":"Nexo Informativo","image":{"@type":"ImageObject","inLanguage":"es","@id":"https:\/\/www.nexoinformativo.mx\/#\/schema\/person\/image\/","url":"https:\/\/secure.gravatar.com\/avatar\/dde2928154642a13d95f87ddf1ea9718fe2b46760a005c53e41ff5ad610704e6?s=96&d=mm&r=g","contentUrl":"https:\/\/secure.gravatar.com\/avatar\/dde2928154642a13d95f87ddf1ea9718fe2b46760a005c53e41ff5ad610704e6?s=96&d=mm&r=g","caption":"Nexo Informativo"},"url":"https:\/\/www.nexoinformativo.mx\/index.php\/author\/edicion\/"}]}},"_links":{"self":[{"href":"https:\/\/www.nexoinformativo.mx\/index.php\/wp-json\/wp\/v2\/posts\/7314","targetHints":{"allow":["GET"]}}],"collection":[{"href":"https:\/\/www.nexoinformativo.mx\/index.php\/wp-json\/wp\/v2\/posts"}],"about":[{"href":"https:\/\/www.nexoinformativo.mx\/index.php\/wp-json\/wp\/v2\/types\/post"}],"author":[{"embeddable":true,"href":"https:\/\/www.nexoinformativo.mx\/index.php\/wp-json\/wp\/v2\/users\/3"}],"replies":[{"embeddable":true,"href":"https:\/\/www.nexoinformativo.mx\/index.php\/wp-json\/wp\/v2\/comments?post=7314"}],"version-history":[{"count":4,"href":"https:\/\/www.nexoinformativo.mx\/index.php\/wp-json\/wp\/v2\/posts\/7314\/revisions"}],"predecessor-version":[{"id":7318,"href":"https:\/\/www.nexoinformativo.mx\/index.php\/wp-json\/wp\/v2\/posts\/7314\/revisions\/7318"}],"wp:featuredmedia":[{"embeddable":true,"href":"https:\/\/www.nexoinformativo.mx\/index.php\/wp-json\/wp\/v2\/media\/7315"}],"wp:attachment":[{"href":"https:\/\/www.nexoinformativo.mx\/index.php\/wp-json\/wp\/v2\/media?parent=7314"}],"wp:term":[{"taxonomy":"category","embeddable":true,"href":"https:\/\/www.nexoinformativo.mx\/index.php\/wp-json\/wp\/v2\/categories?post=7314"},{"taxonomy":"post_tag","embeddable":true,"href":"https:\/\/www.nexoinformativo.mx\/index.php\/wp-json\/wp\/v2\/tags?post=7314"}],"curies":[{"name":"wp","href":"https:\/\/api.w.org\/{rel}","templated":true}]}}