{"id":7330,"date":"2024-12-02T12:30:35","date_gmt":"2024-12-02T18:30:35","guid":{"rendered":"https:\/\/www.nexoinformativo.mx\/?p=7330"},"modified":"2024-12-02T12:53:07","modified_gmt":"2024-12-02T18:53:07","slug":"queretaro-brilla-en-espana-gana-premio-internacional-por-su-enoturismo-y-gastronomia","status":"publish","type":"post","link":"https:\/\/www.nexoinformativo.mx\/index.php\/2024\/12\/02\/queretaro-brilla-en-espana-gana-premio-internacional-por-su-enoturismo-y-gastronomia\/","title":{"rendered":"Quer\u00e9taro brilla en Espa\u00f1a: Gana premio internacional por su enoturismo y gastronom\u00eda"},"content":{"rendered":"<p style=\"text-align: justify;\" data-sourcepos=\"9:1-9:335\">En un evento de talla internacional, el estado de Quer\u00e9taro ha vuelto a destacar. En el marco del <strong>Foro Iberoamericano de la Gastronom\u00eda<\/strong> (FIBEGA) en Madrid, Espa\u00f1a, Quer\u00e9taro ha sido galardonado con el premio <strong>&#8220;Enotourism Experience Excellence Award&#8221;<\/strong>, un reconocimiento a la excelencia de su oferta enotur\u00edstica y gastron\u00f3mica.<\/p>\n<p>&nbsp;<\/p>\n<p style=\"text-align: justify;\" data-sourcepos=\"11:1-11:441\">Este premio, otorgado por el FIBEGA, uno de los congresos internacionales de turismo gastron\u00f3mico m\u00e1s importantes del mundo, destaca el esfuerzo y la dedicaci\u00f3n de Quer\u00e9taro por promover su rica cultura culinaria y vitivin\u00edcola.<\/p>\n<p>&nbsp;<\/p>\n<p style=\"text-align: justify;\" data-sourcepos=\"11:1-11:441\">La cocina queretana, representada en este evento por el Chef Israel Soriano Rodr\u00edguez, presidente de la Asociaci\u00f3n de Cocineros Queretanos, cautiv\u00f3 a los asistentes con una degustaci\u00f3n de platillos tradicionales.<\/p>\n<p>&nbsp;<\/p>\n<p style=\"text-align: justify;\" data-sourcepos=\"15:1-15:348\">El jurado del FIBEGA destac\u00f3 que Quer\u00e9taro ha demostrado que el turismo gastron\u00f3mico es una herramienta poderosa para conectar la cultura, el territorio y sus comunidades.<\/p>\n<p>&nbsp;<\/p>\n<p style=\"text-align: justify;\" data-sourcepos=\"15:1-15:348\">La regi\u00f3n ha logrado posicionarse como un destino enogastron\u00f3mico de primer nivel, gracias a la calidad de sus productos, la riqueza de su gastronom\u00eda y la pasi\u00f3n de sus chefs.<\/p>\n<p>&nbsp;<\/p>\n<p style=\"text-align: justify;\" data-sourcepos=\"19:1-19:241\">Adem\u00e1s de recibir este importante reconocimiento, Quer\u00e9taro tuvo una destacada participaci\u00f3n en el encuentro internacional de chefs sobre destinos, el Campeonato Internacional de Cocina China y el Panel de Turismo Gastron\u00f3mico Internacional.<\/p>\n<p>&nbsp;<\/p>\n<p style=\"text-align: justify;\" data-sourcepos=\"25:1-25:253\">Con este premio, Quer\u00e9taro reafirma su posici\u00f3n como uno de los destinos gastron\u00f3micos m\u00e1s importantes de M\u00e9xico. La regi\u00f3n cuenta con una gran variedad de productos locales, una rica tradici\u00f3n culinaria y una creciente oferta de restaurantes y bodegas.<\/p>\n<p>&nbsp;<\/p>\n<p style=\"text-align: center;\" data-sourcepos=\"25:1-25:253\"><em><strong>\u00a1Informaci\u00f3n que transforma!<\/strong><\/em><\/p>\n","protected":false},"excerpt":{"rendered":"<p>En un evento de talla internacional, el estado de Quer\u00e9taro ha vuelto a destacar. En el marco del Foro Iberoamericano de la Gastronom\u00eda (FIBEGA) en Madrid, Espa\u00f1a, Quer\u00e9taro ha sido galardonado con el premio &#8220;Enotourism Experience Excellence Award&#8221;<\/p>\n","protected":false},"author":3,"featured_media":7331,"comment_status":"open","ping_status":"open","sticky":false,"template":"","format":"standard","meta":{"footnotes":""},"categories":[42,58],"tags":[2452,2453,1858,133],"class_list":["post-7330","post","type-post","status-publish","format-standard","has-post-thumbnail","hentry","category-estado","category-ultima-hora","tag-enoturismo","tag-fibega","tag-gastronomia","tag-queretaro"],"yoast_head":"<!-- This site is optimized with the Yoast SEO plugin v25.0 - https:\/\/yoast.com\/wordpress\/plugins\/seo\/ -->\n<title>Quer\u00e9taro brilla en Espa\u00f1a: Gana premio internacional por su enoturismo y gastronom\u00eda | Nexo Informativo Santiago de Quer\u00e9taro<\/title>\n<meta name=\"description\" content=\"Quer\u00e9taro brilla en Espa\u00f1a: Gana premio internacional por su enoturismo y gastronom\u00eda\" \/>\n<meta name=\"robots\" content=\"index, follow, max-snippet:-1, max-image-preview:large, max-video-preview:-1\" \/>\n<link rel=\"canonical\" href=\"https:\/\/www.nexoinformativo.mx\/index.php\/2024\/12\/02\/queretaro-brilla-en-espana-gana-premio-internacional-por-su-enoturismo-y-gastronomia\/\" \/>\n<meta property=\"og:locale\" content=\"es_MX\" \/>\n<meta property=\"og:type\" content=\"article\" \/>\n<meta property=\"og:title\" content=\"Quer\u00e9taro brilla en Espa\u00f1a: Gana premio internacional por su enoturismo y gastronom\u00eda | Nexo Informativo Santiago de Quer\u00e9taro\" \/>\n<meta property=\"og:description\" content=\"Quer\u00e9taro brilla en Espa\u00f1a: Gana premio internacional por su enoturismo y gastronom\u00eda\" \/>\n<meta property=\"og:url\" content=\"https:\/\/www.nexoinformativo.mx\/index.php\/2024\/12\/02\/queretaro-brilla-en-espana-gana-premio-internacional-por-su-enoturismo-y-gastronomia\/\" \/>\n<meta property=\"og:site_name\" content=\"Nexo Informativo Santiago de Quer\u00e9taro\" \/>\n<meta property=\"article:publisher\" content=\"https:\/\/www.facebook.com\/people\/Nexo-Informativo\/61564066885511\/\" \/>\n<meta property=\"article:published_time\" content=\"2024-12-02T18:30:35+00:00\" \/>\n<meta property=\"article:modified_time\" content=\"2024-12-02T18:53:07+00:00\" \/>\n<meta property=\"og:image\" content=\"https:\/\/www.nexoinformativo.mx\/wp-content\/uploads\/2024\/12\/PHOTO-2024-12-02-12-30-45-e1733165530599.jpg\" \/>\n\t<meta property=\"og:image:width\" content=\"750\" \/>\n\t<meta property=\"og:image:height\" content=\"1000\" \/>\n\t<meta property=\"og:image:type\" content=\"image\/jpeg\" \/>\n<meta name=\"author\" content=\"Nexo Informativo\" \/>\n<meta name=\"twitter:card\" content=\"summary_large_image\" \/>\n<meta name=\"twitter:label1\" content=\"Escrito por\" \/>\n\t<meta name=\"twitter:data1\" content=\"Nexo Informativo\" \/>\n\t<meta name=\"twitter:label2\" content=\"Tiempo de lectura\" \/>\n\t<meta name=\"twitter:data2\" content=\"2 minutos\" \/>\n<script type=\"application\/ld+json\" class=\"yoast-schema-graph\">{\"@context\":\"https:\/\/schema.org\",\"@graph\":[{\"@type\":\"Article\",\"@id\":\"https:\/\/www.nexoinformativo.mx\/index.php\/2024\/12\/02\/queretaro-brilla-en-espana-gana-premio-internacional-por-su-enoturismo-y-gastronomia\/#article\",\"isPartOf\":{\"@id\":\"https:\/\/www.nexoinformativo.mx\/index.php\/2024\/12\/02\/queretaro-brilla-en-espana-gana-premio-internacional-por-su-enoturismo-y-gastronomia\/\"},\"author\":{\"name\":\"Nexo Informativo\",\"@id\":\"https:\/\/www.nexoinformativo.mx\/#\/schema\/person\/7749d380ba08c8ca00d7bc76fd907b7d\"},\"headline\":\"Quer\u00e9taro brilla en Espa\u00f1a: Gana premio internacional por su enoturismo y gastronom\u00eda\",\"datePublished\":\"2024-12-02T18:30:35+00:00\",\"dateModified\":\"2024-12-02T18:53:07+00:00\",\"mainEntityOfPage\":{\"@id\":\"https:\/\/www.nexoinformativo.mx\/index.php\/2024\/12\/02\/queretaro-brilla-en-espana-gana-premio-internacional-por-su-enoturismo-y-gastronomia\/\"},\"wordCount\":297,\"commentCount\":0,\"publisher\":{\"@id\":\"https:\/\/www.nexoinformativo.mx\/#organization\"},\"image\":{\"@id\":\"https:\/\/www.nexoinformativo.mx\/index.php\/2024\/12\/02\/queretaro-brilla-en-espana-gana-premio-internacional-por-su-enoturismo-y-gastronomia\/#primaryimage\"},\"thumbnailUrl\":\"https:\/\/www.nexoinformativo.mx\/wp-content\/uploads\/2024\/12\/PHOTO-2024-12-02-12-30-45-e1733165530599.jpg\",\"keywords\":[\"Enoturismo\",\"FIBEGA\",\"Gastronom\u00eda\",\"Quer\u00e9taro\"],\"articleSection\":[\"Estado\",\"\u00daltima Hora\"],\"inLanguage\":\"es\",\"potentialAction\":[{\"@type\":\"CommentAction\",\"name\":\"Comment\",\"target\":[\"https:\/\/www.nexoinformativo.mx\/index.php\/2024\/12\/02\/queretaro-brilla-en-espana-gana-premio-internacional-por-su-enoturismo-y-gastronomia\/#respond\"]}]},{\"@type\":\"WebPage\",\"@id\":\"https:\/\/www.nexoinformativo.mx\/index.php\/2024\/12\/02\/queretaro-brilla-en-espana-gana-premio-internacional-por-su-enoturismo-y-gastronomia\/\",\"url\":\"https:\/\/www.nexoinformativo.mx\/index.php\/2024\/12\/02\/queretaro-brilla-en-espana-gana-premio-internacional-por-su-enoturismo-y-gastronomia\/\",\"name\":\"Quer\u00e9taro brilla en Espa\u00f1a: Gana premio internacional por su enoturismo y gastronom\u00eda | Nexo Informativo Santiago de Quer\u00e9taro\",\"isPartOf\":{\"@id\":\"https:\/\/www.nexoinformativo.mx\/#website\"},\"primaryImageOfPage\":{\"@id\":\"https:\/\/www.nexoinformativo.mx\/index.php\/2024\/12\/02\/queretaro-brilla-en-espana-gana-premio-internacional-por-su-enoturismo-y-gastronomia\/#primaryimage\"},\"image\":{\"@id\":\"https:\/\/www.nexoinformativo.mx\/index.php\/2024\/12\/02\/queretaro-brilla-en-espana-gana-premio-internacional-por-su-enoturismo-y-gastronomia\/#primaryimage\"},\"thumbnailUrl\":\"https:\/\/www.nexoinformativo.mx\/wp-content\/uploads\/2024\/12\/PHOTO-2024-12-02-12-30-45-e1733165530599.jpg\",\"datePublished\":\"2024-12-02T18:30:35+00:00\",\"dateModified\":\"2024-12-02T18:53:07+00:00\",\"description\":\"Quer\u00e9taro brilla en Espa\u00f1a: Gana premio internacional por su enoturismo y gastronom\u00eda\",\"breadcrumb\":{\"@id\":\"https:\/\/www.nexoinformativo.mx\/index.php\/2024\/12\/02\/queretaro-brilla-en-espana-gana-premio-internacional-por-su-enoturismo-y-gastronomia\/#breadcrumb\"},\"inLanguage\":\"es\",\"potentialAction\":[{\"@type\":\"ReadAction\",\"target\":[\"https:\/\/www.nexoinformativo.mx\/index.php\/2024\/12\/02\/queretaro-brilla-en-espana-gana-premio-internacional-por-su-enoturismo-y-gastronomia\/\"]}]},{\"@type\":\"ImageObject\",\"inLanguage\":\"es\",\"@id\":\"https:\/\/www.nexoinformativo.mx\/index.php\/2024\/12\/02\/queretaro-brilla-en-espana-gana-premio-internacional-por-su-enoturismo-y-gastronomia\/#primaryimage\",\"url\":\"https:\/\/www.nexoinformativo.mx\/wp-content\/uploads\/2024\/12\/PHOTO-2024-12-02-12-30-45-e1733165530599.jpg\",\"contentUrl\":\"https:\/\/www.nexoinformativo.mx\/wp-content\/uploads\/2024\/12\/PHOTO-2024-12-02-12-30-45-e1733165530599.jpg\",\"width\":750,\"height\":1000},{\"@type\":\"BreadcrumbList\",\"@id\":\"https:\/\/www.nexoinformativo.mx\/index.php\/2024\/12\/02\/queretaro-brilla-en-espana-gana-premio-internacional-por-su-enoturismo-y-gastronomia\/#breadcrumb\",\"itemListElement\":[{\"@type\":\"ListItem\",\"position\":1,\"name\":\"Inicio\",\"item\":\"https:\/\/www.nexoinformativo.mx\/\"},{\"@type\":\"ListItem\",\"position\":2,\"name\":\"Quer\u00e9taro brilla en Espa\u00f1a: Gana premio internacional por su enoturismo y gastronom\u00eda\"}]},{\"@type\":\"WebSite\",\"@id\":\"https:\/\/www.nexoinformativo.mx\/#website\",\"url\":\"https:\/\/www.nexoinformativo.mx\/\",\"name\":\"Nexo Informativo Santiago de Quer\u00e9taro\",\"description\":\"Explora NexoInformativo y convi\u00e9rtete en parte de una comunidad que valora el conocimiento y la verdad. Tu nexoinformativo es tu puente hacia una comprensi\u00f3n m\u00e1s profunda del mundo que te rodea.\",\"publisher\":{\"@id\":\"https:\/\/www.nexoinformativo.mx\/#organization\"},\"potentialAction\":[{\"@type\":\"SearchAction\",\"target\":{\"@type\":\"EntryPoint\",\"urlTemplate\":\"https:\/\/www.nexoinformativo.mx\/?s={search_term_string}\"},\"query-input\":{\"@type\":\"PropertyValueSpecification\",\"valueRequired\":true,\"valueName\":\"search_term_string\"}}],\"inLanguage\":\"es\"},{\"@type\":\"Organization\",\"@id\":\"https:\/\/www.nexoinformativo.mx\/#organization\",\"name\":\"Nexo Informativo Santiago de Quer\u00e9taro\",\"url\":\"https:\/\/www.nexoinformativo.mx\/\",\"logo\":{\"@type\":\"ImageObject\",\"inLanguage\":\"es\",\"@id\":\"https:\/\/www.nexoinformativo.mx\/#\/schema\/logo\/image\/\",\"url\":\"https:\/\/www.nexoinformativo.mx\/wp-content\/uploads\/2024\/07\/nexoi-trasparente-2.png\",\"contentUrl\":\"https:\/\/www.nexoinformativo.mx\/wp-content\/uploads\/2024\/07\/nexoi-trasparente-2.png\",\"width\":816,\"height\":339,\"caption\":\"Nexo Informativo Santiago de Quer\u00e9taro\"},\"image\":{\"@id\":\"https:\/\/www.nexoinformativo.mx\/#\/schema\/logo\/image\/\"},\"sameAs\":[\"https:\/\/www.facebook.com\/people\/Nexo-Informativo\/61564066885511\/\"]},{\"@type\":\"Person\",\"@id\":\"https:\/\/www.nexoinformativo.mx\/#\/schema\/person\/7749d380ba08c8ca00d7bc76fd907b7d\",\"name\":\"Nexo Informativo\",\"image\":{\"@type\":\"ImageObject\",\"inLanguage\":\"es\",\"@id\":\"https:\/\/www.nexoinformativo.mx\/#\/schema\/person\/image\/\",\"url\":\"https:\/\/secure.gravatar.com\/avatar\/dde2928154642a13d95f87ddf1ea9718fe2b46760a005c53e41ff5ad610704e6?s=96&d=mm&r=g\",\"contentUrl\":\"https:\/\/secure.gravatar.com\/avatar\/dde2928154642a13d95f87ddf1ea9718fe2b46760a005c53e41ff5ad610704e6?s=96&d=mm&r=g\",\"caption\":\"Nexo Informativo\"},\"url\":\"https:\/\/www.nexoinformativo.mx\/index.php\/author\/edicion\/\"}]}<\/script>\n<!-- \/ Yoast SEO plugin. -->","yoast_head_json":{"title":"Quer\u00e9taro brilla en Espa\u00f1a: Gana premio internacional por su enoturismo y gastronom\u00eda | Nexo Informativo Santiago de Quer\u00e9taro","description":"Quer\u00e9taro brilla en Espa\u00f1a: Gana premio internacional por su enoturismo y gastronom\u00eda","robots":{"index":"index","follow":"follow","max-snippet":"max-snippet:-1","max-image-preview":"max-image-preview:large","max-video-preview":"max-video-preview:-1"},"canonical":"https:\/\/www.nexoinformativo.mx\/index.php\/2024\/12\/02\/queretaro-brilla-en-espana-gana-premio-internacional-por-su-enoturismo-y-gastronomia\/","og_locale":"es_MX","og_type":"article","og_title":"Quer\u00e9taro brilla en Espa\u00f1a: Gana premio internacional por su enoturismo y gastronom\u00eda | Nexo Informativo Santiago de Quer\u00e9taro","og_description":"Quer\u00e9taro brilla en Espa\u00f1a: Gana premio internacional por su enoturismo y gastronom\u00eda","og_url":"https:\/\/www.nexoinformativo.mx\/index.php\/2024\/12\/02\/queretaro-brilla-en-espana-gana-premio-internacional-por-su-enoturismo-y-gastronomia\/","og_site_name":"Nexo Informativo Santiago de Quer\u00e9taro","article_publisher":"https:\/\/www.facebook.com\/people\/Nexo-Informativo\/61564066885511\/","article_published_time":"2024-12-02T18:30:35+00:00","article_modified_time":"2024-12-02T18:53:07+00:00","og_image":[{"width":750,"height":1000,"url":"https:\/\/www.nexoinformativo.mx\/wp-content\/uploads\/2024\/12\/PHOTO-2024-12-02-12-30-45-e1733165530599.jpg","type":"image\/jpeg"}],"author":"Nexo Informativo","twitter_card":"summary_large_image","twitter_misc":{"Escrito por":"Nexo Informativo","Tiempo de lectura":"2 minutos"},"schema":{"@context":"https:\/\/schema.org","@graph":[{"@type":"Article","@id":"https:\/\/www.nexoinformativo.mx\/index.php\/2024\/12\/02\/queretaro-brilla-en-espana-gana-premio-internacional-por-su-enoturismo-y-gastronomia\/#article","isPartOf":{"@id":"https:\/\/www.nexoinformativo.mx\/index.php\/2024\/12\/02\/queretaro-brilla-en-espana-gana-premio-internacional-por-su-enoturismo-y-gastronomia\/"},"author":{"name":"Nexo Informativo","@id":"https:\/\/www.nexoinformativo.mx\/#\/schema\/person\/7749d380ba08c8ca00d7bc76fd907b7d"},"headline":"Quer\u00e9taro brilla en Espa\u00f1a: Gana premio internacional por su enoturismo y gastronom\u00eda","datePublished":"2024-12-02T18:30:35+00:00","dateModified":"2024-12-02T18:53:07+00:00","mainEntityOfPage":{"@id":"https:\/\/www.nexoinformativo.mx\/index.php\/2024\/12\/02\/queretaro-brilla-en-espana-gana-premio-internacional-por-su-enoturismo-y-gastronomia\/"},"wordCount":297,"commentCount":0,"publisher":{"@id":"https:\/\/www.nexoinformativo.mx\/#organization"},"image":{"@id":"https:\/\/www.nexoinformativo.mx\/index.php\/2024\/12\/02\/queretaro-brilla-en-espana-gana-premio-internacional-por-su-enoturismo-y-gastronomia\/#primaryimage"},"thumbnailUrl":"https:\/\/www.nexoinformativo.mx\/wp-content\/uploads\/2024\/12\/PHOTO-2024-12-02-12-30-45-e1733165530599.jpg","keywords":["Enoturismo","FIBEGA","Gastronom\u00eda","Quer\u00e9taro"],"articleSection":["Estado","\u00daltima Hora"],"inLanguage":"es","potentialAction":[{"@type":"CommentAction","name":"Comment","target":["https:\/\/www.nexoinformativo.mx\/index.php\/2024\/12\/02\/queretaro-brilla-en-espana-gana-premio-internacional-por-su-enoturismo-y-gastronomia\/#respond"]}]},{"@type":"WebPage","@id":"https:\/\/www.nexoinformativo.mx\/index.php\/2024\/12\/02\/queretaro-brilla-en-espana-gana-premio-internacional-por-su-enoturismo-y-gastronomia\/","url":"https:\/\/www.nexoinformativo.mx\/index.php\/2024\/12\/02\/queretaro-brilla-en-espana-gana-premio-internacional-por-su-enoturismo-y-gastronomia\/","name":"Quer\u00e9taro brilla en Espa\u00f1a: Gana premio internacional por su enoturismo y gastronom\u00eda | Nexo Informativo Santiago de Quer\u00e9taro","isPartOf":{"@id":"https:\/\/www.nexoinformativo.mx\/#website"},"primaryImageOfPage":{"@id":"https:\/\/www.nexoinformativo.mx\/index.php\/2024\/12\/02\/queretaro-brilla-en-espana-gana-premio-internacional-por-su-enoturismo-y-gastronomia\/#primaryimage"},"image":{"@id":"https:\/\/www.nexoinformativo.mx\/index.php\/2024\/12\/02\/queretaro-brilla-en-espana-gana-premio-internacional-por-su-enoturismo-y-gastronomia\/#primaryimage"},"thumbnailUrl":"https:\/\/www.nexoinformativo.mx\/wp-content\/uploads\/2024\/12\/PHOTO-2024-12-02-12-30-45-e1733165530599.jpg","datePublished":"2024-12-02T18:30:35+00:00","dateModified":"2024-12-02T18:53:07+00:00","description":"Quer\u00e9taro brilla en Espa\u00f1a: Gana premio internacional por su enoturismo y gastronom\u00eda","breadcrumb":{"@id":"https:\/\/www.nexoinformativo.mx\/index.php\/2024\/12\/02\/queretaro-brilla-en-espana-gana-premio-internacional-por-su-enoturismo-y-gastronomia\/#breadcrumb"},"inLanguage":"es","potentialAction":[{"@type":"ReadAction","target":["https:\/\/www.nexoinformativo.mx\/index.php\/2024\/12\/02\/queretaro-brilla-en-espana-gana-premio-internacional-por-su-enoturismo-y-gastronomia\/"]}]},{"@type":"ImageObject","inLanguage":"es","@id":"https:\/\/www.nexoinformativo.mx\/index.php\/2024\/12\/02\/queretaro-brilla-en-espana-gana-premio-internacional-por-su-enoturismo-y-gastronomia\/#primaryimage","url":"https:\/\/www.nexoinformativo.mx\/wp-content\/uploads\/2024\/12\/PHOTO-2024-12-02-12-30-45-e1733165530599.jpg","contentUrl":"https:\/\/www.nexoinformativo.mx\/wp-content\/uploads\/2024\/12\/PHOTO-2024-12-02-12-30-45-e1733165530599.jpg","width":750,"height":1000},{"@type":"BreadcrumbList","@id":"https:\/\/www.nexoinformativo.mx\/index.php\/2024\/12\/02\/queretaro-brilla-en-espana-gana-premio-internacional-por-su-enoturismo-y-gastronomia\/#breadcrumb","itemListElement":[{"@type":"ListItem","position":1,"name":"Inicio","item":"https:\/\/www.nexoinformativo.mx\/"},{"@type":"ListItem","position":2,"name":"Quer\u00e9taro brilla en Espa\u00f1a: Gana premio internacional por su enoturismo y gastronom\u00eda"}]},{"@type":"WebSite","@id":"https:\/\/www.nexoinformativo.mx\/#website","url":"https:\/\/www.nexoinformativo.mx\/","name":"Nexo Informativo Santiago de Quer\u00e9taro","description":"Explora NexoInformativo y convi\u00e9rtete en parte de una comunidad que valora el conocimiento y la verdad. Tu nexoinformativo es tu puente hacia una comprensi\u00f3n m\u00e1s profunda del mundo que te rodea.","publisher":{"@id":"https:\/\/www.nexoinformativo.mx\/#organization"},"potentialAction":[{"@type":"SearchAction","target":{"@type":"EntryPoint","urlTemplate":"https:\/\/www.nexoinformativo.mx\/?s={search_term_string}"},"query-input":{"@type":"PropertyValueSpecification","valueRequired":true,"valueName":"search_term_string"}}],"inLanguage":"es"},{"@type":"Organization","@id":"https:\/\/www.nexoinformativo.mx\/#organization","name":"Nexo Informativo Santiago de Quer\u00e9taro","url":"https:\/\/www.nexoinformativo.mx\/","logo":{"@type":"ImageObject","inLanguage":"es","@id":"https:\/\/www.nexoinformativo.mx\/#\/schema\/logo\/image\/","url":"https:\/\/www.nexoinformativo.mx\/wp-content\/uploads\/2024\/07\/nexoi-trasparente-2.png","contentUrl":"https:\/\/www.nexoinformativo.mx\/wp-content\/uploads\/2024\/07\/nexoi-trasparente-2.png","width":816,"height":339,"caption":"Nexo Informativo Santiago de Quer\u00e9taro"},"image":{"@id":"https:\/\/www.nexoinformativo.mx\/#\/schema\/logo\/image\/"},"sameAs":["https:\/\/www.facebook.com\/people\/Nexo-Informativo\/61564066885511\/"]},{"@type":"Person","@id":"https:\/\/www.nexoinformativo.mx\/#\/schema\/person\/7749d380ba08c8ca00d7bc76fd907b7d","name":"Nexo Informativo","image":{"@type":"ImageObject","inLanguage":"es","@id":"https:\/\/www.nexoinformativo.mx\/#\/schema\/person\/image\/","url":"https:\/\/secure.gravatar.com\/avatar\/dde2928154642a13d95f87ddf1ea9718fe2b46760a005c53e41ff5ad610704e6?s=96&d=mm&r=g","contentUrl":"https:\/\/secure.gravatar.com\/avatar\/dde2928154642a13d95f87ddf1ea9718fe2b46760a005c53e41ff5ad610704e6?s=96&d=mm&r=g","caption":"Nexo Informativo"},"url":"https:\/\/www.nexoinformativo.mx\/index.php\/author\/edicion\/"}]}},"_links":{"self":[{"href":"https:\/\/www.nexoinformativo.mx\/index.php\/wp-json\/wp\/v2\/posts\/7330","targetHints":{"allow":["GET"]}}],"collection":[{"href":"https:\/\/www.nexoinformativo.mx\/index.php\/wp-json\/wp\/v2\/posts"}],"about":[{"href":"https:\/\/www.nexoinformativo.mx\/index.php\/wp-json\/wp\/v2\/types\/post"}],"author":[{"embeddable":true,"href":"https:\/\/www.nexoinformativo.mx\/index.php\/wp-json\/wp\/v2\/users\/3"}],"replies":[{"embeddable":true,"href":"https:\/\/www.nexoinformativo.mx\/index.php\/wp-json\/wp\/v2\/comments?post=7330"}],"version-history":[{"count":3,"href":"https:\/\/www.nexoinformativo.mx\/index.php\/wp-json\/wp\/v2\/posts\/7330\/revisions"}],"predecessor-version":[{"id":7334,"href":"https:\/\/www.nexoinformativo.mx\/index.php\/wp-json\/wp\/v2\/posts\/7330\/revisions\/7334"}],"wp:featuredmedia":[{"embeddable":true,"href":"https:\/\/www.nexoinformativo.mx\/index.php\/wp-json\/wp\/v2\/media\/7331"}],"wp:attachment":[{"href":"https:\/\/www.nexoinformativo.mx\/index.php\/wp-json\/wp\/v2\/media?parent=7330"}],"wp:term":[{"taxonomy":"category","embeddable":true,"href":"https:\/\/www.nexoinformativo.mx\/index.php\/wp-json\/wp\/v2\/categories?post=7330"},{"taxonomy":"post_tag","embeddable":true,"href":"https:\/\/www.nexoinformativo.mx\/index.php\/wp-json\/wp\/v2\/tags?post=7330"}],"curies":[{"name":"wp","href":"https:\/\/api.w.org\/{rel}","templated":true}]}}