{"id":7340,"date":"2024-12-02T13:00:04","date_gmt":"2024-12-02T19:00:04","guid":{"rendered":"https:\/\/www.nexoinformativo.mx\/?p=7340"},"modified":"2024-12-02T13:40:24","modified_gmt":"2024-12-02T19:40:24","slug":"mexico-avanza-en-la-lucha-contra-el-vih-acceso-universal-y-gratuito-a-tratamientos","status":"publish","type":"post","link":"https:\/\/www.nexoinformativo.mx\/index.php\/2024\/12\/02\/mexico-avanza-en-la-lucha-contra-el-vih-acceso-universal-y-gratuito-a-tratamientos\/","title":{"rendered":"M\u00e9xico avanza en la lucha contra el VIH: Acceso universal y gratuito a tratamientos"},"content":{"rendered":"<p style=\"text-align: justify;\" data-sourcepos=\"11:1-11:123\">El dia de ayer en el marco del D\u00eda Mundial del SIDA, M\u00e9xico reafirma su compromiso con la salud sexual y reproductiva de la poblaci\u00f3n.<\/p>\n<p>&nbsp;<\/p>\n<p style=\"text-align: justify;\" data-sourcepos=\"13:1-13:359\">El Centro Nacional para la Prevenci\u00f3n del VIH y el SIDA (CENSIDA) ha destacado los avances significativos logrados en la prevenci\u00f3n, diagn\u00f3stico y tratamiento del VIH en nuestro pa\u00eds.<\/p>\n<p>&nbsp;<\/p>\n<p style=\"text-align: justify;\" data-sourcepos=\"13:1-13:359\">Con el lema \u201cSigamos el camino de los derechos\u201d, propuesto por ONUSIDA, M\u00e9xico se suma a los esfuerzos globales para eliminar el SIDA como problema de salud p\u00fablica para 2030.<\/p>\n<p>&nbsp;<\/p>\n<ul style=\"text-align: justify;\" data-sourcepos=\"17:1-21:0\">\n<li data-sourcepos=\"17:1-17:219\">Diagn\u00f3stico temprano: Gracias a pruebas r\u00e1pidas y gratuitas, se puede detectar el VIH de manera oportuna, lo que permite iniciar el tratamiento de inmediato.<\/li>\n<li data-sourcepos=\"18:1-18:204\">Tratamiento efectivo: M\u00e9xico garantiza el acceso universal y gratuito a los medicamentos antirretrovirales m\u00e1s avanzados.<\/li>\n<li data-sourcepos=\"19:1-19:129\">Prevenci\u00f3n combinada: Se promueve el uso de condones y la profilaxis preexposici\u00f3n (PrEP) para prevenir nuevas infecciones.<\/li>\n<li data-sourcepos=\"20:1-21:0\">Eliminaci\u00f3n del estigma: Se trabaja para reducir el estigma y la discriminaci\u00f3n hacia las personas que viven con VIH, fomentando la inclusi\u00f3n y la igualdad.&nbsp;\n<p style=\"text-align: justify;\" data-sourcepos=\"22:1-22:338\">El director general del CENSIDA, Juan Luis Mosqueda, enfatiz\u00f3 la importancia de distinguir entre VIH y SIDA. El VIH es el virus que causa la infecci\u00f3n, mientras que el SIDA es la etapa avanzada de la enfermedad. Con el tratamiento adecuado, las personas con VIH pueden vivir una vida larga y saludable y evitar desarrollar SIDA.<\/p>\n<p style=\"text-align: justify;\" data-sourcepos=\"24:1-24:26\">\u00bfC\u00f3mo prevenir el VIH?\u00a0Uso de cond\u00f3n es la forma m\u00e1s efectiva,\u00a0Pruebas peri\u00f3dicas: Realizarse una prueba de VIH de manera regular, especialmente si tienes vida sexual activa.\u00a0Educaci\u00f3n sexual: Informarse sobre el VIH y las infecciones de transmisi\u00f3n sexual. Y acudir a los centros de salud para recibir orientaci\u00f3n y atenci\u00f3n m\u00e9dica.<\/p>\n<p style=\"text-align: justify;\" data-sourcepos=\"31:1-31:241\">M\u00e9xico avanza hacia un futuro libre de SIDA, pero a\u00fan queda mucho por hacer. Es fundamental seguir trabajando en la prevenci\u00f3n, el diagn\u00f3stico temprano y el tratamiento del VIH, as\u00ed como en la eliminaci\u00f3n del estigma y la discriminaci\u00f3n.<\/p>\n<p>&nbsp;<\/p>\n<p style=\"text-align: center;\" data-sourcepos=\"31:1-31:241\"><em><strong>\u00a1Informaci\u00f3n que transforma!<\/strong><\/em><\/p>\n<\/li>\n<\/ul>\n","protected":false},"excerpt":{"rendered":"<p>En el marco del D\u00eda Mundial del SIDA, M\u00e9xico reafirma su compromiso con la salud sexual y reproductiva de la poblaci\u00f3n.<\/p>\n","protected":false},"author":3,"featured_media":7341,"comment_status":"open","ping_status":"open","sticky":false,"template":"","format":"standard","meta":{"footnotes":""},"categories":[88,58],"tags":[2454,1610,2456,2455],"class_list":["post-7340","post","type-post","status-publish","format-standard","has-post-thumbnail","hentry","category-nacional","category-ultima-hora","tag-diamundialdelsida","tag-mexico","tag-saludsexual","tag-vih"],"yoast_head":"<!-- This site is optimized with the Yoast SEO plugin v25.0 - https:\/\/yoast.com\/wordpress\/plugins\/seo\/ -->\n<title>M\u00e9xico avanza en la lucha contra el VIH: Acceso universal y gratuito a tratamientos | Nexo Informativo Santiago de Quer\u00e9taro<\/title>\n<meta name=\"description\" content=\"M\u00e9xico avanza en la lucha contra el VIH: Acceso universal y gratuito a tratamientos\" \/>\n<meta name=\"robots\" content=\"index, follow, max-snippet:-1, max-image-preview:large, max-video-preview:-1\" \/>\n<link rel=\"canonical\" href=\"https:\/\/www.nexoinformativo.mx\/index.php\/2024\/12\/02\/mexico-avanza-en-la-lucha-contra-el-vih-acceso-universal-y-gratuito-a-tratamientos\/\" \/>\n<meta property=\"og:locale\" content=\"es_MX\" \/>\n<meta property=\"og:type\" content=\"article\" \/>\n<meta property=\"og:title\" content=\"M\u00e9xico avanza en la lucha contra el VIH: Acceso universal y gratuito a tratamientos | Nexo Informativo Santiago de Quer\u00e9taro\" \/>\n<meta property=\"og:description\" content=\"M\u00e9xico avanza en la lucha contra el VIH: Acceso universal y gratuito a tratamientos\" \/>\n<meta property=\"og:url\" content=\"https:\/\/www.nexoinformativo.mx\/index.php\/2024\/12\/02\/mexico-avanza-en-la-lucha-contra-el-vih-acceso-universal-y-gratuito-a-tratamientos\/\" \/>\n<meta property=\"og:site_name\" content=\"Nexo Informativo Santiago de Quer\u00e9taro\" \/>\n<meta property=\"article:publisher\" content=\"https:\/\/www.facebook.com\/people\/Nexo-Informativo\/61564066885511\/\" \/>\n<meta property=\"article:published_time\" content=\"2024-12-02T19:00:04+00:00\" \/>\n<meta property=\"article:modified_time\" content=\"2024-12-02T19:40:24+00:00\" \/>\n<meta property=\"og:image\" content=\"https:\/\/www.nexoinformativo.mx\/wp-content\/uploads\/2024\/12\/IMG_8307.jpg\" \/>\n\t<meta property=\"og:image:width\" content=\"650\" \/>\n\t<meta property=\"og:image:height\" content=\"345\" \/>\n\t<meta property=\"og:image:type\" content=\"image\/jpeg\" \/>\n<meta name=\"author\" content=\"Nexo Informativo\" \/>\n<meta name=\"twitter:card\" content=\"summary_large_image\" \/>\n<meta name=\"twitter:label1\" content=\"Escrito por\" \/>\n\t<meta name=\"twitter:data1\" content=\"Nexo Informativo\" \/>\n\t<meta name=\"twitter:label2\" content=\"Tiempo de lectura\" \/>\n\t<meta name=\"twitter:data2\" content=\"2 minutos\" \/>\n<script type=\"application\/ld+json\" class=\"yoast-schema-graph\">{\"@context\":\"https:\/\/schema.org\",\"@graph\":[{\"@type\":\"Article\",\"@id\":\"https:\/\/www.nexoinformativo.mx\/index.php\/2024\/12\/02\/mexico-avanza-en-la-lucha-contra-el-vih-acceso-universal-y-gratuito-a-tratamientos\/#article\",\"isPartOf\":{\"@id\":\"https:\/\/www.nexoinformativo.mx\/index.php\/2024\/12\/02\/mexico-avanza-en-la-lucha-contra-el-vih-acceso-universal-y-gratuito-a-tratamientos\/\"},\"author\":{\"name\":\"Nexo Informativo\",\"@id\":\"https:\/\/www.nexoinformativo.mx\/#\/schema\/person\/7749d380ba08c8ca00d7bc76fd907b7d\"},\"headline\":\"M\u00e9xico avanza en la lucha contra el VIH: Acceso universal y gratuito a tratamientos\",\"datePublished\":\"2024-12-02T19:00:04+00:00\",\"dateModified\":\"2024-12-02T19:40:24+00:00\",\"mainEntityOfPage\":{\"@id\":\"https:\/\/www.nexoinformativo.mx\/index.php\/2024\/12\/02\/mexico-avanza-en-la-lucha-contra-el-vih-acceso-universal-y-gratuito-a-tratamientos\/\"},\"wordCount\":370,\"commentCount\":0,\"publisher\":{\"@id\":\"https:\/\/www.nexoinformativo.mx\/#organization\"},\"image\":{\"@id\":\"https:\/\/www.nexoinformativo.mx\/index.php\/2024\/12\/02\/mexico-avanza-en-la-lucha-contra-el-vih-acceso-universal-y-gratuito-a-tratamientos\/#primaryimage\"},\"thumbnailUrl\":\"https:\/\/www.nexoinformativo.mx\/wp-content\/uploads\/2024\/12\/IMG_8307.jpg\",\"keywords\":[\"D\u00edaMundialdelSIDA\",\"M\u00e9xico\",\"SaludSexual\",\"VIH\"],\"articleSection\":[\"Nacional\",\"\u00daltima Hora\"],\"inLanguage\":\"es\",\"potentialAction\":[{\"@type\":\"CommentAction\",\"name\":\"Comment\",\"target\":[\"https:\/\/www.nexoinformativo.mx\/index.php\/2024\/12\/02\/mexico-avanza-en-la-lucha-contra-el-vih-acceso-universal-y-gratuito-a-tratamientos\/#respond\"]}]},{\"@type\":\"WebPage\",\"@id\":\"https:\/\/www.nexoinformativo.mx\/index.php\/2024\/12\/02\/mexico-avanza-en-la-lucha-contra-el-vih-acceso-universal-y-gratuito-a-tratamientos\/\",\"url\":\"https:\/\/www.nexoinformativo.mx\/index.php\/2024\/12\/02\/mexico-avanza-en-la-lucha-contra-el-vih-acceso-universal-y-gratuito-a-tratamientos\/\",\"name\":\"M\u00e9xico avanza en la lucha contra el VIH: Acceso universal y gratuito a tratamientos | Nexo Informativo Santiago de Quer\u00e9taro\",\"isPartOf\":{\"@id\":\"https:\/\/www.nexoinformativo.mx\/#website\"},\"primaryImageOfPage\":{\"@id\":\"https:\/\/www.nexoinformativo.mx\/index.php\/2024\/12\/02\/mexico-avanza-en-la-lucha-contra-el-vih-acceso-universal-y-gratuito-a-tratamientos\/#primaryimage\"},\"image\":{\"@id\":\"https:\/\/www.nexoinformativo.mx\/index.php\/2024\/12\/02\/mexico-avanza-en-la-lucha-contra-el-vih-acceso-universal-y-gratuito-a-tratamientos\/#primaryimage\"},\"thumbnailUrl\":\"https:\/\/www.nexoinformativo.mx\/wp-content\/uploads\/2024\/12\/IMG_8307.jpg\",\"datePublished\":\"2024-12-02T19:00:04+00:00\",\"dateModified\":\"2024-12-02T19:40:24+00:00\",\"description\":\"M\u00e9xico avanza en la lucha contra el VIH: Acceso universal y gratuito a tratamientos\",\"breadcrumb\":{\"@id\":\"https:\/\/www.nexoinformativo.mx\/index.php\/2024\/12\/02\/mexico-avanza-en-la-lucha-contra-el-vih-acceso-universal-y-gratuito-a-tratamientos\/#breadcrumb\"},\"inLanguage\":\"es\",\"potentialAction\":[{\"@type\":\"ReadAction\",\"target\":[\"https:\/\/www.nexoinformativo.mx\/index.php\/2024\/12\/02\/mexico-avanza-en-la-lucha-contra-el-vih-acceso-universal-y-gratuito-a-tratamientos\/\"]}]},{\"@type\":\"ImageObject\",\"inLanguage\":\"es\",\"@id\":\"https:\/\/www.nexoinformativo.mx\/index.php\/2024\/12\/02\/mexico-avanza-en-la-lucha-contra-el-vih-acceso-universal-y-gratuito-a-tratamientos\/#primaryimage\",\"url\":\"https:\/\/www.nexoinformativo.mx\/wp-content\/uploads\/2024\/12\/IMG_8307.jpg\",\"contentUrl\":\"https:\/\/www.nexoinformativo.mx\/wp-content\/uploads\/2024\/12\/IMG_8307.jpg\",\"width\":650,\"height\":345},{\"@type\":\"BreadcrumbList\",\"@id\":\"https:\/\/www.nexoinformativo.mx\/index.php\/2024\/12\/02\/mexico-avanza-en-la-lucha-contra-el-vih-acceso-universal-y-gratuito-a-tratamientos\/#breadcrumb\",\"itemListElement\":[{\"@type\":\"ListItem\",\"position\":1,\"name\":\"Inicio\",\"item\":\"https:\/\/www.nexoinformativo.mx\/\"},{\"@type\":\"ListItem\",\"position\":2,\"name\":\"M\u00e9xico avanza en la lucha contra el VIH: Acceso universal y gratuito a tratamientos\"}]},{\"@type\":\"WebSite\",\"@id\":\"https:\/\/www.nexoinformativo.mx\/#website\",\"url\":\"https:\/\/www.nexoinformativo.mx\/\",\"name\":\"Nexo Informativo Santiago de Quer\u00e9taro\",\"description\":\"Explora NexoInformativo y convi\u00e9rtete en parte de una comunidad que valora el conocimiento y la verdad. Tu nexoinformativo es tu puente hacia una comprensi\u00f3n m\u00e1s profunda del mundo que te rodea.\",\"publisher\":{\"@id\":\"https:\/\/www.nexoinformativo.mx\/#organization\"},\"potentialAction\":[{\"@type\":\"SearchAction\",\"target\":{\"@type\":\"EntryPoint\",\"urlTemplate\":\"https:\/\/www.nexoinformativo.mx\/?s={search_term_string}\"},\"query-input\":{\"@type\":\"PropertyValueSpecification\",\"valueRequired\":true,\"valueName\":\"search_term_string\"}}],\"inLanguage\":\"es\"},{\"@type\":\"Organization\",\"@id\":\"https:\/\/www.nexoinformativo.mx\/#organization\",\"name\":\"Nexo Informativo Santiago de Quer\u00e9taro\",\"url\":\"https:\/\/www.nexoinformativo.mx\/\",\"logo\":{\"@type\":\"ImageObject\",\"inLanguage\":\"es\",\"@id\":\"https:\/\/www.nexoinformativo.mx\/#\/schema\/logo\/image\/\",\"url\":\"https:\/\/www.nexoinformativo.mx\/wp-content\/uploads\/2024\/07\/nexoi-trasparente-2.png\",\"contentUrl\":\"https:\/\/www.nexoinformativo.mx\/wp-content\/uploads\/2024\/07\/nexoi-trasparente-2.png\",\"width\":816,\"height\":339,\"caption\":\"Nexo Informativo Santiago de Quer\u00e9taro\"},\"image\":{\"@id\":\"https:\/\/www.nexoinformativo.mx\/#\/schema\/logo\/image\/\"},\"sameAs\":[\"https:\/\/www.facebook.com\/people\/Nexo-Informativo\/61564066885511\/\"]},{\"@type\":\"Person\",\"@id\":\"https:\/\/www.nexoinformativo.mx\/#\/schema\/person\/7749d380ba08c8ca00d7bc76fd907b7d\",\"name\":\"Nexo Informativo\",\"image\":{\"@type\":\"ImageObject\",\"inLanguage\":\"es\",\"@id\":\"https:\/\/www.nexoinformativo.mx\/#\/schema\/person\/image\/\",\"url\":\"https:\/\/secure.gravatar.com\/avatar\/dde2928154642a13d95f87ddf1ea9718fe2b46760a005c53e41ff5ad610704e6?s=96&d=mm&r=g\",\"contentUrl\":\"https:\/\/secure.gravatar.com\/avatar\/dde2928154642a13d95f87ddf1ea9718fe2b46760a005c53e41ff5ad610704e6?s=96&d=mm&r=g\",\"caption\":\"Nexo Informativo\"},\"url\":\"https:\/\/www.nexoinformativo.mx\/index.php\/author\/edicion\/\"}]}<\/script>\n<!-- \/ Yoast SEO plugin. -->","yoast_head_json":{"title":"M\u00e9xico avanza en la lucha contra el VIH: Acceso universal y gratuito a tratamientos | Nexo Informativo Santiago de Quer\u00e9taro","description":"M\u00e9xico avanza en la lucha contra el VIH: Acceso universal y gratuito a tratamientos","robots":{"index":"index","follow":"follow","max-snippet":"max-snippet:-1","max-image-preview":"max-image-preview:large","max-video-preview":"max-video-preview:-1"},"canonical":"https:\/\/www.nexoinformativo.mx\/index.php\/2024\/12\/02\/mexico-avanza-en-la-lucha-contra-el-vih-acceso-universal-y-gratuito-a-tratamientos\/","og_locale":"es_MX","og_type":"article","og_title":"M\u00e9xico avanza en la lucha contra el VIH: Acceso universal y gratuito a tratamientos | Nexo Informativo Santiago de Quer\u00e9taro","og_description":"M\u00e9xico avanza en la lucha contra el VIH: Acceso universal y gratuito a tratamientos","og_url":"https:\/\/www.nexoinformativo.mx\/index.php\/2024\/12\/02\/mexico-avanza-en-la-lucha-contra-el-vih-acceso-universal-y-gratuito-a-tratamientos\/","og_site_name":"Nexo Informativo Santiago de Quer\u00e9taro","article_publisher":"https:\/\/www.facebook.com\/people\/Nexo-Informativo\/61564066885511\/","article_published_time":"2024-12-02T19:00:04+00:00","article_modified_time":"2024-12-02T19:40:24+00:00","og_image":[{"width":650,"height":345,"url":"https:\/\/www.nexoinformativo.mx\/wp-content\/uploads\/2024\/12\/IMG_8307.jpg","type":"image\/jpeg"}],"author":"Nexo Informativo","twitter_card":"summary_large_image","twitter_misc":{"Escrito por":"Nexo Informativo","Tiempo de lectura":"2 minutos"},"schema":{"@context":"https:\/\/schema.org","@graph":[{"@type":"Article","@id":"https:\/\/www.nexoinformativo.mx\/index.php\/2024\/12\/02\/mexico-avanza-en-la-lucha-contra-el-vih-acceso-universal-y-gratuito-a-tratamientos\/#article","isPartOf":{"@id":"https:\/\/www.nexoinformativo.mx\/index.php\/2024\/12\/02\/mexico-avanza-en-la-lucha-contra-el-vih-acceso-universal-y-gratuito-a-tratamientos\/"},"author":{"name":"Nexo Informativo","@id":"https:\/\/www.nexoinformativo.mx\/#\/schema\/person\/7749d380ba08c8ca00d7bc76fd907b7d"},"headline":"M\u00e9xico avanza en la lucha contra el VIH: Acceso universal y gratuito a tratamientos","datePublished":"2024-12-02T19:00:04+00:00","dateModified":"2024-12-02T19:40:24+00:00","mainEntityOfPage":{"@id":"https:\/\/www.nexoinformativo.mx\/index.php\/2024\/12\/02\/mexico-avanza-en-la-lucha-contra-el-vih-acceso-universal-y-gratuito-a-tratamientos\/"},"wordCount":370,"commentCount":0,"publisher":{"@id":"https:\/\/www.nexoinformativo.mx\/#organization"},"image":{"@id":"https:\/\/www.nexoinformativo.mx\/index.php\/2024\/12\/02\/mexico-avanza-en-la-lucha-contra-el-vih-acceso-universal-y-gratuito-a-tratamientos\/#primaryimage"},"thumbnailUrl":"https:\/\/www.nexoinformativo.mx\/wp-content\/uploads\/2024\/12\/IMG_8307.jpg","keywords":["D\u00edaMundialdelSIDA","M\u00e9xico","SaludSexual","VIH"],"articleSection":["Nacional","\u00daltima Hora"],"inLanguage":"es","potentialAction":[{"@type":"CommentAction","name":"Comment","target":["https:\/\/www.nexoinformativo.mx\/index.php\/2024\/12\/02\/mexico-avanza-en-la-lucha-contra-el-vih-acceso-universal-y-gratuito-a-tratamientos\/#respond"]}]},{"@type":"WebPage","@id":"https:\/\/www.nexoinformativo.mx\/index.php\/2024\/12\/02\/mexico-avanza-en-la-lucha-contra-el-vih-acceso-universal-y-gratuito-a-tratamientos\/","url":"https:\/\/www.nexoinformativo.mx\/index.php\/2024\/12\/02\/mexico-avanza-en-la-lucha-contra-el-vih-acceso-universal-y-gratuito-a-tratamientos\/","name":"M\u00e9xico avanza en la lucha contra el VIH: Acceso universal y gratuito a tratamientos | Nexo Informativo Santiago de Quer\u00e9taro","isPartOf":{"@id":"https:\/\/www.nexoinformativo.mx\/#website"},"primaryImageOfPage":{"@id":"https:\/\/www.nexoinformativo.mx\/index.php\/2024\/12\/02\/mexico-avanza-en-la-lucha-contra-el-vih-acceso-universal-y-gratuito-a-tratamientos\/#primaryimage"},"image":{"@id":"https:\/\/www.nexoinformativo.mx\/index.php\/2024\/12\/02\/mexico-avanza-en-la-lucha-contra-el-vih-acceso-universal-y-gratuito-a-tratamientos\/#primaryimage"},"thumbnailUrl":"https:\/\/www.nexoinformativo.mx\/wp-content\/uploads\/2024\/12\/IMG_8307.jpg","datePublished":"2024-12-02T19:00:04+00:00","dateModified":"2024-12-02T19:40:24+00:00","description":"M\u00e9xico avanza en la lucha contra el VIH: Acceso universal y gratuito a tratamientos","breadcrumb":{"@id":"https:\/\/www.nexoinformativo.mx\/index.php\/2024\/12\/02\/mexico-avanza-en-la-lucha-contra-el-vih-acceso-universal-y-gratuito-a-tratamientos\/#breadcrumb"},"inLanguage":"es","potentialAction":[{"@type":"ReadAction","target":["https:\/\/www.nexoinformativo.mx\/index.php\/2024\/12\/02\/mexico-avanza-en-la-lucha-contra-el-vih-acceso-universal-y-gratuito-a-tratamientos\/"]}]},{"@type":"ImageObject","inLanguage":"es","@id":"https:\/\/www.nexoinformativo.mx\/index.php\/2024\/12\/02\/mexico-avanza-en-la-lucha-contra-el-vih-acceso-universal-y-gratuito-a-tratamientos\/#primaryimage","url":"https:\/\/www.nexoinformativo.mx\/wp-content\/uploads\/2024\/12\/IMG_8307.jpg","contentUrl":"https:\/\/www.nexoinformativo.mx\/wp-content\/uploads\/2024\/12\/IMG_8307.jpg","width":650,"height":345},{"@type":"BreadcrumbList","@id":"https:\/\/www.nexoinformativo.mx\/index.php\/2024\/12\/02\/mexico-avanza-en-la-lucha-contra-el-vih-acceso-universal-y-gratuito-a-tratamientos\/#breadcrumb","itemListElement":[{"@type":"ListItem","position":1,"name":"Inicio","item":"https:\/\/www.nexoinformativo.mx\/"},{"@type":"ListItem","position":2,"name":"M\u00e9xico avanza en la lucha contra el VIH: Acceso universal y gratuito a tratamientos"}]},{"@type":"WebSite","@id":"https:\/\/www.nexoinformativo.mx\/#website","url":"https:\/\/www.nexoinformativo.mx\/","name":"Nexo Informativo Santiago de Quer\u00e9taro","description":"Explora NexoInformativo y convi\u00e9rtete en parte de una comunidad que valora el conocimiento y la verdad. Tu nexoinformativo es tu puente hacia una comprensi\u00f3n m\u00e1s profunda del mundo que te rodea.","publisher":{"@id":"https:\/\/www.nexoinformativo.mx\/#organization"},"potentialAction":[{"@type":"SearchAction","target":{"@type":"EntryPoint","urlTemplate":"https:\/\/www.nexoinformativo.mx\/?s={search_term_string}"},"query-input":{"@type":"PropertyValueSpecification","valueRequired":true,"valueName":"search_term_string"}}],"inLanguage":"es"},{"@type":"Organization","@id":"https:\/\/www.nexoinformativo.mx\/#organization","name":"Nexo Informativo Santiago de Quer\u00e9taro","url":"https:\/\/www.nexoinformativo.mx\/","logo":{"@type":"ImageObject","inLanguage":"es","@id":"https:\/\/www.nexoinformativo.mx\/#\/schema\/logo\/image\/","url":"https:\/\/www.nexoinformativo.mx\/wp-content\/uploads\/2024\/07\/nexoi-trasparente-2.png","contentUrl":"https:\/\/www.nexoinformativo.mx\/wp-content\/uploads\/2024\/07\/nexoi-trasparente-2.png","width":816,"height":339,"caption":"Nexo Informativo Santiago de Quer\u00e9taro"},"image":{"@id":"https:\/\/www.nexoinformativo.mx\/#\/schema\/logo\/image\/"},"sameAs":["https:\/\/www.facebook.com\/people\/Nexo-Informativo\/61564066885511\/"]},{"@type":"Person","@id":"https:\/\/www.nexoinformativo.mx\/#\/schema\/person\/7749d380ba08c8ca00d7bc76fd907b7d","name":"Nexo Informativo","image":{"@type":"ImageObject","inLanguage":"es","@id":"https:\/\/www.nexoinformativo.mx\/#\/schema\/person\/image\/","url":"https:\/\/secure.gravatar.com\/avatar\/dde2928154642a13d95f87ddf1ea9718fe2b46760a005c53e41ff5ad610704e6?s=96&d=mm&r=g","contentUrl":"https:\/\/secure.gravatar.com\/avatar\/dde2928154642a13d95f87ddf1ea9718fe2b46760a005c53e41ff5ad610704e6?s=96&d=mm&r=g","caption":"Nexo Informativo"},"url":"https:\/\/www.nexoinformativo.mx\/index.php\/author\/edicion\/"}]}},"_links":{"self":[{"href":"https:\/\/www.nexoinformativo.mx\/index.php\/wp-json\/wp\/v2\/posts\/7340","targetHints":{"allow":["GET"]}}],"collection":[{"href":"https:\/\/www.nexoinformativo.mx\/index.php\/wp-json\/wp\/v2\/posts"}],"about":[{"href":"https:\/\/www.nexoinformativo.mx\/index.php\/wp-json\/wp\/v2\/types\/post"}],"author":[{"embeddable":true,"href":"https:\/\/www.nexoinformativo.mx\/index.php\/wp-json\/wp\/v2\/users\/3"}],"replies":[{"embeddable":true,"href":"https:\/\/www.nexoinformativo.mx\/index.php\/wp-json\/wp\/v2\/comments?post=7340"}],"version-history":[{"count":3,"href":"https:\/\/www.nexoinformativo.mx\/index.php\/wp-json\/wp\/v2\/posts\/7340\/revisions"}],"predecessor-version":[{"id":7347,"href":"https:\/\/www.nexoinformativo.mx\/index.php\/wp-json\/wp\/v2\/posts\/7340\/revisions\/7347"}],"wp:featuredmedia":[{"embeddable":true,"href":"https:\/\/www.nexoinformativo.mx\/index.php\/wp-json\/wp\/v2\/media\/7341"}],"wp:attachment":[{"href":"https:\/\/www.nexoinformativo.mx\/index.php\/wp-json\/wp\/v2\/media?parent=7340"}],"wp:term":[{"taxonomy":"category","embeddable":true,"href":"https:\/\/www.nexoinformativo.mx\/index.php\/wp-json\/wp\/v2\/categories?post=7340"},{"taxonomy":"post_tag","embeddable":true,"href":"https:\/\/www.nexoinformativo.mx\/index.php\/wp-json\/wp\/v2\/tags?post=7340"}],"curies":[{"name":"wp","href":"https:\/\/api.w.org\/{rel}","templated":true}]}}