{"id":7348,"date":"2024-12-02T14:00:29","date_gmt":"2024-12-02T20:00:29","guid":{"rendered":"https:\/\/www.nexoinformativo.mx\/?p=7348"},"modified":"2024-12-02T17:14:21","modified_gmt":"2024-12-02T23:14:21","slug":"detienen-a-lider-criminal-y-aseguran-millonaria-carga-robada-en-queretaro-y-guanajuato","status":"publish","type":"post","link":"https:\/\/www.nexoinformativo.mx\/index.php\/2024\/12\/02\/detienen-a-lider-criminal-y-aseguran-millonaria-carga-robada-en-queretaro-y-guanajuato\/","title":{"rendered":"Detienen a l\u00edder criminal y aseguran millonaria carga robada en Quer\u00e9taro y Guanajuato"},"content":{"rendered":"<p style=\"text-align: justify;\" data-sourcepos=\"7:1-7:228\">En un contundente golpe al crimen organizado, las autoridades federales detuvieron a <strong>Jaime \u201cN\u201d<\/strong>, presunto l\u00edder de una c\u00e9lula criminal conocida como <strong>\u201cLos Burras Prietas\u201d<\/strong>, dedicada al robo de mercanc\u00edas y contrabando de armas.<\/p>\n<p>&nbsp;<\/p>\n<p style=\"text-align: justify;\" data-sourcepos=\"9:1-9:207\">Durante un operativo coordinado por el Gabinete de Seguridad, se realizaron cinco cateos simult\u00e1neos en inmuebles ubicados en Quer\u00e9taro y Guanajuato, lo que permiti\u00f3 desarticular esta peligrosa organizaci\u00f3n.<\/p>\n<p>&nbsp;<\/p>\n<p style=\"text-align: justify;\" data-sourcepos=\"13:1-13:297\">Entre el material asegurado se encuentran 29 veh\u00edculos, armas de fuego, equipos electr\u00f3nicos y m\u00e1s de 75 mil productos robados, entre los que destacan 30 mil sandwicheras, mil 200 carcasas para celulares y 450 hojas de tablaroca. Adem\u00e1s, se recuperaron productos de limpieza, abarrotes y animales.<\/p>\n<p>&nbsp;<\/p>\n<p style=\"text-align: justify;\" data-sourcepos=\"13:1-13:297\">De manera adicional, las autoridades rescataron a cinco personas extranjeras, incluido un menor de edad, quienes se encontraban en condiciones de explotaci\u00f3n. Estos individuos fueron puestos a disposici\u00f3n de las autoridades migratorias para garantizar sus derechos.<\/p>\n<p>&nbsp;<\/p>\n<p style=\"text-align: justify;\" data-sourcepos=\"21:1-21:363\">La Secretar\u00eda de la Defensa Nacional (Sedena), la Guardia Nacional (GN), la Secretar\u00eda de Marina (Semar), la Fiscal\u00eda General de la Rep\u00fablica (FGR) y la Secretar\u00eda de Seguridad y Protecci\u00f3n Ciudadana (SSPC) trabajaron de manera coordinada para llevar a cabo este operativo, el cual se logr\u00f3 gracias a trabajos de inteligencia y a la obtenci\u00f3n de \u00f3rdenes de cateo.<\/p>\n<p>&nbsp;<\/p>\n<p style=\"text-align: justify;\" data-sourcepos=\"25:1-25:192\">La detenci\u00f3n de Jaime \u201cN\u201d y el aseguramiento del millonario bot\u00edn representan un duro golpe a las actividades de esta c\u00e9lula criminal, la cual operaba en los estados de Quer\u00e9taro y Guanajuato.<\/p>\n<p>&nbsp;<\/p>\n<p style=\"text-align: justify;\" data-sourcepos=\"29:1-29:252\">Las autoridades reiteraron su compromiso de combatir la impunidad y garantizar la seguridad de la ciudadan\u00eda. Con acciones como esta, se demuestra la determinaci\u00f3n del gobierno federal para enfrentar al crimen organizado y recuperar los bienes robados.<\/p>\n<p>&nbsp;<\/p>\n<p style=\"text-align: center;\" data-sourcepos=\"29:1-29:252\"><em><strong>\u00a1Informaci\u00f3n que transforma!<\/strong><\/em><\/p>\n","protected":false},"excerpt":{"rendered":"<p>En un contundente golpe al crimen organizado, las autoridades federales detuvieron a Jaime \u201cN\u201d, presunto l\u00edder de una c\u00e9lula criminal conocida como \u201cLos Burras Prietas\u201d, dedicada al robo de mercanc\u00edas y contrabando de armas.<\/p>\n","protected":false},"author":3,"featured_media":7349,"comment_status":"open","ping_status":"open","sticky":false,"template":"","format":"standard","meta":{"footnotes":""},"categories":[137,58],"tags":[723,1632,2457,131],"class_list":["post-7348","post","type-post","status-publish","format-standard","has-post-thumbnail","hentry","category-sucesos","category-ultima-hora","tag-detenciones","tag-operativo","tag-robodemercancias","tag-seguridad"],"yoast_head":"<!-- This site is optimized with the Yoast SEO plugin v25.0 - https:\/\/yoast.com\/wordpress\/plugins\/seo\/ -->\n<title>Detienen a l\u00edder criminal y aseguran millonaria carga robada en Quer\u00e9taro y Guanajuato | Nexo Informativo Santiago de Quer\u00e9taro<\/title>\n<meta name=\"description\" content=\"Detienen a l\u00edder criminal y aseguran millonaria carga robada en Quer\u00e9taro y Guanajuato\" \/>\n<meta name=\"robots\" content=\"index, follow, max-snippet:-1, max-image-preview:large, max-video-preview:-1\" \/>\n<link rel=\"canonical\" href=\"https:\/\/www.nexoinformativo.mx\/index.php\/2024\/12\/02\/detienen-a-lider-criminal-y-aseguran-millonaria-carga-robada-en-queretaro-y-guanajuato\/\" \/>\n<meta property=\"og:locale\" content=\"es_MX\" \/>\n<meta property=\"og:type\" content=\"article\" \/>\n<meta property=\"og:title\" content=\"Detienen a l\u00edder criminal y aseguran millonaria carga robada en Quer\u00e9taro y Guanajuato | Nexo Informativo Santiago de Quer\u00e9taro\" \/>\n<meta property=\"og:description\" content=\"Detienen a l\u00edder criminal y aseguran millonaria carga robada en Quer\u00e9taro y Guanajuato\" \/>\n<meta property=\"og:url\" content=\"https:\/\/www.nexoinformativo.mx\/index.php\/2024\/12\/02\/detienen-a-lider-criminal-y-aseguran-millonaria-carga-robada-en-queretaro-y-guanajuato\/\" \/>\n<meta property=\"og:site_name\" content=\"Nexo Informativo Santiago de Quer\u00e9taro\" \/>\n<meta property=\"article:publisher\" content=\"https:\/\/www.facebook.com\/people\/Nexo-Informativo\/61564066885511\/\" \/>\n<meta property=\"article:published_time\" content=\"2024-12-02T20:00:29+00:00\" \/>\n<meta property=\"article:modified_time\" content=\"2024-12-02T23:14:21+00:00\" \/>\n<meta property=\"og:image\" content=\"https:\/\/www.nexoinformativo.mx\/wp-content\/uploads\/2024\/12\/PHOTO-2024-12-02-14-45-59-e1733174891714.jpg\" \/>\n\t<meta property=\"og:image:width\" content=\"800\" \/>\n\t<meta property=\"og:image:height\" content=\"800\" \/>\n\t<meta property=\"og:image:type\" content=\"image\/jpeg\" \/>\n<meta name=\"author\" content=\"Nexo Informativo\" \/>\n<meta name=\"twitter:card\" content=\"summary_large_image\" \/>\n<meta name=\"twitter:label1\" content=\"Escrito por\" \/>\n\t<meta name=\"twitter:data1\" content=\"Nexo Informativo\" \/>\n\t<meta name=\"twitter:label2\" content=\"Tiempo de lectura\" \/>\n\t<meta name=\"twitter:data2\" content=\"2 minutos\" \/>\n<script type=\"application\/ld+json\" class=\"yoast-schema-graph\">{\"@context\":\"https:\/\/schema.org\",\"@graph\":[{\"@type\":\"Article\",\"@id\":\"https:\/\/www.nexoinformativo.mx\/index.php\/2024\/12\/02\/detienen-a-lider-criminal-y-aseguran-millonaria-carga-robada-en-queretaro-y-guanajuato\/#article\",\"isPartOf\":{\"@id\":\"https:\/\/www.nexoinformativo.mx\/index.php\/2024\/12\/02\/detienen-a-lider-criminal-y-aseguran-millonaria-carga-robada-en-queretaro-y-guanajuato\/\"},\"author\":{\"name\":\"Nexo Informativo\",\"@id\":\"https:\/\/www.nexoinformativo.mx\/#\/schema\/person\/7749d380ba08c8ca00d7bc76fd907b7d\"},\"headline\":\"Detienen a l\u00edder criminal y aseguran millonaria carga robada en Quer\u00e9taro y Guanajuato\",\"datePublished\":\"2024-12-02T20:00:29+00:00\",\"dateModified\":\"2024-12-02T23:14:21+00:00\",\"mainEntityOfPage\":{\"@id\":\"https:\/\/www.nexoinformativo.mx\/index.php\/2024\/12\/02\/detienen-a-lider-criminal-y-aseguran-millonaria-carga-robada-en-queretaro-y-guanajuato\/\"},\"wordCount\":318,\"commentCount\":0,\"publisher\":{\"@id\":\"https:\/\/www.nexoinformativo.mx\/#organization\"},\"image\":{\"@id\":\"https:\/\/www.nexoinformativo.mx\/index.php\/2024\/12\/02\/detienen-a-lider-criminal-y-aseguran-millonaria-carga-robada-en-queretaro-y-guanajuato\/#primaryimage\"},\"thumbnailUrl\":\"https:\/\/www.nexoinformativo.mx\/wp-content\/uploads\/2024\/12\/PHOTO-2024-12-02-14-45-59-e1733174891714.jpg\",\"keywords\":[\"Detenciones\",\"Operativo\",\"RoboDeMercanc\u00edas\",\"Seguridad\"],\"articleSection\":[\"Sucesos\",\"\u00daltima Hora\"],\"inLanguage\":\"es\",\"potentialAction\":[{\"@type\":\"CommentAction\",\"name\":\"Comment\",\"target\":[\"https:\/\/www.nexoinformativo.mx\/index.php\/2024\/12\/02\/detienen-a-lider-criminal-y-aseguran-millonaria-carga-robada-en-queretaro-y-guanajuato\/#respond\"]}]},{\"@type\":\"WebPage\",\"@id\":\"https:\/\/www.nexoinformativo.mx\/index.php\/2024\/12\/02\/detienen-a-lider-criminal-y-aseguran-millonaria-carga-robada-en-queretaro-y-guanajuato\/\",\"url\":\"https:\/\/www.nexoinformativo.mx\/index.php\/2024\/12\/02\/detienen-a-lider-criminal-y-aseguran-millonaria-carga-robada-en-queretaro-y-guanajuato\/\",\"name\":\"Detienen a l\u00edder criminal y aseguran millonaria carga robada en Quer\u00e9taro y Guanajuato | Nexo Informativo Santiago de Quer\u00e9taro\",\"isPartOf\":{\"@id\":\"https:\/\/www.nexoinformativo.mx\/#website\"},\"primaryImageOfPage\":{\"@id\":\"https:\/\/www.nexoinformativo.mx\/index.php\/2024\/12\/02\/detienen-a-lider-criminal-y-aseguran-millonaria-carga-robada-en-queretaro-y-guanajuato\/#primaryimage\"},\"image\":{\"@id\":\"https:\/\/www.nexoinformativo.mx\/index.php\/2024\/12\/02\/detienen-a-lider-criminal-y-aseguran-millonaria-carga-robada-en-queretaro-y-guanajuato\/#primaryimage\"},\"thumbnailUrl\":\"https:\/\/www.nexoinformativo.mx\/wp-content\/uploads\/2024\/12\/PHOTO-2024-12-02-14-45-59-e1733174891714.jpg\",\"datePublished\":\"2024-12-02T20:00:29+00:00\",\"dateModified\":\"2024-12-02T23:14:21+00:00\",\"description\":\"Detienen a l\u00edder criminal y aseguran millonaria carga robada en Quer\u00e9taro y Guanajuato\",\"breadcrumb\":{\"@id\":\"https:\/\/www.nexoinformativo.mx\/index.php\/2024\/12\/02\/detienen-a-lider-criminal-y-aseguran-millonaria-carga-robada-en-queretaro-y-guanajuato\/#breadcrumb\"},\"inLanguage\":\"es\",\"potentialAction\":[{\"@type\":\"ReadAction\",\"target\":[\"https:\/\/www.nexoinformativo.mx\/index.php\/2024\/12\/02\/detienen-a-lider-criminal-y-aseguran-millonaria-carga-robada-en-queretaro-y-guanajuato\/\"]}]},{\"@type\":\"ImageObject\",\"inLanguage\":\"es\",\"@id\":\"https:\/\/www.nexoinformativo.mx\/index.php\/2024\/12\/02\/detienen-a-lider-criminal-y-aseguran-millonaria-carga-robada-en-queretaro-y-guanajuato\/#primaryimage\",\"url\":\"https:\/\/www.nexoinformativo.mx\/wp-content\/uploads\/2024\/12\/PHOTO-2024-12-02-14-45-59-e1733174891714.jpg\",\"contentUrl\":\"https:\/\/www.nexoinformativo.mx\/wp-content\/uploads\/2024\/12\/PHOTO-2024-12-02-14-45-59-e1733174891714.jpg\",\"width\":800,\"height\":800},{\"@type\":\"BreadcrumbList\",\"@id\":\"https:\/\/www.nexoinformativo.mx\/index.php\/2024\/12\/02\/detienen-a-lider-criminal-y-aseguran-millonaria-carga-robada-en-queretaro-y-guanajuato\/#breadcrumb\",\"itemListElement\":[{\"@type\":\"ListItem\",\"position\":1,\"name\":\"Inicio\",\"item\":\"https:\/\/www.nexoinformativo.mx\/\"},{\"@type\":\"ListItem\",\"position\":2,\"name\":\"Detienen a l\u00edder criminal y aseguran millonaria carga robada en Quer\u00e9taro y Guanajuato\"}]},{\"@type\":\"WebSite\",\"@id\":\"https:\/\/www.nexoinformativo.mx\/#website\",\"url\":\"https:\/\/www.nexoinformativo.mx\/\",\"name\":\"Nexo Informativo Santiago de Quer\u00e9taro\",\"description\":\"Explora NexoInformativo y convi\u00e9rtete en parte de una comunidad que valora el conocimiento y la verdad. Tu nexoinformativo es tu puente hacia una comprensi\u00f3n m\u00e1s profunda del mundo que te rodea.\",\"publisher\":{\"@id\":\"https:\/\/www.nexoinformativo.mx\/#organization\"},\"potentialAction\":[{\"@type\":\"SearchAction\",\"target\":{\"@type\":\"EntryPoint\",\"urlTemplate\":\"https:\/\/www.nexoinformativo.mx\/?s={search_term_string}\"},\"query-input\":{\"@type\":\"PropertyValueSpecification\",\"valueRequired\":true,\"valueName\":\"search_term_string\"}}],\"inLanguage\":\"es\"},{\"@type\":\"Organization\",\"@id\":\"https:\/\/www.nexoinformativo.mx\/#organization\",\"name\":\"Nexo Informativo Santiago de Quer\u00e9taro\",\"url\":\"https:\/\/www.nexoinformativo.mx\/\",\"logo\":{\"@type\":\"ImageObject\",\"inLanguage\":\"es\",\"@id\":\"https:\/\/www.nexoinformativo.mx\/#\/schema\/logo\/image\/\",\"url\":\"https:\/\/www.nexoinformativo.mx\/wp-content\/uploads\/2024\/07\/nexoi-trasparente-2.png\",\"contentUrl\":\"https:\/\/www.nexoinformativo.mx\/wp-content\/uploads\/2024\/07\/nexoi-trasparente-2.png\",\"width\":816,\"height\":339,\"caption\":\"Nexo Informativo Santiago de Quer\u00e9taro\"},\"image\":{\"@id\":\"https:\/\/www.nexoinformativo.mx\/#\/schema\/logo\/image\/\"},\"sameAs\":[\"https:\/\/www.facebook.com\/people\/Nexo-Informativo\/61564066885511\/\"]},{\"@type\":\"Person\",\"@id\":\"https:\/\/www.nexoinformativo.mx\/#\/schema\/person\/7749d380ba08c8ca00d7bc76fd907b7d\",\"name\":\"Nexo Informativo\",\"image\":{\"@type\":\"ImageObject\",\"inLanguage\":\"es\",\"@id\":\"https:\/\/www.nexoinformativo.mx\/#\/schema\/person\/image\/\",\"url\":\"https:\/\/secure.gravatar.com\/avatar\/dde2928154642a13d95f87ddf1ea9718fe2b46760a005c53e41ff5ad610704e6?s=96&d=mm&r=g\",\"contentUrl\":\"https:\/\/secure.gravatar.com\/avatar\/dde2928154642a13d95f87ddf1ea9718fe2b46760a005c53e41ff5ad610704e6?s=96&d=mm&r=g\",\"caption\":\"Nexo Informativo\"},\"url\":\"https:\/\/www.nexoinformativo.mx\/index.php\/author\/edicion\/\"}]}<\/script>\n<!-- \/ Yoast SEO plugin. -->","yoast_head_json":{"title":"Detienen a l\u00edder criminal y aseguran millonaria carga robada en Quer\u00e9taro y Guanajuato | Nexo Informativo Santiago de Quer\u00e9taro","description":"Detienen a l\u00edder criminal y aseguran millonaria carga robada en Quer\u00e9taro y Guanajuato","robots":{"index":"index","follow":"follow","max-snippet":"max-snippet:-1","max-image-preview":"max-image-preview:large","max-video-preview":"max-video-preview:-1"},"canonical":"https:\/\/www.nexoinformativo.mx\/index.php\/2024\/12\/02\/detienen-a-lider-criminal-y-aseguran-millonaria-carga-robada-en-queretaro-y-guanajuato\/","og_locale":"es_MX","og_type":"article","og_title":"Detienen a l\u00edder criminal y aseguran millonaria carga robada en Quer\u00e9taro y Guanajuato | Nexo Informativo Santiago de Quer\u00e9taro","og_description":"Detienen a l\u00edder criminal y aseguran millonaria carga robada en Quer\u00e9taro y Guanajuato","og_url":"https:\/\/www.nexoinformativo.mx\/index.php\/2024\/12\/02\/detienen-a-lider-criminal-y-aseguran-millonaria-carga-robada-en-queretaro-y-guanajuato\/","og_site_name":"Nexo Informativo Santiago de Quer\u00e9taro","article_publisher":"https:\/\/www.facebook.com\/people\/Nexo-Informativo\/61564066885511\/","article_published_time":"2024-12-02T20:00:29+00:00","article_modified_time":"2024-12-02T23:14:21+00:00","og_image":[{"width":800,"height":800,"url":"https:\/\/www.nexoinformativo.mx\/wp-content\/uploads\/2024\/12\/PHOTO-2024-12-02-14-45-59-e1733174891714.jpg","type":"image\/jpeg"}],"author":"Nexo Informativo","twitter_card":"summary_large_image","twitter_misc":{"Escrito por":"Nexo Informativo","Tiempo de lectura":"2 minutos"},"schema":{"@context":"https:\/\/schema.org","@graph":[{"@type":"Article","@id":"https:\/\/www.nexoinformativo.mx\/index.php\/2024\/12\/02\/detienen-a-lider-criminal-y-aseguran-millonaria-carga-robada-en-queretaro-y-guanajuato\/#article","isPartOf":{"@id":"https:\/\/www.nexoinformativo.mx\/index.php\/2024\/12\/02\/detienen-a-lider-criminal-y-aseguran-millonaria-carga-robada-en-queretaro-y-guanajuato\/"},"author":{"name":"Nexo Informativo","@id":"https:\/\/www.nexoinformativo.mx\/#\/schema\/person\/7749d380ba08c8ca00d7bc76fd907b7d"},"headline":"Detienen a l\u00edder criminal y aseguran millonaria carga robada en Quer\u00e9taro y Guanajuato","datePublished":"2024-12-02T20:00:29+00:00","dateModified":"2024-12-02T23:14:21+00:00","mainEntityOfPage":{"@id":"https:\/\/www.nexoinformativo.mx\/index.php\/2024\/12\/02\/detienen-a-lider-criminal-y-aseguran-millonaria-carga-robada-en-queretaro-y-guanajuato\/"},"wordCount":318,"commentCount":0,"publisher":{"@id":"https:\/\/www.nexoinformativo.mx\/#organization"},"image":{"@id":"https:\/\/www.nexoinformativo.mx\/index.php\/2024\/12\/02\/detienen-a-lider-criminal-y-aseguran-millonaria-carga-robada-en-queretaro-y-guanajuato\/#primaryimage"},"thumbnailUrl":"https:\/\/www.nexoinformativo.mx\/wp-content\/uploads\/2024\/12\/PHOTO-2024-12-02-14-45-59-e1733174891714.jpg","keywords":["Detenciones","Operativo","RoboDeMercanc\u00edas","Seguridad"],"articleSection":["Sucesos","\u00daltima Hora"],"inLanguage":"es","potentialAction":[{"@type":"CommentAction","name":"Comment","target":["https:\/\/www.nexoinformativo.mx\/index.php\/2024\/12\/02\/detienen-a-lider-criminal-y-aseguran-millonaria-carga-robada-en-queretaro-y-guanajuato\/#respond"]}]},{"@type":"WebPage","@id":"https:\/\/www.nexoinformativo.mx\/index.php\/2024\/12\/02\/detienen-a-lider-criminal-y-aseguran-millonaria-carga-robada-en-queretaro-y-guanajuato\/","url":"https:\/\/www.nexoinformativo.mx\/index.php\/2024\/12\/02\/detienen-a-lider-criminal-y-aseguran-millonaria-carga-robada-en-queretaro-y-guanajuato\/","name":"Detienen a l\u00edder criminal y aseguran millonaria carga robada en Quer\u00e9taro y Guanajuato | Nexo Informativo Santiago de Quer\u00e9taro","isPartOf":{"@id":"https:\/\/www.nexoinformativo.mx\/#website"},"primaryImageOfPage":{"@id":"https:\/\/www.nexoinformativo.mx\/index.php\/2024\/12\/02\/detienen-a-lider-criminal-y-aseguran-millonaria-carga-robada-en-queretaro-y-guanajuato\/#primaryimage"},"image":{"@id":"https:\/\/www.nexoinformativo.mx\/index.php\/2024\/12\/02\/detienen-a-lider-criminal-y-aseguran-millonaria-carga-robada-en-queretaro-y-guanajuato\/#primaryimage"},"thumbnailUrl":"https:\/\/www.nexoinformativo.mx\/wp-content\/uploads\/2024\/12\/PHOTO-2024-12-02-14-45-59-e1733174891714.jpg","datePublished":"2024-12-02T20:00:29+00:00","dateModified":"2024-12-02T23:14:21+00:00","description":"Detienen a l\u00edder criminal y aseguran millonaria carga robada en Quer\u00e9taro y Guanajuato","breadcrumb":{"@id":"https:\/\/www.nexoinformativo.mx\/index.php\/2024\/12\/02\/detienen-a-lider-criminal-y-aseguran-millonaria-carga-robada-en-queretaro-y-guanajuato\/#breadcrumb"},"inLanguage":"es","potentialAction":[{"@type":"ReadAction","target":["https:\/\/www.nexoinformativo.mx\/index.php\/2024\/12\/02\/detienen-a-lider-criminal-y-aseguran-millonaria-carga-robada-en-queretaro-y-guanajuato\/"]}]},{"@type":"ImageObject","inLanguage":"es","@id":"https:\/\/www.nexoinformativo.mx\/index.php\/2024\/12\/02\/detienen-a-lider-criminal-y-aseguran-millonaria-carga-robada-en-queretaro-y-guanajuato\/#primaryimage","url":"https:\/\/www.nexoinformativo.mx\/wp-content\/uploads\/2024\/12\/PHOTO-2024-12-02-14-45-59-e1733174891714.jpg","contentUrl":"https:\/\/www.nexoinformativo.mx\/wp-content\/uploads\/2024\/12\/PHOTO-2024-12-02-14-45-59-e1733174891714.jpg","width":800,"height":800},{"@type":"BreadcrumbList","@id":"https:\/\/www.nexoinformativo.mx\/index.php\/2024\/12\/02\/detienen-a-lider-criminal-y-aseguran-millonaria-carga-robada-en-queretaro-y-guanajuato\/#breadcrumb","itemListElement":[{"@type":"ListItem","position":1,"name":"Inicio","item":"https:\/\/www.nexoinformativo.mx\/"},{"@type":"ListItem","position":2,"name":"Detienen a l\u00edder criminal y aseguran millonaria carga robada en Quer\u00e9taro y Guanajuato"}]},{"@type":"WebSite","@id":"https:\/\/www.nexoinformativo.mx\/#website","url":"https:\/\/www.nexoinformativo.mx\/","name":"Nexo Informativo Santiago de Quer\u00e9taro","description":"Explora NexoInformativo y convi\u00e9rtete en parte de una comunidad que valora el conocimiento y la verdad. Tu nexoinformativo es tu puente hacia una comprensi\u00f3n m\u00e1s profunda del mundo que te rodea.","publisher":{"@id":"https:\/\/www.nexoinformativo.mx\/#organization"},"potentialAction":[{"@type":"SearchAction","target":{"@type":"EntryPoint","urlTemplate":"https:\/\/www.nexoinformativo.mx\/?s={search_term_string}"},"query-input":{"@type":"PropertyValueSpecification","valueRequired":true,"valueName":"search_term_string"}}],"inLanguage":"es"},{"@type":"Organization","@id":"https:\/\/www.nexoinformativo.mx\/#organization","name":"Nexo Informativo Santiago de Quer\u00e9taro","url":"https:\/\/www.nexoinformativo.mx\/","logo":{"@type":"ImageObject","inLanguage":"es","@id":"https:\/\/www.nexoinformativo.mx\/#\/schema\/logo\/image\/","url":"https:\/\/www.nexoinformativo.mx\/wp-content\/uploads\/2024\/07\/nexoi-trasparente-2.png","contentUrl":"https:\/\/www.nexoinformativo.mx\/wp-content\/uploads\/2024\/07\/nexoi-trasparente-2.png","width":816,"height":339,"caption":"Nexo Informativo Santiago de Quer\u00e9taro"},"image":{"@id":"https:\/\/www.nexoinformativo.mx\/#\/schema\/logo\/image\/"},"sameAs":["https:\/\/www.facebook.com\/people\/Nexo-Informativo\/61564066885511\/"]},{"@type":"Person","@id":"https:\/\/www.nexoinformativo.mx\/#\/schema\/person\/7749d380ba08c8ca00d7bc76fd907b7d","name":"Nexo Informativo","image":{"@type":"ImageObject","inLanguage":"es","@id":"https:\/\/www.nexoinformativo.mx\/#\/schema\/person\/image\/","url":"https:\/\/secure.gravatar.com\/avatar\/dde2928154642a13d95f87ddf1ea9718fe2b46760a005c53e41ff5ad610704e6?s=96&d=mm&r=g","contentUrl":"https:\/\/secure.gravatar.com\/avatar\/dde2928154642a13d95f87ddf1ea9718fe2b46760a005c53e41ff5ad610704e6?s=96&d=mm&r=g","caption":"Nexo Informativo"},"url":"https:\/\/www.nexoinformativo.mx\/index.php\/author\/edicion\/"}]}},"_links":{"self":[{"href":"https:\/\/www.nexoinformativo.mx\/index.php\/wp-json\/wp\/v2\/posts\/7348","targetHints":{"allow":["GET"]}}],"collection":[{"href":"https:\/\/www.nexoinformativo.mx\/index.php\/wp-json\/wp\/v2\/posts"}],"about":[{"href":"https:\/\/www.nexoinformativo.mx\/index.php\/wp-json\/wp\/v2\/types\/post"}],"author":[{"embeddable":true,"href":"https:\/\/www.nexoinformativo.mx\/index.php\/wp-json\/wp\/v2\/users\/3"}],"replies":[{"embeddable":true,"href":"https:\/\/www.nexoinformativo.mx\/index.php\/wp-json\/wp\/v2\/comments?post=7348"}],"version-history":[{"count":2,"href":"https:\/\/www.nexoinformativo.mx\/index.php\/wp-json\/wp\/v2\/posts\/7348\/revisions"}],"predecessor-version":[{"id":7351,"href":"https:\/\/www.nexoinformativo.mx\/index.php\/wp-json\/wp\/v2\/posts\/7348\/revisions\/7351"}],"wp:featuredmedia":[{"embeddable":true,"href":"https:\/\/www.nexoinformativo.mx\/index.php\/wp-json\/wp\/v2\/media\/7349"}],"wp:attachment":[{"href":"https:\/\/www.nexoinformativo.mx\/index.php\/wp-json\/wp\/v2\/media?parent=7348"}],"wp:term":[{"taxonomy":"category","embeddable":true,"href":"https:\/\/www.nexoinformativo.mx\/index.php\/wp-json\/wp\/v2\/categories?post=7348"},{"taxonomy":"post_tag","embeddable":true,"href":"https:\/\/www.nexoinformativo.mx\/index.php\/wp-json\/wp\/v2\/tags?post=7348"}],"curies":[{"name":"wp","href":"https:\/\/api.w.org\/{rel}","templated":true}]}}