{"id":7363,"date":"2024-12-02T15:00:59","date_gmt":"2024-12-02T21:00:59","guid":{"rendered":"https:\/\/www.nexoinformativo.mx\/?p=7363"},"modified":"2024-12-02T17:30:43","modified_gmt":"2024-12-02T23:30:43","slug":"chepe-guerrero-entrega-625-apoyos-economicos-corregidora-fortalece-el-apoyo-a-personas-con-discapacidad","status":"publish","type":"post","link":"https:\/\/www.nexoinformativo.mx\/index.php\/2024\/12\/02\/chepe-guerrero-entrega-625-apoyos-economicos-corregidora-fortalece-el-apoyo-a-personas-con-discapacidad\/","title":{"rendered":"Chepe Guerrero: Entrega 625 apoyos econ\u00f3micos Corregidora fortalece el apoyo a personas con discapacidad"},"content":{"rendered":"<p style=\"text-align: justify;\" data-sourcepos=\"7:1-7:197\">En el marco del <strong>D\u00eda Internacional de las Personas con Discapacidad<\/strong>, el presidente municipal de Corregidora, Jos\u00e9 Guerrero, encabez\u00f3 la entrega de apoyos econ\u00f3micos a 625 familias del municipio.<\/p>\n<p>&nbsp;<\/p>\n<p style=\"text-align: justify;\" data-sourcepos=\"9:1-9:180\">Este programa, impulsado por el Sistema DIF Municipal, busca mejorar la calidad de vida de las personas con discapacidad y sus familias, contribuyendo a sus necesidades econ\u00f3micas.<\/p>\n<p>&nbsp;<\/p>\n<p style=\"text-align: justify;\" data-sourcepos=\"13:1-13:395\">El alcalde Chepe Guerrero destac\u00f3 que las personas con discapacidad son una prioridad para su administraci\u00f3n y se comprometi\u00f3 a reforzar estos apoyos en el pr\u00f3ximo a\u00f1o.<\/p>\n<p>&nbsp;<\/p>\n<p style=\"text-align: justify;\" data-sourcepos=\"13:1-13:395\"><strong>&#8220;Mi experiencia con personas con discapacidad en el sector p\u00fablico ha sido un proceso de aprendizaje&#8221;<\/strong>, se\u00f1al\u00f3 Guerrero, enfatizando la importancia de brindar un trato digno y respetuoso a este sector de la poblaci\u00f3n.<\/p>\n<p>&nbsp;<\/p>\n<p style=\"text-align: justify;\" data-sourcepos=\"15:1-15:225\">Por su parte, la presidenta del DIF Municipal, Gaby Tr\u00e1pala, hizo un llamado a la sociedad a generar conciencia sobre las capacidades y talentos de las personas con discapacidad, fomentando una cultura de inclusi\u00f3n y respeto.<\/p>\n<p>&nbsp;<\/p>\n<p style=\"text-align: justify;\" data-sourcepos=\"19:1-19:258\">Adem\u00e1s de los apoyos econ\u00f3micos, el gobierno municipal de Corregidora trabaja en diversas acciones para mejorar la calidad de vida de las personas con discapacidad, como la implementaci\u00f3n de pol\u00edticas p\u00fablicas inclusivas y la creaci\u00f3n de espacios accesibles.<\/p>\n<p>&nbsp;<\/p>\n<p style=\"text-align: justify;\" data-sourcepos=\"27:1-27:160\">Con estas acciones, Corregidora se consolida como un municipio comprometido con la inclusi\u00f3n y el bienestar de todas las personas, sin importar sus capacidades.<\/p>\n<p>&nbsp;<\/p>\n<p style=\"text-align: center;\" data-sourcepos=\"27:1-27:160\"><em><strong>\u00a1Informaci\u00f3n que transforma!<\/strong><\/em><\/p>\n","protected":false},"excerpt":{"rendered":"<p>En el marco del D\u00eda Internacional de las Personas con Discapacidad, el presidente municipal de Corregidora, Jos\u00e9 Guerrero, encabez\u00f3 la entrega de apoyos econ\u00f3micos a 625 familias del municipio.<\/p>\n","protected":false},"author":3,"featured_media":7364,"comment_status":"open","ping_status":"open","sticky":false,"template":"","format":"standard","meta":{"footnotes":""},"categories":[65,58],"tags":[2460,237,2459,2461],"class_list":["post-7363","post","type-post","status-publish","format-standard","has-post-thumbnail","hentry","category-municipios","category-ultima-hora","tag-apoyosparadiscapacitados","tag-chepeguerrero","tag-corregidorainclusiva","tag-diainternacionaldelaspersonascondiscapacidad"],"yoast_head":"<!-- This site is optimized with the Yoast SEO plugin v25.0 - https:\/\/yoast.com\/wordpress\/plugins\/seo\/ -->\n<title>Chepe Guerrero: Entrega 625 apoyos econ\u00f3micos Corregidora fortalece el apoyo a personas con discapacidad | Nexo Informativo Santiago de Quer\u00e9taro<\/title>\n<meta name=\"description\" content=\"Chepe Guerrero: Entrega 625 apoyos econ\u00f3micos Corregidora fortalece el apoyo a personas con discapacidad\" \/>\n<meta name=\"robots\" content=\"index, follow, max-snippet:-1, max-image-preview:large, max-video-preview:-1\" \/>\n<link rel=\"canonical\" href=\"https:\/\/www.nexoinformativo.mx\/index.php\/2024\/12\/02\/chepe-guerrero-entrega-625-apoyos-economicos-corregidora-fortalece-el-apoyo-a-personas-con-discapacidad\/\" \/>\n<meta property=\"og:locale\" content=\"es_MX\" \/>\n<meta property=\"og:type\" content=\"article\" \/>\n<meta property=\"og:title\" content=\"Chepe Guerrero: Entrega 625 apoyos econ\u00f3micos Corregidora fortalece el apoyo a personas con discapacidad | Nexo Informativo Santiago de Quer\u00e9taro\" \/>\n<meta property=\"og:description\" content=\"Chepe Guerrero: Entrega 625 apoyos econ\u00f3micos Corregidora fortalece el apoyo a personas con discapacidad\" \/>\n<meta property=\"og:url\" content=\"https:\/\/www.nexoinformativo.mx\/index.php\/2024\/12\/02\/chepe-guerrero-entrega-625-apoyos-economicos-corregidora-fortalece-el-apoyo-a-personas-con-discapacidad\/\" \/>\n<meta property=\"og:site_name\" content=\"Nexo Informativo Santiago de Quer\u00e9taro\" \/>\n<meta property=\"article:publisher\" content=\"https:\/\/www.facebook.com\/people\/Nexo-Informativo\/61564066885511\/\" \/>\n<meta property=\"article:published_time\" content=\"2024-12-02T21:00:59+00:00\" \/>\n<meta property=\"article:modified_time\" content=\"2024-12-02T23:30:43+00:00\" \/>\n<meta property=\"og:image\" content=\"https:\/\/www.nexoinformativo.mx\/wp-content\/uploads\/2024\/12\/PHOTO-2024-12-02-13-28-57-e1733182104602.jpg\" \/>\n\t<meta property=\"og:image:width\" content=\"800\" \/>\n\t<meta property=\"og:image:height\" content=\"533\" \/>\n\t<meta property=\"og:image:type\" content=\"image\/jpeg\" \/>\n<meta name=\"author\" content=\"Nexo Informativo\" \/>\n<meta name=\"twitter:card\" content=\"summary_large_image\" \/>\n<meta name=\"twitter:label1\" content=\"Escrito por\" \/>\n\t<meta name=\"twitter:data1\" content=\"Nexo Informativo\" \/>\n\t<meta name=\"twitter:label2\" content=\"Tiempo de lectura\" \/>\n\t<meta name=\"twitter:data2\" content=\"2 minutos\" \/>\n<script type=\"application\/ld+json\" class=\"yoast-schema-graph\">{\"@context\":\"https:\/\/schema.org\",\"@graph\":[{\"@type\":\"Article\",\"@id\":\"https:\/\/www.nexoinformativo.mx\/index.php\/2024\/12\/02\/chepe-guerrero-entrega-625-apoyos-economicos-corregidora-fortalece-el-apoyo-a-personas-con-discapacidad\/#article\",\"isPartOf\":{\"@id\":\"https:\/\/www.nexoinformativo.mx\/index.php\/2024\/12\/02\/chepe-guerrero-entrega-625-apoyos-economicos-corregidora-fortalece-el-apoyo-a-personas-con-discapacidad\/\"},\"author\":{\"name\":\"Nexo Informativo\",\"@id\":\"https:\/\/www.nexoinformativo.mx\/#\/schema\/person\/7749d380ba08c8ca00d7bc76fd907b7d\"},\"headline\":\"Chepe Guerrero: Entrega 625 apoyos econ\u00f3micos Corregidora fortalece el apoyo a personas con discapacidad\",\"datePublished\":\"2024-12-02T21:00:59+00:00\",\"dateModified\":\"2024-12-02T23:30:43+00:00\",\"mainEntityOfPage\":{\"@id\":\"https:\/\/www.nexoinformativo.mx\/index.php\/2024\/12\/02\/chepe-guerrero-entrega-625-apoyos-economicos-corregidora-fortalece-el-apoyo-a-personas-con-discapacidad\/\"},\"wordCount\":257,\"commentCount\":0,\"publisher\":{\"@id\":\"https:\/\/www.nexoinformativo.mx\/#organization\"},\"image\":{\"@id\":\"https:\/\/www.nexoinformativo.mx\/index.php\/2024\/12\/02\/chepe-guerrero-entrega-625-apoyos-economicos-corregidora-fortalece-el-apoyo-a-personas-con-discapacidad\/#primaryimage\"},\"thumbnailUrl\":\"https:\/\/www.nexoinformativo.mx\/wp-content\/uploads\/2024\/12\/PHOTO-2024-12-02-13-28-57-e1733182104602.jpg\",\"keywords\":[\"ApoyosParaDiscapacitados\",\"ChepeGuerrero\",\"CorregidoraInclusiva\",\"D\u00edaInternacionalDeLasPersonasConDiscapacidad\"],\"articleSection\":[\"Municipios\",\"\u00daltima Hora\"],\"inLanguage\":\"es\",\"potentialAction\":[{\"@type\":\"CommentAction\",\"name\":\"Comment\",\"target\":[\"https:\/\/www.nexoinformativo.mx\/index.php\/2024\/12\/02\/chepe-guerrero-entrega-625-apoyos-economicos-corregidora-fortalece-el-apoyo-a-personas-con-discapacidad\/#respond\"]}]},{\"@type\":\"WebPage\",\"@id\":\"https:\/\/www.nexoinformativo.mx\/index.php\/2024\/12\/02\/chepe-guerrero-entrega-625-apoyos-economicos-corregidora-fortalece-el-apoyo-a-personas-con-discapacidad\/\",\"url\":\"https:\/\/www.nexoinformativo.mx\/index.php\/2024\/12\/02\/chepe-guerrero-entrega-625-apoyos-economicos-corregidora-fortalece-el-apoyo-a-personas-con-discapacidad\/\",\"name\":\"Chepe Guerrero: Entrega 625 apoyos econ\u00f3micos Corregidora fortalece el apoyo a personas con discapacidad | Nexo Informativo Santiago de Quer\u00e9taro\",\"isPartOf\":{\"@id\":\"https:\/\/www.nexoinformativo.mx\/#website\"},\"primaryImageOfPage\":{\"@id\":\"https:\/\/www.nexoinformativo.mx\/index.php\/2024\/12\/02\/chepe-guerrero-entrega-625-apoyos-economicos-corregidora-fortalece-el-apoyo-a-personas-con-discapacidad\/#primaryimage\"},\"image\":{\"@id\":\"https:\/\/www.nexoinformativo.mx\/index.php\/2024\/12\/02\/chepe-guerrero-entrega-625-apoyos-economicos-corregidora-fortalece-el-apoyo-a-personas-con-discapacidad\/#primaryimage\"},\"thumbnailUrl\":\"https:\/\/www.nexoinformativo.mx\/wp-content\/uploads\/2024\/12\/PHOTO-2024-12-02-13-28-57-e1733182104602.jpg\",\"datePublished\":\"2024-12-02T21:00:59+00:00\",\"dateModified\":\"2024-12-02T23:30:43+00:00\",\"description\":\"Chepe Guerrero: Entrega 625 apoyos econ\u00f3micos Corregidora fortalece el apoyo a personas con discapacidad\",\"breadcrumb\":{\"@id\":\"https:\/\/www.nexoinformativo.mx\/index.php\/2024\/12\/02\/chepe-guerrero-entrega-625-apoyos-economicos-corregidora-fortalece-el-apoyo-a-personas-con-discapacidad\/#breadcrumb\"},\"inLanguage\":\"es\",\"potentialAction\":[{\"@type\":\"ReadAction\",\"target\":[\"https:\/\/www.nexoinformativo.mx\/index.php\/2024\/12\/02\/chepe-guerrero-entrega-625-apoyos-economicos-corregidora-fortalece-el-apoyo-a-personas-con-discapacidad\/\"]}]},{\"@type\":\"ImageObject\",\"inLanguage\":\"es\",\"@id\":\"https:\/\/www.nexoinformativo.mx\/index.php\/2024\/12\/02\/chepe-guerrero-entrega-625-apoyos-economicos-corregidora-fortalece-el-apoyo-a-personas-con-discapacidad\/#primaryimage\",\"url\":\"https:\/\/www.nexoinformativo.mx\/wp-content\/uploads\/2024\/12\/PHOTO-2024-12-02-13-28-57-e1733182104602.jpg\",\"contentUrl\":\"https:\/\/www.nexoinformativo.mx\/wp-content\/uploads\/2024\/12\/PHOTO-2024-12-02-13-28-57-e1733182104602.jpg\",\"width\":800,\"height\":533},{\"@type\":\"BreadcrumbList\",\"@id\":\"https:\/\/www.nexoinformativo.mx\/index.php\/2024\/12\/02\/chepe-guerrero-entrega-625-apoyos-economicos-corregidora-fortalece-el-apoyo-a-personas-con-discapacidad\/#breadcrumb\",\"itemListElement\":[{\"@type\":\"ListItem\",\"position\":1,\"name\":\"Inicio\",\"item\":\"https:\/\/www.nexoinformativo.mx\/\"},{\"@type\":\"ListItem\",\"position\":2,\"name\":\"Chepe Guerrero: Entrega 625 apoyos econ\u00f3micos Corregidora fortalece el apoyo a personas con discapacidad\"}]},{\"@type\":\"WebSite\",\"@id\":\"https:\/\/www.nexoinformativo.mx\/#website\",\"url\":\"https:\/\/www.nexoinformativo.mx\/\",\"name\":\"Nexo Informativo Santiago de Quer\u00e9taro\",\"description\":\"Explora NexoInformativo y convi\u00e9rtete en parte de una comunidad que valora el conocimiento y la verdad. Tu nexoinformativo es tu puente hacia una comprensi\u00f3n m\u00e1s profunda del mundo que te rodea.\",\"publisher\":{\"@id\":\"https:\/\/www.nexoinformativo.mx\/#organization\"},\"potentialAction\":[{\"@type\":\"SearchAction\",\"target\":{\"@type\":\"EntryPoint\",\"urlTemplate\":\"https:\/\/www.nexoinformativo.mx\/?s={search_term_string}\"},\"query-input\":{\"@type\":\"PropertyValueSpecification\",\"valueRequired\":true,\"valueName\":\"search_term_string\"}}],\"inLanguage\":\"es\"},{\"@type\":\"Organization\",\"@id\":\"https:\/\/www.nexoinformativo.mx\/#organization\",\"name\":\"Nexo Informativo Santiago de Quer\u00e9taro\",\"url\":\"https:\/\/www.nexoinformativo.mx\/\",\"logo\":{\"@type\":\"ImageObject\",\"inLanguage\":\"es\",\"@id\":\"https:\/\/www.nexoinformativo.mx\/#\/schema\/logo\/image\/\",\"url\":\"https:\/\/www.nexoinformativo.mx\/wp-content\/uploads\/2024\/07\/nexoi-trasparente-2.png\",\"contentUrl\":\"https:\/\/www.nexoinformativo.mx\/wp-content\/uploads\/2024\/07\/nexoi-trasparente-2.png\",\"width\":816,\"height\":339,\"caption\":\"Nexo Informativo Santiago de Quer\u00e9taro\"},\"image\":{\"@id\":\"https:\/\/www.nexoinformativo.mx\/#\/schema\/logo\/image\/\"},\"sameAs\":[\"https:\/\/www.facebook.com\/people\/Nexo-Informativo\/61564066885511\/\"]},{\"@type\":\"Person\",\"@id\":\"https:\/\/www.nexoinformativo.mx\/#\/schema\/person\/7749d380ba08c8ca00d7bc76fd907b7d\",\"name\":\"Nexo Informativo\",\"image\":{\"@type\":\"ImageObject\",\"inLanguage\":\"es\",\"@id\":\"https:\/\/www.nexoinformativo.mx\/#\/schema\/person\/image\/\",\"url\":\"https:\/\/secure.gravatar.com\/avatar\/dde2928154642a13d95f87ddf1ea9718fe2b46760a005c53e41ff5ad610704e6?s=96&d=mm&r=g\",\"contentUrl\":\"https:\/\/secure.gravatar.com\/avatar\/dde2928154642a13d95f87ddf1ea9718fe2b46760a005c53e41ff5ad610704e6?s=96&d=mm&r=g\",\"caption\":\"Nexo Informativo\"},\"url\":\"https:\/\/www.nexoinformativo.mx\/index.php\/author\/edicion\/\"}]}<\/script>\n<!-- \/ Yoast SEO plugin. -->","yoast_head_json":{"title":"Chepe Guerrero: Entrega 625 apoyos econ\u00f3micos Corregidora fortalece el apoyo a personas con discapacidad | Nexo Informativo Santiago de Quer\u00e9taro","description":"Chepe Guerrero: Entrega 625 apoyos econ\u00f3micos Corregidora fortalece el apoyo a personas con discapacidad","robots":{"index":"index","follow":"follow","max-snippet":"max-snippet:-1","max-image-preview":"max-image-preview:large","max-video-preview":"max-video-preview:-1"},"canonical":"https:\/\/www.nexoinformativo.mx\/index.php\/2024\/12\/02\/chepe-guerrero-entrega-625-apoyos-economicos-corregidora-fortalece-el-apoyo-a-personas-con-discapacidad\/","og_locale":"es_MX","og_type":"article","og_title":"Chepe Guerrero: Entrega 625 apoyos econ\u00f3micos Corregidora fortalece el apoyo a personas con discapacidad | Nexo Informativo Santiago de Quer\u00e9taro","og_description":"Chepe Guerrero: Entrega 625 apoyos econ\u00f3micos Corregidora fortalece el apoyo a personas con discapacidad","og_url":"https:\/\/www.nexoinformativo.mx\/index.php\/2024\/12\/02\/chepe-guerrero-entrega-625-apoyos-economicos-corregidora-fortalece-el-apoyo-a-personas-con-discapacidad\/","og_site_name":"Nexo Informativo Santiago de Quer\u00e9taro","article_publisher":"https:\/\/www.facebook.com\/people\/Nexo-Informativo\/61564066885511\/","article_published_time":"2024-12-02T21:00:59+00:00","article_modified_time":"2024-12-02T23:30:43+00:00","og_image":[{"width":800,"height":533,"url":"https:\/\/www.nexoinformativo.mx\/wp-content\/uploads\/2024\/12\/PHOTO-2024-12-02-13-28-57-e1733182104602.jpg","type":"image\/jpeg"}],"author":"Nexo Informativo","twitter_card":"summary_large_image","twitter_misc":{"Escrito por":"Nexo Informativo","Tiempo de lectura":"2 minutos"},"schema":{"@context":"https:\/\/schema.org","@graph":[{"@type":"Article","@id":"https:\/\/www.nexoinformativo.mx\/index.php\/2024\/12\/02\/chepe-guerrero-entrega-625-apoyos-economicos-corregidora-fortalece-el-apoyo-a-personas-con-discapacidad\/#article","isPartOf":{"@id":"https:\/\/www.nexoinformativo.mx\/index.php\/2024\/12\/02\/chepe-guerrero-entrega-625-apoyos-economicos-corregidora-fortalece-el-apoyo-a-personas-con-discapacidad\/"},"author":{"name":"Nexo Informativo","@id":"https:\/\/www.nexoinformativo.mx\/#\/schema\/person\/7749d380ba08c8ca00d7bc76fd907b7d"},"headline":"Chepe Guerrero: Entrega 625 apoyos econ\u00f3micos Corregidora fortalece el apoyo a personas con discapacidad","datePublished":"2024-12-02T21:00:59+00:00","dateModified":"2024-12-02T23:30:43+00:00","mainEntityOfPage":{"@id":"https:\/\/www.nexoinformativo.mx\/index.php\/2024\/12\/02\/chepe-guerrero-entrega-625-apoyos-economicos-corregidora-fortalece-el-apoyo-a-personas-con-discapacidad\/"},"wordCount":257,"commentCount":0,"publisher":{"@id":"https:\/\/www.nexoinformativo.mx\/#organization"},"image":{"@id":"https:\/\/www.nexoinformativo.mx\/index.php\/2024\/12\/02\/chepe-guerrero-entrega-625-apoyos-economicos-corregidora-fortalece-el-apoyo-a-personas-con-discapacidad\/#primaryimage"},"thumbnailUrl":"https:\/\/www.nexoinformativo.mx\/wp-content\/uploads\/2024\/12\/PHOTO-2024-12-02-13-28-57-e1733182104602.jpg","keywords":["ApoyosParaDiscapacitados","ChepeGuerrero","CorregidoraInclusiva","D\u00edaInternacionalDeLasPersonasConDiscapacidad"],"articleSection":["Municipios","\u00daltima Hora"],"inLanguage":"es","potentialAction":[{"@type":"CommentAction","name":"Comment","target":["https:\/\/www.nexoinformativo.mx\/index.php\/2024\/12\/02\/chepe-guerrero-entrega-625-apoyos-economicos-corregidora-fortalece-el-apoyo-a-personas-con-discapacidad\/#respond"]}]},{"@type":"WebPage","@id":"https:\/\/www.nexoinformativo.mx\/index.php\/2024\/12\/02\/chepe-guerrero-entrega-625-apoyos-economicos-corregidora-fortalece-el-apoyo-a-personas-con-discapacidad\/","url":"https:\/\/www.nexoinformativo.mx\/index.php\/2024\/12\/02\/chepe-guerrero-entrega-625-apoyos-economicos-corregidora-fortalece-el-apoyo-a-personas-con-discapacidad\/","name":"Chepe Guerrero: Entrega 625 apoyos econ\u00f3micos Corregidora fortalece el apoyo a personas con discapacidad | Nexo Informativo Santiago de Quer\u00e9taro","isPartOf":{"@id":"https:\/\/www.nexoinformativo.mx\/#website"},"primaryImageOfPage":{"@id":"https:\/\/www.nexoinformativo.mx\/index.php\/2024\/12\/02\/chepe-guerrero-entrega-625-apoyos-economicos-corregidora-fortalece-el-apoyo-a-personas-con-discapacidad\/#primaryimage"},"image":{"@id":"https:\/\/www.nexoinformativo.mx\/index.php\/2024\/12\/02\/chepe-guerrero-entrega-625-apoyos-economicos-corregidora-fortalece-el-apoyo-a-personas-con-discapacidad\/#primaryimage"},"thumbnailUrl":"https:\/\/www.nexoinformativo.mx\/wp-content\/uploads\/2024\/12\/PHOTO-2024-12-02-13-28-57-e1733182104602.jpg","datePublished":"2024-12-02T21:00:59+00:00","dateModified":"2024-12-02T23:30:43+00:00","description":"Chepe Guerrero: Entrega 625 apoyos econ\u00f3micos Corregidora fortalece el apoyo a personas con discapacidad","breadcrumb":{"@id":"https:\/\/www.nexoinformativo.mx\/index.php\/2024\/12\/02\/chepe-guerrero-entrega-625-apoyos-economicos-corregidora-fortalece-el-apoyo-a-personas-con-discapacidad\/#breadcrumb"},"inLanguage":"es","potentialAction":[{"@type":"ReadAction","target":["https:\/\/www.nexoinformativo.mx\/index.php\/2024\/12\/02\/chepe-guerrero-entrega-625-apoyos-economicos-corregidora-fortalece-el-apoyo-a-personas-con-discapacidad\/"]}]},{"@type":"ImageObject","inLanguage":"es","@id":"https:\/\/www.nexoinformativo.mx\/index.php\/2024\/12\/02\/chepe-guerrero-entrega-625-apoyos-economicos-corregidora-fortalece-el-apoyo-a-personas-con-discapacidad\/#primaryimage","url":"https:\/\/www.nexoinformativo.mx\/wp-content\/uploads\/2024\/12\/PHOTO-2024-12-02-13-28-57-e1733182104602.jpg","contentUrl":"https:\/\/www.nexoinformativo.mx\/wp-content\/uploads\/2024\/12\/PHOTO-2024-12-02-13-28-57-e1733182104602.jpg","width":800,"height":533},{"@type":"BreadcrumbList","@id":"https:\/\/www.nexoinformativo.mx\/index.php\/2024\/12\/02\/chepe-guerrero-entrega-625-apoyos-economicos-corregidora-fortalece-el-apoyo-a-personas-con-discapacidad\/#breadcrumb","itemListElement":[{"@type":"ListItem","position":1,"name":"Inicio","item":"https:\/\/www.nexoinformativo.mx\/"},{"@type":"ListItem","position":2,"name":"Chepe Guerrero: Entrega 625 apoyos econ\u00f3micos Corregidora fortalece el apoyo a personas con discapacidad"}]},{"@type":"WebSite","@id":"https:\/\/www.nexoinformativo.mx\/#website","url":"https:\/\/www.nexoinformativo.mx\/","name":"Nexo Informativo Santiago de Quer\u00e9taro","description":"Explora NexoInformativo y convi\u00e9rtete en parte de una comunidad que valora el conocimiento y la verdad. Tu nexoinformativo es tu puente hacia una comprensi\u00f3n m\u00e1s profunda del mundo que te rodea.","publisher":{"@id":"https:\/\/www.nexoinformativo.mx\/#organization"},"potentialAction":[{"@type":"SearchAction","target":{"@type":"EntryPoint","urlTemplate":"https:\/\/www.nexoinformativo.mx\/?s={search_term_string}"},"query-input":{"@type":"PropertyValueSpecification","valueRequired":true,"valueName":"search_term_string"}}],"inLanguage":"es"},{"@type":"Organization","@id":"https:\/\/www.nexoinformativo.mx\/#organization","name":"Nexo Informativo Santiago de Quer\u00e9taro","url":"https:\/\/www.nexoinformativo.mx\/","logo":{"@type":"ImageObject","inLanguage":"es","@id":"https:\/\/www.nexoinformativo.mx\/#\/schema\/logo\/image\/","url":"https:\/\/www.nexoinformativo.mx\/wp-content\/uploads\/2024\/07\/nexoi-trasparente-2.png","contentUrl":"https:\/\/www.nexoinformativo.mx\/wp-content\/uploads\/2024\/07\/nexoi-trasparente-2.png","width":816,"height":339,"caption":"Nexo Informativo Santiago de Quer\u00e9taro"},"image":{"@id":"https:\/\/www.nexoinformativo.mx\/#\/schema\/logo\/image\/"},"sameAs":["https:\/\/www.facebook.com\/people\/Nexo-Informativo\/61564066885511\/"]},{"@type":"Person","@id":"https:\/\/www.nexoinformativo.mx\/#\/schema\/person\/7749d380ba08c8ca00d7bc76fd907b7d","name":"Nexo Informativo","image":{"@type":"ImageObject","inLanguage":"es","@id":"https:\/\/www.nexoinformativo.mx\/#\/schema\/person\/image\/","url":"https:\/\/secure.gravatar.com\/avatar\/dde2928154642a13d95f87ddf1ea9718fe2b46760a005c53e41ff5ad610704e6?s=96&d=mm&r=g","contentUrl":"https:\/\/secure.gravatar.com\/avatar\/dde2928154642a13d95f87ddf1ea9718fe2b46760a005c53e41ff5ad610704e6?s=96&d=mm&r=g","caption":"Nexo Informativo"},"url":"https:\/\/www.nexoinformativo.mx\/index.php\/author\/edicion\/"}]}},"_links":{"self":[{"href":"https:\/\/www.nexoinformativo.mx\/index.php\/wp-json\/wp\/v2\/posts\/7363","targetHints":{"allow":["GET"]}}],"collection":[{"href":"https:\/\/www.nexoinformativo.mx\/index.php\/wp-json\/wp\/v2\/posts"}],"about":[{"href":"https:\/\/www.nexoinformativo.mx\/index.php\/wp-json\/wp\/v2\/types\/post"}],"author":[{"embeddable":true,"href":"https:\/\/www.nexoinformativo.mx\/index.php\/wp-json\/wp\/v2\/users\/3"}],"replies":[{"embeddable":true,"href":"https:\/\/www.nexoinformativo.mx\/index.php\/wp-json\/wp\/v2\/comments?post=7363"}],"version-history":[{"count":6,"href":"https:\/\/www.nexoinformativo.mx\/index.php\/wp-json\/wp\/v2\/posts\/7363\/revisions"}],"predecessor-version":[{"id":7369,"href":"https:\/\/www.nexoinformativo.mx\/index.php\/wp-json\/wp\/v2\/posts\/7363\/revisions\/7369"}],"wp:featuredmedia":[{"embeddable":true,"href":"https:\/\/www.nexoinformativo.mx\/index.php\/wp-json\/wp\/v2\/media\/7364"}],"wp:attachment":[{"href":"https:\/\/www.nexoinformativo.mx\/index.php\/wp-json\/wp\/v2\/media?parent=7363"}],"wp:term":[{"taxonomy":"category","embeddable":true,"href":"https:\/\/www.nexoinformativo.mx\/index.php\/wp-json\/wp\/v2\/categories?post=7363"},{"taxonomy":"post_tag","embeddable":true,"href":"https:\/\/www.nexoinformativo.mx\/index.php\/wp-json\/wp\/v2\/tags?post=7363"}],"curies":[{"name":"wp","href":"https:\/\/api.w.org\/{rel}","templated":true}]}}