{"id":7377,"date":"2024-12-02T16:00:50","date_gmt":"2024-12-02T22:00:50","guid":{"rendered":"https:\/\/www.nexoinformativo.mx\/?p=7377"},"modified":"2024-12-02T18:15:33","modified_gmt":"2024-12-03T00:15:33","slug":"jovenes-talentos-navegan-en-la-literatura-triunfadores-del-concurso-la-juventud-y-la-mar","status":"publish","type":"post","link":"https:\/\/www.nexoinformativo.mx\/index.php\/2024\/12\/02\/jovenes-talentos-navegan-en-la-literatura-triunfadores-del-concurso-la-juventud-y-la-mar\/","title":{"rendered":"Secretar\u00eda de Marina premia a J\u00f3venes talentos en la literatura: triunfadores del concurso &#8220;La Juventud y la Mar&#8221;"},"content":{"rendered":"<p style=\"text-align: justify;\" data-sourcepos=\"7:1-7:210\">La Secretar\u00eda de Marina-Armada de M\u00e9xico reconoci\u00f3 el talento literario de j\u00f3venes mexicanos en la ceremonia de premiaci\u00f3n del <strong>XXIV Concurso Nacional de Expresi\u00f3n Literaria &#8220;La Juventud y la Mar&#8221;<\/strong>.<\/p>\n<p>&nbsp;<\/p>\n<p style=\"text-align: justify;\" data-sourcepos=\"9:1-9:224\">En un emotivo evento realizado en el Sal\u00f3n Candiles de la Secretar\u00eda de Marina, se premi\u00f3 a los ganadores de este concurso, que busca fomentar el inter\u00e9s de los j\u00f3venes por el mar y la preservaci\u00f3n del medio ambiente marino.<\/p>\n<p>&nbsp;<\/p>\n<p style=\"text-align: justify;\" data-sourcepos=\"13:1-13:190\">J\u00f3venes de 13 a 17 a\u00f1os de todo el pa\u00eds participaron en esta edici\u00f3n, presentando relatos originales que reflejan su conexi\u00f3n con el mar y su preocupaci\u00f3n por el cuidado del medio ambiente.<\/p>\n<p>&nbsp;<\/p>\n<p style=\"text-align: justify;\" data-sourcepos=\"15:1-15:243\">En representaci\u00f3n de los ganadores, Mar\u00eda Victoria Sauceda, de Sinaloa, expres\u00f3 su agradecimiento a la Secretar\u00eda de Marina por brindar esta oportunidad a los j\u00f3venes de expresar su creatividad y conciencia sobre la importancia del mar.<\/p>\n<p>&nbsp;<\/p>\n<p style=\"text-align: justify;\" data-sourcepos=\"19:1-19:286\">El Almirante Jos\u00e9 Barradas, Subsecretario de Marina, felicit\u00f3 a los ganadores y destac\u00f3 la importancia de fomentar la lectura y la escritura en los j\u00f3venes. <strong>&#8220;Su trabajo es un ejemplo a seguir para todas y todos los j\u00f3venes que aman la literatura y la escritura&#8221;<\/strong>, afirm\u00f3.<\/p>\n<p>&nbsp;<\/p>\n<p style=\"text-align: justify;\" data-sourcepos=\"23:1-23:214\">Como premio, los ganadores, acompa\u00f1ados de un adulto, realizar\u00e1n un viaje a la CDMX y al puerto de Veracruz, donde visitar\u00e1n instalaciones navales y disfrutar\u00e1n de actividades recreativas y culturales.<\/p>\n<p>&nbsp;<\/p>\n<p style=\"text-align: justify;\" data-sourcepos=\"27:1-27:213\">Con este concurso, la Secretar\u00eda de Marina busca fomentar el inter\u00e9s de los j\u00f3venes por las actividades mar\u00edtimas y navales, as\u00ed como promover la conciencia sobre la importancia de cuidar el medio ambiente marino.<\/p>\n<p>&nbsp;<\/p>\n<p style=\"text-align: center;\" data-sourcepos=\"27:1-27:213\"><em><strong>\u00a1Informaci\u00f3n que transforma!<\/strong><\/em><\/p>\n","protected":false},"excerpt":{"rendered":"<p>La Secretar\u00eda de Marina-Armada de M\u00e9xico reconoci\u00f3 el talento literario de j\u00f3venes mexicanos en la ceremonia de premiaci\u00f3n del XXIV Concurso Nacional de Expresi\u00f3n Literaria &#8220;La Juventud y la Mar&#8221;.<\/p>\n","protected":false},"author":3,"featured_media":7378,"comment_status":"open","ping_status":"open","sticky":false,"template":"","format":"standard","meta":{"footnotes":""},"categories":[88,58],"tags":[2465,2467,2464,2466],"class_list":["post-7377","post","type-post","status-publish","format-standard","has-post-thumbnail","hentry","category-nacional","category-ultima-hora","tag-concursoliterario","tag-jovenestalentosos","tag-lajuventudylamar","tag-secretariademarina"],"yoast_head":"<!-- This site is optimized with the Yoast SEO plugin v25.0 - https:\/\/yoast.com\/wordpress\/plugins\/seo\/ -->\n<title>Secretar\u00eda de Marina premia a J\u00f3venes talentos en la literatura: triunfadores del concurso &quot;La Juventud y la Mar&quot; | Nexo Informativo Santiago de Quer\u00e9taro<\/title>\n<meta name=\"description\" content=\"Secretar\u00eda de Marina premia a J\u00f3venes talentos en la literatura: triunfadores del concurso &quot;La Juventud y la Mar&quot;\" \/>\n<meta name=\"robots\" content=\"index, follow, max-snippet:-1, max-image-preview:large, max-video-preview:-1\" \/>\n<link rel=\"canonical\" href=\"https:\/\/www.nexoinformativo.mx\/index.php\/2024\/12\/02\/jovenes-talentos-navegan-en-la-literatura-triunfadores-del-concurso-la-juventud-y-la-mar\/\" \/>\n<meta property=\"og:locale\" content=\"es_MX\" \/>\n<meta property=\"og:type\" content=\"article\" \/>\n<meta property=\"og:title\" content=\"Secretar\u00eda de Marina premia a J\u00f3venes talentos en la literatura: triunfadores del concurso &quot;La Juventud y la Mar&quot; | Nexo Informativo Santiago de Quer\u00e9taro\" \/>\n<meta property=\"og:description\" content=\"Secretar\u00eda de Marina premia a J\u00f3venes talentos en la literatura: triunfadores del concurso &quot;La Juventud y la Mar&quot;\" \/>\n<meta property=\"og:url\" content=\"https:\/\/www.nexoinformativo.mx\/index.php\/2024\/12\/02\/jovenes-talentos-navegan-en-la-literatura-triunfadores-del-concurso-la-juventud-y-la-mar\/\" \/>\n<meta property=\"og:site_name\" content=\"Nexo Informativo Santiago de Quer\u00e9taro\" \/>\n<meta property=\"article:publisher\" content=\"https:\/\/www.facebook.com\/people\/Nexo-Informativo\/61564066885511\/\" \/>\n<meta property=\"article:published_time\" content=\"2024-12-02T22:00:50+00:00\" \/>\n<meta property=\"article:modified_time\" content=\"2024-12-03T00:15:33+00:00\" \/>\n<meta property=\"og:image\" content=\"https:\/\/www.nexoinformativo.mx\/wp-content\/uploads\/2024\/12\/IMG_8321.png\" \/>\n\t<meta property=\"og:image:width\" content=\"650\" \/>\n\t<meta property=\"og:image:height\" content=\"380\" \/>\n\t<meta property=\"og:image:type\" content=\"image\/png\" \/>\n<meta name=\"author\" content=\"Nexo Informativo\" \/>\n<meta name=\"twitter:card\" content=\"summary_large_image\" \/>\n<meta name=\"twitter:label1\" content=\"Escrito por\" \/>\n\t<meta name=\"twitter:data1\" content=\"Nexo Informativo\" \/>\n\t<meta name=\"twitter:label2\" content=\"Tiempo de lectura\" \/>\n\t<meta name=\"twitter:data2\" content=\"2 minutos\" \/>\n<script type=\"application\/ld+json\" class=\"yoast-schema-graph\">{\"@context\":\"https:\/\/schema.org\",\"@graph\":[{\"@type\":\"Article\",\"@id\":\"https:\/\/www.nexoinformativo.mx\/index.php\/2024\/12\/02\/jovenes-talentos-navegan-en-la-literatura-triunfadores-del-concurso-la-juventud-y-la-mar\/#article\",\"isPartOf\":{\"@id\":\"https:\/\/www.nexoinformativo.mx\/index.php\/2024\/12\/02\/jovenes-talentos-navegan-en-la-literatura-triunfadores-del-concurso-la-juventud-y-la-mar\/\"},\"author\":{\"name\":\"Nexo Informativo\",\"@id\":\"https:\/\/www.nexoinformativo.mx\/#\/schema\/person\/7749d380ba08c8ca00d7bc76fd907b7d\"},\"headline\":\"Secretar\u00eda de Marina premia a J\u00f3venes talentos en la literatura: triunfadores del concurso &#8220;La Juventud y la Mar&#8221;\",\"datePublished\":\"2024-12-02T22:00:50+00:00\",\"dateModified\":\"2024-12-03T00:15:33+00:00\",\"mainEntityOfPage\":{\"@id\":\"https:\/\/www.nexoinformativo.mx\/index.php\/2024\/12\/02\/jovenes-talentos-navegan-en-la-literatura-triunfadores-del-concurso-la-juventud-y-la-mar\/\"},\"wordCount\":308,\"commentCount\":0,\"publisher\":{\"@id\":\"https:\/\/www.nexoinformativo.mx\/#organization\"},\"image\":{\"@id\":\"https:\/\/www.nexoinformativo.mx\/index.php\/2024\/12\/02\/jovenes-talentos-navegan-en-la-literatura-triunfadores-del-concurso-la-juventud-y-la-mar\/#primaryimage\"},\"thumbnailUrl\":\"https:\/\/www.nexoinformativo.mx\/wp-content\/uploads\/2024\/12\/IMG_8321.png\",\"keywords\":[\"ConcursoLiterario\",\"J\u00f3venesTalentosos\",\"LaJuventudYLaMar\",\"Secretar\u00edaDeMarina\"],\"articleSection\":[\"Nacional\",\"\u00daltima Hora\"],\"inLanguage\":\"es\",\"potentialAction\":[{\"@type\":\"CommentAction\",\"name\":\"Comment\",\"target\":[\"https:\/\/www.nexoinformativo.mx\/index.php\/2024\/12\/02\/jovenes-talentos-navegan-en-la-literatura-triunfadores-del-concurso-la-juventud-y-la-mar\/#respond\"]}]},{\"@type\":\"WebPage\",\"@id\":\"https:\/\/www.nexoinformativo.mx\/index.php\/2024\/12\/02\/jovenes-talentos-navegan-en-la-literatura-triunfadores-del-concurso-la-juventud-y-la-mar\/\",\"url\":\"https:\/\/www.nexoinformativo.mx\/index.php\/2024\/12\/02\/jovenes-talentos-navegan-en-la-literatura-triunfadores-del-concurso-la-juventud-y-la-mar\/\",\"name\":\"Secretar\u00eda de Marina premia a J\u00f3venes talentos en la literatura: triunfadores del concurso \\\"La Juventud y la Mar\\\" | Nexo Informativo Santiago de Quer\u00e9taro\",\"isPartOf\":{\"@id\":\"https:\/\/www.nexoinformativo.mx\/#website\"},\"primaryImageOfPage\":{\"@id\":\"https:\/\/www.nexoinformativo.mx\/index.php\/2024\/12\/02\/jovenes-talentos-navegan-en-la-literatura-triunfadores-del-concurso-la-juventud-y-la-mar\/#primaryimage\"},\"image\":{\"@id\":\"https:\/\/www.nexoinformativo.mx\/index.php\/2024\/12\/02\/jovenes-talentos-navegan-en-la-literatura-triunfadores-del-concurso-la-juventud-y-la-mar\/#primaryimage\"},\"thumbnailUrl\":\"https:\/\/www.nexoinformativo.mx\/wp-content\/uploads\/2024\/12\/IMG_8321.png\",\"datePublished\":\"2024-12-02T22:00:50+00:00\",\"dateModified\":\"2024-12-03T00:15:33+00:00\",\"description\":\"Secretar\u00eda de Marina premia a J\u00f3venes talentos en la literatura: triunfadores del concurso \\\"La Juventud y la Mar\\\"\",\"breadcrumb\":{\"@id\":\"https:\/\/www.nexoinformativo.mx\/index.php\/2024\/12\/02\/jovenes-talentos-navegan-en-la-literatura-triunfadores-del-concurso-la-juventud-y-la-mar\/#breadcrumb\"},\"inLanguage\":\"es\",\"potentialAction\":[{\"@type\":\"ReadAction\",\"target\":[\"https:\/\/www.nexoinformativo.mx\/index.php\/2024\/12\/02\/jovenes-talentos-navegan-en-la-literatura-triunfadores-del-concurso-la-juventud-y-la-mar\/\"]}]},{\"@type\":\"ImageObject\",\"inLanguage\":\"es\",\"@id\":\"https:\/\/www.nexoinformativo.mx\/index.php\/2024\/12\/02\/jovenes-talentos-navegan-en-la-literatura-triunfadores-del-concurso-la-juventud-y-la-mar\/#primaryimage\",\"url\":\"https:\/\/www.nexoinformativo.mx\/wp-content\/uploads\/2024\/12\/IMG_8321.png\",\"contentUrl\":\"https:\/\/www.nexoinformativo.mx\/wp-content\/uploads\/2024\/12\/IMG_8321.png\",\"width\":650,\"height\":380},{\"@type\":\"BreadcrumbList\",\"@id\":\"https:\/\/www.nexoinformativo.mx\/index.php\/2024\/12\/02\/jovenes-talentos-navegan-en-la-literatura-triunfadores-del-concurso-la-juventud-y-la-mar\/#breadcrumb\",\"itemListElement\":[{\"@type\":\"ListItem\",\"position\":1,\"name\":\"Inicio\",\"item\":\"https:\/\/www.nexoinformativo.mx\/\"},{\"@type\":\"ListItem\",\"position\":2,\"name\":\"Secretar\u00eda de Marina premia a J\u00f3venes talentos en la literatura: triunfadores del concurso &#8220;La Juventud y la Mar&#8221;\"}]},{\"@type\":\"WebSite\",\"@id\":\"https:\/\/www.nexoinformativo.mx\/#website\",\"url\":\"https:\/\/www.nexoinformativo.mx\/\",\"name\":\"Nexo Informativo Santiago de Quer\u00e9taro\",\"description\":\"Explora NexoInformativo y convi\u00e9rtete en parte de una comunidad que valora el conocimiento y la verdad. Tu nexoinformativo es tu puente hacia una comprensi\u00f3n m\u00e1s profunda del mundo que te rodea.\",\"publisher\":{\"@id\":\"https:\/\/www.nexoinformativo.mx\/#organization\"},\"potentialAction\":[{\"@type\":\"SearchAction\",\"target\":{\"@type\":\"EntryPoint\",\"urlTemplate\":\"https:\/\/www.nexoinformativo.mx\/?s={search_term_string}\"},\"query-input\":{\"@type\":\"PropertyValueSpecification\",\"valueRequired\":true,\"valueName\":\"search_term_string\"}}],\"inLanguage\":\"es\"},{\"@type\":\"Organization\",\"@id\":\"https:\/\/www.nexoinformativo.mx\/#organization\",\"name\":\"Nexo Informativo Santiago de Quer\u00e9taro\",\"url\":\"https:\/\/www.nexoinformativo.mx\/\",\"logo\":{\"@type\":\"ImageObject\",\"inLanguage\":\"es\",\"@id\":\"https:\/\/www.nexoinformativo.mx\/#\/schema\/logo\/image\/\",\"url\":\"https:\/\/www.nexoinformativo.mx\/wp-content\/uploads\/2024\/07\/nexoi-trasparente-2.png\",\"contentUrl\":\"https:\/\/www.nexoinformativo.mx\/wp-content\/uploads\/2024\/07\/nexoi-trasparente-2.png\",\"width\":816,\"height\":339,\"caption\":\"Nexo Informativo Santiago de Quer\u00e9taro\"},\"image\":{\"@id\":\"https:\/\/www.nexoinformativo.mx\/#\/schema\/logo\/image\/\"},\"sameAs\":[\"https:\/\/www.facebook.com\/people\/Nexo-Informativo\/61564066885511\/\"]},{\"@type\":\"Person\",\"@id\":\"https:\/\/www.nexoinformativo.mx\/#\/schema\/person\/7749d380ba08c8ca00d7bc76fd907b7d\",\"name\":\"Nexo Informativo\",\"image\":{\"@type\":\"ImageObject\",\"inLanguage\":\"es\",\"@id\":\"https:\/\/www.nexoinformativo.mx\/#\/schema\/person\/image\/\",\"url\":\"https:\/\/secure.gravatar.com\/avatar\/dde2928154642a13d95f87ddf1ea9718fe2b46760a005c53e41ff5ad610704e6?s=96&d=mm&r=g\",\"contentUrl\":\"https:\/\/secure.gravatar.com\/avatar\/dde2928154642a13d95f87ddf1ea9718fe2b46760a005c53e41ff5ad610704e6?s=96&d=mm&r=g\",\"caption\":\"Nexo Informativo\"},\"url\":\"https:\/\/www.nexoinformativo.mx\/index.php\/author\/edicion\/\"}]}<\/script>\n<!-- \/ Yoast SEO plugin. -->","yoast_head_json":{"title":"Secretar\u00eda de Marina premia a J\u00f3venes talentos en la literatura: triunfadores del concurso \"La Juventud y la Mar\" | Nexo Informativo Santiago de Quer\u00e9taro","description":"Secretar\u00eda de Marina premia a J\u00f3venes talentos en la literatura: triunfadores del concurso \"La Juventud y la Mar\"","robots":{"index":"index","follow":"follow","max-snippet":"max-snippet:-1","max-image-preview":"max-image-preview:large","max-video-preview":"max-video-preview:-1"},"canonical":"https:\/\/www.nexoinformativo.mx\/index.php\/2024\/12\/02\/jovenes-talentos-navegan-en-la-literatura-triunfadores-del-concurso-la-juventud-y-la-mar\/","og_locale":"es_MX","og_type":"article","og_title":"Secretar\u00eda de Marina premia a J\u00f3venes talentos en la literatura: triunfadores del concurso \"La Juventud y la Mar\" | Nexo Informativo Santiago de Quer\u00e9taro","og_description":"Secretar\u00eda de Marina premia a J\u00f3venes talentos en la literatura: triunfadores del concurso \"La Juventud y la Mar\"","og_url":"https:\/\/www.nexoinformativo.mx\/index.php\/2024\/12\/02\/jovenes-talentos-navegan-en-la-literatura-triunfadores-del-concurso-la-juventud-y-la-mar\/","og_site_name":"Nexo Informativo Santiago de Quer\u00e9taro","article_publisher":"https:\/\/www.facebook.com\/people\/Nexo-Informativo\/61564066885511\/","article_published_time":"2024-12-02T22:00:50+00:00","article_modified_time":"2024-12-03T00:15:33+00:00","og_image":[{"width":650,"height":380,"url":"https:\/\/www.nexoinformativo.mx\/wp-content\/uploads\/2024\/12\/IMG_8321.png","type":"image\/png"}],"author":"Nexo Informativo","twitter_card":"summary_large_image","twitter_misc":{"Escrito por":"Nexo Informativo","Tiempo de lectura":"2 minutos"},"schema":{"@context":"https:\/\/schema.org","@graph":[{"@type":"Article","@id":"https:\/\/www.nexoinformativo.mx\/index.php\/2024\/12\/02\/jovenes-talentos-navegan-en-la-literatura-triunfadores-del-concurso-la-juventud-y-la-mar\/#article","isPartOf":{"@id":"https:\/\/www.nexoinformativo.mx\/index.php\/2024\/12\/02\/jovenes-talentos-navegan-en-la-literatura-triunfadores-del-concurso-la-juventud-y-la-mar\/"},"author":{"name":"Nexo Informativo","@id":"https:\/\/www.nexoinformativo.mx\/#\/schema\/person\/7749d380ba08c8ca00d7bc76fd907b7d"},"headline":"Secretar\u00eda de Marina premia a J\u00f3venes talentos en la literatura: triunfadores del concurso &#8220;La Juventud y la Mar&#8221;","datePublished":"2024-12-02T22:00:50+00:00","dateModified":"2024-12-03T00:15:33+00:00","mainEntityOfPage":{"@id":"https:\/\/www.nexoinformativo.mx\/index.php\/2024\/12\/02\/jovenes-talentos-navegan-en-la-literatura-triunfadores-del-concurso-la-juventud-y-la-mar\/"},"wordCount":308,"commentCount":0,"publisher":{"@id":"https:\/\/www.nexoinformativo.mx\/#organization"},"image":{"@id":"https:\/\/www.nexoinformativo.mx\/index.php\/2024\/12\/02\/jovenes-talentos-navegan-en-la-literatura-triunfadores-del-concurso-la-juventud-y-la-mar\/#primaryimage"},"thumbnailUrl":"https:\/\/www.nexoinformativo.mx\/wp-content\/uploads\/2024\/12\/IMG_8321.png","keywords":["ConcursoLiterario","J\u00f3venesTalentosos","LaJuventudYLaMar","Secretar\u00edaDeMarina"],"articleSection":["Nacional","\u00daltima Hora"],"inLanguage":"es","potentialAction":[{"@type":"CommentAction","name":"Comment","target":["https:\/\/www.nexoinformativo.mx\/index.php\/2024\/12\/02\/jovenes-talentos-navegan-en-la-literatura-triunfadores-del-concurso-la-juventud-y-la-mar\/#respond"]}]},{"@type":"WebPage","@id":"https:\/\/www.nexoinformativo.mx\/index.php\/2024\/12\/02\/jovenes-talentos-navegan-en-la-literatura-triunfadores-del-concurso-la-juventud-y-la-mar\/","url":"https:\/\/www.nexoinformativo.mx\/index.php\/2024\/12\/02\/jovenes-talentos-navegan-en-la-literatura-triunfadores-del-concurso-la-juventud-y-la-mar\/","name":"Secretar\u00eda de Marina premia a J\u00f3venes talentos en la literatura: triunfadores del concurso \"La Juventud y la Mar\" | Nexo Informativo Santiago de Quer\u00e9taro","isPartOf":{"@id":"https:\/\/www.nexoinformativo.mx\/#website"},"primaryImageOfPage":{"@id":"https:\/\/www.nexoinformativo.mx\/index.php\/2024\/12\/02\/jovenes-talentos-navegan-en-la-literatura-triunfadores-del-concurso-la-juventud-y-la-mar\/#primaryimage"},"image":{"@id":"https:\/\/www.nexoinformativo.mx\/index.php\/2024\/12\/02\/jovenes-talentos-navegan-en-la-literatura-triunfadores-del-concurso-la-juventud-y-la-mar\/#primaryimage"},"thumbnailUrl":"https:\/\/www.nexoinformativo.mx\/wp-content\/uploads\/2024\/12\/IMG_8321.png","datePublished":"2024-12-02T22:00:50+00:00","dateModified":"2024-12-03T00:15:33+00:00","description":"Secretar\u00eda de Marina premia a J\u00f3venes talentos en la literatura: triunfadores del concurso \"La Juventud y la Mar\"","breadcrumb":{"@id":"https:\/\/www.nexoinformativo.mx\/index.php\/2024\/12\/02\/jovenes-talentos-navegan-en-la-literatura-triunfadores-del-concurso-la-juventud-y-la-mar\/#breadcrumb"},"inLanguage":"es","potentialAction":[{"@type":"ReadAction","target":["https:\/\/www.nexoinformativo.mx\/index.php\/2024\/12\/02\/jovenes-talentos-navegan-en-la-literatura-triunfadores-del-concurso-la-juventud-y-la-mar\/"]}]},{"@type":"ImageObject","inLanguage":"es","@id":"https:\/\/www.nexoinformativo.mx\/index.php\/2024\/12\/02\/jovenes-talentos-navegan-en-la-literatura-triunfadores-del-concurso-la-juventud-y-la-mar\/#primaryimage","url":"https:\/\/www.nexoinformativo.mx\/wp-content\/uploads\/2024\/12\/IMG_8321.png","contentUrl":"https:\/\/www.nexoinformativo.mx\/wp-content\/uploads\/2024\/12\/IMG_8321.png","width":650,"height":380},{"@type":"BreadcrumbList","@id":"https:\/\/www.nexoinformativo.mx\/index.php\/2024\/12\/02\/jovenes-talentos-navegan-en-la-literatura-triunfadores-del-concurso-la-juventud-y-la-mar\/#breadcrumb","itemListElement":[{"@type":"ListItem","position":1,"name":"Inicio","item":"https:\/\/www.nexoinformativo.mx\/"},{"@type":"ListItem","position":2,"name":"Secretar\u00eda de Marina premia a J\u00f3venes talentos en la literatura: triunfadores del concurso &#8220;La Juventud y la Mar&#8221;"}]},{"@type":"WebSite","@id":"https:\/\/www.nexoinformativo.mx\/#website","url":"https:\/\/www.nexoinformativo.mx\/","name":"Nexo Informativo Santiago de Quer\u00e9taro","description":"Explora NexoInformativo y convi\u00e9rtete en parte de una comunidad que valora el conocimiento y la verdad. Tu nexoinformativo es tu puente hacia una comprensi\u00f3n m\u00e1s profunda del mundo que te rodea.","publisher":{"@id":"https:\/\/www.nexoinformativo.mx\/#organization"},"potentialAction":[{"@type":"SearchAction","target":{"@type":"EntryPoint","urlTemplate":"https:\/\/www.nexoinformativo.mx\/?s={search_term_string}"},"query-input":{"@type":"PropertyValueSpecification","valueRequired":true,"valueName":"search_term_string"}}],"inLanguage":"es"},{"@type":"Organization","@id":"https:\/\/www.nexoinformativo.mx\/#organization","name":"Nexo Informativo Santiago de Quer\u00e9taro","url":"https:\/\/www.nexoinformativo.mx\/","logo":{"@type":"ImageObject","inLanguage":"es","@id":"https:\/\/www.nexoinformativo.mx\/#\/schema\/logo\/image\/","url":"https:\/\/www.nexoinformativo.mx\/wp-content\/uploads\/2024\/07\/nexoi-trasparente-2.png","contentUrl":"https:\/\/www.nexoinformativo.mx\/wp-content\/uploads\/2024\/07\/nexoi-trasparente-2.png","width":816,"height":339,"caption":"Nexo Informativo Santiago de Quer\u00e9taro"},"image":{"@id":"https:\/\/www.nexoinformativo.mx\/#\/schema\/logo\/image\/"},"sameAs":["https:\/\/www.facebook.com\/people\/Nexo-Informativo\/61564066885511\/"]},{"@type":"Person","@id":"https:\/\/www.nexoinformativo.mx\/#\/schema\/person\/7749d380ba08c8ca00d7bc76fd907b7d","name":"Nexo Informativo","image":{"@type":"ImageObject","inLanguage":"es","@id":"https:\/\/www.nexoinformativo.mx\/#\/schema\/person\/image\/","url":"https:\/\/secure.gravatar.com\/avatar\/dde2928154642a13d95f87ddf1ea9718fe2b46760a005c53e41ff5ad610704e6?s=96&d=mm&r=g","contentUrl":"https:\/\/secure.gravatar.com\/avatar\/dde2928154642a13d95f87ddf1ea9718fe2b46760a005c53e41ff5ad610704e6?s=96&d=mm&r=g","caption":"Nexo Informativo"},"url":"https:\/\/www.nexoinformativo.mx\/index.php\/author\/edicion\/"}]}},"_links":{"self":[{"href":"https:\/\/www.nexoinformativo.mx\/index.php\/wp-json\/wp\/v2\/posts\/7377","targetHints":{"allow":["GET"]}}],"collection":[{"href":"https:\/\/www.nexoinformativo.mx\/index.php\/wp-json\/wp\/v2\/posts"}],"about":[{"href":"https:\/\/www.nexoinformativo.mx\/index.php\/wp-json\/wp\/v2\/types\/post"}],"author":[{"embeddable":true,"href":"https:\/\/www.nexoinformativo.mx\/index.php\/wp-json\/wp\/v2\/users\/3"}],"replies":[{"embeddable":true,"href":"https:\/\/www.nexoinformativo.mx\/index.php\/wp-json\/wp\/v2\/comments?post=7377"}],"version-history":[{"count":4,"href":"https:\/\/www.nexoinformativo.mx\/index.php\/wp-json\/wp\/v2\/posts\/7377\/revisions"}],"predecessor-version":[{"id":7381,"href":"https:\/\/www.nexoinformativo.mx\/index.php\/wp-json\/wp\/v2\/posts\/7377\/revisions\/7381"}],"wp:featuredmedia":[{"embeddable":true,"href":"https:\/\/www.nexoinformativo.mx\/index.php\/wp-json\/wp\/v2\/media\/7378"}],"wp:attachment":[{"href":"https:\/\/www.nexoinformativo.mx\/index.php\/wp-json\/wp\/v2\/media?parent=7377"}],"wp:term":[{"taxonomy":"category","embeddable":true,"href":"https:\/\/www.nexoinformativo.mx\/index.php\/wp-json\/wp\/v2\/categories?post=7377"},{"taxonomy":"post_tag","embeddable":true,"href":"https:\/\/www.nexoinformativo.mx\/index.php\/wp-json\/wp\/v2\/tags?post=7377"}],"curies":[{"name":"wp","href":"https:\/\/api.w.org\/{rel}","templated":true}]}}