{"id":7386,"date":"2024-12-02T16:30:24","date_gmt":"2024-12-02T22:30:24","guid":{"rendered":"https:\/\/www.nexoinformativo.mx\/?p=7386"},"modified":"2024-12-02T18:21:33","modified_gmt":"2024-12-03T00:21:33","slug":"ariadna-montiel-celebra-triunfo-historico-pension-para-personas-con-discapacidad-ahora-es-un-derecho-constitucional","status":"publish","type":"post","link":"https:\/\/www.nexoinformativo.mx\/index.php\/2024\/12\/02\/ariadna-montiel-celebra-triunfo-historico-pension-para-personas-con-discapacidad-ahora-es-un-derecho-constitucional\/","title":{"rendered":"Ariadna Montiel celebra triunfo hist\u00f3rico: Pensi\u00f3n para personas con discapacidad ahora es un derecho constitucional"},"content":{"rendered":"<p style=\"text-align: justify;\" data-sourcepos=\"7:1-7:176\">La secretaria de Bienestar, Ariadna Montiel, celebr\u00f3 la firma del decreto de reforma constitucional que garantiza la pensi\u00f3n para personas con discapacidad en M\u00e9xico.<\/p>\n<p>&nbsp;<\/p>\n<p style=\"text-align: justify;\" data-sourcepos=\"7:1-7:176\">Durante la conferencia matutina, Montiel destac\u00f3 la importancia de este logro hist\u00f3rico, que posiciona a M\u00e9xico como un referente en materia de inclusi\u00f3n y derechos humanos.<\/p>\n<p>&nbsp;<\/p>\n<p style=\"text-align: justify;\" data-sourcepos=\"9:1-9:359\"><strong>&#8220;El derecho a la rehabilitaci\u00f3n es un derecho llave, que les permitir\u00e1 a las personas con discapacidad acceder a otros derechos: a estudiar, a trabajar&#8221;<\/strong>, afirm\u00f3 la secretaria.<\/p>\n<p>&nbsp;<\/p>\n<p style=\"text-align: justify;\" data-sourcepos=\"13:1-13:365\">Gracias a esta reforma, un mill\u00f3n 484 mil 930 personas con discapacidad en M\u00e9xico reciben ya la pensi\u00f3n para el bienestar, con una inversi\u00f3n de 27 mil 860 millones de pesos en 2024.<\/p>\n<p>&nbsp;<\/p>\n<p style=\"text-align: justify;\" data-sourcepos=\"13:1-13:365\">Adem\u00e1s, 24 entidades federativas han firmado convenios para universalizar este beneficio, asegurando que todas las personas con discapacidad de 0 a 64 a\u00f1os tengan acceso a la pensi\u00f3n.<\/p>\n<p>&nbsp;<\/p>\n<p style=\"text-align: justify;\" data-sourcepos=\"17:1-17:259\">La secretaria Montiel tambi\u00e9n resalt\u00f3 la importancia del Programa de Apoyo de Rehabilitaci\u00f3n e Inclusi\u00f3n para el Bienestar de Ni\u00f1as y Ni\u00f1os con Discapacidad, que ha beneficiado a m\u00e1s de 26 mil ni\u00f1as y ni\u00f1os con terapias de rehabilitaci\u00f3n totalmente gratuitas.<\/p>\n<p>&nbsp;<\/p>\n<p style=\"text-align: justify;\" data-sourcepos=\"21:1-21:252\">Con esta reforma, el gobierno de M\u00e9xico reafirma su compromiso con la inclusi\u00f3n y el bienestar de las personas con discapacidad. La secretaria Montiel se\u00f1al\u00f3 que este es solo el inicio de un camino hacia una sociedad mas justa e igualitaria para todos.<\/p>\n<p>&nbsp;<\/p>\n<p style=\"text-align: center;\" data-sourcepos=\"21:1-21:252\"><em><strong>\u00a1Informaci\u00f3n que transforma!<\/strong><\/em><\/p>\n","protected":false},"excerpt":{"rendered":"<p>La secretaria de Bienestar, Ariadna Montiel, celebr\u00f3 la firma del decreto de reforma constitucional que garantiza la pensi\u00f3n para personas con discapacidad en M\u00e9xico.\u00a0<\/p>\n","protected":false},"author":3,"featured_media":7387,"comment_status":"open","ping_status":"open","sticky":false,"template":"","format":"standard","meta":{"footnotes":""},"categories":[88,58],"tags":[1965,499,2468,2469],"class_list":["post-7386","post","type-post","status-publish","format-standard","has-post-thumbnail","hentry","category-nacional","category-ultima-hora","tag-ariadnamontiel","tag-derechoshumanos","tag-inclusionparatodos","tag-pensionparadiscapacitados"],"yoast_head":"<!-- This site is optimized with the Yoast SEO plugin v25.0 - https:\/\/yoast.com\/wordpress\/plugins\/seo\/ -->\n<title>Ariadna Montiel celebra triunfo hist\u00f3rico: Pensi\u00f3n para personas con discapacidad ahora es un derecho constitucional | Nexo Informativo Santiago de Quer\u00e9taro<\/title>\n<meta name=\"description\" content=\"Ariadna Montiel celebra triunfo hist\u00f3rico: Pensi\u00f3n para personas con discapacidad ahora es un derecho constitucional\" \/>\n<meta name=\"robots\" content=\"index, follow, max-snippet:-1, max-image-preview:large, max-video-preview:-1\" \/>\n<link rel=\"canonical\" href=\"https:\/\/www.nexoinformativo.mx\/index.php\/2024\/12\/02\/ariadna-montiel-celebra-triunfo-historico-pension-para-personas-con-discapacidad-ahora-es-un-derecho-constitucional\/\" \/>\n<meta property=\"og:locale\" content=\"es_MX\" \/>\n<meta property=\"og:type\" content=\"article\" \/>\n<meta property=\"og:title\" content=\"Ariadna Montiel celebra triunfo hist\u00f3rico: Pensi\u00f3n para personas con discapacidad ahora es un derecho constitucional | Nexo Informativo Santiago de Quer\u00e9taro\" \/>\n<meta property=\"og:description\" content=\"Ariadna Montiel celebra triunfo hist\u00f3rico: Pensi\u00f3n para personas con discapacidad ahora es un derecho constitucional\" \/>\n<meta property=\"og:url\" content=\"https:\/\/www.nexoinformativo.mx\/index.php\/2024\/12\/02\/ariadna-montiel-celebra-triunfo-historico-pension-para-personas-con-discapacidad-ahora-es-un-derecho-constitucional\/\" \/>\n<meta property=\"og:site_name\" content=\"Nexo Informativo Santiago de Quer\u00e9taro\" \/>\n<meta property=\"article:publisher\" content=\"https:\/\/www.facebook.com\/people\/Nexo-Informativo\/61564066885511\/\" \/>\n<meta property=\"article:published_time\" content=\"2024-12-02T22:30:24+00:00\" \/>\n<meta property=\"article:modified_time\" content=\"2024-12-03T00:21:33+00:00\" \/>\n<meta property=\"og:image\" content=\"https:\/\/www.nexoinformativo.mx\/wp-content\/uploads\/2024\/12\/IMG_8322.jpg\" \/>\n\t<meta property=\"og:image:width\" content=\"650\" \/>\n\t<meta property=\"og:image:height\" content=\"380\" \/>\n\t<meta property=\"og:image:type\" content=\"image\/jpeg\" \/>\n<meta name=\"author\" content=\"Nexo Informativo\" \/>\n<meta name=\"twitter:card\" content=\"summary_large_image\" \/>\n<meta name=\"twitter:label1\" content=\"Escrito por\" \/>\n\t<meta name=\"twitter:data1\" content=\"Nexo Informativo\" \/>\n\t<meta name=\"twitter:label2\" content=\"Tiempo de lectura\" \/>\n\t<meta name=\"twitter:data2\" content=\"2 minutos\" \/>\n<script type=\"application\/ld+json\" class=\"yoast-schema-graph\">{\"@context\":\"https:\/\/schema.org\",\"@graph\":[{\"@type\":\"Article\",\"@id\":\"https:\/\/www.nexoinformativo.mx\/index.php\/2024\/12\/02\/ariadna-montiel-celebra-triunfo-historico-pension-para-personas-con-discapacidad-ahora-es-un-derecho-constitucional\/#article\",\"isPartOf\":{\"@id\":\"https:\/\/www.nexoinformativo.mx\/index.php\/2024\/12\/02\/ariadna-montiel-celebra-triunfo-historico-pension-para-personas-con-discapacidad-ahora-es-un-derecho-constitucional\/\"},\"author\":{\"name\":\"Nexo Informativo\",\"@id\":\"https:\/\/www.nexoinformativo.mx\/#\/schema\/person\/7749d380ba08c8ca00d7bc76fd907b7d\"},\"headline\":\"Ariadna Montiel celebra triunfo hist\u00f3rico: Pensi\u00f3n para personas con discapacidad ahora es un derecho constitucional\",\"datePublished\":\"2024-12-02T22:30:24+00:00\",\"dateModified\":\"2024-12-03T00:21:33+00:00\",\"mainEntityOfPage\":{\"@id\":\"https:\/\/www.nexoinformativo.mx\/index.php\/2024\/12\/02\/ariadna-montiel-celebra-triunfo-historico-pension-para-personas-con-discapacidad-ahora-es-un-derecho-constitucional\/\"},\"wordCount\":267,\"commentCount\":0,\"publisher\":{\"@id\":\"https:\/\/www.nexoinformativo.mx\/#organization\"},\"image\":{\"@id\":\"https:\/\/www.nexoinformativo.mx\/index.php\/2024\/12\/02\/ariadna-montiel-celebra-triunfo-historico-pension-para-personas-con-discapacidad-ahora-es-un-derecho-constitucional\/#primaryimage\"},\"thumbnailUrl\":\"https:\/\/www.nexoinformativo.mx\/wp-content\/uploads\/2024\/12\/IMG_8322.jpg\",\"keywords\":[\"AriadnaMontiel\",\"DerechosHumanos\",\"Inclusi\u00f3nParaTodos\",\"Pensi\u00f3nParaDiscapacitados\"],\"articleSection\":[\"Nacional\",\"\u00daltima Hora\"],\"inLanguage\":\"es\",\"potentialAction\":[{\"@type\":\"CommentAction\",\"name\":\"Comment\",\"target\":[\"https:\/\/www.nexoinformativo.mx\/index.php\/2024\/12\/02\/ariadna-montiel-celebra-triunfo-historico-pension-para-personas-con-discapacidad-ahora-es-un-derecho-constitucional\/#respond\"]}]},{\"@type\":\"WebPage\",\"@id\":\"https:\/\/www.nexoinformativo.mx\/index.php\/2024\/12\/02\/ariadna-montiel-celebra-triunfo-historico-pension-para-personas-con-discapacidad-ahora-es-un-derecho-constitucional\/\",\"url\":\"https:\/\/www.nexoinformativo.mx\/index.php\/2024\/12\/02\/ariadna-montiel-celebra-triunfo-historico-pension-para-personas-con-discapacidad-ahora-es-un-derecho-constitucional\/\",\"name\":\"Ariadna Montiel celebra triunfo hist\u00f3rico: Pensi\u00f3n para personas con discapacidad ahora es un derecho constitucional | Nexo Informativo Santiago de Quer\u00e9taro\",\"isPartOf\":{\"@id\":\"https:\/\/www.nexoinformativo.mx\/#website\"},\"primaryImageOfPage\":{\"@id\":\"https:\/\/www.nexoinformativo.mx\/index.php\/2024\/12\/02\/ariadna-montiel-celebra-triunfo-historico-pension-para-personas-con-discapacidad-ahora-es-un-derecho-constitucional\/#primaryimage\"},\"image\":{\"@id\":\"https:\/\/www.nexoinformativo.mx\/index.php\/2024\/12\/02\/ariadna-montiel-celebra-triunfo-historico-pension-para-personas-con-discapacidad-ahora-es-un-derecho-constitucional\/#primaryimage\"},\"thumbnailUrl\":\"https:\/\/www.nexoinformativo.mx\/wp-content\/uploads\/2024\/12\/IMG_8322.jpg\",\"datePublished\":\"2024-12-02T22:30:24+00:00\",\"dateModified\":\"2024-12-03T00:21:33+00:00\",\"description\":\"Ariadna Montiel celebra triunfo hist\u00f3rico: Pensi\u00f3n para personas con discapacidad ahora es un derecho constitucional\",\"breadcrumb\":{\"@id\":\"https:\/\/www.nexoinformativo.mx\/index.php\/2024\/12\/02\/ariadna-montiel-celebra-triunfo-historico-pension-para-personas-con-discapacidad-ahora-es-un-derecho-constitucional\/#breadcrumb\"},\"inLanguage\":\"es\",\"potentialAction\":[{\"@type\":\"ReadAction\",\"target\":[\"https:\/\/www.nexoinformativo.mx\/index.php\/2024\/12\/02\/ariadna-montiel-celebra-triunfo-historico-pension-para-personas-con-discapacidad-ahora-es-un-derecho-constitucional\/\"]}]},{\"@type\":\"ImageObject\",\"inLanguage\":\"es\",\"@id\":\"https:\/\/www.nexoinformativo.mx\/index.php\/2024\/12\/02\/ariadna-montiel-celebra-triunfo-historico-pension-para-personas-con-discapacidad-ahora-es-un-derecho-constitucional\/#primaryimage\",\"url\":\"https:\/\/www.nexoinformativo.mx\/wp-content\/uploads\/2024\/12\/IMG_8322.jpg\",\"contentUrl\":\"https:\/\/www.nexoinformativo.mx\/wp-content\/uploads\/2024\/12\/IMG_8322.jpg\",\"width\":650,\"height\":380},{\"@type\":\"BreadcrumbList\",\"@id\":\"https:\/\/www.nexoinformativo.mx\/index.php\/2024\/12\/02\/ariadna-montiel-celebra-triunfo-historico-pension-para-personas-con-discapacidad-ahora-es-un-derecho-constitucional\/#breadcrumb\",\"itemListElement\":[{\"@type\":\"ListItem\",\"position\":1,\"name\":\"Inicio\",\"item\":\"https:\/\/www.nexoinformativo.mx\/\"},{\"@type\":\"ListItem\",\"position\":2,\"name\":\"Ariadna Montiel celebra triunfo hist\u00f3rico: Pensi\u00f3n para personas con discapacidad ahora es un derecho constitucional\"}]},{\"@type\":\"WebSite\",\"@id\":\"https:\/\/www.nexoinformativo.mx\/#website\",\"url\":\"https:\/\/www.nexoinformativo.mx\/\",\"name\":\"Nexo Informativo Santiago de Quer\u00e9taro\",\"description\":\"Explora NexoInformativo y convi\u00e9rtete en parte de una comunidad que valora el conocimiento y la verdad. Tu nexoinformativo es tu puente hacia una comprensi\u00f3n m\u00e1s profunda del mundo que te rodea.\",\"publisher\":{\"@id\":\"https:\/\/www.nexoinformativo.mx\/#organization\"},\"potentialAction\":[{\"@type\":\"SearchAction\",\"target\":{\"@type\":\"EntryPoint\",\"urlTemplate\":\"https:\/\/www.nexoinformativo.mx\/?s={search_term_string}\"},\"query-input\":{\"@type\":\"PropertyValueSpecification\",\"valueRequired\":true,\"valueName\":\"search_term_string\"}}],\"inLanguage\":\"es\"},{\"@type\":\"Organization\",\"@id\":\"https:\/\/www.nexoinformativo.mx\/#organization\",\"name\":\"Nexo Informativo Santiago de Quer\u00e9taro\",\"url\":\"https:\/\/www.nexoinformativo.mx\/\",\"logo\":{\"@type\":\"ImageObject\",\"inLanguage\":\"es\",\"@id\":\"https:\/\/www.nexoinformativo.mx\/#\/schema\/logo\/image\/\",\"url\":\"https:\/\/www.nexoinformativo.mx\/wp-content\/uploads\/2024\/07\/nexoi-trasparente-2.png\",\"contentUrl\":\"https:\/\/www.nexoinformativo.mx\/wp-content\/uploads\/2024\/07\/nexoi-trasparente-2.png\",\"width\":816,\"height\":339,\"caption\":\"Nexo Informativo Santiago de Quer\u00e9taro\"},\"image\":{\"@id\":\"https:\/\/www.nexoinformativo.mx\/#\/schema\/logo\/image\/\"},\"sameAs\":[\"https:\/\/www.facebook.com\/people\/Nexo-Informativo\/61564066885511\/\"]},{\"@type\":\"Person\",\"@id\":\"https:\/\/www.nexoinformativo.mx\/#\/schema\/person\/7749d380ba08c8ca00d7bc76fd907b7d\",\"name\":\"Nexo Informativo\",\"image\":{\"@type\":\"ImageObject\",\"inLanguage\":\"es\",\"@id\":\"https:\/\/www.nexoinformativo.mx\/#\/schema\/person\/image\/\",\"url\":\"https:\/\/secure.gravatar.com\/avatar\/dde2928154642a13d95f87ddf1ea9718fe2b46760a005c53e41ff5ad610704e6?s=96&d=mm&r=g\",\"contentUrl\":\"https:\/\/secure.gravatar.com\/avatar\/dde2928154642a13d95f87ddf1ea9718fe2b46760a005c53e41ff5ad610704e6?s=96&d=mm&r=g\",\"caption\":\"Nexo Informativo\"},\"url\":\"https:\/\/www.nexoinformativo.mx\/index.php\/author\/edicion\/\"}]}<\/script>\n<!-- \/ Yoast SEO plugin. -->","yoast_head_json":{"title":"Ariadna Montiel celebra triunfo hist\u00f3rico: Pensi\u00f3n para personas con discapacidad ahora es un derecho constitucional | Nexo Informativo Santiago de Quer\u00e9taro","description":"Ariadna Montiel celebra triunfo hist\u00f3rico: Pensi\u00f3n para personas con discapacidad ahora es un derecho constitucional","robots":{"index":"index","follow":"follow","max-snippet":"max-snippet:-1","max-image-preview":"max-image-preview:large","max-video-preview":"max-video-preview:-1"},"canonical":"https:\/\/www.nexoinformativo.mx\/index.php\/2024\/12\/02\/ariadna-montiel-celebra-triunfo-historico-pension-para-personas-con-discapacidad-ahora-es-un-derecho-constitucional\/","og_locale":"es_MX","og_type":"article","og_title":"Ariadna Montiel celebra triunfo hist\u00f3rico: Pensi\u00f3n para personas con discapacidad ahora es un derecho constitucional | Nexo Informativo Santiago de Quer\u00e9taro","og_description":"Ariadna Montiel celebra triunfo hist\u00f3rico: Pensi\u00f3n para personas con discapacidad ahora es un derecho constitucional","og_url":"https:\/\/www.nexoinformativo.mx\/index.php\/2024\/12\/02\/ariadna-montiel-celebra-triunfo-historico-pension-para-personas-con-discapacidad-ahora-es-un-derecho-constitucional\/","og_site_name":"Nexo Informativo Santiago de Quer\u00e9taro","article_publisher":"https:\/\/www.facebook.com\/people\/Nexo-Informativo\/61564066885511\/","article_published_time":"2024-12-02T22:30:24+00:00","article_modified_time":"2024-12-03T00:21:33+00:00","og_image":[{"width":650,"height":380,"url":"https:\/\/www.nexoinformativo.mx\/wp-content\/uploads\/2024\/12\/IMG_8322.jpg","type":"image\/jpeg"}],"author":"Nexo Informativo","twitter_card":"summary_large_image","twitter_misc":{"Escrito por":"Nexo Informativo","Tiempo de lectura":"2 minutos"},"schema":{"@context":"https:\/\/schema.org","@graph":[{"@type":"Article","@id":"https:\/\/www.nexoinformativo.mx\/index.php\/2024\/12\/02\/ariadna-montiel-celebra-triunfo-historico-pension-para-personas-con-discapacidad-ahora-es-un-derecho-constitucional\/#article","isPartOf":{"@id":"https:\/\/www.nexoinformativo.mx\/index.php\/2024\/12\/02\/ariadna-montiel-celebra-triunfo-historico-pension-para-personas-con-discapacidad-ahora-es-un-derecho-constitucional\/"},"author":{"name":"Nexo Informativo","@id":"https:\/\/www.nexoinformativo.mx\/#\/schema\/person\/7749d380ba08c8ca00d7bc76fd907b7d"},"headline":"Ariadna Montiel celebra triunfo hist\u00f3rico: Pensi\u00f3n para personas con discapacidad ahora es un derecho constitucional","datePublished":"2024-12-02T22:30:24+00:00","dateModified":"2024-12-03T00:21:33+00:00","mainEntityOfPage":{"@id":"https:\/\/www.nexoinformativo.mx\/index.php\/2024\/12\/02\/ariadna-montiel-celebra-triunfo-historico-pension-para-personas-con-discapacidad-ahora-es-un-derecho-constitucional\/"},"wordCount":267,"commentCount":0,"publisher":{"@id":"https:\/\/www.nexoinformativo.mx\/#organization"},"image":{"@id":"https:\/\/www.nexoinformativo.mx\/index.php\/2024\/12\/02\/ariadna-montiel-celebra-triunfo-historico-pension-para-personas-con-discapacidad-ahora-es-un-derecho-constitucional\/#primaryimage"},"thumbnailUrl":"https:\/\/www.nexoinformativo.mx\/wp-content\/uploads\/2024\/12\/IMG_8322.jpg","keywords":["AriadnaMontiel","DerechosHumanos","Inclusi\u00f3nParaTodos","Pensi\u00f3nParaDiscapacitados"],"articleSection":["Nacional","\u00daltima Hora"],"inLanguage":"es","potentialAction":[{"@type":"CommentAction","name":"Comment","target":["https:\/\/www.nexoinformativo.mx\/index.php\/2024\/12\/02\/ariadna-montiel-celebra-triunfo-historico-pension-para-personas-con-discapacidad-ahora-es-un-derecho-constitucional\/#respond"]}]},{"@type":"WebPage","@id":"https:\/\/www.nexoinformativo.mx\/index.php\/2024\/12\/02\/ariadna-montiel-celebra-triunfo-historico-pension-para-personas-con-discapacidad-ahora-es-un-derecho-constitucional\/","url":"https:\/\/www.nexoinformativo.mx\/index.php\/2024\/12\/02\/ariadna-montiel-celebra-triunfo-historico-pension-para-personas-con-discapacidad-ahora-es-un-derecho-constitucional\/","name":"Ariadna Montiel celebra triunfo hist\u00f3rico: Pensi\u00f3n para personas con discapacidad ahora es un derecho constitucional | Nexo Informativo Santiago de Quer\u00e9taro","isPartOf":{"@id":"https:\/\/www.nexoinformativo.mx\/#website"},"primaryImageOfPage":{"@id":"https:\/\/www.nexoinformativo.mx\/index.php\/2024\/12\/02\/ariadna-montiel-celebra-triunfo-historico-pension-para-personas-con-discapacidad-ahora-es-un-derecho-constitucional\/#primaryimage"},"image":{"@id":"https:\/\/www.nexoinformativo.mx\/index.php\/2024\/12\/02\/ariadna-montiel-celebra-triunfo-historico-pension-para-personas-con-discapacidad-ahora-es-un-derecho-constitucional\/#primaryimage"},"thumbnailUrl":"https:\/\/www.nexoinformativo.mx\/wp-content\/uploads\/2024\/12\/IMG_8322.jpg","datePublished":"2024-12-02T22:30:24+00:00","dateModified":"2024-12-03T00:21:33+00:00","description":"Ariadna Montiel celebra triunfo hist\u00f3rico: Pensi\u00f3n para personas con discapacidad ahora es un derecho constitucional","breadcrumb":{"@id":"https:\/\/www.nexoinformativo.mx\/index.php\/2024\/12\/02\/ariadna-montiel-celebra-triunfo-historico-pension-para-personas-con-discapacidad-ahora-es-un-derecho-constitucional\/#breadcrumb"},"inLanguage":"es","potentialAction":[{"@type":"ReadAction","target":["https:\/\/www.nexoinformativo.mx\/index.php\/2024\/12\/02\/ariadna-montiel-celebra-triunfo-historico-pension-para-personas-con-discapacidad-ahora-es-un-derecho-constitucional\/"]}]},{"@type":"ImageObject","inLanguage":"es","@id":"https:\/\/www.nexoinformativo.mx\/index.php\/2024\/12\/02\/ariadna-montiel-celebra-triunfo-historico-pension-para-personas-con-discapacidad-ahora-es-un-derecho-constitucional\/#primaryimage","url":"https:\/\/www.nexoinformativo.mx\/wp-content\/uploads\/2024\/12\/IMG_8322.jpg","contentUrl":"https:\/\/www.nexoinformativo.mx\/wp-content\/uploads\/2024\/12\/IMG_8322.jpg","width":650,"height":380},{"@type":"BreadcrumbList","@id":"https:\/\/www.nexoinformativo.mx\/index.php\/2024\/12\/02\/ariadna-montiel-celebra-triunfo-historico-pension-para-personas-con-discapacidad-ahora-es-un-derecho-constitucional\/#breadcrumb","itemListElement":[{"@type":"ListItem","position":1,"name":"Inicio","item":"https:\/\/www.nexoinformativo.mx\/"},{"@type":"ListItem","position":2,"name":"Ariadna Montiel celebra triunfo hist\u00f3rico: Pensi\u00f3n para personas con discapacidad ahora es un derecho constitucional"}]},{"@type":"WebSite","@id":"https:\/\/www.nexoinformativo.mx\/#website","url":"https:\/\/www.nexoinformativo.mx\/","name":"Nexo Informativo Santiago de Quer\u00e9taro","description":"Explora NexoInformativo y convi\u00e9rtete en parte de una comunidad que valora el conocimiento y la verdad. Tu nexoinformativo es tu puente hacia una comprensi\u00f3n m\u00e1s profunda del mundo que te rodea.","publisher":{"@id":"https:\/\/www.nexoinformativo.mx\/#organization"},"potentialAction":[{"@type":"SearchAction","target":{"@type":"EntryPoint","urlTemplate":"https:\/\/www.nexoinformativo.mx\/?s={search_term_string}"},"query-input":{"@type":"PropertyValueSpecification","valueRequired":true,"valueName":"search_term_string"}}],"inLanguage":"es"},{"@type":"Organization","@id":"https:\/\/www.nexoinformativo.mx\/#organization","name":"Nexo Informativo Santiago de Quer\u00e9taro","url":"https:\/\/www.nexoinformativo.mx\/","logo":{"@type":"ImageObject","inLanguage":"es","@id":"https:\/\/www.nexoinformativo.mx\/#\/schema\/logo\/image\/","url":"https:\/\/www.nexoinformativo.mx\/wp-content\/uploads\/2024\/07\/nexoi-trasparente-2.png","contentUrl":"https:\/\/www.nexoinformativo.mx\/wp-content\/uploads\/2024\/07\/nexoi-trasparente-2.png","width":816,"height":339,"caption":"Nexo Informativo Santiago de Quer\u00e9taro"},"image":{"@id":"https:\/\/www.nexoinformativo.mx\/#\/schema\/logo\/image\/"},"sameAs":["https:\/\/www.facebook.com\/people\/Nexo-Informativo\/61564066885511\/"]},{"@type":"Person","@id":"https:\/\/www.nexoinformativo.mx\/#\/schema\/person\/7749d380ba08c8ca00d7bc76fd907b7d","name":"Nexo Informativo","image":{"@type":"ImageObject","inLanguage":"es","@id":"https:\/\/www.nexoinformativo.mx\/#\/schema\/person\/image\/","url":"https:\/\/secure.gravatar.com\/avatar\/dde2928154642a13d95f87ddf1ea9718fe2b46760a005c53e41ff5ad610704e6?s=96&d=mm&r=g","contentUrl":"https:\/\/secure.gravatar.com\/avatar\/dde2928154642a13d95f87ddf1ea9718fe2b46760a005c53e41ff5ad610704e6?s=96&d=mm&r=g","caption":"Nexo Informativo"},"url":"https:\/\/www.nexoinformativo.mx\/index.php\/author\/edicion\/"}]}},"_links":{"self":[{"href":"https:\/\/www.nexoinformativo.mx\/index.php\/wp-json\/wp\/v2\/posts\/7386","targetHints":{"allow":["GET"]}}],"collection":[{"href":"https:\/\/www.nexoinformativo.mx\/index.php\/wp-json\/wp\/v2\/posts"}],"about":[{"href":"https:\/\/www.nexoinformativo.mx\/index.php\/wp-json\/wp\/v2\/types\/post"}],"author":[{"embeddable":true,"href":"https:\/\/www.nexoinformativo.mx\/index.php\/wp-json\/wp\/v2\/users\/3"}],"replies":[{"embeddable":true,"href":"https:\/\/www.nexoinformativo.mx\/index.php\/wp-json\/wp\/v2\/comments?post=7386"}],"version-history":[{"count":5,"href":"https:\/\/www.nexoinformativo.mx\/index.php\/wp-json\/wp\/v2\/posts\/7386\/revisions"}],"predecessor-version":[{"id":7391,"href":"https:\/\/www.nexoinformativo.mx\/index.php\/wp-json\/wp\/v2\/posts\/7386\/revisions\/7391"}],"wp:featuredmedia":[{"embeddable":true,"href":"https:\/\/www.nexoinformativo.mx\/index.php\/wp-json\/wp\/v2\/media\/7387"}],"wp:attachment":[{"href":"https:\/\/www.nexoinformativo.mx\/index.php\/wp-json\/wp\/v2\/media?parent=7386"}],"wp:term":[{"taxonomy":"category","embeddable":true,"href":"https:\/\/www.nexoinformativo.mx\/index.php\/wp-json\/wp\/v2\/categories?post=7386"},{"taxonomy":"post_tag","embeddable":true,"href":"https:\/\/www.nexoinformativo.mx\/index.php\/wp-json\/wp\/v2\/tags?post=7386"}],"curies":[{"name":"wp","href":"https:\/\/api.w.org\/{rel}","templated":true}]}}