{"id":7412,"date":"2024-12-03T06:00:47","date_gmt":"2024-12-03T12:00:47","guid":{"rendered":"https:\/\/www.nexoinformativo.mx\/?p=7412"},"modified":"2024-12-03T11:04:06","modified_gmt":"2024-12-03T17:04:06","slug":"tzibi-pax-una-invitacion-a-la-reflexion-y-la-armonia-en-el-macq-on-la-obra-de-aixa-portero","status":"publish","type":"post","link":"https:\/\/www.nexoinformativo.mx\/index.php\/2024\/12\/03\/tzibi-pax-una-invitacion-a-la-reflexion-y-la-armonia-en-el-macq-on-la-obra-de-aixa-portero\/","title":{"rendered":"Tzibi Pax: Una invitaci\u00f3n a la reflexi\u00f3n y la armon\u00eda en el MACQ con la obra de Aixa Portero"},"content":{"rendered":"<p style=\"text-align: justify;\" data-sourcepos=\"9:1-9:387\"><strong>El Museo de Arte Contempor\u00e1neo de Quer\u00e9taro<\/strong> (MACQ) se viste de arte y espiritualidad con la exposici\u00f3n <strong>&#8220;Tzibi Pax&#8221;<\/strong> de la reconocida artista espa\u00f1ola Aixa Portero.<\/p>\n<p>&nbsp;<\/p>\n<p style=\"text-align: justify;\" data-sourcepos=\"9:1-9:387\">Inaugurada por la secretaria de Cultura del estado, Ana Paola L\u00f3pez, esta muestra invita al p\u00fablico a un viaje introspectivo a trav\u00e9s de 120 obras que exploran la relaci\u00f3n entre el arte y la cultura de paz.<\/p>\n<p>&nbsp;<\/p>\n<p style=\"text-align: justify;\" data-sourcepos=\"11:1-11:457\"><strong>&#8220;Tzibi Pax&#8221;<\/strong>, que en lengua otom\u00ed significa <strong>&#8220;luz y gu\u00eda&#8221;<\/strong> y en lat\u00edn <strong>&#8220;paz&#8221;<\/strong>, es una invitaci\u00f3n a reflexionar sobre la fragilidad, el equilibrio y la importancia del di\u00e1logo intercultural.<\/p>\n<p>&nbsp;<\/p>\n<p style=\"text-align: justify;\" data-sourcepos=\"11:1-11:457\">A trav\u00e9s de esculturas, instalaciones y videoarte, la artista espa\u00f1ola crea un universo visual donde materiales como libros, plumas, hierro y mimbre cobran vida y se convierten en s\u00edmbolos de la conexi\u00f3n entre lo ancestral y lo contempor\u00e1neo.<\/p>\n<p>&nbsp;<\/p>\n<p style=\"text-align: justify;\" data-sourcepos=\"13:1-13:300\">La exposici\u00f3n, que se presenta por primera vez en M\u00e9xico, destaca la importancia del cuidado, la transformaci\u00f3n y la armon\u00eda. Cada pieza es un homenaje a las ra\u00edces culturales de M\u00e9xico, invitando al p\u00fablico a reflexionar sobre el papel del arte en la construcci\u00f3n de un mundo m\u00e1s justo y equitativo.<\/p>\n<p>&nbsp;<\/p>\n<p style=\"text-align: justify;\" data-sourcepos=\"15:1-15:264\">&#8220;Tzibi Pax&#8221; es un canto a la esperanza, un llamado a la unidad y un reconocimiento a la diversidad cultural.<\/p>\n<p>&nbsp;<\/p>\n<p style=\"text-align: justify;\" data-sourcepos=\"15:1-15:264\">La muestra estar\u00e1 abierta al p\u00fablico hasta el 16 de febrero del pr\u00f3ximo a\u00f1o, en el MACQ, ubicado en la esquina de Manuel Acu\u00f1a y Reforma Oriente.<\/p>\n<p>&nbsp;<\/p>\n<p style=\"text-align: center;\" data-sourcepos=\"15:1-15:264\"><em><strong>\u00a1Informaci\u00f3n que transforma!<\/strong><\/em><\/p>\n","protected":false},"excerpt":{"rendered":"<p>El Museo de Arte Contempor\u00e1neo de Quer\u00e9taro (MACQ) se viste de arte y espiritualidad con la exposici\u00f3n &#8220;Tzibi Pax&#8221; de la reconocida artista espa\u00f1ola Aixa Portero.<\/p>\n","protected":false},"author":3,"featured_media":7413,"comment_status":"open","ping_status":"open","sticky":false,"template":"","format":"standard","meta":{"footnotes":""},"categories":[50,58],"tags":[2481,441,2480,2479],"class_list":["post-7412","post","type-post","status-publish","format-standard","has-post-thumbnail","hentry","category-espectaculos","category-ultima-hora","tag-artecontemporaneo","tag-culturadepaz","tag-macq","tag-tzibipax"],"yoast_head":"<!-- This site is optimized with the Yoast SEO plugin v25.0 - https:\/\/yoast.com\/wordpress\/plugins\/seo\/ -->\n<title>Tzibi Pax: Una invitaci\u00f3n a la reflexi\u00f3n y la armon\u00eda en el MACQ con la obra de Aixa Portero | Nexo Informativo Santiago de Quer\u00e9taro<\/title>\n<meta name=\"description\" content=\"Tzibi Pax: Una invitaci\u00f3n a la reflexi\u00f3n y la armon\u00eda en el MACQ on la obra de Aixa Portero\" \/>\n<meta name=\"robots\" content=\"index, follow, max-snippet:-1, max-image-preview:large, max-video-preview:-1\" \/>\n<link rel=\"canonical\" href=\"https:\/\/www.nexoinformativo.mx\/index.php\/2024\/12\/03\/tzibi-pax-una-invitacion-a-la-reflexion-y-la-armonia-en-el-macq-on-la-obra-de-aixa-portero\/\" \/>\n<meta property=\"og:locale\" content=\"es_MX\" \/>\n<meta property=\"og:type\" content=\"article\" \/>\n<meta property=\"og:title\" content=\"Tzibi Pax: Una invitaci\u00f3n a la reflexi\u00f3n y la armon\u00eda en el MACQ con la obra de Aixa Portero | Nexo Informativo Santiago de Quer\u00e9taro\" \/>\n<meta property=\"og:description\" content=\"Tzibi Pax: Una invitaci\u00f3n a la reflexi\u00f3n y la armon\u00eda en el MACQ on la obra de Aixa Portero\" \/>\n<meta property=\"og:url\" content=\"https:\/\/www.nexoinformativo.mx\/index.php\/2024\/12\/03\/tzibi-pax-una-invitacion-a-la-reflexion-y-la-armonia-en-el-macq-on-la-obra-de-aixa-portero\/\" \/>\n<meta property=\"og:site_name\" content=\"Nexo Informativo Santiago de Quer\u00e9taro\" \/>\n<meta property=\"article:publisher\" content=\"https:\/\/www.facebook.com\/people\/Nexo-Informativo\/61564066885511\/\" \/>\n<meta property=\"article:published_time\" content=\"2024-12-03T12:00:47+00:00\" \/>\n<meta property=\"article:modified_time\" content=\"2024-12-03T17:04:06+00:00\" \/>\n<meta property=\"og:image\" content=\"https:\/\/www.nexoinformativo.mx\/wp-content\/uploads\/2024\/12\/PHOTO-2024-12-03-07-18-53-e1733234181882.jpg\" \/>\n\t<meta property=\"og:image:width\" content=\"750\" \/>\n\t<meta property=\"og:image:height\" content=\"500\" \/>\n\t<meta property=\"og:image:type\" content=\"image\/jpeg\" \/>\n<meta name=\"author\" content=\"Nexo Informativo\" \/>\n<meta name=\"twitter:card\" content=\"summary_large_image\" \/>\n<meta name=\"twitter:label1\" content=\"Escrito por\" \/>\n\t<meta name=\"twitter:data1\" content=\"Nexo Informativo\" \/>\n\t<meta name=\"twitter:label2\" content=\"Tiempo de lectura\" \/>\n\t<meta name=\"twitter:data2\" content=\"2 minutos\" \/>\n<script type=\"application\/ld+json\" class=\"yoast-schema-graph\">{\"@context\":\"https:\/\/schema.org\",\"@graph\":[{\"@type\":\"Article\",\"@id\":\"https:\/\/www.nexoinformativo.mx\/index.php\/2024\/12\/03\/tzibi-pax-una-invitacion-a-la-reflexion-y-la-armonia-en-el-macq-on-la-obra-de-aixa-portero\/#article\",\"isPartOf\":{\"@id\":\"https:\/\/www.nexoinformativo.mx\/index.php\/2024\/12\/03\/tzibi-pax-una-invitacion-a-la-reflexion-y-la-armonia-en-el-macq-on-la-obra-de-aixa-portero\/\"},\"author\":{\"name\":\"Nexo Informativo\",\"@id\":\"https:\/\/www.nexoinformativo.mx\/#\/schema\/person\/7749d380ba08c8ca00d7bc76fd907b7d\"},\"headline\":\"Tzibi Pax: Una invitaci\u00f3n a la reflexi\u00f3n y la armon\u00eda en el MACQ con la obra de Aixa Portero\",\"datePublished\":\"2024-12-03T12:00:47+00:00\",\"dateModified\":\"2024-12-03T17:04:06+00:00\",\"mainEntityOfPage\":{\"@id\":\"https:\/\/www.nexoinformativo.mx\/index.php\/2024\/12\/03\/tzibi-pax-una-invitacion-a-la-reflexion-y-la-armonia-en-el-macq-on-la-obra-de-aixa-portero\/\"},\"wordCount\":290,\"commentCount\":0,\"publisher\":{\"@id\":\"https:\/\/www.nexoinformativo.mx\/#organization\"},\"image\":{\"@id\":\"https:\/\/www.nexoinformativo.mx\/index.php\/2024\/12\/03\/tzibi-pax-una-invitacion-a-la-reflexion-y-la-armonia-en-el-macq-on-la-obra-de-aixa-portero\/#primaryimage\"},\"thumbnailUrl\":\"https:\/\/www.nexoinformativo.mx\/wp-content\/uploads\/2024\/12\/PHOTO-2024-12-03-07-18-53-e1733234181882.jpg\",\"keywords\":[\"ArteContempor\u00e1neo\",\"CulturaDePaz\",\"MACQ\",\"TzibiPax\"],\"articleSection\":[\"Espect\u00e1culos\",\"\u00daltima Hora\"],\"inLanguage\":\"es\",\"potentialAction\":[{\"@type\":\"CommentAction\",\"name\":\"Comment\",\"target\":[\"https:\/\/www.nexoinformativo.mx\/index.php\/2024\/12\/03\/tzibi-pax-una-invitacion-a-la-reflexion-y-la-armonia-en-el-macq-on-la-obra-de-aixa-portero\/#respond\"]}]},{\"@type\":\"WebPage\",\"@id\":\"https:\/\/www.nexoinformativo.mx\/index.php\/2024\/12\/03\/tzibi-pax-una-invitacion-a-la-reflexion-y-la-armonia-en-el-macq-on-la-obra-de-aixa-portero\/\",\"url\":\"https:\/\/www.nexoinformativo.mx\/index.php\/2024\/12\/03\/tzibi-pax-una-invitacion-a-la-reflexion-y-la-armonia-en-el-macq-on-la-obra-de-aixa-portero\/\",\"name\":\"Tzibi Pax: Una invitaci\u00f3n a la reflexi\u00f3n y la armon\u00eda en el MACQ con la obra de Aixa Portero | Nexo Informativo Santiago de Quer\u00e9taro\",\"isPartOf\":{\"@id\":\"https:\/\/www.nexoinformativo.mx\/#website\"},\"primaryImageOfPage\":{\"@id\":\"https:\/\/www.nexoinformativo.mx\/index.php\/2024\/12\/03\/tzibi-pax-una-invitacion-a-la-reflexion-y-la-armonia-en-el-macq-on-la-obra-de-aixa-portero\/#primaryimage\"},\"image\":{\"@id\":\"https:\/\/www.nexoinformativo.mx\/index.php\/2024\/12\/03\/tzibi-pax-una-invitacion-a-la-reflexion-y-la-armonia-en-el-macq-on-la-obra-de-aixa-portero\/#primaryimage\"},\"thumbnailUrl\":\"https:\/\/www.nexoinformativo.mx\/wp-content\/uploads\/2024\/12\/PHOTO-2024-12-03-07-18-53-e1733234181882.jpg\",\"datePublished\":\"2024-12-03T12:00:47+00:00\",\"dateModified\":\"2024-12-03T17:04:06+00:00\",\"description\":\"Tzibi Pax: Una invitaci\u00f3n a la reflexi\u00f3n y la armon\u00eda en el MACQ on la obra de Aixa Portero\",\"breadcrumb\":{\"@id\":\"https:\/\/www.nexoinformativo.mx\/index.php\/2024\/12\/03\/tzibi-pax-una-invitacion-a-la-reflexion-y-la-armonia-en-el-macq-on-la-obra-de-aixa-portero\/#breadcrumb\"},\"inLanguage\":\"es\",\"potentialAction\":[{\"@type\":\"ReadAction\",\"target\":[\"https:\/\/www.nexoinformativo.mx\/index.php\/2024\/12\/03\/tzibi-pax-una-invitacion-a-la-reflexion-y-la-armonia-en-el-macq-on-la-obra-de-aixa-portero\/\"]}]},{\"@type\":\"ImageObject\",\"inLanguage\":\"es\",\"@id\":\"https:\/\/www.nexoinformativo.mx\/index.php\/2024\/12\/03\/tzibi-pax-una-invitacion-a-la-reflexion-y-la-armonia-en-el-macq-on-la-obra-de-aixa-portero\/#primaryimage\",\"url\":\"https:\/\/www.nexoinformativo.mx\/wp-content\/uploads\/2024\/12\/PHOTO-2024-12-03-07-18-53-e1733234181882.jpg\",\"contentUrl\":\"https:\/\/www.nexoinformativo.mx\/wp-content\/uploads\/2024\/12\/PHOTO-2024-12-03-07-18-53-e1733234181882.jpg\",\"width\":750,\"height\":500},{\"@type\":\"BreadcrumbList\",\"@id\":\"https:\/\/www.nexoinformativo.mx\/index.php\/2024\/12\/03\/tzibi-pax-una-invitacion-a-la-reflexion-y-la-armonia-en-el-macq-on-la-obra-de-aixa-portero\/#breadcrumb\",\"itemListElement\":[{\"@type\":\"ListItem\",\"position\":1,\"name\":\"Inicio\",\"item\":\"https:\/\/www.nexoinformativo.mx\/\"},{\"@type\":\"ListItem\",\"position\":2,\"name\":\"Tzibi Pax: Una invitaci\u00f3n a la reflexi\u00f3n y la armon\u00eda en el MACQ con la obra de Aixa Portero\"}]},{\"@type\":\"WebSite\",\"@id\":\"https:\/\/www.nexoinformativo.mx\/#website\",\"url\":\"https:\/\/www.nexoinformativo.mx\/\",\"name\":\"Nexo Informativo Santiago de Quer\u00e9taro\",\"description\":\"Explora NexoInformativo y convi\u00e9rtete en parte de una comunidad que valora el conocimiento y la verdad. Tu nexoinformativo es tu puente hacia una comprensi\u00f3n m\u00e1s profunda del mundo que te rodea.\",\"publisher\":{\"@id\":\"https:\/\/www.nexoinformativo.mx\/#organization\"},\"potentialAction\":[{\"@type\":\"SearchAction\",\"target\":{\"@type\":\"EntryPoint\",\"urlTemplate\":\"https:\/\/www.nexoinformativo.mx\/?s={search_term_string}\"},\"query-input\":{\"@type\":\"PropertyValueSpecification\",\"valueRequired\":true,\"valueName\":\"search_term_string\"}}],\"inLanguage\":\"es\"},{\"@type\":\"Organization\",\"@id\":\"https:\/\/www.nexoinformativo.mx\/#organization\",\"name\":\"Nexo Informativo Santiago de Quer\u00e9taro\",\"url\":\"https:\/\/www.nexoinformativo.mx\/\",\"logo\":{\"@type\":\"ImageObject\",\"inLanguage\":\"es\",\"@id\":\"https:\/\/www.nexoinformativo.mx\/#\/schema\/logo\/image\/\",\"url\":\"https:\/\/www.nexoinformativo.mx\/wp-content\/uploads\/2024\/07\/nexoi-trasparente-2.png\",\"contentUrl\":\"https:\/\/www.nexoinformativo.mx\/wp-content\/uploads\/2024\/07\/nexoi-trasparente-2.png\",\"width\":816,\"height\":339,\"caption\":\"Nexo Informativo Santiago de Quer\u00e9taro\"},\"image\":{\"@id\":\"https:\/\/www.nexoinformativo.mx\/#\/schema\/logo\/image\/\"},\"sameAs\":[\"https:\/\/www.facebook.com\/people\/Nexo-Informativo\/61564066885511\/\"]},{\"@type\":\"Person\",\"@id\":\"https:\/\/www.nexoinformativo.mx\/#\/schema\/person\/7749d380ba08c8ca00d7bc76fd907b7d\",\"name\":\"Nexo Informativo\",\"image\":{\"@type\":\"ImageObject\",\"inLanguage\":\"es\",\"@id\":\"https:\/\/www.nexoinformativo.mx\/#\/schema\/person\/image\/\",\"url\":\"https:\/\/secure.gravatar.com\/avatar\/dde2928154642a13d95f87ddf1ea9718fe2b46760a005c53e41ff5ad610704e6?s=96&d=mm&r=g\",\"contentUrl\":\"https:\/\/secure.gravatar.com\/avatar\/dde2928154642a13d95f87ddf1ea9718fe2b46760a005c53e41ff5ad610704e6?s=96&d=mm&r=g\",\"caption\":\"Nexo Informativo\"},\"url\":\"https:\/\/www.nexoinformativo.mx\/index.php\/author\/edicion\/\"}]}<\/script>\n<!-- \/ Yoast SEO plugin. -->","yoast_head_json":{"title":"Tzibi Pax: Una invitaci\u00f3n a la reflexi\u00f3n y la armon\u00eda en el MACQ con la obra de Aixa Portero | Nexo Informativo Santiago de Quer\u00e9taro","description":"Tzibi Pax: Una invitaci\u00f3n a la reflexi\u00f3n y la armon\u00eda en el MACQ on la obra de Aixa Portero","robots":{"index":"index","follow":"follow","max-snippet":"max-snippet:-1","max-image-preview":"max-image-preview:large","max-video-preview":"max-video-preview:-1"},"canonical":"https:\/\/www.nexoinformativo.mx\/index.php\/2024\/12\/03\/tzibi-pax-una-invitacion-a-la-reflexion-y-la-armonia-en-el-macq-on-la-obra-de-aixa-portero\/","og_locale":"es_MX","og_type":"article","og_title":"Tzibi Pax: Una invitaci\u00f3n a la reflexi\u00f3n y la armon\u00eda en el MACQ con la obra de Aixa Portero | Nexo Informativo Santiago de Quer\u00e9taro","og_description":"Tzibi Pax: Una invitaci\u00f3n a la reflexi\u00f3n y la armon\u00eda en el MACQ on la obra de Aixa Portero","og_url":"https:\/\/www.nexoinformativo.mx\/index.php\/2024\/12\/03\/tzibi-pax-una-invitacion-a-la-reflexion-y-la-armonia-en-el-macq-on-la-obra-de-aixa-portero\/","og_site_name":"Nexo Informativo Santiago de Quer\u00e9taro","article_publisher":"https:\/\/www.facebook.com\/people\/Nexo-Informativo\/61564066885511\/","article_published_time":"2024-12-03T12:00:47+00:00","article_modified_time":"2024-12-03T17:04:06+00:00","og_image":[{"width":750,"height":500,"url":"https:\/\/www.nexoinformativo.mx\/wp-content\/uploads\/2024\/12\/PHOTO-2024-12-03-07-18-53-e1733234181882.jpg","type":"image\/jpeg"}],"author":"Nexo Informativo","twitter_card":"summary_large_image","twitter_misc":{"Escrito por":"Nexo Informativo","Tiempo de lectura":"2 minutos"},"schema":{"@context":"https:\/\/schema.org","@graph":[{"@type":"Article","@id":"https:\/\/www.nexoinformativo.mx\/index.php\/2024\/12\/03\/tzibi-pax-una-invitacion-a-la-reflexion-y-la-armonia-en-el-macq-on-la-obra-de-aixa-portero\/#article","isPartOf":{"@id":"https:\/\/www.nexoinformativo.mx\/index.php\/2024\/12\/03\/tzibi-pax-una-invitacion-a-la-reflexion-y-la-armonia-en-el-macq-on-la-obra-de-aixa-portero\/"},"author":{"name":"Nexo Informativo","@id":"https:\/\/www.nexoinformativo.mx\/#\/schema\/person\/7749d380ba08c8ca00d7bc76fd907b7d"},"headline":"Tzibi Pax: Una invitaci\u00f3n a la reflexi\u00f3n y la armon\u00eda en el MACQ con la obra de Aixa Portero","datePublished":"2024-12-03T12:00:47+00:00","dateModified":"2024-12-03T17:04:06+00:00","mainEntityOfPage":{"@id":"https:\/\/www.nexoinformativo.mx\/index.php\/2024\/12\/03\/tzibi-pax-una-invitacion-a-la-reflexion-y-la-armonia-en-el-macq-on-la-obra-de-aixa-portero\/"},"wordCount":290,"commentCount":0,"publisher":{"@id":"https:\/\/www.nexoinformativo.mx\/#organization"},"image":{"@id":"https:\/\/www.nexoinformativo.mx\/index.php\/2024\/12\/03\/tzibi-pax-una-invitacion-a-la-reflexion-y-la-armonia-en-el-macq-on-la-obra-de-aixa-portero\/#primaryimage"},"thumbnailUrl":"https:\/\/www.nexoinformativo.mx\/wp-content\/uploads\/2024\/12\/PHOTO-2024-12-03-07-18-53-e1733234181882.jpg","keywords":["ArteContempor\u00e1neo","CulturaDePaz","MACQ","TzibiPax"],"articleSection":["Espect\u00e1culos","\u00daltima Hora"],"inLanguage":"es","potentialAction":[{"@type":"CommentAction","name":"Comment","target":["https:\/\/www.nexoinformativo.mx\/index.php\/2024\/12\/03\/tzibi-pax-una-invitacion-a-la-reflexion-y-la-armonia-en-el-macq-on-la-obra-de-aixa-portero\/#respond"]}]},{"@type":"WebPage","@id":"https:\/\/www.nexoinformativo.mx\/index.php\/2024\/12\/03\/tzibi-pax-una-invitacion-a-la-reflexion-y-la-armonia-en-el-macq-on-la-obra-de-aixa-portero\/","url":"https:\/\/www.nexoinformativo.mx\/index.php\/2024\/12\/03\/tzibi-pax-una-invitacion-a-la-reflexion-y-la-armonia-en-el-macq-on-la-obra-de-aixa-portero\/","name":"Tzibi Pax: Una invitaci\u00f3n a la reflexi\u00f3n y la armon\u00eda en el MACQ con la obra de Aixa Portero | Nexo Informativo Santiago de Quer\u00e9taro","isPartOf":{"@id":"https:\/\/www.nexoinformativo.mx\/#website"},"primaryImageOfPage":{"@id":"https:\/\/www.nexoinformativo.mx\/index.php\/2024\/12\/03\/tzibi-pax-una-invitacion-a-la-reflexion-y-la-armonia-en-el-macq-on-la-obra-de-aixa-portero\/#primaryimage"},"image":{"@id":"https:\/\/www.nexoinformativo.mx\/index.php\/2024\/12\/03\/tzibi-pax-una-invitacion-a-la-reflexion-y-la-armonia-en-el-macq-on-la-obra-de-aixa-portero\/#primaryimage"},"thumbnailUrl":"https:\/\/www.nexoinformativo.mx\/wp-content\/uploads\/2024\/12\/PHOTO-2024-12-03-07-18-53-e1733234181882.jpg","datePublished":"2024-12-03T12:00:47+00:00","dateModified":"2024-12-03T17:04:06+00:00","description":"Tzibi Pax: Una invitaci\u00f3n a la reflexi\u00f3n y la armon\u00eda en el MACQ on la obra de Aixa Portero","breadcrumb":{"@id":"https:\/\/www.nexoinformativo.mx\/index.php\/2024\/12\/03\/tzibi-pax-una-invitacion-a-la-reflexion-y-la-armonia-en-el-macq-on-la-obra-de-aixa-portero\/#breadcrumb"},"inLanguage":"es","potentialAction":[{"@type":"ReadAction","target":["https:\/\/www.nexoinformativo.mx\/index.php\/2024\/12\/03\/tzibi-pax-una-invitacion-a-la-reflexion-y-la-armonia-en-el-macq-on-la-obra-de-aixa-portero\/"]}]},{"@type":"ImageObject","inLanguage":"es","@id":"https:\/\/www.nexoinformativo.mx\/index.php\/2024\/12\/03\/tzibi-pax-una-invitacion-a-la-reflexion-y-la-armonia-en-el-macq-on-la-obra-de-aixa-portero\/#primaryimage","url":"https:\/\/www.nexoinformativo.mx\/wp-content\/uploads\/2024\/12\/PHOTO-2024-12-03-07-18-53-e1733234181882.jpg","contentUrl":"https:\/\/www.nexoinformativo.mx\/wp-content\/uploads\/2024\/12\/PHOTO-2024-12-03-07-18-53-e1733234181882.jpg","width":750,"height":500},{"@type":"BreadcrumbList","@id":"https:\/\/www.nexoinformativo.mx\/index.php\/2024\/12\/03\/tzibi-pax-una-invitacion-a-la-reflexion-y-la-armonia-en-el-macq-on-la-obra-de-aixa-portero\/#breadcrumb","itemListElement":[{"@type":"ListItem","position":1,"name":"Inicio","item":"https:\/\/www.nexoinformativo.mx\/"},{"@type":"ListItem","position":2,"name":"Tzibi Pax: Una invitaci\u00f3n a la reflexi\u00f3n y la armon\u00eda en el MACQ con la obra de Aixa Portero"}]},{"@type":"WebSite","@id":"https:\/\/www.nexoinformativo.mx\/#website","url":"https:\/\/www.nexoinformativo.mx\/","name":"Nexo Informativo Santiago de Quer\u00e9taro","description":"Explora NexoInformativo y convi\u00e9rtete en parte de una comunidad que valora el conocimiento y la verdad. Tu nexoinformativo es tu puente hacia una comprensi\u00f3n m\u00e1s profunda del mundo que te rodea.","publisher":{"@id":"https:\/\/www.nexoinformativo.mx\/#organization"},"potentialAction":[{"@type":"SearchAction","target":{"@type":"EntryPoint","urlTemplate":"https:\/\/www.nexoinformativo.mx\/?s={search_term_string}"},"query-input":{"@type":"PropertyValueSpecification","valueRequired":true,"valueName":"search_term_string"}}],"inLanguage":"es"},{"@type":"Organization","@id":"https:\/\/www.nexoinformativo.mx\/#organization","name":"Nexo Informativo Santiago de Quer\u00e9taro","url":"https:\/\/www.nexoinformativo.mx\/","logo":{"@type":"ImageObject","inLanguage":"es","@id":"https:\/\/www.nexoinformativo.mx\/#\/schema\/logo\/image\/","url":"https:\/\/www.nexoinformativo.mx\/wp-content\/uploads\/2024\/07\/nexoi-trasparente-2.png","contentUrl":"https:\/\/www.nexoinformativo.mx\/wp-content\/uploads\/2024\/07\/nexoi-trasparente-2.png","width":816,"height":339,"caption":"Nexo Informativo Santiago de Quer\u00e9taro"},"image":{"@id":"https:\/\/www.nexoinformativo.mx\/#\/schema\/logo\/image\/"},"sameAs":["https:\/\/www.facebook.com\/people\/Nexo-Informativo\/61564066885511\/"]},{"@type":"Person","@id":"https:\/\/www.nexoinformativo.mx\/#\/schema\/person\/7749d380ba08c8ca00d7bc76fd907b7d","name":"Nexo Informativo","image":{"@type":"ImageObject","inLanguage":"es","@id":"https:\/\/www.nexoinformativo.mx\/#\/schema\/person\/image\/","url":"https:\/\/secure.gravatar.com\/avatar\/dde2928154642a13d95f87ddf1ea9718fe2b46760a005c53e41ff5ad610704e6?s=96&d=mm&r=g","contentUrl":"https:\/\/secure.gravatar.com\/avatar\/dde2928154642a13d95f87ddf1ea9718fe2b46760a005c53e41ff5ad610704e6?s=96&d=mm&r=g","caption":"Nexo Informativo"},"url":"https:\/\/www.nexoinformativo.mx\/index.php\/author\/edicion\/"}]}},"_links":{"self":[{"href":"https:\/\/www.nexoinformativo.mx\/index.php\/wp-json\/wp\/v2\/posts\/7412","targetHints":{"allow":["GET"]}}],"collection":[{"href":"https:\/\/www.nexoinformativo.mx\/index.php\/wp-json\/wp\/v2\/posts"}],"about":[{"href":"https:\/\/www.nexoinformativo.mx\/index.php\/wp-json\/wp\/v2\/types\/post"}],"author":[{"embeddable":true,"href":"https:\/\/www.nexoinformativo.mx\/index.php\/wp-json\/wp\/v2\/users\/3"}],"replies":[{"embeddable":true,"href":"https:\/\/www.nexoinformativo.mx\/index.php\/wp-json\/wp\/v2\/comments?post=7412"}],"version-history":[{"count":4,"href":"https:\/\/www.nexoinformativo.mx\/index.php\/wp-json\/wp\/v2\/posts\/7412\/revisions"}],"predecessor-version":[{"id":7438,"href":"https:\/\/www.nexoinformativo.mx\/index.php\/wp-json\/wp\/v2\/posts\/7412\/revisions\/7438"}],"wp:featuredmedia":[{"embeddable":true,"href":"https:\/\/www.nexoinformativo.mx\/index.php\/wp-json\/wp\/v2\/media\/7413"}],"wp:attachment":[{"href":"https:\/\/www.nexoinformativo.mx\/index.php\/wp-json\/wp\/v2\/media?parent=7412"}],"wp:term":[{"taxonomy":"category","embeddable":true,"href":"https:\/\/www.nexoinformativo.mx\/index.php\/wp-json\/wp\/v2\/categories?post=7412"},{"taxonomy":"post_tag","embeddable":true,"href":"https:\/\/www.nexoinformativo.mx\/index.php\/wp-json\/wp\/v2\/tags?post=7412"}],"curies":[{"name":"wp","href":"https:\/\/api.w.org\/{rel}","templated":true}]}}