{"id":7417,"date":"2024-12-03T06:30:24","date_gmt":"2024-12-03T12:30:24","guid":{"rendered":"https:\/\/www.nexoinformativo.mx\/?p=7417"},"modified":"2024-12-03T08:03:40","modified_gmt":"2024-12-03T14:03:40","slug":"luis-fernando-pantoja-nuevo-rector-de-la-uteq-con-una-vision-de-futuro","status":"publish","type":"post","link":"https:\/\/www.nexoinformativo.mx\/index.php\/2024\/12\/03\/luis-fernando-pantoja-nuevo-rector-de-la-uteq-con-una-vision-de-futuro\/","title":{"rendered":"Luis Fernando Pantoja, nuevo rector de la UTEQ con una visi\u00f3n de futuro"},"content":{"rendered":"<p style=\"text-align: justify;\" data-sourcepos=\"9:1-9:376\">En un acto solemne, la secretaria de Educaci\u00f3n, Martha Elena Soto, entreg\u00f3 el nombramiento como Encargado de la Rector\u00eda de la <strong>Universidad Tecnol\u00f3gica de Quer\u00e9taro<\/strong> (UTEQ) a Luis Fernando Pantoja Amaro.<\/p>\n<p>&nbsp;<\/p>\n<p style=\"text-align: justify;\" data-sourcepos=\"9:1-9:376\">Con una amplia trayectoria en el sector educativo, Pantoja se comprometi\u00f3 a fortalecer la instituci\u00f3n y consolidarla como una de las m\u00e1s importantes del estado.<\/p>\n<p>&nbsp;<\/p>\n<p style=\"text-align: justify;\" data-sourcepos=\"11:1-11:405\">El nuevo rector, quien cuenta con un doctorado en Administraci\u00f3n, agradeci\u00f3 la confianza depositada en \u00e9l y asegur\u00f3 que trabajar\u00e1 de cerca con la comunidad universitaria y con la Secretar\u00eda de Educaci\u00f3n para lograr los objetivos planteados.<\/p>\n<p>&nbsp;<\/p>\n<p style=\"text-align: justify;\" data-sourcepos=\"11:1-11:405\">Entre sus metas se encuentran el desarrollo de un plan de trabajo integral que permita a la UTEQ seguir formando profesionales altamente capacitados y competitivos.<\/p>\n<p>&nbsp;<\/p>\n<p style=\"text-align: justify;\" data-sourcepos=\"13:1-13:266\">Por su parte, la secretaria Soto Obreg\u00f3n destac\u00f3 la importancia de la UTEQ como formadora de talento y reconoci\u00f3 la trayectoria del nuevo rector. Y asegur\u00f3 que el gobierno estatal continuar\u00e1 apoyando a la instituci\u00f3n para que siga creciendo y consolid\u00e1ndose.<\/p>\n<p>&nbsp;<\/p>\n<p style=\"text-align: justify;\" data-sourcepos=\"15:1-15:353\">La UTEQ es una de las universidades p\u00fablicas m\u00e1s importantes de Quer\u00e9taro y ha formado a miles de profesionales que han contribuido al desarrollo del estado.<\/p>\n<p>&nbsp;<\/p>\n<p style=\"text-align: justify;\" data-sourcepos=\"15:1-15:353\">Con la llegada de Luis Fernando Pantoja a la rector\u00eda, se espera que la instituci\u00f3n contin\u00fae su trayectoria de \u00e9xito y se consolide como un referente en educaci\u00f3n superior a nivel nacional.<\/p>\n<p>&nbsp;<\/p>\n<p style=\"text-align: center;\" data-sourcepos=\"15:1-15:353\"><em><strong>\u00a1Informaci\u00f3n que transforma!<\/strong><\/em><\/p>\n","protected":false},"excerpt":{"rendered":"<p>En un acto solemne, la secretaria de Educaci\u00f3n, Martha Elena Soto, entreg\u00f3 el nombramiento como Encargado de la Rector\u00eda de la Universidad Tecnol\u00f3gica de Quer\u00e9taro (UTEQ) a Luis Fernando Pantoja Amaro.<\/p>\n","protected":false},"author":3,"featured_media":7418,"comment_status":"open","ping_status":"open","sticky":false,"template":"","format":"standard","meta":{"footnotes":""},"categories":[42,58],"tags":[1163,1850,133,2264],"class_list":["post-7417","post","type-post","status-publish","format-standard","has-post-thumbnail","hentry","category-estado","category-ultima-hora","tag-educacionsuperior","tag-nombramiento","tag-queretaro","tag-uteq"],"yoast_head":"<!-- This site is optimized with the Yoast SEO plugin v25.0 - https:\/\/yoast.com\/wordpress\/plugins\/seo\/ -->\n<title>Luis Fernando Pantoja, nuevo rector de la UTEQ con una visi\u00f3n de futuro | Nexo Informativo Santiago de Quer\u00e9taro<\/title>\n<meta name=\"description\" content=\"Luis Fernando Pantoja, nuevo rector de la UTEQ con una visi\u00f3n de futuro\" \/>\n<meta name=\"robots\" content=\"index, follow, max-snippet:-1, max-image-preview:large, max-video-preview:-1\" \/>\n<link rel=\"canonical\" href=\"https:\/\/www.nexoinformativo.mx\/index.php\/2024\/12\/03\/luis-fernando-pantoja-nuevo-rector-de-la-uteq-con-una-vision-de-futuro\/\" \/>\n<meta property=\"og:locale\" content=\"es_MX\" \/>\n<meta property=\"og:type\" content=\"article\" \/>\n<meta property=\"og:title\" content=\"Luis Fernando Pantoja, nuevo rector de la UTEQ con una visi\u00f3n de futuro | Nexo Informativo Santiago de Quer\u00e9taro\" \/>\n<meta property=\"og:description\" content=\"Luis Fernando Pantoja, nuevo rector de la UTEQ con una visi\u00f3n de futuro\" \/>\n<meta property=\"og:url\" content=\"https:\/\/www.nexoinformativo.mx\/index.php\/2024\/12\/03\/luis-fernando-pantoja-nuevo-rector-de-la-uteq-con-una-vision-de-futuro\/\" \/>\n<meta property=\"og:site_name\" content=\"Nexo Informativo Santiago de Quer\u00e9taro\" \/>\n<meta property=\"article:publisher\" content=\"https:\/\/www.facebook.com\/people\/Nexo-Informativo\/61564066885511\/\" \/>\n<meta property=\"article:published_time\" content=\"2024-12-03T12:30:24+00:00\" \/>\n<meta property=\"article:modified_time\" content=\"2024-12-03T14:03:40+00:00\" \/>\n<meta property=\"og:image\" content=\"https:\/\/www.nexoinformativo.mx\/wp-content\/uploads\/2024\/12\/PHOTO-2024-12-03-08-01-45-e1733234574837.jpg\" \/>\n\t<meta property=\"og:image:width\" content=\"800\" \/>\n\t<meta property=\"og:image:height\" content=\"534\" \/>\n\t<meta property=\"og:image:type\" content=\"image\/jpeg\" \/>\n<meta name=\"author\" content=\"Nexo Informativo\" \/>\n<meta name=\"twitter:card\" content=\"summary_large_image\" \/>\n<meta name=\"twitter:label1\" content=\"Escrito por\" \/>\n\t<meta name=\"twitter:data1\" content=\"Nexo Informativo\" \/>\n\t<meta name=\"twitter:label2\" content=\"Tiempo de lectura\" \/>\n\t<meta name=\"twitter:data2\" content=\"2 minutos\" \/>\n<script type=\"application\/ld+json\" class=\"yoast-schema-graph\">{\"@context\":\"https:\/\/schema.org\",\"@graph\":[{\"@type\":\"Article\",\"@id\":\"https:\/\/www.nexoinformativo.mx\/index.php\/2024\/12\/03\/luis-fernando-pantoja-nuevo-rector-de-la-uteq-con-una-vision-de-futuro\/#article\",\"isPartOf\":{\"@id\":\"https:\/\/www.nexoinformativo.mx\/index.php\/2024\/12\/03\/luis-fernando-pantoja-nuevo-rector-de-la-uteq-con-una-vision-de-futuro\/\"},\"author\":{\"name\":\"Nexo Informativo\",\"@id\":\"https:\/\/www.nexoinformativo.mx\/#\/schema\/person\/7749d380ba08c8ca00d7bc76fd907b7d\"},\"headline\":\"Luis Fernando Pantoja, nuevo rector de la UTEQ con una visi\u00f3n de futuro\",\"datePublished\":\"2024-12-03T12:30:24+00:00\",\"dateModified\":\"2024-12-03T14:03:40+00:00\",\"mainEntityOfPage\":{\"@id\":\"https:\/\/www.nexoinformativo.mx\/index.php\/2024\/12\/03\/luis-fernando-pantoja-nuevo-rector-de-la-uteq-con-una-vision-de-futuro\/\"},\"wordCount\":261,\"commentCount\":0,\"publisher\":{\"@id\":\"https:\/\/www.nexoinformativo.mx\/#organization\"},\"image\":{\"@id\":\"https:\/\/www.nexoinformativo.mx\/index.php\/2024\/12\/03\/luis-fernando-pantoja-nuevo-rector-de-la-uteq-con-una-vision-de-futuro\/#primaryimage\"},\"thumbnailUrl\":\"https:\/\/www.nexoinformativo.mx\/wp-content\/uploads\/2024\/12\/PHOTO-2024-12-03-08-01-45-e1733234574837.jpg\",\"keywords\":[\"Educaci\u00f3nSuperior\",\"Nombramiento\",\"Quer\u00e9taro\",\"UTEQ\"],\"articleSection\":[\"Estado\",\"\u00daltima Hora\"],\"inLanguage\":\"es\",\"potentialAction\":[{\"@type\":\"CommentAction\",\"name\":\"Comment\",\"target\":[\"https:\/\/www.nexoinformativo.mx\/index.php\/2024\/12\/03\/luis-fernando-pantoja-nuevo-rector-de-la-uteq-con-una-vision-de-futuro\/#respond\"]}]},{\"@type\":\"WebPage\",\"@id\":\"https:\/\/www.nexoinformativo.mx\/index.php\/2024\/12\/03\/luis-fernando-pantoja-nuevo-rector-de-la-uteq-con-una-vision-de-futuro\/\",\"url\":\"https:\/\/www.nexoinformativo.mx\/index.php\/2024\/12\/03\/luis-fernando-pantoja-nuevo-rector-de-la-uteq-con-una-vision-de-futuro\/\",\"name\":\"Luis Fernando Pantoja, nuevo rector de la UTEQ con una visi\u00f3n de futuro | Nexo Informativo Santiago de Quer\u00e9taro\",\"isPartOf\":{\"@id\":\"https:\/\/www.nexoinformativo.mx\/#website\"},\"primaryImageOfPage\":{\"@id\":\"https:\/\/www.nexoinformativo.mx\/index.php\/2024\/12\/03\/luis-fernando-pantoja-nuevo-rector-de-la-uteq-con-una-vision-de-futuro\/#primaryimage\"},\"image\":{\"@id\":\"https:\/\/www.nexoinformativo.mx\/index.php\/2024\/12\/03\/luis-fernando-pantoja-nuevo-rector-de-la-uteq-con-una-vision-de-futuro\/#primaryimage\"},\"thumbnailUrl\":\"https:\/\/www.nexoinformativo.mx\/wp-content\/uploads\/2024\/12\/PHOTO-2024-12-03-08-01-45-e1733234574837.jpg\",\"datePublished\":\"2024-12-03T12:30:24+00:00\",\"dateModified\":\"2024-12-03T14:03:40+00:00\",\"description\":\"Luis Fernando Pantoja, nuevo rector de la UTEQ con una visi\u00f3n de futuro\",\"breadcrumb\":{\"@id\":\"https:\/\/www.nexoinformativo.mx\/index.php\/2024\/12\/03\/luis-fernando-pantoja-nuevo-rector-de-la-uteq-con-una-vision-de-futuro\/#breadcrumb\"},\"inLanguage\":\"es\",\"potentialAction\":[{\"@type\":\"ReadAction\",\"target\":[\"https:\/\/www.nexoinformativo.mx\/index.php\/2024\/12\/03\/luis-fernando-pantoja-nuevo-rector-de-la-uteq-con-una-vision-de-futuro\/\"]}]},{\"@type\":\"ImageObject\",\"inLanguage\":\"es\",\"@id\":\"https:\/\/www.nexoinformativo.mx\/index.php\/2024\/12\/03\/luis-fernando-pantoja-nuevo-rector-de-la-uteq-con-una-vision-de-futuro\/#primaryimage\",\"url\":\"https:\/\/www.nexoinformativo.mx\/wp-content\/uploads\/2024\/12\/PHOTO-2024-12-03-08-01-45-e1733234574837.jpg\",\"contentUrl\":\"https:\/\/www.nexoinformativo.mx\/wp-content\/uploads\/2024\/12\/PHOTO-2024-12-03-08-01-45-e1733234574837.jpg\",\"width\":800,\"height\":534},{\"@type\":\"BreadcrumbList\",\"@id\":\"https:\/\/www.nexoinformativo.mx\/index.php\/2024\/12\/03\/luis-fernando-pantoja-nuevo-rector-de-la-uteq-con-una-vision-de-futuro\/#breadcrumb\",\"itemListElement\":[{\"@type\":\"ListItem\",\"position\":1,\"name\":\"Inicio\",\"item\":\"https:\/\/www.nexoinformativo.mx\/\"},{\"@type\":\"ListItem\",\"position\":2,\"name\":\"Luis Fernando Pantoja, nuevo rector de la UTEQ con una visi\u00f3n de futuro\"}]},{\"@type\":\"WebSite\",\"@id\":\"https:\/\/www.nexoinformativo.mx\/#website\",\"url\":\"https:\/\/www.nexoinformativo.mx\/\",\"name\":\"Nexo Informativo Santiago de Quer\u00e9taro\",\"description\":\"Explora NexoInformativo y convi\u00e9rtete en parte de una comunidad que valora el conocimiento y la verdad. Tu nexoinformativo es tu puente hacia una comprensi\u00f3n m\u00e1s profunda del mundo que te rodea.\",\"publisher\":{\"@id\":\"https:\/\/www.nexoinformativo.mx\/#organization\"},\"potentialAction\":[{\"@type\":\"SearchAction\",\"target\":{\"@type\":\"EntryPoint\",\"urlTemplate\":\"https:\/\/www.nexoinformativo.mx\/?s={search_term_string}\"},\"query-input\":{\"@type\":\"PropertyValueSpecification\",\"valueRequired\":true,\"valueName\":\"search_term_string\"}}],\"inLanguage\":\"es\"},{\"@type\":\"Organization\",\"@id\":\"https:\/\/www.nexoinformativo.mx\/#organization\",\"name\":\"Nexo Informativo Santiago de Quer\u00e9taro\",\"url\":\"https:\/\/www.nexoinformativo.mx\/\",\"logo\":{\"@type\":\"ImageObject\",\"inLanguage\":\"es\",\"@id\":\"https:\/\/www.nexoinformativo.mx\/#\/schema\/logo\/image\/\",\"url\":\"https:\/\/www.nexoinformativo.mx\/wp-content\/uploads\/2024\/07\/nexoi-trasparente-2.png\",\"contentUrl\":\"https:\/\/www.nexoinformativo.mx\/wp-content\/uploads\/2024\/07\/nexoi-trasparente-2.png\",\"width\":816,\"height\":339,\"caption\":\"Nexo Informativo Santiago de Quer\u00e9taro\"},\"image\":{\"@id\":\"https:\/\/www.nexoinformativo.mx\/#\/schema\/logo\/image\/\"},\"sameAs\":[\"https:\/\/www.facebook.com\/people\/Nexo-Informativo\/61564066885511\/\"]},{\"@type\":\"Person\",\"@id\":\"https:\/\/www.nexoinformativo.mx\/#\/schema\/person\/7749d380ba08c8ca00d7bc76fd907b7d\",\"name\":\"Nexo Informativo\",\"image\":{\"@type\":\"ImageObject\",\"inLanguage\":\"es\",\"@id\":\"https:\/\/www.nexoinformativo.mx\/#\/schema\/person\/image\/\",\"url\":\"https:\/\/secure.gravatar.com\/avatar\/dde2928154642a13d95f87ddf1ea9718fe2b46760a005c53e41ff5ad610704e6?s=96&d=mm&r=g\",\"contentUrl\":\"https:\/\/secure.gravatar.com\/avatar\/dde2928154642a13d95f87ddf1ea9718fe2b46760a005c53e41ff5ad610704e6?s=96&d=mm&r=g\",\"caption\":\"Nexo Informativo\"},\"url\":\"https:\/\/www.nexoinformativo.mx\/index.php\/author\/edicion\/\"}]}<\/script>\n<!-- \/ Yoast SEO plugin. -->","yoast_head_json":{"title":"Luis Fernando Pantoja, nuevo rector de la UTEQ con una visi\u00f3n de futuro | Nexo Informativo Santiago de Quer\u00e9taro","description":"Luis Fernando Pantoja, nuevo rector de la UTEQ con una visi\u00f3n de futuro","robots":{"index":"index","follow":"follow","max-snippet":"max-snippet:-1","max-image-preview":"max-image-preview:large","max-video-preview":"max-video-preview:-1"},"canonical":"https:\/\/www.nexoinformativo.mx\/index.php\/2024\/12\/03\/luis-fernando-pantoja-nuevo-rector-de-la-uteq-con-una-vision-de-futuro\/","og_locale":"es_MX","og_type":"article","og_title":"Luis Fernando Pantoja, nuevo rector de la UTEQ con una visi\u00f3n de futuro | Nexo Informativo Santiago de Quer\u00e9taro","og_description":"Luis Fernando Pantoja, nuevo rector de la UTEQ con una visi\u00f3n de futuro","og_url":"https:\/\/www.nexoinformativo.mx\/index.php\/2024\/12\/03\/luis-fernando-pantoja-nuevo-rector-de-la-uteq-con-una-vision-de-futuro\/","og_site_name":"Nexo Informativo Santiago de Quer\u00e9taro","article_publisher":"https:\/\/www.facebook.com\/people\/Nexo-Informativo\/61564066885511\/","article_published_time":"2024-12-03T12:30:24+00:00","article_modified_time":"2024-12-03T14:03:40+00:00","og_image":[{"width":800,"height":534,"url":"https:\/\/www.nexoinformativo.mx\/wp-content\/uploads\/2024\/12\/PHOTO-2024-12-03-08-01-45-e1733234574837.jpg","type":"image\/jpeg"}],"author":"Nexo Informativo","twitter_card":"summary_large_image","twitter_misc":{"Escrito por":"Nexo Informativo","Tiempo de lectura":"2 minutos"},"schema":{"@context":"https:\/\/schema.org","@graph":[{"@type":"Article","@id":"https:\/\/www.nexoinformativo.mx\/index.php\/2024\/12\/03\/luis-fernando-pantoja-nuevo-rector-de-la-uteq-con-una-vision-de-futuro\/#article","isPartOf":{"@id":"https:\/\/www.nexoinformativo.mx\/index.php\/2024\/12\/03\/luis-fernando-pantoja-nuevo-rector-de-la-uteq-con-una-vision-de-futuro\/"},"author":{"name":"Nexo Informativo","@id":"https:\/\/www.nexoinformativo.mx\/#\/schema\/person\/7749d380ba08c8ca00d7bc76fd907b7d"},"headline":"Luis Fernando Pantoja, nuevo rector de la UTEQ con una visi\u00f3n de futuro","datePublished":"2024-12-03T12:30:24+00:00","dateModified":"2024-12-03T14:03:40+00:00","mainEntityOfPage":{"@id":"https:\/\/www.nexoinformativo.mx\/index.php\/2024\/12\/03\/luis-fernando-pantoja-nuevo-rector-de-la-uteq-con-una-vision-de-futuro\/"},"wordCount":261,"commentCount":0,"publisher":{"@id":"https:\/\/www.nexoinformativo.mx\/#organization"},"image":{"@id":"https:\/\/www.nexoinformativo.mx\/index.php\/2024\/12\/03\/luis-fernando-pantoja-nuevo-rector-de-la-uteq-con-una-vision-de-futuro\/#primaryimage"},"thumbnailUrl":"https:\/\/www.nexoinformativo.mx\/wp-content\/uploads\/2024\/12\/PHOTO-2024-12-03-08-01-45-e1733234574837.jpg","keywords":["Educaci\u00f3nSuperior","Nombramiento","Quer\u00e9taro","UTEQ"],"articleSection":["Estado","\u00daltima Hora"],"inLanguage":"es","potentialAction":[{"@type":"CommentAction","name":"Comment","target":["https:\/\/www.nexoinformativo.mx\/index.php\/2024\/12\/03\/luis-fernando-pantoja-nuevo-rector-de-la-uteq-con-una-vision-de-futuro\/#respond"]}]},{"@type":"WebPage","@id":"https:\/\/www.nexoinformativo.mx\/index.php\/2024\/12\/03\/luis-fernando-pantoja-nuevo-rector-de-la-uteq-con-una-vision-de-futuro\/","url":"https:\/\/www.nexoinformativo.mx\/index.php\/2024\/12\/03\/luis-fernando-pantoja-nuevo-rector-de-la-uteq-con-una-vision-de-futuro\/","name":"Luis Fernando Pantoja, nuevo rector de la UTEQ con una visi\u00f3n de futuro | Nexo Informativo Santiago de Quer\u00e9taro","isPartOf":{"@id":"https:\/\/www.nexoinformativo.mx\/#website"},"primaryImageOfPage":{"@id":"https:\/\/www.nexoinformativo.mx\/index.php\/2024\/12\/03\/luis-fernando-pantoja-nuevo-rector-de-la-uteq-con-una-vision-de-futuro\/#primaryimage"},"image":{"@id":"https:\/\/www.nexoinformativo.mx\/index.php\/2024\/12\/03\/luis-fernando-pantoja-nuevo-rector-de-la-uteq-con-una-vision-de-futuro\/#primaryimage"},"thumbnailUrl":"https:\/\/www.nexoinformativo.mx\/wp-content\/uploads\/2024\/12\/PHOTO-2024-12-03-08-01-45-e1733234574837.jpg","datePublished":"2024-12-03T12:30:24+00:00","dateModified":"2024-12-03T14:03:40+00:00","description":"Luis Fernando Pantoja, nuevo rector de la UTEQ con una visi\u00f3n de futuro","breadcrumb":{"@id":"https:\/\/www.nexoinformativo.mx\/index.php\/2024\/12\/03\/luis-fernando-pantoja-nuevo-rector-de-la-uteq-con-una-vision-de-futuro\/#breadcrumb"},"inLanguage":"es","potentialAction":[{"@type":"ReadAction","target":["https:\/\/www.nexoinformativo.mx\/index.php\/2024\/12\/03\/luis-fernando-pantoja-nuevo-rector-de-la-uteq-con-una-vision-de-futuro\/"]}]},{"@type":"ImageObject","inLanguage":"es","@id":"https:\/\/www.nexoinformativo.mx\/index.php\/2024\/12\/03\/luis-fernando-pantoja-nuevo-rector-de-la-uteq-con-una-vision-de-futuro\/#primaryimage","url":"https:\/\/www.nexoinformativo.mx\/wp-content\/uploads\/2024\/12\/PHOTO-2024-12-03-08-01-45-e1733234574837.jpg","contentUrl":"https:\/\/www.nexoinformativo.mx\/wp-content\/uploads\/2024\/12\/PHOTO-2024-12-03-08-01-45-e1733234574837.jpg","width":800,"height":534},{"@type":"BreadcrumbList","@id":"https:\/\/www.nexoinformativo.mx\/index.php\/2024\/12\/03\/luis-fernando-pantoja-nuevo-rector-de-la-uteq-con-una-vision-de-futuro\/#breadcrumb","itemListElement":[{"@type":"ListItem","position":1,"name":"Inicio","item":"https:\/\/www.nexoinformativo.mx\/"},{"@type":"ListItem","position":2,"name":"Luis Fernando Pantoja, nuevo rector de la UTEQ con una visi\u00f3n de futuro"}]},{"@type":"WebSite","@id":"https:\/\/www.nexoinformativo.mx\/#website","url":"https:\/\/www.nexoinformativo.mx\/","name":"Nexo Informativo Santiago de Quer\u00e9taro","description":"Explora NexoInformativo y convi\u00e9rtete en parte de una comunidad que valora el conocimiento y la verdad. Tu nexoinformativo es tu puente hacia una comprensi\u00f3n m\u00e1s profunda del mundo que te rodea.","publisher":{"@id":"https:\/\/www.nexoinformativo.mx\/#organization"},"potentialAction":[{"@type":"SearchAction","target":{"@type":"EntryPoint","urlTemplate":"https:\/\/www.nexoinformativo.mx\/?s={search_term_string}"},"query-input":{"@type":"PropertyValueSpecification","valueRequired":true,"valueName":"search_term_string"}}],"inLanguage":"es"},{"@type":"Organization","@id":"https:\/\/www.nexoinformativo.mx\/#organization","name":"Nexo Informativo Santiago de Quer\u00e9taro","url":"https:\/\/www.nexoinformativo.mx\/","logo":{"@type":"ImageObject","inLanguage":"es","@id":"https:\/\/www.nexoinformativo.mx\/#\/schema\/logo\/image\/","url":"https:\/\/www.nexoinformativo.mx\/wp-content\/uploads\/2024\/07\/nexoi-trasparente-2.png","contentUrl":"https:\/\/www.nexoinformativo.mx\/wp-content\/uploads\/2024\/07\/nexoi-trasparente-2.png","width":816,"height":339,"caption":"Nexo Informativo Santiago de Quer\u00e9taro"},"image":{"@id":"https:\/\/www.nexoinformativo.mx\/#\/schema\/logo\/image\/"},"sameAs":["https:\/\/www.facebook.com\/people\/Nexo-Informativo\/61564066885511\/"]},{"@type":"Person","@id":"https:\/\/www.nexoinformativo.mx\/#\/schema\/person\/7749d380ba08c8ca00d7bc76fd907b7d","name":"Nexo Informativo","image":{"@type":"ImageObject","inLanguage":"es","@id":"https:\/\/www.nexoinformativo.mx\/#\/schema\/person\/image\/","url":"https:\/\/secure.gravatar.com\/avatar\/dde2928154642a13d95f87ddf1ea9718fe2b46760a005c53e41ff5ad610704e6?s=96&d=mm&r=g","contentUrl":"https:\/\/secure.gravatar.com\/avatar\/dde2928154642a13d95f87ddf1ea9718fe2b46760a005c53e41ff5ad610704e6?s=96&d=mm&r=g","caption":"Nexo Informativo"},"url":"https:\/\/www.nexoinformativo.mx\/index.php\/author\/edicion\/"}]}},"_links":{"self":[{"href":"https:\/\/www.nexoinformativo.mx\/index.php\/wp-json\/wp\/v2\/posts\/7417","targetHints":{"allow":["GET"]}}],"collection":[{"href":"https:\/\/www.nexoinformativo.mx\/index.php\/wp-json\/wp\/v2\/posts"}],"about":[{"href":"https:\/\/www.nexoinformativo.mx\/index.php\/wp-json\/wp\/v2\/types\/post"}],"author":[{"embeddable":true,"href":"https:\/\/www.nexoinformativo.mx\/index.php\/wp-json\/wp\/v2\/users\/3"}],"replies":[{"embeddable":true,"href":"https:\/\/www.nexoinformativo.mx\/index.php\/wp-json\/wp\/v2\/comments?post=7417"}],"version-history":[{"count":3,"href":"https:\/\/www.nexoinformativo.mx\/index.php\/wp-json\/wp\/v2\/posts\/7417\/revisions"}],"predecessor-version":[{"id":7421,"href":"https:\/\/www.nexoinformativo.mx\/index.php\/wp-json\/wp\/v2\/posts\/7417\/revisions\/7421"}],"wp:featuredmedia":[{"embeddable":true,"href":"https:\/\/www.nexoinformativo.mx\/index.php\/wp-json\/wp\/v2\/media\/7418"}],"wp:attachment":[{"href":"https:\/\/www.nexoinformativo.mx\/index.php\/wp-json\/wp\/v2\/media?parent=7417"}],"wp:term":[{"taxonomy":"category","embeddable":true,"href":"https:\/\/www.nexoinformativo.mx\/index.php\/wp-json\/wp\/v2\/categories?post=7417"},{"taxonomy":"post_tag","embeddable":true,"href":"https:\/\/www.nexoinformativo.mx\/index.php\/wp-json\/wp\/v2\/tags?post=7417"}],"curies":[{"name":"wp","href":"https:\/\/api.w.org\/{rel}","templated":true}]}}