{"id":7427,"date":"2024-12-03T07:30:39","date_gmt":"2024-12-03T13:30:39","guid":{"rendered":"https:\/\/www.nexoinformativo.mx\/?p=7427"},"modified":"2024-12-03T08:15:26","modified_gmt":"2024-12-03T14:15:26","slug":"mexico-lidera-la-lucha-contra-la-contaminacion-por-plasticos-a-nivel-mundial","status":"publish","type":"post","link":"https:\/\/www.nexoinformativo.mx\/index.php\/2024\/12\/03\/mexico-lidera-la-lucha-contra-la-contaminacion-por-plasticos-a-nivel-mundial\/","title":{"rendered":"M\u00e9xico lidera la lucha contra la contaminaci\u00f3n por pl\u00e1sticos a nivel mundial\u00a0"},"content":{"rendered":"<p style=\"text-align: justify;\" data-sourcepos=\"9:1-9:347\">Nuestro pa\u00eds se ha posicionado a la vanguardia de la lucha contra la contaminaci\u00f3n por pl\u00e1sticos a nivel mundial. En las recientes negociaciones internacionales llevadas a cabo en Busan, Corea del Sur.<\/p>\n<p>&nbsp;<\/p>\n<p style=\"text-align: justify;\" data-sourcepos=\"9:1-9:347\">M\u00e9xico encabez\u00f3 un grupo de m\u00e1s de 90 naciones para impulsar un tratado global que regule de manera estricta la producci\u00f3n y el uso de pl\u00e1sticos.<\/p>\n<p>&nbsp;<\/p>\n<p style=\"text-align: justify;\" data-sourcepos=\"11:1-11:456\">El objetivo principal es eliminar progresivamente la contaminaci\u00f3n pl\u00e1stica en los oc\u00e9anos y en todo el mundo, ya que se estima que para 2040 los flujos anuales de contaminaci\u00f3n por pl\u00e1sticos se multipliquen por 2.5.<\/p>\n<p>&nbsp;<\/p>\n<p style=\"text-align: justify;\" data-sourcepos=\"11:1-11:456\">Ante este grave problema ambiental, M\u00e9xico ha propuesto medidas concretas como el ecodise\u00f1o de productos pl\u00e1sticos, la eliminaci\u00f3n de fugas de residuos y la creaci\u00f3n de un mecanismo de financiamiento para apoyar a los pa\u00edses en desarrollo.<\/p>\n<p>&nbsp;<\/p>\n<p style=\"text-align: justify;\" data-sourcepos=\"13:1-13:354\">La titular de la Unidad Coordinadora de Asuntos Internacionales de la Semarnat, Camila Zepeda, destac\u00f3 la importancia de que el tratado sea jur\u00eddicamente y contemple obligaciones claras para los pa\u00edses.<\/p>\n<p>&nbsp;<\/p>\n<p style=\"text-align: justify;\" data-sourcepos=\"13:1-13:354\">Adem\u00e1s, enfatiz\u00f3 la necesidad de una transici\u00f3n justa para los trabajadores del sector informal que se dedican a la recolecci\u00f3n de residuos.<\/p>\n<p>&nbsp;<\/p>\n<p style=\"text-align: justify;\" data-sourcepos=\"15:1-15:358\">Si bien a\u00fan queda mucho por hacer, la participaci\u00f3n activa de M\u00e9xico en estas negociaciones representa un paso fundamental hacia un futuro m\u00e1s sostenible.<\/p>\n<p>&nbsp;<\/p>\n<p style=\"text-align: justify;\" data-sourcepos=\"15:1-15:358\">Nuestro pa\u00eds ha demostrado su compromiso con la protecci\u00f3n del medio ambiente y ha llamado a la comunidad internacional a tomar medidas urgentes para combatir la crisis de la contaminaci\u00f3n por pl\u00e1sticos.<\/p>\n<p>&nbsp;<\/p>\n<p style=\"text-align: center;\" data-sourcepos=\"15:1-15:358\"><em><strong>\u00a1Informaci\u00f3n que transforma!<\/strong><\/em><\/p>\n","protected":false},"excerpt":{"rendered":"<p>Nuestro pa\u00eds se ha posicionado a la vanguardia de la lucha contra la contaminaci\u00f3n por pl\u00e1sticos a nivel mundial. En las recientes negociaciones internacionales llevadas a cabo en Busan, Corea del Sur.<\/p>\n","protected":false},"author":3,"featured_media":7428,"comment_status":"open","ping_status":"open","sticky":false,"template":"","format":"standard","meta":{"footnotes":""},"categories":[88,58],"tags":[2484,656,1610,1451],"class_list":["post-7427","post","type-post","status-publish","format-standard","has-post-thumbnail","hentry","category-nacional","category-ultima-hora","tag-contaminacionplastica","tag-medioambiente","tag-mexico","tag-sostenibilidad"],"yoast_head":"<!-- This site is optimized with the Yoast SEO plugin v25.0 - https:\/\/yoast.com\/wordpress\/plugins\/seo\/ -->\n<title>M\u00e9xico lidera la lucha contra la contaminaci\u00f3n por pl\u00e1sticos a nivel mundial\u00a0 | Nexo Informativo Santiago de Quer\u00e9taro<\/title>\n<meta name=\"description\" content=\"M\u00e9xico lidera la lucha contra la contaminaci\u00f3n por pl\u00e1sticos a nivel mundial\u00a0\" \/>\n<meta name=\"robots\" content=\"index, follow, max-snippet:-1, max-image-preview:large, max-video-preview:-1\" \/>\n<link rel=\"canonical\" href=\"https:\/\/www.nexoinformativo.mx\/index.php\/2024\/12\/03\/mexico-lidera-la-lucha-contra-la-contaminacion-por-plasticos-a-nivel-mundial\/\" \/>\n<meta property=\"og:locale\" content=\"es_MX\" \/>\n<meta property=\"og:type\" content=\"article\" \/>\n<meta property=\"og:title\" content=\"M\u00e9xico lidera la lucha contra la contaminaci\u00f3n por pl\u00e1sticos a nivel mundial\u00a0 | Nexo Informativo Santiago de Quer\u00e9taro\" \/>\n<meta property=\"og:description\" content=\"M\u00e9xico lidera la lucha contra la contaminaci\u00f3n por pl\u00e1sticos a nivel mundial\u00a0\" \/>\n<meta property=\"og:url\" content=\"https:\/\/www.nexoinformativo.mx\/index.php\/2024\/12\/03\/mexico-lidera-la-lucha-contra-la-contaminacion-por-plasticos-a-nivel-mundial\/\" \/>\n<meta property=\"og:site_name\" content=\"Nexo Informativo Santiago de Quer\u00e9taro\" \/>\n<meta property=\"article:publisher\" content=\"https:\/\/www.facebook.com\/people\/Nexo-Informativo\/61564066885511\/\" \/>\n<meta property=\"article:published_time\" content=\"2024-12-03T13:30:39+00:00\" \/>\n<meta property=\"article:modified_time\" content=\"2024-12-03T14:15:26+00:00\" \/>\n<meta property=\"og:image\" content=\"https:\/\/www.nexoinformativo.mx\/wp-content\/uploads\/2024\/12\/IMG_8338-e1733235244984.jpg\" \/>\n\t<meta property=\"og:image:width\" content=\"800\" \/>\n\t<meta property=\"og:image:height\" content=\"460\" \/>\n\t<meta property=\"og:image:type\" content=\"image\/jpeg\" \/>\n<meta name=\"author\" content=\"Nexo Informativo\" \/>\n<meta name=\"twitter:card\" content=\"summary_large_image\" \/>\n<meta name=\"twitter:label1\" content=\"Escrito por\" \/>\n\t<meta name=\"twitter:data1\" content=\"Nexo Informativo\" \/>\n\t<meta name=\"twitter:label2\" content=\"Tiempo de lectura\" \/>\n\t<meta name=\"twitter:data2\" content=\"2 minutos\" \/>\n<script type=\"application\/ld+json\" class=\"yoast-schema-graph\">{\"@context\":\"https:\/\/schema.org\",\"@graph\":[{\"@type\":\"Article\",\"@id\":\"https:\/\/www.nexoinformativo.mx\/index.php\/2024\/12\/03\/mexico-lidera-la-lucha-contra-la-contaminacion-por-plasticos-a-nivel-mundial\/#article\",\"isPartOf\":{\"@id\":\"https:\/\/www.nexoinformativo.mx\/index.php\/2024\/12\/03\/mexico-lidera-la-lucha-contra-la-contaminacion-por-plasticos-a-nivel-mundial\/\"},\"author\":{\"name\":\"Nexo Informativo\",\"@id\":\"https:\/\/www.nexoinformativo.mx\/#\/schema\/person\/7749d380ba08c8ca00d7bc76fd907b7d\"},\"headline\":\"M\u00e9xico lidera la lucha contra la contaminaci\u00f3n por pl\u00e1sticos a nivel mundial\u00a0\",\"datePublished\":\"2024-12-03T13:30:39+00:00\",\"dateModified\":\"2024-12-03T14:15:26+00:00\",\"mainEntityOfPage\":{\"@id\":\"https:\/\/www.nexoinformativo.mx\/index.php\/2024\/12\/03\/mexico-lidera-la-lucha-contra-la-contaminacion-por-plasticos-a-nivel-mundial\/\"},\"wordCount\":293,\"commentCount\":0,\"publisher\":{\"@id\":\"https:\/\/www.nexoinformativo.mx\/#organization\"},\"image\":{\"@id\":\"https:\/\/www.nexoinformativo.mx\/index.php\/2024\/12\/03\/mexico-lidera-la-lucha-contra-la-contaminacion-por-plasticos-a-nivel-mundial\/#primaryimage\"},\"thumbnailUrl\":\"https:\/\/www.nexoinformativo.mx\/wp-content\/uploads\/2024\/12\/IMG_8338-e1733235244984.jpg\",\"keywords\":[\"Contaminaci\u00f3nPl\u00e1stica\",\"MedioAmbiente\",\"M\u00e9xico\",\"Sostenibilidad\"],\"articleSection\":[\"Nacional\",\"\u00daltima Hora\"],\"inLanguage\":\"es\",\"potentialAction\":[{\"@type\":\"CommentAction\",\"name\":\"Comment\",\"target\":[\"https:\/\/www.nexoinformativo.mx\/index.php\/2024\/12\/03\/mexico-lidera-la-lucha-contra-la-contaminacion-por-plasticos-a-nivel-mundial\/#respond\"]}]},{\"@type\":\"WebPage\",\"@id\":\"https:\/\/www.nexoinformativo.mx\/index.php\/2024\/12\/03\/mexico-lidera-la-lucha-contra-la-contaminacion-por-plasticos-a-nivel-mundial\/\",\"url\":\"https:\/\/www.nexoinformativo.mx\/index.php\/2024\/12\/03\/mexico-lidera-la-lucha-contra-la-contaminacion-por-plasticos-a-nivel-mundial\/\",\"name\":\"M\u00e9xico lidera la lucha contra la contaminaci\u00f3n por pl\u00e1sticos a nivel mundial\u00a0 | Nexo Informativo Santiago de Quer\u00e9taro\",\"isPartOf\":{\"@id\":\"https:\/\/www.nexoinformativo.mx\/#website\"},\"primaryImageOfPage\":{\"@id\":\"https:\/\/www.nexoinformativo.mx\/index.php\/2024\/12\/03\/mexico-lidera-la-lucha-contra-la-contaminacion-por-plasticos-a-nivel-mundial\/#primaryimage\"},\"image\":{\"@id\":\"https:\/\/www.nexoinformativo.mx\/index.php\/2024\/12\/03\/mexico-lidera-la-lucha-contra-la-contaminacion-por-plasticos-a-nivel-mundial\/#primaryimage\"},\"thumbnailUrl\":\"https:\/\/www.nexoinformativo.mx\/wp-content\/uploads\/2024\/12\/IMG_8338-e1733235244984.jpg\",\"datePublished\":\"2024-12-03T13:30:39+00:00\",\"dateModified\":\"2024-12-03T14:15:26+00:00\",\"description\":\"M\u00e9xico lidera la lucha contra la contaminaci\u00f3n por pl\u00e1sticos a nivel mundial\u00a0\",\"breadcrumb\":{\"@id\":\"https:\/\/www.nexoinformativo.mx\/index.php\/2024\/12\/03\/mexico-lidera-la-lucha-contra-la-contaminacion-por-plasticos-a-nivel-mundial\/#breadcrumb\"},\"inLanguage\":\"es\",\"potentialAction\":[{\"@type\":\"ReadAction\",\"target\":[\"https:\/\/www.nexoinformativo.mx\/index.php\/2024\/12\/03\/mexico-lidera-la-lucha-contra-la-contaminacion-por-plasticos-a-nivel-mundial\/\"]}]},{\"@type\":\"ImageObject\",\"inLanguage\":\"es\",\"@id\":\"https:\/\/www.nexoinformativo.mx\/index.php\/2024\/12\/03\/mexico-lidera-la-lucha-contra-la-contaminacion-por-plasticos-a-nivel-mundial\/#primaryimage\",\"url\":\"https:\/\/www.nexoinformativo.mx\/wp-content\/uploads\/2024\/12\/IMG_8338-e1733235244984.jpg\",\"contentUrl\":\"https:\/\/www.nexoinformativo.mx\/wp-content\/uploads\/2024\/12\/IMG_8338-e1733235244984.jpg\",\"width\":800,\"height\":460},{\"@type\":\"BreadcrumbList\",\"@id\":\"https:\/\/www.nexoinformativo.mx\/index.php\/2024\/12\/03\/mexico-lidera-la-lucha-contra-la-contaminacion-por-plasticos-a-nivel-mundial\/#breadcrumb\",\"itemListElement\":[{\"@type\":\"ListItem\",\"position\":1,\"name\":\"Inicio\",\"item\":\"https:\/\/www.nexoinformativo.mx\/\"},{\"@type\":\"ListItem\",\"position\":2,\"name\":\"M\u00e9xico lidera la lucha contra la contaminaci\u00f3n por pl\u00e1sticos a nivel mundial\u00a0\"}]},{\"@type\":\"WebSite\",\"@id\":\"https:\/\/www.nexoinformativo.mx\/#website\",\"url\":\"https:\/\/www.nexoinformativo.mx\/\",\"name\":\"Nexo Informativo Santiago de Quer\u00e9taro\",\"description\":\"Explora NexoInformativo y convi\u00e9rtete en parte de una comunidad que valora el conocimiento y la verdad. Tu nexoinformativo es tu puente hacia una comprensi\u00f3n m\u00e1s profunda del mundo que te rodea.\",\"publisher\":{\"@id\":\"https:\/\/www.nexoinformativo.mx\/#organization\"},\"potentialAction\":[{\"@type\":\"SearchAction\",\"target\":{\"@type\":\"EntryPoint\",\"urlTemplate\":\"https:\/\/www.nexoinformativo.mx\/?s={search_term_string}\"},\"query-input\":{\"@type\":\"PropertyValueSpecification\",\"valueRequired\":true,\"valueName\":\"search_term_string\"}}],\"inLanguage\":\"es\"},{\"@type\":\"Organization\",\"@id\":\"https:\/\/www.nexoinformativo.mx\/#organization\",\"name\":\"Nexo Informativo Santiago de Quer\u00e9taro\",\"url\":\"https:\/\/www.nexoinformativo.mx\/\",\"logo\":{\"@type\":\"ImageObject\",\"inLanguage\":\"es\",\"@id\":\"https:\/\/www.nexoinformativo.mx\/#\/schema\/logo\/image\/\",\"url\":\"https:\/\/www.nexoinformativo.mx\/wp-content\/uploads\/2024\/07\/nexoi-trasparente-2.png\",\"contentUrl\":\"https:\/\/www.nexoinformativo.mx\/wp-content\/uploads\/2024\/07\/nexoi-trasparente-2.png\",\"width\":816,\"height\":339,\"caption\":\"Nexo Informativo Santiago de Quer\u00e9taro\"},\"image\":{\"@id\":\"https:\/\/www.nexoinformativo.mx\/#\/schema\/logo\/image\/\"},\"sameAs\":[\"https:\/\/www.facebook.com\/people\/Nexo-Informativo\/61564066885511\/\"]},{\"@type\":\"Person\",\"@id\":\"https:\/\/www.nexoinformativo.mx\/#\/schema\/person\/7749d380ba08c8ca00d7bc76fd907b7d\",\"name\":\"Nexo Informativo\",\"image\":{\"@type\":\"ImageObject\",\"inLanguage\":\"es\",\"@id\":\"https:\/\/www.nexoinformativo.mx\/#\/schema\/person\/image\/\",\"url\":\"https:\/\/secure.gravatar.com\/avatar\/dde2928154642a13d95f87ddf1ea9718fe2b46760a005c53e41ff5ad610704e6?s=96&d=mm&r=g\",\"contentUrl\":\"https:\/\/secure.gravatar.com\/avatar\/dde2928154642a13d95f87ddf1ea9718fe2b46760a005c53e41ff5ad610704e6?s=96&d=mm&r=g\",\"caption\":\"Nexo Informativo\"},\"url\":\"https:\/\/www.nexoinformativo.mx\/index.php\/author\/edicion\/\"}]}<\/script>\n<!-- \/ Yoast SEO plugin. -->","yoast_head_json":{"title":"M\u00e9xico lidera la lucha contra la contaminaci\u00f3n por pl\u00e1sticos a nivel mundial\u00a0 | Nexo Informativo Santiago de Quer\u00e9taro","description":"M\u00e9xico lidera la lucha contra la contaminaci\u00f3n por pl\u00e1sticos a nivel mundial\u00a0","robots":{"index":"index","follow":"follow","max-snippet":"max-snippet:-1","max-image-preview":"max-image-preview:large","max-video-preview":"max-video-preview:-1"},"canonical":"https:\/\/www.nexoinformativo.mx\/index.php\/2024\/12\/03\/mexico-lidera-la-lucha-contra-la-contaminacion-por-plasticos-a-nivel-mundial\/","og_locale":"es_MX","og_type":"article","og_title":"M\u00e9xico lidera la lucha contra la contaminaci\u00f3n por pl\u00e1sticos a nivel mundial\u00a0 | Nexo Informativo Santiago de Quer\u00e9taro","og_description":"M\u00e9xico lidera la lucha contra la contaminaci\u00f3n por pl\u00e1sticos a nivel mundial\u00a0","og_url":"https:\/\/www.nexoinformativo.mx\/index.php\/2024\/12\/03\/mexico-lidera-la-lucha-contra-la-contaminacion-por-plasticos-a-nivel-mundial\/","og_site_name":"Nexo Informativo Santiago de Quer\u00e9taro","article_publisher":"https:\/\/www.facebook.com\/people\/Nexo-Informativo\/61564066885511\/","article_published_time":"2024-12-03T13:30:39+00:00","article_modified_time":"2024-12-03T14:15:26+00:00","og_image":[{"width":800,"height":460,"url":"https:\/\/www.nexoinformativo.mx\/wp-content\/uploads\/2024\/12\/IMG_8338-e1733235244984.jpg","type":"image\/jpeg"}],"author":"Nexo Informativo","twitter_card":"summary_large_image","twitter_misc":{"Escrito por":"Nexo Informativo","Tiempo de lectura":"2 minutos"},"schema":{"@context":"https:\/\/schema.org","@graph":[{"@type":"Article","@id":"https:\/\/www.nexoinformativo.mx\/index.php\/2024\/12\/03\/mexico-lidera-la-lucha-contra-la-contaminacion-por-plasticos-a-nivel-mundial\/#article","isPartOf":{"@id":"https:\/\/www.nexoinformativo.mx\/index.php\/2024\/12\/03\/mexico-lidera-la-lucha-contra-la-contaminacion-por-plasticos-a-nivel-mundial\/"},"author":{"name":"Nexo Informativo","@id":"https:\/\/www.nexoinformativo.mx\/#\/schema\/person\/7749d380ba08c8ca00d7bc76fd907b7d"},"headline":"M\u00e9xico lidera la lucha contra la contaminaci\u00f3n por pl\u00e1sticos a nivel mundial\u00a0","datePublished":"2024-12-03T13:30:39+00:00","dateModified":"2024-12-03T14:15:26+00:00","mainEntityOfPage":{"@id":"https:\/\/www.nexoinformativo.mx\/index.php\/2024\/12\/03\/mexico-lidera-la-lucha-contra-la-contaminacion-por-plasticos-a-nivel-mundial\/"},"wordCount":293,"commentCount":0,"publisher":{"@id":"https:\/\/www.nexoinformativo.mx\/#organization"},"image":{"@id":"https:\/\/www.nexoinformativo.mx\/index.php\/2024\/12\/03\/mexico-lidera-la-lucha-contra-la-contaminacion-por-plasticos-a-nivel-mundial\/#primaryimage"},"thumbnailUrl":"https:\/\/www.nexoinformativo.mx\/wp-content\/uploads\/2024\/12\/IMG_8338-e1733235244984.jpg","keywords":["Contaminaci\u00f3nPl\u00e1stica","MedioAmbiente","M\u00e9xico","Sostenibilidad"],"articleSection":["Nacional","\u00daltima Hora"],"inLanguage":"es","potentialAction":[{"@type":"CommentAction","name":"Comment","target":["https:\/\/www.nexoinformativo.mx\/index.php\/2024\/12\/03\/mexico-lidera-la-lucha-contra-la-contaminacion-por-plasticos-a-nivel-mundial\/#respond"]}]},{"@type":"WebPage","@id":"https:\/\/www.nexoinformativo.mx\/index.php\/2024\/12\/03\/mexico-lidera-la-lucha-contra-la-contaminacion-por-plasticos-a-nivel-mundial\/","url":"https:\/\/www.nexoinformativo.mx\/index.php\/2024\/12\/03\/mexico-lidera-la-lucha-contra-la-contaminacion-por-plasticos-a-nivel-mundial\/","name":"M\u00e9xico lidera la lucha contra la contaminaci\u00f3n por pl\u00e1sticos a nivel mundial\u00a0 | Nexo Informativo Santiago de Quer\u00e9taro","isPartOf":{"@id":"https:\/\/www.nexoinformativo.mx\/#website"},"primaryImageOfPage":{"@id":"https:\/\/www.nexoinformativo.mx\/index.php\/2024\/12\/03\/mexico-lidera-la-lucha-contra-la-contaminacion-por-plasticos-a-nivel-mundial\/#primaryimage"},"image":{"@id":"https:\/\/www.nexoinformativo.mx\/index.php\/2024\/12\/03\/mexico-lidera-la-lucha-contra-la-contaminacion-por-plasticos-a-nivel-mundial\/#primaryimage"},"thumbnailUrl":"https:\/\/www.nexoinformativo.mx\/wp-content\/uploads\/2024\/12\/IMG_8338-e1733235244984.jpg","datePublished":"2024-12-03T13:30:39+00:00","dateModified":"2024-12-03T14:15:26+00:00","description":"M\u00e9xico lidera la lucha contra la contaminaci\u00f3n por pl\u00e1sticos a nivel mundial\u00a0","breadcrumb":{"@id":"https:\/\/www.nexoinformativo.mx\/index.php\/2024\/12\/03\/mexico-lidera-la-lucha-contra-la-contaminacion-por-plasticos-a-nivel-mundial\/#breadcrumb"},"inLanguage":"es","potentialAction":[{"@type":"ReadAction","target":["https:\/\/www.nexoinformativo.mx\/index.php\/2024\/12\/03\/mexico-lidera-la-lucha-contra-la-contaminacion-por-plasticos-a-nivel-mundial\/"]}]},{"@type":"ImageObject","inLanguage":"es","@id":"https:\/\/www.nexoinformativo.mx\/index.php\/2024\/12\/03\/mexico-lidera-la-lucha-contra-la-contaminacion-por-plasticos-a-nivel-mundial\/#primaryimage","url":"https:\/\/www.nexoinformativo.mx\/wp-content\/uploads\/2024\/12\/IMG_8338-e1733235244984.jpg","contentUrl":"https:\/\/www.nexoinformativo.mx\/wp-content\/uploads\/2024\/12\/IMG_8338-e1733235244984.jpg","width":800,"height":460},{"@type":"BreadcrumbList","@id":"https:\/\/www.nexoinformativo.mx\/index.php\/2024\/12\/03\/mexico-lidera-la-lucha-contra-la-contaminacion-por-plasticos-a-nivel-mundial\/#breadcrumb","itemListElement":[{"@type":"ListItem","position":1,"name":"Inicio","item":"https:\/\/www.nexoinformativo.mx\/"},{"@type":"ListItem","position":2,"name":"M\u00e9xico lidera la lucha contra la contaminaci\u00f3n por pl\u00e1sticos a nivel mundial\u00a0"}]},{"@type":"WebSite","@id":"https:\/\/www.nexoinformativo.mx\/#website","url":"https:\/\/www.nexoinformativo.mx\/","name":"Nexo Informativo Santiago de Quer\u00e9taro","description":"Explora NexoInformativo y convi\u00e9rtete en parte de una comunidad que valora el conocimiento y la verdad. Tu nexoinformativo es tu puente hacia una comprensi\u00f3n m\u00e1s profunda del mundo que te rodea.","publisher":{"@id":"https:\/\/www.nexoinformativo.mx\/#organization"},"potentialAction":[{"@type":"SearchAction","target":{"@type":"EntryPoint","urlTemplate":"https:\/\/www.nexoinformativo.mx\/?s={search_term_string}"},"query-input":{"@type":"PropertyValueSpecification","valueRequired":true,"valueName":"search_term_string"}}],"inLanguage":"es"},{"@type":"Organization","@id":"https:\/\/www.nexoinformativo.mx\/#organization","name":"Nexo Informativo Santiago de Quer\u00e9taro","url":"https:\/\/www.nexoinformativo.mx\/","logo":{"@type":"ImageObject","inLanguage":"es","@id":"https:\/\/www.nexoinformativo.mx\/#\/schema\/logo\/image\/","url":"https:\/\/www.nexoinformativo.mx\/wp-content\/uploads\/2024\/07\/nexoi-trasparente-2.png","contentUrl":"https:\/\/www.nexoinformativo.mx\/wp-content\/uploads\/2024\/07\/nexoi-trasparente-2.png","width":816,"height":339,"caption":"Nexo Informativo Santiago de Quer\u00e9taro"},"image":{"@id":"https:\/\/www.nexoinformativo.mx\/#\/schema\/logo\/image\/"},"sameAs":["https:\/\/www.facebook.com\/people\/Nexo-Informativo\/61564066885511\/"]},{"@type":"Person","@id":"https:\/\/www.nexoinformativo.mx\/#\/schema\/person\/7749d380ba08c8ca00d7bc76fd907b7d","name":"Nexo Informativo","image":{"@type":"ImageObject","inLanguage":"es","@id":"https:\/\/www.nexoinformativo.mx\/#\/schema\/person\/image\/","url":"https:\/\/secure.gravatar.com\/avatar\/dde2928154642a13d95f87ddf1ea9718fe2b46760a005c53e41ff5ad610704e6?s=96&d=mm&r=g","contentUrl":"https:\/\/secure.gravatar.com\/avatar\/dde2928154642a13d95f87ddf1ea9718fe2b46760a005c53e41ff5ad610704e6?s=96&d=mm&r=g","caption":"Nexo Informativo"},"url":"https:\/\/www.nexoinformativo.mx\/index.php\/author\/edicion\/"}]}},"_links":{"self":[{"href":"https:\/\/www.nexoinformativo.mx\/index.php\/wp-json\/wp\/v2\/posts\/7427","targetHints":{"allow":["GET"]}}],"collection":[{"href":"https:\/\/www.nexoinformativo.mx\/index.php\/wp-json\/wp\/v2\/posts"}],"about":[{"href":"https:\/\/www.nexoinformativo.mx\/index.php\/wp-json\/wp\/v2\/types\/post"}],"author":[{"embeddable":true,"href":"https:\/\/www.nexoinformativo.mx\/index.php\/wp-json\/wp\/v2\/users\/3"}],"replies":[{"embeddable":true,"href":"https:\/\/www.nexoinformativo.mx\/index.php\/wp-json\/wp\/v2\/comments?post=7427"}],"version-history":[{"count":3,"href":"https:\/\/www.nexoinformativo.mx\/index.php\/wp-json\/wp\/v2\/posts\/7427\/revisions"}],"predecessor-version":[{"id":7431,"href":"https:\/\/www.nexoinformativo.mx\/index.php\/wp-json\/wp\/v2\/posts\/7427\/revisions\/7431"}],"wp:featuredmedia":[{"embeddable":true,"href":"https:\/\/www.nexoinformativo.mx\/index.php\/wp-json\/wp\/v2\/media\/7428"}],"wp:attachment":[{"href":"https:\/\/www.nexoinformativo.mx\/index.php\/wp-json\/wp\/v2\/media?parent=7427"}],"wp:term":[{"taxonomy":"category","embeddable":true,"href":"https:\/\/www.nexoinformativo.mx\/index.php\/wp-json\/wp\/v2\/categories?post=7427"},{"taxonomy":"post_tag","embeddable":true,"href":"https:\/\/www.nexoinformativo.mx\/index.php\/wp-json\/wp\/v2\/tags?post=7427"}],"curies":[{"name":"wp","href":"https:\/\/api.w.org\/{rel}","templated":true}]}}