{"id":7432,"date":"2024-12-03T08:00:40","date_gmt":"2024-12-03T14:00:40","guid":{"rendered":"https:\/\/www.nexoinformativo.mx\/?p=7432"},"modified":"2024-12-03T08:24:45","modified_gmt":"2024-12-03T14:24:45","slug":"exito-rotundo-casi-4-millones-de-estudiantes-ya-se-registraron-para-la-beca-rita-cetina-gutierrez","status":"publish","type":"post","link":"https:\/\/www.nexoinformativo.mx\/index.php\/2024\/12\/03\/exito-rotundo-casi-4-millones-de-estudiantes-ya-se-registraron-para-la-beca-rita-cetina-gutierrez\/","title":{"rendered":"\u00a1\u00c9xito rotundo! Casi 4 millones de estudiantes ya se registraron para la beca Rita Cetina Guti\u00e9rrez"},"content":{"rendered":"<p style=\"text-align: justify;\" data-sourcepos=\"9:1-9:306\">La beca universal <strong>&#8220;Rita Cetina Guti\u00e9rrez&#8221;<\/strong> sigue sumando beneficiarios. El secretario de Educaci\u00f3n P\u00fablica, Mario Delgado, inform\u00f3 que hasta el momento, m\u00e1s de 3.8 millones de estudiantes de secundaria en todo el pa\u00eds han completado su registro en l\u00ednea para recibir este apoyo econ\u00f3mico.<\/p>\n<p>&nbsp;<\/p>\n<p style=\"text-align: justify;\" data-sourcepos=\"11:1-11:386\">Durante la <strong>&#8220;Ma\u00f1anera del Pueblo&#8221;<\/strong>, el funcionario detall\u00f3 que se han realizado m\u00e1s de 35 mil asambleas informativas para dar a conocer este programa y orientar a las familias.<\/p>\n<p>&nbsp;<\/p>\n<p style=\"text-align: justify;\" data-sourcepos=\"11:1-11:386\">Adem\u00e1s, destac\u00f3 que el pr\u00f3ximo 18 de diciembre cierra el plazo para realizar el registro en l\u00ednea a trav\u00e9s de la p\u00e1gina oficial <strong><a href=\"https:\/\/www.becaritacetina.gob.mx\/\" target=\"_blank\" rel=\"noopener\">https:\/\/www.becaritacetina.gob.mx\/<\/a><\/strong><\/p>\n<\/p>\n<p>&nbsp;<\/p>\n<p style=\"text-align: justify;\" data-sourcepos=\"13:1-13:361\">Por otro lado, Mario Delgado anunci\u00f3 el inicio de la dispersi\u00f3n de mas de 28 mil 600 millones de pesos correspondientes a las becas para el bienestar, beneficiando a millones de estudiantes de educaci\u00f3n b\u00e1sica, media superior y superior.<\/p>\n<p>&nbsp;<\/p>\n<p style=\"text-align: justify;\" data-sourcepos=\"13:1-13:361\">Los pagos se realizar\u00e1n durante el mes de diciembre y se entregar\u00e1n de acuerdo con la primera letra del primer apellido.<\/p>\n<p>&nbsp;<\/p>\n<p style=\"text-align: justify;\" data-sourcepos=\"13:1-13:361\">El lunes 2 de diciembre corresponde a la <strong>letra A<\/strong>; Martes 3 a la <strong>letra B<\/strong>; Mi\u00e9rcoles 4 a la <strong>letra C<\/strong>; Jueves 5 a l<strong>as letras D, E y F;<\/strong> los d\u00edas 6 y 9 a <strong>la letra G<\/strong>; el Martes 10 a <strong>las letras H, I, J y K<\/strong>; el Mi\u00e9rcoles 11 a <strong>la letra L.<\/strong><\/p>\n<p>&nbsp;<\/p>\n<p style=\"text-align: justify;\" data-sourcepos=\"13:1-13:361\">Los d\u00edas 13 y 16 a<strong> la letra M<\/strong>; el Lunes 16 a las letras <strong>N, \u00d1 y O<\/strong>; el \u00a0Mi\u00e9rcoles 18 a las letras <strong>P y Q<\/strong>; el Juves y Viernes 19 y 20 le corresponde <strong>a la letra R<\/strong>; el Lunes 23 a <strong>la letra S<\/strong>; y el \u00a0Martes 24 de diciembre corresponder\u00e1 a <strong>las letras T, U, V, W, X, Y y Z.<\/strong><\/p>\n<\/p>\n<p>&nbsp;<\/p>\n<p style=\"text-align: justify;\" data-sourcepos=\"15:1-15:334\">La beca &#8220;Rita Cetina Guti\u00e9rrez&#8221; es un programa del gobierno federal que busca apoyar a las familias mexicanas con estudiantes de secundaria, brind\u00e1ndoles un apoyo econ\u00f3mico bimestral para contribuir con los gastos educativos.<\/p>\n<p>&nbsp;<\/p>\n<p style=\"text-align: center;\" data-sourcepos=\"15:1-15:334\"><em><strong>\u00a1Informaci\u00f3n que transforma!<\/strong><\/em><\/p>\n","protected":false},"excerpt":{"rendered":"<p>La beca universal &#8220;Rita Cetina Guti\u00e9rrez&#8221; sigue sumando beneficiarios. El secretario de Educaci\u00f3n P\u00fablica, Mario Delgado, inform\u00f3 que hasta el momento, m\u00e1s de 3.8 millones de estudiantes de secundaria en todo el pa\u00eds han completado su registro en l\u00ednea para recibir este apoyo econ\u00f3mico.<\/p>\n","protected":false},"author":3,"featured_media":7433,"comment_status":"open","ping_status":"open","sticky":false,"template":"","format":"standard","meta":{"footnotes":""},"categories":[88,58],"tags":[1093,2485,173,1610],"class_list":["post-7432","post","type-post","status-publish","format-standard","has-post-thumbnail","hentry","category-nacional","category-ultima-hora","tag-becaritacetina","tag-becasbenitojuarez","tag-educacion","tag-mexico"],"yoast_head":"<!-- This site is optimized with the Yoast SEO plugin v25.0 - https:\/\/yoast.com\/wordpress\/plugins\/seo\/ -->\n<title>\u00a1\u00c9xito rotundo! Casi 4 millones de estudiantes ya se registraron para la beca Rita Cetina Guti\u00e9rrez | Nexo Informativo Santiago de Quer\u00e9taro<\/title>\n<meta name=\"description\" content=\"\u00a1\u00c9xito rotundo! Casi 4 millones de estudiantes ya se registraron para la beca Rita Cetina Guti\u00e9rrez\" \/>\n<meta name=\"robots\" content=\"index, follow, max-snippet:-1, max-image-preview:large, max-video-preview:-1\" \/>\n<link rel=\"canonical\" href=\"https:\/\/www.nexoinformativo.mx\/index.php\/2024\/12\/03\/exito-rotundo-casi-4-millones-de-estudiantes-ya-se-registraron-para-la-beca-rita-cetina-gutierrez\/\" \/>\n<meta property=\"og:locale\" content=\"es_MX\" \/>\n<meta property=\"og:type\" content=\"article\" \/>\n<meta property=\"og:title\" content=\"\u00a1\u00c9xito rotundo! Casi 4 millones de estudiantes ya se registraron para la beca Rita Cetina Guti\u00e9rrez | Nexo Informativo Santiago de Quer\u00e9taro\" \/>\n<meta property=\"og:description\" content=\"\u00a1\u00c9xito rotundo! Casi 4 millones de estudiantes ya se registraron para la beca Rita Cetina Guti\u00e9rrez\" \/>\n<meta property=\"og:url\" content=\"https:\/\/www.nexoinformativo.mx\/index.php\/2024\/12\/03\/exito-rotundo-casi-4-millones-de-estudiantes-ya-se-registraron-para-la-beca-rita-cetina-gutierrez\/\" \/>\n<meta property=\"og:site_name\" content=\"Nexo Informativo Santiago de Quer\u00e9taro\" \/>\n<meta property=\"article:publisher\" content=\"https:\/\/www.facebook.com\/people\/Nexo-Informativo\/61564066885511\/\" \/>\n<meta property=\"article:published_time\" content=\"2024-12-03T14:00:40+00:00\" \/>\n<meta property=\"article:modified_time\" content=\"2024-12-03T14:24:45+00:00\" \/>\n<meta property=\"og:image\" content=\"https:\/\/www.nexoinformativo.mx\/wp-content\/uploads\/2024\/12\/IMG_8339.png\" \/>\n\t<meta property=\"og:image:width\" content=\"650\" \/>\n\t<meta property=\"og:image:height\" content=\"380\" \/>\n\t<meta property=\"og:image:type\" content=\"image\/png\" \/>\n<meta name=\"author\" content=\"Nexo Informativo\" \/>\n<meta name=\"twitter:card\" content=\"summary_large_image\" \/>\n<meta name=\"twitter:label1\" content=\"Escrito por\" \/>\n\t<meta name=\"twitter:data1\" content=\"Nexo Informativo\" \/>\n\t<meta name=\"twitter:label2\" content=\"Tiempo de lectura\" \/>\n\t<meta name=\"twitter:data2\" content=\"2 minutos\" \/>\n<script type=\"application\/ld+json\" class=\"yoast-schema-graph\">{\"@context\":\"https:\/\/schema.org\",\"@graph\":[{\"@type\":\"Article\",\"@id\":\"https:\/\/www.nexoinformativo.mx\/index.php\/2024\/12\/03\/exito-rotundo-casi-4-millones-de-estudiantes-ya-se-registraron-para-la-beca-rita-cetina-gutierrez\/#article\",\"isPartOf\":{\"@id\":\"https:\/\/www.nexoinformativo.mx\/index.php\/2024\/12\/03\/exito-rotundo-casi-4-millones-de-estudiantes-ya-se-registraron-para-la-beca-rita-cetina-gutierrez\/\"},\"author\":{\"name\":\"Nexo Informativo\",\"@id\":\"https:\/\/www.nexoinformativo.mx\/#\/schema\/person\/7749d380ba08c8ca00d7bc76fd907b7d\"},\"headline\":\"\u00a1\u00c9xito rotundo! Casi 4 millones de estudiantes ya se registraron para la beca Rita Cetina Guti\u00e9rrez\",\"datePublished\":\"2024-12-03T14:00:40+00:00\",\"dateModified\":\"2024-12-03T14:24:45+00:00\",\"mainEntityOfPage\":{\"@id\":\"https:\/\/www.nexoinformativo.mx\/index.php\/2024\/12\/03\/exito-rotundo-casi-4-millones-de-estudiantes-ya-se-registraron-para-la-beca-rita-cetina-gutierrez\/\"},\"wordCount\":351,\"commentCount\":0,\"publisher\":{\"@id\":\"https:\/\/www.nexoinformativo.mx\/#organization\"},\"image\":{\"@id\":\"https:\/\/www.nexoinformativo.mx\/index.php\/2024\/12\/03\/exito-rotundo-casi-4-millones-de-estudiantes-ya-se-registraron-para-la-beca-rita-cetina-gutierrez\/#primaryimage\"},\"thumbnailUrl\":\"https:\/\/www.nexoinformativo.mx\/wp-content\/uploads\/2024\/12\/IMG_8339.png\",\"keywords\":[\"BecaRitaCetina\",\"BecasBenitoJu\u00e1rez\",\"educacion\",\"M\u00e9xico\"],\"articleSection\":[\"Nacional\",\"\u00daltima Hora\"],\"inLanguage\":\"es\",\"potentialAction\":[{\"@type\":\"CommentAction\",\"name\":\"Comment\",\"target\":[\"https:\/\/www.nexoinformativo.mx\/index.php\/2024\/12\/03\/exito-rotundo-casi-4-millones-de-estudiantes-ya-se-registraron-para-la-beca-rita-cetina-gutierrez\/#respond\"]}]},{\"@type\":\"WebPage\",\"@id\":\"https:\/\/www.nexoinformativo.mx\/index.php\/2024\/12\/03\/exito-rotundo-casi-4-millones-de-estudiantes-ya-se-registraron-para-la-beca-rita-cetina-gutierrez\/\",\"url\":\"https:\/\/www.nexoinformativo.mx\/index.php\/2024\/12\/03\/exito-rotundo-casi-4-millones-de-estudiantes-ya-se-registraron-para-la-beca-rita-cetina-gutierrez\/\",\"name\":\"\u00a1\u00c9xito rotundo! Casi 4 millones de estudiantes ya se registraron para la beca Rita Cetina Guti\u00e9rrez | Nexo Informativo Santiago de Quer\u00e9taro\",\"isPartOf\":{\"@id\":\"https:\/\/www.nexoinformativo.mx\/#website\"},\"primaryImageOfPage\":{\"@id\":\"https:\/\/www.nexoinformativo.mx\/index.php\/2024\/12\/03\/exito-rotundo-casi-4-millones-de-estudiantes-ya-se-registraron-para-la-beca-rita-cetina-gutierrez\/#primaryimage\"},\"image\":{\"@id\":\"https:\/\/www.nexoinformativo.mx\/index.php\/2024\/12\/03\/exito-rotundo-casi-4-millones-de-estudiantes-ya-se-registraron-para-la-beca-rita-cetina-gutierrez\/#primaryimage\"},\"thumbnailUrl\":\"https:\/\/www.nexoinformativo.mx\/wp-content\/uploads\/2024\/12\/IMG_8339.png\",\"datePublished\":\"2024-12-03T14:00:40+00:00\",\"dateModified\":\"2024-12-03T14:24:45+00:00\",\"description\":\"\u00a1\u00c9xito rotundo! Casi 4 millones de estudiantes ya se registraron para la beca Rita Cetina Guti\u00e9rrez\",\"breadcrumb\":{\"@id\":\"https:\/\/www.nexoinformativo.mx\/index.php\/2024\/12\/03\/exito-rotundo-casi-4-millones-de-estudiantes-ya-se-registraron-para-la-beca-rita-cetina-gutierrez\/#breadcrumb\"},\"inLanguage\":\"es\",\"potentialAction\":[{\"@type\":\"ReadAction\",\"target\":[\"https:\/\/www.nexoinformativo.mx\/index.php\/2024\/12\/03\/exito-rotundo-casi-4-millones-de-estudiantes-ya-se-registraron-para-la-beca-rita-cetina-gutierrez\/\"]}]},{\"@type\":\"ImageObject\",\"inLanguage\":\"es\",\"@id\":\"https:\/\/www.nexoinformativo.mx\/index.php\/2024\/12\/03\/exito-rotundo-casi-4-millones-de-estudiantes-ya-se-registraron-para-la-beca-rita-cetina-gutierrez\/#primaryimage\",\"url\":\"https:\/\/www.nexoinformativo.mx\/wp-content\/uploads\/2024\/12\/IMG_8339.png\",\"contentUrl\":\"https:\/\/www.nexoinformativo.mx\/wp-content\/uploads\/2024\/12\/IMG_8339.png\",\"width\":650,\"height\":380},{\"@type\":\"BreadcrumbList\",\"@id\":\"https:\/\/www.nexoinformativo.mx\/index.php\/2024\/12\/03\/exito-rotundo-casi-4-millones-de-estudiantes-ya-se-registraron-para-la-beca-rita-cetina-gutierrez\/#breadcrumb\",\"itemListElement\":[{\"@type\":\"ListItem\",\"position\":1,\"name\":\"Inicio\",\"item\":\"https:\/\/www.nexoinformativo.mx\/\"},{\"@type\":\"ListItem\",\"position\":2,\"name\":\"\u00a1\u00c9xito rotundo! Casi 4 millones de estudiantes ya se registraron para la beca Rita Cetina Guti\u00e9rrez\"}]},{\"@type\":\"WebSite\",\"@id\":\"https:\/\/www.nexoinformativo.mx\/#website\",\"url\":\"https:\/\/www.nexoinformativo.mx\/\",\"name\":\"Nexo Informativo Santiago de Quer\u00e9taro\",\"description\":\"Explora NexoInformativo y convi\u00e9rtete en parte de una comunidad que valora el conocimiento y la verdad. Tu nexoinformativo es tu puente hacia una comprensi\u00f3n m\u00e1s profunda del mundo que te rodea.\",\"publisher\":{\"@id\":\"https:\/\/www.nexoinformativo.mx\/#organization\"},\"potentialAction\":[{\"@type\":\"SearchAction\",\"target\":{\"@type\":\"EntryPoint\",\"urlTemplate\":\"https:\/\/www.nexoinformativo.mx\/?s={search_term_string}\"},\"query-input\":{\"@type\":\"PropertyValueSpecification\",\"valueRequired\":true,\"valueName\":\"search_term_string\"}}],\"inLanguage\":\"es\"},{\"@type\":\"Organization\",\"@id\":\"https:\/\/www.nexoinformativo.mx\/#organization\",\"name\":\"Nexo Informativo Santiago de Quer\u00e9taro\",\"url\":\"https:\/\/www.nexoinformativo.mx\/\",\"logo\":{\"@type\":\"ImageObject\",\"inLanguage\":\"es\",\"@id\":\"https:\/\/www.nexoinformativo.mx\/#\/schema\/logo\/image\/\",\"url\":\"https:\/\/www.nexoinformativo.mx\/wp-content\/uploads\/2024\/07\/nexoi-trasparente-2.png\",\"contentUrl\":\"https:\/\/www.nexoinformativo.mx\/wp-content\/uploads\/2024\/07\/nexoi-trasparente-2.png\",\"width\":816,\"height\":339,\"caption\":\"Nexo Informativo Santiago de Quer\u00e9taro\"},\"image\":{\"@id\":\"https:\/\/www.nexoinformativo.mx\/#\/schema\/logo\/image\/\"},\"sameAs\":[\"https:\/\/www.facebook.com\/people\/Nexo-Informativo\/61564066885511\/\"]},{\"@type\":\"Person\",\"@id\":\"https:\/\/www.nexoinformativo.mx\/#\/schema\/person\/7749d380ba08c8ca00d7bc76fd907b7d\",\"name\":\"Nexo Informativo\",\"image\":{\"@type\":\"ImageObject\",\"inLanguage\":\"es\",\"@id\":\"https:\/\/www.nexoinformativo.mx\/#\/schema\/person\/image\/\",\"url\":\"https:\/\/secure.gravatar.com\/avatar\/dde2928154642a13d95f87ddf1ea9718fe2b46760a005c53e41ff5ad610704e6?s=96&d=mm&r=g\",\"contentUrl\":\"https:\/\/secure.gravatar.com\/avatar\/dde2928154642a13d95f87ddf1ea9718fe2b46760a005c53e41ff5ad610704e6?s=96&d=mm&r=g\",\"caption\":\"Nexo Informativo\"},\"url\":\"https:\/\/www.nexoinformativo.mx\/index.php\/author\/edicion\/\"}]}<\/script>\n<!-- \/ Yoast SEO plugin. -->","yoast_head_json":{"title":"\u00a1\u00c9xito rotundo! Casi 4 millones de estudiantes ya se registraron para la beca Rita Cetina Guti\u00e9rrez | Nexo Informativo Santiago de Quer\u00e9taro","description":"\u00a1\u00c9xito rotundo! Casi 4 millones de estudiantes ya se registraron para la beca Rita Cetina Guti\u00e9rrez","robots":{"index":"index","follow":"follow","max-snippet":"max-snippet:-1","max-image-preview":"max-image-preview:large","max-video-preview":"max-video-preview:-1"},"canonical":"https:\/\/www.nexoinformativo.mx\/index.php\/2024\/12\/03\/exito-rotundo-casi-4-millones-de-estudiantes-ya-se-registraron-para-la-beca-rita-cetina-gutierrez\/","og_locale":"es_MX","og_type":"article","og_title":"\u00a1\u00c9xito rotundo! Casi 4 millones de estudiantes ya se registraron para la beca Rita Cetina Guti\u00e9rrez | Nexo Informativo Santiago de Quer\u00e9taro","og_description":"\u00a1\u00c9xito rotundo! Casi 4 millones de estudiantes ya se registraron para la beca Rita Cetina Guti\u00e9rrez","og_url":"https:\/\/www.nexoinformativo.mx\/index.php\/2024\/12\/03\/exito-rotundo-casi-4-millones-de-estudiantes-ya-se-registraron-para-la-beca-rita-cetina-gutierrez\/","og_site_name":"Nexo Informativo Santiago de Quer\u00e9taro","article_publisher":"https:\/\/www.facebook.com\/people\/Nexo-Informativo\/61564066885511\/","article_published_time":"2024-12-03T14:00:40+00:00","article_modified_time":"2024-12-03T14:24:45+00:00","og_image":[{"width":650,"height":380,"url":"https:\/\/www.nexoinformativo.mx\/wp-content\/uploads\/2024\/12\/IMG_8339.png","type":"image\/png"}],"author":"Nexo Informativo","twitter_card":"summary_large_image","twitter_misc":{"Escrito por":"Nexo Informativo","Tiempo de lectura":"2 minutos"},"schema":{"@context":"https:\/\/schema.org","@graph":[{"@type":"Article","@id":"https:\/\/www.nexoinformativo.mx\/index.php\/2024\/12\/03\/exito-rotundo-casi-4-millones-de-estudiantes-ya-se-registraron-para-la-beca-rita-cetina-gutierrez\/#article","isPartOf":{"@id":"https:\/\/www.nexoinformativo.mx\/index.php\/2024\/12\/03\/exito-rotundo-casi-4-millones-de-estudiantes-ya-se-registraron-para-la-beca-rita-cetina-gutierrez\/"},"author":{"name":"Nexo Informativo","@id":"https:\/\/www.nexoinformativo.mx\/#\/schema\/person\/7749d380ba08c8ca00d7bc76fd907b7d"},"headline":"\u00a1\u00c9xito rotundo! Casi 4 millones de estudiantes ya se registraron para la beca Rita Cetina Guti\u00e9rrez","datePublished":"2024-12-03T14:00:40+00:00","dateModified":"2024-12-03T14:24:45+00:00","mainEntityOfPage":{"@id":"https:\/\/www.nexoinformativo.mx\/index.php\/2024\/12\/03\/exito-rotundo-casi-4-millones-de-estudiantes-ya-se-registraron-para-la-beca-rita-cetina-gutierrez\/"},"wordCount":351,"commentCount":0,"publisher":{"@id":"https:\/\/www.nexoinformativo.mx\/#organization"},"image":{"@id":"https:\/\/www.nexoinformativo.mx\/index.php\/2024\/12\/03\/exito-rotundo-casi-4-millones-de-estudiantes-ya-se-registraron-para-la-beca-rita-cetina-gutierrez\/#primaryimage"},"thumbnailUrl":"https:\/\/www.nexoinformativo.mx\/wp-content\/uploads\/2024\/12\/IMG_8339.png","keywords":["BecaRitaCetina","BecasBenitoJu\u00e1rez","educacion","M\u00e9xico"],"articleSection":["Nacional","\u00daltima Hora"],"inLanguage":"es","potentialAction":[{"@type":"CommentAction","name":"Comment","target":["https:\/\/www.nexoinformativo.mx\/index.php\/2024\/12\/03\/exito-rotundo-casi-4-millones-de-estudiantes-ya-se-registraron-para-la-beca-rita-cetina-gutierrez\/#respond"]}]},{"@type":"WebPage","@id":"https:\/\/www.nexoinformativo.mx\/index.php\/2024\/12\/03\/exito-rotundo-casi-4-millones-de-estudiantes-ya-se-registraron-para-la-beca-rita-cetina-gutierrez\/","url":"https:\/\/www.nexoinformativo.mx\/index.php\/2024\/12\/03\/exito-rotundo-casi-4-millones-de-estudiantes-ya-se-registraron-para-la-beca-rita-cetina-gutierrez\/","name":"\u00a1\u00c9xito rotundo! Casi 4 millones de estudiantes ya se registraron para la beca Rita Cetina Guti\u00e9rrez | Nexo Informativo Santiago de Quer\u00e9taro","isPartOf":{"@id":"https:\/\/www.nexoinformativo.mx\/#website"},"primaryImageOfPage":{"@id":"https:\/\/www.nexoinformativo.mx\/index.php\/2024\/12\/03\/exito-rotundo-casi-4-millones-de-estudiantes-ya-se-registraron-para-la-beca-rita-cetina-gutierrez\/#primaryimage"},"image":{"@id":"https:\/\/www.nexoinformativo.mx\/index.php\/2024\/12\/03\/exito-rotundo-casi-4-millones-de-estudiantes-ya-se-registraron-para-la-beca-rita-cetina-gutierrez\/#primaryimage"},"thumbnailUrl":"https:\/\/www.nexoinformativo.mx\/wp-content\/uploads\/2024\/12\/IMG_8339.png","datePublished":"2024-12-03T14:00:40+00:00","dateModified":"2024-12-03T14:24:45+00:00","description":"\u00a1\u00c9xito rotundo! Casi 4 millones de estudiantes ya se registraron para la beca Rita Cetina Guti\u00e9rrez","breadcrumb":{"@id":"https:\/\/www.nexoinformativo.mx\/index.php\/2024\/12\/03\/exito-rotundo-casi-4-millones-de-estudiantes-ya-se-registraron-para-la-beca-rita-cetina-gutierrez\/#breadcrumb"},"inLanguage":"es","potentialAction":[{"@type":"ReadAction","target":["https:\/\/www.nexoinformativo.mx\/index.php\/2024\/12\/03\/exito-rotundo-casi-4-millones-de-estudiantes-ya-se-registraron-para-la-beca-rita-cetina-gutierrez\/"]}]},{"@type":"ImageObject","inLanguage":"es","@id":"https:\/\/www.nexoinformativo.mx\/index.php\/2024\/12\/03\/exito-rotundo-casi-4-millones-de-estudiantes-ya-se-registraron-para-la-beca-rita-cetina-gutierrez\/#primaryimage","url":"https:\/\/www.nexoinformativo.mx\/wp-content\/uploads\/2024\/12\/IMG_8339.png","contentUrl":"https:\/\/www.nexoinformativo.mx\/wp-content\/uploads\/2024\/12\/IMG_8339.png","width":650,"height":380},{"@type":"BreadcrumbList","@id":"https:\/\/www.nexoinformativo.mx\/index.php\/2024\/12\/03\/exito-rotundo-casi-4-millones-de-estudiantes-ya-se-registraron-para-la-beca-rita-cetina-gutierrez\/#breadcrumb","itemListElement":[{"@type":"ListItem","position":1,"name":"Inicio","item":"https:\/\/www.nexoinformativo.mx\/"},{"@type":"ListItem","position":2,"name":"\u00a1\u00c9xito rotundo! Casi 4 millones de estudiantes ya se registraron para la beca Rita Cetina Guti\u00e9rrez"}]},{"@type":"WebSite","@id":"https:\/\/www.nexoinformativo.mx\/#website","url":"https:\/\/www.nexoinformativo.mx\/","name":"Nexo Informativo Santiago de Quer\u00e9taro","description":"Explora NexoInformativo y convi\u00e9rtete en parte de una comunidad que valora el conocimiento y la verdad. Tu nexoinformativo es tu puente hacia una comprensi\u00f3n m\u00e1s profunda del mundo que te rodea.","publisher":{"@id":"https:\/\/www.nexoinformativo.mx\/#organization"},"potentialAction":[{"@type":"SearchAction","target":{"@type":"EntryPoint","urlTemplate":"https:\/\/www.nexoinformativo.mx\/?s={search_term_string}"},"query-input":{"@type":"PropertyValueSpecification","valueRequired":true,"valueName":"search_term_string"}}],"inLanguage":"es"},{"@type":"Organization","@id":"https:\/\/www.nexoinformativo.mx\/#organization","name":"Nexo Informativo Santiago de Quer\u00e9taro","url":"https:\/\/www.nexoinformativo.mx\/","logo":{"@type":"ImageObject","inLanguage":"es","@id":"https:\/\/www.nexoinformativo.mx\/#\/schema\/logo\/image\/","url":"https:\/\/www.nexoinformativo.mx\/wp-content\/uploads\/2024\/07\/nexoi-trasparente-2.png","contentUrl":"https:\/\/www.nexoinformativo.mx\/wp-content\/uploads\/2024\/07\/nexoi-trasparente-2.png","width":816,"height":339,"caption":"Nexo Informativo Santiago de Quer\u00e9taro"},"image":{"@id":"https:\/\/www.nexoinformativo.mx\/#\/schema\/logo\/image\/"},"sameAs":["https:\/\/www.facebook.com\/people\/Nexo-Informativo\/61564066885511\/"]},{"@type":"Person","@id":"https:\/\/www.nexoinformativo.mx\/#\/schema\/person\/7749d380ba08c8ca00d7bc76fd907b7d","name":"Nexo Informativo","image":{"@type":"ImageObject","inLanguage":"es","@id":"https:\/\/www.nexoinformativo.mx\/#\/schema\/person\/image\/","url":"https:\/\/secure.gravatar.com\/avatar\/dde2928154642a13d95f87ddf1ea9718fe2b46760a005c53e41ff5ad610704e6?s=96&d=mm&r=g","contentUrl":"https:\/\/secure.gravatar.com\/avatar\/dde2928154642a13d95f87ddf1ea9718fe2b46760a005c53e41ff5ad610704e6?s=96&d=mm&r=g","caption":"Nexo Informativo"},"url":"https:\/\/www.nexoinformativo.mx\/index.php\/author\/edicion\/"}]}},"_links":{"self":[{"href":"https:\/\/www.nexoinformativo.mx\/index.php\/wp-json\/wp\/v2\/posts\/7432","targetHints":{"allow":["GET"]}}],"collection":[{"href":"https:\/\/www.nexoinformativo.mx\/index.php\/wp-json\/wp\/v2\/posts"}],"about":[{"href":"https:\/\/www.nexoinformativo.mx\/index.php\/wp-json\/wp\/v2\/types\/post"}],"author":[{"embeddable":true,"href":"https:\/\/www.nexoinformativo.mx\/index.php\/wp-json\/wp\/v2\/users\/3"}],"replies":[{"embeddable":true,"href":"https:\/\/www.nexoinformativo.mx\/index.php\/wp-json\/wp\/v2\/comments?post=7432"}],"version-history":[{"count":4,"href":"https:\/\/www.nexoinformativo.mx\/index.php\/wp-json\/wp\/v2\/posts\/7432\/revisions"}],"predecessor-version":[{"id":7437,"href":"https:\/\/www.nexoinformativo.mx\/index.php\/wp-json\/wp\/v2\/posts\/7432\/revisions\/7437"}],"wp:featuredmedia":[{"embeddable":true,"href":"https:\/\/www.nexoinformativo.mx\/index.php\/wp-json\/wp\/v2\/media\/7433"}],"wp:attachment":[{"href":"https:\/\/www.nexoinformativo.mx\/index.php\/wp-json\/wp\/v2\/media?parent=7432"}],"wp:term":[{"taxonomy":"category","embeddable":true,"href":"https:\/\/www.nexoinformativo.mx\/index.php\/wp-json\/wp\/v2\/categories?post=7432"},{"taxonomy":"post_tag","embeddable":true,"href":"https:\/\/www.nexoinformativo.mx\/index.php\/wp-json\/wp\/v2\/tags?post=7432"}],"curies":[{"name":"wp","href":"https:\/\/api.w.org\/{rel}","templated":true}]}}