{"id":7449,"date":"2024-12-03T13:00:15","date_gmt":"2024-12-03T19:00:15","guid":{"rendered":"https:\/\/www.nexoinformativo.mx\/?p=7449"},"modified":"2024-12-03T16:44:55","modified_gmt":"2024-12-03T22:44:55","slug":"despega-tu-negocio-y-encuentra-empleo-en-el-techday-este-10-de-diciembre","status":"publish","type":"post","link":"https:\/\/www.nexoinformativo.mx\/index.php\/2024\/12\/03\/despega-tu-negocio-y-encuentra-empleo-en-el-techday-este-10-de-diciembre\/","title":{"rendered":"\u00a1Despega tu negocio y encuentra empleo en el TechDay! Este 10 de Diciembre"},"content":{"rendered":"<p style=\"text-align: justify;\" data-sourcepos=\"11:1-11:237\">\u00bfQuieres impulsar tu emprendimiento o encontrar el empleo ideal? La Secretar\u00eda de Desarrollo Econ\u00f3mico te invita al<strong> TechDay<\/strong>, un evento gratuito donde podr\u00e1s conocer las \u00faltimas tendencias tecnol\u00f3gicas y conectar con empresas l\u00edderes.<\/p>\n<p>&nbsp;<\/p>\n<p style=\"text-align: justify;\" data-sourcepos=\"13:1-13:333\">El pr\u00f3ximo 10 de diciembre en el <strong>BLOQUE<\/strong>, Centro de Innovaci\u00f3n y Tecnolog\u00eda Creativa, se llevar\u00e1 a cabo este gran evento donde empresas como Microsoft, Kavak, Zoho y Petco compartir\u00e1n sus conocimientos y experiencias. Adem\u00e1s, se realizar\u00e1 una Feria de Empleo con m\u00e1s de 20 empresas ofertando vacantes en diversos sectores.<\/p>\n<p>&nbsp;<\/p>\n<p style=\"text-align: justify;\" data-sourcepos=\"15:1-15:35\">\u00bfQu\u00e9 encontrar\u00e1s en el TechDay?<\/p>\n<p>&#8211;<strong>Conferencias y talleres:<\/strong> Aprende sobre las \u00faltimas tendencias tecnol\u00f3gicas y c\u00f3mo aplicarlas a tu negocio.<\/p>\n<p>&#8211;<strong>Networking:<\/strong> Conoce a otros emprendedores, empresarios y reclutadores.<\/p>\n<p>&#8211;<strong>Feria de Empleo:<\/strong> Encuentra el empleo que buscas y da el siguiente paso en tu carrera profesional.<\/p>\n<p>&nbsp;<\/p>\n<p style=\"text-align: justify;\" data-sourcepos=\"21:1-21:21\">\u00a1No te pierdas esta oportunidad \u00fanica para impulsar tu futuro! La entrada al evento es completamente gratuita. Solo debes registrarte en el siguiente enlace: <strong><a href=\"https:\/\/forms.gle\/xtfTkJropcJquoWe9\" target=\"_blank\" rel=\"noopener\">https:\/\/forms.gle\/xtfTkJropcJquoWe9<\/a><\/strong><\/p>\n<p>&nbsp;<\/p>\n<p style=\"text-align: center;\" data-sourcepos=\"25:1-25:66\"><em><strong>\u00a1Informaci\u00f3n que transforma!<\/strong><\/em><\/p>\n","protected":false},"excerpt":{"rendered":"<p>\u00bfQuieres impulsar tu emprendimiento o encontrar el empleo ideal? La Secretar\u00eda de Desarrollo Econ\u00f3mico te invita al TechDay, un evento gratuito donde podr\u00e1s conocer las \u00faltimas tendencias tecnol\u00f3gicas y conectar con empresas l\u00edderes<\/p>\n","protected":false},"author":3,"featured_media":7450,"comment_status":"open","ping_status":"open","sticky":false,"template":"","format":"standard","meta":{"footnotes":""},"categories":[13,58],"tags":[126,2491,133,2490],"class_list":["post-7449","post","type-post","status-publish","format-standard","has-post-thumbnail","hentry","category-tecnologia","category-ultima-hora","tag-emprendimiento","tag-feriadeempleo","tag-queretaro","tag-techday"],"yoast_head":"<!-- This site is optimized with the Yoast SEO plugin v25.0 - https:\/\/yoast.com\/wordpress\/plugins\/seo\/ -->\n<title>\u00a1Despega tu negocio y encuentra empleo en el TechDay! Este 10 de Diciembre | Nexo Informativo Santiago de Quer\u00e9taro<\/title>\n<meta name=\"robots\" content=\"index, follow, max-snippet:-1, max-image-preview:large, max-video-preview:-1\" \/>\n<link rel=\"canonical\" href=\"https:\/\/www.nexoinformativo.mx\/index.php\/2024\/12\/03\/despega-tu-negocio-y-encuentra-empleo-en-el-techday-este-10-de-diciembre\/\" \/>\n<meta property=\"og:locale\" content=\"es_MX\" \/>\n<meta property=\"og:type\" content=\"article\" \/>\n<meta property=\"og:title\" content=\"\u00a1Despega tu negocio y encuentra empleo en el TechDay! Este 10 de Diciembre | Nexo Informativo Santiago de Quer\u00e9taro\" \/>\n<meta property=\"og:description\" content=\"\u00bfQuieres impulsar tu emprendimiento o encontrar el empleo ideal? La Secretar\u00eda de Desarrollo Econ\u00f3mico te invita al TechDay, un evento gratuito donde podr\u00e1s conocer las \u00faltimas tendencias tecnol\u00f3gicas y conectar con empresas l\u00edderes\" \/>\n<meta property=\"og:url\" content=\"https:\/\/www.nexoinformativo.mx\/index.php\/2024\/12\/03\/despega-tu-negocio-y-encuentra-empleo-en-el-techday-este-10-de-diciembre\/\" \/>\n<meta property=\"og:site_name\" content=\"Nexo Informativo Santiago de Quer\u00e9taro\" \/>\n<meta property=\"article:publisher\" content=\"https:\/\/www.facebook.com\/people\/Nexo-Informativo\/61564066885511\/\" \/>\n<meta property=\"article:published_time\" content=\"2024-12-03T19:00:15+00:00\" \/>\n<meta property=\"article:modified_time\" content=\"2024-12-03T22:44:55+00:00\" \/>\n<meta property=\"og:image\" content=\"https:\/\/www.nexoinformativo.mx\/wp-content\/uploads\/2024\/12\/30e5baa6-fdd7-41d8-b9c2-00f96a02a71a-e1733265737715.jpg\" \/>\n\t<meta property=\"og:image:width\" content=\"600\" \/>\n\t<meta property=\"og:image:height\" content=\"1032\" \/>\n\t<meta property=\"og:image:type\" content=\"image\/jpeg\" \/>\n<meta name=\"author\" content=\"Nexo Informativo\" \/>\n<meta name=\"twitter:card\" content=\"summary_large_image\" \/>\n<meta name=\"twitter:label1\" content=\"Escrito por\" \/>\n\t<meta name=\"twitter:data1\" content=\"Nexo Informativo\" \/>\n\t<meta name=\"twitter:label2\" content=\"Tiempo de lectura\" \/>\n\t<meta name=\"twitter:data2\" content=\"1 minuto\" \/>\n<script type=\"application\/ld+json\" class=\"yoast-schema-graph\">{\"@context\":\"https:\/\/schema.org\",\"@graph\":[{\"@type\":\"Article\",\"@id\":\"https:\/\/www.nexoinformativo.mx\/index.php\/2024\/12\/03\/despega-tu-negocio-y-encuentra-empleo-en-el-techday-este-10-de-diciembre\/#article\",\"isPartOf\":{\"@id\":\"https:\/\/www.nexoinformativo.mx\/index.php\/2024\/12\/03\/despega-tu-negocio-y-encuentra-empleo-en-el-techday-este-10-de-diciembre\/\"},\"author\":{\"name\":\"Nexo Informativo\",\"@id\":\"https:\/\/www.nexoinformativo.mx\/#\/schema\/person\/7749d380ba08c8ca00d7bc76fd907b7d\"},\"headline\":\"\u00a1Despega tu negocio y encuentra empleo en el TechDay! Este 10 de Diciembre\",\"datePublished\":\"2024-12-03T19:00:15+00:00\",\"dateModified\":\"2024-12-03T22:44:55+00:00\",\"mainEntityOfPage\":{\"@id\":\"https:\/\/www.nexoinformativo.mx\/index.php\/2024\/12\/03\/despega-tu-negocio-y-encuentra-empleo-en-el-techday-este-10-de-diciembre\/\"},\"wordCount\":189,\"commentCount\":0,\"publisher\":{\"@id\":\"https:\/\/www.nexoinformativo.mx\/#organization\"},\"image\":{\"@id\":\"https:\/\/www.nexoinformativo.mx\/index.php\/2024\/12\/03\/despega-tu-negocio-y-encuentra-empleo-en-el-techday-este-10-de-diciembre\/#primaryimage\"},\"thumbnailUrl\":\"https:\/\/www.nexoinformativo.mx\/wp-content\/uploads\/2024\/12\/30e5baa6-fdd7-41d8-b9c2-00f96a02a71a-e1733265737715.jpg\",\"keywords\":[\"emprendimiento\",\"FeriaDeEmpleo\",\"Quer\u00e9taro\",\"TechDay\"],\"articleSection\":[\"Tecnolog\u00eda\",\"\u00daltima Hora\"],\"inLanguage\":\"es\",\"potentialAction\":[{\"@type\":\"CommentAction\",\"name\":\"Comment\",\"target\":[\"https:\/\/www.nexoinformativo.mx\/index.php\/2024\/12\/03\/despega-tu-negocio-y-encuentra-empleo-en-el-techday-este-10-de-diciembre\/#respond\"]}]},{\"@type\":\"WebPage\",\"@id\":\"https:\/\/www.nexoinformativo.mx\/index.php\/2024\/12\/03\/despega-tu-negocio-y-encuentra-empleo-en-el-techday-este-10-de-diciembre\/\",\"url\":\"https:\/\/www.nexoinformativo.mx\/index.php\/2024\/12\/03\/despega-tu-negocio-y-encuentra-empleo-en-el-techday-este-10-de-diciembre\/\",\"name\":\"\u00a1Despega tu negocio y encuentra empleo en el TechDay! Este 10 de Diciembre | Nexo Informativo Santiago de Quer\u00e9taro\",\"isPartOf\":{\"@id\":\"https:\/\/www.nexoinformativo.mx\/#website\"},\"primaryImageOfPage\":{\"@id\":\"https:\/\/www.nexoinformativo.mx\/index.php\/2024\/12\/03\/despega-tu-negocio-y-encuentra-empleo-en-el-techday-este-10-de-diciembre\/#primaryimage\"},\"image\":{\"@id\":\"https:\/\/www.nexoinformativo.mx\/index.php\/2024\/12\/03\/despega-tu-negocio-y-encuentra-empleo-en-el-techday-este-10-de-diciembre\/#primaryimage\"},\"thumbnailUrl\":\"https:\/\/www.nexoinformativo.mx\/wp-content\/uploads\/2024\/12\/30e5baa6-fdd7-41d8-b9c2-00f96a02a71a-e1733265737715.jpg\",\"datePublished\":\"2024-12-03T19:00:15+00:00\",\"dateModified\":\"2024-12-03T22:44:55+00:00\",\"breadcrumb\":{\"@id\":\"https:\/\/www.nexoinformativo.mx\/index.php\/2024\/12\/03\/despega-tu-negocio-y-encuentra-empleo-en-el-techday-este-10-de-diciembre\/#breadcrumb\"},\"inLanguage\":\"es\",\"potentialAction\":[{\"@type\":\"ReadAction\",\"target\":[\"https:\/\/www.nexoinformativo.mx\/index.php\/2024\/12\/03\/despega-tu-negocio-y-encuentra-empleo-en-el-techday-este-10-de-diciembre\/\"]}]},{\"@type\":\"ImageObject\",\"inLanguage\":\"es\",\"@id\":\"https:\/\/www.nexoinformativo.mx\/index.php\/2024\/12\/03\/despega-tu-negocio-y-encuentra-empleo-en-el-techday-este-10-de-diciembre\/#primaryimage\",\"url\":\"https:\/\/www.nexoinformativo.mx\/wp-content\/uploads\/2024\/12\/30e5baa6-fdd7-41d8-b9c2-00f96a02a71a-e1733265737715.jpg\",\"contentUrl\":\"https:\/\/www.nexoinformativo.mx\/wp-content\/uploads\/2024\/12\/30e5baa6-fdd7-41d8-b9c2-00f96a02a71a-e1733265737715.jpg\",\"width\":600,\"height\":1032},{\"@type\":\"BreadcrumbList\",\"@id\":\"https:\/\/www.nexoinformativo.mx\/index.php\/2024\/12\/03\/despega-tu-negocio-y-encuentra-empleo-en-el-techday-este-10-de-diciembre\/#breadcrumb\",\"itemListElement\":[{\"@type\":\"ListItem\",\"position\":1,\"name\":\"Inicio\",\"item\":\"https:\/\/www.nexoinformativo.mx\/\"},{\"@type\":\"ListItem\",\"position\":2,\"name\":\"\u00a1Despega tu negocio y encuentra empleo en el TechDay! Este 10 de Diciembre\"}]},{\"@type\":\"WebSite\",\"@id\":\"https:\/\/www.nexoinformativo.mx\/#website\",\"url\":\"https:\/\/www.nexoinformativo.mx\/\",\"name\":\"Nexo Informativo Santiago de Quer\u00e9taro\",\"description\":\"Explora NexoInformativo y convi\u00e9rtete en parte de una comunidad que valora el conocimiento y la verdad. Tu nexoinformativo es tu puente hacia una comprensi\u00f3n m\u00e1s profunda del mundo que te rodea.\",\"publisher\":{\"@id\":\"https:\/\/www.nexoinformativo.mx\/#organization\"},\"potentialAction\":[{\"@type\":\"SearchAction\",\"target\":{\"@type\":\"EntryPoint\",\"urlTemplate\":\"https:\/\/www.nexoinformativo.mx\/?s={search_term_string}\"},\"query-input\":{\"@type\":\"PropertyValueSpecification\",\"valueRequired\":true,\"valueName\":\"search_term_string\"}}],\"inLanguage\":\"es\"},{\"@type\":\"Organization\",\"@id\":\"https:\/\/www.nexoinformativo.mx\/#organization\",\"name\":\"Nexo Informativo Santiago de Quer\u00e9taro\",\"url\":\"https:\/\/www.nexoinformativo.mx\/\",\"logo\":{\"@type\":\"ImageObject\",\"inLanguage\":\"es\",\"@id\":\"https:\/\/www.nexoinformativo.mx\/#\/schema\/logo\/image\/\",\"url\":\"https:\/\/www.nexoinformativo.mx\/wp-content\/uploads\/2024\/07\/nexoi-trasparente-2.png\",\"contentUrl\":\"https:\/\/www.nexoinformativo.mx\/wp-content\/uploads\/2024\/07\/nexoi-trasparente-2.png\",\"width\":816,\"height\":339,\"caption\":\"Nexo Informativo Santiago de Quer\u00e9taro\"},\"image\":{\"@id\":\"https:\/\/www.nexoinformativo.mx\/#\/schema\/logo\/image\/\"},\"sameAs\":[\"https:\/\/www.facebook.com\/people\/Nexo-Informativo\/61564066885511\/\"]},{\"@type\":\"Person\",\"@id\":\"https:\/\/www.nexoinformativo.mx\/#\/schema\/person\/7749d380ba08c8ca00d7bc76fd907b7d\",\"name\":\"Nexo Informativo\",\"image\":{\"@type\":\"ImageObject\",\"inLanguage\":\"es\",\"@id\":\"https:\/\/www.nexoinformativo.mx\/#\/schema\/person\/image\/\",\"url\":\"https:\/\/secure.gravatar.com\/avatar\/dde2928154642a13d95f87ddf1ea9718fe2b46760a005c53e41ff5ad610704e6?s=96&d=mm&r=g\",\"contentUrl\":\"https:\/\/secure.gravatar.com\/avatar\/dde2928154642a13d95f87ddf1ea9718fe2b46760a005c53e41ff5ad610704e6?s=96&d=mm&r=g\",\"caption\":\"Nexo Informativo\"},\"url\":\"https:\/\/www.nexoinformativo.mx\/index.php\/author\/edicion\/\"}]}<\/script>\n<!-- \/ Yoast SEO plugin. -->","yoast_head_json":{"title":"\u00a1Despega tu negocio y encuentra empleo en el TechDay! Este 10 de Diciembre | Nexo Informativo Santiago de Quer\u00e9taro","robots":{"index":"index","follow":"follow","max-snippet":"max-snippet:-1","max-image-preview":"max-image-preview:large","max-video-preview":"max-video-preview:-1"},"canonical":"https:\/\/www.nexoinformativo.mx\/index.php\/2024\/12\/03\/despega-tu-negocio-y-encuentra-empleo-en-el-techday-este-10-de-diciembre\/","og_locale":"es_MX","og_type":"article","og_title":"\u00a1Despega tu negocio y encuentra empleo en el TechDay! Este 10 de Diciembre | Nexo Informativo Santiago de Quer\u00e9taro","og_description":"\u00bfQuieres impulsar tu emprendimiento o encontrar el empleo ideal? La Secretar\u00eda de Desarrollo Econ\u00f3mico te invita al TechDay, un evento gratuito donde podr\u00e1s conocer las \u00faltimas tendencias tecnol\u00f3gicas y conectar con empresas l\u00edderes","og_url":"https:\/\/www.nexoinformativo.mx\/index.php\/2024\/12\/03\/despega-tu-negocio-y-encuentra-empleo-en-el-techday-este-10-de-diciembre\/","og_site_name":"Nexo Informativo Santiago de Quer\u00e9taro","article_publisher":"https:\/\/www.facebook.com\/people\/Nexo-Informativo\/61564066885511\/","article_published_time":"2024-12-03T19:00:15+00:00","article_modified_time":"2024-12-03T22:44:55+00:00","og_image":[{"width":600,"height":1032,"url":"https:\/\/www.nexoinformativo.mx\/wp-content\/uploads\/2024\/12\/30e5baa6-fdd7-41d8-b9c2-00f96a02a71a-e1733265737715.jpg","type":"image\/jpeg"}],"author":"Nexo Informativo","twitter_card":"summary_large_image","twitter_misc":{"Escrito por":"Nexo Informativo","Tiempo de lectura":"1 minuto"},"schema":{"@context":"https:\/\/schema.org","@graph":[{"@type":"Article","@id":"https:\/\/www.nexoinformativo.mx\/index.php\/2024\/12\/03\/despega-tu-negocio-y-encuentra-empleo-en-el-techday-este-10-de-diciembre\/#article","isPartOf":{"@id":"https:\/\/www.nexoinformativo.mx\/index.php\/2024\/12\/03\/despega-tu-negocio-y-encuentra-empleo-en-el-techday-este-10-de-diciembre\/"},"author":{"name":"Nexo Informativo","@id":"https:\/\/www.nexoinformativo.mx\/#\/schema\/person\/7749d380ba08c8ca00d7bc76fd907b7d"},"headline":"\u00a1Despega tu negocio y encuentra empleo en el TechDay! Este 10 de Diciembre","datePublished":"2024-12-03T19:00:15+00:00","dateModified":"2024-12-03T22:44:55+00:00","mainEntityOfPage":{"@id":"https:\/\/www.nexoinformativo.mx\/index.php\/2024\/12\/03\/despega-tu-negocio-y-encuentra-empleo-en-el-techday-este-10-de-diciembre\/"},"wordCount":189,"commentCount":0,"publisher":{"@id":"https:\/\/www.nexoinformativo.mx\/#organization"},"image":{"@id":"https:\/\/www.nexoinformativo.mx\/index.php\/2024\/12\/03\/despega-tu-negocio-y-encuentra-empleo-en-el-techday-este-10-de-diciembre\/#primaryimage"},"thumbnailUrl":"https:\/\/www.nexoinformativo.mx\/wp-content\/uploads\/2024\/12\/30e5baa6-fdd7-41d8-b9c2-00f96a02a71a-e1733265737715.jpg","keywords":["emprendimiento","FeriaDeEmpleo","Quer\u00e9taro","TechDay"],"articleSection":["Tecnolog\u00eda","\u00daltima Hora"],"inLanguage":"es","potentialAction":[{"@type":"CommentAction","name":"Comment","target":["https:\/\/www.nexoinformativo.mx\/index.php\/2024\/12\/03\/despega-tu-negocio-y-encuentra-empleo-en-el-techday-este-10-de-diciembre\/#respond"]}]},{"@type":"WebPage","@id":"https:\/\/www.nexoinformativo.mx\/index.php\/2024\/12\/03\/despega-tu-negocio-y-encuentra-empleo-en-el-techday-este-10-de-diciembre\/","url":"https:\/\/www.nexoinformativo.mx\/index.php\/2024\/12\/03\/despega-tu-negocio-y-encuentra-empleo-en-el-techday-este-10-de-diciembre\/","name":"\u00a1Despega tu negocio y encuentra empleo en el TechDay! Este 10 de Diciembre | Nexo Informativo Santiago de Quer\u00e9taro","isPartOf":{"@id":"https:\/\/www.nexoinformativo.mx\/#website"},"primaryImageOfPage":{"@id":"https:\/\/www.nexoinformativo.mx\/index.php\/2024\/12\/03\/despega-tu-negocio-y-encuentra-empleo-en-el-techday-este-10-de-diciembre\/#primaryimage"},"image":{"@id":"https:\/\/www.nexoinformativo.mx\/index.php\/2024\/12\/03\/despega-tu-negocio-y-encuentra-empleo-en-el-techday-este-10-de-diciembre\/#primaryimage"},"thumbnailUrl":"https:\/\/www.nexoinformativo.mx\/wp-content\/uploads\/2024\/12\/30e5baa6-fdd7-41d8-b9c2-00f96a02a71a-e1733265737715.jpg","datePublished":"2024-12-03T19:00:15+00:00","dateModified":"2024-12-03T22:44:55+00:00","breadcrumb":{"@id":"https:\/\/www.nexoinformativo.mx\/index.php\/2024\/12\/03\/despega-tu-negocio-y-encuentra-empleo-en-el-techday-este-10-de-diciembre\/#breadcrumb"},"inLanguage":"es","potentialAction":[{"@type":"ReadAction","target":["https:\/\/www.nexoinformativo.mx\/index.php\/2024\/12\/03\/despega-tu-negocio-y-encuentra-empleo-en-el-techday-este-10-de-diciembre\/"]}]},{"@type":"ImageObject","inLanguage":"es","@id":"https:\/\/www.nexoinformativo.mx\/index.php\/2024\/12\/03\/despega-tu-negocio-y-encuentra-empleo-en-el-techday-este-10-de-diciembre\/#primaryimage","url":"https:\/\/www.nexoinformativo.mx\/wp-content\/uploads\/2024\/12\/30e5baa6-fdd7-41d8-b9c2-00f96a02a71a-e1733265737715.jpg","contentUrl":"https:\/\/www.nexoinformativo.mx\/wp-content\/uploads\/2024\/12\/30e5baa6-fdd7-41d8-b9c2-00f96a02a71a-e1733265737715.jpg","width":600,"height":1032},{"@type":"BreadcrumbList","@id":"https:\/\/www.nexoinformativo.mx\/index.php\/2024\/12\/03\/despega-tu-negocio-y-encuentra-empleo-en-el-techday-este-10-de-diciembre\/#breadcrumb","itemListElement":[{"@type":"ListItem","position":1,"name":"Inicio","item":"https:\/\/www.nexoinformativo.mx\/"},{"@type":"ListItem","position":2,"name":"\u00a1Despega tu negocio y encuentra empleo en el TechDay! Este 10 de Diciembre"}]},{"@type":"WebSite","@id":"https:\/\/www.nexoinformativo.mx\/#website","url":"https:\/\/www.nexoinformativo.mx\/","name":"Nexo Informativo Santiago de Quer\u00e9taro","description":"Explora NexoInformativo y convi\u00e9rtete en parte de una comunidad que valora el conocimiento y la verdad. Tu nexoinformativo es tu puente hacia una comprensi\u00f3n m\u00e1s profunda del mundo que te rodea.","publisher":{"@id":"https:\/\/www.nexoinformativo.mx\/#organization"},"potentialAction":[{"@type":"SearchAction","target":{"@type":"EntryPoint","urlTemplate":"https:\/\/www.nexoinformativo.mx\/?s={search_term_string}"},"query-input":{"@type":"PropertyValueSpecification","valueRequired":true,"valueName":"search_term_string"}}],"inLanguage":"es"},{"@type":"Organization","@id":"https:\/\/www.nexoinformativo.mx\/#organization","name":"Nexo Informativo Santiago de Quer\u00e9taro","url":"https:\/\/www.nexoinformativo.mx\/","logo":{"@type":"ImageObject","inLanguage":"es","@id":"https:\/\/www.nexoinformativo.mx\/#\/schema\/logo\/image\/","url":"https:\/\/www.nexoinformativo.mx\/wp-content\/uploads\/2024\/07\/nexoi-trasparente-2.png","contentUrl":"https:\/\/www.nexoinformativo.mx\/wp-content\/uploads\/2024\/07\/nexoi-trasparente-2.png","width":816,"height":339,"caption":"Nexo Informativo Santiago de Quer\u00e9taro"},"image":{"@id":"https:\/\/www.nexoinformativo.mx\/#\/schema\/logo\/image\/"},"sameAs":["https:\/\/www.facebook.com\/people\/Nexo-Informativo\/61564066885511\/"]},{"@type":"Person","@id":"https:\/\/www.nexoinformativo.mx\/#\/schema\/person\/7749d380ba08c8ca00d7bc76fd907b7d","name":"Nexo Informativo","image":{"@type":"ImageObject","inLanguage":"es","@id":"https:\/\/www.nexoinformativo.mx\/#\/schema\/person\/image\/","url":"https:\/\/secure.gravatar.com\/avatar\/dde2928154642a13d95f87ddf1ea9718fe2b46760a005c53e41ff5ad610704e6?s=96&d=mm&r=g","contentUrl":"https:\/\/secure.gravatar.com\/avatar\/dde2928154642a13d95f87ddf1ea9718fe2b46760a005c53e41ff5ad610704e6?s=96&d=mm&r=g","caption":"Nexo Informativo"},"url":"https:\/\/www.nexoinformativo.mx\/index.php\/author\/edicion\/"}]}},"_links":{"self":[{"href":"https:\/\/www.nexoinformativo.mx\/index.php\/wp-json\/wp\/v2\/posts\/7449","targetHints":{"allow":["GET"]}}],"collection":[{"href":"https:\/\/www.nexoinformativo.mx\/index.php\/wp-json\/wp\/v2\/posts"}],"about":[{"href":"https:\/\/www.nexoinformativo.mx\/index.php\/wp-json\/wp\/v2\/types\/post"}],"author":[{"embeddable":true,"href":"https:\/\/www.nexoinformativo.mx\/index.php\/wp-json\/wp\/v2\/users\/3"}],"replies":[{"embeddable":true,"href":"https:\/\/www.nexoinformativo.mx\/index.php\/wp-json\/wp\/v2\/comments?post=7449"}],"version-history":[{"count":5,"href":"https:\/\/www.nexoinformativo.mx\/index.php\/wp-json\/wp\/v2\/posts\/7449\/revisions"}],"predecessor-version":[{"id":7453,"href":"https:\/\/www.nexoinformativo.mx\/index.php\/wp-json\/wp\/v2\/posts\/7449\/revisions\/7453"}],"wp:featuredmedia":[{"embeddable":true,"href":"https:\/\/www.nexoinformativo.mx\/index.php\/wp-json\/wp\/v2\/media\/7450"}],"wp:attachment":[{"href":"https:\/\/www.nexoinformativo.mx\/index.php\/wp-json\/wp\/v2\/media?parent=7449"}],"wp:term":[{"taxonomy":"category","embeddable":true,"href":"https:\/\/www.nexoinformativo.mx\/index.php\/wp-json\/wp\/v2\/categories?post=7449"},{"taxonomy":"post_tag","embeddable":true,"href":"https:\/\/www.nexoinformativo.mx\/index.php\/wp-json\/wp\/v2\/tags?post=7449"}],"curies":[{"name":"wp","href":"https:\/\/api.w.org\/{rel}","templated":true}]}}