{"id":7464,"date":"2024-12-03T14:00:17","date_gmt":"2024-12-03T20:00:17","guid":{"rendered":"https:\/\/www.nexoinformativo.mx\/?p=7464"},"modified":"2024-12-03T17:25:54","modified_gmt":"2024-12-03T23:25:54","slug":"queretaro-ya-tiene-en-operacion-albergues-dos-corazones-y-nana-para-mujeres-embarazadas-y-familiares-de-pacientes","status":"publish","type":"post","link":"https:\/\/www.nexoinformativo.mx\/index.php\/2024\/12\/03\/queretaro-ya-tiene-en-operacion-albergues-dos-corazones-y-nana-para-mujeres-embarazadas-y-familiares-de-pacientes\/","title":{"rendered":"Quer\u00e9taro ya tiene en operaci\u00f3n albergues Dos corazones y  N\u00e4n\u00e4 para mujeres embarazadas y familiares de pacientes"},"content":{"rendered":"<p style=\"text-align: justify;\" data-sourcepos=\"9:1-9:348\">El Sistema Estatal DIF de Quer\u00e9taro ha puesto en marcha dos nuevos albergues que brindar\u00e1n un espacio digno y seguro a quienes m\u00e1s lo necesitan. Los albergues <strong>&#8220;Dos Corazones&#8221; y &#8220;N\u00e4n\u00e4&#8221;<\/strong> ofrecen servicios integrales para mujeres embarazadas y familiares de pacientes internados en el Hospital de Especialidades del Ni\u00f1o y la Mujer.<\/p>\n<p>&nbsp;<\/p>\n<p style=\"text-align: justify;\" data-sourcepos=\"11:1-11:370\">El director general del SEDIF, \u00d3scar G\u00f3mez Niembro, destac\u00f3 que estos espacios cuentan con todas las comodidades necesarias para garantizar el bienestar de sus hu\u00e9spedes.<\/p>\n<p>&nbsp;<\/p>\n<p style=\"text-align: justify;\" data-sourcepos=\"11:1-11:370\">Entre los servicios que ofrecen se encuentran dormitorios, comedor, cocina, \u00e1rea de juegos infantiles, sala de lactancia, consultorio m\u00e9dico, estaci\u00f3n de enfermer\u00eda, \u00e1rea de trabajo social y capilla.<\/p>\n<p>&nbsp;<\/p>\n<p style=\"text-align: justify;\" data-sourcepos=\"13:1-13:371\">El albergue <strong>&#8220;Dos Corazones&#8221;<\/strong> est\u00e1 especialmente dise\u00f1ado para atender a mujeres embarazadas que requieren valoraci\u00f3n y atenci\u00f3n especializada durante su control prenatal.<\/p>\n<p>&nbsp;<\/p>\n<p style=\"text-align: justify;\" data-sourcepos=\"13:1-13:371\">Por su parte, el albergue <strong>&#8220;N\u00e4n\u00e4&#8221;<\/strong> ofrece hospedaje a familiares de pacientes internados en el hospital, brind\u00e1ndoles un lugar c\u00f3modo y cercano donde puedan descansar y recibir apoyo.<\/p>\n<p>&nbsp;<\/p>\n<p style=\"text-align: justify;\" data-sourcepos=\"15:1-15:205\">Con la inauguraci\u00f3n de estos albergues, el Gobierno del Estado refrenda su compromiso de brindar una atenci\u00f3n integral a los grupos vulnerables de la poblaci\u00f3n, garantizando su bienestar y calidad de vida.<\/p>\n<p>&nbsp;<\/p>\n<p style=\"text-align: center;\" data-sourcepos=\"15:1-15:205\"><em><strong>\u00a1Informaci\u00f3n que transforma!<\/strong><\/em><\/p>\n","protected":false},"excerpt":{"rendered":"<p>El Sistema Estatal DIF de Quer\u00e9taro ha puesto en marcha dos nuevos albergues que brindar\u00e1n un espacio digno y seguro a quienes m\u00e1s lo necesitan.<\/p>\n","protected":false},"author":3,"featured_media":7465,"comment_status":"open","ping_status":"open","sticky":false,"template":"","format":"standard","meta":{"footnotes":""},"categories":[42,58],"tags":[1209,133,1170,1599],"class_list":["post-7464","post","type-post","status-publish","format-standard","has-post-thumbnail","hentry","category-estado","category-ultima-hora","tag-albergues","tag-queretaro","tag-sedif","tag-solidaridad"],"yoast_head":"<!-- This site is optimized with the Yoast SEO plugin v25.0 - https:\/\/yoast.com\/wordpress\/plugins\/seo\/ -->\n<title>Quer\u00e9taro ya tiene en operaci\u00f3n albergues Dos corazones y N\u00e4n\u00e4 para mujeres embarazadas y familiares de pacientes | Nexo Informativo Santiago de Quer\u00e9taro<\/title>\n<meta name=\"description\" content=\"Quer\u00e9taro ya tiene en operaci\u00f3n albergues Dos corazones y N\u00e4n\u00e4 para mujeres embarazadas y familiares de pacientes\" \/>\n<meta name=\"robots\" content=\"index, follow, max-snippet:-1, max-image-preview:large, max-video-preview:-1\" \/>\n<link rel=\"canonical\" href=\"https:\/\/www.nexoinformativo.mx\/index.php\/2024\/12\/03\/queretaro-ya-tiene-en-operacion-albergues-dos-corazones-y-nana-para-mujeres-embarazadas-y-familiares-de-pacientes\/\" \/>\n<meta property=\"og:locale\" content=\"es_MX\" \/>\n<meta property=\"og:type\" content=\"article\" \/>\n<meta property=\"og:title\" content=\"Quer\u00e9taro ya tiene en operaci\u00f3n albergues Dos corazones y N\u00e4n\u00e4 para mujeres embarazadas y familiares de pacientes | Nexo Informativo Santiago de Quer\u00e9taro\" \/>\n<meta property=\"og:description\" content=\"Quer\u00e9taro ya tiene en operaci\u00f3n albergues Dos corazones y N\u00e4n\u00e4 para mujeres embarazadas y familiares de pacientes\" \/>\n<meta property=\"og:url\" content=\"https:\/\/www.nexoinformativo.mx\/index.php\/2024\/12\/03\/queretaro-ya-tiene-en-operacion-albergues-dos-corazones-y-nana-para-mujeres-embarazadas-y-familiares-de-pacientes\/\" \/>\n<meta property=\"og:site_name\" content=\"Nexo Informativo Santiago de Quer\u00e9taro\" \/>\n<meta property=\"article:publisher\" content=\"https:\/\/www.facebook.com\/people\/Nexo-Informativo\/61564066885511\/\" \/>\n<meta property=\"article:published_time\" content=\"2024-12-03T20:00:17+00:00\" \/>\n<meta property=\"article:modified_time\" content=\"2024-12-03T23:25:54+00:00\" \/>\n<meta property=\"og:image\" content=\"https:\/\/www.nexoinformativo.mx\/wp-content\/uploads\/2024\/12\/IMG_3816-e1733268274816.jpg\" \/>\n\t<meta property=\"og:image:width\" content=\"750\" \/>\n\t<meta property=\"og:image:height\" content=\"750\" \/>\n\t<meta property=\"og:image:type\" content=\"image\/jpeg\" \/>\n<meta name=\"author\" content=\"Nexo Informativo\" \/>\n<meta name=\"twitter:card\" content=\"summary_large_image\" \/>\n<meta name=\"twitter:label1\" content=\"Escrito por\" \/>\n\t<meta name=\"twitter:data1\" content=\"Nexo Informativo\" \/>\n\t<meta name=\"twitter:label2\" content=\"Tiempo de lectura\" \/>\n\t<meta name=\"twitter:data2\" content=\"2 minutos\" \/>\n<script type=\"application\/ld+json\" class=\"yoast-schema-graph\">{\"@context\":\"https:\/\/schema.org\",\"@graph\":[{\"@type\":\"Article\",\"@id\":\"https:\/\/www.nexoinformativo.mx\/index.php\/2024\/12\/03\/queretaro-ya-tiene-en-operacion-albergues-dos-corazones-y-nana-para-mujeres-embarazadas-y-familiares-de-pacientes\/#article\",\"isPartOf\":{\"@id\":\"https:\/\/www.nexoinformativo.mx\/index.php\/2024\/12\/03\/queretaro-ya-tiene-en-operacion-albergues-dos-corazones-y-nana-para-mujeres-embarazadas-y-familiares-de-pacientes\/\"},\"author\":{\"name\":\"Nexo Informativo\",\"@id\":\"https:\/\/www.nexoinformativo.mx\/#\/schema\/person\/7749d380ba08c8ca00d7bc76fd907b7d\"},\"headline\":\"Quer\u00e9taro ya tiene en operaci\u00f3n albergues Dos corazones y N\u00e4n\u00e4 para mujeres embarazadas y familiares de pacientes\",\"datePublished\":\"2024-12-03T20:00:17+00:00\",\"dateModified\":\"2024-12-03T23:25:54+00:00\",\"mainEntityOfPage\":{\"@id\":\"https:\/\/www.nexoinformativo.mx\/index.php\/2024\/12\/03\/queretaro-ya-tiene-en-operacion-albergues-dos-corazones-y-nana-para-mujeres-embarazadas-y-familiares-de-pacientes\/\"},\"wordCount\":236,\"commentCount\":0,\"publisher\":{\"@id\":\"https:\/\/www.nexoinformativo.mx\/#organization\"},\"image\":{\"@id\":\"https:\/\/www.nexoinformativo.mx\/index.php\/2024\/12\/03\/queretaro-ya-tiene-en-operacion-albergues-dos-corazones-y-nana-para-mujeres-embarazadas-y-familiares-de-pacientes\/#primaryimage\"},\"thumbnailUrl\":\"https:\/\/www.nexoinformativo.mx\/wp-content\/uploads\/2024\/12\/IMG_3816-e1733268274816.jpg\",\"keywords\":[\"Albergues\",\"Quer\u00e9taro\",\"SEDIF\",\"Solidaridad\"],\"articleSection\":[\"Estado\",\"\u00daltima Hora\"],\"inLanguage\":\"es\",\"potentialAction\":[{\"@type\":\"CommentAction\",\"name\":\"Comment\",\"target\":[\"https:\/\/www.nexoinformativo.mx\/index.php\/2024\/12\/03\/queretaro-ya-tiene-en-operacion-albergues-dos-corazones-y-nana-para-mujeres-embarazadas-y-familiares-de-pacientes\/#respond\"]}]},{\"@type\":\"WebPage\",\"@id\":\"https:\/\/www.nexoinformativo.mx\/index.php\/2024\/12\/03\/queretaro-ya-tiene-en-operacion-albergues-dos-corazones-y-nana-para-mujeres-embarazadas-y-familiares-de-pacientes\/\",\"url\":\"https:\/\/www.nexoinformativo.mx\/index.php\/2024\/12\/03\/queretaro-ya-tiene-en-operacion-albergues-dos-corazones-y-nana-para-mujeres-embarazadas-y-familiares-de-pacientes\/\",\"name\":\"Quer\u00e9taro ya tiene en operaci\u00f3n albergues Dos corazones y N\u00e4n\u00e4 para mujeres embarazadas y familiares de pacientes | Nexo Informativo Santiago de Quer\u00e9taro\",\"isPartOf\":{\"@id\":\"https:\/\/www.nexoinformativo.mx\/#website\"},\"primaryImageOfPage\":{\"@id\":\"https:\/\/www.nexoinformativo.mx\/index.php\/2024\/12\/03\/queretaro-ya-tiene-en-operacion-albergues-dos-corazones-y-nana-para-mujeres-embarazadas-y-familiares-de-pacientes\/#primaryimage\"},\"image\":{\"@id\":\"https:\/\/www.nexoinformativo.mx\/index.php\/2024\/12\/03\/queretaro-ya-tiene-en-operacion-albergues-dos-corazones-y-nana-para-mujeres-embarazadas-y-familiares-de-pacientes\/#primaryimage\"},\"thumbnailUrl\":\"https:\/\/www.nexoinformativo.mx\/wp-content\/uploads\/2024\/12\/IMG_3816-e1733268274816.jpg\",\"datePublished\":\"2024-12-03T20:00:17+00:00\",\"dateModified\":\"2024-12-03T23:25:54+00:00\",\"description\":\"Quer\u00e9taro ya tiene en operaci\u00f3n albergues Dos corazones y N\u00e4n\u00e4 para mujeres embarazadas y familiares de pacientes\",\"breadcrumb\":{\"@id\":\"https:\/\/www.nexoinformativo.mx\/index.php\/2024\/12\/03\/queretaro-ya-tiene-en-operacion-albergues-dos-corazones-y-nana-para-mujeres-embarazadas-y-familiares-de-pacientes\/#breadcrumb\"},\"inLanguage\":\"es\",\"potentialAction\":[{\"@type\":\"ReadAction\",\"target\":[\"https:\/\/www.nexoinformativo.mx\/index.php\/2024\/12\/03\/queretaro-ya-tiene-en-operacion-albergues-dos-corazones-y-nana-para-mujeres-embarazadas-y-familiares-de-pacientes\/\"]}]},{\"@type\":\"ImageObject\",\"inLanguage\":\"es\",\"@id\":\"https:\/\/www.nexoinformativo.mx\/index.php\/2024\/12\/03\/queretaro-ya-tiene-en-operacion-albergues-dos-corazones-y-nana-para-mujeres-embarazadas-y-familiares-de-pacientes\/#primaryimage\",\"url\":\"https:\/\/www.nexoinformativo.mx\/wp-content\/uploads\/2024\/12\/IMG_3816-e1733268274816.jpg\",\"contentUrl\":\"https:\/\/www.nexoinformativo.mx\/wp-content\/uploads\/2024\/12\/IMG_3816-e1733268274816.jpg\",\"width\":750,\"height\":750},{\"@type\":\"BreadcrumbList\",\"@id\":\"https:\/\/www.nexoinformativo.mx\/index.php\/2024\/12\/03\/queretaro-ya-tiene-en-operacion-albergues-dos-corazones-y-nana-para-mujeres-embarazadas-y-familiares-de-pacientes\/#breadcrumb\",\"itemListElement\":[{\"@type\":\"ListItem\",\"position\":1,\"name\":\"Inicio\",\"item\":\"https:\/\/www.nexoinformativo.mx\/\"},{\"@type\":\"ListItem\",\"position\":2,\"name\":\"Quer\u00e9taro ya tiene en operaci\u00f3n albergues Dos corazones y N\u00e4n\u00e4 para mujeres embarazadas y familiares de pacientes\"}]},{\"@type\":\"WebSite\",\"@id\":\"https:\/\/www.nexoinformativo.mx\/#website\",\"url\":\"https:\/\/www.nexoinformativo.mx\/\",\"name\":\"Nexo Informativo Santiago de Quer\u00e9taro\",\"description\":\"Explora NexoInformativo y convi\u00e9rtete en parte de una comunidad que valora el conocimiento y la verdad. Tu nexoinformativo es tu puente hacia una comprensi\u00f3n m\u00e1s profunda del mundo que te rodea.\",\"publisher\":{\"@id\":\"https:\/\/www.nexoinformativo.mx\/#organization\"},\"potentialAction\":[{\"@type\":\"SearchAction\",\"target\":{\"@type\":\"EntryPoint\",\"urlTemplate\":\"https:\/\/www.nexoinformativo.mx\/?s={search_term_string}\"},\"query-input\":{\"@type\":\"PropertyValueSpecification\",\"valueRequired\":true,\"valueName\":\"search_term_string\"}}],\"inLanguage\":\"es\"},{\"@type\":\"Organization\",\"@id\":\"https:\/\/www.nexoinformativo.mx\/#organization\",\"name\":\"Nexo Informativo Santiago de Quer\u00e9taro\",\"url\":\"https:\/\/www.nexoinformativo.mx\/\",\"logo\":{\"@type\":\"ImageObject\",\"inLanguage\":\"es\",\"@id\":\"https:\/\/www.nexoinformativo.mx\/#\/schema\/logo\/image\/\",\"url\":\"https:\/\/www.nexoinformativo.mx\/wp-content\/uploads\/2024\/07\/nexoi-trasparente-2.png\",\"contentUrl\":\"https:\/\/www.nexoinformativo.mx\/wp-content\/uploads\/2024\/07\/nexoi-trasparente-2.png\",\"width\":816,\"height\":339,\"caption\":\"Nexo Informativo Santiago de Quer\u00e9taro\"},\"image\":{\"@id\":\"https:\/\/www.nexoinformativo.mx\/#\/schema\/logo\/image\/\"},\"sameAs\":[\"https:\/\/www.facebook.com\/people\/Nexo-Informativo\/61564066885511\/\"]},{\"@type\":\"Person\",\"@id\":\"https:\/\/www.nexoinformativo.mx\/#\/schema\/person\/7749d380ba08c8ca00d7bc76fd907b7d\",\"name\":\"Nexo Informativo\",\"image\":{\"@type\":\"ImageObject\",\"inLanguage\":\"es\",\"@id\":\"https:\/\/www.nexoinformativo.mx\/#\/schema\/person\/image\/\",\"url\":\"https:\/\/secure.gravatar.com\/avatar\/dde2928154642a13d95f87ddf1ea9718fe2b46760a005c53e41ff5ad610704e6?s=96&d=mm&r=g\",\"contentUrl\":\"https:\/\/secure.gravatar.com\/avatar\/dde2928154642a13d95f87ddf1ea9718fe2b46760a005c53e41ff5ad610704e6?s=96&d=mm&r=g\",\"caption\":\"Nexo Informativo\"},\"url\":\"https:\/\/www.nexoinformativo.mx\/index.php\/author\/edicion\/\"}]}<\/script>\n<!-- \/ Yoast SEO plugin. -->","yoast_head_json":{"title":"Quer\u00e9taro ya tiene en operaci\u00f3n albergues Dos corazones y N\u00e4n\u00e4 para mujeres embarazadas y familiares de pacientes | Nexo Informativo Santiago de Quer\u00e9taro","description":"Quer\u00e9taro ya tiene en operaci\u00f3n albergues Dos corazones y N\u00e4n\u00e4 para mujeres embarazadas y familiares de pacientes","robots":{"index":"index","follow":"follow","max-snippet":"max-snippet:-1","max-image-preview":"max-image-preview:large","max-video-preview":"max-video-preview:-1"},"canonical":"https:\/\/www.nexoinformativo.mx\/index.php\/2024\/12\/03\/queretaro-ya-tiene-en-operacion-albergues-dos-corazones-y-nana-para-mujeres-embarazadas-y-familiares-de-pacientes\/","og_locale":"es_MX","og_type":"article","og_title":"Quer\u00e9taro ya tiene en operaci\u00f3n albergues Dos corazones y N\u00e4n\u00e4 para mujeres embarazadas y familiares de pacientes | Nexo Informativo Santiago de Quer\u00e9taro","og_description":"Quer\u00e9taro ya tiene en operaci\u00f3n albergues Dos corazones y N\u00e4n\u00e4 para mujeres embarazadas y familiares de pacientes","og_url":"https:\/\/www.nexoinformativo.mx\/index.php\/2024\/12\/03\/queretaro-ya-tiene-en-operacion-albergues-dos-corazones-y-nana-para-mujeres-embarazadas-y-familiares-de-pacientes\/","og_site_name":"Nexo Informativo Santiago de Quer\u00e9taro","article_publisher":"https:\/\/www.facebook.com\/people\/Nexo-Informativo\/61564066885511\/","article_published_time":"2024-12-03T20:00:17+00:00","article_modified_time":"2024-12-03T23:25:54+00:00","og_image":[{"width":750,"height":750,"url":"https:\/\/www.nexoinformativo.mx\/wp-content\/uploads\/2024\/12\/IMG_3816-e1733268274816.jpg","type":"image\/jpeg"}],"author":"Nexo Informativo","twitter_card":"summary_large_image","twitter_misc":{"Escrito por":"Nexo Informativo","Tiempo de lectura":"2 minutos"},"schema":{"@context":"https:\/\/schema.org","@graph":[{"@type":"Article","@id":"https:\/\/www.nexoinformativo.mx\/index.php\/2024\/12\/03\/queretaro-ya-tiene-en-operacion-albergues-dos-corazones-y-nana-para-mujeres-embarazadas-y-familiares-de-pacientes\/#article","isPartOf":{"@id":"https:\/\/www.nexoinformativo.mx\/index.php\/2024\/12\/03\/queretaro-ya-tiene-en-operacion-albergues-dos-corazones-y-nana-para-mujeres-embarazadas-y-familiares-de-pacientes\/"},"author":{"name":"Nexo Informativo","@id":"https:\/\/www.nexoinformativo.mx\/#\/schema\/person\/7749d380ba08c8ca00d7bc76fd907b7d"},"headline":"Quer\u00e9taro ya tiene en operaci\u00f3n albergues Dos corazones y N\u00e4n\u00e4 para mujeres embarazadas y familiares de pacientes","datePublished":"2024-12-03T20:00:17+00:00","dateModified":"2024-12-03T23:25:54+00:00","mainEntityOfPage":{"@id":"https:\/\/www.nexoinformativo.mx\/index.php\/2024\/12\/03\/queretaro-ya-tiene-en-operacion-albergues-dos-corazones-y-nana-para-mujeres-embarazadas-y-familiares-de-pacientes\/"},"wordCount":236,"commentCount":0,"publisher":{"@id":"https:\/\/www.nexoinformativo.mx\/#organization"},"image":{"@id":"https:\/\/www.nexoinformativo.mx\/index.php\/2024\/12\/03\/queretaro-ya-tiene-en-operacion-albergues-dos-corazones-y-nana-para-mujeres-embarazadas-y-familiares-de-pacientes\/#primaryimage"},"thumbnailUrl":"https:\/\/www.nexoinformativo.mx\/wp-content\/uploads\/2024\/12\/IMG_3816-e1733268274816.jpg","keywords":["Albergues","Quer\u00e9taro","SEDIF","Solidaridad"],"articleSection":["Estado","\u00daltima Hora"],"inLanguage":"es","potentialAction":[{"@type":"CommentAction","name":"Comment","target":["https:\/\/www.nexoinformativo.mx\/index.php\/2024\/12\/03\/queretaro-ya-tiene-en-operacion-albergues-dos-corazones-y-nana-para-mujeres-embarazadas-y-familiares-de-pacientes\/#respond"]}]},{"@type":"WebPage","@id":"https:\/\/www.nexoinformativo.mx\/index.php\/2024\/12\/03\/queretaro-ya-tiene-en-operacion-albergues-dos-corazones-y-nana-para-mujeres-embarazadas-y-familiares-de-pacientes\/","url":"https:\/\/www.nexoinformativo.mx\/index.php\/2024\/12\/03\/queretaro-ya-tiene-en-operacion-albergues-dos-corazones-y-nana-para-mujeres-embarazadas-y-familiares-de-pacientes\/","name":"Quer\u00e9taro ya tiene en operaci\u00f3n albergues Dos corazones y N\u00e4n\u00e4 para mujeres embarazadas y familiares de pacientes | Nexo Informativo Santiago de Quer\u00e9taro","isPartOf":{"@id":"https:\/\/www.nexoinformativo.mx\/#website"},"primaryImageOfPage":{"@id":"https:\/\/www.nexoinformativo.mx\/index.php\/2024\/12\/03\/queretaro-ya-tiene-en-operacion-albergues-dos-corazones-y-nana-para-mujeres-embarazadas-y-familiares-de-pacientes\/#primaryimage"},"image":{"@id":"https:\/\/www.nexoinformativo.mx\/index.php\/2024\/12\/03\/queretaro-ya-tiene-en-operacion-albergues-dos-corazones-y-nana-para-mujeres-embarazadas-y-familiares-de-pacientes\/#primaryimage"},"thumbnailUrl":"https:\/\/www.nexoinformativo.mx\/wp-content\/uploads\/2024\/12\/IMG_3816-e1733268274816.jpg","datePublished":"2024-12-03T20:00:17+00:00","dateModified":"2024-12-03T23:25:54+00:00","description":"Quer\u00e9taro ya tiene en operaci\u00f3n albergues Dos corazones y N\u00e4n\u00e4 para mujeres embarazadas y familiares de pacientes","breadcrumb":{"@id":"https:\/\/www.nexoinformativo.mx\/index.php\/2024\/12\/03\/queretaro-ya-tiene-en-operacion-albergues-dos-corazones-y-nana-para-mujeres-embarazadas-y-familiares-de-pacientes\/#breadcrumb"},"inLanguage":"es","potentialAction":[{"@type":"ReadAction","target":["https:\/\/www.nexoinformativo.mx\/index.php\/2024\/12\/03\/queretaro-ya-tiene-en-operacion-albergues-dos-corazones-y-nana-para-mujeres-embarazadas-y-familiares-de-pacientes\/"]}]},{"@type":"ImageObject","inLanguage":"es","@id":"https:\/\/www.nexoinformativo.mx\/index.php\/2024\/12\/03\/queretaro-ya-tiene-en-operacion-albergues-dos-corazones-y-nana-para-mujeres-embarazadas-y-familiares-de-pacientes\/#primaryimage","url":"https:\/\/www.nexoinformativo.mx\/wp-content\/uploads\/2024\/12\/IMG_3816-e1733268274816.jpg","contentUrl":"https:\/\/www.nexoinformativo.mx\/wp-content\/uploads\/2024\/12\/IMG_3816-e1733268274816.jpg","width":750,"height":750},{"@type":"BreadcrumbList","@id":"https:\/\/www.nexoinformativo.mx\/index.php\/2024\/12\/03\/queretaro-ya-tiene-en-operacion-albergues-dos-corazones-y-nana-para-mujeres-embarazadas-y-familiares-de-pacientes\/#breadcrumb","itemListElement":[{"@type":"ListItem","position":1,"name":"Inicio","item":"https:\/\/www.nexoinformativo.mx\/"},{"@type":"ListItem","position":2,"name":"Quer\u00e9taro ya tiene en operaci\u00f3n albergues Dos corazones y N\u00e4n\u00e4 para mujeres embarazadas y familiares de pacientes"}]},{"@type":"WebSite","@id":"https:\/\/www.nexoinformativo.mx\/#website","url":"https:\/\/www.nexoinformativo.mx\/","name":"Nexo Informativo Santiago de Quer\u00e9taro","description":"Explora NexoInformativo y convi\u00e9rtete en parte de una comunidad que valora el conocimiento y la verdad. Tu nexoinformativo es tu puente hacia una comprensi\u00f3n m\u00e1s profunda del mundo que te rodea.","publisher":{"@id":"https:\/\/www.nexoinformativo.mx\/#organization"},"potentialAction":[{"@type":"SearchAction","target":{"@type":"EntryPoint","urlTemplate":"https:\/\/www.nexoinformativo.mx\/?s={search_term_string}"},"query-input":{"@type":"PropertyValueSpecification","valueRequired":true,"valueName":"search_term_string"}}],"inLanguage":"es"},{"@type":"Organization","@id":"https:\/\/www.nexoinformativo.mx\/#organization","name":"Nexo Informativo Santiago de Quer\u00e9taro","url":"https:\/\/www.nexoinformativo.mx\/","logo":{"@type":"ImageObject","inLanguage":"es","@id":"https:\/\/www.nexoinformativo.mx\/#\/schema\/logo\/image\/","url":"https:\/\/www.nexoinformativo.mx\/wp-content\/uploads\/2024\/07\/nexoi-trasparente-2.png","contentUrl":"https:\/\/www.nexoinformativo.mx\/wp-content\/uploads\/2024\/07\/nexoi-trasparente-2.png","width":816,"height":339,"caption":"Nexo Informativo Santiago de Quer\u00e9taro"},"image":{"@id":"https:\/\/www.nexoinformativo.mx\/#\/schema\/logo\/image\/"},"sameAs":["https:\/\/www.facebook.com\/people\/Nexo-Informativo\/61564066885511\/"]},{"@type":"Person","@id":"https:\/\/www.nexoinformativo.mx\/#\/schema\/person\/7749d380ba08c8ca00d7bc76fd907b7d","name":"Nexo Informativo","image":{"@type":"ImageObject","inLanguage":"es","@id":"https:\/\/www.nexoinformativo.mx\/#\/schema\/person\/image\/","url":"https:\/\/secure.gravatar.com\/avatar\/dde2928154642a13d95f87ddf1ea9718fe2b46760a005c53e41ff5ad610704e6?s=96&d=mm&r=g","contentUrl":"https:\/\/secure.gravatar.com\/avatar\/dde2928154642a13d95f87ddf1ea9718fe2b46760a005c53e41ff5ad610704e6?s=96&d=mm&r=g","caption":"Nexo Informativo"},"url":"https:\/\/www.nexoinformativo.mx\/index.php\/author\/edicion\/"}]}},"_links":{"self":[{"href":"https:\/\/www.nexoinformativo.mx\/index.php\/wp-json\/wp\/v2\/posts\/7464","targetHints":{"allow":["GET"]}}],"collection":[{"href":"https:\/\/www.nexoinformativo.mx\/index.php\/wp-json\/wp\/v2\/posts"}],"about":[{"href":"https:\/\/www.nexoinformativo.mx\/index.php\/wp-json\/wp\/v2\/types\/post"}],"author":[{"embeddable":true,"href":"https:\/\/www.nexoinformativo.mx\/index.php\/wp-json\/wp\/v2\/users\/3"}],"replies":[{"embeddable":true,"href":"https:\/\/www.nexoinformativo.mx\/index.php\/wp-json\/wp\/v2\/comments?post=7464"}],"version-history":[{"count":4,"href":"https:\/\/www.nexoinformativo.mx\/index.php\/wp-json\/wp\/v2\/posts\/7464\/revisions"}],"predecessor-version":[{"id":7468,"href":"https:\/\/www.nexoinformativo.mx\/index.php\/wp-json\/wp\/v2\/posts\/7464\/revisions\/7468"}],"wp:featuredmedia":[{"embeddable":true,"href":"https:\/\/www.nexoinformativo.mx\/index.php\/wp-json\/wp\/v2\/media\/7465"}],"wp:attachment":[{"href":"https:\/\/www.nexoinformativo.mx\/index.php\/wp-json\/wp\/v2\/media?parent=7464"}],"wp:term":[{"taxonomy":"category","embeddable":true,"href":"https:\/\/www.nexoinformativo.mx\/index.php\/wp-json\/wp\/v2\/categories?post=7464"},{"taxonomy":"post_tag","embeddable":true,"href":"https:\/\/www.nexoinformativo.mx\/index.php\/wp-json\/wp\/v2\/tags?post=7464"}],"curies":[{"name":"wp","href":"https:\/\/api.w.org\/{rel}","templated":true}]}}