{"id":7470,"date":"2024-12-03T14:30:55","date_gmt":"2024-12-03T20:30:55","guid":{"rendered":"https:\/\/www.nexoinformativo.mx\/?p=7470"},"modified":"2024-12-03T17:35:06","modified_gmt":"2024-12-03T23:35:06","slug":"la-ofeq-te-invita-a-un-viaje-nostalgico-por-el-rock-y-el-pop-sinfonico-en-el-teatro-metropolitano","status":"publish","type":"post","link":"https:\/\/www.nexoinformativo.mx\/index.php\/2024\/12\/03\/la-ofeq-te-invita-a-un-viaje-nostalgico-por-el-rock-y-el-pop-sinfonico-en-el-teatro-metropolitano\/","title":{"rendered":"La OFEQ te invita a un viaje nost\u00e1lgico por el rock y el pop sinf\u00f3nico en el Teatro Metropolitano"},"content":{"rendered":"<p style=\"text-align: justify;\" data-sourcepos=\"9:1-9:327\">Este mi\u00e9rcoles 4 de diciembre, el <strong>Teatro Metropolitano<\/strong> se convertir\u00e1 en una m\u00e1quina del tiempo musical. <strong>La Orquesta Filarm\u00f3nica del Estado de Quer\u00e9taro<\/strong> (OFEQ) te invita a su concierto <strong>&#8220;Nostalgia&#8221;<\/strong>, una velada inolvidable en la que podr\u00e1s revivir los grandes \u00e9xitos del rock y el pop, interpretados de manera sinf\u00f3nica.<\/p>\n<p>&nbsp;<\/p>\n<p style=\"text-align: justify;\" data-sourcepos=\"11:1-11:266\">Bajo la batuta del maestro Mark Kadin, la OFEQ te transportar\u00e1 a trav\u00e9s de d\u00e9cadas de \u00e9xitos con arreglos sinf\u00f3nicos de bandas y artistas legendarios como Led Zeppelin, Coldplay, Adele, Guns N Roses, Peter Gabriel, Abba, The Beatles, Juan Gabriel y Enrique Iglesias.<\/p>\n<p>&nbsp;<\/p>\n<p style=\"text-align: justify;\" data-sourcepos=\"13:1-13:255\">Imagina escuchar tus canciones favoritas con la potencia de una orquesta sinf\u00f3nica. Este concierto es una oportunidad \u00fanica para disfrutar de una experiencia musical innovadora que combina la fuerza del rock y el pop con la elegancia de la m\u00fasica cl\u00e1sica.<\/p>\n<p>&nbsp;<\/p>\n<p style=\"text-align: justify;\" data-sourcepos=\"15:1-15:207\">Tras el \u00e9xito de las ediciones anteriores, &#8220;Nostalgia&#8221; regresa por petici\u00f3n popular para ofrecer una noche m\u00e1s de magia musical. No te pierdas esta oportunidad de vivir una experiencia inolvidable.<\/p>\n<p>&nbsp;<\/p>\n<p style=\"text-align: justify;\" data-sourcepos=\"15:1-15:207\"><strong>\u00a1No te quedes sin tu lugar!<\/strong><\/p>\n<p style=\"text-align: justify;\">&#8211;<strong>Fecha:<\/strong> Mi\u00e9rcoles 4 de diciembre<\/p>\n<p style=\"text-align: justify;\">&#8211;<strong>Hora:<\/strong> 20:00 horas<\/p>\n<p style=\"text-align: justify;\">&#8211;<strong>Lugar:<\/strong> Teatro Metropolitano<\/p>\n<p>&nbsp;<\/p>\n<p style=\"text-align: justify;\">Adquiere tus boletos en el Centro Hist\u00f3rico de Quer\u00e9taro (calle Ignacio Manuel Altamirano, n\u00famero 18) o en el Conservatorio de M\u00fasica &#8220;Jos\u00e9 Guadalupe Vel\u00e1zquez&#8221; (calle Vergara Sur, n\u00famero 35).<\/p>\n<p>&nbsp;<\/p>\n<p style=\"text-align: center;\"><strong><em>\u00a1Informaci\u00f3n que transforma!<\/em><\/strong><\/p>\n<p data-sourcepos=\"24:1-24:31\">\n","protected":false},"excerpt":{"rendered":"<p>Este mi\u00e9rcoles 4 de diciembre, el Teatro Metropolitano se convertir\u00e1 en una m\u00e1quina del tiempo musical. La Orquesta Filarm\u00f3nica del Estado de Quer\u00e9taro (OFEQ) te invita a su concierto &#8220;Nostalgia&#8221;<\/p>\n","protected":false},"author":3,"featured_media":7471,"comment_status":"open","ping_status":"open","sticky":false,"template":"","format":"standard","meta":{"footnotes":""},"categories":[50,58],"tags":[2494,2493,2248,133],"class_list":["post-7470","post","type-post","status-publish","format-standard","has-post-thumbnail","hentry","category-espectaculos","category-ultima-hora","tag-concierto","tag-nostalgia","tag-ofeq","tag-queretaro"],"yoast_head":"<!-- This site is optimized with the Yoast SEO plugin v25.0 - https:\/\/yoast.com\/wordpress\/plugins\/seo\/ -->\n<title>La OFEQ te invita a un viaje nost\u00e1lgico por el rock y el pop sinf\u00f3nico en el Teatro Metropolitano | Nexo Informativo Santiago de Quer\u00e9taro<\/title>\n<meta name=\"description\" content=\"La OFEQ te invita a un viaje nost\u00e1lgico por el rock y el pop sinf\u00f3nico en el Teatro Metropolitano\" \/>\n<meta name=\"robots\" content=\"index, follow, max-snippet:-1, max-image-preview:large, max-video-preview:-1\" \/>\n<link rel=\"canonical\" href=\"https:\/\/www.nexoinformativo.mx\/index.php\/2024\/12\/03\/la-ofeq-te-invita-a-un-viaje-nostalgico-por-el-rock-y-el-pop-sinfonico-en-el-teatro-metropolitano\/\" \/>\n<meta property=\"og:locale\" content=\"es_MX\" \/>\n<meta property=\"og:type\" content=\"article\" \/>\n<meta property=\"og:title\" content=\"La OFEQ te invita a un viaje nost\u00e1lgico por el rock y el pop sinf\u00f3nico en el Teatro Metropolitano | Nexo Informativo Santiago de Quer\u00e9taro\" \/>\n<meta property=\"og:description\" content=\"La OFEQ te invita a un viaje nost\u00e1lgico por el rock y el pop sinf\u00f3nico en el Teatro Metropolitano\" \/>\n<meta property=\"og:url\" content=\"https:\/\/www.nexoinformativo.mx\/index.php\/2024\/12\/03\/la-ofeq-te-invita-a-un-viaje-nostalgico-por-el-rock-y-el-pop-sinfonico-en-el-teatro-metropolitano\/\" \/>\n<meta property=\"og:site_name\" content=\"Nexo Informativo Santiago de Quer\u00e9taro\" \/>\n<meta property=\"article:publisher\" content=\"https:\/\/www.facebook.com\/people\/Nexo-Informativo\/61564066885511\/\" \/>\n<meta property=\"article:published_time\" content=\"2024-12-03T20:30:55+00:00\" \/>\n<meta property=\"article:modified_time\" content=\"2024-12-03T23:35:06+00:00\" \/>\n<meta property=\"og:image\" content=\"https:\/\/www.nexoinformativo.mx\/wp-content\/uploads\/2024\/12\/PHOTO-2024-12-03-17-13-17-e1733268749173.jpg\" \/>\n\t<meta property=\"og:image:width\" content=\"750\" \/>\n\t<meta property=\"og:image:height\" content=\"469\" \/>\n\t<meta property=\"og:image:type\" content=\"image\/jpeg\" \/>\n<meta name=\"author\" content=\"Nexo Informativo\" \/>\n<meta name=\"twitter:card\" content=\"summary_large_image\" \/>\n<meta name=\"twitter:label1\" content=\"Escrito por\" \/>\n\t<meta name=\"twitter:data1\" content=\"Nexo Informativo\" \/>\n\t<meta name=\"twitter:label2\" content=\"Tiempo de lectura\" \/>\n\t<meta name=\"twitter:data2\" content=\"2 minutos\" \/>\n<script type=\"application\/ld+json\" class=\"yoast-schema-graph\">{\"@context\":\"https:\/\/schema.org\",\"@graph\":[{\"@type\":\"Article\",\"@id\":\"https:\/\/www.nexoinformativo.mx\/index.php\/2024\/12\/03\/la-ofeq-te-invita-a-un-viaje-nostalgico-por-el-rock-y-el-pop-sinfonico-en-el-teatro-metropolitano\/#article\",\"isPartOf\":{\"@id\":\"https:\/\/www.nexoinformativo.mx\/index.php\/2024\/12\/03\/la-ofeq-te-invita-a-un-viaje-nostalgico-por-el-rock-y-el-pop-sinfonico-en-el-teatro-metropolitano\/\"},\"author\":{\"name\":\"Nexo Informativo\",\"@id\":\"https:\/\/www.nexoinformativo.mx\/#\/schema\/person\/7749d380ba08c8ca00d7bc76fd907b7d\"},\"headline\":\"La OFEQ te invita a un viaje nost\u00e1lgico por el rock y el pop sinf\u00f3nico en el Teatro Metropolitano\",\"datePublished\":\"2024-12-03T20:30:55+00:00\",\"dateModified\":\"2024-12-03T23:35:06+00:00\",\"mainEntityOfPage\":{\"@id\":\"https:\/\/www.nexoinformativo.mx\/index.php\/2024\/12\/03\/la-ofeq-te-invita-a-un-viaje-nostalgico-por-el-rock-y-el-pop-sinfonico-en-el-teatro-metropolitano\/\"},\"wordCount\":257,\"commentCount\":0,\"publisher\":{\"@id\":\"https:\/\/www.nexoinformativo.mx\/#organization\"},\"image\":{\"@id\":\"https:\/\/www.nexoinformativo.mx\/index.php\/2024\/12\/03\/la-ofeq-te-invita-a-un-viaje-nostalgico-por-el-rock-y-el-pop-sinfonico-en-el-teatro-metropolitano\/#primaryimage\"},\"thumbnailUrl\":\"https:\/\/www.nexoinformativo.mx\/wp-content\/uploads\/2024\/12\/PHOTO-2024-12-03-17-13-17-e1733268749173.jpg\",\"keywords\":[\"Concierto\",\"Nostalgia\",\"OFEQ\",\"Quer\u00e9taro\"],\"articleSection\":[\"Espect\u00e1culos\",\"\u00daltima Hora\"],\"inLanguage\":\"es\",\"potentialAction\":[{\"@type\":\"CommentAction\",\"name\":\"Comment\",\"target\":[\"https:\/\/www.nexoinformativo.mx\/index.php\/2024\/12\/03\/la-ofeq-te-invita-a-un-viaje-nostalgico-por-el-rock-y-el-pop-sinfonico-en-el-teatro-metropolitano\/#respond\"]}]},{\"@type\":\"WebPage\",\"@id\":\"https:\/\/www.nexoinformativo.mx\/index.php\/2024\/12\/03\/la-ofeq-te-invita-a-un-viaje-nostalgico-por-el-rock-y-el-pop-sinfonico-en-el-teatro-metropolitano\/\",\"url\":\"https:\/\/www.nexoinformativo.mx\/index.php\/2024\/12\/03\/la-ofeq-te-invita-a-un-viaje-nostalgico-por-el-rock-y-el-pop-sinfonico-en-el-teatro-metropolitano\/\",\"name\":\"La OFEQ te invita a un viaje nost\u00e1lgico por el rock y el pop sinf\u00f3nico en el Teatro Metropolitano | Nexo Informativo Santiago de Quer\u00e9taro\",\"isPartOf\":{\"@id\":\"https:\/\/www.nexoinformativo.mx\/#website\"},\"primaryImageOfPage\":{\"@id\":\"https:\/\/www.nexoinformativo.mx\/index.php\/2024\/12\/03\/la-ofeq-te-invita-a-un-viaje-nostalgico-por-el-rock-y-el-pop-sinfonico-en-el-teatro-metropolitano\/#primaryimage\"},\"image\":{\"@id\":\"https:\/\/www.nexoinformativo.mx\/index.php\/2024\/12\/03\/la-ofeq-te-invita-a-un-viaje-nostalgico-por-el-rock-y-el-pop-sinfonico-en-el-teatro-metropolitano\/#primaryimage\"},\"thumbnailUrl\":\"https:\/\/www.nexoinformativo.mx\/wp-content\/uploads\/2024\/12\/PHOTO-2024-12-03-17-13-17-e1733268749173.jpg\",\"datePublished\":\"2024-12-03T20:30:55+00:00\",\"dateModified\":\"2024-12-03T23:35:06+00:00\",\"description\":\"La OFEQ te invita a un viaje nost\u00e1lgico por el rock y el pop sinf\u00f3nico en el Teatro Metropolitano\",\"breadcrumb\":{\"@id\":\"https:\/\/www.nexoinformativo.mx\/index.php\/2024\/12\/03\/la-ofeq-te-invita-a-un-viaje-nostalgico-por-el-rock-y-el-pop-sinfonico-en-el-teatro-metropolitano\/#breadcrumb\"},\"inLanguage\":\"es\",\"potentialAction\":[{\"@type\":\"ReadAction\",\"target\":[\"https:\/\/www.nexoinformativo.mx\/index.php\/2024\/12\/03\/la-ofeq-te-invita-a-un-viaje-nostalgico-por-el-rock-y-el-pop-sinfonico-en-el-teatro-metropolitano\/\"]}]},{\"@type\":\"ImageObject\",\"inLanguage\":\"es\",\"@id\":\"https:\/\/www.nexoinformativo.mx\/index.php\/2024\/12\/03\/la-ofeq-te-invita-a-un-viaje-nostalgico-por-el-rock-y-el-pop-sinfonico-en-el-teatro-metropolitano\/#primaryimage\",\"url\":\"https:\/\/www.nexoinformativo.mx\/wp-content\/uploads\/2024\/12\/PHOTO-2024-12-03-17-13-17-e1733268749173.jpg\",\"contentUrl\":\"https:\/\/www.nexoinformativo.mx\/wp-content\/uploads\/2024\/12\/PHOTO-2024-12-03-17-13-17-e1733268749173.jpg\",\"width\":750,\"height\":469},{\"@type\":\"BreadcrumbList\",\"@id\":\"https:\/\/www.nexoinformativo.mx\/index.php\/2024\/12\/03\/la-ofeq-te-invita-a-un-viaje-nostalgico-por-el-rock-y-el-pop-sinfonico-en-el-teatro-metropolitano\/#breadcrumb\",\"itemListElement\":[{\"@type\":\"ListItem\",\"position\":1,\"name\":\"Inicio\",\"item\":\"https:\/\/www.nexoinformativo.mx\/\"},{\"@type\":\"ListItem\",\"position\":2,\"name\":\"La OFEQ te invita a un viaje nost\u00e1lgico por el rock y el pop sinf\u00f3nico en el Teatro Metropolitano\"}]},{\"@type\":\"WebSite\",\"@id\":\"https:\/\/www.nexoinformativo.mx\/#website\",\"url\":\"https:\/\/www.nexoinformativo.mx\/\",\"name\":\"Nexo Informativo Santiago de Quer\u00e9taro\",\"description\":\"Explora NexoInformativo y convi\u00e9rtete en parte de una comunidad que valora el conocimiento y la verdad. Tu nexoinformativo es tu puente hacia una comprensi\u00f3n m\u00e1s profunda del mundo que te rodea.\",\"publisher\":{\"@id\":\"https:\/\/www.nexoinformativo.mx\/#organization\"},\"potentialAction\":[{\"@type\":\"SearchAction\",\"target\":{\"@type\":\"EntryPoint\",\"urlTemplate\":\"https:\/\/www.nexoinformativo.mx\/?s={search_term_string}\"},\"query-input\":{\"@type\":\"PropertyValueSpecification\",\"valueRequired\":true,\"valueName\":\"search_term_string\"}}],\"inLanguage\":\"es\"},{\"@type\":\"Organization\",\"@id\":\"https:\/\/www.nexoinformativo.mx\/#organization\",\"name\":\"Nexo Informativo Santiago de Quer\u00e9taro\",\"url\":\"https:\/\/www.nexoinformativo.mx\/\",\"logo\":{\"@type\":\"ImageObject\",\"inLanguage\":\"es\",\"@id\":\"https:\/\/www.nexoinformativo.mx\/#\/schema\/logo\/image\/\",\"url\":\"https:\/\/www.nexoinformativo.mx\/wp-content\/uploads\/2024\/07\/nexoi-trasparente-2.png\",\"contentUrl\":\"https:\/\/www.nexoinformativo.mx\/wp-content\/uploads\/2024\/07\/nexoi-trasparente-2.png\",\"width\":816,\"height\":339,\"caption\":\"Nexo Informativo Santiago de Quer\u00e9taro\"},\"image\":{\"@id\":\"https:\/\/www.nexoinformativo.mx\/#\/schema\/logo\/image\/\"},\"sameAs\":[\"https:\/\/www.facebook.com\/people\/Nexo-Informativo\/61564066885511\/\"]},{\"@type\":\"Person\",\"@id\":\"https:\/\/www.nexoinformativo.mx\/#\/schema\/person\/7749d380ba08c8ca00d7bc76fd907b7d\",\"name\":\"Nexo Informativo\",\"image\":{\"@type\":\"ImageObject\",\"inLanguage\":\"es\",\"@id\":\"https:\/\/www.nexoinformativo.mx\/#\/schema\/person\/image\/\",\"url\":\"https:\/\/secure.gravatar.com\/avatar\/dde2928154642a13d95f87ddf1ea9718fe2b46760a005c53e41ff5ad610704e6?s=96&d=mm&r=g\",\"contentUrl\":\"https:\/\/secure.gravatar.com\/avatar\/dde2928154642a13d95f87ddf1ea9718fe2b46760a005c53e41ff5ad610704e6?s=96&d=mm&r=g\",\"caption\":\"Nexo Informativo\"},\"url\":\"https:\/\/www.nexoinformativo.mx\/index.php\/author\/edicion\/\"}]}<\/script>\n<!-- \/ Yoast SEO plugin. -->","yoast_head_json":{"title":"La OFEQ te invita a un viaje nost\u00e1lgico por el rock y el pop sinf\u00f3nico en el Teatro Metropolitano | Nexo Informativo Santiago de Quer\u00e9taro","description":"La OFEQ te invita a un viaje nost\u00e1lgico por el rock y el pop sinf\u00f3nico en el Teatro Metropolitano","robots":{"index":"index","follow":"follow","max-snippet":"max-snippet:-1","max-image-preview":"max-image-preview:large","max-video-preview":"max-video-preview:-1"},"canonical":"https:\/\/www.nexoinformativo.mx\/index.php\/2024\/12\/03\/la-ofeq-te-invita-a-un-viaje-nostalgico-por-el-rock-y-el-pop-sinfonico-en-el-teatro-metropolitano\/","og_locale":"es_MX","og_type":"article","og_title":"La OFEQ te invita a un viaje nost\u00e1lgico por el rock y el pop sinf\u00f3nico en el Teatro Metropolitano | Nexo Informativo Santiago de Quer\u00e9taro","og_description":"La OFEQ te invita a un viaje nost\u00e1lgico por el rock y el pop sinf\u00f3nico en el Teatro Metropolitano","og_url":"https:\/\/www.nexoinformativo.mx\/index.php\/2024\/12\/03\/la-ofeq-te-invita-a-un-viaje-nostalgico-por-el-rock-y-el-pop-sinfonico-en-el-teatro-metropolitano\/","og_site_name":"Nexo Informativo Santiago de Quer\u00e9taro","article_publisher":"https:\/\/www.facebook.com\/people\/Nexo-Informativo\/61564066885511\/","article_published_time":"2024-12-03T20:30:55+00:00","article_modified_time":"2024-12-03T23:35:06+00:00","og_image":[{"width":750,"height":469,"url":"https:\/\/www.nexoinformativo.mx\/wp-content\/uploads\/2024\/12\/PHOTO-2024-12-03-17-13-17-e1733268749173.jpg","type":"image\/jpeg"}],"author":"Nexo Informativo","twitter_card":"summary_large_image","twitter_misc":{"Escrito por":"Nexo Informativo","Tiempo de lectura":"2 minutos"},"schema":{"@context":"https:\/\/schema.org","@graph":[{"@type":"Article","@id":"https:\/\/www.nexoinformativo.mx\/index.php\/2024\/12\/03\/la-ofeq-te-invita-a-un-viaje-nostalgico-por-el-rock-y-el-pop-sinfonico-en-el-teatro-metropolitano\/#article","isPartOf":{"@id":"https:\/\/www.nexoinformativo.mx\/index.php\/2024\/12\/03\/la-ofeq-te-invita-a-un-viaje-nostalgico-por-el-rock-y-el-pop-sinfonico-en-el-teatro-metropolitano\/"},"author":{"name":"Nexo Informativo","@id":"https:\/\/www.nexoinformativo.mx\/#\/schema\/person\/7749d380ba08c8ca00d7bc76fd907b7d"},"headline":"La OFEQ te invita a un viaje nost\u00e1lgico por el rock y el pop sinf\u00f3nico en el Teatro Metropolitano","datePublished":"2024-12-03T20:30:55+00:00","dateModified":"2024-12-03T23:35:06+00:00","mainEntityOfPage":{"@id":"https:\/\/www.nexoinformativo.mx\/index.php\/2024\/12\/03\/la-ofeq-te-invita-a-un-viaje-nostalgico-por-el-rock-y-el-pop-sinfonico-en-el-teatro-metropolitano\/"},"wordCount":257,"commentCount":0,"publisher":{"@id":"https:\/\/www.nexoinformativo.mx\/#organization"},"image":{"@id":"https:\/\/www.nexoinformativo.mx\/index.php\/2024\/12\/03\/la-ofeq-te-invita-a-un-viaje-nostalgico-por-el-rock-y-el-pop-sinfonico-en-el-teatro-metropolitano\/#primaryimage"},"thumbnailUrl":"https:\/\/www.nexoinformativo.mx\/wp-content\/uploads\/2024\/12\/PHOTO-2024-12-03-17-13-17-e1733268749173.jpg","keywords":["Concierto","Nostalgia","OFEQ","Quer\u00e9taro"],"articleSection":["Espect\u00e1culos","\u00daltima Hora"],"inLanguage":"es","potentialAction":[{"@type":"CommentAction","name":"Comment","target":["https:\/\/www.nexoinformativo.mx\/index.php\/2024\/12\/03\/la-ofeq-te-invita-a-un-viaje-nostalgico-por-el-rock-y-el-pop-sinfonico-en-el-teatro-metropolitano\/#respond"]}]},{"@type":"WebPage","@id":"https:\/\/www.nexoinformativo.mx\/index.php\/2024\/12\/03\/la-ofeq-te-invita-a-un-viaje-nostalgico-por-el-rock-y-el-pop-sinfonico-en-el-teatro-metropolitano\/","url":"https:\/\/www.nexoinformativo.mx\/index.php\/2024\/12\/03\/la-ofeq-te-invita-a-un-viaje-nostalgico-por-el-rock-y-el-pop-sinfonico-en-el-teatro-metropolitano\/","name":"La OFEQ te invita a un viaje nost\u00e1lgico por el rock y el pop sinf\u00f3nico en el Teatro Metropolitano | Nexo Informativo Santiago de Quer\u00e9taro","isPartOf":{"@id":"https:\/\/www.nexoinformativo.mx\/#website"},"primaryImageOfPage":{"@id":"https:\/\/www.nexoinformativo.mx\/index.php\/2024\/12\/03\/la-ofeq-te-invita-a-un-viaje-nostalgico-por-el-rock-y-el-pop-sinfonico-en-el-teatro-metropolitano\/#primaryimage"},"image":{"@id":"https:\/\/www.nexoinformativo.mx\/index.php\/2024\/12\/03\/la-ofeq-te-invita-a-un-viaje-nostalgico-por-el-rock-y-el-pop-sinfonico-en-el-teatro-metropolitano\/#primaryimage"},"thumbnailUrl":"https:\/\/www.nexoinformativo.mx\/wp-content\/uploads\/2024\/12\/PHOTO-2024-12-03-17-13-17-e1733268749173.jpg","datePublished":"2024-12-03T20:30:55+00:00","dateModified":"2024-12-03T23:35:06+00:00","description":"La OFEQ te invita a un viaje nost\u00e1lgico por el rock y el pop sinf\u00f3nico en el Teatro Metropolitano","breadcrumb":{"@id":"https:\/\/www.nexoinformativo.mx\/index.php\/2024\/12\/03\/la-ofeq-te-invita-a-un-viaje-nostalgico-por-el-rock-y-el-pop-sinfonico-en-el-teatro-metropolitano\/#breadcrumb"},"inLanguage":"es","potentialAction":[{"@type":"ReadAction","target":["https:\/\/www.nexoinformativo.mx\/index.php\/2024\/12\/03\/la-ofeq-te-invita-a-un-viaje-nostalgico-por-el-rock-y-el-pop-sinfonico-en-el-teatro-metropolitano\/"]}]},{"@type":"ImageObject","inLanguage":"es","@id":"https:\/\/www.nexoinformativo.mx\/index.php\/2024\/12\/03\/la-ofeq-te-invita-a-un-viaje-nostalgico-por-el-rock-y-el-pop-sinfonico-en-el-teatro-metropolitano\/#primaryimage","url":"https:\/\/www.nexoinformativo.mx\/wp-content\/uploads\/2024\/12\/PHOTO-2024-12-03-17-13-17-e1733268749173.jpg","contentUrl":"https:\/\/www.nexoinformativo.mx\/wp-content\/uploads\/2024\/12\/PHOTO-2024-12-03-17-13-17-e1733268749173.jpg","width":750,"height":469},{"@type":"BreadcrumbList","@id":"https:\/\/www.nexoinformativo.mx\/index.php\/2024\/12\/03\/la-ofeq-te-invita-a-un-viaje-nostalgico-por-el-rock-y-el-pop-sinfonico-en-el-teatro-metropolitano\/#breadcrumb","itemListElement":[{"@type":"ListItem","position":1,"name":"Inicio","item":"https:\/\/www.nexoinformativo.mx\/"},{"@type":"ListItem","position":2,"name":"La OFEQ te invita a un viaje nost\u00e1lgico por el rock y el pop sinf\u00f3nico en el Teatro Metropolitano"}]},{"@type":"WebSite","@id":"https:\/\/www.nexoinformativo.mx\/#website","url":"https:\/\/www.nexoinformativo.mx\/","name":"Nexo Informativo Santiago de Quer\u00e9taro","description":"Explora NexoInformativo y convi\u00e9rtete en parte de una comunidad que valora el conocimiento y la verdad. Tu nexoinformativo es tu puente hacia una comprensi\u00f3n m\u00e1s profunda del mundo que te rodea.","publisher":{"@id":"https:\/\/www.nexoinformativo.mx\/#organization"},"potentialAction":[{"@type":"SearchAction","target":{"@type":"EntryPoint","urlTemplate":"https:\/\/www.nexoinformativo.mx\/?s={search_term_string}"},"query-input":{"@type":"PropertyValueSpecification","valueRequired":true,"valueName":"search_term_string"}}],"inLanguage":"es"},{"@type":"Organization","@id":"https:\/\/www.nexoinformativo.mx\/#organization","name":"Nexo Informativo Santiago de Quer\u00e9taro","url":"https:\/\/www.nexoinformativo.mx\/","logo":{"@type":"ImageObject","inLanguage":"es","@id":"https:\/\/www.nexoinformativo.mx\/#\/schema\/logo\/image\/","url":"https:\/\/www.nexoinformativo.mx\/wp-content\/uploads\/2024\/07\/nexoi-trasparente-2.png","contentUrl":"https:\/\/www.nexoinformativo.mx\/wp-content\/uploads\/2024\/07\/nexoi-trasparente-2.png","width":816,"height":339,"caption":"Nexo Informativo Santiago de Quer\u00e9taro"},"image":{"@id":"https:\/\/www.nexoinformativo.mx\/#\/schema\/logo\/image\/"},"sameAs":["https:\/\/www.facebook.com\/people\/Nexo-Informativo\/61564066885511\/"]},{"@type":"Person","@id":"https:\/\/www.nexoinformativo.mx\/#\/schema\/person\/7749d380ba08c8ca00d7bc76fd907b7d","name":"Nexo Informativo","image":{"@type":"ImageObject","inLanguage":"es","@id":"https:\/\/www.nexoinformativo.mx\/#\/schema\/person\/image\/","url":"https:\/\/secure.gravatar.com\/avatar\/dde2928154642a13d95f87ddf1ea9718fe2b46760a005c53e41ff5ad610704e6?s=96&d=mm&r=g","contentUrl":"https:\/\/secure.gravatar.com\/avatar\/dde2928154642a13d95f87ddf1ea9718fe2b46760a005c53e41ff5ad610704e6?s=96&d=mm&r=g","caption":"Nexo Informativo"},"url":"https:\/\/www.nexoinformativo.mx\/index.php\/author\/edicion\/"}]}},"_links":{"self":[{"href":"https:\/\/www.nexoinformativo.mx\/index.php\/wp-json\/wp\/v2\/posts\/7470","targetHints":{"allow":["GET"]}}],"collection":[{"href":"https:\/\/www.nexoinformativo.mx\/index.php\/wp-json\/wp\/v2\/posts"}],"about":[{"href":"https:\/\/www.nexoinformativo.mx\/index.php\/wp-json\/wp\/v2\/types\/post"}],"author":[{"embeddable":true,"href":"https:\/\/www.nexoinformativo.mx\/index.php\/wp-json\/wp\/v2\/users\/3"}],"replies":[{"embeddable":true,"href":"https:\/\/www.nexoinformativo.mx\/index.php\/wp-json\/wp\/v2\/comments?post=7470"}],"version-history":[{"count":7,"href":"https:\/\/www.nexoinformativo.mx\/index.php\/wp-json\/wp\/v2\/posts\/7470\/revisions"}],"predecessor-version":[{"id":7474,"href":"https:\/\/www.nexoinformativo.mx\/index.php\/wp-json\/wp\/v2\/posts\/7470\/revisions\/7474"}],"wp:featuredmedia":[{"embeddable":true,"href":"https:\/\/www.nexoinformativo.mx\/index.php\/wp-json\/wp\/v2\/media\/7471"}],"wp:attachment":[{"href":"https:\/\/www.nexoinformativo.mx\/index.php\/wp-json\/wp\/v2\/media?parent=7470"}],"wp:term":[{"taxonomy":"category","embeddable":true,"href":"https:\/\/www.nexoinformativo.mx\/index.php\/wp-json\/wp\/v2\/categories?post=7470"},{"taxonomy":"post_tag","embeddable":true,"href":"https:\/\/www.nexoinformativo.mx\/index.php\/wp-json\/wp\/v2\/tags?post=7470"}],"curies":[{"name":"wp","href":"https:\/\/api.w.org\/{rel}","templated":true}]}}