{"id":7479,"date":"2024-12-03T15:00:34","date_gmt":"2024-12-03T21:00:34","guid":{"rendered":"https:\/\/www.nexoinformativo.mx\/?p=7479"},"modified":"2024-12-03T17:41:49","modified_gmt":"2024-12-03T23:41:49","slug":"el-aifa-conquista-paris-reconocido-como-uno-de-los-aeropuertos-mas-bellos-del-mundo","status":"publish","type":"post","link":"https:\/\/www.nexoinformativo.mx\/index.php\/2024\/12\/03\/el-aifa-conquista-paris-reconocido-como-uno-de-los-aeropuertos-mas-bellos-del-mundo\/","title":{"rendered":"El AIFA conquista Par\u00eds: Reconocido como uno de los aeropuertos m\u00e1s bellos del mundo"},"content":{"rendered":"<p style=\"text-align: justify;\" data-sourcepos=\"9:1-9:290\"><strong>El Aeropuerto Internacional Felipe \u00c1ngeles<\/strong> (AIFA) sigue cosechando reconocimientos a nivel internacional. En una ceremonia realizada en Par\u00eds, Francia, el AIFA fue galardonado con el prestigioso premio <strong>Prix Versailles<\/strong>, que lo posiciona como uno de los seis aeropuertos m\u00e1s bellos del mundo.<\/p>\n<p>&nbsp;<\/p>\n<p style=\"text-align: justify;\" data-sourcepos=\"11:1-11:351\">El general Gustavo Vallejo, comandante del Agrupamiento de Ingenieros Militares Felipe \u00c1ngeles, recibi\u00f3 el premio en nombre del aeropuerto mexicano. Este reconocimiento destaca la belleza arquitect\u00f3nica, la innovaci\u00f3n y la eficiencia del AIFA, que fue dise\u00f1ado y construido en tiempo r\u00e9cord por el Cuerpo de Ingenieros Militares del Ej\u00e9rcito Mexicano.<\/p>\n<p>&nbsp;<\/p>\n<p style=\"text-align: justify;\" data-sourcepos=\"13:1-13:273\"><strong>&#8220;El AIFA fomenta la difusi\u00f3n de la cultura mexicana, a trav\u00e9s de su propia infraestructura y dise\u00f1o&#8221;<\/strong>, se\u00f1al\u00f3 el aeropuerto en un comunicado. Su arquitectura refleja la historia y las tradiciones mexicanas, convirti\u00e9ndolo en un verdadero embajador de nuestro pa\u00eds.<\/p>\n<p>&nbsp;<\/p>\n<p style=\"text-align: justify;\" data-sourcepos=\"15:1-15:273\">El premio Prix Versailles reconoce a las estructuras arquitect\u00f3nicas que destacan por su innovaci\u00f3n, creatividad y respeto al medio ambiente. El AIFA, junto con aeropuertos de ciudades como Abu Dhabi, Singapur y Bangkok, ha sido seleccionado por su belleza y funcionalidad.<\/p>\n<p>&nbsp;<\/p>\n<p style=\"text-align: justify;\" data-sourcepos=\"17:1-17:201\">Este reconocimiento es un motivo de orgullo para M\u00e9xico y demuestra que el AIFA es mucho m\u00e1s que un aeropuerto. Es una obra de ingenier\u00eda y arquitectura que ha puesto a nuestro pa\u00eds en el mapa mundial.<\/p>\n<p>&nbsp;<\/p>\n<p style=\"text-align: center;\" data-sourcepos=\"17:1-17:201\"><em><strong>\u00a1Informaci\u00f3n que transforma!<\/strong><\/em><\/p>\n","protected":false},"excerpt":{"rendered":"<p>El Aeropuerto Internacional Felipe \u00c1ngeles (AIFA) sigue cosechando reconocimientos a nivel internacional. En una ceremonia realizada en Par\u00eds, Francia, el AIFA fue galardonado con el prestigioso premio Prix Versailles, que lo posiciona como uno de los seis aeropuertos m\u00e1s bellos del mundo.<\/p>\n","protected":false},"author":3,"featured_media":7480,"comment_status":"open","ping_status":"open","sticky":false,"template":"","format":"standard","meta":{"footnotes":""},"categories":[88,58],"tags":[2495,2497,1610,2496],"class_list":["post-7479","post","type-post","status-publish","format-standard","has-post-thumbnail","hentry","category-nacional","category-ultima-hora","tag-aifa","tag-arquitectura","tag-mexico","tag-premiointernacional"],"yoast_head":"<!-- This site is optimized with the Yoast SEO plugin v25.0 - https:\/\/yoast.com\/wordpress\/plugins\/seo\/ -->\n<title>El AIFA conquista Par\u00eds: Reconocido como uno de los aeropuertos m\u00e1s bellos del mundo | Nexo Informativo Santiago de Quer\u00e9taro<\/title>\n<meta name=\"description\" content=\"El AIFA conquista el mundo: Reconocido como uno de los aeropuertos m\u00e1s bellos\" \/>\n<meta name=\"robots\" content=\"index, follow, max-snippet:-1, max-image-preview:large, max-video-preview:-1\" \/>\n<link rel=\"canonical\" href=\"https:\/\/www.nexoinformativo.mx\/index.php\/2024\/12\/03\/el-aifa-conquista-paris-reconocido-como-uno-de-los-aeropuertos-mas-bellos-del-mundo\/\" \/>\n<meta property=\"og:locale\" content=\"es_MX\" \/>\n<meta property=\"og:type\" content=\"article\" \/>\n<meta property=\"og:title\" content=\"El AIFA conquista Par\u00eds: Reconocido como uno de los aeropuertos m\u00e1s bellos del mundo | Nexo Informativo Santiago de Quer\u00e9taro\" \/>\n<meta property=\"og:description\" content=\"El AIFA conquista el mundo: Reconocido como uno de los aeropuertos m\u00e1s bellos\" \/>\n<meta property=\"og:url\" content=\"https:\/\/www.nexoinformativo.mx\/index.php\/2024\/12\/03\/el-aifa-conquista-paris-reconocido-como-uno-de-los-aeropuertos-mas-bellos-del-mundo\/\" \/>\n<meta property=\"og:site_name\" content=\"Nexo Informativo Santiago de Quer\u00e9taro\" \/>\n<meta property=\"article:publisher\" content=\"https:\/\/www.facebook.com\/people\/Nexo-Informativo\/61564066885511\/\" \/>\n<meta property=\"article:published_time\" content=\"2024-12-03T21:00:34+00:00\" \/>\n<meta property=\"article:modified_time\" content=\"2024-12-03T23:41:49+00:00\" \/>\n<meta property=\"og:image\" content=\"https:\/\/www.nexoinformativo.mx\/wp-content\/uploads\/2024\/12\/IMG_8346-e1733269258541.jpg\" \/>\n\t<meta property=\"og:image:width\" content=\"800\" \/>\n\t<meta property=\"og:image:height\" content=\"486\" \/>\n\t<meta property=\"og:image:type\" content=\"image\/jpeg\" \/>\n<meta name=\"author\" content=\"Nexo Informativo\" \/>\n<meta name=\"twitter:card\" content=\"summary_large_image\" \/>\n<meta name=\"twitter:label1\" content=\"Escrito por\" \/>\n\t<meta name=\"twitter:data1\" content=\"Nexo Informativo\" \/>\n\t<meta name=\"twitter:label2\" content=\"Tiempo de lectura\" \/>\n\t<meta name=\"twitter:data2\" content=\"2 minutos\" \/>\n<script type=\"application\/ld+json\" class=\"yoast-schema-graph\">{\"@context\":\"https:\/\/schema.org\",\"@graph\":[{\"@type\":\"Article\",\"@id\":\"https:\/\/www.nexoinformativo.mx\/index.php\/2024\/12\/03\/el-aifa-conquista-paris-reconocido-como-uno-de-los-aeropuertos-mas-bellos-del-mundo\/#article\",\"isPartOf\":{\"@id\":\"https:\/\/www.nexoinformativo.mx\/index.php\/2024\/12\/03\/el-aifa-conquista-paris-reconocido-como-uno-de-los-aeropuertos-mas-bellos-del-mundo\/\"},\"author\":{\"name\":\"Nexo Informativo\",\"@id\":\"https:\/\/www.nexoinformativo.mx\/#\/schema\/person\/7749d380ba08c8ca00d7bc76fd907b7d\"},\"headline\":\"El AIFA conquista Par\u00eds: Reconocido como uno de los aeropuertos m\u00e1s bellos del mundo\",\"datePublished\":\"2024-12-03T21:00:34+00:00\",\"dateModified\":\"2024-12-03T23:41:49+00:00\",\"mainEntityOfPage\":{\"@id\":\"https:\/\/www.nexoinformativo.mx\/index.php\/2024\/12\/03\/el-aifa-conquista-paris-reconocido-como-uno-de-los-aeropuertos-mas-bellos-del-mundo\/\"},\"wordCount\":254,\"commentCount\":0,\"publisher\":{\"@id\":\"https:\/\/www.nexoinformativo.mx\/#organization\"},\"image\":{\"@id\":\"https:\/\/www.nexoinformativo.mx\/index.php\/2024\/12\/03\/el-aifa-conquista-paris-reconocido-como-uno-de-los-aeropuertos-mas-bellos-del-mundo\/#primaryimage\"},\"thumbnailUrl\":\"https:\/\/www.nexoinformativo.mx\/wp-content\/uploads\/2024\/12\/IMG_8346-e1733269258541.jpg\",\"keywords\":[\"AIFA\",\"Arquitectura\",\"M\u00e9xico\",\"PremioInternacional\"],\"articleSection\":[\"Nacional\",\"\u00daltima Hora\"],\"inLanguage\":\"es\",\"potentialAction\":[{\"@type\":\"CommentAction\",\"name\":\"Comment\",\"target\":[\"https:\/\/www.nexoinformativo.mx\/index.php\/2024\/12\/03\/el-aifa-conquista-paris-reconocido-como-uno-de-los-aeropuertos-mas-bellos-del-mundo\/#respond\"]}]},{\"@type\":\"WebPage\",\"@id\":\"https:\/\/www.nexoinformativo.mx\/index.php\/2024\/12\/03\/el-aifa-conquista-paris-reconocido-como-uno-de-los-aeropuertos-mas-bellos-del-mundo\/\",\"url\":\"https:\/\/www.nexoinformativo.mx\/index.php\/2024\/12\/03\/el-aifa-conquista-paris-reconocido-como-uno-de-los-aeropuertos-mas-bellos-del-mundo\/\",\"name\":\"El AIFA conquista Par\u00eds: Reconocido como uno de los aeropuertos m\u00e1s bellos del mundo | Nexo Informativo Santiago de Quer\u00e9taro\",\"isPartOf\":{\"@id\":\"https:\/\/www.nexoinformativo.mx\/#website\"},\"primaryImageOfPage\":{\"@id\":\"https:\/\/www.nexoinformativo.mx\/index.php\/2024\/12\/03\/el-aifa-conquista-paris-reconocido-como-uno-de-los-aeropuertos-mas-bellos-del-mundo\/#primaryimage\"},\"image\":{\"@id\":\"https:\/\/www.nexoinformativo.mx\/index.php\/2024\/12\/03\/el-aifa-conquista-paris-reconocido-como-uno-de-los-aeropuertos-mas-bellos-del-mundo\/#primaryimage\"},\"thumbnailUrl\":\"https:\/\/www.nexoinformativo.mx\/wp-content\/uploads\/2024\/12\/IMG_8346-e1733269258541.jpg\",\"datePublished\":\"2024-12-03T21:00:34+00:00\",\"dateModified\":\"2024-12-03T23:41:49+00:00\",\"description\":\"El AIFA conquista el mundo: Reconocido como uno de los aeropuertos m\u00e1s bellos\",\"breadcrumb\":{\"@id\":\"https:\/\/www.nexoinformativo.mx\/index.php\/2024\/12\/03\/el-aifa-conquista-paris-reconocido-como-uno-de-los-aeropuertos-mas-bellos-del-mundo\/#breadcrumb\"},\"inLanguage\":\"es\",\"potentialAction\":[{\"@type\":\"ReadAction\",\"target\":[\"https:\/\/www.nexoinformativo.mx\/index.php\/2024\/12\/03\/el-aifa-conquista-paris-reconocido-como-uno-de-los-aeropuertos-mas-bellos-del-mundo\/\"]}]},{\"@type\":\"ImageObject\",\"inLanguage\":\"es\",\"@id\":\"https:\/\/www.nexoinformativo.mx\/index.php\/2024\/12\/03\/el-aifa-conquista-paris-reconocido-como-uno-de-los-aeropuertos-mas-bellos-del-mundo\/#primaryimage\",\"url\":\"https:\/\/www.nexoinformativo.mx\/wp-content\/uploads\/2024\/12\/IMG_8346-e1733269258541.jpg\",\"contentUrl\":\"https:\/\/www.nexoinformativo.mx\/wp-content\/uploads\/2024\/12\/IMG_8346-e1733269258541.jpg\",\"width\":800,\"height\":486},{\"@type\":\"BreadcrumbList\",\"@id\":\"https:\/\/www.nexoinformativo.mx\/index.php\/2024\/12\/03\/el-aifa-conquista-paris-reconocido-como-uno-de-los-aeropuertos-mas-bellos-del-mundo\/#breadcrumb\",\"itemListElement\":[{\"@type\":\"ListItem\",\"position\":1,\"name\":\"Inicio\",\"item\":\"https:\/\/www.nexoinformativo.mx\/\"},{\"@type\":\"ListItem\",\"position\":2,\"name\":\"El AIFA conquista Par\u00eds: Reconocido como uno de los aeropuertos m\u00e1s bellos del mundo\"}]},{\"@type\":\"WebSite\",\"@id\":\"https:\/\/www.nexoinformativo.mx\/#website\",\"url\":\"https:\/\/www.nexoinformativo.mx\/\",\"name\":\"Nexo Informativo Santiago de Quer\u00e9taro\",\"description\":\"Explora NexoInformativo y convi\u00e9rtete en parte de una comunidad que valora el conocimiento y la verdad. Tu nexoinformativo es tu puente hacia una comprensi\u00f3n m\u00e1s profunda del mundo que te rodea.\",\"publisher\":{\"@id\":\"https:\/\/www.nexoinformativo.mx\/#organization\"},\"potentialAction\":[{\"@type\":\"SearchAction\",\"target\":{\"@type\":\"EntryPoint\",\"urlTemplate\":\"https:\/\/www.nexoinformativo.mx\/?s={search_term_string}\"},\"query-input\":{\"@type\":\"PropertyValueSpecification\",\"valueRequired\":true,\"valueName\":\"search_term_string\"}}],\"inLanguage\":\"es\"},{\"@type\":\"Organization\",\"@id\":\"https:\/\/www.nexoinformativo.mx\/#organization\",\"name\":\"Nexo Informativo Santiago de Quer\u00e9taro\",\"url\":\"https:\/\/www.nexoinformativo.mx\/\",\"logo\":{\"@type\":\"ImageObject\",\"inLanguage\":\"es\",\"@id\":\"https:\/\/www.nexoinformativo.mx\/#\/schema\/logo\/image\/\",\"url\":\"https:\/\/www.nexoinformativo.mx\/wp-content\/uploads\/2024\/07\/nexoi-trasparente-2.png\",\"contentUrl\":\"https:\/\/www.nexoinformativo.mx\/wp-content\/uploads\/2024\/07\/nexoi-trasparente-2.png\",\"width\":816,\"height\":339,\"caption\":\"Nexo Informativo Santiago de Quer\u00e9taro\"},\"image\":{\"@id\":\"https:\/\/www.nexoinformativo.mx\/#\/schema\/logo\/image\/\"},\"sameAs\":[\"https:\/\/www.facebook.com\/people\/Nexo-Informativo\/61564066885511\/\"]},{\"@type\":\"Person\",\"@id\":\"https:\/\/www.nexoinformativo.mx\/#\/schema\/person\/7749d380ba08c8ca00d7bc76fd907b7d\",\"name\":\"Nexo Informativo\",\"image\":{\"@type\":\"ImageObject\",\"inLanguage\":\"es\",\"@id\":\"https:\/\/www.nexoinformativo.mx\/#\/schema\/person\/image\/\",\"url\":\"https:\/\/secure.gravatar.com\/avatar\/dde2928154642a13d95f87ddf1ea9718fe2b46760a005c53e41ff5ad610704e6?s=96&d=mm&r=g\",\"contentUrl\":\"https:\/\/secure.gravatar.com\/avatar\/dde2928154642a13d95f87ddf1ea9718fe2b46760a005c53e41ff5ad610704e6?s=96&d=mm&r=g\",\"caption\":\"Nexo Informativo\"},\"url\":\"https:\/\/www.nexoinformativo.mx\/index.php\/author\/edicion\/\"}]}<\/script>\n<!-- \/ Yoast SEO plugin. -->","yoast_head_json":{"title":"El AIFA conquista Par\u00eds: Reconocido como uno de los aeropuertos m\u00e1s bellos del mundo | Nexo Informativo Santiago de Quer\u00e9taro","description":"El AIFA conquista el mundo: Reconocido como uno de los aeropuertos m\u00e1s bellos","robots":{"index":"index","follow":"follow","max-snippet":"max-snippet:-1","max-image-preview":"max-image-preview:large","max-video-preview":"max-video-preview:-1"},"canonical":"https:\/\/www.nexoinformativo.mx\/index.php\/2024\/12\/03\/el-aifa-conquista-paris-reconocido-como-uno-de-los-aeropuertos-mas-bellos-del-mundo\/","og_locale":"es_MX","og_type":"article","og_title":"El AIFA conquista Par\u00eds: Reconocido como uno de los aeropuertos m\u00e1s bellos del mundo | Nexo Informativo Santiago de Quer\u00e9taro","og_description":"El AIFA conquista el mundo: Reconocido como uno de los aeropuertos m\u00e1s bellos","og_url":"https:\/\/www.nexoinformativo.mx\/index.php\/2024\/12\/03\/el-aifa-conquista-paris-reconocido-como-uno-de-los-aeropuertos-mas-bellos-del-mundo\/","og_site_name":"Nexo Informativo Santiago de Quer\u00e9taro","article_publisher":"https:\/\/www.facebook.com\/people\/Nexo-Informativo\/61564066885511\/","article_published_time":"2024-12-03T21:00:34+00:00","article_modified_time":"2024-12-03T23:41:49+00:00","og_image":[{"width":800,"height":486,"url":"https:\/\/www.nexoinformativo.mx\/wp-content\/uploads\/2024\/12\/IMG_8346-e1733269258541.jpg","type":"image\/jpeg"}],"author":"Nexo Informativo","twitter_card":"summary_large_image","twitter_misc":{"Escrito por":"Nexo Informativo","Tiempo de lectura":"2 minutos"},"schema":{"@context":"https:\/\/schema.org","@graph":[{"@type":"Article","@id":"https:\/\/www.nexoinformativo.mx\/index.php\/2024\/12\/03\/el-aifa-conquista-paris-reconocido-como-uno-de-los-aeropuertos-mas-bellos-del-mundo\/#article","isPartOf":{"@id":"https:\/\/www.nexoinformativo.mx\/index.php\/2024\/12\/03\/el-aifa-conquista-paris-reconocido-como-uno-de-los-aeropuertos-mas-bellos-del-mundo\/"},"author":{"name":"Nexo Informativo","@id":"https:\/\/www.nexoinformativo.mx\/#\/schema\/person\/7749d380ba08c8ca00d7bc76fd907b7d"},"headline":"El AIFA conquista Par\u00eds: Reconocido como uno de los aeropuertos m\u00e1s bellos del mundo","datePublished":"2024-12-03T21:00:34+00:00","dateModified":"2024-12-03T23:41:49+00:00","mainEntityOfPage":{"@id":"https:\/\/www.nexoinformativo.mx\/index.php\/2024\/12\/03\/el-aifa-conquista-paris-reconocido-como-uno-de-los-aeropuertos-mas-bellos-del-mundo\/"},"wordCount":254,"commentCount":0,"publisher":{"@id":"https:\/\/www.nexoinformativo.mx\/#organization"},"image":{"@id":"https:\/\/www.nexoinformativo.mx\/index.php\/2024\/12\/03\/el-aifa-conquista-paris-reconocido-como-uno-de-los-aeropuertos-mas-bellos-del-mundo\/#primaryimage"},"thumbnailUrl":"https:\/\/www.nexoinformativo.mx\/wp-content\/uploads\/2024\/12\/IMG_8346-e1733269258541.jpg","keywords":["AIFA","Arquitectura","M\u00e9xico","PremioInternacional"],"articleSection":["Nacional","\u00daltima Hora"],"inLanguage":"es","potentialAction":[{"@type":"CommentAction","name":"Comment","target":["https:\/\/www.nexoinformativo.mx\/index.php\/2024\/12\/03\/el-aifa-conquista-paris-reconocido-como-uno-de-los-aeropuertos-mas-bellos-del-mundo\/#respond"]}]},{"@type":"WebPage","@id":"https:\/\/www.nexoinformativo.mx\/index.php\/2024\/12\/03\/el-aifa-conquista-paris-reconocido-como-uno-de-los-aeropuertos-mas-bellos-del-mundo\/","url":"https:\/\/www.nexoinformativo.mx\/index.php\/2024\/12\/03\/el-aifa-conquista-paris-reconocido-como-uno-de-los-aeropuertos-mas-bellos-del-mundo\/","name":"El AIFA conquista Par\u00eds: Reconocido como uno de los aeropuertos m\u00e1s bellos del mundo | Nexo Informativo Santiago de Quer\u00e9taro","isPartOf":{"@id":"https:\/\/www.nexoinformativo.mx\/#website"},"primaryImageOfPage":{"@id":"https:\/\/www.nexoinformativo.mx\/index.php\/2024\/12\/03\/el-aifa-conquista-paris-reconocido-como-uno-de-los-aeropuertos-mas-bellos-del-mundo\/#primaryimage"},"image":{"@id":"https:\/\/www.nexoinformativo.mx\/index.php\/2024\/12\/03\/el-aifa-conquista-paris-reconocido-como-uno-de-los-aeropuertos-mas-bellos-del-mundo\/#primaryimage"},"thumbnailUrl":"https:\/\/www.nexoinformativo.mx\/wp-content\/uploads\/2024\/12\/IMG_8346-e1733269258541.jpg","datePublished":"2024-12-03T21:00:34+00:00","dateModified":"2024-12-03T23:41:49+00:00","description":"El AIFA conquista el mundo: Reconocido como uno de los aeropuertos m\u00e1s bellos","breadcrumb":{"@id":"https:\/\/www.nexoinformativo.mx\/index.php\/2024\/12\/03\/el-aifa-conquista-paris-reconocido-como-uno-de-los-aeropuertos-mas-bellos-del-mundo\/#breadcrumb"},"inLanguage":"es","potentialAction":[{"@type":"ReadAction","target":["https:\/\/www.nexoinformativo.mx\/index.php\/2024\/12\/03\/el-aifa-conquista-paris-reconocido-como-uno-de-los-aeropuertos-mas-bellos-del-mundo\/"]}]},{"@type":"ImageObject","inLanguage":"es","@id":"https:\/\/www.nexoinformativo.mx\/index.php\/2024\/12\/03\/el-aifa-conquista-paris-reconocido-como-uno-de-los-aeropuertos-mas-bellos-del-mundo\/#primaryimage","url":"https:\/\/www.nexoinformativo.mx\/wp-content\/uploads\/2024\/12\/IMG_8346-e1733269258541.jpg","contentUrl":"https:\/\/www.nexoinformativo.mx\/wp-content\/uploads\/2024\/12\/IMG_8346-e1733269258541.jpg","width":800,"height":486},{"@type":"BreadcrumbList","@id":"https:\/\/www.nexoinformativo.mx\/index.php\/2024\/12\/03\/el-aifa-conquista-paris-reconocido-como-uno-de-los-aeropuertos-mas-bellos-del-mundo\/#breadcrumb","itemListElement":[{"@type":"ListItem","position":1,"name":"Inicio","item":"https:\/\/www.nexoinformativo.mx\/"},{"@type":"ListItem","position":2,"name":"El AIFA conquista Par\u00eds: Reconocido como uno de los aeropuertos m\u00e1s bellos del mundo"}]},{"@type":"WebSite","@id":"https:\/\/www.nexoinformativo.mx\/#website","url":"https:\/\/www.nexoinformativo.mx\/","name":"Nexo Informativo Santiago de Quer\u00e9taro","description":"Explora NexoInformativo y convi\u00e9rtete en parte de una comunidad que valora el conocimiento y la verdad. Tu nexoinformativo es tu puente hacia una comprensi\u00f3n m\u00e1s profunda del mundo que te rodea.","publisher":{"@id":"https:\/\/www.nexoinformativo.mx\/#organization"},"potentialAction":[{"@type":"SearchAction","target":{"@type":"EntryPoint","urlTemplate":"https:\/\/www.nexoinformativo.mx\/?s={search_term_string}"},"query-input":{"@type":"PropertyValueSpecification","valueRequired":true,"valueName":"search_term_string"}}],"inLanguage":"es"},{"@type":"Organization","@id":"https:\/\/www.nexoinformativo.mx\/#organization","name":"Nexo Informativo Santiago de Quer\u00e9taro","url":"https:\/\/www.nexoinformativo.mx\/","logo":{"@type":"ImageObject","inLanguage":"es","@id":"https:\/\/www.nexoinformativo.mx\/#\/schema\/logo\/image\/","url":"https:\/\/www.nexoinformativo.mx\/wp-content\/uploads\/2024\/07\/nexoi-trasparente-2.png","contentUrl":"https:\/\/www.nexoinformativo.mx\/wp-content\/uploads\/2024\/07\/nexoi-trasparente-2.png","width":816,"height":339,"caption":"Nexo Informativo Santiago de Quer\u00e9taro"},"image":{"@id":"https:\/\/www.nexoinformativo.mx\/#\/schema\/logo\/image\/"},"sameAs":["https:\/\/www.facebook.com\/people\/Nexo-Informativo\/61564066885511\/"]},{"@type":"Person","@id":"https:\/\/www.nexoinformativo.mx\/#\/schema\/person\/7749d380ba08c8ca00d7bc76fd907b7d","name":"Nexo Informativo","image":{"@type":"ImageObject","inLanguage":"es","@id":"https:\/\/www.nexoinformativo.mx\/#\/schema\/person\/image\/","url":"https:\/\/secure.gravatar.com\/avatar\/dde2928154642a13d95f87ddf1ea9718fe2b46760a005c53e41ff5ad610704e6?s=96&d=mm&r=g","contentUrl":"https:\/\/secure.gravatar.com\/avatar\/dde2928154642a13d95f87ddf1ea9718fe2b46760a005c53e41ff5ad610704e6?s=96&d=mm&r=g","caption":"Nexo Informativo"},"url":"https:\/\/www.nexoinformativo.mx\/index.php\/author\/edicion\/"}]}},"_links":{"self":[{"href":"https:\/\/www.nexoinformativo.mx\/index.php\/wp-json\/wp\/v2\/posts\/7479","targetHints":{"allow":["GET"]}}],"collection":[{"href":"https:\/\/www.nexoinformativo.mx\/index.php\/wp-json\/wp\/v2\/posts"}],"about":[{"href":"https:\/\/www.nexoinformativo.mx\/index.php\/wp-json\/wp\/v2\/types\/post"}],"author":[{"embeddable":true,"href":"https:\/\/www.nexoinformativo.mx\/index.php\/wp-json\/wp\/v2\/users\/3"}],"replies":[{"embeddable":true,"href":"https:\/\/www.nexoinformativo.mx\/index.php\/wp-json\/wp\/v2\/comments?post=7479"}],"version-history":[{"count":3,"href":"https:\/\/www.nexoinformativo.mx\/index.php\/wp-json\/wp\/v2\/posts\/7479\/revisions"}],"predecessor-version":[{"id":7483,"href":"https:\/\/www.nexoinformativo.mx\/index.php\/wp-json\/wp\/v2\/posts\/7479\/revisions\/7483"}],"wp:featuredmedia":[{"embeddable":true,"href":"https:\/\/www.nexoinformativo.mx\/index.php\/wp-json\/wp\/v2\/media\/7480"}],"wp:attachment":[{"href":"https:\/\/www.nexoinformativo.mx\/index.php\/wp-json\/wp\/v2\/media?parent=7479"}],"wp:term":[{"taxonomy":"category","embeddable":true,"href":"https:\/\/www.nexoinformativo.mx\/index.php\/wp-json\/wp\/v2\/categories?post=7479"},{"taxonomy":"post_tag","embeddable":true,"href":"https:\/\/www.nexoinformativo.mx\/index.php\/wp-json\/wp\/v2\/tags?post=7479"}],"curies":[{"name":"wp","href":"https:\/\/api.w.org\/{rel}","templated":true}]}}