{"id":7484,"date":"2024-12-03T16:00:21","date_gmt":"2024-12-03T22:00:21","guid":{"rendered":"https:\/\/www.nexoinformativo.mx\/?p=7484"},"modified":"2024-12-03T18:33:25","modified_gmt":"2024-12-04T00:33:25","slug":"sabores-unicos-conoce-a-los-ganadores-del-concurso-gastronomico-de-conejo-en-la-figq2024","status":"publish","type":"post","link":"https:\/\/www.nexoinformativo.mx\/index.php\/2024\/12\/03\/sabores-unicos-conoce-a-los-ganadores-del-concurso-gastronomico-de-conejo-en-la-figq2024\/","title":{"rendered":"\u00a1Sabores \u00fanicos! Conoce a los ganadores del Concurso Gastron\u00f3mico de Conejo en la FIGQ2024"},"content":{"rendered":"<p style=\"text-align: justify;\" data-sourcepos=\"9:1-9:284\"><strong>La Feria Internacional Ganadera de Quer\u00e9taro<\/strong> (FIGQ2024) fue el escenario de un emocionante concurso gastron\u00f3mico dedicado a la carne de conejo. Cocineros profesionales, estudiantes y amas de casa demostraron su talento y creatividad en la elaboraci\u00f3n de platillos \u00fanicos y deliciosos.<\/p>\n<p>&nbsp;<\/p>\n<p style=\"text-align: justify;\" data-sourcepos=\"11:1-11:222\">El jurado, integrado por expertos en gastronom\u00eda, tuvo la dif\u00edcil tarea de elegir a los ganadores entre una gran variedad de propuestas culinarias. Despu\u00e9s de una exhaustiva degustaci\u00f3n, se dieron a conocer los resultados:<\/p>\n<p>&nbsp;<\/p>\n<p style=\"text-align: justify;\">&#8211;<strong>Categor\u00eda Profesional:<\/strong> El primer lugar fue para Miguel \u00c1ngel Garc\u00eda Ibarra con su &#8220;Conejo Envuelto&#8221;, seguido de Isa\u00edas Medina Arredondo con &#8220;Conejo de la Sierra&#8221; y Jos\u00e9 Juli\u00e1n S\u00e1nchez Hern\u00e1ndez con &#8220;Mole de Betabel&#8221;.<\/p>\n<p>&nbsp;<\/p>\n<p style=\"text-align: justify;\">&#8211;<strong>Categor\u00eda Estudiante:<\/strong> Karla Salinas Bautista conquist\u00f3 al jurado con su &#8220;Birria de Conejo&#8221;, seguida de Cristopher Axel L\u00f3pez Cruz y Reyna Aguilar Vel\u00e1zquez.<\/p>\n<p>&nbsp;<\/p>\n<p style=\"text-align: justify;\">&#8211;<strong>Categor\u00eda Amateur:<\/strong> Elizabeth Bautista Salinas se llev\u00f3 el primer lugar con su &#8220;Conejo en Salsa&#8221;, seguida de Adriana Ocampo Fuentes y Roc\u00edo Silva Olvera.<\/p>\n<p>&nbsp;<\/p>\n<p style=\"text-align: justify;\" data-sourcepos=\"17:1-17:317\">La versatilidad de la carne de conejo se puso de manifiesto en cada uno de los platillos presentados, desde los m\u00e1s tradicionales hasta las propuestas m\u00e1s innovadoras.<\/p>\n<p>&nbsp;<\/p>\n<p style=\"text-align: justify;\" data-sourcepos=\"17:1-17:317\">Los ganadores demostraron su pasi\u00f3n por la cocina y su habilidad para transformar un ingrediente tan vers\u00e1til en verdaderas obras de arte culinarias.<\/p>\n<p>&nbsp;<\/p>\n<p style=\"text-align: justify;\" data-sourcepos=\"19:1-19:173\">Este concurso gastron\u00f3mico no solo promueve el consumo de carne de conejo, sino que tambi\u00e9n resalta la importancia de la gastronom\u00eda queretana y el talento de sus cocineros.<\/p>\n<p>&nbsp;<\/p>\n<p style=\"text-align: center;\" data-sourcepos=\"19:1-19:173\"><em><strong>\u00a1Informaci\u00f3n que transforma!<\/strong><\/em><\/p>\n","protected":false},"excerpt":{"rendered":"<p>La Feria Internacional Ganadera de Quer\u00e9taro (FIGQ2024) fue el escenario de un emocionante concurso gastron\u00f3mico dedicado a la carne de conejo.<\/p>\n","protected":false},"author":3,"featured_media":7485,"comment_status":"open","ping_status":"open","sticky":false,"template":"","format":"standard","meta":{"footnotes":""},"categories":[50,58],"tags":[2499,2498,293,133],"class_list":["post-7484","post","type-post","status-publish","format-standard","has-post-thumbnail","hentry","category-espectaculos","category-ultima-hora","tag-carnedeconejo","tag-concursogastronomico","tag-figq2024","tag-queretaro"],"yoast_head":"<!-- This site is optimized with the Yoast SEO plugin v25.0 - https:\/\/yoast.com\/wordpress\/plugins\/seo\/ -->\n<title>\u00a1Sabores \u00fanicos! Conoce a los ganadores del Concurso Gastron\u00f3mico de Conejo en la FIGQ2024 | Nexo Informativo Santiago de Quer\u00e9taro<\/title>\n<meta name=\"description\" content=\"\u00a1Sabores \u00fanicos! Conoce a los ganadores del Concurso Gastron\u00f3mico de Conejo en la FIGQ2024\" \/>\n<meta name=\"robots\" content=\"index, follow, max-snippet:-1, max-image-preview:large, max-video-preview:-1\" \/>\n<link rel=\"canonical\" href=\"https:\/\/www.nexoinformativo.mx\/index.php\/2024\/12\/03\/sabores-unicos-conoce-a-los-ganadores-del-concurso-gastronomico-de-conejo-en-la-figq2024\/\" \/>\n<meta property=\"og:locale\" content=\"es_MX\" \/>\n<meta property=\"og:type\" content=\"article\" \/>\n<meta property=\"og:title\" content=\"\u00a1Sabores \u00fanicos! Conoce a los ganadores del Concurso Gastron\u00f3mico de Conejo en la FIGQ2024 | Nexo Informativo Santiago de Quer\u00e9taro\" \/>\n<meta property=\"og:description\" content=\"\u00a1Sabores \u00fanicos! Conoce a los ganadores del Concurso Gastron\u00f3mico de Conejo en la FIGQ2024\" \/>\n<meta property=\"og:url\" content=\"https:\/\/www.nexoinformativo.mx\/index.php\/2024\/12\/03\/sabores-unicos-conoce-a-los-ganadores-del-concurso-gastronomico-de-conejo-en-la-figq2024\/\" \/>\n<meta property=\"og:site_name\" content=\"Nexo Informativo Santiago de Quer\u00e9taro\" \/>\n<meta property=\"article:publisher\" content=\"https:\/\/www.facebook.com\/people\/Nexo-Informativo\/61564066885511\/\" \/>\n<meta property=\"article:published_time\" content=\"2024-12-03T22:00:21+00:00\" \/>\n<meta property=\"article:modified_time\" content=\"2024-12-04T00:33:25+00:00\" \/>\n<meta property=\"og:image\" content=\"https:\/\/www.nexoinformativo.mx\/wp-content\/uploads\/2024\/12\/PHOTO-2024-12-03-17-55-26-e1733272181260.jpg\" \/>\n\t<meta property=\"og:image:width\" content=\"800\" \/>\n\t<meta property=\"og:image:height\" content=\"533\" \/>\n\t<meta property=\"og:image:type\" content=\"image\/jpeg\" \/>\n<meta name=\"author\" content=\"Nexo Informativo\" \/>\n<meta name=\"twitter:card\" content=\"summary_large_image\" \/>\n<meta name=\"twitter:label1\" content=\"Escrito por\" \/>\n\t<meta name=\"twitter:data1\" content=\"Nexo Informativo\" \/>\n\t<meta name=\"twitter:label2\" content=\"Tiempo de lectura\" \/>\n\t<meta name=\"twitter:data2\" content=\"2 minutos\" \/>\n<script type=\"application\/ld+json\" class=\"yoast-schema-graph\">{\"@context\":\"https:\/\/schema.org\",\"@graph\":[{\"@type\":\"Article\",\"@id\":\"https:\/\/www.nexoinformativo.mx\/index.php\/2024\/12\/03\/sabores-unicos-conoce-a-los-ganadores-del-concurso-gastronomico-de-conejo-en-la-figq2024\/#article\",\"isPartOf\":{\"@id\":\"https:\/\/www.nexoinformativo.mx\/index.php\/2024\/12\/03\/sabores-unicos-conoce-a-los-ganadores-del-concurso-gastronomico-de-conejo-en-la-figq2024\/\"},\"author\":{\"name\":\"Nexo Informativo\",\"@id\":\"https:\/\/www.nexoinformativo.mx\/#\/schema\/person\/7749d380ba08c8ca00d7bc76fd907b7d\"},\"headline\":\"\u00a1Sabores \u00fanicos! Conoce a los ganadores del Concurso Gastron\u00f3mico de Conejo en la FIGQ2024\",\"datePublished\":\"2024-12-03T22:00:21+00:00\",\"dateModified\":\"2024-12-04T00:33:25+00:00\",\"mainEntityOfPage\":{\"@id\":\"https:\/\/www.nexoinformativo.mx\/index.php\/2024\/12\/03\/sabores-unicos-conoce-a-los-ganadores-del-concurso-gastronomico-de-conejo-en-la-figq2024\/\"},\"wordCount\":286,\"commentCount\":0,\"publisher\":{\"@id\":\"https:\/\/www.nexoinformativo.mx\/#organization\"},\"image\":{\"@id\":\"https:\/\/www.nexoinformativo.mx\/index.php\/2024\/12\/03\/sabores-unicos-conoce-a-los-ganadores-del-concurso-gastronomico-de-conejo-en-la-figq2024\/#primaryimage\"},\"thumbnailUrl\":\"https:\/\/www.nexoinformativo.mx\/wp-content\/uploads\/2024\/12\/PHOTO-2024-12-03-17-55-26-e1733272181260.jpg\",\"keywords\":[\"CarneDeConejo\",\"ConcursoGastron\u00f3mico\",\"FIGQ2024\",\"Quer\u00e9taro\"],\"articleSection\":[\"Espect\u00e1culos\",\"\u00daltima Hora\"],\"inLanguage\":\"es\",\"potentialAction\":[{\"@type\":\"CommentAction\",\"name\":\"Comment\",\"target\":[\"https:\/\/www.nexoinformativo.mx\/index.php\/2024\/12\/03\/sabores-unicos-conoce-a-los-ganadores-del-concurso-gastronomico-de-conejo-en-la-figq2024\/#respond\"]}]},{\"@type\":\"WebPage\",\"@id\":\"https:\/\/www.nexoinformativo.mx\/index.php\/2024\/12\/03\/sabores-unicos-conoce-a-los-ganadores-del-concurso-gastronomico-de-conejo-en-la-figq2024\/\",\"url\":\"https:\/\/www.nexoinformativo.mx\/index.php\/2024\/12\/03\/sabores-unicos-conoce-a-los-ganadores-del-concurso-gastronomico-de-conejo-en-la-figq2024\/\",\"name\":\"\u00a1Sabores \u00fanicos! Conoce a los ganadores del Concurso Gastron\u00f3mico de Conejo en la FIGQ2024 | Nexo Informativo Santiago de Quer\u00e9taro\",\"isPartOf\":{\"@id\":\"https:\/\/www.nexoinformativo.mx\/#website\"},\"primaryImageOfPage\":{\"@id\":\"https:\/\/www.nexoinformativo.mx\/index.php\/2024\/12\/03\/sabores-unicos-conoce-a-los-ganadores-del-concurso-gastronomico-de-conejo-en-la-figq2024\/#primaryimage\"},\"image\":{\"@id\":\"https:\/\/www.nexoinformativo.mx\/index.php\/2024\/12\/03\/sabores-unicos-conoce-a-los-ganadores-del-concurso-gastronomico-de-conejo-en-la-figq2024\/#primaryimage\"},\"thumbnailUrl\":\"https:\/\/www.nexoinformativo.mx\/wp-content\/uploads\/2024\/12\/PHOTO-2024-12-03-17-55-26-e1733272181260.jpg\",\"datePublished\":\"2024-12-03T22:00:21+00:00\",\"dateModified\":\"2024-12-04T00:33:25+00:00\",\"description\":\"\u00a1Sabores \u00fanicos! Conoce a los ganadores del Concurso Gastron\u00f3mico de Conejo en la FIGQ2024\",\"breadcrumb\":{\"@id\":\"https:\/\/www.nexoinformativo.mx\/index.php\/2024\/12\/03\/sabores-unicos-conoce-a-los-ganadores-del-concurso-gastronomico-de-conejo-en-la-figq2024\/#breadcrumb\"},\"inLanguage\":\"es\",\"potentialAction\":[{\"@type\":\"ReadAction\",\"target\":[\"https:\/\/www.nexoinformativo.mx\/index.php\/2024\/12\/03\/sabores-unicos-conoce-a-los-ganadores-del-concurso-gastronomico-de-conejo-en-la-figq2024\/\"]}]},{\"@type\":\"ImageObject\",\"inLanguage\":\"es\",\"@id\":\"https:\/\/www.nexoinformativo.mx\/index.php\/2024\/12\/03\/sabores-unicos-conoce-a-los-ganadores-del-concurso-gastronomico-de-conejo-en-la-figq2024\/#primaryimage\",\"url\":\"https:\/\/www.nexoinformativo.mx\/wp-content\/uploads\/2024\/12\/PHOTO-2024-12-03-17-55-26-e1733272181260.jpg\",\"contentUrl\":\"https:\/\/www.nexoinformativo.mx\/wp-content\/uploads\/2024\/12\/PHOTO-2024-12-03-17-55-26-e1733272181260.jpg\",\"width\":800,\"height\":533},{\"@type\":\"BreadcrumbList\",\"@id\":\"https:\/\/www.nexoinformativo.mx\/index.php\/2024\/12\/03\/sabores-unicos-conoce-a-los-ganadores-del-concurso-gastronomico-de-conejo-en-la-figq2024\/#breadcrumb\",\"itemListElement\":[{\"@type\":\"ListItem\",\"position\":1,\"name\":\"Inicio\",\"item\":\"https:\/\/www.nexoinformativo.mx\/\"},{\"@type\":\"ListItem\",\"position\":2,\"name\":\"\u00a1Sabores \u00fanicos! Conoce a los ganadores del Concurso Gastron\u00f3mico de Conejo en la FIGQ2024\"}]},{\"@type\":\"WebSite\",\"@id\":\"https:\/\/www.nexoinformativo.mx\/#website\",\"url\":\"https:\/\/www.nexoinformativo.mx\/\",\"name\":\"Nexo Informativo Santiago de Quer\u00e9taro\",\"description\":\"Explora NexoInformativo y convi\u00e9rtete en parte de una comunidad que valora el conocimiento y la verdad. Tu nexoinformativo es tu puente hacia una comprensi\u00f3n m\u00e1s profunda del mundo que te rodea.\",\"publisher\":{\"@id\":\"https:\/\/www.nexoinformativo.mx\/#organization\"},\"potentialAction\":[{\"@type\":\"SearchAction\",\"target\":{\"@type\":\"EntryPoint\",\"urlTemplate\":\"https:\/\/www.nexoinformativo.mx\/?s={search_term_string}\"},\"query-input\":{\"@type\":\"PropertyValueSpecification\",\"valueRequired\":true,\"valueName\":\"search_term_string\"}}],\"inLanguage\":\"es\"},{\"@type\":\"Organization\",\"@id\":\"https:\/\/www.nexoinformativo.mx\/#organization\",\"name\":\"Nexo Informativo Santiago de Quer\u00e9taro\",\"url\":\"https:\/\/www.nexoinformativo.mx\/\",\"logo\":{\"@type\":\"ImageObject\",\"inLanguage\":\"es\",\"@id\":\"https:\/\/www.nexoinformativo.mx\/#\/schema\/logo\/image\/\",\"url\":\"https:\/\/www.nexoinformativo.mx\/wp-content\/uploads\/2024\/07\/nexoi-trasparente-2.png\",\"contentUrl\":\"https:\/\/www.nexoinformativo.mx\/wp-content\/uploads\/2024\/07\/nexoi-trasparente-2.png\",\"width\":816,\"height\":339,\"caption\":\"Nexo Informativo Santiago de Quer\u00e9taro\"},\"image\":{\"@id\":\"https:\/\/www.nexoinformativo.mx\/#\/schema\/logo\/image\/\"},\"sameAs\":[\"https:\/\/www.facebook.com\/people\/Nexo-Informativo\/61564066885511\/\"]},{\"@type\":\"Person\",\"@id\":\"https:\/\/www.nexoinformativo.mx\/#\/schema\/person\/7749d380ba08c8ca00d7bc76fd907b7d\",\"name\":\"Nexo Informativo\",\"image\":{\"@type\":\"ImageObject\",\"inLanguage\":\"es\",\"@id\":\"https:\/\/www.nexoinformativo.mx\/#\/schema\/person\/image\/\",\"url\":\"https:\/\/secure.gravatar.com\/avatar\/dde2928154642a13d95f87ddf1ea9718fe2b46760a005c53e41ff5ad610704e6?s=96&d=mm&r=g\",\"contentUrl\":\"https:\/\/secure.gravatar.com\/avatar\/dde2928154642a13d95f87ddf1ea9718fe2b46760a005c53e41ff5ad610704e6?s=96&d=mm&r=g\",\"caption\":\"Nexo Informativo\"},\"url\":\"https:\/\/www.nexoinformativo.mx\/index.php\/author\/edicion\/\"}]}<\/script>\n<!-- \/ Yoast SEO plugin. -->","yoast_head_json":{"title":"\u00a1Sabores \u00fanicos! Conoce a los ganadores del Concurso Gastron\u00f3mico de Conejo en la FIGQ2024 | Nexo Informativo Santiago de Quer\u00e9taro","description":"\u00a1Sabores \u00fanicos! Conoce a los ganadores del Concurso Gastron\u00f3mico de Conejo en la FIGQ2024","robots":{"index":"index","follow":"follow","max-snippet":"max-snippet:-1","max-image-preview":"max-image-preview:large","max-video-preview":"max-video-preview:-1"},"canonical":"https:\/\/www.nexoinformativo.mx\/index.php\/2024\/12\/03\/sabores-unicos-conoce-a-los-ganadores-del-concurso-gastronomico-de-conejo-en-la-figq2024\/","og_locale":"es_MX","og_type":"article","og_title":"\u00a1Sabores \u00fanicos! Conoce a los ganadores del Concurso Gastron\u00f3mico de Conejo en la FIGQ2024 | Nexo Informativo Santiago de Quer\u00e9taro","og_description":"\u00a1Sabores \u00fanicos! Conoce a los ganadores del Concurso Gastron\u00f3mico de Conejo en la FIGQ2024","og_url":"https:\/\/www.nexoinformativo.mx\/index.php\/2024\/12\/03\/sabores-unicos-conoce-a-los-ganadores-del-concurso-gastronomico-de-conejo-en-la-figq2024\/","og_site_name":"Nexo Informativo Santiago de Quer\u00e9taro","article_publisher":"https:\/\/www.facebook.com\/people\/Nexo-Informativo\/61564066885511\/","article_published_time":"2024-12-03T22:00:21+00:00","article_modified_time":"2024-12-04T00:33:25+00:00","og_image":[{"width":800,"height":533,"url":"https:\/\/www.nexoinformativo.mx\/wp-content\/uploads\/2024\/12\/PHOTO-2024-12-03-17-55-26-e1733272181260.jpg","type":"image\/jpeg"}],"author":"Nexo Informativo","twitter_card":"summary_large_image","twitter_misc":{"Escrito por":"Nexo Informativo","Tiempo de lectura":"2 minutos"},"schema":{"@context":"https:\/\/schema.org","@graph":[{"@type":"Article","@id":"https:\/\/www.nexoinformativo.mx\/index.php\/2024\/12\/03\/sabores-unicos-conoce-a-los-ganadores-del-concurso-gastronomico-de-conejo-en-la-figq2024\/#article","isPartOf":{"@id":"https:\/\/www.nexoinformativo.mx\/index.php\/2024\/12\/03\/sabores-unicos-conoce-a-los-ganadores-del-concurso-gastronomico-de-conejo-en-la-figq2024\/"},"author":{"name":"Nexo Informativo","@id":"https:\/\/www.nexoinformativo.mx\/#\/schema\/person\/7749d380ba08c8ca00d7bc76fd907b7d"},"headline":"\u00a1Sabores \u00fanicos! Conoce a los ganadores del Concurso Gastron\u00f3mico de Conejo en la FIGQ2024","datePublished":"2024-12-03T22:00:21+00:00","dateModified":"2024-12-04T00:33:25+00:00","mainEntityOfPage":{"@id":"https:\/\/www.nexoinformativo.mx\/index.php\/2024\/12\/03\/sabores-unicos-conoce-a-los-ganadores-del-concurso-gastronomico-de-conejo-en-la-figq2024\/"},"wordCount":286,"commentCount":0,"publisher":{"@id":"https:\/\/www.nexoinformativo.mx\/#organization"},"image":{"@id":"https:\/\/www.nexoinformativo.mx\/index.php\/2024\/12\/03\/sabores-unicos-conoce-a-los-ganadores-del-concurso-gastronomico-de-conejo-en-la-figq2024\/#primaryimage"},"thumbnailUrl":"https:\/\/www.nexoinformativo.mx\/wp-content\/uploads\/2024\/12\/PHOTO-2024-12-03-17-55-26-e1733272181260.jpg","keywords":["CarneDeConejo","ConcursoGastron\u00f3mico","FIGQ2024","Quer\u00e9taro"],"articleSection":["Espect\u00e1culos","\u00daltima Hora"],"inLanguage":"es","potentialAction":[{"@type":"CommentAction","name":"Comment","target":["https:\/\/www.nexoinformativo.mx\/index.php\/2024\/12\/03\/sabores-unicos-conoce-a-los-ganadores-del-concurso-gastronomico-de-conejo-en-la-figq2024\/#respond"]}]},{"@type":"WebPage","@id":"https:\/\/www.nexoinformativo.mx\/index.php\/2024\/12\/03\/sabores-unicos-conoce-a-los-ganadores-del-concurso-gastronomico-de-conejo-en-la-figq2024\/","url":"https:\/\/www.nexoinformativo.mx\/index.php\/2024\/12\/03\/sabores-unicos-conoce-a-los-ganadores-del-concurso-gastronomico-de-conejo-en-la-figq2024\/","name":"\u00a1Sabores \u00fanicos! Conoce a los ganadores del Concurso Gastron\u00f3mico de Conejo en la FIGQ2024 | Nexo Informativo Santiago de Quer\u00e9taro","isPartOf":{"@id":"https:\/\/www.nexoinformativo.mx\/#website"},"primaryImageOfPage":{"@id":"https:\/\/www.nexoinformativo.mx\/index.php\/2024\/12\/03\/sabores-unicos-conoce-a-los-ganadores-del-concurso-gastronomico-de-conejo-en-la-figq2024\/#primaryimage"},"image":{"@id":"https:\/\/www.nexoinformativo.mx\/index.php\/2024\/12\/03\/sabores-unicos-conoce-a-los-ganadores-del-concurso-gastronomico-de-conejo-en-la-figq2024\/#primaryimage"},"thumbnailUrl":"https:\/\/www.nexoinformativo.mx\/wp-content\/uploads\/2024\/12\/PHOTO-2024-12-03-17-55-26-e1733272181260.jpg","datePublished":"2024-12-03T22:00:21+00:00","dateModified":"2024-12-04T00:33:25+00:00","description":"\u00a1Sabores \u00fanicos! Conoce a los ganadores del Concurso Gastron\u00f3mico de Conejo en la FIGQ2024","breadcrumb":{"@id":"https:\/\/www.nexoinformativo.mx\/index.php\/2024\/12\/03\/sabores-unicos-conoce-a-los-ganadores-del-concurso-gastronomico-de-conejo-en-la-figq2024\/#breadcrumb"},"inLanguage":"es","potentialAction":[{"@type":"ReadAction","target":["https:\/\/www.nexoinformativo.mx\/index.php\/2024\/12\/03\/sabores-unicos-conoce-a-los-ganadores-del-concurso-gastronomico-de-conejo-en-la-figq2024\/"]}]},{"@type":"ImageObject","inLanguage":"es","@id":"https:\/\/www.nexoinformativo.mx\/index.php\/2024\/12\/03\/sabores-unicos-conoce-a-los-ganadores-del-concurso-gastronomico-de-conejo-en-la-figq2024\/#primaryimage","url":"https:\/\/www.nexoinformativo.mx\/wp-content\/uploads\/2024\/12\/PHOTO-2024-12-03-17-55-26-e1733272181260.jpg","contentUrl":"https:\/\/www.nexoinformativo.mx\/wp-content\/uploads\/2024\/12\/PHOTO-2024-12-03-17-55-26-e1733272181260.jpg","width":800,"height":533},{"@type":"BreadcrumbList","@id":"https:\/\/www.nexoinformativo.mx\/index.php\/2024\/12\/03\/sabores-unicos-conoce-a-los-ganadores-del-concurso-gastronomico-de-conejo-en-la-figq2024\/#breadcrumb","itemListElement":[{"@type":"ListItem","position":1,"name":"Inicio","item":"https:\/\/www.nexoinformativo.mx\/"},{"@type":"ListItem","position":2,"name":"\u00a1Sabores \u00fanicos! Conoce a los ganadores del Concurso Gastron\u00f3mico de Conejo en la FIGQ2024"}]},{"@type":"WebSite","@id":"https:\/\/www.nexoinformativo.mx\/#website","url":"https:\/\/www.nexoinformativo.mx\/","name":"Nexo Informativo Santiago de Quer\u00e9taro","description":"Explora NexoInformativo y convi\u00e9rtete en parte de una comunidad que valora el conocimiento y la verdad. Tu nexoinformativo es tu puente hacia una comprensi\u00f3n m\u00e1s profunda del mundo que te rodea.","publisher":{"@id":"https:\/\/www.nexoinformativo.mx\/#organization"},"potentialAction":[{"@type":"SearchAction","target":{"@type":"EntryPoint","urlTemplate":"https:\/\/www.nexoinformativo.mx\/?s={search_term_string}"},"query-input":{"@type":"PropertyValueSpecification","valueRequired":true,"valueName":"search_term_string"}}],"inLanguage":"es"},{"@type":"Organization","@id":"https:\/\/www.nexoinformativo.mx\/#organization","name":"Nexo Informativo Santiago de Quer\u00e9taro","url":"https:\/\/www.nexoinformativo.mx\/","logo":{"@type":"ImageObject","inLanguage":"es","@id":"https:\/\/www.nexoinformativo.mx\/#\/schema\/logo\/image\/","url":"https:\/\/www.nexoinformativo.mx\/wp-content\/uploads\/2024\/07\/nexoi-trasparente-2.png","contentUrl":"https:\/\/www.nexoinformativo.mx\/wp-content\/uploads\/2024\/07\/nexoi-trasparente-2.png","width":816,"height":339,"caption":"Nexo Informativo Santiago de Quer\u00e9taro"},"image":{"@id":"https:\/\/www.nexoinformativo.mx\/#\/schema\/logo\/image\/"},"sameAs":["https:\/\/www.facebook.com\/people\/Nexo-Informativo\/61564066885511\/"]},{"@type":"Person","@id":"https:\/\/www.nexoinformativo.mx\/#\/schema\/person\/7749d380ba08c8ca00d7bc76fd907b7d","name":"Nexo Informativo","image":{"@type":"ImageObject","inLanguage":"es","@id":"https:\/\/www.nexoinformativo.mx\/#\/schema\/person\/image\/","url":"https:\/\/secure.gravatar.com\/avatar\/dde2928154642a13d95f87ddf1ea9718fe2b46760a005c53e41ff5ad610704e6?s=96&d=mm&r=g","contentUrl":"https:\/\/secure.gravatar.com\/avatar\/dde2928154642a13d95f87ddf1ea9718fe2b46760a005c53e41ff5ad610704e6?s=96&d=mm&r=g","caption":"Nexo Informativo"},"url":"https:\/\/www.nexoinformativo.mx\/index.php\/author\/edicion\/"}]}},"_links":{"self":[{"href":"https:\/\/www.nexoinformativo.mx\/index.php\/wp-json\/wp\/v2\/posts\/7484","targetHints":{"allow":["GET"]}}],"collection":[{"href":"https:\/\/www.nexoinformativo.mx\/index.php\/wp-json\/wp\/v2\/posts"}],"about":[{"href":"https:\/\/www.nexoinformativo.mx\/index.php\/wp-json\/wp\/v2\/types\/post"}],"author":[{"embeddable":true,"href":"https:\/\/www.nexoinformativo.mx\/index.php\/wp-json\/wp\/v2\/users\/3"}],"replies":[{"embeddable":true,"href":"https:\/\/www.nexoinformativo.mx\/index.php\/wp-json\/wp\/v2\/comments?post=7484"}],"version-history":[{"count":6,"href":"https:\/\/www.nexoinformativo.mx\/index.php\/wp-json\/wp\/v2\/posts\/7484\/revisions"}],"predecessor-version":[{"id":7488,"href":"https:\/\/www.nexoinformativo.mx\/index.php\/wp-json\/wp\/v2\/posts\/7484\/revisions\/7488"}],"wp:featuredmedia":[{"embeddable":true,"href":"https:\/\/www.nexoinformativo.mx\/index.php\/wp-json\/wp\/v2\/media\/7485"}],"wp:attachment":[{"href":"https:\/\/www.nexoinformativo.mx\/index.php\/wp-json\/wp\/v2\/media?parent=7484"}],"wp:term":[{"taxonomy":"category","embeddable":true,"href":"https:\/\/www.nexoinformativo.mx\/index.php\/wp-json\/wp\/v2\/categories?post=7484"},{"taxonomy":"post_tag","embeddable":true,"href":"https:\/\/www.nexoinformativo.mx\/index.php\/wp-json\/wp\/v2\/tags?post=7484"}],"curies":[{"name":"wp","href":"https:\/\/api.w.org\/{rel}","templated":true}]}}