{"id":7492,"date":"2024-12-03T19:00:46","date_gmt":"2024-12-04T01:00:46","guid":{"rendered":"https:\/\/www.nexoinformativo.mx\/?p=7492"},"modified":"2024-12-03T22:54:17","modified_gmt":"2024-12-04T04:54:17","slug":"el-marques-se-compromete-con-la-inclusion-entregaran-camionetas-adaptadas-para-personas-con-discapacidad","status":"publish","type":"post","link":"https:\/\/www.nexoinformativo.mx\/index.php\/2024\/12\/03\/el-marques-se-compromete-con-la-inclusion-entregaran-camionetas-adaptadas-para-personas-con-discapacidad\/","title":{"rendered":"El Marqu\u00e9s se compromete con la inclusi\u00f3n: Entregar\u00e1n camionetas adaptadas para personas con discapacidad"},"content":{"rendered":"<p style=\"text-align: justify;\" data-sourcepos=\"9:1-9:285\">En el marco del <strong>D\u00eda Internacional de las Personas con Discapacidad<\/strong>, el presidente municipal de El Marqu\u00e9s, Rodrigo Monsalvo, reafirm\u00f3 su compromiso con la inclusi\u00f3n al anunciar la entrega de tres camionetas adaptadas para facilitar la movilidad de este sector de la poblaci\u00f3n.<\/p>\n<p>&nbsp;<\/p>\n<p style=\"text-align: justify;\" data-sourcepos=\"11:1-11:357\">Durante el encuentro <strong>&#8220;El Marqu\u00e9s Inclusivo&#8221;<\/strong>, Monsalvo Castel\u00e1n escuch\u00f3 los testimonios de ciudadanos con discapacidad, quienes compartieron los retos que enfrentan en su d\u00eda a d\u00eda.<\/p>\n<p>&nbsp;<\/p>\n<p style=\"text-align: justify;\" data-sourcepos=\"11:1-11:357\">El alcalde se comprometi\u00f3 a trabajar en pol\u00edticas p\u00fablicas transversales que mejoren la calidad de vida de este sector y fomenten una mayor inclusi\u00f3n en el municipio.<\/p>\n<p>&nbsp;<\/p>\n<p style=\"text-align: justify;\" data-sourcepos=\"13:1-13:249\"><strong>&#8220;Nuestro compromiso como gobierno es integrar un municipio fuerte e inclusivo&#8221;<\/strong>, afirm\u00f3 Monsalvo. &#8220;Queremos que todas las personas, sin importar sus condiciones, tengan las mismas oportunidades de desarrollo y bienestar&#8221;.<\/p>\n<p>&nbsp;<\/p>\n<p style=\"text-align: justify;\" data-sourcepos=\"15:1-15:210\">Las tres camionetas adaptadas ser\u00e1n entregadas el pr\u00f3ximo 3 de diciembre y estar\u00e1n destinadas exclusivamente al transporte de personas con discapacidad, facilitando su movilidad y acceso a diferentes servicios.<\/p>\n<p>&nbsp;<\/p>\n<p style=\"text-align: justify;\" data-sourcepos=\"17:1-17:142\">Con esta acci\u00f3n, el municipio de El Marqu\u00e9s demuestra su compromiso con la inclusi\u00f3n y la igualdad de oportunidades para todos sus habitantes.<\/p>\n<p>&nbsp;<\/p>\n<p style=\"text-align: center;\" data-sourcepos=\"17:1-17:142\"><em><strong>\u00a1Informaci\u00f3n que transforma!<\/strong><\/em><\/p>\n","protected":false},"excerpt":{"rendered":"<p>En el marco del D\u00eda Internacional de las Personas con Discapacidad, el presidente municipal de El Marqu\u00e9s, Rodrigo Monsalvo, reafirm\u00f3 su compromiso con la inclusi\u00f3n al anunciar la entrega de tres camionetas adaptadas para facilitar la movilidad de este sector de la poblaci\u00f3n<\/p>\n","protected":false},"author":3,"featured_media":7493,"comment_status":"open","ping_status":"open","sticky":false,"template":"","format":"standard","meta":{"footnotes":""},"categories":[65,58],"tags":[2501,2261,2500,1319],"class_list":["post-7492","post","type-post","status-publish","format-standard","has-post-thumbnail","hentry","category-municipios","category-ultima-hora","tag-accesibilidad","tag-discapacidad","tag-elmarquesinclusivo","tag-inclusionsocial"],"yoast_head":"<!-- This site is optimized with the Yoast SEO plugin v25.0 - https:\/\/yoast.com\/wordpress\/plugins\/seo\/ -->\n<title>El Marqu\u00e9s se compromete con la inclusi\u00f3n: Entregar\u00e1n camionetas adaptadas para personas con discapacidad | Nexo Informativo Santiago de Quer\u00e9taro<\/title>\n<meta name=\"description\" content=\"El Marqu\u00e9s se compromete con la inclusi\u00f3n: Entregar\u00e1n camionetas adaptadas para personas con discapacidad\" \/>\n<meta name=\"robots\" content=\"index, follow, max-snippet:-1, max-image-preview:large, max-video-preview:-1\" \/>\n<link rel=\"canonical\" href=\"https:\/\/www.nexoinformativo.mx\/index.php\/2024\/12\/03\/el-marques-se-compromete-con-la-inclusion-entregaran-camionetas-adaptadas-para-personas-con-discapacidad\/\" \/>\n<meta property=\"og:locale\" content=\"es_MX\" \/>\n<meta property=\"og:type\" content=\"article\" \/>\n<meta property=\"og:title\" content=\"El Marqu\u00e9s se compromete con la inclusi\u00f3n: Entregar\u00e1n camionetas adaptadas para personas con discapacidad | Nexo Informativo Santiago de Quer\u00e9taro\" \/>\n<meta property=\"og:description\" content=\"El Marqu\u00e9s se compromete con la inclusi\u00f3n: Entregar\u00e1n camionetas adaptadas para personas con discapacidad\" \/>\n<meta property=\"og:url\" content=\"https:\/\/www.nexoinformativo.mx\/index.php\/2024\/12\/03\/el-marques-se-compromete-con-la-inclusion-entregaran-camionetas-adaptadas-para-personas-con-discapacidad\/\" \/>\n<meta property=\"og:site_name\" content=\"Nexo Informativo Santiago de Quer\u00e9taro\" \/>\n<meta property=\"article:publisher\" content=\"https:\/\/www.facebook.com\/people\/Nexo-Informativo\/61564066885511\/\" \/>\n<meta property=\"article:published_time\" content=\"2024-12-04T01:00:46+00:00\" \/>\n<meta property=\"article:modified_time\" content=\"2024-12-04T04:54:17+00:00\" \/>\n<meta property=\"og:image\" content=\"https:\/\/www.nexoinformativo.mx\/wp-content\/uploads\/2024\/12\/PHOTO-2024-12-03-21-35-02-scaled-e1733287960715.jpg\" \/>\n\t<meta property=\"og:image:width\" content=\"800\" \/>\n\t<meta property=\"og:image:height\" content=\"533\" \/>\n\t<meta property=\"og:image:type\" content=\"image\/jpeg\" \/>\n<meta name=\"author\" content=\"Nexo Informativo\" \/>\n<meta name=\"twitter:card\" content=\"summary_large_image\" \/>\n<meta name=\"twitter:label1\" content=\"Escrito por\" \/>\n\t<meta name=\"twitter:data1\" content=\"Nexo Informativo\" \/>\n\t<meta name=\"twitter:label2\" content=\"Tiempo de lectura\" \/>\n\t<meta name=\"twitter:data2\" content=\"2 minutos\" \/>\n<script type=\"application\/ld+json\" class=\"yoast-schema-graph\">{\"@context\":\"https:\/\/schema.org\",\"@graph\":[{\"@type\":\"Article\",\"@id\":\"https:\/\/www.nexoinformativo.mx\/index.php\/2024\/12\/03\/el-marques-se-compromete-con-la-inclusion-entregaran-camionetas-adaptadas-para-personas-con-discapacidad\/#article\",\"isPartOf\":{\"@id\":\"https:\/\/www.nexoinformativo.mx\/index.php\/2024\/12\/03\/el-marques-se-compromete-con-la-inclusion-entregaran-camionetas-adaptadas-para-personas-con-discapacidad\/\"},\"author\":{\"name\":\"Nexo Informativo\",\"@id\":\"https:\/\/www.nexoinformativo.mx\/#\/schema\/person\/7749d380ba08c8ca00d7bc76fd907b7d\"},\"headline\":\"El Marqu\u00e9s se compromete con la inclusi\u00f3n: Entregar\u00e1n camionetas adaptadas para personas con discapacidad\",\"datePublished\":\"2024-12-04T01:00:46+00:00\",\"dateModified\":\"2024-12-04T04:54:17+00:00\",\"mainEntityOfPage\":{\"@id\":\"https:\/\/www.nexoinformativo.mx\/index.php\/2024\/12\/03\/el-marques-se-compromete-con-la-inclusion-entregaran-camionetas-adaptadas-para-personas-con-discapacidad\/\"},\"wordCount\":221,\"commentCount\":0,\"publisher\":{\"@id\":\"https:\/\/www.nexoinformativo.mx\/#organization\"},\"image\":{\"@id\":\"https:\/\/www.nexoinformativo.mx\/index.php\/2024\/12\/03\/el-marques-se-compromete-con-la-inclusion-entregaran-camionetas-adaptadas-para-personas-con-discapacidad\/#primaryimage\"},\"thumbnailUrl\":\"https:\/\/www.nexoinformativo.mx\/wp-content\/uploads\/2024\/12\/PHOTO-2024-12-03-21-35-02-scaled-e1733287960715.jpg\",\"keywords\":[\"Accesibilidad\",\"Discapacidad\",\"ElMarqu\u00e9sInclusivo\",\"Inclusi\u00f3nSocial\"],\"articleSection\":[\"Municipios\",\"\u00daltima Hora\"],\"inLanguage\":\"es\",\"potentialAction\":[{\"@type\":\"CommentAction\",\"name\":\"Comment\",\"target\":[\"https:\/\/www.nexoinformativo.mx\/index.php\/2024\/12\/03\/el-marques-se-compromete-con-la-inclusion-entregaran-camionetas-adaptadas-para-personas-con-discapacidad\/#respond\"]}]},{\"@type\":\"WebPage\",\"@id\":\"https:\/\/www.nexoinformativo.mx\/index.php\/2024\/12\/03\/el-marques-se-compromete-con-la-inclusion-entregaran-camionetas-adaptadas-para-personas-con-discapacidad\/\",\"url\":\"https:\/\/www.nexoinformativo.mx\/index.php\/2024\/12\/03\/el-marques-se-compromete-con-la-inclusion-entregaran-camionetas-adaptadas-para-personas-con-discapacidad\/\",\"name\":\"El Marqu\u00e9s se compromete con la inclusi\u00f3n: Entregar\u00e1n camionetas adaptadas para personas con discapacidad | Nexo Informativo Santiago de Quer\u00e9taro\",\"isPartOf\":{\"@id\":\"https:\/\/www.nexoinformativo.mx\/#website\"},\"primaryImageOfPage\":{\"@id\":\"https:\/\/www.nexoinformativo.mx\/index.php\/2024\/12\/03\/el-marques-se-compromete-con-la-inclusion-entregaran-camionetas-adaptadas-para-personas-con-discapacidad\/#primaryimage\"},\"image\":{\"@id\":\"https:\/\/www.nexoinformativo.mx\/index.php\/2024\/12\/03\/el-marques-se-compromete-con-la-inclusion-entregaran-camionetas-adaptadas-para-personas-con-discapacidad\/#primaryimage\"},\"thumbnailUrl\":\"https:\/\/www.nexoinformativo.mx\/wp-content\/uploads\/2024\/12\/PHOTO-2024-12-03-21-35-02-scaled-e1733287960715.jpg\",\"datePublished\":\"2024-12-04T01:00:46+00:00\",\"dateModified\":\"2024-12-04T04:54:17+00:00\",\"description\":\"El Marqu\u00e9s se compromete con la inclusi\u00f3n: Entregar\u00e1n camionetas adaptadas para personas con discapacidad\",\"breadcrumb\":{\"@id\":\"https:\/\/www.nexoinformativo.mx\/index.php\/2024\/12\/03\/el-marques-se-compromete-con-la-inclusion-entregaran-camionetas-adaptadas-para-personas-con-discapacidad\/#breadcrumb\"},\"inLanguage\":\"es\",\"potentialAction\":[{\"@type\":\"ReadAction\",\"target\":[\"https:\/\/www.nexoinformativo.mx\/index.php\/2024\/12\/03\/el-marques-se-compromete-con-la-inclusion-entregaran-camionetas-adaptadas-para-personas-con-discapacidad\/\"]}]},{\"@type\":\"ImageObject\",\"inLanguage\":\"es\",\"@id\":\"https:\/\/www.nexoinformativo.mx\/index.php\/2024\/12\/03\/el-marques-se-compromete-con-la-inclusion-entregaran-camionetas-adaptadas-para-personas-con-discapacidad\/#primaryimage\",\"url\":\"https:\/\/www.nexoinformativo.mx\/wp-content\/uploads\/2024\/12\/PHOTO-2024-12-03-21-35-02-scaled-e1733287960715.jpg\",\"contentUrl\":\"https:\/\/www.nexoinformativo.mx\/wp-content\/uploads\/2024\/12\/PHOTO-2024-12-03-21-35-02-scaled-e1733287960715.jpg\",\"width\":800,\"height\":533},{\"@type\":\"BreadcrumbList\",\"@id\":\"https:\/\/www.nexoinformativo.mx\/index.php\/2024\/12\/03\/el-marques-se-compromete-con-la-inclusion-entregaran-camionetas-adaptadas-para-personas-con-discapacidad\/#breadcrumb\",\"itemListElement\":[{\"@type\":\"ListItem\",\"position\":1,\"name\":\"Inicio\",\"item\":\"https:\/\/www.nexoinformativo.mx\/\"},{\"@type\":\"ListItem\",\"position\":2,\"name\":\"El Marqu\u00e9s se compromete con la inclusi\u00f3n: Entregar\u00e1n camionetas adaptadas para personas con discapacidad\"}]},{\"@type\":\"WebSite\",\"@id\":\"https:\/\/www.nexoinformativo.mx\/#website\",\"url\":\"https:\/\/www.nexoinformativo.mx\/\",\"name\":\"Nexo Informativo Santiago de Quer\u00e9taro\",\"description\":\"Explora NexoInformativo y convi\u00e9rtete en parte de una comunidad que valora el conocimiento y la verdad. Tu nexoinformativo es tu puente hacia una comprensi\u00f3n m\u00e1s profunda del mundo que te rodea.\",\"publisher\":{\"@id\":\"https:\/\/www.nexoinformativo.mx\/#organization\"},\"potentialAction\":[{\"@type\":\"SearchAction\",\"target\":{\"@type\":\"EntryPoint\",\"urlTemplate\":\"https:\/\/www.nexoinformativo.mx\/?s={search_term_string}\"},\"query-input\":{\"@type\":\"PropertyValueSpecification\",\"valueRequired\":true,\"valueName\":\"search_term_string\"}}],\"inLanguage\":\"es\"},{\"@type\":\"Organization\",\"@id\":\"https:\/\/www.nexoinformativo.mx\/#organization\",\"name\":\"Nexo Informativo Santiago de Quer\u00e9taro\",\"url\":\"https:\/\/www.nexoinformativo.mx\/\",\"logo\":{\"@type\":\"ImageObject\",\"inLanguage\":\"es\",\"@id\":\"https:\/\/www.nexoinformativo.mx\/#\/schema\/logo\/image\/\",\"url\":\"https:\/\/www.nexoinformativo.mx\/wp-content\/uploads\/2024\/07\/nexoi-trasparente-2.png\",\"contentUrl\":\"https:\/\/www.nexoinformativo.mx\/wp-content\/uploads\/2024\/07\/nexoi-trasparente-2.png\",\"width\":816,\"height\":339,\"caption\":\"Nexo Informativo Santiago de Quer\u00e9taro\"},\"image\":{\"@id\":\"https:\/\/www.nexoinformativo.mx\/#\/schema\/logo\/image\/\"},\"sameAs\":[\"https:\/\/www.facebook.com\/people\/Nexo-Informativo\/61564066885511\/\"]},{\"@type\":\"Person\",\"@id\":\"https:\/\/www.nexoinformativo.mx\/#\/schema\/person\/7749d380ba08c8ca00d7bc76fd907b7d\",\"name\":\"Nexo Informativo\",\"image\":{\"@type\":\"ImageObject\",\"inLanguage\":\"es\",\"@id\":\"https:\/\/www.nexoinformativo.mx\/#\/schema\/person\/image\/\",\"url\":\"https:\/\/secure.gravatar.com\/avatar\/dde2928154642a13d95f87ddf1ea9718fe2b46760a005c53e41ff5ad610704e6?s=96&d=mm&r=g\",\"contentUrl\":\"https:\/\/secure.gravatar.com\/avatar\/dde2928154642a13d95f87ddf1ea9718fe2b46760a005c53e41ff5ad610704e6?s=96&d=mm&r=g\",\"caption\":\"Nexo Informativo\"},\"url\":\"https:\/\/www.nexoinformativo.mx\/index.php\/author\/edicion\/\"}]}<\/script>\n<!-- \/ Yoast SEO plugin. -->","yoast_head_json":{"title":"El Marqu\u00e9s se compromete con la inclusi\u00f3n: Entregar\u00e1n camionetas adaptadas para personas con discapacidad | Nexo Informativo Santiago de Quer\u00e9taro","description":"El Marqu\u00e9s se compromete con la inclusi\u00f3n: Entregar\u00e1n camionetas adaptadas para personas con discapacidad","robots":{"index":"index","follow":"follow","max-snippet":"max-snippet:-1","max-image-preview":"max-image-preview:large","max-video-preview":"max-video-preview:-1"},"canonical":"https:\/\/www.nexoinformativo.mx\/index.php\/2024\/12\/03\/el-marques-se-compromete-con-la-inclusion-entregaran-camionetas-adaptadas-para-personas-con-discapacidad\/","og_locale":"es_MX","og_type":"article","og_title":"El Marqu\u00e9s se compromete con la inclusi\u00f3n: Entregar\u00e1n camionetas adaptadas para personas con discapacidad | Nexo Informativo Santiago de Quer\u00e9taro","og_description":"El Marqu\u00e9s se compromete con la inclusi\u00f3n: Entregar\u00e1n camionetas adaptadas para personas con discapacidad","og_url":"https:\/\/www.nexoinformativo.mx\/index.php\/2024\/12\/03\/el-marques-se-compromete-con-la-inclusion-entregaran-camionetas-adaptadas-para-personas-con-discapacidad\/","og_site_name":"Nexo Informativo Santiago de Quer\u00e9taro","article_publisher":"https:\/\/www.facebook.com\/people\/Nexo-Informativo\/61564066885511\/","article_published_time":"2024-12-04T01:00:46+00:00","article_modified_time":"2024-12-04T04:54:17+00:00","og_image":[{"width":800,"height":533,"url":"https:\/\/www.nexoinformativo.mx\/wp-content\/uploads\/2024\/12\/PHOTO-2024-12-03-21-35-02-scaled-e1733287960715.jpg","type":"image\/jpeg"}],"author":"Nexo Informativo","twitter_card":"summary_large_image","twitter_misc":{"Escrito por":"Nexo Informativo","Tiempo de lectura":"2 minutos"},"schema":{"@context":"https:\/\/schema.org","@graph":[{"@type":"Article","@id":"https:\/\/www.nexoinformativo.mx\/index.php\/2024\/12\/03\/el-marques-se-compromete-con-la-inclusion-entregaran-camionetas-adaptadas-para-personas-con-discapacidad\/#article","isPartOf":{"@id":"https:\/\/www.nexoinformativo.mx\/index.php\/2024\/12\/03\/el-marques-se-compromete-con-la-inclusion-entregaran-camionetas-adaptadas-para-personas-con-discapacidad\/"},"author":{"name":"Nexo Informativo","@id":"https:\/\/www.nexoinformativo.mx\/#\/schema\/person\/7749d380ba08c8ca00d7bc76fd907b7d"},"headline":"El Marqu\u00e9s se compromete con la inclusi\u00f3n: Entregar\u00e1n camionetas adaptadas para personas con discapacidad","datePublished":"2024-12-04T01:00:46+00:00","dateModified":"2024-12-04T04:54:17+00:00","mainEntityOfPage":{"@id":"https:\/\/www.nexoinformativo.mx\/index.php\/2024\/12\/03\/el-marques-se-compromete-con-la-inclusion-entregaran-camionetas-adaptadas-para-personas-con-discapacidad\/"},"wordCount":221,"commentCount":0,"publisher":{"@id":"https:\/\/www.nexoinformativo.mx\/#organization"},"image":{"@id":"https:\/\/www.nexoinformativo.mx\/index.php\/2024\/12\/03\/el-marques-se-compromete-con-la-inclusion-entregaran-camionetas-adaptadas-para-personas-con-discapacidad\/#primaryimage"},"thumbnailUrl":"https:\/\/www.nexoinformativo.mx\/wp-content\/uploads\/2024\/12\/PHOTO-2024-12-03-21-35-02-scaled-e1733287960715.jpg","keywords":["Accesibilidad","Discapacidad","ElMarqu\u00e9sInclusivo","Inclusi\u00f3nSocial"],"articleSection":["Municipios","\u00daltima Hora"],"inLanguage":"es","potentialAction":[{"@type":"CommentAction","name":"Comment","target":["https:\/\/www.nexoinformativo.mx\/index.php\/2024\/12\/03\/el-marques-se-compromete-con-la-inclusion-entregaran-camionetas-adaptadas-para-personas-con-discapacidad\/#respond"]}]},{"@type":"WebPage","@id":"https:\/\/www.nexoinformativo.mx\/index.php\/2024\/12\/03\/el-marques-se-compromete-con-la-inclusion-entregaran-camionetas-adaptadas-para-personas-con-discapacidad\/","url":"https:\/\/www.nexoinformativo.mx\/index.php\/2024\/12\/03\/el-marques-se-compromete-con-la-inclusion-entregaran-camionetas-adaptadas-para-personas-con-discapacidad\/","name":"El Marqu\u00e9s se compromete con la inclusi\u00f3n: Entregar\u00e1n camionetas adaptadas para personas con discapacidad | Nexo Informativo Santiago de Quer\u00e9taro","isPartOf":{"@id":"https:\/\/www.nexoinformativo.mx\/#website"},"primaryImageOfPage":{"@id":"https:\/\/www.nexoinformativo.mx\/index.php\/2024\/12\/03\/el-marques-se-compromete-con-la-inclusion-entregaran-camionetas-adaptadas-para-personas-con-discapacidad\/#primaryimage"},"image":{"@id":"https:\/\/www.nexoinformativo.mx\/index.php\/2024\/12\/03\/el-marques-se-compromete-con-la-inclusion-entregaran-camionetas-adaptadas-para-personas-con-discapacidad\/#primaryimage"},"thumbnailUrl":"https:\/\/www.nexoinformativo.mx\/wp-content\/uploads\/2024\/12\/PHOTO-2024-12-03-21-35-02-scaled-e1733287960715.jpg","datePublished":"2024-12-04T01:00:46+00:00","dateModified":"2024-12-04T04:54:17+00:00","description":"El Marqu\u00e9s se compromete con la inclusi\u00f3n: Entregar\u00e1n camionetas adaptadas para personas con discapacidad","breadcrumb":{"@id":"https:\/\/www.nexoinformativo.mx\/index.php\/2024\/12\/03\/el-marques-se-compromete-con-la-inclusion-entregaran-camionetas-adaptadas-para-personas-con-discapacidad\/#breadcrumb"},"inLanguage":"es","potentialAction":[{"@type":"ReadAction","target":["https:\/\/www.nexoinformativo.mx\/index.php\/2024\/12\/03\/el-marques-se-compromete-con-la-inclusion-entregaran-camionetas-adaptadas-para-personas-con-discapacidad\/"]}]},{"@type":"ImageObject","inLanguage":"es","@id":"https:\/\/www.nexoinformativo.mx\/index.php\/2024\/12\/03\/el-marques-se-compromete-con-la-inclusion-entregaran-camionetas-adaptadas-para-personas-con-discapacidad\/#primaryimage","url":"https:\/\/www.nexoinformativo.mx\/wp-content\/uploads\/2024\/12\/PHOTO-2024-12-03-21-35-02-scaled-e1733287960715.jpg","contentUrl":"https:\/\/www.nexoinformativo.mx\/wp-content\/uploads\/2024\/12\/PHOTO-2024-12-03-21-35-02-scaled-e1733287960715.jpg","width":800,"height":533},{"@type":"BreadcrumbList","@id":"https:\/\/www.nexoinformativo.mx\/index.php\/2024\/12\/03\/el-marques-se-compromete-con-la-inclusion-entregaran-camionetas-adaptadas-para-personas-con-discapacidad\/#breadcrumb","itemListElement":[{"@type":"ListItem","position":1,"name":"Inicio","item":"https:\/\/www.nexoinformativo.mx\/"},{"@type":"ListItem","position":2,"name":"El Marqu\u00e9s se compromete con la inclusi\u00f3n: Entregar\u00e1n camionetas adaptadas para personas con discapacidad"}]},{"@type":"WebSite","@id":"https:\/\/www.nexoinformativo.mx\/#website","url":"https:\/\/www.nexoinformativo.mx\/","name":"Nexo Informativo Santiago de Quer\u00e9taro","description":"Explora NexoInformativo y convi\u00e9rtete en parte de una comunidad que valora el conocimiento y la verdad. Tu nexoinformativo es tu puente hacia una comprensi\u00f3n m\u00e1s profunda del mundo que te rodea.","publisher":{"@id":"https:\/\/www.nexoinformativo.mx\/#organization"},"potentialAction":[{"@type":"SearchAction","target":{"@type":"EntryPoint","urlTemplate":"https:\/\/www.nexoinformativo.mx\/?s={search_term_string}"},"query-input":{"@type":"PropertyValueSpecification","valueRequired":true,"valueName":"search_term_string"}}],"inLanguage":"es"},{"@type":"Organization","@id":"https:\/\/www.nexoinformativo.mx\/#organization","name":"Nexo Informativo Santiago de Quer\u00e9taro","url":"https:\/\/www.nexoinformativo.mx\/","logo":{"@type":"ImageObject","inLanguage":"es","@id":"https:\/\/www.nexoinformativo.mx\/#\/schema\/logo\/image\/","url":"https:\/\/www.nexoinformativo.mx\/wp-content\/uploads\/2024\/07\/nexoi-trasparente-2.png","contentUrl":"https:\/\/www.nexoinformativo.mx\/wp-content\/uploads\/2024\/07\/nexoi-trasparente-2.png","width":816,"height":339,"caption":"Nexo Informativo Santiago de Quer\u00e9taro"},"image":{"@id":"https:\/\/www.nexoinformativo.mx\/#\/schema\/logo\/image\/"},"sameAs":["https:\/\/www.facebook.com\/people\/Nexo-Informativo\/61564066885511\/"]},{"@type":"Person","@id":"https:\/\/www.nexoinformativo.mx\/#\/schema\/person\/7749d380ba08c8ca00d7bc76fd907b7d","name":"Nexo Informativo","image":{"@type":"ImageObject","inLanguage":"es","@id":"https:\/\/www.nexoinformativo.mx\/#\/schema\/person\/image\/","url":"https:\/\/secure.gravatar.com\/avatar\/dde2928154642a13d95f87ddf1ea9718fe2b46760a005c53e41ff5ad610704e6?s=96&d=mm&r=g","contentUrl":"https:\/\/secure.gravatar.com\/avatar\/dde2928154642a13d95f87ddf1ea9718fe2b46760a005c53e41ff5ad610704e6?s=96&d=mm&r=g","caption":"Nexo Informativo"},"url":"https:\/\/www.nexoinformativo.mx\/index.php\/author\/edicion\/"}]}},"_links":{"self":[{"href":"https:\/\/www.nexoinformativo.mx\/index.php\/wp-json\/wp\/v2\/posts\/7492","targetHints":{"allow":["GET"]}}],"collection":[{"href":"https:\/\/www.nexoinformativo.mx\/index.php\/wp-json\/wp\/v2\/posts"}],"about":[{"href":"https:\/\/www.nexoinformativo.mx\/index.php\/wp-json\/wp\/v2\/types\/post"}],"author":[{"embeddable":true,"href":"https:\/\/www.nexoinformativo.mx\/index.php\/wp-json\/wp\/v2\/users\/3"}],"replies":[{"embeddable":true,"href":"https:\/\/www.nexoinformativo.mx\/index.php\/wp-json\/wp\/v2\/comments?post=7492"}],"version-history":[{"count":4,"href":"https:\/\/www.nexoinformativo.mx\/index.php\/wp-json\/wp\/v2\/posts\/7492\/revisions"}],"predecessor-version":[{"id":7497,"href":"https:\/\/www.nexoinformativo.mx\/index.php\/wp-json\/wp\/v2\/posts\/7492\/revisions\/7497"}],"wp:featuredmedia":[{"embeddable":true,"href":"https:\/\/www.nexoinformativo.mx\/index.php\/wp-json\/wp\/v2\/media\/7493"}],"wp:attachment":[{"href":"https:\/\/www.nexoinformativo.mx\/index.php\/wp-json\/wp\/v2\/media?parent=7492"}],"wp:term":[{"taxonomy":"category","embeddable":true,"href":"https:\/\/www.nexoinformativo.mx\/index.php\/wp-json\/wp\/v2\/categories?post=7492"},{"taxonomy":"post_tag","embeddable":true,"href":"https:\/\/www.nexoinformativo.mx\/index.php\/wp-json\/wp\/v2\/tags?post=7492"}],"curies":[{"name":"wp","href":"https:\/\/api.w.org\/{rel}","templated":true}]}}