{"id":7503,"date":"2024-12-04T07:00:28","date_gmt":"2024-12-04T13:00:28","guid":{"rendered":"https:\/\/www.nexoinformativo.mx\/?p=7503"},"modified":"2024-12-04T09:35:51","modified_gmt":"2024-12-04T15:35:51","slug":"corregidora-fortalece-su-sistema-de-proteccion-civil-para-garantizar-la-seguridad-de-sus-ciudadanos","status":"publish","type":"post","link":"https:\/\/www.nexoinformativo.mx\/index.php\/2024\/12\/04\/corregidora-fortalece-su-sistema-de-proteccion-civil-para-garantizar-la-seguridad-de-sus-ciudadanos\/","title":{"rendered":"Chepe Guerrero fortalece su sistema de Protecci\u00f3n Civil para garantizar la seguridad de sus ciudadanos de Corregidora"},"content":{"rendered":"<p style=\"text-align: justify;\" data-sourcepos=\"9:1-9:335\">El municipio de Corregidora dio un paso importante hacia la prevenci\u00f3n y atenci\u00f3n de emergencias al instalar el Consejo Municipal de Protecci\u00f3n Civil 2024-2027. Encabezado por el presidente municipal, Chepe Guerrero, el evento cont\u00f3 con la participaci\u00f3n de representantes de los tres niveles de gobierno, as\u00ed como de la sociedad civil.<\/p>\n<p>&nbsp;<\/p>\n<p style=\"text-align: justify;\" data-sourcepos=\"11:1-11:335\">Durante la ceremonia, el alcalde destac\u00f3 la importancia de trabajar de manera coordinada para garantizar la seguridad de los ciudadanos. <strong>&#8220;En nuestro municipio, la Protecci\u00f3n Civil no es solo una tarea administrativa, sino una vocaci\u00f3n de servicio que se vive d\u00eda a d\u00eda con pasi\u00f3n, entrega y responsabilidad&#8221;<\/strong>, afirm\u00f3 Guerrero.<\/p>\n<p>&nbsp;<\/p>\n<p style=\"text-align: justify;\" data-sourcepos=\"13:1-13:360\">El Consejo Municipal de Protecci\u00f3n Civil tiene como objetivo principal planificar y coordinar las acciones necesarias para prevenir, atender y recuperarse de cualquier emergencia o desastre natural que pueda afectar al municipio.<\/p>\n<p>&nbsp;<\/p>\n<p style=\"text-align: justify;\" data-sourcepos=\"15:1-15:295\">Se presentaron los informes de actividades de la Secretar\u00eda Municipal de Obras P\u00fablicas y de la Direcci\u00f3n Municipal de Protecci\u00f3n Civil, en los que se destacaron las acciones realizadas para prevenir y atender emergencias, especialmente durante la pasada temporada de lluvias.<\/p>\n<p>&nbsp;<\/p>\n<p style=\"text-align: justify;\" data-sourcepos=\"17:1-17:366\">El Consejo est\u00e1 conformado por representantes de diversas \u00e1reas del gobierno municipal, as\u00ed como por instituciones como la Coordinaci\u00f3n Estatal de Protecci\u00f3n Civil, la Comisi\u00f3n Estatal de Aguas, el Centro Regulador de Urgencias M\u00e9dicas, Bomberos de Quer\u00e9taro, la Secretar\u00eda de la Defensa Nacional, la Comisi\u00f3n Nacional del Agua y la Comisi\u00f3n Federal de Electricidad.<\/p>\n<p>&nbsp;<\/p>\n<p style=\"text-align: justify;\" data-sourcepos=\"19:1-19:191\">Con la instalaci\u00f3n de este Consejo, Corregidora reafirma su compromiso con la seguridad y el bienestar de sus ciudadanos, demostrando que est\u00e1 preparado para enfrentar cualquier eventualidad.<\/p>\n<p>&nbsp;<\/p>\n<p style=\"text-align: center;\" data-sourcepos=\"19:1-19:191\"><em><strong>\u00a1Informaci\u00f3n. que transforma!<\/strong><\/em><\/p>\n","protected":false},"excerpt":{"rendered":"<p>El municipio de Corregidora dio un paso importante hacia la prevenci\u00f3n y atenci\u00f3n de emergencias al instalar el Consejo Municipal de Protecci\u00f3n Civil 2024-2027.<\/p>\n","protected":false},"author":3,"featured_media":7504,"comment_status":"open","ping_status":"open","sticky":false,"template":"","format":"standard","meta":{"footnotes":""},"categories":[65,58],"tags":[233,717,2503,157],"class_list":["post-7503","post","type-post","status-publish","format-standard","has-post-thumbnail","hentry","category-municipios","category-ultima-hora","tag-corregidora","tag-emergencias","tag-proteccioncivilcorregidora","tag-seguridadciudadana"],"yoast_head":"<!-- This site is optimized with the Yoast SEO plugin v25.0 - https:\/\/yoast.com\/wordpress\/plugins\/seo\/ -->\n<title>Chepe Guerrero fortalece su sistema de Protecci\u00f3n Civil para garantizar la seguridad de sus ciudadanos de Corregidora | Nexo Informativo Santiago de Quer\u00e9taro<\/title>\n<meta name=\"description\" content=\"Chepe Guerrero fortalece su sistema de Protecci\u00f3n Civil para garantizar la seguridad de sus ciudadanos de Corregidora\" \/>\n<meta name=\"robots\" content=\"index, follow, max-snippet:-1, max-image-preview:large, max-video-preview:-1\" \/>\n<link rel=\"canonical\" href=\"https:\/\/www.nexoinformativo.mx\/index.php\/2024\/12\/04\/corregidora-fortalece-su-sistema-de-proteccion-civil-para-garantizar-la-seguridad-de-sus-ciudadanos\/\" \/>\n<meta property=\"og:locale\" content=\"es_MX\" \/>\n<meta property=\"og:type\" content=\"article\" \/>\n<meta property=\"og:title\" content=\"Chepe Guerrero fortalece su sistema de Protecci\u00f3n Civil para garantizar la seguridad de sus ciudadanos de Corregidora | Nexo Informativo Santiago de Quer\u00e9taro\" \/>\n<meta property=\"og:description\" content=\"Chepe Guerrero fortalece su sistema de Protecci\u00f3n Civil para garantizar la seguridad de sus ciudadanos de Corregidora\" \/>\n<meta property=\"og:url\" content=\"https:\/\/www.nexoinformativo.mx\/index.php\/2024\/12\/04\/corregidora-fortalece-su-sistema-de-proteccion-civil-para-garantizar-la-seguridad-de-sus-ciudadanos\/\" \/>\n<meta property=\"og:site_name\" content=\"Nexo Informativo Santiago de Quer\u00e9taro\" \/>\n<meta property=\"article:publisher\" content=\"https:\/\/www.facebook.com\/people\/Nexo-Informativo\/61564066885511\/\" \/>\n<meta property=\"article:published_time\" content=\"2024-12-04T13:00:28+00:00\" \/>\n<meta property=\"article:modified_time\" content=\"2024-12-04T15:35:51+00:00\" \/>\n<meta property=\"og:image\" content=\"https:\/\/www.nexoinformativo.mx\/wp-content\/uploads\/2024\/12\/PHOTO-2024-12-03-21-32-18-e1733326389658.jpg\" \/>\n\t<meta property=\"og:image:width\" content=\"800\" \/>\n\t<meta property=\"og:image:height\" content=\"533\" \/>\n\t<meta property=\"og:image:type\" content=\"image\/jpeg\" \/>\n<meta name=\"author\" content=\"Nexo Informativo\" \/>\n<meta name=\"twitter:card\" content=\"summary_large_image\" \/>\n<meta name=\"twitter:label1\" content=\"Escrito por\" \/>\n\t<meta name=\"twitter:data1\" content=\"Nexo Informativo\" \/>\n\t<meta name=\"twitter:label2\" content=\"Tiempo de lectura\" \/>\n\t<meta name=\"twitter:data2\" content=\"2 minutos\" \/>\n<script type=\"application\/ld+json\" class=\"yoast-schema-graph\">{\"@context\":\"https:\/\/schema.org\",\"@graph\":[{\"@type\":\"Article\",\"@id\":\"https:\/\/www.nexoinformativo.mx\/index.php\/2024\/12\/04\/corregidora-fortalece-su-sistema-de-proteccion-civil-para-garantizar-la-seguridad-de-sus-ciudadanos\/#article\",\"isPartOf\":{\"@id\":\"https:\/\/www.nexoinformativo.mx\/index.php\/2024\/12\/04\/corregidora-fortalece-su-sistema-de-proteccion-civil-para-garantizar-la-seguridad-de-sus-ciudadanos\/\"},\"author\":{\"name\":\"Nexo Informativo\",\"@id\":\"https:\/\/www.nexoinformativo.mx\/#\/schema\/person\/7749d380ba08c8ca00d7bc76fd907b7d\"},\"headline\":\"Chepe Guerrero fortalece su sistema de Protecci\u00f3n Civil para garantizar la seguridad de sus ciudadanos de Corregidora\",\"datePublished\":\"2024-12-04T13:00:28+00:00\",\"dateModified\":\"2024-12-04T15:35:51+00:00\",\"mainEntityOfPage\":{\"@id\":\"https:\/\/www.nexoinformativo.mx\/index.php\/2024\/12\/04\/corregidora-fortalece-su-sistema-de-proteccion-civil-para-garantizar-la-seguridad-de-sus-ciudadanos\/\"},\"wordCount\":306,\"commentCount\":0,\"publisher\":{\"@id\":\"https:\/\/www.nexoinformativo.mx\/#organization\"},\"image\":{\"@id\":\"https:\/\/www.nexoinformativo.mx\/index.php\/2024\/12\/04\/corregidora-fortalece-su-sistema-de-proteccion-civil-para-garantizar-la-seguridad-de-sus-ciudadanos\/#primaryimage\"},\"thumbnailUrl\":\"https:\/\/www.nexoinformativo.mx\/wp-content\/uploads\/2024\/12\/PHOTO-2024-12-03-21-32-18-e1733326389658.jpg\",\"keywords\":[\"Corregidora\",\"Emergencias\",\"Protecci\u00f3nCivilCorregidora\",\"SeguridadCiudadana\"],\"articleSection\":[\"Municipios\",\"\u00daltima Hora\"],\"inLanguage\":\"es\",\"potentialAction\":[{\"@type\":\"CommentAction\",\"name\":\"Comment\",\"target\":[\"https:\/\/www.nexoinformativo.mx\/index.php\/2024\/12\/04\/corregidora-fortalece-su-sistema-de-proteccion-civil-para-garantizar-la-seguridad-de-sus-ciudadanos\/#respond\"]}]},{\"@type\":\"WebPage\",\"@id\":\"https:\/\/www.nexoinformativo.mx\/index.php\/2024\/12\/04\/corregidora-fortalece-su-sistema-de-proteccion-civil-para-garantizar-la-seguridad-de-sus-ciudadanos\/\",\"url\":\"https:\/\/www.nexoinformativo.mx\/index.php\/2024\/12\/04\/corregidora-fortalece-su-sistema-de-proteccion-civil-para-garantizar-la-seguridad-de-sus-ciudadanos\/\",\"name\":\"Chepe Guerrero fortalece su sistema de Protecci\u00f3n Civil para garantizar la seguridad de sus ciudadanos de Corregidora | Nexo Informativo Santiago de Quer\u00e9taro\",\"isPartOf\":{\"@id\":\"https:\/\/www.nexoinformativo.mx\/#website\"},\"primaryImageOfPage\":{\"@id\":\"https:\/\/www.nexoinformativo.mx\/index.php\/2024\/12\/04\/corregidora-fortalece-su-sistema-de-proteccion-civil-para-garantizar-la-seguridad-de-sus-ciudadanos\/#primaryimage\"},\"image\":{\"@id\":\"https:\/\/www.nexoinformativo.mx\/index.php\/2024\/12\/04\/corregidora-fortalece-su-sistema-de-proteccion-civil-para-garantizar-la-seguridad-de-sus-ciudadanos\/#primaryimage\"},\"thumbnailUrl\":\"https:\/\/www.nexoinformativo.mx\/wp-content\/uploads\/2024\/12\/PHOTO-2024-12-03-21-32-18-e1733326389658.jpg\",\"datePublished\":\"2024-12-04T13:00:28+00:00\",\"dateModified\":\"2024-12-04T15:35:51+00:00\",\"description\":\"Chepe Guerrero fortalece su sistema de Protecci\u00f3n Civil para garantizar la seguridad de sus ciudadanos de Corregidora\",\"breadcrumb\":{\"@id\":\"https:\/\/www.nexoinformativo.mx\/index.php\/2024\/12\/04\/corregidora-fortalece-su-sistema-de-proteccion-civil-para-garantizar-la-seguridad-de-sus-ciudadanos\/#breadcrumb\"},\"inLanguage\":\"es\",\"potentialAction\":[{\"@type\":\"ReadAction\",\"target\":[\"https:\/\/www.nexoinformativo.mx\/index.php\/2024\/12\/04\/corregidora-fortalece-su-sistema-de-proteccion-civil-para-garantizar-la-seguridad-de-sus-ciudadanos\/\"]}]},{\"@type\":\"ImageObject\",\"inLanguage\":\"es\",\"@id\":\"https:\/\/www.nexoinformativo.mx\/index.php\/2024\/12\/04\/corregidora-fortalece-su-sistema-de-proteccion-civil-para-garantizar-la-seguridad-de-sus-ciudadanos\/#primaryimage\",\"url\":\"https:\/\/www.nexoinformativo.mx\/wp-content\/uploads\/2024\/12\/PHOTO-2024-12-03-21-32-18-e1733326389658.jpg\",\"contentUrl\":\"https:\/\/www.nexoinformativo.mx\/wp-content\/uploads\/2024\/12\/PHOTO-2024-12-03-21-32-18-e1733326389658.jpg\",\"width\":800,\"height\":533},{\"@type\":\"BreadcrumbList\",\"@id\":\"https:\/\/www.nexoinformativo.mx\/index.php\/2024\/12\/04\/corregidora-fortalece-su-sistema-de-proteccion-civil-para-garantizar-la-seguridad-de-sus-ciudadanos\/#breadcrumb\",\"itemListElement\":[{\"@type\":\"ListItem\",\"position\":1,\"name\":\"Inicio\",\"item\":\"https:\/\/www.nexoinformativo.mx\/\"},{\"@type\":\"ListItem\",\"position\":2,\"name\":\"Chepe Guerrero fortalece su sistema de Protecci\u00f3n Civil para garantizar la seguridad de sus ciudadanos de Corregidora\"}]},{\"@type\":\"WebSite\",\"@id\":\"https:\/\/www.nexoinformativo.mx\/#website\",\"url\":\"https:\/\/www.nexoinformativo.mx\/\",\"name\":\"Nexo Informativo Santiago de Quer\u00e9taro\",\"description\":\"Explora NexoInformativo y convi\u00e9rtete en parte de una comunidad que valora el conocimiento y la verdad. Tu nexoinformativo es tu puente hacia una comprensi\u00f3n m\u00e1s profunda del mundo que te rodea.\",\"publisher\":{\"@id\":\"https:\/\/www.nexoinformativo.mx\/#organization\"},\"potentialAction\":[{\"@type\":\"SearchAction\",\"target\":{\"@type\":\"EntryPoint\",\"urlTemplate\":\"https:\/\/www.nexoinformativo.mx\/?s={search_term_string}\"},\"query-input\":{\"@type\":\"PropertyValueSpecification\",\"valueRequired\":true,\"valueName\":\"search_term_string\"}}],\"inLanguage\":\"es\"},{\"@type\":\"Organization\",\"@id\":\"https:\/\/www.nexoinformativo.mx\/#organization\",\"name\":\"Nexo Informativo Santiago de Quer\u00e9taro\",\"url\":\"https:\/\/www.nexoinformativo.mx\/\",\"logo\":{\"@type\":\"ImageObject\",\"inLanguage\":\"es\",\"@id\":\"https:\/\/www.nexoinformativo.mx\/#\/schema\/logo\/image\/\",\"url\":\"https:\/\/www.nexoinformativo.mx\/wp-content\/uploads\/2024\/07\/nexoi-trasparente-2.png\",\"contentUrl\":\"https:\/\/www.nexoinformativo.mx\/wp-content\/uploads\/2024\/07\/nexoi-trasparente-2.png\",\"width\":816,\"height\":339,\"caption\":\"Nexo Informativo Santiago de Quer\u00e9taro\"},\"image\":{\"@id\":\"https:\/\/www.nexoinformativo.mx\/#\/schema\/logo\/image\/\"},\"sameAs\":[\"https:\/\/www.facebook.com\/people\/Nexo-Informativo\/61564066885511\/\"]},{\"@type\":\"Person\",\"@id\":\"https:\/\/www.nexoinformativo.mx\/#\/schema\/person\/7749d380ba08c8ca00d7bc76fd907b7d\",\"name\":\"Nexo Informativo\",\"image\":{\"@type\":\"ImageObject\",\"inLanguage\":\"es\",\"@id\":\"https:\/\/www.nexoinformativo.mx\/#\/schema\/person\/image\/\",\"url\":\"https:\/\/secure.gravatar.com\/avatar\/dde2928154642a13d95f87ddf1ea9718fe2b46760a005c53e41ff5ad610704e6?s=96&d=mm&r=g\",\"contentUrl\":\"https:\/\/secure.gravatar.com\/avatar\/dde2928154642a13d95f87ddf1ea9718fe2b46760a005c53e41ff5ad610704e6?s=96&d=mm&r=g\",\"caption\":\"Nexo Informativo\"},\"url\":\"https:\/\/www.nexoinformativo.mx\/index.php\/author\/edicion\/\"}]}<\/script>\n<!-- \/ Yoast SEO plugin. -->","yoast_head_json":{"title":"Chepe Guerrero fortalece su sistema de Protecci\u00f3n Civil para garantizar la seguridad de sus ciudadanos de Corregidora | Nexo Informativo Santiago de Quer\u00e9taro","description":"Chepe Guerrero fortalece su sistema de Protecci\u00f3n Civil para garantizar la seguridad de sus ciudadanos de Corregidora","robots":{"index":"index","follow":"follow","max-snippet":"max-snippet:-1","max-image-preview":"max-image-preview:large","max-video-preview":"max-video-preview:-1"},"canonical":"https:\/\/www.nexoinformativo.mx\/index.php\/2024\/12\/04\/corregidora-fortalece-su-sistema-de-proteccion-civil-para-garantizar-la-seguridad-de-sus-ciudadanos\/","og_locale":"es_MX","og_type":"article","og_title":"Chepe Guerrero fortalece su sistema de Protecci\u00f3n Civil para garantizar la seguridad de sus ciudadanos de Corregidora | Nexo Informativo Santiago de Quer\u00e9taro","og_description":"Chepe Guerrero fortalece su sistema de Protecci\u00f3n Civil para garantizar la seguridad de sus ciudadanos de Corregidora","og_url":"https:\/\/www.nexoinformativo.mx\/index.php\/2024\/12\/04\/corregidora-fortalece-su-sistema-de-proteccion-civil-para-garantizar-la-seguridad-de-sus-ciudadanos\/","og_site_name":"Nexo Informativo Santiago de Quer\u00e9taro","article_publisher":"https:\/\/www.facebook.com\/people\/Nexo-Informativo\/61564066885511\/","article_published_time":"2024-12-04T13:00:28+00:00","article_modified_time":"2024-12-04T15:35:51+00:00","og_image":[{"width":800,"height":533,"url":"https:\/\/www.nexoinformativo.mx\/wp-content\/uploads\/2024\/12\/PHOTO-2024-12-03-21-32-18-e1733326389658.jpg","type":"image\/jpeg"}],"author":"Nexo Informativo","twitter_card":"summary_large_image","twitter_misc":{"Escrito por":"Nexo Informativo","Tiempo de lectura":"2 minutos"},"schema":{"@context":"https:\/\/schema.org","@graph":[{"@type":"Article","@id":"https:\/\/www.nexoinformativo.mx\/index.php\/2024\/12\/04\/corregidora-fortalece-su-sistema-de-proteccion-civil-para-garantizar-la-seguridad-de-sus-ciudadanos\/#article","isPartOf":{"@id":"https:\/\/www.nexoinformativo.mx\/index.php\/2024\/12\/04\/corregidora-fortalece-su-sistema-de-proteccion-civil-para-garantizar-la-seguridad-de-sus-ciudadanos\/"},"author":{"name":"Nexo Informativo","@id":"https:\/\/www.nexoinformativo.mx\/#\/schema\/person\/7749d380ba08c8ca00d7bc76fd907b7d"},"headline":"Chepe Guerrero fortalece su sistema de Protecci\u00f3n Civil para garantizar la seguridad de sus ciudadanos de Corregidora","datePublished":"2024-12-04T13:00:28+00:00","dateModified":"2024-12-04T15:35:51+00:00","mainEntityOfPage":{"@id":"https:\/\/www.nexoinformativo.mx\/index.php\/2024\/12\/04\/corregidora-fortalece-su-sistema-de-proteccion-civil-para-garantizar-la-seguridad-de-sus-ciudadanos\/"},"wordCount":306,"commentCount":0,"publisher":{"@id":"https:\/\/www.nexoinformativo.mx\/#organization"},"image":{"@id":"https:\/\/www.nexoinformativo.mx\/index.php\/2024\/12\/04\/corregidora-fortalece-su-sistema-de-proteccion-civil-para-garantizar-la-seguridad-de-sus-ciudadanos\/#primaryimage"},"thumbnailUrl":"https:\/\/www.nexoinformativo.mx\/wp-content\/uploads\/2024\/12\/PHOTO-2024-12-03-21-32-18-e1733326389658.jpg","keywords":["Corregidora","Emergencias","Protecci\u00f3nCivilCorregidora","SeguridadCiudadana"],"articleSection":["Municipios","\u00daltima Hora"],"inLanguage":"es","potentialAction":[{"@type":"CommentAction","name":"Comment","target":["https:\/\/www.nexoinformativo.mx\/index.php\/2024\/12\/04\/corregidora-fortalece-su-sistema-de-proteccion-civil-para-garantizar-la-seguridad-de-sus-ciudadanos\/#respond"]}]},{"@type":"WebPage","@id":"https:\/\/www.nexoinformativo.mx\/index.php\/2024\/12\/04\/corregidora-fortalece-su-sistema-de-proteccion-civil-para-garantizar-la-seguridad-de-sus-ciudadanos\/","url":"https:\/\/www.nexoinformativo.mx\/index.php\/2024\/12\/04\/corregidora-fortalece-su-sistema-de-proteccion-civil-para-garantizar-la-seguridad-de-sus-ciudadanos\/","name":"Chepe Guerrero fortalece su sistema de Protecci\u00f3n Civil para garantizar la seguridad de sus ciudadanos de Corregidora | Nexo Informativo Santiago de Quer\u00e9taro","isPartOf":{"@id":"https:\/\/www.nexoinformativo.mx\/#website"},"primaryImageOfPage":{"@id":"https:\/\/www.nexoinformativo.mx\/index.php\/2024\/12\/04\/corregidora-fortalece-su-sistema-de-proteccion-civil-para-garantizar-la-seguridad-de-sus-ciudadanos\/#primaryimage"},"image":{"@id":"https:\/\/www.nexoinformativo.mx\/index.php\/2024\/12\/04\/corregidora-fortalece-su-sistema-de-proteccion-civil-para-garantizar-la-seguridad-de-sus-ciudadanos\/#primaryimage"},"thumbnailUrl":"https:\/\/www.nexoinformativo.mx\/wp-content\/uploads\/2024\/12\/PHOTO-2024-12-03-21-32-18-e1733326389658.jpg","datePublished":"2024-12-04T13:00:28+00:00","dateModified":"2024-12-04T15:35:51+00:00","description":"Chepe Guerrero fortalece su sistema de Protecci\u00f3n Civil para garantizar la seguridad de sus ciudadanos de Corregidora","breadcrumb":{"@id":"https:\/\/www.nexoinformativo.mx\/index.php\/2024\/12\/04\/corregidora-fortalece-su-sistema-de-proteccion-civil-para-garantizar-la-seguridad-de-sus-ciudadanos\/#breadcrumb"},"inLanguage":"es","potentialAction":[{"@type":"ReadAction","target":["https:\/\/www.nexoinformativo.mx\/index.php\/2024\/12\/04\/corregidora-fortalece-su-sistema-de-proteccion-civil-para-garantizar-la-seguridad-de-sus-ciudadanos\/"]}]},{"@type":"ImageObject","inLanguage":"es","@id":"https:\/\/www.nexoinformativo.mx\/index.php\/2024\/12\/04\/corregidora-fortalece-su-sistema-de-proteccion-civil-para-garantizar-la-seguridad-de-sus-ciudadanos\/#primaryimage","url":"https:\/\/www.nexoinformativo.mx\/wp-content\/uploads\/2024\/12\/PHOTO-2024-12-03-21-32-18-e1733326389658.jpg","contentUrl":"https:\/\/www.nexoinformativo.mx\/wp-content\/uploads\/2024\/12\/PHOTO-2024-12-03-21-32-18-e1733326389658.jpg","width":800,"height":533},{"@type":"BreadcrumbList","@id":"https:\/\/www.nexoinformativo.mx\/index.php\/2024\/12\/04\/corregidora-fortalece-su-sistema-de-proteccion-civil-para-garantizar-la-seguridad-de-sus-ciudadanos\/#breadcrumb","itemListElement":[{"@type":"ListItem","position":1,"name":"Inicio","item":"https:\/\/www.nexoinformativo.mx\/"},{"@type":"ListItem","position":2,"name":"Chepe Guerrero fortalece su sistema de Protecci\u00f3n Civil para garantizar la seguridad de sus ciudadanos de Corregidora"}]},{"@type":"WebSite","@id":"https:\/\/www.nexoinformativo.mx\/#website","url":"https:\/\/www.nexoinformativo.mx\/","name":"Nexo Informativo Santiago de Quer\u00e9taro","description":"Explora NexoInformativo y convi\u00e9rtete en parte de una comunidad que valora el conocimiento y la verdad. Tu nexoinformativo es tu puente hacia una comprensi\u00f3n m\u00e1s profunda del mundo que te rodea.","publisher":{"@id":"https:\/\/www.nexoinformativo.mx\/#organization"},"potentialAction":[{"@type":"SearchAction","target":{"@type":"EntryPoint","urlTemplate":"https:\/\/www.nexoinformativo.mx\/?s={search_term_string}"},"query-input":{"@type":"PropertyValueSpecification","valueRequired":true,"valueName":"search_term_string"}}],"inLanguage":"es"},{"@type":"Organization","@id":"https:\/\/www.nexoinformativo.mx\/#organization","name":"Nexo Informativo Santiago de Quer\u00e9taro","url":"https:\/\/www.nexoinformativo.mx\/","logo":{"@type":"ImageObject","inLanguage":"es","@id":"https:\/\/www.nexoinformativo.mx\/#\/schema\/logo\/image\/","url":"https:\/\/www.nexoinformativo.mx\/wp-content\/uploads\/2024\/07\/nexoi-trasparente-2.png","contentUrl":"https:\/\/www.nexoinformativo.mx\/wp-content\/uploads\/2024\/07\/nexoi-trasparente-2.png","width":816,"height":339,"caption":"Nexo Informativo Santiago de Quer\u00e9taro"},"image":{"@id":"https:\/\/www.nexoinformativo.mx\/#\/schema\/logo\/image\/"},"sameAs":["https:\/\/www.facebook.com\/people\/Nexo-Informativo\/61564066885511\/"]},{"@type":"Person","@id":"https:\/\/www.nexoinformativo.mx\/#\/schema\/person\/7749d380ba08c8ca00d7bc76fd907b7d","name":"Nexo Informativo","image":{"@type":"ImageObject","inLanguage":"es","@id":"https:\/\/www.nexoinformativo.mx\/#\/schema\/person\/image\/","url":"https:\/\/secure.gravatar.com\/avatar\/dde2928154642a13d95f87ddf1ea9718fe2b46760a005c53e41ff5ad610704e6?s=96&d=mm&r=g","contentUrl":"https:\/\/secure.gravatar.com\/avatar\/dde2928154642a13d95f87ddf1ea9718fe2b46760a005c53e41ff5ad610704e6?s=96&d=mm&r=g","caption":"Nexo Informativo"},"url":"https:\/\/www.nexoinformativo.mx\/index.php\/author\/edicion\/"}]}},"_links":{"self":[{"href":"https:\/\/www.nexoinformativo.mx\/index.php\/wp-json\/wp\/v2\/posts\/7503","targetHints":{"allow":["GET"]}}],"collection":[{"href":"https:\/\/www.nexoinformativo.mx\/index.php\/wp-json\/wp\/v2\/posts"}],"about":[{"href":"https:\/\/www.nexoinformativo.mx\/index.php\/wp-json\/wp\/v2\/types\/post"}],"author":[{"embeddable":true,"href":"https:\/\/www.nexoinformativo.mx\/index.php\/wp-json\/wp\/v2\/users\/3"}],"replies":[{"embeddable":true,"href":"https:\/\/www.nexoinformativo.mx\/index.php\/wp-json\/wp\/v2\/comments?post=7503"}],"version-history":[{"count":3,"href":"https:\/\/www.nexoinformativo.mx\/index.php\/wp-json\/wp\/v2\/posts\/7503\/revisions"}],"predecessor-version":[{"id":7510,"href":"https:\/\/www.nexoinformativo.mx\/index.php\/wp-json\/wp\/v2\/posts\/7503\/revisions\/7510"}],"wp:featuredmedia":[{"embeddable":true,"href":"https:\/\/www.nexoinformativo.mx\/index.php\/wp-json\/wp\/v2\/media\/7504"}],"wp:attachment":[{"href":"https:\/\/www.nexoinformativo.mx\/index.php\/wp-json\/wp\/v2\/media?parent=7503"}],"wp:term":[{"taxonomy":"category","embeddable":true,"href":"https:\/\/www.nexoinformativo.mx\/index.php\/wp-json\/wp\/v2\/categories?post=7503"},{"taxonomy":"post_tag","embeddable":true,"href":"https:\/\/www.nexoinformativo.mx\/index.php\/wp-json\/wp\/v2\/tags?post=7503"}],"curies":[{"name":"wp","href":"https:\/\/api.w.org\/{rel}","templated":true}]}}