{"id":7511,"date":"2024-12-04T07:30:56","date_gmt":"2024-12-04T13:30:56","guid":{"rendered":"https:\/\/www.nexoinformativo.mx\/?p=7511"},"modified":"2024-12-04T09:38:58","modified_gmt":"2024-12-04T15:38:58","slug":"san-juan-del-rio-se-une-a-la-proteccion-de-migrantes-instalan-comision-y-coordinan-esfuerzos-para-la-caravana-migrante","status":"publish","type":"post","link":"https:\/\/www.nexoinformativo.mx\/index.php\/2024\/12\/04\/san-juan-del-rio-se-une-a-la-proteccion-de-migrantes-instalan-comision-y-coordinan-esfuerzos-para-la-caravana-migrante\/","title":{"rendered":"San Juan del R\u00edo se une a la protecci\u00f3n de migrantes: Instalan Comisi\u00f3n y coordinan esfuerzos para la Caravana Migrante"},"content":{"rendered":"<p style=\"text-align: justify;\" data-sourcepos=\"9:1-9:311\">El Ayuntamiento de San Juan del R\u00edo dio un paso importante en la atenci\u00f3n a sus ciudadanos en el exterior con la instalaci\u00f3n de la Comisi\u00f3n de Trabajadores Migrantes. En su primera reuni\u00f3n, se abordaron temas clave como la coordinaci\u00f3n de esfuerzos para la <strong>&#8220;XVIII Caravana Migrante Orden y Legalidad<\/strong>&#8220;.<\/p>\n<p>&nbsp;<\/p>\n<p style=\"text-align: justify;\" data-sourcepos=\"11:1-11:316\">El regidor Oscar Mauricio Sandoval, presidente de la Comisi\u00f3n, destac\u00f3 la importancia de trabajar en conjunto para brindar apoyo y seguridad a los migrantes que regresan a M\u00e9xico. <strong>&#8220;Es fundamental que esta Comisi\u00f3n sea un espacio de consenso y debate en beneficio de la sociedad sanjuanense&#8221;<\/strong>, afirm\u00f3.<\/p>\n<p>&nbsp;<\/p>\n<p style=\"text-align: justify;\" data-sourcepos=\"13:1-13:369\">Durante la reuni\u00f3n, se abord\u00f3 la reciente participaci\u00f3n de Sandoval Garc\u00eda en una reuni\u00f3n estatal en Pinal de Amoles, donde se discutieron estrategias para apoyar a los mexicanos en su regreso a casa. Adem\u00e1s, se resalt\u00f3 la importancia del M\u00f3dulo de Atenci\u00f3n H\u00e9roes Paisanos, ubicado en el Jard\u00edn Independencia, que brinda asistencia a los migrantes hasta el 8 de enero.<\/p>\n<p>&nbsp;<\/p>\n<p style=\"text-align: justify;\" data-sourcepos=\"15:1-15:243\">La Comisi\u00f3n de Trabajadores Migrantes trabajar\u00e1 en coordinaci\u00f3n con diversas autoridades locales, incluyendo la Secretar\u00eda de Seguridad P\u00fablica y Protecci\u00f3n Civil, para garantizar la seguridad de los migrantes durante su paso por el municipio.<\/p>\n<p>&nbsp;<\/p>\n<p style=\"text-align: justify;\" data-sourcepos=\"17:1-17:207\">Con esta iniciativa, San Juan del R\u00edo se suma a los esfuerzos de otras localidades para brindar un recibimiento seguro y c\u00e1lido a los mexicanos que regresan a sus hogares durante las temporadas vacacionales.<\/p>\n<p>&nbsp;<\/p>\n<p style=\"text-align: center;\" data-sourcepos=\"17:1-17:207\"><em><strong>\u00a1Informaci\u00f3n que transforma!<\/strong><\/em><\/p>\n","protected":false},"excerpt":{"rendered":"<p>El Ayuntamiento de San Juan del R\u00edo dio un paso importante en la atenci\u00f3n a sus ciudadanos en el exterior con la instalaci\u00f3n de la Comisi\u00f3n de Trabajadores Migrantes<\/p>\n","protected":false},"author":3,"featured_media":7512,"comment_status":"open","ping_status":"open","sticky":false,"template":"","format":"standard","meta":{"footnotes":""},"categories":[65,58],"tags":[2324,2504,154,382],"class_list":["post-7511","post","type-post","status-publish","format-standard","has-post-thumbnail","hentry","category-municipios","category-ultima-hora","tag-caravanamigrante","tag-migrantes","tag-proteccioncivil","tag-sanjuandelrio"],"yoast_head":"<!-- This site is optimized with the Yoast SEO plugin v25.0 - https:\/\/yoast.com\/wordpress\/plugins\/seo\/ -->\n<title>San Juan del R\u00edo se une a la protecci\u00f3n de migrantes: Instalan Comisi\u00f3n y coordinan esfuerzos para la Caravana Migrante | Nexo Informativo Santiago de Quer\u00e9taro<\/title>\n<meta name=\"description\" content=\"San Juan del R\u00edo se une a la protecci\u00f3n de migrantes: Instalan Comisi\u00f3n y coordinan esfuerzos para la Caravana Migrante\" \/>\n<meta name=\"robots\" content=\"index, follow, max-snippet:-1, max-image-preview:large, max-video-preview:-1\" \/>\n<link rel=\"canonical\" href=\"https:\/\/www.nexoinformativo.mx\/index.php\/2024\/12\/04\/san-juan-del-rio-se-une-a-la-proteccion-de-migrantes-instalan-comision-y-coordinan-esfuerzos-para-la-caravana-migrante\/\" \/>\n<meta property=\"og:locale\" content=\"es_MX\" \/>\n<meta property=\"og:type\" content=\"article\" \/>\n<meta property=\"og:title\" content=\"San Juan del R\u00edo se une a la protecci\u00f3n de migrantes: Instalan Comisi\u00f3n y coordinan esfuerzos para la Caravana Migrante | Nexo Informativo Santiago de Quer\u00e9taro\" \/>\n<meta property=\"og:description\" content=\"San Juan del R\u00edo se une a la protecci\u00f3n de migrantes: Instalan Comisi\u00f3n y coordinan esfuerzos para la Caravana Migrante\" \/>\n<meta property=\"og:url\" content=\"https:\/\/www.nexoinformativo.mx\/index.php\/2024\/12\/04\/san-juan-del-rio-se-une-a-la-proteccion-de-migrantes-instalan-comision-y-coordinan-esfuerzos-para-la-caravana-migrante\/\" \/>\n<meta property=\"og:site_name\" content=\"Nexo Informativo Santiago de Quer\u00e9taro\" \/>\n<meta property=\"article:publisher\" content=\"https:\/\/www.facebook.com\/people\/Nexo-Informativo\/61564066885511\/\" \/>\n<meta property=\"article:published_time\" content=\"2024-12-04T13:30:56+00:00\" \/>\n<meta property=\"article:modified_time\" content=\"2024-12-04T15:38:58+00:00\" \/>\n<meta property=\"og:image\" content=\"https:\/\/www.nexoinformativo.mx\/wp-content\/uploads\/2024\/12\/PHOTO-2024-12-03-22-45-20-e1733326692796.jpg\" \/>\n\t<meta property=\"og:image:width\" content=\"800\" \/>\n\t<meta property=\"og:image:height\" content=\"534\" \/>\n\t<meta property=\"og:image:type\" content=\"image\/jpeg\" \/>\n<meta name=\"author\" content=\"Nexo Informativo\" \/>\n<meta name=\"twitter:card\" content=\"summary_large_image\" \/>\n<meta name=\"twitter:label1\" content=\"Escrito por\" \/>\n\t<meta name=\"twitter:data1\" content=\"Nexo Informativo\" \/>\n\t<meta name=\"twitter:label2\" content=\"Tiempo de lectura\" \/>\n\t<meta name=\"twitter:data2\" content=\"2 minutos\" \/>\n<script type=\"application\/ld+json\" class=\"yoast-schema-graph\">{\"@context\":\"https:\/\/schema.org\",\"@graph\":[{\"@type\":\"Article\",\"@id\":\"https:\/\/www.nexoinformativo.mx\/index.php\/2024\/12\/04\/san-juan-del-rio-se-une-a-la-proteccion-de-migrantes-instalan-comision-y-coordinan-esfuerzos-para-la-caravana-migrante\/#article\",\"isPartOf\":{\"@id\":\"https:\/\/www.nexoinformativo.mx\/index.php\/2024\/12\/04\/san-juan-del-rio-se-une-a-la-proteccion-de-migrantes-instalan-comision-y-coordinan-esfuerzos-para-la-caravana-migrante\/\"},\"author\":{\"name\":\"Nexo Informativo\",\"@id\":\"https:\/\/www.nexoinformativo.mx\/#\/schema\/person\/7749d380ba08c8ca00d7bc76fd907b7d\"},\"headline\":\"San Juan del R\u00edo se une a la protecci\u00f3n de migrantes: Instalan Comisi\u00f3n y coordinan esfuerzos para la Caravana Migrante\",\"datePublished\":\"2024-12-04T13:30:56+00:00\",\"dateModified\":\"2024-12-04T15:38:58+00:00\",\"mainEntityOfPage\":{\"@id\":\"https:\/\/www.nexoinformativo.mx\/index.php\/2024\/12\/04\/san-juan-del-rio-se-une-a-la-proteccion-de-migrantes-instalan-comision-y-coordinan-esfuerzos-para-la-caravana-migrante\/\"},\"wordCount\":281,\"commentCount\":0,\"publisher\":{\"@id\":\"https:\/\/www.nexoinformativo.mx\/#organization\"},\"image\":{\"@id\":\"https:\/\/www.nexoinformativo.mx\/index.php\/2024\/12\/04\/san-juan-del-rio-se-une-a-la-proteccion-de-migrantes-instalan-comision-y-coordinan-esfuerzos-para-la-caravana-migrante\/#primaryimage\"},\"thumbnailUrl\":\"https:\/\/www.nexoinformativo.mx\/wp-content\/uploads\/2024\/12\/PHOTO-2024-12-03-22-45-20-e1733326692796.jpg\",\"keywords\":[\"CaravanaMigrante\",\"Migrantes\",\"proteccioncivil\",\"SanJuanDelR\u00edo\"],\"articleSection\":[\"Municipios\",\"\u00daltima Hora\"],\"inLanguage\":\"es\",\"potentialAction\":[{\"@type\":\"CommentAction\",\"name\":\"Comment\",\"target\":[\"https:\/\/www.nexoinformativo.mx\/index.php\/2024\/12\/04\/san-juan-del-rio-se-une-a-la-proteccion-de-migrantes-instalan-comision-y-coordinan-esfuerzos-para-la-caravana-migrante\/#respond\"]}]},{\"@type\":\"WebPage\",\"@id\":\"https:\/\/www.nexoinformativo.mx\/index.php\/2024\/12\/04\/san-juan-del-rio-se-une-a-la-proteccion-de-migrantes-instalan-comision-y-coordinan-esfuerzos-para-la-caravana-migrante\/\",\"url\":\"https:\/\/www.nexoinformativo.mx\/index.php\/2024\/12\/04\/san-juan-del-rio-se-une-a-la-proteccion-de-migrantes-instalan-comision-y-coordinan-esfuerzos-para-la-caravana-migrante\/\",\"name\":\"San Juan del R\u00edo se une a la protecci\u00f3n de migrantes: Instalan Comisi\u00f3n y coordinan esfuerzos para la Caravana Migrante | Nexo Informativo Santiago de Quer\u00e9taro\",\"isPartOf\":{\"@id\":\"https:\/\/www.nexoinformativo.mx\/#website\"},\"primaryImageOfPage\":{\"@id\":\"https:\/\/www.nexoinformativo.mx\/index.php\/2024\/12\/04\/san-juan-del-rio-se-une-a-la-proteccion-de-migrantes-instalan-comision-y-coordinan-esfuerzos-para-la-caravana-migrante\/#primaryimage\"},\"image\":{\"@id\":\"https:\/\/www.nexoinformativo.mx\/index.php\/2024\/12\/04\/san-juan-del-rio-se-une-a-la-proteccion-de-migrantes-instalan-comision-y-coordinan-esfuerzos-para-la-caravana-migrante\/#primaryimage\"},\"thumbnailUrl\":\"https:\/\/www.nexoinformativo.mx\/wp-content\/uploads\/2024\/12\/PHOTO-2024-12-03-22-45-20-e1733326692796.jpg\",\"datePublished\":\"2024-12-04T13:30:56+00:00\",\"dateModified\":\"2024-12-04T15:38:58+00:00\",\"description\":\"San Juan del R\u00edo se une a la protecci\u00f3n de migrantes: Instalan Comisi\u00f3n y coordinan esfuerzos para la Caravana Migrante\",\"breadcrumb\":{\"@id\":\"https:\/\/www.nexoinformativo.mx\/index.php\/2024\/12\/04\/san-juan-del-rio-se-une-a-la-proteccion-de-migrantes-instalan-comision-y-coordinan-esfuerzos-para-la-caravana-migrante\/#breadcrumb\"},\"inLanguage\":\"es\",\"potentialAction\":[{\"@type\":\"ReadAction\",\"target\":[\"https:\/\/www.nexoinformativo.mx\/index.php\/2024\/12\/04\/san-juan-del-rio-se-une-a-la-proteccion-de-migrantes-instalan-comision-y-coordinan-esfuerzos-para-la-caravana-migrante\/\"]}]},{\"@type\":\"ImageObject\",\"inLanguage\":\"es\",\"@id\":\"https:\/\/www.nexoinformativo.mx\/index.php\/2024\/12\/04\/san-juan-del-rio-se-une-a-la-proteccion-de-migrantes-instalan-comision-y-coordinan-esfuerzos-para-la-caravana-migrante\/#primaryimage\",\"url\":\"https:\/\/www.nexoinformativo.mx\/wp-content\/uploads\/2024\/12\/PHOTO-2024-12-03-22-45-20-e1733326692796.jpg\",\"contentUrl\":\"https:\/\/www.nexoinformativo.mx\/wp-content\/uploads\/2024\/12\/PHOTO-2024-12-03-22-45-20-e1733326692796.jpg\",\"width\":800,\"height\":534},{\"@type\":\"BreadcrumbList\",\"@id\":\"https:\/\/www.nexoinformativo.mx\/index.php\/2024\/12\/04\/san-juan-del-rio-se-une-a-la-proteccion-de-migrantes-instalan-comision-y-coordinan-esfuerzos-para-la-caravana-migrante\/#breadcrumb\",\"itemListElement\":[{\"@type\":\"ListItem\",\"position\":1,\"name\":\"Inicio\",\"item\":\"https:\/\/www.nexoinformativo.mx\/\"},{\"@type\":\"ListItem\",\"position\":2,\"name\":\"San Juan del R\u00edo se une a la protecci\u00f3n de migrantes: Instalan Comisi\u00f3n y coordinan esfuerzos para la Caravana Migrante\"}]},{\"@type\":\"WebSite\",\"@id\":\"https:\/\/www.nexoinformativo.mx\/#website\",\"url\":\"https:\/\/www.nexoinformativo.mx\/\",\"name\":\"Nexo Informativo Santiago de Quer\u00e9taro\",\"description\":\"Explora NexoInformativo y convi\u00e9rtete en parte de una comunidad que valora el conocimiento y la verdad. Tu nexoinformativo es tu puente hacia una comprensi\u00f3n m\u00e1s profunda del mundo que te rodea.\",\"publisher\":{\"@id\":\"https:\/\/www.nexoinformativo.mx\/#organization\"},\"potentialAction\":[{\"@type\":\"SearchAction\",\"target\":{\"@type\":\"EntryPoint\",\"urlTemplate\":\"https:\/\/www.nexoinformativo.mx\/?s={search_term_string}\"},\"query-input\":{\"@type\":\"PropertyValueSpecification\",\"valueRequired\":true,\"valueName\":\"search_term_string\"}}],\"inLanguage\":\"es\"},{\"@type\":\"Organization\",\"@id\":\"https:\/\/www.nexoinformativo.mx\/#organization\",\"name\":\"Nexo Informativo Santiago de Quer\u00e9taro\",\"url\":\"https:\/\/www.nexoinformativo.mx\/\",\"logo\":{\"@type\":\"ImageObject\",\"inLanguage\":\"es\",\"@id\":\"https:\/\/www.nexoinformativo.mx\/#\/schema\/logo\/image\/\",\"url\":\"https:\/\/www.nexoinformativo.mx\/wp-content\/uploads\/2024\/07\/nexoi-trasparente-2.png\",\"contentUrl\":\"https:\/\/www.nexoinformativo.mx\/wp-content\/uploads\/2024\/07\/nexoi-trasparente-2.png\",\"width\":816,\"height\":339,\"caption\":\"Nexo Informativo Santiago de Quer\u00e9taro\"},\"image\":{\"@id\":\"https:\/\/www.nexoinformativo.mx\/#\/schema\/logo\/image\/\"},\"sameAs\":[\"https:\/\/www.facebook.com\/people\/Nexo-Informativo\/61564066885511\/\"]},{\"@type\":\"Person\",\"@id\":\"https:\/\/www.nexoinformativo.mx\/#\/schema\/person\/7749d380ba08c8ca00d7bc76fd907b7d\",\"name\":\"Nexo Informativo\",\"image\":{\"@type\":\"ImageObject\",\"inLanguage\":\"es\",\"@id\":\"https:\/\/www.nexoinformativo.mx\/#\/schema\/person\/image\/\",\"url\":\"https:\/\/secure.gravatar.com\/avatar\/dde2928154642a13d95f87ddf1ea9718fe2b46760a005c53e41ff5ad610704e6?s=96&d=mm&r=g\",\"contentUrl\":\"https:\/\/secure.gravatar.com\/avatar\/dde2928154642a13d95f87ddf1ea9718fe2b46760a005c53e41ff5ad610704e6?s=96&d=mm&r=g\",\"caption\":\"Nexo Informativo\"},\"url\":\"https:\/\/www.nexoinformativo.mx\/index.php\/author\/edicion\/\"}]}<\/script>\n<!-- \/ Yoast SEO plugin. -->","yoast_head_json":{"title":"San Juan del R\u00edo se une a la protecci\u00f3n de migrantes: Instalan Comisi\u00f3n y coordinan esfuerzos para la Caravana Migrante | Nexo Informativo Santiago de Quer\u00e9taro","description":"San Juan del R\u00edo se une a la protecci\u00f3n de migrantes: Instalan Comisi\u00f3n y coordinan esfuerzos para la Caravana Migrante","robots":{"index":"index","follow":"follow","max-snippet":"max-snippet:-1","max-image-preview":"max-image-preview:large","max-video-preview":"max-video-preview:-1"},"canonical":"https:\/\/www.nexoinformativo.mx\/index.php\/2024\/12\/04\/san-juan-del-rio-se-une-a-la-proteccion-de-migrantes-instalan-comision-y-coordinan-esfuerzos-para-la-caravana-migrante\/","og_locale":"es_MX","og_type":"article","og_title":"San Juan del R\u00edo se une a la protecci\u00f3n de migrantes: Instalan Comisi\u00f3n y coordinan esfuerzos para la Caravana Migrante | Nexo Informativo Santiago de Quer\u00e9taro","og_description":"San Juan del R\u00edo se une a la protecci\u00f3n de migrantes: Instalan Comisi\u00f3n y coordinan esfuerzos para la Caravana Migrante","og_url":"https:\/\/www.nexoinformativo.mx\/index.php\/2024\/12\/04\/san-juan-del-rio-se-une-a-la-proteccion-de-migrantes-instalan-comision-y-coordinan-esfuerzos-para-la-caravana-migrante\/","og_site_name":"Nexo Informativo Santiago de Quer\u00e9taro","article_publisher":"https:\/\/www.facebook.com\/people\/Nexo-Informativo\/61564066885511\/","article_published_time":"2024-12-04T13:30:56+00:00","article_modified_time":"2024-12-04T15:38:58+00:00","og_image":[{"width":800,"height":534,"url":"https:\/\/www.nexoinformativo.mx\/wp-content\/uploads\/2024\/12\/PHOTO-2024-12-03-22-45-20-e1733326692796.jpg","type":"image\/jpeg"}],"author":"Nexo Informativo","twitter_card":"summary_large_image","twitter_misc":{"Escrito por":"Nexo Informativo","Tiempo de lectura":"2 minutos"},"schema":{"@context":"https:\/\/schema.org","@graph":[{"@type":"Article","@id":"https:\/\/www.nexoinformativo.mx\/index.php\/2024\/12\/04\/san-juan-del-rio-se-une-a-la-proteccion-de-migrantes-instalan-comision-y-coordinan-esfuerzos-para-la-caravana-migrante\/#article","isPartOf":{"@id":"https:\/\/www.nexoinformativo.mx\/index.php\/2024\/12\/04\/san-juan-del-rio-se-une-a-la-proteccion-de-migrantes-instalan-comision-y-coordinan-esfuerzos-para-la-caravana-migrante\/"},"author":{"name":"Nexo Informativo","@id":"https:\/\/www.nexoinformativo.mx\/#\/schema\/person\/7749d380ba08c8ca00d7bc76fd907b7d"},"headline":"San Juan del R\u00edo se une a la protecci\u00f3n de migrantes: Instalan Comisi\u00f3n y coordinan esfuerzos para la Caravana Migrante","datePublished":"2024-12-04T13:30:56+00:00","dateModified":"2024-12-04T15:38:58+00:00","mainEntityOfPage":{"@id":"https:\/\/www.nexoinformativo.mx\/index.php\/2024\/12\/04\/san-juan-del-rio-se-une-a-la-proteccion-de-migrantes-instalan-comision-y-coordinan-esfuerzos-para-la-caravana-migrante\/"},"wordCount":281,"commentCount":0,"publisher":{"@id":"https:\/\/www.nexoinformativo.mx\/#organization"},"image":{"@id":"https:\/\/www.nexoinformativo.mx\/index.php\/2024\/12\/04\/san-juan-del-rio-se-une-a-la-proteccion-de-migrantes-instalan-comision-y-coordinan-esfuerzos-para-la-caravana-migrante\/#primaryimage"},"thumbnailUrl":"https:\/\/www.nexoinformativo.mx\/wp-content\/uploads\/2024\/12\/PHOTO-2024-12-03-22-45-20-e1733326692796.jpg","keywords":["CaravanaMigrante","Migrantes","proteccioncivil","SanJuanDelR\u00edo"],"articleSection":["Municipios","\u00daltima Hora"],"inLanguage":"es","potentialAction":[{"@type":"CommentAction","name":"Comment","target":["https:\/\/www.nexoinformativo.mx\/index.php\/2024\/12\/04\/san-juan-del-rio-se-une-a-la-proteccion-de-migrantes-instalan-comision-y-coordinan-esfuerzos-para-la-caravana-migrante\/#respond"]}]},{"@type":"WebPage","@id":"https:\/\/www.nexoinformativo.mx\/index.php\/2024\/12\/04\/san-juan-del-rio-se-une-a-la-proteccion-de-migrantes-instalan-comision-y-coordinan-esfuerzos-para-la-caravana-migrante\/","url":"https:\/\/www.nexoinformativo.mx\/index.php\/2024\/12\/04\/san-juan-del-rio-se-une-a-la-proteccion-de-migrantes-instalan-comision-y-coordinan-esfuerzos-para-la-caravana-migrante\/","name":"San Juan del R\u00edo se une a la protecci\u00f3n de migrantes: Instalan Comisi\u00f3n y coordinan esfuerzos para la Caravana Migrante | Nexo Informativo Santiago de Quer\u00e9taro","isPartOf":{"@id":"https:\/\/www.nexoinformativo.mx\/#website"},"primaryImageOfPage":{"@id":"https:\/\/www.nexoinformativo.mx\/index.php\/2024\/12\/04\/san-juan-del-rio-se-une-a-la-proteccion-de-migrantes-instalan-comision-y-coordinan-esfuerzos-para-la-caravana-migrante\/#primaryimage"},"image":{"@id":"https:\/\/www.nexoinformativo.mx\/index.php\/2024\/12\/04\/san-juan-del-rio-se-une-a-la-proteccion-de-migrantes-instalan-comision-y-coordinan-esfuerzos-para-la-caravana-migrante\/#primaryimage"},"thumbnailUrl":"https:\/\/www.nexoinformativo.mx\/wp-content\/uploads\/2024\/12\/PHOTO-2024-12-03-22-45-20-e1733326692796.jpg","datePublished":"2024-12-04T13:30:56+00:00","dateModified":"2024-12-04T15:38:58+00:00","description":"San Juan del R\u00edo se une a la protecci\u00f3n de migrantes: Instalan Comisi\u00f3n y coordinan esfuerzos para la Caravana Migrante","breadcrumb":{"@id":"https:\/\/www.nexoinformativo.mx\/index.php\/2024\/12\/04\/san-juan-del-rio-se-une-a-la-proteccion-de-migrantes-instalan-comision-y-coordinan-esfuerzos-para-la-caravana-migrante\/#breadcrumb"},"inLanguage":"es","potentialAction":[{"@type":"ReadAction","target":["https:\/\/www.nexoinformativo.mx\/index.php\/2024\/12\/04\/san-juan-del-rio-se-une-a-la-proteccion-de-migrantes-instalan-comision-y-coordinan-esfuerzos-para-la-caravana-migrante\/"]}]},{"@type":"ImageObject","inLanguage":"es","@id":"https:\/\/www.nexoinformativo.mx\/index.php\/2024\/12\/04\/san-juan-del-rio-se-une-a-la-proteccion-de-migrantes-instalan-comision-y-coordinan-esfuerzos-para-la-caravana-migrante\/#primaryimage","url":"https:\/\/www.nexoinformativo.mx\/wp-content\/uploads\/2024\/12\/PHOTO-2024-12-03-22-45-20-e1733326692796.jpg","contentUrl":"https:\/\/www.nexoinformativo.mx\/wp-content\/uploads\/2024\/12\/PHOTO-2024-12-03-22-45-20-e1733326692796.jpg","width":800,"height":534},{"@type":"BreadcrumbList","@id":"https:\/\/www.nexoinformativo.mx\/index.php\/2024\/12\/04\/san-juan-del-rio-se-une-a-la-proteccion-de-migrantes-instalan-comision-y-coordinan-esfuerzos-para-la-caravana-migrante\/#breadcrumb","itemListElement":[{"@type":"ListItem","position":1,"name":"Inicio","item":"https:\/\/www.nexoinformativo.mx\/"},{"@type":"ListItem","position":2,"name":"San Juan del R\u00edo se une a la protecci\u00f3n de migrantes: Instalan Comisi\u00f3n y coordinan esfuerzos para la Caravana Migrante"}]},{"@type":"WebSite","@id":"https:\/\/www.nexoinformativo.mx\/#website","url":"https:\/\/www.nexoinformativo.mx\/","name":"Nexo Informativo Santiago de Quer\u00e9taro","description":"Explora NexoInformativo y convi\u00e9rtete en parte de una comunidad que valora el conocimiento y la verdad. Tu nexoinformativo es tu puente hacia una comprensi\u00f3n m\u00e1s profunda del mundo que te rodea.","publisher":{"@id":"https:\/\/www.nexoinformativo.mx\/#organization"},"potentialAction":[{"@type":"SearchAction","target":{"@type":"EntryPoint","urlTemplate":"https:\/\/www.nexoinformativo.mx\/?s={search_term_string}"},"query-input":{"@type":"PropertyValueSpecification","valueRequired":true,"valueName":"search_term_string"}}],"inLanguage":"es"},{"@type":"Organization","@id":"https:\/\/www.nexoinformativo.mx\/#organization","name":"Nexo Informativo Santiago de Quer\u00e9taro","url":"https:\/\/www.nexoinformativo.mx\/","logo":{"@type":"ImageObject","inLanguage":"es","@id":"https:\/\/www.nexoinformativo.mx\/#\/schema\/logo\/image\/","url":"https:\/\/www.nexoinformativo.mx\/wp-content\/uploads\/2024\/07\/nexoi-trasparente-2.png","contentUrl":"https:\/\/www.nexoinformativo.mx\/wp-content\/uploads\/2024\/07\/nexoi-trasparente-2.png","width":816,"height":339,"caption":"Nexo Informativo Santiago de Quer\u00e9taro"},"image":{"@id":"https:\/\/www.nexoinformativo.mx\/#\/schema\/logo\/image\/"},"sameAs":["https:\/\/www.facebook.com\/people\/Nexo-Informativo\/61564066885511\/"]},{"@type":"Person","@id":"https:\/\/www.nexoinformativo.mx\/#\/schema\/person\/7749d380ba08c8ca00d7bc76fd907b7d","name":"Nexo Informativo","image":{"@type":"ImageObject","inLanguage":"es","@id":"https:\/\/www.nexoinformativo.mx\/#\/schema\/person\/image\/","url":"https:\/\/secure.gravatar.com\/avatar\/dde2928154642a13d95f87ddf1ea9718fe2b46760a005c53e41ff5ad610704e6?s=96&d=mm&r=g","contentUrl":"https:\/\/secure.gravatar.com\/avatar\/dde2928154642a13d95f87ddf1ea9718fe2b46760a005c53e41ff5ad610704e6?s=96&d=mm&r=g","caption":"Nexo Informativo"},"url":"https:\/\/www.nexoinformativo.mx\/index.php\/author\/edicion\/"}]}},"_links":{"self":[{"href":"https:\/\/www.nexoinformativo.mx\/index.php\/wp-json\/wp\/v2\/posts\/7511","targetHints":{"allow":["GET"]}}],"collection":[{"href":"https:\/\/www.nexoinformativo.mx\/index.php\/wp-json\/wp\/v2\/posts"}],"about":[{"href":"https:\/\/www.nexoinformativo.mx\/index.php\/wp-json\/wp\/v2\/types\/post"}],"author":[{"embeddable":true,"href":"https:\/\/www.nexoinformativo.mx\/index.php\/wp-json\/wp\/v2\/users\/3"}],"replies":[{"embeddable":true,"href":"https:\/\/www.nexoinformativo.mx\/index.php\/wp-json\/wp\/v2\/comments?post=7511"}],"version-history":[{"count":3,"href":"https:\/\/www.nexoinformativo.mx\/index.php\/wp-json\/wp\/v2\/posts\/7511\/revisions"}],"predecessor-version":[{"id":7515,"href":"https:\/\/www.nexoinformativo.mx\/index.php\/wp-json\/wp\/v2\/posts\/7511\/revisions\/7515"}],"wp:featuredmedia":[{"embeddable":true,"href":"https:\/\/www.nexoinformativo.mx\/index.php\/wp-json\/wp\/v2\/media\/7512"}],"wp:attachment":[{"href":"https:\/\/www.nexoinformativo.mx\/index.php\/wp-json\/wp\/v2\/media?parent=7511"}],"wp:term":[{"taxonomy":"category","embeddable":true,"href":"https:\/\/www.nexoinformativo.mx\/index.php\/wp-json\/wp\/v2\/categories?post=7511"},{"taxonomy":"post_tag","embeddable":true,"href":"https:\/\/www.nexoinformativo.mx\/index.php\/wp-json\/wp\/v2\/tags?post=7511"}],"curies":[{"name":"wp","href":"https:\/\/api.w.org\/{rel}","templated":true}]}}