{"id":7516,"date":"2024-12-04T08:30:51","date_gmt":"2024-12-04T14:30:51","guid":{"rendered":"https:\/\/www.nexoinformativo.mx\/?p=7516"},"modified":"2024-12-04T09:44:54","modified_gmt":"2024-12-04T15:44:54","slug":"abrigate-bien-diciembre-sera-uno-de-los-meses-mas-frios-del-ano-se-esperan-8-frentes-frios","status":"publish","type":"post","link":"https:\/\/www.nexoinformativo.mx\/index.php\/2024\/12\/04\/abrigate-bien-diciembre-sera-uno-de-los-meses-mas-frios-del-ano-se-esperan-8-frentes-frios\/","title":{"rendered":"\u00a1Abr\u00edgate bien! Diciembre ser\u00e1 uno de los meses m\u00e1s fr\u00edos del a\u00f1o: Se esperan 8 frentes fr\u00edos"},"content":{"rendered":"<p style=\"text-align: justify;\" data-sourcepos=\"9:1-9:312\">Prep\u00e1rate para sacar los abrigos m\u00e1s abrigadores, pues este diciembre ser\u00e1 uno de los meses m\u00e1s fr\u00edos del a\u00f1o. <strong>El Servicio Meteorol\u00f3gico Nacional<\/strong> (SMN) ha anunciado que se esperan nada menos que 8 frentes fr\u00edos durante este mes, lo que provocar\u00e1 descensos significativos en la temperatura en gran parte del pa\u00eds.<\/p>\n<p>&nbsp;<\/p>\n<p style=\"text-align: justify;\" data-sourcepos=\"11:1-11:261\">Seg\u00fan el SMN, la temporada de frentes fr\u00edos 2024-2025 ser\u00e1 bastante activa, con un total de 48 sistemas frontales y 7 tormentas invernales. Diciembre y enero ser\u00e1n los meses con mayor actividad, compartiendo el primer lugar en cuanto al n\u00famero de frentes fr\u00edos.<\/p>\n<p>&nbsp;<\/p>\n<p style=\"text-align: justify;\" data-sourcepos=\"13:1-13:319\">Los estados que se ver\u00e1n m\u00e1s afectados por estas bajas temperaturas ser\u00e1n Chihuahua, Durango, Tlaxcala, Zacatecas, Estado de M\u00e9xico, Aguascalientes, Coahuila e Hidalgo. Adem\u00e1s de las bajas temperaturas, los frentes fr\u00edos suelen traer consigo lluvias, vientos fuertes y en algunas ocasiones, nevadas en zonas monta\u00f1osas.<\/p>\n<p>&nbsp;<\/p>\n<p style=\"text-align: justify;\" data-sourcepos=\"15:1-15:43\">Recomendaciones para enfrentar el fr\u00edo:<\/p>\n<p>&#8211;<strong>V\u00edstete en capas:<\/strong> Este m\u00e9todo te ayudar\u00e1 a regular tu temperatura corporal.<\/p>\n<p>&#8211;<strong>Protege tus extremidades:<\/strong> Usa guantes, gorro y bufanda para evitar la p\u00e9rdida de calor.<\/p>\n<p>&#8211;<strong>Mantente hidratado:<\/strong> Bebe abundante agua tibia para mantener tu cuerpo hidratado.<\/p>\n<p>&#8211;<strong>Consume alimentos nutritivos:<\/strong> Las frutas y verduras ricas en vitamina C te ayudar\u00e1n a fortalecer tu sistema inmunol\u00f3gico.<\/p>\n<p>&nbsp;<\/p>\n<p style=\"text-align: justify;\" data-sourcepos=\"22:1-22:158\">Ante la llegada de los frentes fr\u00edos, es importante tomar precauciones para evitar enfermedades respiratorias y otras complicaciones relacionadas con el fr\u00edo.<\/p>\n<p>&nbsp;<\/p>\n<p style=\"text-align: center;\" data-sourcepos=\"22:1-22:158\"><em><strong>\u00a1Informaci\u00f3n que transforma!<\/strong><\/em><\/p>\n","protected":false},"excerpt":{"rendered":"<p>Prep\u00e1rate para sacar los abrigos m\u00e1s abrigadores, pues este diciembre ser\u00e1 uno de los meses m\u00e1s fr\u00edos del a\u00f1o. El Servicio Meteorol\u00f3gico Nacional (SMN) ha anunciado que se esperan nada menos que 8 frentes fr\u00edos durante este mes<\/p>\n","protected":false},"author":3,"featured_media":7517,"comment_status":"open","ping_status":"open","sticky":false,"template":"","format":"standard","meta":{"footnotes":""},"categories":[88,58],"tags":[2506,2359,1208,2505],"class_list":["post-7516","post","type-post","status-publish","format-standard","has-post-thumbnail","hentry","category-nacional","category-ultima-hora","tag-climafrio","tag-frentefrio","tag-invierno","tag-smn"],"yoast_head":"<!-- This site is optimized with the Yoast SEO plugin v25.0 - https:\/\/yoast.com\/wordpress\/plugins\/seo\/ -->\n<title>\u00a1Abr\u00edgate bien! Diciembre ser\u00e1 uno de los meses m\u00e1s fr\u00edos del a\u00f1o: Se esperan 8 frentes fr\u00edos | Nexo Informativo Santiago de Quer\u00e9taro<\/title>\n<meta name=\"description\" content=\"\u00a1Abr\u00edgate bien! Diciembre ser\u00e1 uno de los meses m\u00e1s fr\u00edos del a\u00f1o: Se esperan 8 frentes fr\u00edos\" \/>\n<meta name=\"robots\" content=\"index, follow, max-snippet:-1, max-image-preview:large, max-video-preview:-1\" \/>\n<link rel=\"canonical\" href=\"https:\/\/www.nexoinformativo.mx\/index.php\/2024\/12\/04\/abrigate-bien-diciembre-sera-uno-de-los-meses-mas-frios-del-ano-se-esperan-8-frentes-frios\/\" \/>\n<meta property=\"og:locale\" content=\"es_MX\" \/>\n<meta property=\"og:type\" content=\"article\" \/>\n<meta property=\"og:title\" content=\"\u00a1Abr\u00edgate bien! Diciembre ser\u00e1 uno de los meses m\u00e1s fr\u00edos del a\u00f1o: Se esperan 8 frentes fr\u00edos | Nexo Informativo Santiago de Quer\u00e9taro\" \/>\n<meta property=\"og:description\" content=\"\u00a1Abr\u00edgate bien! Diciembre ser\u00e1 uno de los meses m\u00e1s fr\u00edos del a\u00f1o: Se esperan 8 frentes fr\u00edos\" \/>\n<meta property=\"og:url\" content=\"https:\/\/www.nexoinformativo.mx\/index.php\/2024\/12\/04\/abrigate-bien-diciembre-sera-uno-de-los-meses-mas-frios-del-ano-se-esperan-8-frentes-frios\/\" \/>\n<meta property=\"og:site_name\" content=\"Nexo Informativo Santiago de Quer\u00e9taro\" \/>\n<meta property=\"article:publisher\" content=\"https:\/\/www.facebook.com\/people\/Nexo-Informativo\/61564066885511\/\" \/>\n<meta property=\"article:published_time\" content=\"2024-12-04T14:30:51+00:00\" \/>\n<meta property=\"article:modified_time\" content=\"2024-12-04T15:44:54+00:00\" \/>\n<meta property=\"og:image\" content=\"https:\/\/www.nexoinformativo.mx\/wp-content\/uploads\/2024\/12\/pexels-arina-krasnikova-5710036-e1733326968879.jpg\" \/>\n\t<meta property=\"og:image:width\" content=\"800\" \/>\n\t<meta property=\"og:image:height\" content=\"534\" \/>\n\t<meta property=\"og:image:type\" content=\"image\/jpeg\" \/>\n<meta name=\"author\" content=\"Nexo Informativo\" \/>\n<meta name=\"twitter:card\" content=\"summary_large_image\" \/>\n<meta name=\"twitter:label1\" content=\"Escrito por\" \/>\n\t<meta name=\"twitter:data1\" content=\"Nexo Informativo\" \/>\n\t<meta name=\"twitter:label2\" content=\"Tiempo de lectura\" \/>\n\t<meta name=\"twitter:data2\" content=\"2 minutos\" \/>\n<script type=\"application\/ld+json\" class=\"yoast-schema-graph\">{\"@context\":\"https:\/\/schema.org\",\"@graph\":[{\"@type\":\"Article\",\"@id\":\"https:\/\/www.nexoinformativo.mx\/index.php\/2024\/12\/04\/abrigate-bien-diciembre-sera-uno-de-los-meses-mas-frios-del-ano-se-esperan-8-frentes-frios\/#article\",\"isPartOf\":{\"@id\":\"https:\/\/www.nexoinformativo.mx\/index.php\/2024\/12\/04\/abrigate-bien-diciembre-sera-uno-de-los-meses-mas-frios-del-ano-se-esperan-8-frentes-frios\/\"},\"author\":{\"name\":\"Nexo Informativo\",\"@id\":\"https:\/\/www.nexoinformativo.mx\/#\/schema\/person\/7749d380ba08c8ca00d7bc76fd907b7d\"},\"headline\":\"\u00a1Abr\u00edgate bien! Diciembre ser\u00e1 uno de los meses m\u00e1s fr\u00edos del a\u00f1o: Se esperan 8 frentes fr\u00edos\",\"datePublished\":\"2024-12-04T14:30:51+00:00\",\"dateModified\":\"2024-12-04T15:44:54+00:00\",\"mainEntityOfPage\":{\"@id\":\"https:\/\/www.nexoinformativo.mx\/index.php\/2024\/12\/04\/abrigate-bien-diciembre-sera-uno-de-los-meses-mas-frios-del-ano-se-esperan-8-frentes-frios\/\"},\"wordCount\":276,\"commentCount\":0,\"publisher\":{\"@id\":\"https:\/\/www.nexoinformativo.mx\/#organization\"},\"image\":{\"@id\":\"https:\/\/www.nexoinformativo.mx\/index.php\/2024\/12\/04\/abrigate-bien-diciembre-sera-uno-de-los-meses-mas-frios-del-ano-se-esperan-8-frentes-frios\/#primaryimage\"},\"thumbnailUrl\":\"https:\/\/www.nexoinformativo.mx\/wp-content\/uploads\/2024\/12\/pexels-arina-krasnikova-5710036-e1733326968879.jpg\",\"keywords\":[\"ClimaFr\u00edo\",\"FrenteFr\u00edo\",\"Invierno\",\"SMN\"],\"articleSection\":[\"Nacional\",\"\u00daltima Hora\"],\"inLanguage\":\"es\",\"potentialAction\":[{\"@type\":\"CommentAction\",\"name\":\"Comment\",\"target\":[\"https:\/\/www.nexoinformativo.mx\/index.php\/2024\/12\/04\/abrigate-bien-diciembre-sera-uno-de-los-meses-mas-frios-del-ano-se-esperan-8-frentes-frios\/#respond\"]}]},{\"@type\":\"WebPage\",\"@id\":\"https:\/\/www.nexoinformativo.mx\/index.php\/2024\/12\/04\/abrigate-bien-diciembre-sera-uno-de-los-meses-mas-frios-del-ano-se-esperan-8-frentes-frios\/\",\"url\":\"https:\/\/www.nexoinformativo.mx\/index.php\/2024\/12\/04\/abrigate-bien-diciembre-sera-uno-de-los-meses-mas-frios-del-ano-se-esperan-8-frentes-frios\/\",\"name\":\"\u00a1Abr\u00edgate bien! Diciembre ser\u00e1 uno de los meses m\u00e1s fr\u00edos del a\u00f1o: Se esperan 8 frentes fr\u00edos | Nexo Informativo Santiago de Quer\u00e9taro\",\"isPartOf\":{\"@id\":\"https:\/\/www.nexoinformativo.mx\/#website\"},\"primaryImageOfPage\":{\"@id\":\"https:\/\/www.nexoinformativo.mx\/index.php\/2024\/12\/04\/abrigate-bien-diciembre-sera-uno-de-los-meses-mas-frios-del-ano-se-esperan-8-frentes-frios\/#primaryimage\"},\"image\":{\"@id\":\"https:\/\/www.nexoinformativo.mx\/index.php\/2024\/12\/04\/abrigate-bien-diciembre-sera-uno-de-los-meses-mas-frios-del-ano-se-esperan-8-frentes-frios\/#primaryimage\"},\"thumbnailUrl\":\"https:\/\/www.nexoinformativo.mx\/wp-content\/uploads\/2024\/12\/pexels-arina-krasnikova-5710036-e1733326968879.jpg\",\"datePublished\":\"2024-12-04T14:30:51+00:00\",\"dateModified\":\"2024-12-04T15:44:54+00:00\",\"description\":\"\u00a1Abr\u00edgate bien! Diciembre ser\u00e1 uno de los meses m\u00e1s fr\u00edos del a\u00f1o: Se esperan 8 frentes fr\u00edos\",\"breadcrumb\":{\"@id\":\"https:\/\/www.nexoinformativo.mx\/index.php\/2024\/12\/04\/abrigate-bien-diciembre-sera-uno-de-los-meses-mas-frios-del-ano-se-esperan-8-frentes-frios\/#breadcrumb\"},\"inLanguage\":\"es\",\"potentialAction\":[{\"@type\":\"ReadAction\",\"target\":[\"https:\/\/www.nexoinformativo.mx\/index.php\/2024\/12\/04\/abrigate-bien-diciembre-sera-uno-de-los-meses-mas-frios-del-ano-se-esperan-8-frentes-frios\/\"]}]},{\"@type\":\"ImageObject\",\"inLanguage\":\"es\",\"@id\":\"https:\/\/www.nexoinformativo.mx\/index.php\/2024\/12\/04\/abrigate-bien-diciembre-sera-uno-de-los-meses-mas-frios-del-ano-se-esperan-8-frentes-frios\/#primaryimage\",\"url\":\"https:\/\/www.nexoinformativo.mx\/wp-content\/uploads\/2024\/12\/pexels-arina-krasnikova-5710036-e1733326968879.jpg\",\"contentUrl\":\"https:\/\/www.nexoinformativo.mx\/wp-content\/uploads\/2024\/12\/pexels-arina-krasnikova-5710036-e1733326968879.jpg\",\"width\":800,\"height\":534},{\"@type\":\"BreadcrumbList\",\"@id\":\"https:\/\/www.nexoinformativo.mx\/index.php\/2024\/12\/04\/abrigate-bien-diciembre-sera-uno-de-los-meses-mas-frios-del-ano-se-esperan-8-frentes-frios\/#breadcrumb\",\"itemListElement\":[{\"@type\":\"ListItem\",\"position\":1,\"name\":\"Inicio\",\"item\":\"https:\/\/www.nexoinformativo.mx\/\"},{\"@type\":\"ListItem\",\"position\":2,\"name\":\"\u00a1Abr\u00edgate bien! Diciembre ser\u00e1 uno de los meses m\u00e1s fr\u00edos del a\u00f1o: Se esperan 8 frentes fr\u00edos\"}]},{\"@type\":\"WebSite\",\"@id\":\"https:\/\/www.nexoinformativo.mx\/#website\",\"url\":\"https:\/\/www.nexoinformativo.mx\/\",\"name\":\"Nexo Informativo Santiago de Quer\u00e9taro\",\"description\":\"Explora NexoInformativo y convi\u00e9rtete en parte de una comunidad que valora el conocimiento y la verdad. Tu nexoinformativo es tu puente hacia una comprensi\u00f3n m\u00e1s profunda del mundo que te rodea.\",\"publisher\":{\"@id\":\"https:\/\/www.nexoinformativo.mx\/#organization\"},\"potentialAction\":[{\"@type\":\"SearchAction\",\"target\":{\"@type\":\"EntryPoint\",\"urlTemplate\":\"https:\/\/www.nexoinformativo.mx\/?s={search_term_string}\"},\"query-input\":{\"@type\":\"PropertyValueSpecification\",\"valueRequired\":true,\"valueName\":\"search_term_string\"}}],\"inLanguage\":\"es\"},{\"@type\":\"Organization\",\"@id\":\"https:\/\/www.nexoinformativo.mx\/#organization\",\"name\":\"Nexo Informativo Santiago de Quer\u00e9taro\",\"url\":\"https:\/\/www.nexoinformativo.mx\/\",\"logo\":{\"@type\":\"ImageObject\",\"inLanguage\":\"es\",\"@id\":\"https:\/\/www.nexoinformativo.mx\/#\/schema\/logo\/image\/\",\"url\":\"https:\/\/www.nexoinformativo.mx\/wp-content\/uploads\/2024\/07\/nexoi-trasparente-2.png\",\"contentUrl\":\"https:\/\/www.nexoinformativo.mx\/wp-content\/uploads\/2024\/07\/nexoi-trasparente-2.png\",\"width\":816,\"height\":339,\"caption\":\"Nexo Informativo Santiago de Quer\u00e9taro\"},\"image\":{\"@id\":\"https:\/\/www.nexoinformativo.mx\/#\/schema\/logo\/image\/\"},\"sameAs\":[\"https:\/\/www.facebook.com\/people\/Nexo-Informativo\/61564066885511\/\"]},{\"@type\":\"Person\",\"@id\":\"https:\/\/www.nexoinformativo.mx\/#\/schema\/person\/7749d380ba08c8ca00d7bc76fd907b7d\",\"name\":\"Nexo Informativo\",\"image\":{\"@type\":\"ImageObject\",\"inLanguage\":\"es\",\"@id\":\"https:\/\/www.nexoinformativo.mx\/#\/schema\/person\/image\/\",\"url\":\"https:\/\/secure.gravatar.com\/avatar\/dde2928154642a13d95f87ddf1ea9718fe2b46760a005c53e41ff5ad610704e6?s=96&d=mm&r=g\",\"contentUrl\":\"https:\/\/secure.gravatar.com\/avatar\/dde2928154642a13d95f87ddf1ea9718fe2b46760a005c53e41ff5ad610704e6?s=96&d=mm&r=g\",\"caption\":\"Nexo Informativo\"},\"url\":\"https:\/\/www.nexoinformativo.mx\/index.php\/author\/edicion\/\"}]}<\/script>\n<!-- \/ Yoast SEO plugin. -->","yoast_head_json":{"title":"\u00a1Abr\u00edgate bien! Diciembre ser\u00e1 uno de los meses m\u00e1s fr\u00edos del a\u00f1o: Se esperan 8 frentes fr\u00edos | Nexo Informativo Santiago de Quer\u00e9taro","description":"\u00a1Abr\u00edgate bien! Diciembre ser\u00e1 uno de los meses m\u00e1s fr\u00edos del a\u00f1o: Se esperan 8 frentes fr\u00edos","robots":{"index":"index","follow":"follow","max-snippet":"max-snippet:-1","max-image-preview":"max-image-preview:large","max-video-preview":"max-video-preview:-1"},"canonical":"https:\/\/www.nexoinformativo.mx\/index.php\/2024\/12\/04\/abrigate-bien-diciembre-sera-uno-de-los-meses-mas-frios-del-ano-se-esperan-8-frentes-frios\/","og_locale":"es_MX","og_type":"article","og_title":"\u00a1Abr\u00edgate bien! Diciembre ser\u00e1 uno de los meses m\u00e1s fr\u00edos del a\u00f1o: Se esperan 8 frentes fr\u00edos | Nexo Informativo Santiago de Quer\u00e9taro","og_description":"\u00a1Abr\u00edgate bien! Diciembre ser\u00e1 uno de los meses m\u00e1s fr\u00edos del a\u00f1o: Se esperan 8 frentes fr\u00edos","og_url":"https:\/\/www.nexoinformativo.mx\/index.php\/2024\/12\/04\/abrigate-bien-diciembre-sera-uno-de-los-meses-mas-frios-del-ano-se-esperan-8-frentes-frios\/","og_site_name":"Nexo Informativo Santiago de Quer\u00e9taro","article_publisher":"https:\/\/www.facebook.com\/people\/Nexo-Informativo\/61564066885511\/","article_published_time":"2024-12-04T14:30:51+00:00","article_modified_time":"2024-12-04T15:44:54+00:00","og_image":[{"width":800,"height":534,"url":"https:\/\/www.nexoinformativo.mx\/wp-content\/uploads\/2024\/12\/pexels-arina-krasnikova-5710036-e1733326968879.jpg","type":"image\/jpeg"}],"author":"Nexo Informativo","twitter_card":"summary_large_image","twitter_misc":{"Escrito por":"Nexo Informativo","Tiempo de lectura":"2 minutos"},"schema":{"@context":"https:\/\/schema.org","@graph":[{"@type":"Article","@id":"https:\/\/www.nexoinformativo.mx\/index.php\/2024\/12\/04\/abrigate-bien-diciembre-sera-uno-de-los-meses-mas-frios-del-ano-se-esperan-8-frentes-frios\/#article","isPartOf":{"@id":"https:\/\/www.nexoinformativo.mx\/index.php\/2024\/12\/04\/abrigate-bien-diciembre-sera-uno-de-los-meses-mas-frios-del-ano-se-esperan-8-frentes-frios\/"},"author":{"name":"Nexo Informativo","@id":"https:\/\/www.nexoinformativo.mx\/#\/schema\/person\/7749d380ba08c8ca00d7bc76fd907b7d"},"headline":"\u00a1Abr\u00edgate bien! Diciembre ser\u00e1 uno de los meses m\u00e1s fr\u00edos del a\u00f1o: Se esperan 8 frentes fr\u00edos","datePublished":"2024-12-04T14:30:51+00:00","dateModified":"2024-12-04T15:44:54+00:00","mainEntityOfPage":{"@id":"https:\/\/www.nexoinformativo.mx\/index.php\/2024\/12\/04\/abrigate-bien-diciembre-sera-uno-de-los-meses-mas-frios-del-ano-se-esperan-8-frentes-frios\/"},"wordCount":276,"commentCount":0,"publisher":{"@id":"https:\/\/www.nexoinformativo.mx\/#organization"},"image":{"@id":"https:\/\/www.nexoinformativo.mx\/index.php\/2024\/12\/04\/abrigate-bien-diciembre-sera-uno-de-los-meses-mas-frios-del-ano-se-esperan-8-frentes-frios\/#primaryimage"},"thumbnailUrl":"https:\/\/www.nexoinformativo.mx\/wp-content\/uploads\/2024\/12\/pexels-arina-krasnikova-5710036-e1733326968879.jpg","keywords":["ClimaFr\u00edo","FrenteFr\u00edo","Invierno","SMN"],"articleSection":["Nacional","\u00daltima Hora"],"inLanguage":"es","potentialAction":[{"@type":"CommentAction","name":"Comment","target":["https:\/\/www.nexoinformativo.mx\/index.php\/2024\/12\/04\/abrigate-bien-diciembre-sera-uno-de-los-meses-mas-frios-del-ano-se-esperan-8-frentes-frios\/#respond"]}]},{"@type":"WebPage","@id":"https:\/\/www.nexoinformativo.mx\/index.php\/2024\/12\/04\/abrigate-bien-diciembre-sera-uno-de-los-meses-mas-frios-del-ano-se-esperan-8-frentes-frios\/","url":"https:\/\/www.nexoinformativo.mx\/index.php\/2024\/12\/04\/abrigate-bien-diciembre-sera-uno-de-los-meses-mas-frios-del-ano-se-esperan-8-frentes-frios\/","name":"\u00a1Abr\u00edgate bien! Diciembre ser\u00e1 uno de los meses m\u00e1s fr\u00edos del a\u00f1o: Se esperan 8 frentes fr\u00edos | Nexo Informativo Santiago de Quer\u00e9taro","isPartOf":{"@id":"https:\/\/www.nexoinformativo.mx\/#website"},"primaryImageOfPage":{"@id":"https:\/\/www.nexoinformativo.mx\/index.php\/2024\/12\/04\/abrigate-bien-diciembre-sera-uno-de-los-meses-mas-frios-del-ano-se-esperan-8-frentes-frios\/#primaryimage"},"image":{"@id":"https:\/\/www.nexoinformativo.mx\/index.php\/2024\/12\/04\/abrigate-bien-diciembre-sera-uno-de-los-meses-mas-frios-del-ano-se-esperan-8-frentes-frios\/#primaryimage"},"thumbnailUrl":"https:\/\/www.nexoinformativo.mx\/wp-content\/uploads\/2024\/12\/pexels-arina-krasnikova-5710036-e1733326968879.jpg","datePublished":"2024-12-04T14:30:51+00:00","dateModified":"2024-12-04T15:44:54+00:00","description":"\u00a1Abr\u00edgate bien! Diciembre ser\u00e1 uno de los meses m\u00e1s fr\u00edos del a\u00f1o: Se esperan 8 frentes fr\u00edos","breadcrumb":{"@id":"https:\/\/www.nexoinformativo.mx\/index.php\/2024\/12\/04\/abrigate-bien-diciembre-sera-uno-de-los-meses-mas-frios-del-ano-se-esperan-8-frentes-frios\/#breadcrumb"},"inLanguage":"es","potentialAction":[{"@type":"ReadAction","target":["https:\/\/www.nexoinformativo.mx\/index.php\/2024\/12\/04\/abrigate-bien-diciembre-sera-uno-de-los-meses-mas-frios-del-ano-se-esperan-8-frentes-frios\/"]}]},{"@type":"ImageObject","inLanguage":"es","@id":"https:\/\/www.nexoinformativo.mx\/index.php\/2024\/12\/04\/abrigate-bien-diciembre-sera-uno-de-los-meses-mas-frios-del-ano-se-esperan-8-frentes-frios\/#primaryimage","url":"https:\/\/www.nexoinformativo.mx\/wp-content\/uploads\/2024\/12\/pexels-arina-krasnikova-5710036-e1733326968879.jpg","contentUrl":"https:\/\/www.nexoinformativo.mx\/wp-content\/uploads\/2024\/12\/pexels-arina-krasnikova-5710036-e1733326968879.jpg","width":800,"height":534},{"@type":"BreadcrumbList","@id":"https:\/\/www.nexoinformativo.mx\/index.php\/2024\/12\/04\/abrigate-bien-diciembre-sera-uno-de-los-meses-mas-frios-del-ano-se-esperan-8-frentes-frios\/#breadcrumb","itemListElement":[{"@type":"ListItem","position":1,"name":"Inicio","item":"https:\/\/www.nexoinformativo.mx\/"},{"@type":"ListItem","position":2,"name":"\u00a1Abr\u00edgate bien! Diciembre ser\u00e1 uno de los meses m\u00e1s fr\u00edos del a\u00f1o: Se esperan 8 frentes fr\u00edos"}]},{"@type":"WebSite","@id":"https:\/\/www.nexoinformativo.mx\/#website","url":"https:\/\/www.nexoinformativo.mx\/","name":"Nexo Informativo Santiago de Quer\u00e9taro","description":"Explora NexoInformativo y convi\u00e9rtete en parte de una comunidad que valora el conocimiento y la verdad. Tu nexoinformativo es tu puente hacia una comprensi\u00f3n m\u00e1s profunda del mundo que te rodea.","publisher":{"@id":"https:\/\/www.nexoinformativo.mx\/#organization"},"potentialAction":[{"@type":"SearchAction","target":{"@type":"EntryPoint","urlTemplate":"https:\/\/www.nexoinformativo.mx\/?s={search_term_string}"},"query-input":{"@type":"PropertyValueSpecification","valueRequired":true,"valueName":"search_term_string"}}],"inLanguage":"es"},{"@type":"Organization","@id":"https:\/\/www.nexoinformativo.mx\/#organization","name":"Nexo Informativo Santiago de Quer\u00e9taro","url":"https:\/\/www.nexoinformativo.mx\/","logo":{"@type":"ImageObject","inLanguage":"es","@id":"https:\/\/www.nexoinformativo.mx\/#\/schema\/logo\/image\/","url":"https:\/\/www.nexoinformativo.mx\/wp-content\/uploads\/2024\/07\/nexoi-trasparente-2.png","contentUrl":"https:\/\/www.nexoinformativo.mx\/wp-content\/uploads\/2024\/07\/nexoi-trasparente-2.png","width":816,"height":339,"caption":"Nexo Informativo Santiago de Quer\u00e9taro"},"image":{"@id":"https:\/\/www.nexoinformativo.mx\/#\/schema\/logo\/image\/"},"sameAs":["https:\/\/www.facebook.com\/people\/Nexo-Informativo\/61564066885511\/"]},{"@type":"Person","@id":"https:\/\/www.nexoinformativo.mx\/#\/schema\/person\/7749d380ba08c8ca00d7bc76fd907b7d","name":"Nexo Informativo","image":{"@type":"ImageObject","inLanguage":"es","@id":"https:\/\/www.nexoinformativo.mx\/#\/schema\/person\/image\/","url":"https:\/\/secure.gravatar.com\/avatar\/dde2928154642a13d95f87ddf1ea9718fe2b46760a005c53e41ff5ad610704e6?s=96&d=mm&r=g","contentUrl":"https:\/\/secure.gravatar.com\/avatar\/dde2928154642a13d95f87ddf1ea9718fe2b46760a005c53e41ff5ad610704e6?s=96&d=mm&r=g","caption":"Nexo Informativo"},"url":"https:\/\/www.nexoinformativo.mx\/index.php\/author\/edicion\/"}]}},"_links":{"self":[{"href":"https:\/\/www.nexoinformativo.mx\/index.php\/wp-json\/wp\/v2\/posts\/7516","targetHints":{"allow":["GET"]}}],"collection":[{"href":"https:\/\/www.nexoinformativo.mx\/index.php\/wp-json\/wp\/v2\/posts"}],"about":[{"href":"https:\/\/www.nexoinformativo.mx\/index.php\/wp-json\/wp\/v2\/types\/post"}],"author":[{"embeddable":true,"href":"https:\/\/www.nexoinformativo.mx\/index.php\/wp-json\/wp\/v2\/users\/3"}],"replies":[{"embeddable":true,"href":"https:\/\/www.nexoinformativo.mx\/index.php\/wp-json\/wp\/v2\/comments?post=7516"}],"version-history":[{"count":5,"href":"https:\/\/www.nexoinformativo.mx\/index.php\/wp-json\/wp\/v2\/posts\/7516\/revisions"}],"predecessor-version":[{"id":7520,"href":"https:\/\/www.nexoinformativo.mx\/index.php\/wp-json\/wp\/v2\/posts\/7516\/revisions\/7520"}],"wp:featuredmedia":[{"embeddable":true,"href":"https:\/\/www.nexoinformativo.mx\/index.php\/wp-json\/wp\/v2\/media\/7517"}],"wp:attachment":[{"href":"https:\/\/www.nexoinformativo.mx\/index.php\/wp-json\/wp\/v2\/media?parent=7516"}],"wp:term":[{"taxonomy":"category","embeddable":true,"href":"https:\/\/www.nexoinformativo.mx\/index.php\/wp-json\/wp\/v2\/categories?post=7516"},{"taxonomy":"post_tag","embeddable":true,"href":"https:\/\/www.nexoinformativo.mx\/index.php\/wp-json\/wp\/v2\/tags?post=7516"}],"curies":[{"name":"wp","href":"https:\/\/api.w.org\/{rel}","templated":true}]}}