{"id":7523,"date":"2024-12-04T08:00:48","date_gmt":"2024-12-04T14:00:48","guid":{"rendered":"https:\/\/www.nexoinformativo.mx\/?p=7523"},"modified":"2024-12-04T09:50:20","modified_gmt":"2024-12-04T15:50:20","slug":"queretaro-celebra-la-diversidad-inauguran-exposicion-fotografica-que-visibiliza-a-las-personas-con-discapacidad","status":"publish","type":"post","link":"https:\/\/www.nexoinformativo.mx\/index.php\/2024\/12\/04\/queretaro-celebra-la-diversidad-inauguran-exposicion-fotografica-que-visibiliza-a-las-personas-con-discapacidad\/","title":{"rendered":"Quer\u00e9taro celebra la diversidad: Inauguran exposici\u00f3n fotogr\u00e1fica que visibiliza a las personas con discapacidad"},"content":{"rendered":"<p style=\"text-align: justify;\" data-sourcepos=\"9:1-9:393\">En el marco del D\u00eda Internacional de las Personas con Discapacidad, el estado de Quer\u00e9taro dio un paso m\u00e1s hacia una sociedad m\u00e1s inclusiva con la inauguraci\u00f3n de la exposici\u00f3n fotogr\u00e1fica <strong>&#8220;Por un Quer\u00e9taro Incluyente 2024&#8221;<\/strong>.<\/p>\n<p>&nbsp;<\/p>\n<p style=\"text-align: justify;\" data-sourcepos=\"9:1-9:393\">Esta muestra, instalada en la Alameda Hidalgo, busca visibilizar los derechos de las personas con discapacidad y fomentar una cultura de respeto y tolerancia.<\/p>\n<p>&nbsp;<\/p>\n<p style=\"text-align: justify;\" data-sourcepos=\"11:1-11:323\">Organizada por el Sistema Estatal DIF en colaboraci\u00f3n con la Defensor\u00eda de los Derechos Humanos de Quer\u00e9taro y la Red de Discapacidad del Estado, la exposici\u00f3n presenta una serie de fotograf\u00edas que retratan a personas con discapacidad en diferentes \u00e1mbitos de su vida, ejerciendo sus derechos y demostrando sus capacidades.<\/p>\n<p>&nbsp;<\/p>\n<p style=\"text-align: justify;\" data-sourcepos=\"13:1-13:372\">El director de Asistencia Social y Rehabilitaci\u00f3n del Sistema Estatal DIF, Francisco Res\u00e9ndiz, destac\u00f3 la importancia de esta iniciativa para generar conciencia sobre la inclusi\u00f3n y promover una transformaci\u00f3n cultural. <strong>&#8220;Invitamos a la sociedad queretana a visitar la exposici\u00f3n y conocer de cerca las realidades de las personas con discapacidad&#8221;<\/strong>, expres\u00f3.<\/p>\n<p>&nbsp;<\/p>\n<p style=\"text-align: justify;\" data-sourcepos=\"15:1-15:249\">Por su parte, el presidente de la Defensor\u00eda de los Derechos Humanos de Quer\u00e9taro, Javier Rascado, resalt\u00f3 la importancia de trabajar de manera coordinada para visibilizar a las personas con discapacidad y garantizar el respeto a sus derechos.<\/p>\n<p>&nbsp;<\/p>\n<p style=\"text-align: justify;\" data-sourcepos=\"17:1-17:234\">La exposici\u00f3n estar\u00e1 abierta al p\u00fablico hasta el 27 de diciembre, ofreciendo a los queretanos la oportunidad de reflexionar sobre la importancia de la inclusi\u00f3n y de contribuir a la construcci\u00f3n de una sociedad m\u00e1s justa y equitativa.<\/p>\n<p>&nbsp;<\/p>\n<p style=\"text-align: center;\" data-sourcepos=\"17:1-17:234\"><em><strong>\u00a1Informaci\u00f3n que transforma!<\/strong><\/em><\/p>\n","protected":false},"excerpt":{"rendered":"<p>En el marco del D\u00eda Internacional de las Personas con Discapacidad, el estado de Quer\u00e9taro dio un paso m\u00e1s hacia una sociedad m\u00e1s inclusiva con la inauguraci\u00f3n de la exposici\u00f3n fotogr\u00e1fica &#8220;Por un Quer\u00e9taro Incluyente 2024&#8221;.<\/p>\n","protected":false},"author":3,"featured_media":7524,"comment_status":"open","ping_status":"open","sticky":false,"template":"","format":"standard","meta":{"footnotes":""},"categories":[65,58],"tags":[499,2261,1189,1969],"class_list":["post-7523","post","type-post","status-publish","format-standard","has-post-thumbnail","hentry","category-municipios","category-ultima-hora","tag-derechoshumanos","tag-discapacidad","tag-inclusion","tag-queretaroincluyente"],"yoast_head":"<!-- This site is optimized with the Yoast SEO plugin v25.0 - https:\/\/yoast.com\/wordpress\/plugins\/seo\/ -->\n<title>Quer\u00e9taro celebra la diversidad: Inauguran exposici\u00f3n fotogr\u00e1fica que visibiliza a las personas con discapacidad | Nexo Informativo Santiago de Quer\u00e9taro<\/title>\n<meta name=\"description\" content=\"Quer\u00e9taro celebra la diversidad: Inauguran exposici\u00f3n fotogr\u00e1fica que visibiliza a las personas con discapacidad\" \/>\n<meta name=\"robots\" content=\"index, follow, max-snippet:-1, max-image-preview:large, max-video-preview:-1\" \/>\n<link rel=\"canonical\" href=\"https:\/\/www.nexoinformativo.mx\/index.php\/2024\/12\/04\/queretaro-celebra-la-diversidad-inauguran-exposicion-fotografica-que-visibiliza-a-las-personas-con-discapacidad\/\" \/>\n<meta property=\"og:locale\" content=\"es_MX\" \/>\n<meta property=\"og:type\" content=\"article\" \/>\n<meta property=\"og:title\" content=\"Quer\u00e9taro celebra la diversidad: Inauguran exposici\u00f3n fotogr\u00e1fica que visibiliza a las personas con discapacidad | Nexo Informativo Santiago de Quer\u00e9taro\" \/>\n<meta property=\"og:description\" content=\"Quer\u00e9taro celebra la diversidad: Inauguran exposici\u00f3n fotogr\u00e1fica que visibiliza a las personas con discapacidad\" \/>\n<meta property=\"og:url\" content=\"https:\/\/www.nexoinformativo.mx\/index.php\/2024\/12\/04\/queretaro-celebra-la-diversidad-inauguran-exposicion-fotografica-que-visibiliza-a-las-personas-con-discapacidad\/\" \/>\n<meta property=\"og:site_name\" content=\"Nexo Informativo Santiago de Quer\u00e9taro\" \/>\n<meta property=\"article:publisher\" content=\"https:\/\/www.facebook.com\/people\/Nexo-Informativo\/61564066885511\/\" \/>\n<meta property=\"article:published_time\" content=\"2024-12-04T14:00:48+00:00\" \/>\n<meta property=\"article:modified_time\" content=\"2024-12-04T15:50:20+00:00\" \/>\n<meta property=\"og:image\" content=\"https:\/\/www.nexoinformativo.mx\/wp-content\/uploads\/2024\/12\/PHOTO-2024-12-04-09-45-49-e1733327367504.jpg\" \/>\n\t<meta property=\"og:image:width\" content=\"800\" \/>\n\t<meta property=\"og:image:height\" content=\"533\" \/>\n\t<meta property=\"og:image:type\" content=\"image\/jpeg\" \/>\n<meta name=\"author\" content=\"Nexo Informativo\" \/>\n<meta name=\"twitter:card\" content=\"summary_large_image\" \/>\n<meta name=\"twitter:label1\" content=\"Escrito por\" \/>\n\t<meta name=\"twitter:data1\" content=\"Nexo Informativo\" \/>\n\t<meta name=\"twitter:label2\" content=\"Tiempo de lectura\" \/>\n\t<meta name=\"twitter:data2\" content=\"2 minutos\" \/>\n<script type=\"application\/ld+json\" class=\"yoast-schema-graph\">{\"@context\":\"https:\/\/schema.org\",\"@graph\":[{\"@type\":\"Article\",\"@id\":\"https:\/\/www.nexoinformativo.mx\/index.php\/2024\/12\/04\/queretaro-celebra-la-diversidad-inauguran-exposicion-fotografica-que-visibiliza-a-las-personas-con-discapacidad\/#article\",\"isPartOf\":{\"@id\":\"https:\/\/www.nexoinformativo.mx\/index.php\/2024\/12\/04\/queretaro-celebra-la-diversidad-inauguran-exposicion-fotografica-que-visibiliza-a-las-personas-con-discapacidad\/\"},\"author\":{\"name\":\"Nexo Informativo\",\"@id\":\"https:\/\/www.nexoinformativo.mx\/#\/schema\/person\/7749d380ba08c8ca00d7bc76fd907b7d\"},\"headline\":\"Quer\u00e9taro celebra la diversidad: Inauguran exposici\u00f3n fotogr\u00e1fica que visibiliza a las personas con discapacidad\",\"datePublished\":\"2024-12-04T14:00:48+00:00\",\"dateModified\":\"2024-12-04T15:50:20+00:00\",\"mainEntityOfPage\":{\"@id\":\"https:\/\/www.nexoinformativo.mx\/index.php\/2024\/12\/04\/queretaro-celebra-la-diversidad-inauguran-exposicion-fotografica-que-visibiliza-a-las-personas-con-discapacidad\/\"},\"wordCount\":287,\"commentCount\":0,\"publisher\":{\"@id\":\"https:\/\/www.nexoinformativo.mx\/#organization\"},\"image\":{\"@id\":\"https:\/\/www.nexoinformativo.mx\/index.php\/2024\/12\/04\/queretaro-celebra-la-diversidad-inauguran-exposicion-fotografica-que-visibiliza-a-las-personas-con-discapacidad\/#primaryimage\"},\"thumbnailUrl\":\"https:\/\/www.nexoinformativo.mx\/wp-content\/uploads\/2024\/12\/PHOTO-2024-12-04-09-45-49-e1733327367504.jpg\",\"keywords\":[\"DerechosHumanos\",\"Discapacidad\",\"Inclusi\u00f3n\",\"Quer\u00e9taroIncluyente\"],\"articleSection\":[\"Municipios\",\"\u00daltima Hora\"],\"inLanguage\":\"es\",\"potentialAction\":[{\"@type\":\"CommentAction\",\"name\":\"Comment\",\"target\":[\"https:\/\/www.nexoinformativo.mx\/index.php\/2024\/12\/04\/queretaro-celebra-la-diversidad-inauguran-exposicion-fotografica-que-visibiliza-a-las-personas-con-discapacidad\/#respond\"]}]},{\"@type\":\"WebPage\",\"@id\":\"https:\/\/www.nexoinformativo.mx\/index.php\/2024\/12\/04\/queretaro-celebra-la-diversidad-inauguran-exposicion-fotografica-que-visibiliza-a-las-personas-con-discapacidad\/\",\"url\":\"https:\/\/www.nexoinformativo.mx\/index.php\/2024\/12\/04\/queretaro-celebra-la-diversidad-inauguran-exposicion-fotografica-que-visibiliza-a-las-personas-con-discapacidad\/\",\"name\":\"Quer\u00e9taro celebra la diversidad: Inauguran exposici\u00f3n fotogr\u00e1fica que visibiliza a las personas con discapacidad | Nexo Informativo Santiago de Quer\u00e9taro\",\"isPartOf\":{\"@id\":\"https:\/\/www.nexoinformativo.mx\/#website\"},\"primaryImageOfPage\":{\"@id\":\"https:\/\/www.nexoinformativo.mx\/index.php\/2024\/12\/04\/queretaro-celebra-la-diversidad-inauguran-exposicion-fotografica-que-visibiliza-a-las-personas-con-discapacidad\/#primaryimage\"},\"image\":{\"@id\":\"https:\/\/www.nexoinformativo.mx\/index.php\/2024\/12\/04\/queretaro-celebra-la-diversidad-inauguran-exposicion-fotografica-que-visibiliza-a-las-personas-con-discapacidad\/#primaryimage\"},\"thumbnailUrl\":\"https:\/\/www.nexoinformativo.mx\/wp-content\/uploads\/2024\/12\/PHOTO-2024-12-04-09-45-49-e1733327367504.jpg\",\"datePublished\":\"2024-12-04T14:00:48+00:00\",\"dateModified\":\"2024-12-04T15:50:20+00:00\",\"description\":\"Quer\u00e9taro celebra la diversidad: Inauguran exposici\u00f3n fotogr\u00e1fica que visibiliza a las personas con discapacidad\",\"breadcrumb\":{\"@id\":\"https:\/\/www.nexoinformativo.mx\/index.php\/2024\/12\/04\/queretaro-celebra-la-diversidad-inauguran-exposicion-fotografica-que-visibiliza-a-las-personas-con-discapacidad\/#breadcrumb\"},\"inLanguage\":\"es\",\"potentialAction\":[{\"@type\":\"ReadAction\",\"target\":[\"https:\/\/www.nexoinformativo.mx\/index.php\/2024\/12\/04\/queretaro-celebra-la-diversidad-inauguran-exposicion-fotografica-que-visibiliza-a-las-personas-con-discapacidad\/\"]}]},{\"@type\":\"ImageObject\",\"inLanguage\":\"es\",\"@id\":\"https:\/\/www.nexoinformativo.mx\/index.php\/2024\/12\/04\/queretaro-celebra-la-diversidad-inauguran-exposicion-fotografica-que-visibiliza-a-las-personas-con-discapacidad\/#primaryimage\",\"url\":\"https:\/\/www.nexoinformativo.mx\/wp-content\/uploads\/2024\/12\/PHOTO-2024-12-04-09-45-49-e1733327367504.jpg\",\"contentUrl\":\"https:\/\/www.nexoinformativo.mx\/wp-content\/uploads\/2024\/12\/PHOTO-2024-12-04-09-45-49-e1733327367504.jpg\",\"width\":800,\"height\":533},{\"@type\":\"BreadcrumbList\",\"@id\":\"https:\/\/www.nexoinformativo.mx\/index.php\/2024\/12\/04\/queretaro-celebra-la-diversidad-inauguran-exposicion-fotografica-que-visibiliza-a-las-personas-con-discapacidad\/#breadcrumb\",\"itemListElement\":[{\"@type\":\"ListItem\",\"position\":1,\"name\":\"Inicio\",\"item\":\"https:\/\/www.nexoinformativo.mx\/\"},{\"@type\":\"ListItem\",\"position\":2,\"name\":\"Quer\u00e9taro celebra la diversidad: Inauguran exposici\u00f3n fotogr\u00e1fica que visibiliza a las personas con discapacidad\"}]},{\"@type\":\"WebSite\",\"@id\":\"https:\/\/www.nexoinformativo.mx\/#website\",\"url\":\"https:\/\/www.nexoinformativo.mx\/\",\"name\":\"Nexo Informativo Santiago de Quer\u00e9taro\",\"description\":\"Explora NexoInformativo y convi\u00e9rtete en parte de una comunidad que valora el conocimiento y la verdad. Tu nexoinformativo es tu puente hacia una comprensi\u00f3n m\u00e1s profunda del mundo que te rodea.\",\"publisher\":{\"@id\":\"https:\/\/www.nexoinformativo.mx\/#organization\"},\"potentialAction\":[{\"@type\":\"SearchAction\",\"target\":{\"@type\":\"EntryPoint\",\"urlTemplate\":\"https:\/\/www.nexoinformativo.mx\/?s={search_term_string}\"},\"query-input\":{\"@type\":\"PropertyValueSpecification\",\"valueRequired\":true,\"valueName\":\"search_term_string\"}}],\"inLanguage\":\"es\"},{\"@type\":\"Organization\",\"@id\":\"https:\/\/www.nexoinformativo.mx\/#organization\",\"name\":\"Nexo Informativo Santiago de Quer\u00e9taro\",\"url\":\"https:\/\/www.nexoinformativo.mx\/\",\"logo\":{\"@type\":\"ImageObject\",\"inLanguage\":\"es\",\"@id\":\"https:\/\/www.nexoinformativo.mx\/#\/schema\/logo\/image\/\",\"url\":\"https:\/\/www.nexoinformativo.mx\/wp-content\/uploads\/2024\/07\/nexoi-trasparente-2.png\",\"contentUrl\":\"https:\/\/www.nexoinformativo.mx\/wp-content\/uploads\/2024\/07\/nexoi-trasparente-2.png\",\"width\":816,\"height\":339,\"caption\":\"Nexo Informativo Santiago de Quer\u00e9taro\"},\"image\":{\"@id\":\"https:\/\/www.nexoinformativo.mx\/#\/schema\/logo\/image\/\"},\"sameAs\":[\"https:\/\/www.facebook.com\/people\/Nexo-Informativo\/61564066885511\/\"]},{\"@type\":\"Person\",\"@id\":\"https:\/\/www.nexoinformativo.mx\/#\/schema\/person\/7749d380ba08c8ca00d7bc76fd907b7d\",\"name\":\"Nexo Informativo\",\"image\":{\"@type\":\"ImageObject\",\"inLanguage\":\"es\",\"@id\":\"https:\/\/www.nexoinformativo.mx\/#\/schema\/person\/image\/\",\"url\":\"https:\/\/secure.gravatar.com\/avatar\/dde2928154642a13d95f87ddf1ea9718fe2b46760a005c53e41ff5ad610704e6?s=96&d=mm&r=g\",\"contentUrl\":\"https:\/\/secure.gravatar.com\/avatar\/dde2928154642a13d95f87ddf1ea9718fe2b46760a005c53e41ff5ad610704e6?s=96&d=mm&r=g\",\"caption\":\"Nexo Informativo\"},\"url\":\"https:\/\/www.nexoinformativo.mx\/index.php\/author\/edicion\/\"}]}<\/script>\n<!-- \/ Yoast SEO plugin. -->","yoast_head_json":{"title":"Quer\u00e9taro celebra la diversidad: Inauguran exposici\u00f3n fotogr\u00e1fica que visibiliza a las personas con discapacidad | Nexo Informativo Santiago de Quer\u00e9taro","description":"Quer\u00e9taro celebra la diversidad: Inauguran exposici\u00f3n fotogr\u00e1fica que visibiliza a las personas con discapacidad","robots":{"index":"index","follow":"follow","max-snippet":"max-snippet:-1","max-image-preview":"max-image-preview:large","max-video-preview":"max-video-preview:-1"},"canonical":"https:\/\/www.nexoinformativo.mx\/index.php\/2024\/12\/04\/queretaro-celebra-la-diversidad-inauguran-exposicion-fotografica-que-visibiliza-a-las-personas-con-discapacidad\/","og_locale":"es_MX","og_type":"article","og_title":"Quer\u00e9taro celebra la diversidad: Inauguran exposici\u00f3n fotogr\u00e1fica que visibiliza a las personas con discapacidad | Nexo Informativo Santiago de Quer\u00e9taro","og_description":"Quer\u00e9taro celebra la diversidad: Inauguran exposici\u00f3n fotogr\u00e1fica que visibiliza a las personas con discapacidad","og_url":"https:\/\/www.nexoinformativo.mx\/index.php\/2024\/12\/04\/queretaro-celebra-la-diversidad-inauguran-exposicion-fotografica-que-visibiliza-a-las-personas-con-discapacidad\/","og_site_name":"Nexo Informativo Santiago de Quer\u00e9taro","article_publisher":"https:\/\/www.facebook.com\/people\/Nexo-Informativo\/61564066885511\/","article_published_time":"2024-12-04T14:00:48+00:00","article_modified_time":"2024-12-04T15:50:20+00:00","og_image":[{"width":800,"height":533,"url":"https:\/\/www.nexoinformativo.mx\/wp-content\/uploads\/2024\/12\/PHOTO-2024-12-04-09-45-49-e1733327367504.jpg","type":"image\/jpeg"}],"author":"Nexo Informativo","twitter_card":"summary_large_image","twitter_misc":{"Escrito por":"Nexo Informativo","Tiempo de lectura":"2 minutos"},"schema":{"@context":"https:\/\/schema.org","@graph":[{"@type":"Article","@id":"https:\/\/www.nexoinformativo.mx\/index.php\/2024\/12\/04\/queretaro-celebra-la-diversidad-inauguran-exposicion-fotografica-que-visibiliza-a-las-personas-con-discapacidad\/#article","isPartOf":{"@id":"https:\/\/www.nexoinformativo.mx\/index.php\/2024\/12\/04\/queretaro-celebra-la-diversidad-inauguran-exposicion-fotografica-que-visibiliza-a-las-personas-con-discapacidad\/"},"author":{"name":"Nexo Informativo","@id":"https:\/\/www.nexoinformativo.mx\/#\/schema\/person\/7749d380ba08c8ca00d7bc76fd907b7d"},"headline":"Quer\u00e9taro celebra la diversidad: Inauguran exposici\u00f3n fotogr\u00e1fica que visibiliza a las personas con discapacidad","datePublished":"2024-12-04T14:00:48+00:00","dateModified":"2024-12-04T15:50:20+00:00","mainEntityOfPage":{"@id":"https:\/\/www.nexoinformativo.mx\/index.php\/2024\/12\/04\/queretaro-celebra-la-diversidad-inauguran-exposicion-fotografica-que-visibiliza-a-las-personas-con-discapacidad\/"},"wordCount":287,"commentCount":0,"publisher":{"@id":"https:\/\/www.nexoinformativo.mx\/#organization"},"image":{"@id":"https:\/\/www.nexoinformativo.mx\/index.php\/2024\/12\/04\/queretaro-celebra-la-diversidad-inauguran-exposicion-fotografica-que-visibiliza-a-las-personas-con-discapacidad\/#primaryimage"},"thumbnailUrl":"https:\/\/www.nexoinformativo.mx\/wp-content\/uploads\/2024\/12\/PHOTO-2024-12-04-09-45-49-e1733327367504.jpg","keywords":["DerechosHumanos","Discapacidad","Inclusi\u00f3n","Quer\u00e9taroIncluyente"],"articleSection":["Municipios","\u00daltima Hora"],"inLanguage":"es","potentialAction":[{"@type":"CommentAction","name":"Comment","target":["https:\/\/www.nexoinformativo.mx\/index.php\/2024\/12\/04\/queretaro-celebra-la-diversidad-inauguran-exposicion-fotografica-que-visibiliza-a-las-personas-con-discapacidad\/#respond"]}]},{"@type":"WebPage","@id":"https:\/\/www.nexoinformativo.mx\/index.php\/2024\/12\/04\/queretaro-celebra-la-diversidad-inauguran-exposicion-fotografica-que-visibiliza-a-las-personas-con-discapacidad\/","url":"https:\/\/www.nexoinformativo.mx\/index.php\/2024\/12\/04\/queretaro-celebra-la-diversidad-inauguran-exposicion-fotografica-que-visibiliza-a-las-personas-con-discapacidad\/","name":"Quer\u00e9taro celebra la diversidad: Inauguran exposici\u00f3n fotogr\u00e1fica que visibiliza a las personas con discapacidad | Nexo Informativo Santiago de Quer\u00e9taro","isPartOf":{"@id":"https:\/\/www.nexoinformativo.mx\/#website"},"primaryImageOfPage":{"@id":"https:\/\/www.nexoinformativo.mx\/index.php\/2024\/12\/04\/queretaro-celebra-la-diversidad-inauguran-exposicion-fotografica-que-visibiliza-a-las-personas-con-discapacidad\/#primaryimage"},"image":{"@id":"https:\/\/www.nexoinformativo.mx\/index.php\/2024\/12\/04\/queretaro-celebra-la-diversidad-inauguran-exposicion-fotografica-que-visibiliza-a-las-personas-con-discapacidad\/#primaryimage"},"thumbnailUrl":"https:\/\/www.nexoinformativo.mx\/wp-content\/uploads\/2024\/12\/PHOTO-2024-12-04-09-45-49-e1733327367504.jpg","datePublished":"2024-12-04T14:00:48+00:00","dateModified":"2024-12-04T15:50:20+00:00","description":"Quer\u00e9taro celebra la diversidad: Inauguran exposici\u00f3n fotogr\u00e1fica que visibiliza a las personas con discapacidad","breadcrumb":{"@id":"https:\/\/www.nexoinformativo.mx\/index.php\/2024\/12\/04\/queretaro-celebra-la-diversidad-inauguran-exposicion-fotografica-que-visibiliza-a-las-personas-con-discapacidad\/#breadcrumb"},"inLanguage":"es","potentialAction":[{"@type":"ReadAction","target":["https:\/\/www.nexoinformativo.mx\/index.php\/2024\/12\/04\/queretaro-celebra-la-diversidad-inauguran-exposicion-fotografica-que-visibiliza-a-las-personas-con-discapacidad\/"]}]},{"@type":"ImageObject","inLanguage":"es","@id":"https:\/\/www.nexoinformativo.mx\/index.php\/2024\/12\/04\/queretaro-celebra-la-diversidad-inauguran-exposicion-fotografica-que-visibiliza-a-las-personas-con-discapacidad\/#primaryimage","url":"https:\/\/www.nexoinformativo.mx\/wp-content\/uploads\/2024\/12\/PHOTO-2024-12-04-09-45-49-e1733327367504.jpg","contentUrl":"https:\/\/www.nexoinformativo.mx\/wp-content\/uploads\/2024\/12\/PHOTO-2024-12-04-09-45-49-e1733327367504.jpg","width":800,"height":533},{"@type":"BreadcrumbList","@id":"https:\/\/www.nexoinformativo.mx\/index.php\/2024\/12\/04\/queretaro-celebra-la-diversidad-inauguran-exposicion-fotografica-que-visibiliza-a-las-personas-con-discapacidad\/#breadcrumb","itemListElement":[{"@type":"ListItem","position":1,"name":"Inicio","item":"https:\/\/www.nexoinformativo.mx\/"},{"@type":"ListItem","position":2,"name":"Quer\u00e9taro celebra la diversidad: Inauguran exposici\u00f3n fotogr\u00e1fica que visibiliza a las personas con discapacidad"}]},{"@type":"WebSite","@id":"https:\/\/www.nexoinformativo.mx\/#website","url":"https:\/\/www.nexoinformativo.mx\/","name":"Nexo Informativo Santiago de Quer\u00e9taro","description":"Explora NexoInformativo y convi\u00e9rtete en parte de una comunidad que valora el conocimiento y la verdad. Tu nexoinformativo es tu puente hacia una comprensi\u00f3n m\u00e1s profunda del mundo que te rodea.","publisher":{"@id":"https:\/\/www.nexoinformativo.mx\/#organization"},"potentialAction":[{"@type":"SearchAction","target":{"@type":"EntryPoint","urlTemplate":"https:\/\/www.nexoinformativo.mx\/?s={search_term_string}"},"query-input":{"@type":"PropertyValueSpecification","valueRequired":true,"valueName":"search_term_string"}}],"inLanguage":"es"},{"@type":"Organization","@id":"https:\/\/www.nexoinformativo.mx\/#organization","name":"Nexo Informativo Santiago de Quer\u00e9taro","url":"https:\/\/www.nexoinformativo.mx\/","logo":{"@type":"ImageObject","inLanguage":"es","@id":"https:\/\/www.nexoinformativo.mx\/#\/schema\/logo\/image\/","url":"https:\/\/www.nexoinformativo.mx\/wp-content\/uploads\/2024\/07\/nexoi-trasparente-2.png","contentUrl":"https:\/\/www.nexoinformativo.mx\/wp-content\/uploads\/2024\/07\/nexoi-trasparente-2.png","width":816,"height":339,"caption":"Nexo Informativo Santiago de Quer\u00e9taro"},"image":{"@id":"https:\/\/www.nexoinformativo.mx\/#\/schema\/logo\/image\/"},"sameAs":["https:\/\/www.facebook.com\/people\/Nexo-Informativo\/61564066885511\/"]},{"@type":"Person","@id":"https:\/\/www.nexoinformativo.mx\/#\/schema\/person\/7749d380ba08c8ca00d7bc76fd907b7d","name":"Nexo Informativo","image":{"@type":"ImageObject","inLanguage":"es","@id":"https:\/\/www.nexoinformativo.mx\/#\/schema\/person\/image\/","url":"https:\/\/secure.gravatar.com\/avatar\/dde2928154642a13d95f87ddf1ea9718fe2b46760a005c53e41ff5ad610704e6?s=96&d=mm&r=g","contentUrl":"https:\/\/secure.gravatar.com\/avatar\/dde2928154642a13d95f87ddf1ea9718fe2b46760a005c53e41ff5ad610704e6?s=96&d=mm&r=g","caption":"Nexo Informativo"},"url":"https:\/\/www.nexoinformativo.mx\/index.php\/author\/edicion\/"}]}},"_links":{"self":[{"href":"https:\/\/www.nexoinformativo.mx\/index.php\/wp-json\/wp\/v2\/posts\/7523","targetHints":{"allow":["GET"]}}],"collection":[{"href":"https:\/\/www.nexoinformativo.mx\/index.php\/wp-json\/wp\/v2\/posts"}],"about":[{"href":"https:\/\/www.nexoinformativo.mx\/index.php\/wp-json\/wp\/v2\/types\/post"}],"author":[{"embeddable":true,"href":"https:\/\/www.nexoinformativo.mx\/index.php\/wp-json\/wp\/v2\/users\/3"}],"replies":[{"embeddable":true,"href":"https:\/\/www.nexoinformativo.mx\/index.php\/wp-json\/wp\/v2\/comments?post=7523"}],"version-history":[{"count":3,"href":"https:\/\/www.nexoinformativo.mx\/index.php\/wp-json\/wp\/v2\/posts\/7523\/revisions"}],"predecessor-version":[{"id":7527,"href":"https:\/\/www.nexoinformativo.mx\/index.php\/wp-json\/wp\/v2\/posts\/7523\/revisions\/7527"}],"wp:featuredmedia":[{"embeddable":true,"href":"https:\/\/www.nexoinformativo.mx\/index.php\/wp-json\/wp\/v2\/media\/7524"}],"wp:attachment":[{"href":"https:\/\/www.nexoinformativo.mx\/index.php\/wp-json\/wp\/v2\/media?parent=7523"}],"wp:term":[{"taxonomy":"category","embeddable":true,"href":"https:\/\/www.nexoinformativo.mx\/index.php\/wp-json\/wp\/v2\/categories?post=7523"},{"taxonomy":"post_tag","embeddable":true,"href":"https:\/\/www.nexoinformativo.mx\/index.php\/wp-json\/wp\/v2\/tags?post=7523"}],"curies":[{"name":"wp","href":"https:\/\/api.w.org\/{rel}","templated":true}]}}