{"id":7539,"date":"2024-12-04T13:00:48","date_gmt":"2024-12-04T19:00:48","guid":{"rendered":"https:\/\/www.nexoinformativo.mx\/?p=7539"},"modified":"2024-12-04T17:54:35","modified_gmt":"2024-12-04T23:54:35","slug":"el-marques-se-prepara-para-el-invierno-instalan-consejo-de-proteccion-civil-y-fortalecen-sistema-de-alerta-temprana","status":"publish","type":"post","link":"https:\/\/www.nexoinformativo.mx\/index.php\/2024\/12\/04\/el-marques-se-prepara-para-el-invierno-instalan-consejo-de-proteccion-civil-y-fortalecen-sistema-de-alerta-temprana\/","title":{"rendered":"El Marqu\u00e9s se prepara para el invierno: Instalan Consejo de Protecci\u00f3n Civil y fortalecen sistema de alerta temprana"},"content":{"rendered":"<p style=\"text-align: justify;\" data-sourcepos=\"9:1-9:320\">El municipio de El Marqu\u00e9s est\u00e1 tomando medidas preventivas para enfrentar la temporada invernal. Con la instalaci\u00f3n del Consejo Municipal de Protecci\u00f3n Civil 2024-2027 y la presentaci\u00f3n del Programa Estrat\u00e9gico para la Temporada Invernal 2024-2025, el gobierno municipal busca garantizar la seguridad de sus habitantes.<\/p>\n<p>&nbsp;<\/p>\n<p style=\"text-align: justify;\" data-sourcepos=\"11:1-11:318\">El presidente municipal, Rodrigo Monsalvo Castel\u00e1n, destac\u00f3 la importancia de contar con un sistema de protecci\u00f3n civil s\u00f3lido y eficiente. &#8220;Seguiremos reforzando a la Coordinaci\u00f3n Municipal de Protecci\u00f3n Civil mediante un enfoque integral de la gesti\u00f3n de riesgos para mantenernos unidos y fuertes&#8221;, afirm\u00f3.<\/p>\n<p>&nbsp;<\/p>\n<p style=\"text-align: justify;\" data-sourcepos=\"13:1-13:322\">Para hacer frente a los 48 frentes fr\u00edos pronosticados, la Coordinaci\u00f3n Municipal de Protecci\u00f3n Civil (CMPC) cuenta con 10 refugios temporales con capacidad para albergar a m\u00e1s de mil 800 personas. Adem\u00e1s, se han instalado 50 estaciones meteorol\u00f3gicas para monitorear las condiciones clim\u00e1ticas y emitir alertas tempranas.<\/p>\n<p>&nbsp;<\/p>\n<p style=\"text-align: justify;\" data-sourcepos=\"15:1-15:209\">El gobierno municipal tambi\u00e9n ha desarrollado un Sistema de Alertamiento Temprano (SIAT) que permite enviar mensajes de texto a m\u00e1s de 8 mil usuarios, brind\u00e1ndoles informaci\u00f3n importante en caso de emergencia.<\/p>\n<p>&nbsp;<\/p>\n<p style=\"text-align: justify;\" data-sourcepos=\"17:1-17:188\">Con estas acciones, el municipio de El Marqu\u00e9s se posiciona como un referente a nivel nacional en materia de protecci\u00f3n civil, demostrando su compromiso con la seguridad de sus habitantes.<\/p>\n<p>&nbsp;<\/p>\n<p style=\"text-align: center;\" data-sourcepos=\"17:1-17:188\"><em><strong>\u00a1Informaci\u00f3n que transforma!<\/strong><\/em><\/p>\n","protected":false},"excerpt":{"rendered":"<p>El municipio de El Marqu\u00e9s est\u00e1 tomando medidas preventivas para enfrentar la temporada invernal. Con la instalaci\u00f3n del Consejo Municipal de Protecci\u00f3n Civil 2024-2027 y la presentaci\u00f3n del Programa Estrat\u00e9gico para la Temporada Invernal 2024-2025, el gobierno municipal busca garantizar la seguridad de sus habitantes.<\/p>\n","protected":false},"author":3,"featured_media":7540,"comment_status":"open","ping_status":"open","sticky":false,"template":"","format":"standard","meta":{"footnotes":""},"categories":[65,58],"tags":[2510,149,2323,154],"class_list":["post-7539","post","type-post","status-publish","format-standard","has-post-thumbnail","hentry","category-municipios","category-ultima-hora","tag-alertatemprana","tag-elmarques","tag-inviernoseguro","tag-proteccioncivil"],"yoast_head":"<!-- This site is optimized with the Yoast SEO plugin v25.0 - https:\/\/yoast.com\/wordpress\/plugins\/seo\/ -->\n<title>El Marqu\u00e9s se prepara para el invierno: Instalan Consejo de Protecci\u00f3n Civil y fortalecen sistema de alerta temprana | Nexo Informativo Santiago de Quer\u00e9taro<\/title>\n<meta name=\"description\" content=\"El Marqu\u00e9s se prepara para el invierno: Instalan Consejo de Protecci\u00f3n Civil y fortalecen sistema de alerta temprana\" \/>\n<meta name=\"robots\" content=\"index, follow, max-snippet:-1, max-image-preview:large, max-video-preview:-1\" \/>\n<link rel=\"canonical\" href=\"https:\/\/www.nexoinformativo.mx\/index.php\/2024\/12\/04\/el-marques-se-prepara-para-el-invierno-instalan-consejo-de-proteccion-civil-y-fortalecen-sistema-de-alerta-temprana\/\" \/>\n<meta property=\"og:locale\" content=\"es_MX\" \/>\n<meta property=\"og:type\" content=\"article\" \/>\n<meta property=\"og:title\" content=\"El Marqu\u00e9s se prepara para el invierno: Instalan Consejo de Protecci\u00f3n Civil y fortalecen sistema de alerta temprana | Nexo Informativo Santiago de Quer\u00e9taro\" \/>\n<meta property=\"og:description\" content=\"El Marqu\u00e9s se prepara para el invierno: Instalan Consejo de Protecci\u00f3n Civil y fortalecen sistema de alerta temprana\" \/>\n<meta property=\"og:url\" content=\"https:\/\/www.nexoinformativo.mx\/index.php\/2024\/12\/04\/el-marques-se-prepara-para-el-invierno-instalan-consejo-de-proteccion-civil-y-fortalecen-sistema-de-alerta-temprana\/\" \/>\n<meta property=\"og:site_name\" content=\"Nexo Informativo Santiago de Quer\u00e9taro\" \/>\n<meta property=\"article:publisher\" content=\"https:\/\/www.facebook.com\/people\/Nexo-Informativo\/61564066885511\/\" \/>\n<meta property=\"article:published_time\" content=\"2024-12-04T19:00:48+00:00\" \/>\n<meta property=\"article:modified_time\" content=\"2024-12-04T23:54:35+00:00\" \/>\n<meta property=\"og:image\" content=\"https:\/\/www.nexoinformativo.mx\/wp-content\/uploads\/2024\/12\/PHOTO-2024-12-04-16-32-56-scaled-e1733356422379.jpg\" \/>\n\t<meta property=\"og:image:width\" content=\"800\" \/>\n\t<meta property=\"og:image:height\" content=\"533\" \/>\n\t<meta property=\"og:image:type\" content=\"image\/jpeg\" \/>\n<meta name=\"author\" content=\"Nexo Informativo\" \/>\n<meta name=\"twitter:card\" content=\"summary_large_image\" \/>\n<meta name=\"twitter:label1\" content=\"Escrito por\" \/>\n\t<meta name=\"twitter:data1\" content=\"Nexo Informativo\" \/>\n\t<meta name=\"twitter:label2\" content=\"Tiempo de lectura\" \/>\n\t<meta name=\"twitter:data2\" content=\"2 minutos\" \/>\n<script type=\"application\/ld+json\" class=\"yoast-schema-graph\">{\"@context\":\"https:\/\/schema.org\",\"@graph\":[{\"@type\":\"Article\",\"@id\":\"https:\/\/www.nexoinformativo.mx\/index.php\/2024\/12\/04\/el-marques-se-prepara-para-el-invierno-instalan-consejo-de-proteccion-civil-y-fortalecen-sistema-de-alerta-temprana\/#article\",\"isPartOf\":{\"@id\":\"https:\/\/www.nexoinformativo.mx\/index.php\/2024\/12\/04\/el-marques-se-prepara-para-el-invierno-instalan-consejo-de-proteccion-civil-y-fortalecen-sistema-de-alerta-temprana\/\"},\"author\":{\"name\":\"Nexo Informativo\",\"@id\":\"https:\/\/www.nexoinformativo.mx\/#\/schema\/person\/7749d380ba08c8ca00d7bc76fd907b7d\"},\"headline\":\"El Marqu\u00e9s se prepara para el invierno: Instalan Consejo de Protecci\u00f3n Civil y fortalecen sistema de alerta temprana\",\"datePublished\":\"2024-12-04T19:00:48+00:00\",\"dateModified\":\"2024-12-04T23:54:35+00:00\",\"mainEntityOfPage\":{\"@id\":\"https:\/\/www.nexoinformativo.mx\/index.php\/2024\/12\/04\/el-marques-se-prepara-para-el-invierno-instalan-consejo-de-proteccion-civil-y-fortalecen-sistema-de-alerta-temprana\/\"},\"wordCount\":245,\"commentCount\":0,\"publisher\":{\"@id\":\"https:\/\/www.nexoinformativo.mx\/#organization\"},\"image\":{\"@id\":\"https:\/\/www.nexoinformativo.mx\/index.php\/2024\/12\/04\/el-marques-se-prepara-para-el-invierno-instalan-consejo-de-proteccion-civil-y-fortalecen-sistema-de-alerta-temprana\/#primaryimage\"},\"thumbnailUrl\":\"https:\/\/www.nexoinformativo.mx\/wp-content\/uploads\/2024\/12\/PHOTO-2024-12-04-16-32-56-scaled-e1733356422379.jpg\",\"keywords\":[\"AlertaTemprana\",\"elmarques\",\"InviernoSeguro\",\"proteccioncivil\"],\"articleSection\":[\"Municipios\",\"\u00daltima Hora\"],\"inLanguage\":\"es\",\"potentialAction\":[{\"@type\":\"CommentAction\",\"name\":\"Comment\",\"target\":[\"https:\/\/www.nexoinformativo.mx\/index.php\/2024\/12\/04\/el-marques-se-prepara-para-el-invierno-instalan-consejo-de-proteccion-civil-y-fortalecen-sistema-de-alerta-temprana\/#respond\"]}]},{\"@type\":\"WebPage\",\"@id\":\"https:\/\/www.nexoinformativo.mx\/index.php\/2024\/12\/04\/el-marques-se-prepara-para-el-invierno-instalan-consejo-de-proteccion-civil-y-fortalecen-sistema-de-alerta-temprana\/\",\"url\":\"https:\/\/www.nexoinformativo.mx\/index.php\/2024\/12\/04\/el-marques-se-prepara-para-el-invierno-instalan-consejo-de-proteccion-civil-y-fortalecen-sistema-de-alerta-temprana\/\",\"name\":\"El Marqu\u00e9s se prepara para el invierno: Instalan Consejo de Protecci\u00f3n Civil y fortalecen sistema de alerta temprana | Nexo Informativo Santiago de Quer\u00e9taro\",\"isPartOf\":{\"@id\":\"https:\/\/www.nexoinformativo.mx\/#website\"},\"primaryImageOfPage\":{\"@id\":\"https:\/\/www.nexoinformativo.mx\/index.php\/2024\/12\/04\/el-marques-se-prepara-para-el-invierno-instalan-consejo-de-proteccion-civil-y-fortalecen-sistema-de-alerta-temprana\/#primaryimage\"},\"image\":{\"@id\":\"https:\/\/www.nexoinformativo.mx\/index.php\/2024\/12\/04\/el-marques-se-prepara-para-el-invierno-instalan-consejo-de-proteccion-civil-y-fortalecen-sistema-de-alerta-temprana\/#primaryimage\"},\"thumbnailUrl\":\"https:\/\/www.nexoinformativo.mx\/wp-content\/uploads\/2024\/12\/PHOTO-2024-12-04-16-32-56-scaled-e1733356422379.jpg\",\"datePublished\":\"2024-12-04T19:00:48+00:00\",\"dateModified\":\"2024-12-04T23:54:35+00:00\",\"description\":\"El Marqu\u00e9s se prepara para el invierno: Instalan Consejo de Protecci\u00f3n Civil y fortalecen sistema de alerta temprana\",\"breadcrumb\":{\"@id\":\"https:\/\/www.nexoinformativo.mx\/index.php\/2024\/12\/04\/el-marques-se-prepara-para-el-invierno-instalan-consejo-de-proteccion-civil-y-fortalecen-sistema-de-alerta-temprana\/#breadcrumb\"},\"inLanguage\":\"es\",\"potentialAction\":[{\"@type\":\"ReadAction\",\"target\":[\"https:\/\/www.nexoinformativo.mx\/index.php\/2024\/12\/04\/el-marques-se-prepara-para-el-invierno-instalan-consejo-de-proteccion-civil-y-fortalecen-sistema-de-alerta-temprana\/\"]}]},{\"@type\":\"ImageObject\",\"inLanguage\":\"es\",\"@id\":\"https:\/\/www.nexoinformativo.mx\/index.php\/2024\/12\/04\/el-marques-se-prepara-para-el-invierno-instalan-consejo-de-proteccion-civil-y-fortalecen-sistema-de-alerta-temprana\/#primaryimage\",\"url\":\"https:\/\/www.nexoinformativo.mx\/wp-content\/uploads\/2024\/12\/PHOTO-2024-12-04-16-32-56-scaled-e1733356422379.jpg\",\"contentUrl\":\"https:\/\/www.nexoinformativo.mx\/wp-content\/uploads\/2024\/12\/PHOTO-2024-12-04-16-32-56-scaled-e1733356422379.jpg\",\"width\":800,\"height\":533},{\"@type\":\"BreadcrumbList\",\"@id\":\"https:\/\/www.nexoinformativo.mx\/index.php\/2024\/12\/04\/el-marques-se-prepara-para-el-invierno-instalan-consejo-de-proteccion-civil-y-fortalecen-sistema-de-alerta-temprana\/#breadcrumb\",\"itemListElement\":[{\"@type\":\"ListItem\",\"position\":1,\"name\":\"Inicio\",\"item\":\"https:\/\/www.nexoinformativo.mx\/\"},{\"@type\":\"ListItem\",\"position\":2,\"name\":\"El Marqu\u00e9s se prepara para el invierno: Instalan Consejo de Protecci\u00f3n Civil y fortalecen sistema de alerta temprana\"}]},{\"@type\":\"WebSite\",\"@id\":\"https:\/\/www.nexoinformativo.mx\/#website\",\"url\":\"https:\/\/www.nexoinformativo.mx\/\",\"name\":\"Nexo Informativo Santiago de Quer\u00e9taro\",\"description\":\"Explora NexoInformativo y convi\u00e9rtete en parte de una comunidad que valora el conocimiento y la verdad. Tu nexoinformativo es tu puente hacia una comprensi\u00f3n m\u00e1s profunda del mundo que te rodea.\",\"publisher\":{\"@id\":\"https:\/\/www.nexoinformativo.mx\/#organization\"},\"potentialAction\":[{\"@type\":\"SearchAction\",\"target\":{\"@type\":\"EntryPoint\",\"urlTemplate\":\"https:\/\/www.nexoinformativo.mx\/?s={search_term_string}\"},\"query-input\":{\"@type\":\"PropertyValueSpecification\",\"valueRequired\":true,\"valueName\":\"search_term_string\"}}],\"inLanguage\":\"es\"},{\"@type\":\"Organization\",\"@id\":\"https:\/\/www.nexoinformativo.mx\/#organization\",\"name\":\"Nexo Informativo Santiago de Quer\u00e9taro\",\"url\":\"https:\/\/www.nexoinformativo.mx\/\",\"logo\":{\"@type\":\"ImageObject\",\"inLanguage\":\"es\",\"@id\":\"https:\/\/www.nexoinformativo.mx\/#\/schema\/logo\/image\/\",\"url\":\"https:\/\/www.nexoinformativo.mx\/wp-content\/uploads\/2024\/07\/nexoi-trasparente-2.png\",\"contentUrl\":\"https:\/\/www.nexoinformativo.mx\/wp-content\/uploads\/2024\/07\/nexoi-trasparente-2.png\",\"width\":816,\"height\":339,\"caption\":\"Nexo Informativo Santiago de Quer\u00e9taro\"},\"image\":{\"@id\":\"https:\/\/www.nexoinformativo.mx\/#\/schema\/logo\/image\/\"},\"sameAs\":[\"https:\/\/www.facebook.com\/people\/Nexo-Informativo\/61564066885511\/\"]},{\"@type\":\"Person\",\"@id\":\"https:\/\/www.nexoinformativo.mx\/#\/schema\/person\/7749d380ba08c8ca00d7bc76fd907b7d\",\"name\":\"Nexo Informativo\",\"image\":{\"@type\":\"ImageObject\",\"inLanguage\":\"es\",\"@id\":\"https:\/\/www.nexoinformativo.mx\/#\/schema\/person\/image\/\",\"url\":\"https:\/\/secure.gravatar.com\/avatar\/dde2928154642a13d95f87ddf1ea9718fe2b46760a005c53e41ff5ad610704e6?s=96&d=mm&r=g\",\"contentUrl\":\"https:\/\/secure.gravatar.com\/avatar\/dde2928154642a13d95f87ddf1ea9718fe2b46760a005c53e41ff5ad610704e6?s=96&d=mm&r=g\",\"caption\":\"Nexo Informativo\"},\"url\":\"https:\/\/www.nexoinformativo.mx\/index.php\/author\/edicion\/\"}]}<\/script>\n<!-- \/ Yoast SEO plugin. -->","yoast_head_json":{"title":"El Marqu\u00e9s se prepara para el invierno: Instalan Consejo de Protecci\u00f3n Civil y fortalecen sistema de alerta temprana | Nexo Informativo Santiago de Quer\u00e9taro","description":"El Marqu\u00e9s se prepara para el invierno: Instalan Consejo de Protecci\u00f3n Civil y fortalecen sistema de alerta temprana","robots":{"index":"index","follow":"follow","max-snippet":"max-snippet:-1","max-image-preview":"max-image-preview:large","max-video-preview":"max-video-preview:-1"},"canonical":"https:\/\/www.nexoinformativo.mx\/index.php\/2024\/12\/04\/el-marques-se-prepara-para-el-invierno-instalan-consejo-de-proteccion-civil-y-fortalecen-sistema-de-alerta-temprana\/","og_locale":"es_MX","og_type":"article","og_title":"El Marqu\u00e9s se prepara para el invierno: Instalan Consejo de Protecci\u00f3n Civil y fortalecen sistema de alerta temprana | Nexo Informativo Santiago de Quer\u00e9taro","og_description":"El Marqu\u00e9s se prepara para el invierno: Instalan Consejo de Protecci\u00f3n Civil y fortalecen sistema de alerta temprana","og_url":"https:\/\/www.nexoinformativo.mx\/index.php\/2024\/12\/04\/el-marques-se-prepara-para-el-invierno-instalan-consejo-de-proteccion-civil-y-fortalecen-sistema-de-alerta-temprana\/","og_site_name":"Nexo Informativo Santiago de Quer\u00e9taro","article_publisher":"https:\/\/www.facebook.com\/people\/Nexo-Informativo\/61564066885511\/","article_published_time":"2024-12-04T19:00:48+00:00","article_modified_time":"2024-12-04T23:54:35+00:00","og_image":[{"width":800,"height":533,"url":"https:\/\/www.nexoinformativo.mx\/wp-content\/uploads\/2024\/12\/PHOTO-2024-12-04-16-32-56-scaled-e1733356422379.jpg","type":"image\/jpeg"}],"author":"Nexo Informativo","twitter_card":"summary_large_image","twitter_misc":{"Escrito por":"Nexo Informativo","Tiempo de lectura":"2 minutos"},"schema":{"@context":"https:\/\/schema.org","@graph":[{"@type":"Article","@id":"https:\/\/www.nexoinformativo.mx\/index.php\/2024\/12\/04\/el-marques-se-prepara-para-el-invierno-instalan-consejo-de-proteccion-civil-y-fortalecen-sistema-de-alerta-temprana\/#article","isPartOf":{"@id":"https:\/\/www.nexoinformativo.mx\/index.php\/2024\/12\/04\/el-marques-se-prepara-para-el-invierno-instalan-consejo-de-proteccion-civil-y-fortalecen-sistema-de-alerta-temprana\/"},"author":{"name":"Nexo Informativo","@id":"https:\/\/www.nexoinformativo.mx\/#\/schema\/person\/7749d380ba08c8ca00d7bc76fd907b7d"},"headline":"El Marqu\u00e9s se prepara para el invierno: Instalan Consejo de Protecci\u00f3n Civil y fortalecen sistema de alerta temprana","datePublished":"2024-12-04T19:00:48+00:00","dateModified":"2024-12-04T23:54:35+00:00","mainEntityOfPage":{"@id":"https:\/\/www.nexoinformativo.mx\/index.php\/2024\/12\/04\/el-marques-se-prepara-para-el-invierno-instalan-consejo-de-proteccion-civil-y-fortalecen-sistema-de-alerta-temprana\/"},"wordCount":245,"commentCount":0,"publisher":{"@id":"https:\/\/www.nexoinformativo.mx\/#organization"},"image":{"@id":"https:\/\/www.nexoinformativo.mx\/index.php\/2024\/12\/04\/el-marques-se-prepara-para-el-invierno-instalan-consejo-de-proteccion-civil-y-fortalecen-sistema-de-alerta-temprana\/#primaryimage"},"thumbnailUrl":"https:\/\/www.nexoinformativo.mx\/wp-content\/uploads\/2024\/12\/PHOTO-2024-12-04-16-32-56-scaled-e1733356422379.jpg","keywords":["AlertaTemprana","elmarques","InviernoSeguro","proteccioncivil"],"articleSection":["Municipios","\u00daltima Hora"],"inLanguage":"es","potentialAction":[{"@type":"CommentAction","name":"Comment","target":["https:\/\/www.nexoinformativo.mx\/index.php\/2024\/12\/04\/el-marques-se-prepara-para-el-invierno-instalan-consejo-de-proteccion-civil-y-fortalecen-sistema-de-alerta-temprana\/#respond"]}]},{"@type":"WebPage","@id":"https:\/\/www.nexoinformativo.mx\/index.php\/2024\/12\/04\/el-marques-se-prepara-para-el-invierno-instalan-consejo-de-proteccion-civil-y-fortalecen-sistema-de-alerta-temprana\/","url":"https:\/\/www.nexoinformativo.mx\/index.php\/2024\/12\/04\/el-marques-se-prepara-para-el-invierno-instalan-consejo-de-proteccion-civil-y-fortalecen-sistema-de-alerta-temprana\/","name":"El Marqu\u00e9s se prepara para el invierno: Instalan Consejo de Protecci\u00f3n Civil y fortalecen sistema de alerta temprana | Nexo Informativo Santiago de Quer\u00e9taro","isPartOf":{"@id":"https:\/\/www.nexoinformativo.mx\/#website"},"primaryImageOfPage":{"@id":"https:\/\/www.nexoinformativo.mx\/index.php\/2024\/12\/04\/el-marques-se-prepara-para-el-invierno-instalan-consejo-de-proteccion-civil-y-fortalecen-sistema-de-alerta-temprana\/#primaryimage"},"image":{"@id":"https:\/\/www.nexoinformativo.mx\/index.php\/2024\/12\/04\/el-marques-se-prepara-para-el-invierno-instalan-consejo-de-proteccion-civil-y-fortalecen-sistema-de-alerta-temprana\/#primaryimage"},"thumbnailUrl":"https:\/\/www.nexoinformativo.mx\/wp-content\/uploads\/2024\/12\/PHOTO-2024-12-04-16-32-56-scaled-e1733356422379.jpg","datePublished":"2024-12-04T19:00:48+00:00","dateModified":"2024-12-04T23:54:35+00:00","description":"El Marqu\u00e9s se prepara para el invierno: Instalan Consejo de Protecci\u00f3n Civil y fortalecen sistema de alerta temprana","breadcrumb":{"@id":"https:\/\/www.nexoinformativo.mx\/index.php\/2024\/12\/04\/el-marques-se-prepara-para-el-invierno-instalan-consejo-de-proteccion-civil-y-fortalecen-sistema-de-alerta-temprana\/#breadcrumb"},"inLanguage":"es","potentialAction":[{"@type":"ReadAction","target":["https:\/\/www.nexoinformativo.mx\/index.php\/2024\/12\/04\/el-marques-se-prepara-para-el-invierno-instalan-consejo-de-proteccion-civil-y-fortalecen-sistema-de-alerta-temprana\/"]}]},{"@type":"ImageObject","inLanguage":"es","@id":"https:\/\/www.nexoinformativo.mx\/index.php\/2024\/12\/04\/el-marques-se-prepara-para-el-invierno-instalan-consejo-de-proteccion-civil-y-fortalecen-sistema-de-alerta-temprana\/#primaryimage","url":"https:\/\/www.nexoinformativo.mx\/wp-content\/uploads\/2024\/12\/PHOTO-2024-12-04-16-32-56-scaled-e1733356422379.jpg","contentUrl":"https:\/\/www.nexoinformativo.mx\/wp-content\/uploads\/2024\/12\/PHOTO-2024-12-04-16-32-56-scaled-e1733356422379.jpg","width":800,"height":533},{"@type":"BreadcrumbList","@id":"https:\/\/www.nexoinformativo.mx\/index.php\/2024\/12\/04\/el-marques-se-prepara-para-el-invierno-instalan-consejo-de-proteccion-civil-y-fortalecen-sistema-de-alerta-temprana\/#breadcrumb","itemListElement":[{"@type":"ListItem","position":1,"name":"Inicio","item":"https:\/\/www.nexoinformativo.mx\/"},{"@type":"ListItem","position":2,"name":"El Marqu\u00e9s se prepara para el invierno: Instalan Consejo de Protecci\u00f3n Civil y fortalecen sistema de alerta temprana"}]},{"@type":"WebSite","@id":"https:\/\/www.nexoinformativo.mx\/#website","url":"https:\/\/www.nexoinformativo.mx\/","name":"Nexo Informativo Santiago de Quer\u00e9taro","description":"Explora NexoInformativo y convi\u00e9rtete en parte de una comunidad que valora el conocimiento y la verdad. Tu nexoinformativo es tu puente hacia una comprensi\u00f3n m\u00e1s profunda del mundo que te rodea.","publisher":{"@id":"https:\/\/www.nexoinformativo.mx\/#organization"},"potentialAction":[{"@type":"SearchAction","target":{"@type":"EntryPoint","urlTemplate":"https:\/\/www.nexoinformativo.mx\/?s={search_term_string}"},"query-input":{"@type":"PropertyValueSpecification","valueRequired":true,"valueName":"search_term_string"}}],"inLanguage":"es"},{"@type":"Organization","@id":"https:\/\/www.nexoinformativo.mx\/#organization","name":"Nexo Informativo Santiago de Quer\u00e9taro","url":"https:\/\/www.nexoinformativo.mx\/","logo":{"@type":"ImageObject","inLanguage":"es","@id":"https:\/\/www.nexoinformativo.mx\/#\/schema\/logo\/image\/","url":"https:\/\/www.nexoinformativo.mx\/wp-content\/uploads\/2024\/07\/nexoi-trasparente-2.png","contentUrl":"https:\/\/www.nexoinformativo.mx\/wp-content\/uploads\/2024\/07\/nexoi-trasparente-2.png","width":816,"height":339,"caption":"Nexo Informativo Santiago de Quer\u00e9taro"},"image":{"@id":"https:\/\/www.nexoinformativo.mx\/#\/schema\/logo\/image\/"},"sameAs":["https:\/\/www.facebook.com\/people\/Nexo-Informativo\/61564066885511\/"]},{"@type":"Person","@id":"https:\/\/www.nexoinformativo.mx\/#\/schema\/person\/7749d380ba08c8ca00d7bc76fd907b7d","name":"Nexo Informativo","image":{"@type":"ImageObject","inLanguage":"es","@id":"https:\/\/www.nexoinformativo.mx\/#\/schema\/person\/image\/","url":"https:\/\/secure.gravatar.com\/avatar\/dde2928154642a13d95f87ddf1ea9718fe2b46760a005c53e41ff5ad610704e6?s=96&d=mm&r=g","contentUrl":"https:\/\/secure.gravatar.com\/avatar\/dde2928154642a13d95f87ddf1ea9718fe2b46760a005c53e41ff5ad610704e6?s=96&d=mm&r=g","caption":"Nexo Informativo"},"url":"https:\/\/www.nexoinformativo.mx\/index.php\/author\/edicion\/"}]}},"_links":{"self":[{"href":"https:\/\/www.nexoinformativo.mx\/index.php\/wp-json\/wp\/v2\/posts\/7539","targetHints":{"allow":["GET"]}}],"collection":[{"href":"https:\/\/www.nexoinformativo.mx\/index.php\/wp-json\/wp\/v2\/posts"}],"about":[{"href":"https:\/\/www.nexoinformativo.mx\/index.php\/wp-json\/wp\/v2\/types\/post"}],"author":[{"embeddable":true,"href":"https:\/\/www.nexoinformativo.mx\/index.php\/wp-json\/wp\/v2\/users\/3"}],"replies":[{"embeddable":true,"href":"https:\/\/www.nexoinformativo.mx\/index.php\/wp-json\/wp\/v2\/comments?post=7539"}],"version-history":[{"count":3,"href":"https:\/\/www.nexoinformativo.mx\/index.php\/wp-json\/wp\/v2\/posts\/7539\/revisions"}],"predecessor-version":[{"id":7543,"href":"https:\/\/www.nexoinformativo.mx\/index.php\/wp-json\/wp\/v2\/posts\/7539\/revisions\/7543"}],"wp:featuredmedia":[{"embeddable":true,"href":"https:\/\/www.nexoinformativo.mx\/index.php\/wp-json\/wp\/v2\/media\/7540"}],"wp:attachment":[{"href":"https:\/\/www.nexoinformativo.mx\/index.php\/wp-json\/wp\/v2\/media?parent=7539"}],"wp:term":[{"taxonomy":"category","embeddable":true,"href":"https:\/\/www.nexoinformativo.mx\/index.php\/wp-json\/wp\/v2\/categories?post=7539"},{"taxonomy":"post_tag","embeddable":true,"href":"https:\/\/www.nexoinformativo.mx\/index.php\/wp-json\/wp\/v2\/tags?post=7539"}],"curies":[{"name":"wp","href":"https:\/\/api.w.org\/{rel}","templated":true}]}}