{"id":7549,"date":"2024-12-04T16:00:49","date_gmt":"2024-12-04T22:00:49","guid":{"rendered":"https:\/\/www.nexoinformativo.mx\/?p=7549"},"modified":"2024-12-04T19:44:29","modified_gmt":"2024-12-05T01:44:29","slug":"felifer-macias-cumple-su-promesa-inicia-rehabilitacion-de-calles-en-reforma-agraria-con-una-inversion-de-11-millones-de-pesos","status":"publish","type":"post","link":"https:\/\/www.nexoinformativo.mx\/index.php\/2024\/12\/04\/felifer-macias-cumple-su-promesa-inicia-rehabilitacion-de-calles-en-reforma-agraria-con-una-inversion-de-11-millones-de-pesos\/","title":{"rendered":"Felifer Mac\u00edas cumple su promesa: Inicia rehabilitaci\u00f3n de calles en Reforma Agraria con una inversi\u00f3n de 11 mdp"},"content":{"rendered":"<p style=\"text-align: justify;\" data-sourcepos=\"9:1-9:244\">El presidente municipal de Quer\u00e9taro, Felifer Mac\u00edas, cumpliendo su compromiso de estar cerca de los ciudadanos y mejorar su calidad de vida, supervis\u00f3 el inicio de las obras de rehabilitaci\u00f3n de calles en la colonia Reforma Agraria 1\u00aa Secci\u00f3n.<\/p>\n<p>&nbsp;<\/p>\n<p style=\"text-align: justify;\" data-sourcepos=\"11:1-11:349\">Con una inversi\u00f3n de 11 millones de pesos, se llevar\u00e1n a cabo trabajos en las calles Carlos Govea, Alfonso Cabrera y Pascual Luna, que incluyen la rehabilitaci\u00f3n de la red de agua potable y drenaje sanitario, as\u00ed como la colocaci\u00f3n de empedrado, guarniciones y banquetas. Estas obras beneficiar\u00e1n directamente a cerca de 2 mil habitantes de la zona.<\/p>\n<p>&nbsp;<\/p>\n<p style=\"text-align: justify;\" data-sourcepos=\"13:1-13:356\">&#8220;Regresamos a la Reforma Agraria con resultados concretos, con acciones que mejoran la calidad de vida de los ciudadanos&#8221;, afirm\u00f3 Felifer Mac\u00edas. El alcalde tambi\u00e9n reafirm\u00f3 su compromiso de mantener el impuesto predial sin incrementos y de no crear nuevos impuestos, priorizando el gasto en obras p\u00fablicas y servicios b\u00e1sicos para la ciudadan\u00eda.<\/p>\n<p>&nbsp;<\/p>\n<p style=\"text-align: justify;\" data-sourcepos=\"15:1-15:206\">Esta primera obra realizada por la actual administraci\u00f3n municipal es una muestra del compromiso de Felifer Mac\u00edas de trabajar de manera cercana con los ciudadanos y de atender sus necesidades m\u00e1s urgentes.<\/p>\n<p>&nbsp;<\/p>\n<p style=\"text-align: center;\" data-sourcepos=\"15:1-15:206\"><em><strong>\u00a1Informaci\u00f3n que transforma!<\/strong><\/em><\/p>\n","protected":false},"excerpt":{"rendered":"<p>El presidente municipal de Quer\u00e9taro, Felifer Mac\u00edas, cumpliendo su compromiso de estar cerca de los ciudadanos y mejorar su calidad de vida, supervis\u00f3 el inicio de las obras de rehabilitaci\u00f3n de calles en la colonia Reforma Agraria 1\u00aa Secci\u00f3n.<\/p>\n","protected":false},"author":3,"featured_media":7550,"comment_status":"open","ping_status":"open","sticky":false,"template":"","format":"standard","meta":{"footnotes":""},"categories":[65,58],"tags":[1000,644,133,2512],"class_list":["post-7549","post","type-post","status-publish","format-standard","has-post-thumbnail","hentry","category-municipios","category-ultima-hora","tag-felifermacias","tag-obraspublicas","tag-queretaro","tag-reformaagraria"],"yoast_head":"<!-- This site is optimized with the Yoast SEO plugin v25.0 - https:\/\/yoast.com\/wordpress\/plugins\/seo\/ -->\n<title>Felifer Mac\u00edas cumple su promesa: Inicia rehabilitaci\u00f3n de calles en Reforma Agraria con una inversi\u00f3n de 11 mdp | Nexo Informativo Santiago de Quer\u00e9taro<\/title>\n<meta name=\"description\" content=\"Felifer Mac\u00edas cumple su promesa: Inicia rehabilitaci\u00f3n de calles en Reforma Agraria con una inversi\u00f3n de 11 millones de pesos\" \/>\n<meta name=\"robots\" content=\"index, follow, max-snippet:-1, max-image-preview:large, max-video-preview:-1\" \/>\n<link rel=\"canonical\" href=\"https:\/\/www.nexoinformativo.mx\/index.php\/2024\/12\/04\/felifer-macias-cumple-su-promesa-inicia-rehabilitacion-de-calles-en-reforma-agraria-con-una-inversion-de-11-millones-de-pesos\/\" \/>\n<meta property=\"og:locale\" content=\"es_MX\" \/>\n<meta property=\"og:type\" content=\"article\" \/>\n<meta property=\"og:title\" content=\"Felifer Mac\u00edas cumple su promesa: Inicia rehabilitaci\u00f3n de calles en Reforma Agraria con una inversi\u00f3n de 11 mdp | Nexo Informativo Santiago de Quer\u00e9taro\" \/>\n<meta property=\"og:description\" content=\"Felifer Mac\u00edas cumple su promesa: Inicia rehabilitaci\u00f3n de calles en Reforma Agraria con una inversi\u00f3n de 11 millones de pesos\" \/>\n<meta property=\"og:url\" content=\"https:\/\/www.nexoinformativo.mx\/index.php\/2024\/12\/04\/felifer-macias-cumple-su-promesa-inicia-rehabilitacion-de-calles-en-reforma-agraria-con-una-inversion-de-11-millones-de-pesos\/\" \/>\n<meta property=\"og:site_name\" content=\"Nexo Informativo Santiago de Quer\u00e9taro\" \/>\n<meta property=\"article:publisher\" content=\"https:\/\/www.facebook.com\/people\/Nexo-Informativo\/61564066885511\/\" \/>\n<meta property=\"article:published_time\" content=\"2024-12-04T22:00:49+00:00\" \/>\n<meta property=\"article:modified_time\" content=\"2024-12-05T01:44:29+00:00\" \/>\n<meta property=\"og:image\" content=\"https:\/\/www.nexoinformativo.mx\/wp-content\/uploads\/2024\/12\/IMG_3821-e1733362986917.jpg\" \/>\n\t<meta property=\"og:image:width\" content=\"700\" \/>\n\t<meta property=\"og:image:height\" content=\"700\" \/>\n\t<meta property=\"og:image:type\" content=\"image\/jpeg\" \/>\n<meta name=\"author\" content=\"Nexo Informativo\" \/>\n<meta name=\"twitter:card\" content=\"summary_large_image\" \/>\n<meta name=\"twitter:label1\" content=\"Escrito por\" \/>\n\t<meta name=\"twitter:data1\" content=\"Nexo Informativo\" \/>\n\t<meta name=\"twitter:label2\" content=\"Tiempo de lectura\" \/>\n\t<meta name=\"twitter:data2\" content=\"2 minutos\" \/>\n<script type=\"application\/ld+json\" class=\"yoast-schema-graph\">{\"@context\":\"https:\/\/schema.org\",\"@graph\":[{\"@type\":\"Article\",\"@id\":\"https:\/\/www.nexoinformativo.mx\/index.php\/2024\/12\/04\/felifer-macias-cumple-su-promesa-inicia-rehabilitacion-de-calles-en-reforma-agraria-con-una-inversion-de-11-millones-de-pesos\/#article\",\"isPartOf\":{\"@id\":\"https:\/\/www.nexoinformativo.mx\/index.php\/2024\/12\/04\/felifer-macias-cumple-su-promesa-inicia-rehabilitacion-de-calles-en-reforma-agraria-con-una-inversion-de-11-millones-de-pesos\/\"},\"author\":{\"name\":\"Nexo Informativo\",\"@id\":\"https:\/\/www.nexoinformativo.mx\/#\/schema\/person\/7749d380ba08c8ca00d7bc76fd907b7d\"},\"headline\":\"Felifer Mac\u00edas cumple su promesa: Inicia rehabilitaci\u00f3n de calles en Reforma Agraria con una inversi\u00f3n de 11 mdp\",\"datePublished\":\"2024-12-04T22:00:49+00:00\",\"dateModified\":\"2024-12-05T01:44:29+00:00\",\"mainEntityOfPage\":{\"@id\":\"https:\/\/www.nexoinformativo.mx\/index.php\/2024\/12\/04\/felifer-macias-cumple-su-promesa-inicia-rehabilitacion-de-calles-en-reforma-agraria-con-una-inversion-de-11-millones-de-pesos\/\"},\"wordCount\":224,\"commentCount\":0,\"publisher\":{\"@id\":\"https:\/\/www.nexoinformativo.mx\/#organization\"},\"image\":{\"@id\":\"https:\/\/www.nexoinformativo.mx\/index.php\/2024\/12\/04\/felifer-macias-cumple-su-promesa-inicia-rehabilitacion-de-calles-en-reforma-agraria-con-una-inversion-de-11-millones-de-pesos\/#primaryimage\"},\"thumbnailUrl\":\"https:\/\/www.nexoinformativo.mx\/wp-content\/uploads\/2024\/12\/IMG_3821-e1733362986917.jpg\",\"keywords\":[\"FeliferMac\u00edas\",\"ObrasP\u00fablicas\",\"Quer\u00e9taro\",\"ReformaAgraria\"],\"articleSection\":[\"Municipios\",\"\u00daltima Hora\"],\"inLanguage\":\"es\",\"potentialAction\":[{\"@type\":\"CommentAction\",\"name\":\"Comment\",\"target\":[\"https:\/\/www.nexoinformativo.mx\/index.php\/2024\/12\/04\/felifer-macias-cumple-su-promesa-inicia-rehabilitacion-de-calles-en-reforma-agraria-con-una-inversion-de-11-millones-de-pesos\/#respond\"]}]},{\"@type\":\"WebPage\",\"@id\":\"https:\/\/www.nexoinformativo.mx\/index.php\/2024\/12\/04\/felifer-macias-cumple-su-promesa-inicia-rehabilitacion-de-calles-en-reforma-agraria-con-una-inversion-de-11-millones-de-pesos\/\",\"url\":\"https:\/\/www.nexoinformativo.mx\/index.php\/2024\/12\/04\/felifer-macias-cumple-su-promesa-inicia-rehabilitacion-de-calles-en-reforma-agraria-con-una-inversion-de-11-millones-de-pesos\/\",\"name\":\"Felifer Mac\u00edas cumple su promesa: Inicia rehabilitaci\u00f3n de calles en Reforma Agraria con una inversi\u00f3n de 11 mdp | Nexo Informativo Santiago de Quer\u00e9taro\",\"isPartOf\":{\"@id\":\"https:\/\/www.nexoinformativo.mx\/#website\"},\"primaryImageOfPage\":{\"@id\":\"https:\/\/www.nexoinformativo.mx\/index.php\/2024\/12\/04\/felifer-macias-cumple-su-promesa-inicia-rehabilitacion-de-calles-en-reforma-agraria-con-una-inversion-de-11-millones-de-pesos\/#primaryimage\"},\"image\":{\"@id\":\"https:\/\/www.nexoinformativo.mx\/index.php\/2024\/12\/04\/felifer-macias-cumple-su-promesa-inicia-rehabilitacion-de-calles-en-reforma-agraria-con-una-inversion-de-11-millones-de-pesos\/#primaryimage\"},\"thumbnailUrl\":\"https:\/\/www.nexoinformativo.mx\/wp-content\/uploads\/2024\/12\/IMG_3821-e1733362986917.jpg\",\"datePublished\":\"2024-12-04T22:00:49+00:00\",\"dateModified\":\"2024-12-05T01:44:29+00:00\",\"description\":\"Felifer Mac\u00edas cumple su promesa: Inicia rehabilitaci\u00f3n de calles en Reforma Agraria con una inversi\u00f3n de 11 millones de pesos\",\"breadcrumb\":{\"@id\":\"https:\/\/www.nexoinformativo.mx\/index.php\/2024\/12\/04\/felifer-macias-cumple-su-promesa-inicia-rehabilitacion-de-calles-en-reforma-agraria-con-una-inversion-de-11-millones-de-pesos\/#breadcrumb\"},\"inLanguage\":\"es\",\"potentialAction\":[{\"@type\":\"ReadAction\",\"target\":[\"https:\/\/www.nexoinformativo.mx\/index.php\/2024\/12\/04\/felifer-macias-cumple-su-promesa-inicia-rehabilitacion-de-calles-en-reforma-agraria-con-una-inversion-de-11-millones-de-pesos\/\"]}]},{\"@type\":\"ImageObject\",\"inLanguage\":\"es\",\"@id\":\"https:\/\/www.nexoinformativo.mx\/index.php\/2024\/12\/04\/felifer-macias-cumple-su-promesa-inicia-rehabilitacion-de-calles-en-reforma-agraria-con-una-inversion-de-11-millones-de-pesos\/#primaryimage\",\"url\":\"https:\/\/www.nexoinformativo.mx\/wp-content\/uploads\/2024\/12\/IMG_3821-e1733362986917.jpg\",\"contentUrl\":\"https:\/\/www.nexoinformativo.mx\/wp-content\/uploads\/2024\/12\/IMG_3821-e1733362986917.jpg\",\"width\":700,\"height\":700},{\"@type\":\"BreadcrumbList\",\"@id\":\"https:\/\/www.nexoinformativo.mx\/index.php\/2024\/12\/04\/felifer-macias-cumple-su-promesa-inicia-rehabilitacion-de-calles-en-reforma-agraria-con-una-inversion-de-11-millones-de-pesos\/#breadcrumb\",\"itemListElement\":[{\"@type\":\"ListItem\",\"position\":1,\"name\":\"Inicio\",\"item\":\"https:\/\/www.nexoinformativo.mx\/\"},{\"@type\":\"ListItem\",\"position\":2,\"name\":\"Felifer Mac\u00edas cumple su promesa: Inicia rehabilitaci\u00f3n de calles en Reforma Agraria con una inversi\u00f3n de 11 mdp\"}]},{\"@type\":\"WebSite\",\"@id\":\"https:\/\/www.nexoinformativo.mx\/#website\",\"url\":\"https:\/\/www.nexoinformativo.mx\/\",\"name\":\"Nexo Informativo Santiago de Quer\u00e9taro\",\"description\":\"Explora NexoInformativo y convi\u00e9rtete en parte de una comunidad que valora el conocimiento y la verdad. Tu nexoinformativo es tu puente hacia una comprensi\u00f3n m\u00e1s profunda del mundo que te rodea.\",\"publisher\":{\"@id\":\"https:\/\/www.nexoinformativo.mx\/#organization\"},\"potentialAction\":[{\"@type\":\"SearchAction\",\"target\":{\"@type\":\"EntryPoint\",\"urlTemplate\":\"https:\/\/www.nexoinformativo.mx\/?s={search_term_string}\"},\"query-input\":{\"@type\":\"PropertyValueSpecification\",\"valueRequired\":true,\"valueName\":\"search_term_string\"}}],\"inLanguage\":\"es\"},{\"@type\":\"Organization\",\"@id\":\"https:\/\/www.nexoinformativo.mx\/#organization\",\"name\":\"Nexo Informativo Santiago de Quer\u00e9taro\",\"url\":\"https:\/\/www.nexoinformativo.mx\/\",\"logo\":{\"@type\":\"ImageObject\",\"inLanguage\":\"es\",\"@id\":\"https:\/\/www.nexoinformativo.mx\/#\/schema\/logo\/image\/\",\"url\":\"https:\/\/www.nexoinformativo.mx\/wp-content\/uploads\/2024\/07\/nexoi-trasparente-2.png\",\"contentUrl\":\"https:\/\/www.nexoinformativo.mx\/wp-content\/uploads\/2024\/07\/nexoi-trasparente-2.png\",\"width\":816,\"height\":339,\"caption\":\"Nexo Informativo Santiago de Quer\u00e9taro\"},\"image\":{\"@id\":\"https:\/\/www.nexoinformativo.mx\/#\/schema\/logo\/image\/\"},\"sameAs\":[\"https:\/\/www.facebook.com\/people\/Nexo-Informativo\/61564066885511\/\"]},{\"@type\":\"Person\",\"@id\":\"https:\/\/www.nexoinformativo.mx\/#\/schema\/person\/7749d380ba08c8ca00d7bc76fd907b7d\",\"name\":\"Nexo Informativo\",\"image\":{\"@type\":\"ImageObject\",\"inLanguage\":\"es\",\"@id\":\"https:\/\/www.nexoinformativo.mx\/#\/schema\/person\/image\/\",\"url\":\"https:\/\/secure.gravatar.com\/avatar\/dde2928154642a13d95f87ddf1ea9718fe2b46760a005c53e41ff5ad610704e6?s=96&d=mm&r=g\",\"contentUrl\":\"https:\/\/secure.gravatar.com\/avatar\/dde2928154642a13d95f87ddf1ea9718fe2b46760a005c53e41ff5ad610704e6?s=96&d=mm&r=g\",\"caption\":\"Nexo Informativo\"},\"url\":\"https:\/\/www.nexoinformativo.mx\/index.php\/author\/edicion\/\"}]}<\/script>\n<!-- \/ Yoast SEO plugin. -->","yoast_head_json":{"title":"Felifer Mac\u00edas cumple su promesa: Inicia rehabilitaci\u00f3n de calles en Reforma Agraria con una inversi\u00f3n de 11 mdp | Nexo Informativo Santiago de Quer\u00e9taro","description":"Felifer Mac\u00edas cumple su promesa: Inicia rehabilitaci\u00f3n de calles en Reforma Agraria con una inversi\u00f3n de 11 millones de pesos","robots":{"index":"index","follow":"follow","max-snippet":"max-snippet:-1","max-image-preview":"max-image-preview:large","max-video-preview":"max-video-preview:-1"},"canonical":"https:\/\/www.nexoinformativo.mx\/index.php\/2024\/12\/04\/felifer-macias-cumple-su-promesa-inicia-rehabilitacion-de-calles-en-reforma-agraria-con-una-inversion-de-11-millones-de-pesos\/","og_locale":"es_MX","og_type":"article","og_title":"Felifer Mac\u00edas cumple su promesa: Inicia rehabilitaci\u00f3n de calles en Reforma Agraria con una inversi\u00f3n de 11 mdp | Nexo Informativo Santiago de Quer\u00e9taro","og_description":"Felifer Mac\u00edas cumple su promesa: Inicia rehabilitaci\u00f3n de calles en Reforma Agraria con una inversi\u00f3n de 11 millones de pesos","og_url":"https:\/\/www.nexoinformativo.mx\/index.php\/2024\/12\/04\/felifer-macias-cumple-su-promesa-inicia-rehabilitacion-de-calles-en-reforma-agraria-con-una-inversion-de-11-millones-de-pesos\/","og_site_name":"Nexo Informativo Santiago de Quer\u00e9taro","article_publisher":"https:\/\/www.facebook.com\/people\/Nexo-Informativo\/61564066885511\/","article_published_time":"2024-12-04T22:00:49+00:00","article_modified_time":"2024-12-05T01:44:29+00:00","og_image":[{"width":700,"height":700,"url":"https:\/\/www.nexoinformativo.mx\/wp-content\/uploads\/2024\/12\/IMG_3821-e1733362986917.jpg","type":"image\/jpeg"}],"author":"Nexo Informativo","twitter_card":"summary_large_image","twitter_misc":{"Escrito por":"Nexo Informativo","Tiempo de lectura":"2 minutos"},"schema":{"@context":"https:\/\/schema.org","@graph":[{"@type":"Article","@id":"https:\/\/www.nexoinformativo.mx\/index.php\/2024\/12\/04\/felifer-macias-cumple-su-promesa-inicia-rehabilitacion-de-calles-en-reforma-agraria-con-una-inversion-de-11-millones-de-pesos\/#article","isPartOf":{"@id":"https:\/\/www.nexoinformativo.mx\/index.php\/2024\/12\/04\/felifer-macias-cumple-su-promesa-inicia-rehabilitacion-de-calles-en-reforma-agraria-con-una-inversion-de-11-millones-de-pesos\/"},"author":{"name":"Nexo Informativo","@id":"https:\/\/www.nexoinformativo.mx\/#\/schema\/person\/7749d380ba08c8ca00d7bc76fd907b7d"},"headline":"Felifer Mac\u00edas cumple su promesa: Inicia rehabilitaci\u00f3n de calles en Reforma Agraria con una inversi\u00f3n de 11 mdp","datePublished":"2024-12-04T22:00:49+00:00","dateModified":"2024-12-05T01:44:29+00:00","mainEntityOfPage":{"@id":"https:\/\/www.nexoinformativo.mx\/index.php\/2024\/12\/04\/felifer-macias-cumple-su-promesa-inicia-rehabilitacion-de-calles-en-reforma-agraria-con-una-inversion-de-11-millones-de-pesos\/"},"wordCount":224,"commentCount":0,"publisher":{"@id":"https:\/\/www.nexoinformativo.mx\/#organization"},"image":{"@id":"https:\/\/www.nexoinformativo.mx\/index.php\/2024\/12\/04\/felifer-macias-cumple-su-promesa-inicia-rehabilitacion-de-calles-en-reforma-agraria-con-una-inversion-de-11-millones-de-pesos\/#primaryimage"},"thumbnailUrl":"https:\/\/www.nexoinformativo.mx\/wp-content\/uploads\/2024\/12\/IMG_3821-e1733362986917.jpg","keywords":["FeliferMac\u00edas","ObrasP\u00fablicas","Quer\u00e9taro","ReformaAgraria"],"articleSection":["Municipios","\u00daltima Hora"],"inLanguage":"es","potentialAction":[{"@type":"CommentAction","name":"Comment","target":["https:\/\/www.nexoinformativo.mx\/index.php\/2024\/12\/04\/felifer-macias-cumple-su-promesa-inicia-rehabilitacion-de-calles-en-reforma-agraria-con-una-inversion-de-11-millones-de-pesos\/#respond"]}]},{"@type":"WebPage","@id":"https:\/\/www.nexoinformativo.mx\/index.php\/2024\/12\/04\/felifer-macias-cumple-su-promesa-inicia-rehabilitacion-de-calles-en-reforma-agraria-con-una-inversion-de-11-millones-de-pesos\/","url":"https:\/\/www.nexoinformativo.mx\/index.php\/2024\/12\/04\/felifer-macias-cumple-su-promesa-inicia-rehabilitacion-de-calles-en-reforma-agraria-con-una-inversion-de-11-millones-de-pesos\/","name":"Felifer Mac\u00edas cumple su promesa: Inicia rehabilitaci\u00f3n de calles en Reforma Agraria con una inversi\u00f3n de 11 mdp | Nexo Informativo Santiago de Quer\u00e9taro","isPartOf":{"@id":"https:\/\/www.nexoinformativo.mx\/#website"},"primaryImageOfPage":{"@id":"https:\/\/www.nexoinformativo.mx\/index.php\/2024\/12\/04\/felifer-macias-cumple-su-promesa-inicia-rehabilitacion-de-calles-en-reforma-agraria-con-una-inversion-de-11-millones-de-pesos\/#primaryimage"},"image":{"@id":"https:\/\/www.nexoinformativo.mx\/index.php\/2024\/12\/04\/felifer-macias-cumple-su-promesa-inicia-rehabilitacion-de-calles-en-reforma-agraria-con-una-inversion-de-11-millones-de-pesos\/#primaryimage"},"thumbnailUrl":"https:\/\/www.nexoinformativo.mx\/wp-content\/uploads\/2024\/12\/IMG_3821-e1733362986917.jpg","datePublished":"2024-12-04T22:00:49+00:00","dateModified":"2024-12-05T01:44:29+00:00","description":"Felifer Mac\u00edas cumple su promesa: Inicia rehabilitaci\u00f3n de calles en Reforma Agraria con una inversi\u00f3n de 11 millones de pesos","breadcrumb":{"@id":"https:\/\/www.nexoinformativo.mx\/index.php\/2024\/12\/04\/felifer-macias-cumple-su-promesa-inicia-rehabilitacion-de-calles-en-reforma-agraria-con-una-inversion-de-11-millones-de-pesos\/#breadcrumb"},"inLanguage":"es","potentialAction":[{"@type":"ReadAction","target":["https:\/\/www.nexoinformativo.mx\/index.php\/2024\/12\/04\/felifer-macias-cumple-su-promesa-inicia-rehabilitacion-de-calles-en-reforma-agraria-con-una-inversion-de-11-millones-de-pesos\/"]}]},{"@type":"ImageObject","inLanguage":"es","@id":"https:\/\/www.nexoinformativo.mx\/index.php\/2024\/12\/04\/felifer-macias-cumple-su-promesa-inicia-rehabilitacion-de-calles-en-reforma-agraria-con-una-inversion-de-11-millones-de-pesos\/#primaryimage","url":"https:\/\/www.nexoinformativo.mx\/wp-content\/uploads\/2024\/12\/IMG_3821-e1733362986917.jpg","contentUrl":"https:\/\/www.nexoinformativo.mx\/wp-content\/uploads\/2024\/12\/IMG_3821-e1733362986917.jpg","width":700,"height":700},{"@type":"BreadcrumbList","@id":"https:\/\/www.nexoinformativo.mx\/index.php\/2024\/12\/04\/felifer-macias-cumple-su-promesa-inicia-rehabilitacion-de-calles-en-reforma-agraria-con-una-inversion-de-11-millones-de-pesos\/#breadcrumb","itemListElement":[{"@type":"ListItem","position":1,"name":"Inicio","item":"https:\/\/www.nexoinformativo.mx\/"},{"@type":"ListItem","position":2,"name":"Felifer Mac\u00edas cumple su promesa: Inicia rehabilitaci\u00f3n de calles en Reforma Agraria con una inversi\u00f3n de 11 mdp"}]},{"@type":"WebSite","@id":"https:\/\/www.nexoinformativo.mx\/#website","url":"https:\/\/www.nexoinformativo.mx\/","name":"Nexo Informativo Santiago de Quer\u00e9taro","description":"Explora NexoInformativo y convi\u00e9rtete en parte de una comunidad que valora el conocimiento y la verdad. Tu nexoinformativo es tu puente hacia una comprensi\u00f3n m\u00e1s profunda del mundo que te rodea.","publisher":{"@id":"https:\/\/www.nexoinformativo.mx\/#organization"},"potentialAction":[{"@type":"SearchAction","target":{"@type":"EntryPoint","urlTemplate":"https:\/\/www.nexoinformativo.mx\/?s={search_term_string}"},"query-input":{"@type":"PropertyValueSpecification","valueRequired":true,"valueName":"search_term_string"}}],"inLanguage":"es"},{"@type":"Organization","@id":"https:\/\/www.nexoinformativo.mx\/#organization","name":"Nexo Informativo Santiago de Quer\u00e9taro","url":"https:\/\/www.nexoinformativo.mx\/","logo":{"@type":"ImageObject","inLanguage":"es","@id":"https:\/\/www.nexoinformativo.mx\/#\/schema\/logo\/image\/","url":"https:\/\/www.nexoinformativo.mx\/wp-content\/uploads\/2024\/07\/nexoi-trasparente-2.png","contentUrl":"https:\/\/www.nexoinformativo.mx\/wp-content\/uploads\/2024\/07\/nexoi-trasparente-2.png","width":816,"height":339,"caption":"Nexo Informativo Santiago de Quer\u00e9taro"},"image":{"@id":"https:\/\/www.nexoinformativo.mx\/#\/schema\/logo\/image\/"},"sameAs":["https:\/\/www.facebook.com\/people\/Nexo-Informativo\/61564066885511\/"]},{"@type":"Person","@id":"https:\/\/www.nexoinformativo.mx\/#\/schema\/person\/7749d380ba08c8ca00d7bc76fd907b7d","name":"Nexo Informativo","image":{"@type":"ImageObject","inLanguage":"es","@id":"https:\/\/www.nexoinformativo.mx\/#\/schema\/person\/image\/","url":"https:\/\/secure.gravatar.com\/avatar\/dde2928154642a13d95f87ddf1ea9718fe2b46760a005c53e41ff5ad610704e6?s=96&d=mm&r=g","contentUrl":"https:\/\/secure.gravatar.com\/avatar\/dde2928154642a13d95f87ddf1ea9718fe2b46760a005c53e41ff5ad610704e6?s=96&d=mm&r=g","caption":"Nexo Informativo"},"url":"https:\/\/www.nexoinformativo.mx\/index.php\/author\/edicion\/"}]}},"_links":{"self":[{"href":"https:\/\/www.nexoinformativo.mx\/index.php\/wp-json\/wp\/v2\/posts\/7549","targetHints":{"allow":["GET"]}}],"collection":[{"href":"https:\/\/www.nexoinformativo.mx\/index.php\/wp-json\/wp\/v2\/posts"}],"about":[{"href":"https:\/\/www.nexoinformativo.mx\/index.php\/wp-json\/wp\/v2\/types\/post"}],"author":[{"embeddable":true,"href":"https:\/\/www.nexoinformativo.mx\/index.php\/wp-json\/wp\/v2\/users\/3"}],"replies":[{"embeddable":true,"href":"https:\/\/www.nexoinformativo.mx\/index.php\/wp-json\/wp\/v2\/comments?post=7549"}],"version-history":[{"count":4,"href":"https:\/\/www.nexoinformativo.mx\/index.php\/wp-json\/wp\/v2\/posts\/7549\/revisions"}],"predecessor-version":[{"id":7553,"href":"https:\/\/www.nexoinformativo.mx\/index.php\/wp-json\/wp\/v2\/posts\/7549\/revisions\/7553"}],"wp:featuredmedia":[{"embeddable":true,"href":"https:\/\/www.nexoinformativo.mx\/index.php\/wp-json\/wp\/v2\/media\/7550"}],"wp:attachment":[{"href":"https:\/\/www.nexoinformativo.mx\/index.php\/wp-json\/wp\/v2\/media?parent=7549"}],"wp:term":[{"taxonomy":"category","embeddable":true,"href":"https:\/\/www.nexoinformativo.mx\/index.php\/wp-json\/wp\/v2\/categories?post=7549"},{"taxonomy":"post_tag","embeddable":true,"href":"https:\/\/www.nexoinformativo.mx\/index.php\/wp-json\/wp\/v2\/tags?post=7549"}],"curies":[{"name":"wp","href":"https:\/\/api.w.org\/{rel}","templated":true}]}}