{"id":7560,"date":"2024-12-04T19:00:53","date_gmt":"2024-12-05T01:00:53","guid":{"rendered":"https:\/\/www.nexoinformativo.mx\/?p=7560"},"modified":"2024-12-04T21:14:15","modified_gmt":"2024-12-05T03:14:15","slug":"triunfo-queretano-jesus-navarrete-se-corona-como-gran-campeon-de-cabras-lecheras-en-la-figq-2024","status":"publish","type":"post","link":"https:\/\/www.nexoinformativo.mx\/index.php\/2024\/12\/04\/triunfo-queretano-jesus-navarrete-se-corona-como-gran-campeon-de-cabras-lecheras-en-la-figq-2024\/","title":{"rendered":"\u00a1Triunfo queretano! Jes\u00fas Navarrete se corona como Gran Campe\u00f3n de cabras lecheras en la FIGQ 2024"},"content":{"rendered":"<p style=\"text-align: justify;\" data-sourcepos=\"9:1-9:329\"><strong>La Feria Internacional Ganadera de Quer\u00e9taro<\/strong> (FIGQ 2024) ha sido testigo de un gran \u00e9xito para los criadores de caprinos.<\/p>\n<p>&nbsp;<\/p>\n<p style=\"text-align: justify;\" data-sourcepos=\"9:1-9:329\">En el juzgamiento de cabras lecheras, el queretano Jes\u00fas Navarrete Dom\u00ednguez se llev\u00f3 el m\u00e1ximo galard\u00f3n al obtener el t\u00edtulo de Gran Campe\u00f3n de la raza Nigerian con sus ejemplares de gran calidad gen\u00e9tica.La competencia fue intensa, con criadores de diferentes estados presentando sus mejores ejemplares.<\/p>\n<p>&nbsp;<\/p>\n<p style=\"text-align: justify;\" data-sourcepos=\"9:1-9:329\">Hugo Oliveros Fr\u00edas, de Guanajuato, destac\u00f3 al llevarse los premios de Gran Campe\u00f3n en las razas La Mancha, Saanen y Toggenburg. Oswaldo Delgado, tambi\u00e9n de Guanajuato, se coron\u00f3 como Gran Campe\u00f3n en las razas Nubio y Alpino Franc\u00e9s.<\/p>\n<p>&nbsp;<\/p>\n<p style=\"text-align: justify;\" data-sourcepos=\"13:1-13:304\">En el juzgamiento de cabras de carne, los ganadores fueron Abel de la Garza Gonz\u00e1lez en la raza Boer Tradicional, David Leonel F. Garza Cisneros en la raza Boer no tradicional y Alberto Gonz\u00e1lez Alatorre en la raza Boer Comercial. En la categor\u00eda de cabras Pigmeas, Yamile Alfre se llev\u00f3 el primer lugar.<\/p>\n<p>&nbsp;<\/p>\n<p style=\"text-align: justify;\" data-sourcepos=\"15:1-15:258\">La FIGQ 2024 contin\u00faa siendo un espacio ideal para admirar la calidad gen\u00e9tica del ganado caprino en M\u00e9xico. Adem\u00e1s de las exposiciones de cabras, los visitantes pueden encontrar una gran variedad de productos derivados como quesos, miel, leche y artesan\u00edas.<\/p>\n<p>&nbsp;<\/p>\n<p style=\"text-align: center;\" data-sourcepos=\"15:1-15:258\"><em><strong>\u00a1Informaci\u00f3n que transforma!<\/strong><\/em><\/p>\n","protected":false},"excerpt":{"rendered":"<p>La Feria Internacional Ganadera de Quer\u00e9taro (FIGQ 2024) ha sido testigo de un gran \u00e9xito para los criadores de caprinos.<\/p>\n","protected":false},"author":3,"featured_media":7561,"comment_status":"open","ping_status":"open","sticky":false,"template":"","format":"standard","meta":{"footnotes":""},"categories":[50,58],"tags":[2514,293,2108,133],"class_list":["post-7560","post","type-post","status-publish","format-standard","has-post-thumbnail","hentry","category-espectaculos","category-ultima-hora","tag-cabraslecheras","tag-figq2024","tag-ganaderia","tag-queretaro"],"yoast_head":"<!-- This site is optimized with the Yoast SEO plugin v25.0 - https:\/\/yoast.com\/wordpress\/plugins\/seo\/ -->\n<title>\u00a1Triunfo queretano! Jes\u00fas Navarrete se corona como Gran Campe\u00f3n de cabras lecheras en la FIGQ 2024 | Nexo Informativo Santiago de Quer\u00e9taro<\/title>\n<meta name=\"description\" content=\"\u00a1Triunfo queretano! Jes\u00fas Navarrete se corona como Gran Campe\u00f3n de cabras lecheras en la FIGQ 2024\" \/>\n<meta name=\"robots\" content=\"index, follow, max-snippet:-1, max-image-preview:large, max-video-preview:-1\" \/>\n<link rel=\"canonical\" href=\"https:\/\/www.nexoinformativo.mx\/index.php\/2024\/12\/04\/triunfo-queretano-jesus-navarrete-se-corona-como-gran-campeon-de-cabras-lecheras-en-la-figq-2024\/\" \/>\n<meta property=\"og:locale\" content=\"es_MX\" \/>\n<meta property=\"og:type\" content=\"article\" \/>\n<meta property=\"og:title\" content=\"\u00a1Triunfo queretano! Jes\u00fas Navarrete se corona como Gran Campe\u00f3n de cabras lecheras en la FIGQ 2024 | Nexo Informativo Santiago de Quer\u00e9taro\" \/>\n<meta property=\"og:description\" content=\"\u00a1Triunfo queretano! Jes\u00fas Navarrete se corona como Gran Campe\u00f3n de cabras lecheras en la FIGQ 2024\" \/>\n<meta property=\"og:url\" content=\"https:\/\/www.nexoinformativo.mx\/index.php\/2024\/12\/04\/triunfo-queretano-jesus-navarrete-se-corona-como-gran-campeon-de-cabras-lecheras-en-la-figq-2024\/\" \/>\n<meta property=\"og:site_name\" content=\"Nexo Informativo Santiago de Quer\u00e9taro\" \/>\n<meta property=\"article:publisher\" content=\"https:\/\/www.facebook.com\/people\/Nexo-Informativo\/61564066885511\/\" \/>\n<meta property=\"article:published_time\" content=\"2024-12-05T01:00:53+00:00\" \/>\n<meta property=\"article:modified_time\" content=\"2024-12-05T03:14:15+00:00\" \/>\n<meta property=\"og:image\" content=\"https:\/\/www.nexoinformativo.mx\/wp-content\/uploads\/2024\/12\/PHOTO-2024-12-04-20-40-30-e1733368282395.jpg\" \/>\n\t<meta property=\"og:image:width\" content=\"800\" \/>\n\t<meta property=\"og:image:height\" content=\"533\" \/>\n\t<meta property=\"og:image:type\" content=\"image\/jpeg\" \/>\n<meta name=\"author\" content=\"Nexo Informativo\" \/>\n<meta name=\"twitter:card\" content=\"summary_large_image\" \/>\n<meta name=\"twitter:label1\" content=\"Escrito por\" \/>\n\t<meta name=\"twitter:data1\" content=\"Nexo Informativo\" \/>\n\t<meta name=\"twitter:label2\" content=\"Tiempo de lectura\" \/>\n\t<meta name=\"twitter:data2\" content=\"2 minutos\" \/>\n<script type=\"application\/ld+json\" class=\"yoast-schema-graph\">{\"@context\":\"https:\/\/schema.org\",\"@graph\":[{\"@type\":\"Article\",\"@id\":\"https:\/\/www.nexoinformativo.mx\/index.php\/2024\/12\/04\/triunfo-queretano-jesus-navarrete-se-corona-como-gran-campeon-de-cabras-lecheras-en-la-figq-2024\/#article\",\"isPartOf\":{\"@id\":\"https:\/\/www.nexoinformativo.mx\/index.php\/2024\/12\/04\/triunfo-queretano-jesus-navarrete-se-corona-como-gran-campeon-de-cabras-lecheras-en-la-figq-2024\/\"},\"author\":{\"name\":\"Nexo Informativo\",\"@id\":\"https:\/\/www.nexoinformativo.mx\/#\/schema\/person\/7749d380ba08c8ca00d7bc76fd907b7d\"},\"headline\":\"\u00a1Triunfo queretano! Jes\u00fas Navarrete se corona como Gran Campe\u00f3n de cabras lecheras en la FIGQ 2024\",\"datePublished\":\"2024-12-05T01:00:53+00:00\",\"dateModified\":\"2024-12-05T03:14:15+00:00\",\"mainEntityOfPage\":{\"@id\":\"https:\/\/www.nexoinformativo.mx\/index.php\/2024\/12\/04\/triunfo-queretano-jesus-navarrete-se-corona-como-gran-campeon-de-cabras-lecheras-en-la-figq-2024\/\"},\"wordCount\":243,\"commentCount\":0,\"publisher\":{\"@id\":\"https:\/\/www.nexoinformativo.mx\/#organization\"},\"image\":{\"@id\":\"https:\/\/www.nexoinformativo.mx\/index.php\/2024\/12\/04\/triunfo-queretano-jesus-navarrete-se-corona-como-gran-campeon-de-cabras-lecheras-en-la-figq-2024\/#primaryimage\"},\"thumbnailUrl\":\"https:\/\/www.nexoinformativo.mx\/wp-content\/uploads\/2024\/12\/PHOTO-2024-12-04-20-40-30-e1733368282395.jpg\",\"keywords\":[\"CabrasLecheras\",\"FIGQ2024\",\"Ganader\u00eda\",\"Quer\u00e9taro\"],\"articleSection\":[\"Espect\u00e1culos\",\"\u00daltima Hora\"],\"inLanguage\":\"es\",\"potentialAction\":[{\"@type\":\"CommentAction\",\"name\":\"Comment\",\"target\":[\"https:\/\/www.nexoinformativo.mx\/index.php\/2024\/12\/04\/triunfo-queretano-jesus-navarrete-se-corona-como-gran-campeon-de-cabras-lecheras-en-la-figq-2024\/#respond\"]}]},{\"@type\":\"WebPage\",\"@id\":\"https:\/\/www.nexoinformativo.mx\/index.php\/2024\/12\/04\/triunfo-queretano-jesus-navarrete-se-corona-como-gran-campeon-de-cabras-lecheras-en-la-figq-2024\/\",\"url\":\"https:\/\/www.nexoinformativo.mx\/index.php\/2024\/12\/04\/triunfo-queretano-jesus-navarrete-se-corona-como-gran-campeon-de-cabras-lecheras-en-la-figq-2024\/\",\"name\":\"\u00a1Triunfo queretano! Jes\u00fas Navarrete se corona como Gran Campe\u00f3n de cabras lecheras en la FIGQ 2024 | Nexo Informativo Santiago de Quer\u00e9taro\",\"isPartOf\":{\"@id\":\"https:\/\/www.nexoinformativo.mx\/#website\"},\"primaryImageOfPage\":{\"@id\":\"https:\/\/www.nexoinformativo.mx\/index.php\/2024\/12\/04\/triunfo-queretano-jesus-navarrete-se-corona-como-gran-campeon-de-cabras-lecheras-en-la-figq-2024\/#primaryimage\"},\"image\":{\"@id\":\"https:\/\/www.nexoinformativo.mx\/index.php\/2024\/12\/04\/triunfo-queretano-jesus-navarrete-se-corona-como-gran-campeon-de-cabras-lecheras-en-la-figq-2024\/#primaryimage\"},\"thumbnailUrl\":\"https:\/\/www.nexoinformativo.mx\/wp-content\/uploads\/2024\/12\/PHOTO-2024-12-04-20-40-30-e1733368282395.jpg\",\"datePublished\":\"2024-12-05T01:00:53+00:00\",\"dateModified\":\"2024-12-05T03:14:15+00:00\",\"description\":\"\u00a1Triunfo queretano! Jes\u00fas Navarrete se corona como Gran Campe\u00f3n de cabras lecheras en la FIGQ 2024\",\"breadcrumb\":{\"@id\":\"https:\/\/www.nexoinformativo.mx\/index.php\/2024\/12\/04\/triunfo-queretano-jesus-navarrete-se-corona-como-gran-campeon-de-cabras-lecheras-en-la-figq-2024\/#breadcrumb\"},\"inLanguage\":\"es\",\"potentialAction\":[{\"@type\":\"ReadAction\",\"target\":[\"https:\/\/www.nexoinformativo.mx\/index.php\/2024\/12\/04\/triunfo-queretano-jesus-navarrete-se-corona-como-gran-campeon-de-cabras-lecheras-en-la-figq-2024\/\"]}]},{\"@type\":\"ImageObject\",\"inLanguage\":\"es\",\"@id\":\"https:\/\/www.nexoinformativo.mx\/index.php\/2024\/12\/04\/triunfo-queretano-jesus-navarrete-se-corona-como-gran-campeon-de-cabras-lecheras-en-la-figq-2024\/#primaryimage\",\"url\":\"https:\/\/www.nexoinformativo.mx\/wp-content\/uploads\/2024\/12\/PHOTO-2024-12-04-20-40-30-e1733368282395.jpg\",\"contentUrl\":\"https:\/\/www.nexoinformativo.mx\/wp-content\/uploads\/2024\/12\/PHOTO-2024-12-04-20-40-30-e1733368282395.jpg\",\"width\":800,\"height\":533},{\"@type\":\"BreadcrumbList\",\"@id\":\"https:\/\/www.nexoinformativo.mx\/index.php\/2024\/12\/04\/triunfo-queretano-jesus-navarrete-se-corona-como-gran-campeon-de-cabras-lecheras-en-la-figq-2024\/#breadcrumb\",\"itemListElement\":[{\"@type\":\"ListItem\",\"position\":1,\"name\":\"Inicio\",\"item\":\"https:\/\/www.nexoinformativo.mx\/\"},{\"@type\":\"ListItem\",\"position\":2,\"name\":\"\u00a1Triunfo queretano! Jes\u00fas Navarrete se corona como Gran Campe\u00f3n de cabras lecheras en la FIGQ 2024\"}]},{\"@type\":\"WebSite\",\"@id\":\"https:\/\/www.nexoinformativo.mx\/#website\",\"url\":\"https:\/\/www.nexoinformativo.mx\/\",\"name\":\"Nexo Informativo Santiago de Quer\u00e9taro\",\"description\":\"Explora NexoInformativo y convi\u00e9rtete en parte de una comunidad que valora el conocimiento y la verdad. Tu nexoinformativo es tu puente hacia una comprensi\u00f3n m\u00e1s profunda del mundo que te rodea.\",\"publisher\":{\"@id\":\"https:\/\/www.nexoinformativo.mx\/#organization\"},\"potentialAction\":[{\"@type\":\"SearchAction\",\"target\":{\"@type\":\"EntryPoint\",\"urlTemplate\":\"https:\/\/www.nexoinformativo.mx\/?s={search_term_string}\"},\"query-input\":{\"@type\":\"PropertyValueSpecification\",\"valueRequired\":true,\"valueName\":\"search_term_string\"}}],\"inLanguage\":\"es\"},{\"@type\":\"Organization\",\"@id\":\"https:\/\/www.nexoinformativo.mx\/#organization\",\"name\":\"Nexo Informativo Santiago de Quer\u00e9taro\",\"url\":\"https:\/\/www.nexoinformativo.mx\/\",\"logo\":{\"@type\":\"ImageObject\",\"inLanguage\":\"es\",\"@id\":\"https:\/\/www.nexoinformativo.mx\/#\/schema\/logo\/image\/\",\"url\":\"https:\/\/www.nexoinformativo.mx\/wp-content\/uploads\/2024\/07\/nexoi-trasparente-2.png\",\"contentUrl\":\"https:\/\/www.nexoinformativo.mx\/wp-content\/uploads\/2024\/07\/nexoi-trasparente-2.png\",\"width\":816,\"height\":339,\"caption\":\"Nexo Informativo Santiago de Quer\u00e9taro\"},\"image\":{\"@id\":\"https:\/\/www.nexoinformativo.mx\/#\/schema\/logo\/image\/\"},\"sameAs\":[\"https:\/\/www.facebook.com\/people\/Nexo-Informativo\/61564066885511\/\"]},{\"@type\":\"Person\",\"@id\":\"https:\/\/www.nexoinformativo.mx\/#\/schema\/person\/7749d380ba08c8ca00d7bc76fd907b7d\",\"name\":\"Nexo Informativo\",\"image\":{\"@type\":\"ImageObject\",\"inLanguage\":\"es\",\"@id\":\"https:\/\/www.nexoinformativo.mx\/#\/schema\/person\/image\/\",\"url\":\"https:\/\/secure.gravatar.com\/avatar\/dde2928154642a13d95f87ddf1ea9718fe2b46760a005c53e41ff5ad610704e6?s=96&d=mm&r=g\",\"contentUrl\":\"https:\/\/secure.gravatar.com\/avatar\/dde2928154642a13d95f87ddf1ea9718fe2b46760a005c53e41ff5ad610704e6?s=96&d=mm&r=g\",\"caption\":\"Nexo Informativo\"},\"url\":\"https:\/\/www.nexoinformativo.mx\/index.php\/author\/edicion\/\"}]}<\/script>\n<!-- \/ Yoast SEO plugin. -->","yoast_head_json":{"title":"\u00a1Triunfo queretano! Jes\u00fas Navarrete se corona como Gran Campe\u00f3n de cabras lecheras en la FIGQ 2024 | Nexo Informativo Santiago de Quer\u00e9taro","description":"\u00a1Triunfo queretano! Jes\u00fas Navarrete se corona como Gran Campe\u00f3n de cabras lecheras en la FIGQ 2024","robots":{"index":"index","follow":"follow","max-snippet":"max-snippet:-1","max-image-preview":"max-image-preview:large","max-video-preview":"max-video-preview:-1"},"canonical":"https:\/\/www.nexoinformativo.mx\/index.php\/2024\/12\/04\/triunfo-queretano-jesus-navarrete-se-corona-como-gran-campeon-de-cabras-lecheras-en-la-figq-2024\/","og_locale":"es_MX","og_type":"article","og_title":"\u00a1Triunfo queretano! Jes\u00fas Navarrete se corona como Gran Campe\u00f3n de cabras lecheras en la FIGQ 2024 | Nexo Informativo Santiago de Quer\u00e9taro","og_description":"\u00a1Triunfo queretano! Jes\u00fas Navarrete se corona como Gran Campe\u00f3n de cabras lecheras en la FIGQ 2024","og_url":"https:\/\/www.nexoinformativo.mx\/index.php\/2024\/12\/04\/triunfo-queretano-jesus-navarrete-se-corona-como-gran-campeon-de-cabras-lecheras-en-la-figq-2024\/","og_site_name":"Nexo Informativo Santiago de Quer\u00e9taro","article_publisher":"https:\/\/www.facebook.com\/people\/Nexo-Informativo\/61564066885511\/","article_published_time":"2024-12-05T01:00:53+00:00","article_modified_time":"2024-12-05T03:14:15+00:00","og_image":[{"width":800,"height":533,"url":"https:\/\/www.nexoinformativo.mx\/wp-content\/uploads\/2024\/12\/PHOTO-2024-12-04-20-40-30-e1733368282395.jpg","type":"image\/jpeg"}],"author":"Nexo Informativo","twitter_card":"summary_large_image","twitter_misc":{"Escrito por":"Nexo Informativo","Tiempo de lectura":"2 minutos"},"schema":{"@context":"https:\/\/schema.org","@graph":[{"@type":"Article","@id":"https:\/\/www.nexoinformativo.mx\/index.php\/2024\/12\/04\/triunfo-queretano-jesus-navarrete-se-corona-como-gran-campeon-de-cabras-lecheras-en-la-figq-2024\/#article","isPartOf":{"@id":"https:\/\/www.nexoinformativo.mx\/index.php\/2024\/12\/04\/triunfo-queretano-jesus-navarrete-se-corona-como-gran-campeon-de-cabras-lecheras-en-la-figq-2024\/"},"author":{"name":"Nexo Informativo","@id":"https:\/\/www.nexoinformativo.mx\/#\/schema\/person\/7749d380ba08c8ca00d7bc76fd907b7d"},"headline":"\u00a1Triunfo queretano! Jes\u00fas Navarrete se corona como Gran Campe\u00f3n de cabras lecheras en la FIGQ 2024","datePublished":"2024-12-05T01:00:53+00:00","dateModified":"2024-12-05T03:14:15+00:00","mainEntityOfPage":{"@id":"https:\/\/www.nexoinformativo.mx\/index.php\/2024\/12\/04\/triunfo-queretano-jesus-navarrete-se-corona-como-gran-campeon-de-cabras-lecheras-en-la-figq-2024\/"},"wordCount":243,"commentCount":0,"publisher":{"@id":"https:\/\/www.nexoinformativo.mx\/#organization"},"image":{"@id":"https:\/\/www.nexoinformativo.mx\/index.php\/2024\/12\/04\/triunfo-queretano-jesus-navarrete-se-corona-como-gran-campeon-de-cabras-lecheras-en-la-figq-2024\/#primaryimage"},"thumbnailUrl":"https:\/\/www.nexoinformativo.mx\/wp-content\/uploads\/2024\/12\/PHOTO-2024-12-04-20-40-30-e1733368282395.jpg","keywords":["CabrasLecheras","FIGQ2024","Ganader\u00eda","Quer\u00e9taro"],"articleSection":["Espect\u00e1culos","\u00daltima Hora"],"inLanguage":"es","potentialAction":[{"@type":"CommentAction","name":"Comment","target":["https:\/\/www.nexoinformativo.mx\/index.php\/2024\/12\/04\/triunfo-queretano-jesus-navarrete-se-corona-como-gran-campeon-de-cabras-lecheras-en-la-figq-2024\/#respond"]}]},{"@type":"WebPage","@id":"https:\/\/www.nexoinformativo.mx\/index.php\/2024\/12\/04\/triunfo-queretano-jesus-navarrete-se-corona-como-gran-campeon-de-cabras-lecheras-en-la-figq-2024\/","url":"https:\/\/www.nexoinformativo.mx\/index.php\/2024\/12\/04\/triunfo-queretano-jesus-navarrete-se-corona-como-gran-campeon-de-cabras-lecheras-en-la-figq-2024\/","name":"\u00a1Triunfo queretano! Jes\u00fas Navarrete se corona como Gran Campe\u00f3n de cabras lecheras en la FIGQ 2024 | Nexo Informativo Santiago de Quer\u00e9taro","isPartOf":{"@id":"https:\/\/www.nexoinformativo.mx\/#website"},"primaryImageOfPage":{"@id":"https:\/\/www.nexoinformativo.mx\/index.php\/2024\/12\/04\/triunfo-queretano-jesus-navarrete-se-corona-como-gran-campeon-de-cabras-lecheras-en-la-figq-2024\/#primaryimage"},"image":{"@id":"https:\/\/www.nexoinformativo.mx\/index.php\/2024\/12\/04\/triunfo-queretano-jesus-navarrete-se-corona-como-gran-campeon-de-cabras-lecheras-en-la-figq-2024\/#primaryimage"},"thumbnailUrl":"https:\/\/www.nexoinformativo.mx\/wp-content\/uploads\/2024\/12\/PHOTO-2024-12-04-20-40-30-e1733368282395.jpg","datePublished":"2024-12-05T01:00:53+00:00","dateModified":"2024-12-05T03:14:15+00:00","description":"\u00a1Triunfo queretano! Jes\u00fas Navarrete se corona como Gran Campe\u00f3n de cabras lecheras en la FIGQ 2024","breadcrumb":{"@id":"https:\/\/www.nexoinformativo.mx\/index.php\/2024\/12\/04\/triunfo-queretano-jesus-navarrete-se-corona-como-gran-campeon-de-cabras-lecheras-en-la-figq-2024\/#breadcrumb"},"inLanguage":"es","potentialAction":[{"@type":"ReadAction","target":["https:\/\/www.nexoinformativo.mx\/index.php\/2024\/12\/04\/triunfo-queretano-jesus-navarrete-se-corona-como-gran-campeon-de-cabras-lecheras-en-la-figq-2024\/"]}]},{"@type":"ImageObject","inLanguage":"es","@id":"https:\/\/www.nexoinformativo.mx\/index.php\/2024\/12\/04\/triunfo-queretano-jesus-navarrete-se-corona-como-gran-campeon-de-cabras-lecheras-en-la-figq-2024\/#primaryimage","url":"https:\/\/www.nexoinformativo.mx\/wp-content\/uploads\/2024\/12\/PHOTO-2024-12-04-20-40-30-e1733368282395.jpg","contentUrl":"https:\/\/www.nexoinformativo.mx\/wp-content\/uploads\/2024\/12\/PHOTO-2024-12-04-20-40-30-e1733368282395.jpg","width":800,"height":533},{"@type":"BreadcrumbList","@id":"https:\/\/www.nexoinformativo.mx\/index.php\/2024\/12\/04\/triunfo-queretano-jesus-navarrete-se-corona-como-gran-campeon-de-cabras-lecheras-en-la-figq-2024\/#breadcrumb","itemListElement":[{"@type":"ListItem","position":1,"name":"Inicio","item":"https:\/\/www.nexoinformativo.mx\/"},{"@type":"ListItem","position":2,"name":"\u00a1Triunfo queretano! Jes\u00fas Navarrete se corona como Gran Campe\u00f3n de cabras lecheras en la FIGQ 2024"}]},{"@type":"WebSite","@id":"https:\/\/www.nexoinformativo.mx\/#website","url":"https:\/\/www.nexoinformativo.mx\/","name":"Nexo Informativo Santiago de Quer\u00e9taro","description":"Explora NexoInformativo y convi\u00e9rtete en parte de una comunidad que valora el conocimiento y la verdad. Tu nexoinformativo es tu puente hacia una comprensi\u00f3n m\u00e1s profunda del mundo que te rodea.","publisher":{"@id":"https:\/\/www.nexoinformativo.mx\/#organization"},"potentialAction":[{"@type":"SearchAction","target":{"@type":"EntryPoint","urlTemplate":"https:\/\/www.nexoinformativo.mx\/?s={search_term_string}"},"query-input":{"@type":"PropertyValueSpecification","valueRequired":true,"valueName":"search_term_string"}}],"inLanguage":"es"},{"@type":"Organization","@id":"https:\/\/www.nexoinformativo.mx\/#organization","name":"Nexo Informativo Santiago de Quer\u00e9taro","url":"https:\/\/www.nexoinformativo.mx\/","logo":{"@type":"ImageObject","inLanguage":"es","@id":"https:\/\/www.nexoinformativo.mx\/#\/schema\/logo\/image\/","url":"https:\/\/www.nexoinformativo.mx\/wp-content\/uploads\/2024\/07\/nexoi-trasparente-2.png","contentUrl":"https:\/\/www.nexoinformativo.mx\/wp-content\/uploads\/2024\/07\/nexoi-trasparente-2.png","width":816,"height":339,"caption":"Nexo Informativo Santiago de Quer\u00e9taro"},"image":{"@id":"https:\/\/www.nexoinformativo.mx\/#\/schema\/logo\/image\/"},"sameAs":["https:\/\/www.facebook.com\/people\/Nexo-Informativo\/61564066885511\/"]},{"@type":"Person","@id":"https:\/\/www.nexoinformativo.mx\/#\/schema\/person\/7749d380ba08c8ca00d7bc76fd907b7d","name":"Nexo Informativo","image":{"@type":"ImageObject","inLanguage":"es","@id":"https:\/\/www.nexoinformativo.mx\/#\/schema\/person\/image\/","url":"https:\/\/secure.gravatar.com\/avatar\/dde2928154642a13d95f87ddf1ea9718fe2b46760a005c53e41ff5ad610704e6?s=96&d=mm&r=g","contentUrl":"https:\/\/secure.gravatar.com\/avatar\/dde2928154642a13d95f87ddf1ea9718fe2b46760a005c53e41ff5ad610704e6?s=96&d=mm&r=g","caption":"Nexo Informativo"},"url":"https:\/\/www.nexoinformativo.mx\/index.php\/author\/edicion\/"}]}},"_links":{"self":[{"href":"https:\/\/www.nexoinformativo.mx\/index.php\/wp-json\/wp\/v2\/posts\/7560","targetHints":{"allow":["GET"]}}],"collection":[{"href":"https:\/\/www.nexoinformativo.mx\/index.php\/wp-json\/wp\/v2\/posts"}],"about":[{"href":"https:\/\/www.nexoinformativo.mx\/index.php\/wp-json\/wp\/v2\/types\/post"}],"author":[{"embeddable":true,"href":"https:\/\/www.nexoinformativo.mx\/index.php\/wp-json\/wp\/v2\/users\/3"}],"replies":[{"embeddable":true,"href":"https:\/\/www.nexoinformativo.mx\/index.php\/wp-json\/wp\/v2\/comments?post=7560"}],"version-history":[{"count":4,"href":"https:\/\/www.nexoinformativo.mx\/index.php\/wp-json\/wp\/v2\/posts\/7560\/revisions"}],"predecessor-version":[{"id":7563,"href":"https:\/\/www.nexoinformativo.mx\/index.php\/wp-json\/wp\/v2\/posts\/7560\/revisions\/7563"}],"wp:featuredmedia":[{"embeddable":true,"href":"https:\/\/www.nexoinformativo.mx\/index.php\/wp-json\/wp\/v2\/media\/7561"}],"wp:attachment":[{"href":"https:\/\/www.nexoinformativo.mx\/index.php\/wp-json\/wp\/v2\/media?parent=7560"}],"wp:term":[{"taxonomy":"category","embeddable":true,"href":"https:\/\/www.nexoinformativo.mx\/index.php\/wp-json\/wp\/v2\/categories?post=7560"},{"taxonomy":"post_tag","embeddable":true,"href":"https:\/\/www.nexoinformativo.mx\/index.php\/wp-json\/wp\/v2\/tags?post=7560"}],"curies":[{"name":"wp","href":"https:\/\/api.w.org\/{rel}","templated":true}]}}