{"id":7566,"date":"2024-12-04T20:00:36","date_gmt":"2024-12-05T02:00:36","guid":{"rendered":"https:\/\/www.nexoinformativo.mx\/?p=7566"},"modified":"2024-12-04T21:21:31","modified_gmt":"2024-12-05T03:21:31","slug":"cambio-de-guardia-en-el-cicq-pablo-talamantes-toma-las-riendas-del-colegio-de-ingenieros-civiles-de-queretaro","status":"publish","type":"post","link":"https:\/\/www.nexoinformativo.mx\/index.php\/2024\/12\/04\/cambio-de-guardia-en-el-cicq-pablo-talamantes-toma-las-riendas-del-colegio-de-ingenieros-civiles-de-queretaro\/","title":{"rendered":"Cambio de guardia en el CICQ: Pablo Talamantes toma las riendas del Colegio de Ingenieros Civiles de Quer\u00e9taro"},"content":{"rendered":"<p style=\"text-align: justify;\" data-sourcepos=\"9:1-9:315\">En una emotiva ceremonia, el Colegio de Ingenieros Civiles del Estado de Quer\u00e9taro (CICQ) llev\u00f3 a cabo su \u00faltima Asamblea General Ordinaria del a\u00f1o, en la que se realiz\u00f3 el cambio de estafeta en la presidencia.<\/p>\n<p>&nbsp;<\/p>\n<p style=\"text-align: justify;\" data-sourcepos=\"9:1-9:315\">El ingeniero Rom\u00e1n Tzintzun Flores concluy\u00f3 su gesti\u00f3n y entreg\u00f3 el cargo al ingeniero Pablo Talamantes.<\/p>\n<p>&nbsp;<\/p>\n<p style=\"text-align: justify;\" data-sourcepos=\"11:1-11:290\">Durante el evento, los colegiados reconocieron la destacada labor del Consejo Directivo saliente, encabezado por el ingeniero Tzintzun, quien present\u00f3 un informe detallado de las actividades realizadas durante su gesti\u00f3n. El informe fue aprobado por unanimidad por los miembros del colegio.<\/p>\n<p>&nbsp;<\/p>\n<p style=\"text-align: justify;\" data-sourcepos=\"13:1-13:230\">El nuevo presidente, ingeniero Pablo Talamantes, agradeci\u00f3 la confianza depositada en \u00e9l y solicit\u00f3 al ingeniero Tzintzun continuar apoyando al CICQ como representante ante la Federaci\u00f3n Mexicana de Colegios de Ingenieros Civiles.<\/p>\n<p>&nbsp;<\/p>\n<p style=\"text-align: justify;\" data-sourcepos=\"15:1-15:208\">Con este cambio de direcci\u00f3n, el CICQ inicia una nueva etapa con el objetivo de seguir fortaleciendo la profesi\u00f3n de ingeniero civil en el estado de Quer\u00e9taro y contribuir al desarrollo de la infraestructura.<\/p>\n<p>&nbsp;<\/p>\n<p style=\"text-align: center;\" data-sourcepos=\"15:1-15:208\"><em><strong>\u00a1Informaci\u00f3n que transforma!<\/strong><\/em><\/p>\n<p data-sourcepos=\"15:1-15:208\">\n","protected":false},"excerpt":{"rendered":"<p>En una emotiva ceremonia, el Colegio de Ingenieros Civiles del Estado de Quer\u00e9taro (CICQ) llev\u00f3 a cabo su \u00faltima Asamblea General Ordinaria del a\u00f1o, en la que se realiz\u00f3 el cambio de estafeta en la presidencia.<\/p>\n","protected":false},"author":3,"featured_media":7567,"comment_status":"open","ping_status":"open","sticky":false,"template":"","format":"standard","meta":{"footnotes":""},"categories":[42,58],"tags":[2516,1777,2515,133],"class_list":["post-7566","post","type-post","status-publish","format-standard","has-post-thumbnail","hentry","category-estado","category-ultima-hora","tag-cambiodeestafeta","tag-cicq","tag-ingenierosciviles","tag-queretaro"],"yoast_head":"<!-- This site is optimized with the Yoast SEO plugin v25.0 - https:\/\/yoast.com\/wordpress\/plugins\/seo\/ -->\n<title>Cambio de guardia en el CICQ: Pablo Talamantes toma las riendas del Colegio de Ingenieros Civiles de Quer\u00e9taro | Nexo Informativo Santiago de Quer\u00e9taro<\/title>\n<meta name=\"description\" content=\"Cambio de guardia en el CICQ: Pablo Talamantes toma las riendas del Colegio de Ingenieros Civiles de Quer\u00e9taro\" \/>\n<meta name=\"robots\" content=\"index, follow, max-snippet:-1, max-image-preview:large, max-video-preview:-1\" \/>\n<link rel=\"canonical\" href=\"https:\/\/www.nexoinformativo.mx\/index.php\/2024\/12\/04\/cambio-de-guardia-en-el-cicq-pablo-talamantes-toma-las-riendas-del-colegio-de-ingenieros-civiles-de-queretaro\/\" \/>\n<meta property=\"og:locale\" content=\"es_MX\" \/>\n<meta property=\"og:type\" content=\"article\" \/>\n<meta property=\"og:title\" content=\"Cambio de guardia en el CICQ: Pablo Talamantes toma las riendas del Colegio de Ingenieros Civiles de Quer\u00e9taro | Nexo Informativo Santiago de Quer\u00e9taro\" \/>\n<meta property=\"og:description\" content=\"Cambio de guardia en el CICQ: Pablo Talamantes toma las riendas del Colegio de Ingenieros Civiles de Quer\u00e9taro\" \/>\n<meta property=\"og:url\" content=\"https:\/\/www.nexoinformativo.mx\/index.php\/2024\/12\/04\/cambio-de-guardia-en-el-cicq-pablo-talamantes-toma-las-riendas-del-colegio-de-ingenieros-civiles-de-queretaro\/\" \/>\n<meta property=\"og:site_name\" content=\"Nexo Informativo Santiago de Quer\u00e9taro\" \/>\n<meta property=\"article:publisher\" content=\"https:\/\/www.facebook.com\/people\/Nexo-Informativo\/61564066885511\/\" \/>\n<meta property=\"article:published_time\" content=\"2024-12-05T02:00:36+00:00\" \/>\n<meta property=\"article:modified_time\" content=\"2024-12-05T03:21:31+00:00\" \/>\n<meta property=\"og:image\" content=\"https:\/\/www.nexoinformativo.mx\/wp-content\/uploads\/2024\/12\/PHOTO-2024-12-04-21-01-11-e1733368812460.jpg\" \/>\n\t<meta property=\"og:image:width\" content=\"800\" \/>\n\t<meta property=\"og:image:height\" content=\"533\" \/>\n\t<meta property=\"og:image:type\" content=\"image\/jpeg\" \/>\n<meta name=\"author\" content=\"Nexo Informativo\" \/>\n<meta name=\"twitter:card\" content=\"summary_large_image\" \/>\n<meta name=\"twitter:label1\" content=\"Escrito por\" \/>\n\t<meta name=\"twitter:data1\" content=\"Nexo Informativo\" \/>\n\t<meta name=\"twitter:label2\" content=\"Tiempo de lectura\" \/>\n\t<meta name=\"twitter:data2\" content=\"1 minuto\" \/>\n<script type=\"application\/ld+json\" class=\"yoast-schema-graph\">{\"@context\":\"https:\/\/schema.org\",\"@graph\":[{\"@type\":\"Article\",\"@id\":\"https:\/\/www.nexoinformativo.mx\/index.php\/2024\/12\/04\/cambio-de-guardia-en-el-cicq-pablo-talamantes-toma-las-riendas-del-colegio-de-ingenieros-civiles-de-queretaro\/#article\",\"isPartOf\":{\"@id\":\"https:\/\/www.nexoinformativo.mx\/index.php\/2024\/12\/04\/cambio-de-guardia-en-el-cicq-pablo-talamantes-toma-las-riendas-del-colegio-de-ingenieros-civiles-de-queretaro\/\"},\"author\":{\"name\":\"Nexo Informativo\",\"@id\":\"https:\/\/www.nexoinformativo.mx\/#\/schema\/person\/7749d380ba08c8ca00d7bc76fd907b7d\"},\"headline\":\"Cambio de guardia en el CICQ: Pablo Talamantes toma las riendas del Colegio de Ingenieros Civiles de Quer\u00e9taro\",\"datePublished\":\"2024-12-05T02:00:36+00:00\",\"dateModified\":\"2024-12-05T03:21:31+00:00\",\"mainEntityOfPage\":{\"@id\":\"https:\/\/www.nexoinformativo.mx\/index.php\/2024\/12\/04\/cambio-de-guardia-en-el-cicq-pablo-talamantes-toma-las-riendas-del-colegio-de-ingenieros-civiles-de-queretaro\/\"},\"wordCount\":196,\"commentCount\":0,\"publisher\":{\"@id\":\"https:\/\/www.nexoinformativo.mx\/#organization\"},\"image\":{\"@id\":\"https:\/\/www.nexoinformativo.mx\/index.php\/2024\/12\/04\/cambio-de-guardia-en-el-cicq-pablo-talamantes-toma-las-riendas-del-colegio-de-ingenieros-civiles-de-queretaro\/#primaryimage\"},\"thumbnailUrl\":\"https:\/\/www.nexoinformativo.mx\/wp-content\/uploads\/2024\/12\/PHOTO-2024-12-04-21-01-11-e1733368812460.jpg\",\"keywords\":[\"CambioDeEstafeta\",\"CICQ\",\"IngenierosCiviles\",\"Quer\u00e9taro\"],\"articleSection\":[\"Estado\",\"\u00daltima Hora\"],\"inLanguage\":\"es\",\"potentialAction\":[{\"@type\":\"CommentAction\",\"name\":\"Comment\",\"target\":[\"https:\/\/www.nexoinformativo.mx\/index.php\/2024\/12\/04\/cambio-de-guardia-en-el-cicq-pablo-talamantes-toma-las-riendas-del-colegio-de-ingenieros-civiles-de-queretaro\/#respond\"]}]},{\"@type\":\"WebPage\",\"@id\":\"https:\/\/www.nexoinformativo.mx\/index.php\/2024\/12\/04\/cambio-de-guardia-en-el-cicq-pablo-talamantes-toma-las-riendas-del-colegio-de-ingenieros-civiles-de-queretaro\/\",\"url\":\"https:\/\/www.nexoinformativo.mx\/index.php\/2024\/12\/04\/cambio-de-guardia-en-el-cicq-pablo-talamantes-toma-las-riendas-del-colegio-de-ingenieros-civiles-de-queretaro\/\",\"name\":\"Cambio de guardia en el CICQ: Pablo Talamantes toma las riendas del Colegio de Ingenieros Civiles de Quer\u00e9taro | Nexo Informativo Santiago de Quer\u00e9taro\",\"isPartOf\":{\"@id\":\"https:\/\/www.nexoinformativo.mx\/#website\"},\"primaryImageOfPage\":{\"@id\":\"https:\/\/www.nexoinformativo.mx\/index.php\/2024\/12\/04\/cambio-de-guardia-en-el-cicq-pablo-talamantes-toma-las-riendas-del-colegio-de-ingenieros-civiles-de-queretaro\/#primaryimage\"},\"image\":{\"@id\":\"https:\/\/www.nexoinformativo.mx\/index.php\/2024\/12\/04\/cambio-de-guardia-en-el-cicq-pablo-talamantes-toma-las-riendas-del-colegio-de-ingenieros-civiles-de-queretaro\/#primaryimage\"},\"thumbnailUrl\":\"https:\/\/www.nexoinformativo.mx\/wp-content\/uploads\/2024\/12\/PHOTO-2024-12-04-21-01-11-e1733368812460.jpg\",\"datePublished\":\"2024-12-05T02:00:36+00:00\",\"dateModified\":\"2024-12-05T03:21:31+00:00\",\"description\":\"Cambio de guardia en el CICQ: Pablo Talamantes toma las riendas del Colegio de Ingenieros Civiles de Quer\u00e9taro\",\"breadcrumb\":{\"@id\":\"https:\/\/www.nexoinformativo.mx\/index.php\/2024\/12\/04\/cambio-de-guardia-en-el-cicq-pablo-talamantes-toma-las-riendas-del-colegio-de-ingenieros-civiles-de-queretaro\/#breadcrumb\"},\"inLanguage\":\"es\",\"potentialAction\":[{\"@type\":\"ReadAction\",\"target\":[\"https:\/\/www.nexoinformativo.mx\/index.php\/2024\/12\/04\/cambio-de-guardia-en-el-cicq-pablo-talamantes-toma-las-riendas-del-colegio-de-ingenieros-civiles-de-queretaro\/\"]}]},{\"@type\":\"ImageObject\",\"inLanguage\":\"es\",\"@id\":\"https:\/\/www.nexoinformativo.mx\/index.php\/2024\/12\/04\/cambio-de-guardia-en-el-cicq-pablo-talamantes-toma-las-riendas-del-colegio-de-ingenieros-civiles-de-queretaro\/#primaryimage\",\"url\":\"https:\/\/www.nexoinformativo.mx\/wp-content\/uploads\/2024\/12\/PHOTO-2024-12-04-21-01-11-e1733368812460.jpg\",\"contentUrl\":\"https:\/\/www.nexoinformativo.mx\/wp-content\/uploads\/2024\/12\/PHOTO-2024-12-04-21-01-11-e1733368812460.jpg\",\"width\":800,\"height\":533},{\"@type\":\"BreadcrumbList\",\"@id\":\"https:\/\/www.nexoinformativo.mx\/index.php\/2024\/12\/04\/cambio-de-guardia-en-el-cicq-pablo-talamantes-toma-las-riendas-del-colegio-de-ingenieros-civiles-de-queretaro\/#breadcrumb\",\"itemListElement\":[{\"@type\":\"ListItem\",\"position\":1,\"name\":\"Inicio\",\"item\":\"https:\/\/www.nexoinformativo.mx\/\"},{\"@type\":\"ListItem\",\"position\":2,\"name\":\"Cambio de guardia en el CICQ: Pablo Talamantes toma las riendas del Colegio de Ingenieros Civiles de Quer\u00e9taro\"}]},{\"@type\":\"WebSite\",\"@id\":\"https:\/\/www.nexoinformativo.mx\/#website\",\"url\":\"https:\/\/www.nexoinformativo.mx\/\",\"name\":\"Nexo Informativo Santiago de Quer\u00e9taro\",\"description\":\"Explora NexoInformativo y convi\u00e9rtete en parte de una comunidad que valora el conocimiento y la verdad. Tu nexoinformativo es tu puente hacia una comprensi\u00f3n m\u00e1s profunda del mundo que te rodea.\",\"publisher\":{\"@id\":\"https:\/\/www.nexoinformativo.mx\/#organization\"},\"potentialAction\":[{\"@type\":\"SearchAction\",\"target\":{\"@type\":\"EntryPoint\",\"urlTemplate\":\"https:\/\/www.nexoinformativo.mx\/?s={search_term_string}\"},\"query-input\":{\"@type\":\"PropertyValueSpecification\",\"valueRequired\":true,\"valueName\":\"search_term_string\"}}],\"inLanguage\":\"es\"},{\"@type\":\"Organization\",\"@id\":\"https:\/\/www.nexoinformativo.mx\/#organization\",\"name\":\"Nexo Informativo Santiago de Quer\u00e9taro\",\"url\":\"https:\/\/www.nexoinformativo.mx\/\",\"logo\":{\"@type\":\"ImageObject\",\"inLanguage\":\"es\",\"@id\":\"https:\/\/www.nexoinformativo.mx\/#\/schema\/logo\/image\/\",\"url\":\"https:\/\/www.nexoinformativo.mx\/wp-content\/uploads\/2024\/07\/nexoi-trasparente-2.png\",\"contentUrl\":\"https:\/\/www.nexoinformativo.mx\/wp-content\/uploads\/2024\/07\/nexoi-trasparente-2.png\",\"width\":816,\"height\":339,\"caption\":\"Nexo Informativo Santiago de Quer\u00e9taro\"},\"image\":{\"@id\":\"https:\/\/www.nexoinformativo.mx\/#\/schema\/logo\/image\/\"},\"sameAs\":[\"https:\/\/www.facebook.com\/people\/Nexo-Informativo\/61564066885511\/\"]},{\"@type\":\"Person\",\"@id\":\"https:\/\/www.nexoinformativo.mx\/#\/schema\/person\/7749d380ba08c8ca00d7bc76fd907b7d\",\"name\":\"Nexo Informativo\",\"image\":{\"@type\":\"ImageObject\",\"inLanguage\":\"es\",\"@id\":\"https:\/\/www.nexoinformativo.mx\/#\/schema\/person\/image\/\",\"url\":\"https:\/\/secure.gravatar.com\/avatar\/dde2928154642a13d95f87ddf1ea9718fe2b46760a005c53e41ff5ad610704e6?s=96&d=mm&r=g\",\"contentUrl\":\"https:\/\/secure.gravatar.com\/avatar\/dde2928154642a13d95f87ddf1ea9718fe2b46760a005c53e41ff5ad610704e6?s=96&d=mm&r=g\",\"caption\":\"Nexo Informativo\"},\"url\":\"https:\/\/www.nexoinformativo.mx\/index.php\/author\/edicion\/\"}]}<\/script>\n<!-- \/ Yoast SEO plugin. -->","yoast_head_json":{"title":"Cambio de guardia en el CICQ: Pablo Talamantes toma las riendas del Colegio de Ingenieros Civiles de Quer\u00e9taro | Nexo Informativo Santiago de Quer\u00e9taro","description":"Cambio de guardia en el CICQ: Pablo Talamantes toma las riendas del Colegio de Ingenieros Civiles de Quer\u00e9taro","robots":{"index":"index","follow":"follow","max-snippet":"max-snippet:-1","max-image-preview":"max-image-preview:large","max-video-preview":"max-video-preview:-1"},"canonical":"https:\/\/www.nexoinformativo.mx\/index.php\/2024\/12\/04\/cambio-de-guardia-en-el-cicq-pablo-talamantes-toma-las-riendas-del-colegio-de-ingenieros-civiles-de-queretaro\/","og_locale":"es_MX","og_type":"article","og_title":"Cambio de guardia en el CICQ: Pablo Talamantes toma las riendas del Colegio de Ingenieros Civiles de Quer\u00e9taro | Nexo Informativo Santiago de Quer\u00e9taro","og_description":"Cambio de guardia en el CICQ: Pablo Talamantes toma las riendas del Colegio de Ingenieros Civiles de Quer\u00e9taro","og_url":"https:\/\/www.nexoinformativo.mx\/index.php\/2024\/12\/04\/cambio-de-guardia-en-el-cicq-pablo-talamantes-toma-las-riendas-del-colegio-de-ingenieros-civiles-de-queretaro\/","og_site_name":"Nexo Informativo Santiago de Quer\u00e9taro","article_publisher":"https:\/\/www.facebook.com\/people\/Nexo-Informativo\/61564066885511\/","article_published_time":"2024-12-05T02:00:36+00:00","article_modified_time":"2024-12-05T03:21:31+00:00","og_image":[{"width":800,"height":533,"url":"https:\/\/www.nexoinformativo.mx\/wp-content\/uploads\/2024\/12\/PHOTO-2024-12-04-21-01-11-e1733368812460.jpg","type":"image\/jpeg"}],"author":"Nexo Informativo","twitter_card":"summary_large_image","twitter_misc":{"Escrito por":"Nexo Informativo","Tiempo de lectura":"1 minuto"},"schema":{"@context":"https:\/\/schema.org","@graph":[{"@type":"Article","@id":"https:\/\/www.nexoinformativo.mx\/index.php\/2024\/12\/04\/cambio-de-guardia-en-el-cicq-pablo-talamantes-toma-las-riendas-del-colegio-de-ingenieros-civiles-de-queretaro\/#article","isPartOf":{"@id":"https:\/\/www.nexoinformativo.mx\/index.php\/2024\/12\/04\/cambio-de-guardia-en-el-cicq-pablo-talamantes-toma-las-riendas-del-colegio-de-ingenieros-civiles-de-queretaro\/"},"author":{"name":"Nexo Informativo","@id":"https:\/\/www.nexoinformativo.mx\/#\/schema\/person\/7749d380ba08c8ca00d7bc76fd907b7d"},"headline":"Cambio de guardia en el CICQ: Pablo Talamantes toma las riendas del Colegio de Ingenieros Civiles de Quer\u00e9taro","datePublished":"2024-12-05T02:00:36+00:00","dateModified":"2024-12-05T03:21:31+00:00","mainEntityOfPage":{"@id":"https:\/\/www.nexoinformativo.mx\/index.php\/2024\/12\/04\/cambio-de-guardia-en-el-cicq-pablo-talamantes-toma-las-riendas-del-colegio-de-ingenieros-civiles-de-queretaro\/"},"wordCount":196,"commentCount":0,"publisher":{"@id":"https:\/\/www.nexoinformativo.mx\/#organization"},"image":{"@id":"https:\/\/www.nexoinformativo.mx\/index.php\/2024\/12\/04\/cambio-de-guardia-en-el-cicq-pablo-talamantes-toma-las-riendas-del-colegio-de-ingenieros-civiles-de-queretaro\/#primaryimage"},"thumbnailUrl":"https:\/\/www.nexoinformativo.mx\/wp-content\/uploads\/2024\/12\/PHOTO-2024-12-04-21-01-11-e1733368812460.jpg","keywords":["CambioDeEstafeta","CICQ","IngenierosCiviles","Quer\u00e9taro"],"articleSection":["Estado","\u00daltima Hora"],"inLanguage":"es","potentialAction":[{"@type":"CommentAction","name":"Comment","target":["https:\/\/www.nexoinformativo.mx\/index.php\/2024\/12\/04\/cambio-de-guardia-en-el-cicq-pablo-talamantes-toma-las-riendas-del-colegio-de-ingenieros-civiles-de-queretaro\/#respond"]}]},{"@type":"WebPage","@id":"https:\/\/www.nexoinformativo.mx\/index.php\/2024\/12\/04\/cambio-de-guardia-en-el-cicq-pablo-talamantes-toma-las-riendas-del-colegio-de-ingenieros-civiles-de-queretaro\/","url":"https:\/\/www.nexoinformativo.mx\/index.php\/2024\/12\/04\/cambio-de-guardia-en-el-cicq-pablo-talamantes-toma-las-riendas-del-colegio-de-ingenieros-civiles-de-queretaro\/","name":"Cambio de guardia en el CICQ: Pablo Talamantes toma las riendas del Colegio de Ingenieros Civiles de Quer\u00e9taro | Nexo Informativo Santiago de Quer\u00e9taro","isPartOf":{"@id":"https:\/\/www.nexoinformativo.mx\/#website"},"primaryImageOfPage":{"@id":"https:\/\/www.nexoinformativo.mx\/index.php\/2024\/12\/04\/cambio-de-guardia-en-el-cicq-pablo-talamantes-toma-las-riendas-del-colegio-de-ingenieros-civiles-de-queretaro\/#primaryimage"},"image":{"@id":"https:\/\/www.nexoinformativo.mx\/index.php\/2024\/12\/04\/cambio-de-guardia-en-el-cicq-pablo-talamantes-toma-las-riendas-del-colegio-de-ingenieros-civiles-de-queretaro\/#primaryimage"},"thumbnailUrl":"https:\/\/www.nexoinformativo.mx\/wp-content\/uploads\/2024\/12\/PHOTO-2024-12-04-21-01-11-e1733368812460.jpg","datePublished":"2024-12-05T02:00:36+00:00","dateModified":"2024-12-05T03:21:31+00:00","description":"Cambio de guardia en el CICQ: Pablo Talamantes toma las riendas del Colegio de Ingenieros Civiles de Quer\u00e9taro","breadcrumb":{"@id":"https:\/\/www.nexoinformativo.mx\/index.php\/2024\/12\/04\/cambio-de-guardia-en-el-cicq-pablo-talamantes-toma-las-riendas-del-colegio-de-ingenieros-civiles-de-queretaro\/#breadcrumb"},"inLanguage":"es","potentialAction":[{"@type":"ReadAction","target":["https:\/\/www.nexoinformativo.mx\/index.php\/2024\/12\/04\/cambio-de-guardia-en-el-cicq-pablo-talamantes-toma-las-riendas-del-colegio-de-ingenieros-civiles-de-queretaro\/"]}]},{"@type":"ImageObject","inLanguage":"es","@id":"https:\/\/www.nexoinformativo.mx\/index.php\/2024\/12\/04\/cambio-de-guardia-en-el-cicq-pablo-talamantes-toma-las-riendas-del-colegio-de-ingenieros-civiles-de-queretaro\/#primaryimage","url":"https:\/\/www.nexoinformativo.mx\/wp-content\/uploads\/2024\/12\/PHOTO-2024-12-04-21-01-11-e1733368812460.jpg","contentUrl":"https:\/\/www.nexoinformativo.mx\/wp-content\/uploads\/2024\/12\/PHOTO-2024-12-04-21-01-11-e1733368812460.jpg","width":800,"height":533},{"@type":"BreadcrumbList","@id":"https:\/\/www.nexoinformativo.mx\/index.php\/2024\/12\/04\/cambio-de-guardia-en-el-cicq-pablo-talamantes-toma-las-riendas-del-colegio-de-ingenieros-civiles-de-queretaro\/#breadcrumb","itemListElement":[{"@type":"ListItem","position":1,"name":"Inicio","item":"https:\/\/www.nexoinformativo.mx\/"},{"@type":"ListItem","position":2,"name":"Cambio de guardia en el CICQ: Pablo Talamantes toma las riendas del Colegio de Ingenieros Civiles de Quer\u00e9taro"}]},{"@type":"WebSite","@id":"https:\/\/www.nexoinformativo.mx\/#website","url":"https:\/\/www.nexoinformativo.mx\/","name":"Nexo Informativo Santiago de Quer\u00e9taro","description":"Explora NexoInformativo y convi\u00e9rtete en parte de una comunidad que valora el conocimiento y la verdad. Tu nexoinformativo es tu puente hacia una comprensi\u00f3n m\u00e1s profunda del mundo que te rodea.","publisher":{"@id":"https:\/\/www.nexoinformativo.mx\/#organization"},"potentialAction":[{"@type":"SearchAction","target":{"@type":"EntryPoint","urlTemplate":"https:\/\/www.nexoinformativo.mx\/?s={search_term_string}"},"query-input":{"@type":"PropertyValueSpecification","valueRequired":true,"valueName":"search_term_string"}}],"inLanguage":"es"},{"@type":"Organization","@id":"https:\/\/www.nexoinformativo.mx\/#organization","name":"Nexo Informativo Santiago de Quer\u00e9taro","url":"https:\/\/www.nexoinformativo.mx\/","logo":{"@type":"ImageObject","inLanguage":"es","@id":"https:\/\/www.nexoinformativo.mx\/#\/schema\/logo\/image\/","url":"https:\/\/www.nexoinformativo.mx\/wp-content\/uploads\/2024\/07\/nexoi-trasparente-2.png","contentUrl":"https:\/\/www.nexoinformativo.mx\/wp-content\/uploads\/2024\/07\/nexoi-trasparente-2.png","width":816,"height":339,"caption":"Nexo Informativo Santiago de Quer\u00e9taro"},"image":{"@id":"https:\/\/www.nexoinformativo.mx\/#\/schema\/logo\/image\/"},"sameAs":["https:\/\/www.facebook.com\/people\/Nexo-Informativo\/61564066885511\/"]},{"@type":"Person","@id":"https:\/\/www.nexoinformativo.mx\/#\/schema\/person\/7749d380ba08c8ca00d7bc76fd907b7d","name":"Nexo Informativo","image":{"@type":"ImageObject","inLanguage":"es","@id":"https:\/\/www.nexoinformativo.mx\/#\/schema\/person\/image\/","url":"https:\/\/secure.gravatar.com\/avatar\/dde2928154642a13d95f87ddf1ea9718fe2b46760a005c53e41ff5ad610704e6?s=96&d=mm&r=g","contentUrl":"https:\/\/secure.gravatar.com\/avatar\/dde2928154642a13d95f87ddf1ea9718fe2b46760a005c53e41ff5ad610704e6?s=96&d=mm&r=g","caption":"Nexo Informativo"},"url":"https:\/\/www.nexoinformativo.mx\/index.php\/author\/edicion\/"}]}},"_links":{"self":[{"href":"https:\/\/www.nexoinformativo.mx\/index.php\/wp-json\/wp\/v2\/posts\/7566","targetHints":{"allow":["GET"]}}],"collection":[{"href":"https:\/\/www.nexoinformativo.mx\/index.php\/wp-json\/wp\/v2\/posts"}],"about":[{"href":"https:\/\/www.nexoinformativo.mx\/index.php\/wp-json\/wp\/v2\/types\/post"}],"author":[{"embeddable":true,"href":"https:\/\/www.nexoinformativo.mx\/index.php\/wp-json\/wp\/v2\/users\/3"}],"replies":[{"embeddable":true,"href":"https:\/\/www.nexoinformativo.mx\/index.php\/wp-json\/wp\/v2\/comments?post=7566"}],"version-history":[{"count":3,"href":"https:\/\/www.nexoinformativo.mx\/index.php\/wp-json\/wp\/v2\/posts\/7566\/revisions"}],"predecessor-version":[{"id":7569,"href":"https:\/\/www.nexoinformativo.mx\/index.php\/wp-json\/wp\/v2\/posts\/7566\/revisions\/7569"}],"wp:featuredmedia":[{"embeddable":true,"href":"https:\/\/www.nexoinformativo.mx\/index.php\/wp-json\/wp\/v2\/media\/7567"}],"wp:attachment":[{"href":"https:\/\/www.nexoinformativo.mx\/index.php\/wp-json\/wp\/v2\/media?parent=7566"}],"wp:term":[{"taxonomy":"category","embeddable":true,"href":"https:\/\/www.nexoinformativo.mx\/index.php\/wp-json\/wp\/v2\/categories?post=7566"},{"taxonomy":"post_tag","embeddable":true,"href":"https:\/\/www.nexoinformativo.mx\/index.php\/wp-json\/wp\/v2\/tags?post=7566"}],"curies":[{"name":"wp","href":"https:\/\/api.w.org\/{rel}","templated":true}]}}