{"id":7571,"date":"2024-12-05T07:00:00","date_gmt":"2024-12-05T13:00:00","guid":{"rendered":"https:\/\/www.nexoinformativo.mx\/?p=7571"},"modified":"2024-12-05T12:42:26","modified_gmt":"2024-12-05T18:42:26","slug":"ebrard-se-reune-con-lideres-automotrices-para-fortalecer-la-industria-y-el-t-mec","status":"publish","type":"post","link":"https:\/\/www.nexoinformativo.mx\/index.php\/2024\/12\/05\/ebrard-se-reune-con-lideres-automotrices-para-fortalecer-la-industria-y-el-t-mec\/","title":{"rendered":"Ebrard se re\u00fane con l\u00edderes automotrices para fortalecer la industria y el T-MEC"},"content":{"rendered":"<p style=\"text-align: justify;\" data-sourcepos=\"9:1-9:241\">El secretario de Econom\u00eda, Marcelo Ebrard, sostuvo un encuentro con altos directivos de la Asociaci\u00f3n Mexicana de la Industria Automotriz (AMIA) para analizar el panorama actual del sector y trazar una ruta conjunta hacia el futuro.<\/p>\n<p>&nbsp;<\/p>\n<p style=\"text-align: justify;\" data-sourcepos=\"11:1-11:362\">Durante la reuni\u00f3n, Ebrard destac\u00f3 la importancia estrat\u00e9gica de la industria automotriz para M\u00e9xico, resaltando su posici\u00f3n como uno de los sectores m\u00e1s integrados y consolidados en Am\u00e9rica del Norte.<\/p>\n<p>&nbsp;<\/p>\n<p style=\"text-align: justify;\" data-sourcepos=\"11:1-11:362\">Los participantes coincidieron en la necesidad de trabajar de manera colaborativa para expandir la industria a nivel nacional y fortalecer las cadenas de valor.<\/p>\n<p>&nbsp;<\/p>\n<p style=\"text-align: justify;\" data-sourcepos=\"13:1-13:314\">Uno de los temas centrales de la reuni\u00f3n fue la revisi\u00f3n del Tratado entre M\u00e9xico, Estados Unidos y Canad\u00e1 (T-MEC). Se acord\u00f3 trabajar en conjunto para aprovechar al m\u00e1ximo los beneficios que este acuerdo comercial ofrece a los tres pa\u00edses y enfrentar los desaf\u00edos que puedan surgir durante el proceso de revisi\u00f3n.<\/p>\n<p>&nbsp;<\/p>\n<p style=\"text-align: justify;\" data-sourcepos=\"15:1-15:320\">Al encuentro asistieron destacados l\u00edderes de las principales armadoras que operan en M\u00e9xico, como BMW, Ford, General Motors, Mazda, Mercedes Benz y Stellantis.<\/p>\n<p>&nbsp;<\/p>\n<p style=\"text-align: justify;\" data-sourcepos=\"15:1-15:320\">Su presencia refrenda el compromiso de la industria automotriz con M\u00e9xico y su disposici\u00f3n a colaborar con el gobierno para impulsar el crecimiento del sector.<\/p>\n<p>&nbsp;<\/p>\n<p style=\"text-align: center;\" data-sourcepos=\"15:1-15:320\"><em><strong>\u00a1informaci\u00f3n que transforma!<\/strong><\/em><\/p>\n","protected":false},"excerpt":{"rendered":"<p>El secretario de Econom\u00eda, Marcelo Ebrard Casaub\u00f3n, sostuvo un encuentro con altos directivos de la Asociaci\u00f3n Mexicana de la Industria Automotriz (AMIA) para analizar el panorama actual del sector y trazar una ruta conjunta hacia el futuro.<\/p>\n","protected":false},"author":3,"featured_media":7572,"comment_status":"open","ping_status":"open","sticky":false,"template":"","format":"standard","meta":{"footnotes":""},"categories":[5,88,58],"tags":[2518,2517,1610,1796],"class_list":["post-7571","post","type-post","status-publish","format-standard","has-post-thumbnail","hentry","category-economia","category-nacional","category-ultima-hora","tag-ebrard","tag-industriaautomotriz","tag-mexico","tag-t-mec"],"yoast_head":"<!-- This site is optimized with the Yoast SEO plugin v25.0 - https:\/\/yoast.com\/wordpress\/plugins\/seo\/ -->\n<title>Ebrard se re\u00fane con l\u00edderes automotrices para fortalecer la industria y el T-MEC | Nexo Informativo Santiago de Quer\u00e9taro<\/title>\n<meta name=\"description\" content=\"Ebrard se re\u00fane con l\u00edderes automotrices para fortalecer la industria y el T-MEC\" \/>\n<meta name=\"robots\" content=\"index, follow, max-snippet:-1, max-image-preview:large, max-video-preview:-1\" \/>\n<link rel=\"canonical\" href=\"https:\/\/www.nexoinformativo.mx\/index.php\/2024\/12\/05\/ebrard-se-reune-con-lideres-automotrices-para-fortalecer-la-industria-y-el-t-mec\/\" \/>\n<meta property=\"og:locale\" content=\"es_MX\" \/>\n<meta property=\"og:type\" content=\"article\" \/>\n<meta property=\"og:title\" content=\"Ebrard se re\u00fane con l\u00edderes automotrices para fortalecer la industria y el T-MEC | Nexo Informativo Santiago de Quer\u00e9taro\" \/>\n<meta property=\"og:description\" content=\"Ebrard se re\u00fane con l\u00edderes automotrices para fortalecer la industria y el T-MEC\" \/>\n<meta property=\"og:url\" content=\"https:\/\/www.nexoinformativo.mx\/index.php\/2024\/12\/05\/ebrard-se-reune-con-lideres-automotrices-para-fortalecer-la-industria-y-el-t-mec\/\" \/>\n<meta property=\"og:site_name\" content=\"Nexo Informativo Santiago de Quer\u00e9taro\" \/>\n<meta property=\"article:publisher\" content=\"https:\/\/www.facebook.com\/people\/Nexo-Informativo\/61564066885511\/\" \/>\n<meta property=\"article:published_time\" content=\"2024-12-05T13:00:00+00:00\" \/>\n<meta property=\"article:modified_time\" content=\"2024-12-05T18:42:26+00:00\" \/>\n<meta property=\"og:image\" content=\"https:\/\/www.nexoinformativo.mx\/wp-content\/uploads\/2024\/12\/IMG_8396.jpg\" \/>\n\t<meta property=\"og:image:width\" content=\"650\" \/>\n\t<meta property=\"og:image:height\" content=\"380\" \/>\n\t<meta property=\"og:image:type\" content=\"image\/jpeg\" \/>\n<meta name=\"author\" content=\"Nexo Informativo\" \/>\n<meta name=\"twitter:card\" content=\"summary_large_image\" \/>\n<meta name=\"twitter:label1\" content=\"Escrito por\" \/>\n\t<meta name=\"twitter:data1\" content=\"Nexo Informativo\" \/>\n\t<meta name=\"twitter:label2\" content=\"Tiempo de lectura\" \/>\n\t<meta name=\"twitter:data2\" content=\"2 minutos\" \/>\n<script type=\"application\/ld+json\" class=\"yoast-schema-graph\">{\"@context\":\"https:\/\/schema.org\",\"@graph\":[{\"@type\":\"Article\",\"@id\":\"https:\/\/www.nexoinformativo.mx\/index.php\/2024\/12\/05\/ebrard-se-reune-con-lideres-automotrices-para-fortalecer-la-industria-y-el-t-mec\/#article\",\"isPartOf\":{\"@id\":\"https:\/\/www.nexoinformativo.mx\/index.php\/2024\/12\/05\/ebrard-se-reune-con-lideres-automotrices-para-fortalecer-la-industria-y-el-t-mec\/\"},\"author\":{\"name\":\"Nexo Informativo\",\"@id\":\"https:\/\/www.nexoinformativo.mx\/#\/schema\/person\/7749d380ba08c8ca00d7bc76fd907b7d\"},\"headline\":\"Ebrard se re\u00fane con l\u00edderes automotrices para fortalecer la industria y el T-MEC\",\"datePublished\":\"2024-12-05T13:00:00+00:00\",\"dateModified\":\"2024-12-05T18:42:26+00:00\",\"mainEntityOfPage\":{\"@id\":\"https:\/\/www.nexoinformativo.mx\/index.php\/2024\/12\/05\/ebrard-se-reune-con-lideres-automotrices-para-fortalecer-la-industria-y-el-t-mec\/\"},\"wordCount\":234,\"commentCount\":0,\"publisher\":{\"@id\":\"https:\/\/www.nexoinformativo.mx\/#organization\"},\"image\":{\"@id\":\"https:\/\/www.nexoinformativo.mx\/index.php\/2024\/12\/05\/ebrard-se-reune-con-lideres-automotrices-para-fortalecer-la-industria-y-el-t-mec\/#primaryimage\"},\"thumbnailUrl\":\"https:\/\/www.nexoinformativo.mx\/wp-content\/uploads\/2024\/12\/IMG_8396.jpg\",\"keywords\":[\"Ebrard\",\"IndustriaAutomotriz\",\"M\u00e9xico\",\"T-MEC\"],\"articleSection\":[\"Econom\u00eda\",\"Nacional\",\"\u00daltima Hora\"],\"inLanguage\":\"es\",\"potentialAction\":[{\"@type\":\"CommentAction\",\"name\":\"Comment\",\"target\":[\"https:\/\/www.nexoinformativo.mx\/index.php\/2024\/12\/05\/ebrard-se-reune-con-lideres-automotrices-para-fortalecer-la-industria-y-el-t-mec\/#respond\"]}]},{\"@type\":\"WebPage\",\"@id\":\"https:\/\/www.nexoinformativo.mx\/index.php\/2024\/12\/05\/ebrard-se-reune-con-lideres-automotrices-para-fortalecer-la-industria-y-el-t-mec\/\",\"url\":\"https:\/\/www.nexoinformativo.mx\/index.php\/2024\/12\/05\/ebrard-se-reune-con-lideres-automotrices-para-fortalecer-la-industria-y-el-t-mec\/\",\"name\":\"Ebrard se re\u00fane con l\u00edderes automotrices para fortalecer la industria y el T-MEC | Nexo Informativo Santiago de Quer\u00e9taro\",\"isPartOf\":{\"@id\":\"https:\/\/www.nexoinformativo.mx\/#website\"},\"primaryImageOfPage\":{\"@id\":\"https:\/\/www.nexoinformativo.mx\/index.php\/2024\/12\/05\/ebrard-se-reune-con-lideres-automotrices-para-fortalecer-la-industria-y-el-t-mec\/#primaryimage\"},\"image\":{\"@id\":\"https:\/\/www.nexoinformativo.mx\/index.php\/2024\/12\/05\/ebrard-se-reune-con-lideres-automotrices-para-fortalecer-la-industria-y-el-t-mec\/#primaryimage\"},\"thumbnailUrl\":\"https:\/\/www.nexoinformativo.mx\/wp-content\/uploads\/2024\/12\/IMG_8396.jpg\",\"datePublished\":\"2024-12-05T13:00:00+00:00\",\"dateModified\":\"2024-12-05T18:42:26+00:00\",\"description\":\"Ebrard se re\u00fane con l\u00edderes automotrices para fortalecer la industria y el T-MEC\",\"breadcrumb\":{\"@id\":\"https:\/\/www.nexoinformativo.mx\/index.php\/2024\/12\/05\/ebrard-se-reune-con-lideres-automotrices-para-fortalecer-la-industria-y-el-t-mec\/#breadcrumb\"},\"inLanguage\":\"es\",\"potentialAction\":[{\"@type\":\"ReadAction\",\"target\":[\"https:\/\/www.nexoinformativo.mx\/index.php\/2024\/12\/05\/ebrard-se-reune-con-lideres-automotrices-para-fortalecer-la-industria-y-el-t-mec\/\"]}]},{\"@type\":\"ImageObject\",\"inLanguage\":\"es\",\"@id\":\"https:\/\/www.nexoinformativo.mx\/index.php\/2024\/12\/05\/ebrard-se-reune-con-lideres-automotrices-para-fortalecer-la-industria-y-el-t-mec\/#primaryimage\",\"url\":\"https:\/\/www.nexoinformativo.mx\/wp-content\/uploads\/2024\/12\/IMG_8396.jpg\",\"contentUrl\":\"https:\/\/www.nexoinformativo.mx\/wp-content\/uploads\/2024\/12\/IMG_8396.jpg\",\"width\":650,\"height\":380},{\"@type\":\"BreadcrumbList\",\"@id\":\"https:\/\/www.nexoinformativo.mx\/index.php\/2024\/12\/05\/ebrard-se-reune-con-lideres-automotrices-para-fortalecer-la-industria-y-el-t-mec\/#breadcrumb\",\"itemListElement\":[{\"@type\":\"ListItem\",\"position\":1,\"name\":\"Inicio\",\"item\":\"https:\/\/www.nexoinformativo.mx\/\"},{\"@type\":\"ListItem\",\"position\":2,\"name\":\"Ebrard se re\u00fane con l\u00edderes automotrices para fortalecer la industria y el T-MEC\"}]},{\"@type\":\"WebSite\",\"@id\":\"https:\/\/www.nexoinformativo.mx\/#website\",\"url\":\"https:\/\/www.nexoinformativo.mx\/\",\"name\":\"Nexo Informativo Santiago de Quer\u00e9taro\",\"description\":\"Explora NexoInformativo y convi\u00e9rtete en parte de una comunidad que valora el conocimiento y la verdad. Tu nexoinformativo es tu puente hacia una comprensi\u00f3n m\u00e1s profunda del mundo que te rodea.\",\"publisher\":{\"@id\":\"https:\/\/www.nexoinformativo.mx\/#organization\"},\"potentialAction\":[{\"@type\":\"SearchAction\",\"target\":{\"@type\":\"EntryPoint\",\"urlTemplate\":\"https:\/\/www.nexoinformativo.mx\/?s={search_term_string}\"},\"query-input\":{\"@type\":\"PropertyValueSpecification\",\"valueRequired\":true,\"valueName\":\"search_term_string\"}}],\"inLanguage\":\"es\"},{\"@type\":\"Organization\",\"@id\":\"https:\/\/www.nexoinformativo.mx\/#organization\",\"name\":\"Nexo Informativo Santiago de Quer\u00e9taro\",\"url\":\"https:\/\/www.nexoinformativo.mx\/\",\"logo\":{\"@type\":\"ImageObject\",\"inLanguage\":\"es\",\"@id\":\"https:\/\/www.nexoinformativo.mx\/#\/schema\/logo\/image\/\",\"url\":\"https:\/\/www.nexoinformativo.mx\/wp-content\/uploads\/2024\/07\/nexoi-trasparente-2.png\",\"contentUrl\":\"https:\/\/www.nexoinformativo.mx\/wp-content\/uploads\/2024\/07\/nexoi-trasparente-2.png\",\"width\":816,\"height\":339,\"caption\":\"Nexo Informativo Santiago de Quer\u00e9taro\"},\"image\":{\"@id\":\"https:\/\/www.nexoinformativo.mx\/#\/schema\/logo\/image\/\"},\"sameAs\":[\"https:\/\/www.facebook.com\/people\/Nexo-Informativo\/61564066885511\/\"]},{\"@type\":\"Person\",\"@id\":\"https:\/\/www.nexoinformativo.mx\/#\/schema\/person\/7749d380ba08c8ca00d7bc76fd907b7d\",\"name\":\"Nexo Informativo\",\"image\":{\"@type\":\"ImageObject\",\"inLanguage\":\"es\",\"@id\":\"https:\/\/www.nexoinformativo.mx\/#\/schema\/person\/image\/\",\"url\":\"https:\/\/secure.gravatar.com\/avatar\/dde2928154642a13d95f87ddf1ea9718fe2b46760a005c53e41ff5ad610704e6?s=96&d=mm&r=g\",\"contentUrl\":\"https:\/\/secure.gravatar.com\/avatar\/dde2928154642a13d95f87ddf1ea9718fe2b46760a005c53e41ff5ad610704e6?s=96&d=mm&r=g\",\"caption\":\"Nexo Informativo\"},\"url\":\"https:\/\/www.nexoinformativo.mx\/index.php\/author\/edicion\/\"}]}<\/script>\n<!-- \/ Yoast SEO plugin. -->","yoast_head_json":{"title":"Ebrard se re\u00fane con l\u00edderes automotrices para fortalecer la industria y el T-MEC | Nexo Informativo Santiago de Quer\u00e9taro","description":"Ebrard se re\u00fane con l\u00edderes automotrices para fortalecer la industria y el T-MEC","robots":{"index":"index","follow":"follow","max-snippet":"max-snippet:-1","max-image-preview":"max-image-preview:large","max-video-preview":"max-video-preview:-1"},"canonical":"https:\/\/www.nexoinformativo.mx\/index.php\/2024\/12\/05\/ebrard-se-reune-con-lideres-automotrices-para-fortalecer-la-industria-y-el-t-mec\/","og_locale":"es_MX","og_type":"article","og_title":"Ebrard se re\u00fane con l\u00edderes automotrices para fortalecer la industria y el T-MEC | Nexo Informativo Santiago de Quer\u00e9taro","og_description":"Ebrard se re\u00fane con l\u00edderes automotrices para fortalecer la industria y el T-MEC","og_url":"https:\/\/www.nexoinformativo.mx\/index.php\/2024\/12\/05\/ebrard-se-reune-con-lideres-automotrices-para-fortalecer-la-industria-y-el-t-mec\/","og_site_name":"Nexo Informativo Santiago de Quer\u00e9taro","article_publisher":"https:\/\/www.facebook.com\/people\/Nexo-Informativo\/61564066885511\/","article_published_time":"2024-12-05T13:00:00+00:00","article_modified_time":"2024-12-05T18:42:26+00:00","og_image":[{"width":650,"height":380,"url":"https:\/\/www.nexoinformativo.mx\/wp-content\/uploads\/2024\/12\/IMG_8396.jpg","type":"image\/jpeg"}],"author":"Nexo Informativo","twitter_card":"summary_large_image","twitter_misc":{"Escrito por":"Nexo Informativo","Tiempo de lectura":"2 minutos"},"schema":{"@context":"https:\/\/schema.org","@graph":[{"@type":"Article","@id":"https:\/\/www.nexoinformativo.mx\/index.php\/2024\/12\/05\/ebrard-se-reune-con-lideres-automotrices-para-fortalecer-la-industria-y-el-t-mec\/#article","isPartOf":{"@id":"https:\/\/www.nexoinformativo.mx\/index.php\/2024\/12\/05\/ebrard-se-reune-con-lideres-automotrices-para-fortalecer-la-industria-y-el-t-mec\/"},"author":{"name":"Nexo Informativo","@id":"https:\/\/www.nexoinformativo.mx\/#\/schema\/person\/7749d380ba08c8ca00d7bc76fd907b7d"},"headline":"Ebrard se re\u00fane con l\u00edderes automotrices para fortalecer la industria y el T-MEC","datePublished":"2024-12-05T13:00:00+00:00","dateModified":"2024-12-05T18:42:26+00:00","mainEntityOfPage":{"@id":"https:\/\/www.nexoinformativo.mx\/index.php\/2024\/12\/05\/ebrard-se-reune-con-lideres-automotrices-para-fortalecer-la-industria-y-el-t-mec\/"},"wordCount":234,"commentCount":0,"publisher":{"@id":"https:\/\/www.nexoinformativo.mx\/#organization"},"image":{"@id":"https:\/\/www.nexoinformativo.mx\/index.php\/2024\/12\/05\/ebrard-se-reune-con-lideres-automotrices-para-fortalecer-la-industria-y-el-t-mec\/#primaryimage"},"thumbnailUrl":"https:\/\/www.nexoinformativo.mx\/wp-content\/uploads\/2024\/12\/IMG_8396.jpg","keywords":["Ebrard","IndustriaAutomotriz","M\u00e9xico","T-MEC"],"articleSection":["Econom\u00eda","Nacional","\u00daltima Hora"],"inLanguage":"es","potentialAction":[{"@type":"CommentAction","name":"Comment","target":["https:\/\/www.nexoinformativo.mx\/index.php\/2024\/12\/05\/ebrard-se-reune-con-lideres-automotrices-para-fortalecer-la-industria-y-el-t-mec\/#respond"]}]},{"@type":"WebPage","@id":"https:\/\/www.nexoinformativo.mx\/index.php\/2024\/12\/05\/ebrard-se-reune-con-lideres-automotrices-para-fortalecer-la-industria-y-el-t-mec\/","url":"https:\/\/www.nexoinformativo.mx\/index.php\/2024\/12\/05\/ebrard-se-reune-con-lideres-automotrices-para-fortalecer-la-industria-y-el-t-mec\/","name":"Ebrard se re\u00fane con l\u00edderes automotrices para fortalecer la industria y el T-MEC | Nexo Informativo Santiago de Quer\u00e9taro","isPartOf":{"@id":"https:\/\/www.nexoinformativo.mx\/#website"},"primaryImageOfPage":{"@id":"https:\/\/www.nexoinformativo.mx\/index.php\/2024\/12\/05\/ebrard-se-reune-con-lideres-automotrices-para-fortalecer-la-industria-y-el-t-mec\/#primaryimage"},"image":{"@id":"https:\/\/www.nexoinformativo.mx\/index.php\/2024\/12\/05\/ebrard-se-reune-con-lideres-automotrices-para-fortalecer-la-industria-y-el-t-mec\/#primaryimage"},"thumbnailUrl":"https:\/\/www.nexoinformativo.mx\/wp-content\/uploads\/2024\/12\/IMG_8396.jpg","datePublished":"2024-12-05T13:00:00+00:00","dateModified":"2024-12-05T18:42:26+00:00","description":"Ebrard se re\u00fane con l\u00edderes automotrices para fortalecer la industria y el T-MEC","breadcrumb":{"@id":"https:\/\/www.nexoinformativo.mx\/index.php\/2024\/12\/05\/ebrard-se-reune-con-lideres-automotrices-para-fortalecer-la-industria-y-el-t-mec\/#breadcrumb"},"inLanguage":"es","potentialAction":[{"@type":"ReadAction","target":["https:\/\/www.nexoinformativo.mx\/index.php\/2024\/12\/05\/ebrard-se-reune-con-lideres-automotrices-para-fortalecer-la-industria-y-el-t-mec\/"]}]},{"@type":"ImageObject","inLanguage":"es","@id":"https:\/\/www.nexoinformativo.mx\/index.php\/2024\/12\/05\/ebrard-se-reune-con-lideres-automotrices-para-fortalecer-la-industria-y-el-t-mec\/#primaryimage","url":"https:\/\/www.nexoinformativo.mx\/wp-content\/uploads\/2024\/12\/IMG_8396.jpg","contentUrl":"https:\/\/www.nexoinformativo.mx\/wp-content\/uploads\/2024\/12\/IMG_8396.jpg","width":650,"height":380},{"@type":"BreadcrumbList","@id":"https:\/\/www.nexoinformativo.mx\/index.php\/2024\/12\/05\/ebrard-se-reune-con-lideres-automotrices-para-fortalecer-la-industria-y-el-t-mec\/#breadcrumb","itemListElement":[{"@type":"ListItem","position":1,"name":"Inicio","item":"https:\/\/www.nexoinformativo.mx\/"},{"@type":"ListItem","position":2,"name":"Ebrard se re\u00fane con l\u00edderes automotrices para fortalecer la industria y el T-MEC"}]},{"@type":"WebSite","@id":"https:\/\/www.nexoinformativo.mx\/#website","url":"https:\/\/www.nexoinformativo.mx\/","name":"Nexo Informativo Santiago de Quer\u00e9taro","description":"Explora NexoInformativo y convi\u00e9rtete en parte de una comunidad que valora el conocimiento y la verdad. Tu nexoinformativo es tu puente hacia una comprensi\u00f3n m\u00e1s profunda del mundo que te rodea.","publisher":{"@id":"https:\/\/www.nexoinformativo.mx\/#organization"},"potentialAction":[{"@type":"SearchAction","target":{"@type":"EntryPoint","urlTemplate":"https:\/\/www.nexoinformativo.mx\/?s={search_term_string}"},"query-input":{"@type":"PropertyValueSpecification","valueRequired":true,"valueName":"search_term_string"}}],"inLanguage":"es"},{"@type":"Organization","@id":"https:\/\/www.nexoinformativo.mx\/#organization","name":"Nexo Informativo Santiago de Quer\u00e9taro","url":"https:\/\/www.nexoinformativo.mx\/","logo":{"@type":"ImageObject","inLanguage":"es","@id":"https:\/\/www.nexoinformativo.mx\/#\/schema\/logo\/image\/","url":"https:\/\/www.nexoinformativo.mx\/wp-content\/uploads\/2024\/07\/nexoi-trasparente-2.png","contentUrl":"https:\/\/www.nexoinformativo.mx\/wp-content\/uploads\/2024\/07\/nexoi-trasparente-2.png","width":816,"height":339,"caption":"Nexo Informativo Santiago de Quer\u00e9taro"},"image":{"@id":"https:\/\/www.nexoinformativo.mx\/#\/schema\/logo\/image\/"},"sameAs":["https:\/\/www.facebook.com\/people\/Nexo-Informativo\/61564066885511\/"]},{"@type":"Person","@id":"https:\/\/www.nexoinformativo.mx\/#\/schema\/person\/7749d380ba08c8ca00d7bc76fd907b7d","name":"Nexo Informativo","image":{"@type":"ImageObject","inLanguage":"es","@id":"https:\/\/www.nexoinformativo.mx\/#\/schema\/person\/image\/","url":"https:\/\/secure.gravatar.com\/avatar\/dde2928154642a13d95f87ddf1ea9718fe2b46760a005c53e41ff5ad610704e6?s=96&d=mm&r=g","contentUrl":"https:\/\/secure.gravatar.com\/avatar\/dde2928154642a13d95f87ddf1ea9718fe2b46760a005c53e41ff5ad610704e6?s=96&d=mm&r=g","caption":"Nexo Informativo"},"url":"https:\/\/www.nexoinformativo.mx\/index.php\/author\/edicion\/"}]}},"_links":{"self":[{"href":"https:\/\/www.nexoinformativo.mx\/index.php\/wp-json\/wp\/v2\/posts\/7571","targetHints":{"allow":["GET"]}}],"collection":[{"href":"https:\/\/www.nexoinformativo.mx\/index.php\/wp-json\/wp\/v2\/posts"}],"about":[{"href":"https:\/\/www.nexoinformativo.mx\/index.php\/wp-json\/wp\/v2\/types\/post"}],"author":[{"embeddable":true,"href":"https:\/\/www.nexoinformativo.mx\/index.php\/wp-json\/wp\/v2\/users\/3"}],"replies":[{"embeddable":true,"href":"https:\/\/www.nexoinformativo.mx\/index.php\/wp-json\/wp\/v2\/comments?post=7571"}],"version-history":[{"count":3,"href":"https:\/\/www.nexoinformativo.mx\/index.php\/wp-json\/wp\/v2\/posts\/7571\/revisions"}],"predecessor-version":[{"id":7575,"href":"https:\/\/www.nexoinformativo.mx\/index.php\/wp-json\/wp\/v2\/posts\/7571\/revisions\/7575"}],"wp:featuredmedia":[{"embeddable":true,"href":"https:\/\/www.nexoinformativo.mx\/index.php\/wp-json\/wp\/v2\/media\/7572"}],"wp:attachment":[{"href":"https:\/\/www.nexoinformativo.mx\/index.php\/wp-json\/wp\/v2\/media?parent=7571"}],"wp:term":[{"taxonomy":"category","embeddable":true,"href":"https:\/\/www.nexoinformativo.mx\/index.php\/wp-json\/wp\/v2\/categories?post=7571"},{"taxonomy":"post_tag","embeddable":true,"href":"https:\/\/www.nexoinformativo.mx\/index.php\/wp-json\/wp\/v2\/tags?post=7571"}],"curies":[{"name":"wp","href":"https:\/\/api.w.org\/{rel}","templated":true}]}}