{"id":7576,"date":"2024-12-05T07:30:18","date_gmt":"2024-12-05T13:30:18","guid":{"rendered":"https:\/\/www.nexoinformativo.mx\/?p=7576"},"modified":"2024-12-05T11:13:25","modified_gmt":"2024-12-05T17:13:25","slug":"sep-impulsa-la-redignificacion-de-la-educacion-media-superior-conalep-a-la-vanguardia","status":"publish","type":"post","link":"https:\/\/www.nexoinformativo.mx\/index.php\/2024\/12\/05\/sep-impulsa-la-redignificacion-de-la-educacion-media-superior-conalep-a-la-vanguardia\/","title":{"rendered":"SEP impulsa la redignificaci\u00f3n de la educaci\u00f3n media superior: Conalep a la vanguardia"},"content":{"rendered":"<p style=\"text-align: justify;\" data-sourcepos=\"9:1-9:403\">La Secretar\u00eda de Educaci\u00f3n P\u00fablica (SEP) anunci\u00f3 una serie de medidas para mejorar la calidad de la educaci\u00f3n media superior en M\u00e9xico.<\/p>\n<p>&nbsp;<\/p>\n<p style=\"text-align: justify;\" data-sourcepos=\"9:1-9:403\">Durante el primer Encuentro Nacional de Directores Generales de Colegios Estatales del Conalep, la subsecretaria Tania Rodr\u00edguez Mora destac\u00f3 la importancia de fortalecer el Marco Curricular Com\u00fan y actualizar las carreras para responder a las demandas del siglo XXI.<\/p>\n<p>&nbsp;<\/p>\n<p style=\"text-align: justify;\" data-sourcepos=\"11:1-11:285\">Uno de los ejes centrales de esta estrategia es la implementaci\u00f3n del programa La Escuela es Nuestra en los planteles de educaci\u00f3n media superior, lo que permitir\u00e1 a las comunidades escolares participar en la toma de decisiones sobre el uso de los recursos y mejorar las instalaciones.<\/p>\n<p>&nbsp;<\/p>\n<p style=\"text-align: justify;\" data-sourcepos=\"13:1-13:233\">Adem\u00e1s, se impulsar\u00e1 la Educaci\u00f3n Dual, un modelo que combina la formaci\u00f3n te\u00f3rica en las escuelas con la pr\u00e1ctica laboral en empresas, permitiendo a los estudiantes adquirir habilidades y conocimientos m\u00e1s cercanos al mundo laboral.<\/p>\n<p>&nbsp;<\/p>\n<p style=\"text-align: justify;\" data-sourcepos=\"15:1-15:352\">El titular del Conalep, Rodrigo Rojas, se\u00f1al\u00f3 que este encuentro es una oportunidad para fortalecer la educaci\u00f3n t\u00e9cnica y adoptar los valores del humanismo mexicano. Entre los temas abordados se encuentran la actualizaci\u00f3n de la oferta educativa, la implementaci\u00f3n de nuevas metodolog\u00edas de ense\u00f1anza y el fomento de la cultura y el deporte.<\/p>\n<p>&nbsp;<\/p>\n<p style=\"text-align: justify;\" data-sourcepos=\"17:1-17:186\">La SEP busca que el Conalep se consolide como una instituci\u00f3n de referencia en la formaci\u00f3n de t\u00e9cnicos profesionales altamente capacitados, capaces de contribuir al desarrollo del pa\u00eds.<\/p>\n<p>&nbsp;<\/p>\n<p style=\"text-align: center;\" data-sourcepos=\"17:1-17:186\"><strong><em>\u00a1Informaci\u00f3n que transforma!<\/em><\/strong><\/p>\n","protected":false},"excerpt":{"rendered":"<p>La Secretar\u00eda de Educaci\u00f3n P\u00fablica (SEP) anunci\u00f3 una serie de medidas para mejorar la calidad de la educaci\u00f3n media superior en M\u00e9xico.<\/p>\n","protected":false},"author":3,"featured_media":7577,"comment_status":"open","ping_status":"open","sticky":false,"template":"","format":"standard","meta":{"footnotes":""},"categories":[88,58],"tags":[1739,2519,1567,538],"class_list":["post-7576","post","type-post","status-publish","format-standard","has-post-thumbnail","hentry","category-nacional","category-ultima-hora","tag-conalep","tag-educacionmediasuperior","tag-nuevaescuelamexicana","tag-sep"],"yoast_head":"<!-- This site is optimized with the Yoast SEO plugin v25.0 - https:\/\/yoast.com\/wordpress\/plugins\/seo\/ -->\n<title>SEP impulsa la redignificaci\u00f3n de la educaci\u00f3n media superior: Conalep a la vanguardia | Nexo Informativo Santiago de Quer\u00e9taro<\/title>\n<meta name=\"description\" content=\"SEP impulsa la redignificaci\u00f3n de la educaci\u00f3n media superior: Conalep a la vanguardia\" \/>\n<meta name=\"robots\" content=\"index, follow, max-snippet:-1, max-image-preview:large, max-video-preview:-1\" \/>\n<link rel=\"canonical\" href=\"https:\/\/www.nexoinformativo.mx\/index.php\/2024\/12\/05\/sep-impulsa-la-redignificacion-de-la-educacion-media-superior-conalep-a-la-vanguardia\/\" \/>\n<meta property=\"og:locale\" content=\"es_MX\" \/>\n<meta property=\"og:type\" content=\"article\" \/>\n<meta property=\"og:title\" content=\"SEP impulsa la redignificaci\u00f3n de la educaci\u00f3n media superior: Conalep a la vanguardia | Nexo Informativo Santiago de Quer\u00e9taro\" \/>\n<meta property=\"og:description\" content=\"SEP impulsa la redignificaci\u00f3n de la educaci\u00f3n media superior: Conalep a la vanguardia\" \/>\n<meta property=\"og:url\" content=\"https:\/\/www.nexoinformativo.mx\/index.php\/2024\/12\/05\/sep-impulsa-la-redignificacion-de-la-educacion-media-superior-conalep-a-la-vanguardia\/\" \/>\n<meta property=\"og:site_name\" content=\"Nexo Informativo Santiago de Quer\u00e9taro\" \/>\n<meta property=\"article:publisher\" content=\"https:\/\/www.facebook.com\/people\/Nexo-Informativo\/61564066885511\/\" \/>\n<meta property=\"article:published_time\" content=\"2024-12-05T13:30:18+00:00\" \/>\n<meta property=\"article:modified_time\" content=\"2024-12-05T17:13:25+00:00\" \/>\n<meta property=\"og:image\" content=\"https:\/\/www.nexoinformativo.mx\/wp-content\/uploads\/2024\/12\/IMG_8397.jpg\" \/>\n\t<meta property=\"og:image:width\" content=\"650\" \/>\n\t<meta property=\"og:image:height\" content=\"380\" \/>\n\t<meta property=\"og:image:type\" content=\"image\/jpeg\" \/>\n<meta name=\"author\" content=\"Nexo Informativo\" \/>\n<meta name=\"twitter:card\" content=\"summary_large_image\" \/>\n<meta name=\"twitter:label1\" content=\"Escrito por\" \/>\n\t<meta name=\"twitter:data1\" content=\"Nexo Informativo\" \/>\n\t<meta name=\"twitter:label2\" content=\"Tiempo de lectura\" \/>\n\t<meta name=\"twitter:data2\" content=\"2 minutos\" \/>\n<script type=\"application\/ld+json\" class=\"yoast-schema-graph\">{\"@context\":\"https:\/\/schema.org\",\"@graph\":[{\"@type\":\"Article\",\"@id\":\"https:\/\/www.nexoinformativo.mx\/index.php\/2024\/12\/05\/sep-impulsa-la-redignificacion-de-la-educacion-media-superior-conalep-a-la-vanguardia\/#article\",\"isPartOf\":{\"@id\":\"https:\/\/www.nexoinformativo.mx\/index.php\/2024\/12\/05\/sep-impulsa-la-redignificacion-de-la-educacion-media-superior-conalep-a-la-vanguardia\/\"},\"author\":{\"name\":\"Nexo Informativo\",\"@id\":\"https:\/\/www.nexoinformativo.mx\/#\/schema\/person\/7749d380ba08c8ca00d7bc76fd907b7d\"},\"headline\":\"SEP impulsa la redignificaci\u00f3n de la educaci\u00f3n media superior: Conalep a la vanguardia\",\"datePublished\":\"2024-12-05T13:30:18+00:00\",\"dateModified\":\"2024-12-05T17:13:25+00:00\",\"mainEntityOfPage\":{\"@id\":\"https:\/\/www.nexoinformativo.mx\/index.php\/2024\/12\/05\/sep-impulsa-la-redignificacion-de-la-educacion-media-superior-conalep-a-la-vanguardia\/\"},\"wordCount\":275,\"commentCount\":0,\"publisher\":{\"@id\":\"https:\/\/www.nexoinformativo.mx\/#organization\"},\"image\":{\"@id\":\"https:\/\/www.nexoinformativo.mx\/index.php\/2024\/12\/05\/sep-impulsa-la-redignificacion-de-la-educacion-media-superior-conalep-a-la-vanguardia\/#primaryimage\"},\"thumbnailUrl\":\"https:\/\/www.nexoinformativo.mx\/wp-content\/uploads\/2024\/12\/IMG_8397.jpg\",\"keywords\":[\"Conalep\",\"Educaci\u00f3nMediaSuperior\",\"NuevaEscuelaMexicana\",\"SEP\"],\"articleSection\":[\"Nacional\",\"\u00daltima Hora\"],\"inLanguage\":\"es\",\"potentialAction\":[{\"@type\":\"CommentAction\",\"name\":\"Comment\",\"target\":[\"https:\/\/www.nexoinformativo.mx\/index.php\/2024\/12\/05\/sep-impulsa-la-redignificacion-de-la-educacion-media-superior-conalep-a-la-vanguardia\/#respond\"]}]},{\"@type\":\"WebPage\",\"@id\":\"https:\/\/www.nexoinformativo.mx\/index.php\/2024\/12\/05\/sep-impulsa-la-redignificacion-de-la-educacion-media-superior-conalep-a-la-vanguardia\/\",\"url\":\"https:\/\/www.nexoinformativo.mx\/index.php\/2024\/12\/05\/sep-impulsa-la-redignificacion-de-la-educacion-media-superior-conalep-a-la-vanguardia\/\",\"name\":\"SEP impulsa la redignificaci\u00f3n de la educaci\u00f3n media superior: Conalep a la vanguardia | Nexo Informativo Santiago de Quer\u00e9taro\",\"isPartOf\":{\"@id\":\"https:\/\/www.nexoinformativo.mx\/#website\"},\"primaryImageOfPage\":{\"@id\":\"https:\/\/www.nexoinformativo.mx\/index.php\/2024\/12\/05\/sep-impulsa-la-redignificacion-de-la-educacion-media-superior-conalep-a-la-vanguardia\/#primaryimage\"},\"image\":{\"@id\":\"https:\/\/www.nexoinformativo.mx\/index.php\/2024\/12\/05\/sep-impulsa-la-redignificacion-de-la-educacion-media-superior-conalep-a-la-vanguardia\/#primaryimage\"},\"thumbnailUrl\":\"https:\/\/www.nexoinformativo.mx\/wp-content\/uploads\/2024\/12\/IMG_8397.jpg\",\"datePublished\":\"2024-12-05T13:30:18+00:00\",\"dateModified\":\"2024-12-05T17:13:25+00:00\",\"description\":\"SEP impulsa la redignificaci\u00f3n de la educaci\u00f3n media superior: Conalep a la vanguardia\",\"breadcrumb\":{\"@id\":\"https:\/\/www.nexoinformativo.mx\/index.php\/2024\/12\/05\/sep-impulsa-la-redignificacion-de-la-educacion-media-superior-conalep-a-la-vanguardia\/#breadcrumb\"},\"inLanguage\":\"es\",\"potentialAction\":[{\"@type\":\"ReadAction\",\"target\":[\"https:\/\/www.nexoinformativo.mx\/index.php\/2024\/12\/05\/sep-impulsa-la-redignificacion-de-la-educacion-media-superior-conalep-a-la-vanguardia\/\"]}]},{\"@type\":\"ImageObject\",\"inLanguage\":\"es\",\"@id\":\"https:\/\/www.nexoinformativo.mx\/index.php\/2024\/12\/05\/sep-impulsa-la-redignificacion-de-la-educacion-media-superior-conalep-a-la-vanguardia\/#primaryimage\",\"url\":\"https:\/\/www.nexoinformativo.mx\/wp-content\/uploads\/2024\/12\/IMG_8397.jpg\",\"contentUrl\":\"https:\/\/www.nexoinformativo.mx\/wp-content\/uploads\/2024\/12\/IMG_8397.jpg\",\"width\":650,\"height\":380},{\"@type\":\"BreadcrumbList\",\"@id\":\"https:\/\/www.nexoinformativo.mx\/index.php\/2024\/12\/05\/sep-impulsa-la-redignificacion-de-la-educacion-media-superior-conalep-a-la-vanguardia\/#breadcrumb\",\"itemListElement\":[{\"@type\":\"ListItem\",\"position\":1,\"name\":\"Inicio\",\"item\":\"https:\/\/www.nexoinformativo.mx\/\"},{\"@type\":\"ListItem\",\"position\":2,\"name\":\"SEP impulsa la redignificaci\u00f3n de la educaci\u00f3n media superior: Conalep a la vanguardia\"}]},{\"@type\":\"WebSite\",\"@id\":\"https:\/\/www.nexoinformativo.mx\/#website\",\"url\":\"https:\/\/www.nexoinformativo.mx\/\",\"name\":\"Nexo Informativo Santiago de Quer\u00e9taro\",\"description\":\"Explora NexoInformativo y convi\u00e9rtete en parte de una comunidad que valora el conocimiento y la verdad. Tu nexoinformativo es tu puente hacia una comprensi\u00f3n m\u00e1s profunda del mundo que te rodea.\",\"publisher\":{\"@id\":\"https:\/\/www.nexoinformativo.mx\/#organization\"},\"potentialAction\":[{\"@type\":\"SearchAction\",\"target\":{\"@type\":\"EntryPoint\",\"urlTemplate\":\"https:\/\/www.nexoinformativo.mx\/?s={search_term_string}\"},\"query-input\":{\"@type\":\"PropertyValueSpecification\",\"valueRequired\":true,\"valueName\":\"search_term_string\"}}],\"inLanguage\":\"es\"},{\"@type\":\"Organization\",\"@id\":\"https:\/\/www.nexoinformativo.mx\/#organization\",\"name\":\"Nexo Informativo Santiago de Quer\u00e9taro\",\"url\":\"https:\/\/www.nexoinformativo.mx\/\",\"logo\":{\"@type\":\"ImageObject\",\"inLanguage\":\"es\",\"@id\":\"https:\/\/www.nexoinformativo.mx\/#\/schema\/logo\/image\/\",\"url\":\"https:\/\/www.nexoinformativo.mx\/wp-content\/uploads\/2024\/07\/nexoi-trasparente-2.png\",\"contentUrl\":\"https:\/\/www.nexoinformativo.mx\/wp-content\/uploads\/2024\/07\/nexoi-trasparente-2.png\",\"width\":816,\"height\":339,\"caption\":\"Nexo Informativo Santiago de Quer\u00e9taro\"},\"image\":{\"@id\":\"https:\/\/www.nexoinformativo.mx\/#\/schema\/logo\/image\/\"},\"sameAs\":[\"https:\/\/www.facebook.com\/people\/Nexo-Informativo\/61564066885511\/\"]},{\"@type\":\"Person\",\"@id\":\"https:\/\/www.nexoinformativo.mx\/#\/schema\/person\/7749d380ba08c8ca00d7bc76fd907b7d\",\"name\":\"Nexo Informativo\",\"image\":{\"@type\":\"ImageObject\",\"inLanguage\":\"es\",\"@id\":\"https:\/\/www.nexoinformativo.mx\/#\/schema\/person\/image\/\",\"url\":\"https:\/\/secure.gravatar.com\/avatar\/dde2928154642a13d95f87ddf1ea9718fe2b46760a005c53e41ff5ad610704e6?s=96&d=mm&r=g\",\"contentUrl\":\"https:\/\/secure.gravatar.com\/avatar\/dde2928154642a13d95f87ddf1ea9718fe2b46760a005c53e41ff5ad610704e6?s=96&d=mm&r=g\",\"caption\":\"Nexo Informativo\"},\"url\":\"https:\/\/www.nexoinformativo.mx\/index.php\/author\/edicion\/\"}]}<\/script>\n<!-- \/ Yoast SEO plugin. -->","yoast_head_json":{"title":"SEP impulsa la redignificaci\u00f3n de la educaci\u00f3n media superior: Conalep a la vanguardia | Nexo Informativo Santiago de Quer\u00e9taro","description":"SEP impulsa la redignificaci\u00f3n de la educaci\u00f3n media superior: Conalep a la vanguardia","robots":{"index":"index","follow":"follow","max-snippet":"max-snippet:-1","max-image-preview":"max-image-preview:large","max-video-preview":"max-video-preview:-1"},"canonical":"https:\/\/www.nexoinformativo.mx\/index.php\/2024\/12\/05\/sep-impulsa-la-redignificacion-de-la-educacion-media-superior-conalep-a-la-vanguardia\/","og_locale":"es_MX","og_type":"article","og_title":"SEP impulsa la redignificaci\u00f3n de la educaci\u00f3n media superior: Conalep a la vanguardia | Nexo Informativo Santiago de Quer\u00e9taro","og_description":"SEP impulsa la redignificaci\u00f3n de la educaci\u00f3n media superior: Conalep a la vanguardia","og_url":"https:\/\/www.nexoinformativo.mx\/index.php\/2024\/12\/05\/sep-impulsa-la-redignificacion-de-la-educacion-media-superior-conalep-a-la-vanguardia\/","og_site_name":"Nexo Informativo Santiago de Quer\u00e9taro","article_publisher":"https:\/\/www.facebook.com\/people\/Nexo-Informativo\/61564066885511\/","article_published_time":"2024-12-05T13:30:18+00:00","article_modified_time":"2024-12-05T17:13:25+00:00","og_image":[{"width":650,"height":380,"url":"https:\/\/www.nexoinformativo.mx\/wp-content\/uploads\/2024\/12\/IMG_8397.jpg","type":"image\/jpeg"}],"author":"Nexo Informativo","twitter_card":"summary_large_image","twitter_misc":{"Escrito por":"Nexo Informativo","Tiempo de lectura":"2 minutos"},"schema":{"@context":"https:\/\/schema.org","@graph":[{"@type":"Article","@id":"https:\/\/www.nexoinformativo.mx\/index.php\/2024\/12\/05\/sep-impulsa-la-redignificacion-de-la-educacion-media-superior-conalep-a-la-vanguardia\/#article","isPartOf":{"@id":"https:\/\/www.nexoinformativo.mx\/index.php\/2024\/12\/05\/sep-impulsa-la-redignificacion-de-la-educacion-media-superior-conalep-a-la-vanguardia\/"},"author":{"name":"Nexo Informativo","@id":"https:\/\/www.nexoinformativo.mx\/#\/schema\/person\/7749d380ba08c8ca00d7bc76fd907b7d"},"headline":"SEP impulsa la redignificaci\u00f3n de la educaci\u00f3n media superior: Conalep a la vanguardia","datePublished":"2024-12-05T13:30:18+00:00","dateModified":"2024-12-05T17:13:25+00:00","mainEntityOfPage":{"@id":"https:\/\/www.nexoinformativo.mx\/index.php\/2024\/12\/05\/sep-impulsa-la-redignificacion-de-la-educacion-media-superior-conalep-a-la-vanguardia\/"},"wordCount":275,"commentCount":0,"publisher":{"@id":"https:\/\/www.nexoinformativo.mx\/#organization"},"image":{"@id":"https:\/\/www.nexoinformativo.mx\/index.php\/2024\/12\/05\/sep-impulsa-la-redignificacion-de-la-educacion-media-superior-conalep-a-la-vanguardia\/#primaryimage"},"thumbnailUrl":"https:\/\/www.nexoinformativo.mx\/wp-content\/uploads\/2024\/12\/IMG_8397.jpg","keywords":["Conalep","Educaci\u00f3nMediaSuperior","NuevaEscuelaMexicana","SEP"],"articleSection":["Nacional","\u00daltima Hora"],"inLanguage":"es","potentialAction":[{"@type":"CommentAction","name":"Comment","target":["https:\/\/www.nexoinformativo.mx\/index.php\/2024\/12\/05\/sep-impulsa-la-redignificacion-de-la-educacion-media-superior-conalep-a-la-vanguardia\/#respond"]}]},{"@type":"WebPage","@id":"https:\/\/www.nexoinformativo.mx\/index.php\/2024\/12\/05\/sep-impulsa-la-redignificacion-de-la-educacion-media-superior-conalep-a-la-vanguardia\/","url":"https:\/\/www.nexoinformativo.mx\/index.php\/2024\/12\/05\/sep-impulsa-la-redignificacion-de-la-educacion-media-superior-conalep-a-la-vanguardia\/","name":"SEP impulsa la redignificaci\u00f3n de la educaci\u00f3n media superior: Conalep a la vanguardia | Nexo Informativo Santiago de Quer\u00e9taro","isPartOf":{"@id":"https:\/\/www.nexoinformativo.mx\/#website"},"primaryImageOfPage":{"@id":"https:\/\/www.nexoinformativo.mx\/index.php\/2024\/12\/05\/sep-impulsa-la-redignificacion-de-la-educacion-media-superior-conalep-a-la-vanguardia\/#primaryimage"},"image":{"@id":"https:\/\/www.nexoinformativo.mx\/index.php\/2024\/12\/05\/sep-impulsa-la-redignificacion-de-la-educacion-media-superior-conalep-a-la-vanguardia\/#primaryimage"},"thumbnailUrl":"https:\/\/www.nexoinformativo.mx\/wp-content\/uploads\/2024\/12\/IMG_8397.jpg","datePublished":"2024-12-05T13:30:18+00:00","dateModified":"2024-12-05T17:13:25+00:00","description":"SEP impulsa la redignificaci\u00f3n de la educaci\u00f3n media superior: Conalep a la vanguardia","breadcrumb":{"@id":"https:\/\/www.nexoinformativo.mx\/index.php\/2024\/12\/05\/sep-impulsa-la-redignificacion-de-la-educacion-media-superior-conalep-a-la-vanguardia\/#breadcrumb"},"inLanguage":"es","potentialAction":[{"@type":"ReadAction","target":["https:\/\/www.nexoinformativo.mx\/index.php\/2024\/12\/05\/sep-impulsa-la-redignificacion-de-la-educacion-media-superior-conalep-a-la-vanguardia\/"]}]},{"@type":"ImageObject","inLanguage":"es","@id":"https:\/\/www.nexoinformativo.mx\/index.php\/2024\/12\/05\/sep-impulsa-la-redignificacion-de-la-educacion-media-superior-conalep-a-la-vanguardia\/#primaryimage","url":"https:\/\/www.nexoinformativo.mx\/wp-content\/uploads\/2024\/12\/IMG_8397.jpg","contentUrl":"https:\/\/www.nexoinformativo.mx\/wp-content\/uploads\/2024\/12\/IMG_8397.jpg","width":650,"height":380},{"@type":"BreadcrumbList","@id":"https:\/\/www.nexoinformativo.mx\/index.php\/2024\/12\/05\/sep-impulsa-la-redignificacion-de-la-educacion-media-superior-conalep-a-la-vanguardia\/#breadcrumb","itemListElement":[{"@type":"ListItem","position":1,"name":"Inicio","item":"https:\/\/www.nexoinformativo.mx\/"},{"@type":"ListItem","position":2,"name":"SEP impulsa la redignificaci\u00f3n de la educaci\u00f3n media superior: Conalep a la vanguardia"}]},{"@type":"WebSite","@id":"https:\/\/www.nexoinformativo.mx\/#website","url":"https:\/\/www.nexoinformativo.mx\/","name":"Nexo Informativo Santiago de Quer\u00e9taro","description":"Explora NexoInformativo y convi\u00e9rtete en parte de una comunidad que valora el conocimiento y la verdad. Tu nexoinformativo es tu puente hacia una comprensi\u00f3n m\u00e1s profunda del mundo que te rodea.","publisher":{"@id":"https:\/\/www.nexoinformativo.mx\/#organization"},"potentialAction":[{"@type":"SearchAction","target":{"@type":"EntryPoint","urlTemplate":"https:\/\/www.nexoinformativo.mx\/?s={search_term_string}"},"query-input":{"@type":"PropertyValueSpecification","valueRequired":true,"valueName":"search_term_string"}}],"inLanguage":"es"},{"@type":"Organization","@id":"https:\/\/www.nexoinformativo.mx\/#organization","name":"Nexo Informativo Santiago de Quer\u00e9taro","url":"https:\/\/www.nexoinformativo.mx\/","logo":{"@type":"ImageObject","inLanguage":"es","@id":"https:\/\/www.nexoinformativo.mx\/#\/schema\/logo\/image\/","url":"https:\/\/www.nexoinformativo.mx\/wp-content\/uploads\/2024\/07\/nexoi-trasparente-2.png","contentUrl":"https:\/\/www.nexoinformativo.mx\/wp-content\/uploads\/2024\/07\/nexoi-trasparente-2.png","width":816,"height":339,"caption":"Nexo Informativo Santiago de Quer\u00e9taro"},"image":{"@id":"https:\/\/www.nexoinformativo.mx\/#\/schema\/logo\/image\/"},"sameAs":["https:\/\/www.facebook.com\/people\/Nexo-Informativo\/61564066885511\/"]},{"@type":"Person","@id":"https:\/\/www.nexoinformativo.mx\/#\/schema\/person\/7749d380ba08c8ca00d7bc76fd907b7d","name":"Nexo Informativo","image":{"@type":"ImageObject","inLanguage":"es","@id":"https:\/\/www.nexoinformativo.mx\/#\/schema\/person\/image\/","url":"https:\/\/secure.gravatar.com\/avatar\/dde2928154642a13d95f87ddf1ea9718fe2b46760a005c53e41ff5ad610704e6?s=96&d=mm&r=g","contentUrl":"https:\/\/secure.gravatar.com\/avatar\/dde2928154642a13d95f87ddf1ea9718fe2b46760a005c53e41ff5ad610704e6?s=96&d=mm&r=g","caption":"Nexo Informativo"},"url":"https:\/\/www.nexoinformativo.mx\/index.php\/author\/edicion\/"}]}},"_links":{"self":[{"href":"https:\/\/www.nexoinformativo.mx\/index.php\/wp-json\/wp\/v2\/posts\/7576","targetHints":{"allow":["GET"]}}],"collection":[{"href":"https:\/\/www.nexoinformativo.mx\/index.php\/wp-json\/wp\/v2\/posts"}],"about":[{"href":"https:\/\/www.nexoinformativo.mx\/index.php\/wp-json\/wp\/v2\/types\/post"}],"author":[{"embeddable":true,"href":"https:\/\/www.nexoinformativo.mx\/index.php\/wp-json\/wp\/v2\/users\/3"}],"replies":[{"embeddable":true,"href":"https:\/\/www.nexoinformativo.mx\/index.php\/wp-json\/wp\/v2\/comments?post=7576"}],"version-history":[{"count":3,"href":"https:\/\/www.nexoinformativo.mx\/index.php\/wp-json\/wp\/v2\/posts\/7576\/revisions"}],"predecessor-version":[{"id":7580,"href":"https:\/\/www.nexoinformativo.mx\/index.php\/wp-json\/wp\/v2\/posts\/7576\/revisions\/7580"}],"wp:featuredmedia":[{"embeddable":true,"href":"https:\/\/www.nexoinformativo.mx\/index.php\/wp-json\/wp\/v2\/media\/7577"}],"wp:attachment":[{"href":"https:\/\/www.nexoinformativo.mx\/index.php\/wp-json\/wp\/v2\/media?parent=7576"}],"wp:term":[{"taxonomy":"category","embeddable":true,"href":"https:\/\/www.nexoinformativo.mx\/index.php\/wp-json\/wp\/v2\/categories?post=7576"},{"taxonomy":"post_tag","embeddable":true,"href":"https:\/\/www.nexoinformativo.mx\/index.php\/wp-json\/wp\/v2\/tags?post=7576"}],"curies":[{"name":"wp","href":"https:\/\/api.w.org\/{rel}","templated":true}]}}