{"id":7596,"date":"2024-12-05T09:30:48","date_gmt":"2024-12-05T15:30:48","guid":{"rendered":"https:\/\/www.nexoinformativo.mx\/?p=7596"},"modified":"2024-12-05T12:41:29","modified_gmt":"2024-12-05T18:41:29","slug":"queretaro-se-recupera-restaurantes-superan-el-desafio-tras-incidente-de-los-cantaritos","status":"publish","type":"post","link":"https:\/\/www.nexoinformativo.mx\/index.php\/2024\/12\/05\/queretaro-se-recupera-restaurantes-superan-el-desafio-tras-incidente-de-los-cantaritos\/","title":{"rendered":"Quer\u00e9taro se recupera: restaurantes superan el desaf\u00edo tras incidente de Los Cantaritos"},"content":{"rendered":"<p style=\"text-align: justify;\" data-sourcepos=\"9:1-9:309\"><strong>La C\u00e1mara Nacional de la Industria de Restaurantes y Alimentos Condimentados<\/strong> (CANIRAC) en Quer\u00e9taro ha informado de una gradual recuperaci\u00f3n en el sector restaurantero, luego de la significativa baja en ventas registrada tras el tr\u00e1gico incidente en el bar <strong>&#8220;Los Cantaritos&#8221;<\/strong> el pasado 9 de noviembre.<\/p>\n<p>&nbsp;<\/p>\n<p style=\"text-align: justify;\" data-sourcepos=\"11:1-11:265\">Rosalinda Hern\u00e1ndez, presidenta de la CANIRAC en la entidad, asegur\u00f3 que, si bien el incidente gener\u00f3 temor entre los comensales y afect\u00f3 considerablemente las ventas, la situaci\u00f3n ha comenzado a mejorar gracias a eventos como el Torneo de la Amistad y el Buen Fin.<\/p>\n<p>&nbsp;<\/p>\n<p style=\"text-align: justify;\" data-sourcepos=\"13:1-13:307\">&#8220;Despu\u00e9s del 9 de noviembre hubo una baja en ventas, pero afortunadamente se ha recuperado un poco el sector&#8221;, se\u00f1al\u00f3 Hern\u00e1ndez. Sin embargo, reconoci\u00f3 que la recuperaci\u00f3n ha sido lenta y que algunos establecimientos han tenido que ajustar sus horarios de cierre, lo que ha impactado sus ingresos.<\/p>\n<p>&nbsp;<\/p>\n<p style=\"text-align: justify;\" data-sourcepos=\"15:1-15:314\">La l\u00edder empresarial destac\u00f3 la importancia de eventos como el Buen Fin para reactivar la econom\u00eda local y ayudar a los restaurantes a recuperar terreno.<\/p>\n<p>&nbsp;<\/p>\n<p style=\"text-align: justify;\" data-sourcepos=\"15:1-15:314\">Asimismo, expres\u00f3 su optimismo ante la temporada navide\u00f1a, esperando que se traduzca en un mayor flujo de clientes y una recuperaci\u00f3n a\u00fan m\u00e1s s\u00f3lida del sector.<\/p>\n<p>&nbsp;<\/p>\n<p style=\"text-align: center;\" data-sourcepos=\"15:1-15:314\"><em><strong>\u00a1Informaci\u00f3n que transforma!<\/strong><\/em><\/p>\n","protected":false},"excerpt":{"rendered":"<p>La C\u00e1mara Nacional de la Industria de Restaurantes y Alimentos Condimentados (CANIRAC) en Quer\u00e9taro ha informado de una gradual recuperaci\u00f3n en el sector restaurantero, luego de la significativa baja en ventas registrada tras el tr\u00e1gico incidente en el bar &#8220;Los Cantaritos&#8221; el pasado 9 de noviembre.<\/p>\n","protected":false},"author":3,"featured_media":7597,"comment_status":"open","ping_status":"open","sticky":false,"template":"","format":"standard","meta":{"footnotes":""},"categories":[5,42,58],"tags":[2154,133,2525,2399],"class_list":["post-7596","post","type-post","status-publish","format-standard","has-post-thumbnail","hentry","category-economia","category-estado","category-ultima-hora","tag-loscantaritos","tag-queretaro","tag-recuperacioneconomica","tag-restaurantes"],"yoast_head":"<!-- This site is optimized with the Yoast SEO plugin v25.0 - https:\/\/yoast.com\/wordpress\/plugins\/seo\/ -->\n<title>Quer\u00e9taro se recupera: restaurantes superan el desaf\u00edo tras incidente de Los Cantaritos | Nexo Informativo Santiago de Quer\u00e9taro<\/title>\n<meta name=\"description\" content=\"Quer\u00e9taro se recupera: restaurantes superan el desaf\u00edo tras incidente de Los Cantaritos\" \/>\n<meta name=\"robots\" content=\"index, follow, max-snippet:-1, max-image-preview:large, max-video-preview:-1\" \/>\n<link rel=\"canonical\" href=\"https:\/\/www.nexoinformativo.mx\/index.php\/2024\/12\/05\/queretaro-se-recupera-restaurantes-superan-el-desafio-tras-incidente-de-los-cantaritos\/\" \/>\n<meta property=\"og:locale\" content=\"es_MX\" \/>\n<meta property=\"og:type\" content=\"article\" \/>\n<meta property=\"og:title\" content=\"Quer\u00e9taro se recupera: restaurantes superan el desaf\u00edo tras incidente de Los Cantaritos | Nexo Informativo Santiago de Quer\u00e9taro\" \/>\n<meta property=\"og:description\" content=\"Quer\u00e9taro se recupera: restaurantes superan el desaf\u00edo tras incidente de Los Cantaritos\" \/>\n<meta property=\"og:url\" content=\"https:\/\/www.nexoinformativo.mx\/index.php\/2024\/12\/05\/queretaro-se-recupera-restaurantes-superan-el-desafio-tras-incidente-de-los-cantaritos\/\" \/>\n<meta property=\"og:site_name\" content=\"Nexo Informativo Santiago de Quer\u00e9taro\" \/>\n<meta property=\"article:publisher\" content=\"https:\/\/www.facebook.com\/people\/Nexo-Informativo\/61564066885511\/\" \/>\n<meta property=\"article:published_time\" content=\"2024-12-05T15:30:48+00:00\" \/>\n<meta property=\"article:modified_time\" content=\"2024-12-05T18:41:29+00:00\" \/>\n<meta property=\"og:image\" content=\"https:\/\/www.nexoinformativo.mx\/wp-content\/uploads\/2024\/12\/PHOTO-2024-12-05-11-13-20-2.jpg\" \/>\n\t<meta property=\"og:image:width\" content=\"551\" \/>\n\t<meta property=\"og:image:height\" content=\"365\" \/>\n\t<meta property=\"og:image:type\" content=\"image\/jpeg\" \/>\n<meta name=\"author\" content=\"Nexo Informativo\" \/>\n<meta name=\"twitter:card\" content=\"summary_large_image\" \/>\n<meta name=\"twitter:label1\" content=\"Escrito por\" \/>\n\t<meta name=\"twitter:data1\" content=\"Nexo Informativo\" \/>\n\t<meta name=\"twitter:label2\" content=\"Tiempo de lectura\" \/>\n\t<meta name=\"twitter:data2\" content=\"2 minutos\" \/>\n<script type=\"application\/ld+json\" class=\"yoast-schema-graph\">{\"@context\":\"https:\/\/schema.org\",\"@graph\":[{\"@type\":\"Article\",\"@id\":\"https:\/\/www.nexoinformativo.mx\/index.php\/2024\/12\/05\/queretaro-se-recupera-restaurantes-superan-el-desafio-tras-incidente-de-los-cantaritos\/#article\",\"isPartOf\":{\"@id\":\"https:\/\/www.nexoinformativo.mx\/index.php\/2024\/12\/05\/queretaro-se-recupera-restaurantes-superan-el-desafio-tras-incidente-de-los-cantaritos\/\"},\"author\":{\"name\":\"Nexo Informativo\",\"@id\":\"https:\/\/www.nexoinformativo.mx\/#\/schema\/person\/7749d380ba08c8ca00d7bc76fd907b7d\"},\"headline\":\"Quer\u00e9taro se recupera: restaurantes superan el desaf\u00edo tras incidente de Los Cantaritos\",\"datePublished\":\"2024-12-05T15:30:48+00:00\",\"dateModified\":\"2024-12-05T18:41:29+00:00\",\"mainEntityOfPage\":{\"@id\":\"https:\/\/www.nexoinformativo.mx\/index.php\/2024\/12\/05\/queretaro-se-recupera-restaurantes-superan-el-desafio-tras-incidente-de-los-cantaritos\/\"},\"wordCount\":227,\"commentCount\":0,\"publisher\":{\"@id\":\"https:\/\/www.nexoinformativo.mx\/#organization\"},\"image\":{\"@id\":\"https:\/\/www.nexoinformativo.mx\/index.php\/2024\/12\/05\/queretaro-se-recupera-restaurantes-superan-el-desafio-tras-incidente-de-los-cantaritos\/#primaryimage\"},\"thumbnailUrl\":\"https:\/\/www.nexoinformativo.mx\/wp-content\/uploads\/2024\/12\/PHOTO-2024-12-05-11-13-20-2.jpg\",\"keywords\":[\"LosCantaritos\",\"Quer\u00e9taro\",\"Recuperaci\u00f3nEcon\u00f3mica\",\"Restaurantes\"],\"articleSection\":[\"Econom\u00eda\",\"Estado\",\"\u00daltima Hora\"],\"inLanguage\":\"es\",\"potentialAction\":[{\"@type\":\"CommentAction\",\"name\":\"Comment\",\"target\":[\"https:\/\/www.nexoinformativo.mx\/index.php\/2024\/12\/05\/queretaro-se-recupera-restaurantes-superan-el-desafio-tras-incidente-de-los-cantaritos\/#respond\"]}]},{\"@type\":\"WebPage\",\"@id\":\"https:\/\/www.nexoinformativo.mx\/index.php\/2024\/12\/05\/queretaro-se-recupera-restaurantes-superan-el-desafio-tras-incidente-de-los-cantaritos\/\",\"url\":\"https:\/\/www.nexoinformativo.mx\/index.php\/2024\/12\/05\/queretaro-se-recupera-restaurantes-superan-el-desafio-tras-incidente-de-los-cantaritos\/\",\"name\":\"Quer\u00e9taro se recupera: restaurantes superan el desaf\u00edo tras incidente de Los Cantaritos | Nexo Informativo Santiago de Quer\u00e9taro\",\"isPartOf\":{\"@id\":\"https:\/\/www.nexoinformativo.mx\/#website\"},\"primaryImageOfPage\":{\"@id\":\"https:\/\/www.nexoinformativo.mx\/index.php\/2024\/12\/05\/queretaro-se-recupera-restaurantes-superan-el-desafio-tras-incidente-de-los-cantaritos\/#primaryimage\"},\"image\":{\"@id\":\"https:\/\/www.nexoinformativo.mx\/index.php\/2024\/12\/05\/queretaro-se-recupera-restaurantes-superan-el-desafio-tras-incidente-de-los-cantaritos\/#primaryimage\"},\"thumbnailUrl\":\"https:\/\/www.nexoinformativo.mx\/wp-content\/uploads\/2024\/12\/PHOTO-2024-12-05-11-13-20-2.jpg\",\"datePublished\":\"2024-12-05T15:30:48+00:00\",\"dateModified\":\"2024-12-05T18:41:29+00:00\",\"description\":\"Quer\u00e9taro se recupera: restaurantes superan el desaf\u00edo tras incidente de Los Cantaritos\",\"breadcrumb\":{\"@id\":\"https:\/\/www.nexoinformativo.mx\/index.php\/2024\/12\/05\/queretaro-se-recupera-restaurantes-superan-el-desafio-tras-incidente-de-los-cantaritos\/#breadcrumb\"},\"inLanguage\":\"es\",\"potentialAction\":[{\"@type\":\"ReadAction\",\"target\":[\"https:\/\/www.nexoinformativo.mx\/index.php\/2024\/12\/05\/queretaro-se-recupera-restaurantes-superan-el-desafio-tras-incidente-de-los-cantaritos\/\"]}]},{\"@type\":\"ImageObject\",\"inLanguage\":\"es\",\"@id\":\"https:\/\/www.nexoinformativo.mx\/index.php\/2024\/12\/05\/queretaro-se-recupera-restaurantes-superan-el-desafio-tras-incidente-de-los-cantaritos\/#primaryimage\",\"url\":\"https:\/\/www.nexoinformativo.mx\/wp-content\/uploads\/2024\/12\/PHOTO-2024-12-05-11-13-20-2.jpg\",\"contentUrl\":\"https:\/\/www.nexoinformativo.mx\/wp-content\/uploads\/2024\/12\/PHOTO-2024-12-05-11-13-20-2.jpg\",\"width\":551,\"height\":365},{\"@type\":\"BreadcrumbList\",\"@id\":\"https:\/\/www.nexoinformativo.mx\/index.php\/2024\/12\/05\/queretaro-se-recupera-restaurantes-superan-el-desafio-tras-incidente-de-los-cantaritos\/#breadcrumb\",\"itemListElement\":[{\"@type\":\"ListItem\",\"position\":1,\"name\":\"Inicio\",\"item\":\"https:\/\/www.nexoinformativo.mx\/\"},{\"@type\":\"ListItem\",\"position\":2,\"name\":\"Quer\u00e9taro se recupera: restaurantes superan el desaf\u00edo tras incidente de Los Cantaritos\"}]},{\"@type\":\"WebSite\",\"@id\":\"https:\/\/www.nexoinformativo.mx\/#website\",\"url\":\"https:\/\/www.nexoinformativo.mx\/\",\"name\":\"Nexo Informativo Santiago de Quer\u00e9taro\",\"description\":\"Explora NexoInformativo y convi\u00e9rtete en parte de una comunidad que valora el conocimiento y la verdad. Tu nexoinformativo es tu puente hacia una comprensi\u00f3n m\u00e1s profunda del mundo que te rodea.\",\"publisher\":{\"@id\":\"https:\/\/www.nexoinformativo.mx\/#organization\"},\"potentialAction\":[{\"@type\":\"SearchAction\",\"target\":{\"@type\":\"EntryPoint\",\"urlTemplate\":\"https:\/\/www.nexoinformativo.mx\/?s={search_term_string}\"},\"query-input\":{\"@type\":\"PropertyValueSpecification\",\"valueRequired\":true,\"valueName\":\"search_term_string\"}}],\"inLanguage\":\"es\"},{\"@type\":\"Organization\",\"@id\":\"https:\/\/www.nexoinformativo.mx\/#organization\",\"name\":\"Nexo Informativo Santiago de Quer\u00e9taro\",\"url\":\"https:\/\/www.nexoinformativo.mx\/\",\"logo\":{\"@type\":\"ImageObject\",\"inLanguage\":\"es\",\"@id\":\"https:\/\/www.nexoinformativo.mx\/#\/schema\/logo\/image\/\",\"url\":\"https:\/\/www.nexoinformativo.mx\/wp-content\/uploads\/2024\/07\/nexoi-trasparente-2.png\",\"contentUrl\":\"https:\/\/www.nexoinformativo.mx\/wp-content\/uploads\/2024\/07\/nexoi-trasparente-2.png\",\"width\":816,\"height\":339,\"caption\":\"Nexo Informativo Santiago de Quer\u00e9taro\"},\"image\":{\"@id\":\"https:\/\/www.nexoinformativo.mx\/#\/schema\/logo\/image\/\"},\"sameAs\":[\"https:\/\/www.facebook.com\/people\/Nexo-Informativo\/61564066885511\/\"]},{\"@type\":\"Person\",\"@id\":\"https:\/\/www.nexoinformativo.mx\/#\/schema\/person\/7749d380ba08c8ca00d7bc76fd907b7d\",\"name\":\"Nexo Informativo\",\"image\":{\"@type\":\"ImageObject\",\"inLanguage\":\"es\",\"@id\":\"https:\/\/www.nexoinformativo.mx\/#\/schema\/person\/image\/\",\"url\":\"https:\/\/secure.gravatar.com\/avatar\/dde2928154642a13d95f87ddf1ea9718fe2b46760a005c53e41ff5ad610704e6?s=96&d=mm&r=g\",\"contentUrl\":\"https:\/\/secure.gravatar.com\/avatar\/dde2928154642a13d95f87ddf1ea9718fe2b46760a005c53e41ff5ad610704e6?s=96&d=mm&r=g\",\"caption\":\"Nexo Informativo\"},\"url\":\"https:\/\/www.nexoinformativo.mx\/index.php\/author\/edicion\/\"}]}<\/script>\n<!-- \/ Yoast SEO plugin. -->","yoast_head_json":{"title":"Quer\u00e9taro se recupera: restaurantes superan el desaf\u00edo tras incidente de Los Cantaritos | Nexo Informativo Santiago de Quer\u00e9taro","description":"Quer\u00e9taro se recupera: restaurantes superan el desaf\u00edo tras incidente de Los Cantaritos","robots":{"index":"index","follow":"follow","max-snippet":"max-snippet:-1","max-image-preview":"max-image-preview:large","max-video-preview":"max-video-preview:-1"},"canonical":"https:\/\/www.nexoinformativo.mx\/index.php\/2024\/12\/05\/queretaro-se-recupera-restaurantes-superan-el-desafio-tras-incidente-de-los-cantaritos\/","og_locale":"es_MX","og_type":"article","og_title":"Quer\u00e9taro se recupera: restaurantes superan el desaf\u00edo tras incidente de Los Cantaritos | Nexo Informativo Santiago de Quer\u00e9taro","og_description":"Quer\u00e9taro se recupera: restaurantes superan el desaf\u00edo tras incidente de Los Cantaritos","og_url":"https:\/\/www.nexoinformativo.mx\/index.php\/2024\/12\/05\/queretaro-se-recupera-restaurantes-superan-el-desafio-tras-incidente-de-los-cantaritos\/","og_site_name":"Nexo Informativo Santiago de Quer\u00e9taro","article_publisher":"https:\/\/www.facebook.com\/people\/Nexo-Informativo\/61564066885511\/","article_published_time":"2024-12-05T15:30:48+00:00","article_modified_time":"2024-12-05T18:41:29+00:00","og_image":[{"width":551,"height":365,"url":"https:\/\/www.nexoinformativo.mx\/wp-content\/uploads\/2024\/12\/PHOTO-2024-12-05-11-13-20-2.jpg","type":"image\/jpeg"}],"author":"Nexo Informativo","twitter_card":"summary_large_image","twitter_misc":{"Escrito por":"Nexo Informativo","Tiempo de lectura":"2 minutos"},"schema":{"@context":"https:\/\/schema.org","@graph":[{"@type":"Article","@id":"https:\/\/www.nexoinformativo.mx\/index.php\/2024\/12\/05\/queretaro-se-recupera-restaurantes-superan-el-desafio-tras-incidente-de-los-cantaritos\/#article","isPartOf":{"@id":"https:\/\/www.nexoinformativo.mx\/index.php\/2024\/12\/05\/queretaro-se-recupera-restaurantes-superan-el-desafio-tras-incidente-de-los-cantaritos\/"},"author":{"name":"Nexo Informativo","@id":"https:\/\/www.nexoinformativo.mx\/#\/schema\/person\/7749d380ba08c8ca00d7bc76fd907b7d"},"headline":"Quer\u00e9taro se recupera: restaurantes superan el desaf\u00edo tras incidente de Los Cantaritos","datePublished":"2024-12-05T15:30:48+00:00","dateModified":"2024-12-05T18:41:29+00:00","mainEntityOfPage":{"@id":"https:\/\/www.nexoinformativo.mx\/index.php\/2024\/12\/05\/queretaro-se-recupera-restaurantes-superan-el-desafio-tras-incidente-de-los-cantaritos\/"},"wordCount":227,"commentCount":0,"publisher":{"@id":"https:\/\/www.nexoinformativo.mx\/#organization"},"image":{"@id":"https:\/\/www.nexoinformativo.mx\/index.php\/2024\/12\/05\/queretaro-se-recupera-restaurantes-superan-el-desafio-tras-incidente-de-los-cantaritos\/#primaryimage"},"thumbnailUrl":"https:\/\/www.nexoinformativo.mx\/wp-content\/uploads\/2024\/12\/PHOTO-2024-12-05-11-13-20-2.jpg","keywords":["LosCantaritos","Quer\u00e9taro","Recuperaci\u00f3nEcon\u00f3mica","Restaurantes"],"articleSection":["Econom\u00eda","Estado","\u00daltima Hora"],"inLanguage":"es","potentialAction":[{"@type":"CommentAction","name":"Comment","target":["https:\/\/www.nexoinformativo.mx\/index.php\/2024\/12\/05\/queretaro-se-recupera-restaurantes-superan-el-desafio-tras-incidente-de-los-cantaritos\/#respond"]}]},{"@type":"WebPage","@id":"https:\/\/www.nexoinformativo.mx\/index.php\/2024\/12\/05\/queretaro-se-recupera-restaurantes-superan-el-desafio-tras-incidente-de-los-cantaritos\/","url":"https:\/\/www.nexoinformativo.mx\/index.php\/2024\/12\/05\/queretaro-se-recupera-restaurantes-superan-el-desafio-tras-incidente-de-los-cantaritos\/","name":"Quer\u00e9taro se recupera: restaurantes superan el desaf\u00edo tras incidente de Los Cantaritos | Nexo Informativo Santiago de Quer\u00e9taro","isPartOf":{"@id":"https:\/\/www.nexoinformativo.mx\/#website"},"primaryImageOfPage":{"@id":"https:\/\/www.nexoinformativo.mx\/index.php\/2024\/12\/05\/queretaro-se-recupera-restaurantes-superan-el-desafio-tras-incidente-de-los-cantaritos\/#primaryimage"},"image":{"@id":"https:\/\/www.nexoinformativo.mx\/index.php\/2024\/12\/05\/queretaro-se-recupera-restaurantes-superan-el-desafio-tras-incidente-de-los-cantaritos\/#primaryimage"},"thumbnailUrl":"https:\/\/www.nexoinformativo.mx\/wp-content\/uploads\/2024\/12\/PHOTO-2024-12-05-11-13-20-2.jpg","datePublished":"2024-12-05T15:30:48+00:00","dateModified":"2024-12-05T18:41:29+00:00","description":"Quer\u00e9taro se recupera: restaurantes superan el desaf\u00edo tras incidente de Los Cantaritos","breadcrumb":{"@id":"https:\/\/www.nexoinformativo.mx\/index.php\/2024\/12\/05\/queretaro-se-recupera-restaurantes-superan-el-desafio-tras-incidente-de-los-cantaritos\/#breadcrumb"},"inLanguage":"es","potentialAction":[{"@type":"ReadAction","target":["https:\/\/www.nexoinformativo.mx\/index.php\/2024\/12\/05\/queretaro-se-recupera-restaurantes-superan-el-desafio-tras-incidente-de-los-cantaritos\/"]}]},{"@type":"ImageObject","inLanguage":"es","@id":"https:\/\/www.nexoinformativo.mx\/index.php\/2024\/12\/05\/queretaro-se-recupera-restaurantes-superan-el-desafio-tras-incidente-de-los-cantaritos\/#primaryimage","url":"https:\/\/www.nexoinformativo.mx\/wp-content\/uploads\/2024\/12\/PHOTO-2024-12-05-11-13-20-2.jpg","contentUrl":"https:\/\/www.nexoinformativo.mx\/wp-content\/uploads\/2024\/12\/PHOTO-2024-12-05-11-13-20-2.jpg","width":551,"height":365},{"@type":"BreadcrumbList","@id":"https:\/\/www.nexoinformativo.mx\/index.php\/2024\/12\/05\/queretaro-se-recupera-restaurantes-superan-el-desafio-tras-incidente-de-los-cantaritos\/#breadcrumb","itemListElement":[{"@type":"ListItem","position":1,"name":"Inicio","item":"https:\/\/www.nexoinformativo.mx\/"},{"@type":"ListItem","position":2,"name":"Quer\u00e9taro se recupera: restaurantes superan el desaf\u00edo tras incidente de Los Cantaritos"}]},{"@type":"WebSite","@id":"https:\/\/www.nexoinformativo.mx\/#website","url":"https:\/\/www.nexoinformativo.mx\/","name":"Nexo Informativo Santiago de Quer\u00e9taro","description":"Explora NexoInformativo y convi\u00e9rtete en parte de una comunidad que valora el conocimiento y la verdad. Tu nexoinformativo es tu puente hacia una comprensi\u00f3n m\u00e1s profunda del mundo que te rodea.","publisher":{"@id":"https:\/\/www.nexoinformativo.mx\/#organization"},"potentialAction":[{"@type":"SearchAction","target":{"@type":"EntryPoint","urlTemplate":"https:\/\/www.nexoinformativo.mx\/?s={search_term_string}"},"query-input":{"@type":"PropertyValueSpecification","valueRequired":true,"valueName":"search_term_string"}}],"inLanguage":"es"},{"@type":"Organization","@id":"https:\/\/www.nexoinformativo.mx\/#organization","name":"Nexo Informativo Santiago de Quer\u00e9taro","url":"https:\/\/www.nexoinformativo.mx\/","logo":{"@type":"ImageObject","inLanguage":"es","@id":"https:\/\/www.nexoinformativo.mx\/#\/schema\/logo\/image\/","url":"https:\/\/www.nexoinformativo.mx\/wp-content\/uploads\/2024\/07\/nexoi-trasparente-2.png","contentUrl":"https:\/\/www.nexoinformativo.mx\/wp-content\/uploads\/2024\/07\/nexoi-trasparente-2.png","width":816,"height":339,"caption":"Nexo Informativo Santiago de Quer\u00e9taro"},"image":{"@id":"https:\/\/www.nexoinformativo.mx\/#\/schema\/logo\/image\/"},"sameAs":["https:\/\/www.facebook.com\/people\/Nexo-Informativo\/61564066885511\/"]},{"@type":"Person","@id":"https:\/\/www.nexoinformativo.mx\/#\/schema\/person\/7749d380ba08c8ca00d7bc76fd907b7d","name":"Nexo Informativo","image":{"@type":"ImageObject","inLanguage":"es","@id":"https:\/\/www.nexoinformativo.mx\/#\/schema\/person\/image\/","url":"https:\/\/secure.gravatar.com\/avatar\/dde2928154642a13d95f87ddf1ea9718fe2b46760a005c53e41ff5ad610704e6?s=96&d=mm&r=g","contentUrl":"https:\/\/secure.gravatar.com\/avatar\/dde2928154642a13d95f87ddf1ea9718fe2b46760a005c53e41ff5ad610704e6?s=96&d=mm&r=g","caption":"Nexo Informativo"},"url":"https:\/\/www.nexoinformativo.mx\/index.php\/author\/edicion\/"}]}},"_links":{"self":[{"href":"https:\/\/www.nexoinformativo.mx\/index.php\/wp-json\/wp\/v2\/posts\/7596","targetHints":{"allow":["GET"]}}],"collection":[{"href":"https:\/\/www.nexoinformativo.mx\/index.php\/wp-json\/wp\/v2\/posts"}],"about":[{"href":"https:\/\/www.nexoinformativo.mx\/index.php\/wp-json\/wp\/v2\/types\/post"}],"author":[{"embeddable":true,"href":"https:\/\/www.nexoinformativo.mx\/index.php\/wp-json\/wp\/v2\/users\/3"}],"replies":[{"embeddable":true,"href":"https:\/\/www.nexoinformativo.mx\/index.php\/wp-json\/wp\/v2\/comments?post=7596"}],"version-history":[{"count":3,"href":"https:\/\/www.nexoinformativo.mx\/index.php\/wp-json\/wp\/v2\/posts\/7596\/revisions"}],"predecessor-version":[{"id":7600,"href":"https:\/\/www.nexoinformativo.mx\/index.php\/wp-json\/wp\/v2\/posts\/7596\/revisions\/7600"}],"wp:featuredmedia":[{"embeddable":true,"href":"https:\/\/www.nexoinformativo.mx\/index.php\/wp-json\/wp\/v2\/media\/7597"}],"wp:attachment":[{"href":"https:\/\/www.nexoinformativo.mx\/index.php\/wp-json\/wp\/v2\/media?parent=7596"}],"wp:term":[{"taxonomy":"category","embeddable":true,"href":"https:\/\/www.nexoinformativo.mx\/index.php\/wp-json\/wp\/v2\/categories?post=7596"},{"taxonomy":"post_tag","embeddable":true,"href":"https:\/\/www.nexoinformativo.mx\/index.php\/wp-json\/wp\/v2\/tags?post=7596"}],"curies":[{"name":"wp","href":"https:\/\/api.w.org\/{rel}","templated":true}]}}