{"id":7611,"date":"2024-12-05T12:30:53","date_gmt":"2024-12-05T18:30:53","guid":{"rendered":"https:\/\/www.nexoinformativo.mx\/?p=7611"},"modified":"2024-12-05T13:48:39","modified_gmt":"2024-12-05T19:48:39","slug":"el-marques-y-gobierno-estatal-unen-fuerzas-para-impulsar-el-desarrollo-municipal","status":"publish","type":"post","link":"https:\/\/www.nexoinformativo.mx\/index.php\/2024\/12\/05\/el-marques-y-gobierno-estatal-unen-fuerzas-para-impulsar-el-desarrollo-municipal\/","title":{"rendered":"El Marqu\u00e9s y Gobierno Estatal unen fuerzas para impulsar el desarrollo municipal"},"content":{"rendered":"<p style=\"text-align: justify;\" data-sourcepos=\"9:1-9:460\">El municipio de El Marqu\u00e9s y el Gobierno del Estado de Quer\u00e9taro han dado un paso importante para fortalecer la colaboraci\u00f3n en materia de desarrollo urbano y obra p\u00fablica.<\/p>\n<p>&nbsp;<\/p>\n<p style=\"text-align: justify;\" data-sourcepos=\"9:1-9:460\">El titular de la Secretar\u00eda de Desarrollo Urbano y Obras P\u00fablicas (SDUOP), Fernando Gonz\u00e1lez Salinas, y el alcalde de El Marqu\u00e9s, Rodrigo Monsalvo Castel\u00e1n, firmaron una serie de convenios que permitir\u00e1n llevar a cabo proyectos conjuntos en beneficio de los habitantes de la demarcaci\u00f3n.<\/p>\n<p>&nbsp;<\/p>\n<p style=\"text-align: justify;\" data-sourcepos=\"11:1-11:215\">Estos acuerdos abarcan diversas \u00e1reas, como educaci\u00f3n, conservaci\u00f3n de carreteras, obra social y desarrollo urbano. El objetivo es mejorar la infraestructura, el equipamiento y la calidad de vida de los marquesinos.<\/p>\n<p>&nbsp;<\/p>\n<p style=\"text-align: justify;\" data-sourcepos=\"13:1-13:389\">&#8220;Con esta firma de convenios, reafirmamos nuestro compromiso de trabajar de manera coordinada para impulsar el desarrollo de El Marqu\u00e9s&#8221;, asegur\u00f3 el secretario Gonz\u00e1lez Salinas.<\/p>\n<p>&nbsp;<\/p>\n<p style=\"text-align: justify;\" data-sourcepos=\"13:1-13:389\">Por su parte, el alcalde Monsalvo Castel\u00e1n agradeci\u00f3 el apoyo del Gobierno Estatal y destac\u00f3 que esta alianza permitir\u00e1 fortalecer los servicios p\u00fablicos y mejorar la calidad de vida de los habitantes.<\/p>\n<p>&nbsp;<\/p>\n<p style=\"text-align: justify;\" data-sourcepos=\"15:1-15:190\">La firma de estos convenios cont\u00f3 con la presencia de diversos funcionarios estatales, quienes reiteraron el compromiso de trabajar en equipo para sacar adelante los proyectos en El Marqu\u00e9s.<\/p>\n<p>&nbsp;<\/p>\n<p style=\"text-align: center;\" data-sourcepos=\"15:1-15:190\"><em><strong>\u00a1Informaci\u00f3n que transforma!<\/strong><\/em><\/p>\n","protected":false},"excerpt":{"rendered":"<p>El municipio de El Marqu\u00e9s y el Gobierno del Estado de Quer\u00e9taro han dado un paso importante para fortalecer la colaboraci\u00f3n en materia de desarrollo urbano y obra p\u00fablica.<\/p>\n","protected":false},"author":3,"featured_media":7612,"comment_status":"open","ping_status":"open","sticky":false,"template":"","format":"standard","meta":{"footnotes":""},"categories":[65,58],"tags":[1743,468,149,133],"class_list":["post-7611","post","type-post","status-publish","format-standard","has-post-thumbnail","hentry","category-municipios","category-ultima-hora","tag-colaboracion","tag-desarrollourbano","tag-elmarques","tag-queretaro"],"yoast_head":"<!-- This site is optimized with the Yoast SEO plugin v25.0 - https:\/\/yoast.com\/wordpress\/plugins\/seo\/ -->\n<title>El Marqu\u00e9s y Gobierno Estatal unen fuerzas para impulsar el desarrollo municipal | Nexo Informativo Santiago de Quer\u00e9taro<\/title>\n<meta name=\"description\" content=\"El Marqu\u00e9s y Gobierno Estatal unen fuerzas para impulsar el desarrollo municipal\" \/>\n<meta name=\"robots\" content=\"index, follow, max-snippet:-1, max-image-preview:large, max-video-preview:-1\" \/>\n<link rel=\"canonical\" href=\"https:\/\/www.nexoinformativo.mx\/index.php\/2024\/12\/05\/el-marques-y-gobierno-estatal-unen-fuerzas-para-impulsar-el-desarrollo-municipal\/\" \/>\n<meta property=\"og:locale\" content=\"es_MX\" \/>\n<meta property=\"og:type\" content=\"article\" \/>\n<meta property=\"og:title\" content=\"El Marqu\u00e9s y Gobierno Estatal unen fuerzas para impulsar el desarrollo municipal | Nexo Informativo Santiago de Quer\u00e9taro\" \/>\n<meta property=\"og:description\" content=\"El Marqu\u00e9s y Gobierno Estatal unen fuerzas para impulsar el desarrollo municipal\" \/>\n<meta property=\"og:url\" content=\"https:\/\/www.nexoinformativo.mx\/index.php\/2024\/12\/05\/el-marques-y-gobierno-estatal-unen-fuerzas-para-impulsar-el-desarrollo-municipal\/\" \/>\n<meta property=\"og:site_name\" content=\"Nexo Informativo Santiago de Quer\u00e9taro\" \/>\n<meta property=\"article:publisher\" content=\"https:\/\/www.facebook.com\/people\/Nexo-Informativo\/61564066885511\/\" \/>\n<meta property=\"article:published_time\" content=\"2024-12-05T18:30:53+00:00\" \/>\n<meta property=\"article:modified_time\" content=\"2024-12-05T19:48:39+00:00\" \/>\n<meta property=\"og:image\" content=\"https:\/\/www.nexoinformativo.mx\/wp-content\/uploads\/2024\/12\/PHOTO-2024-12-05-11-04-42-1-e1733428037839.jpg\" \/>\n\t<meta property=\"og:image:width\" content=\"800\" \/>\n\t<meta property=\"og:image:height\" content=\"435\" \/>\n\t<meta property=\"og:image:type\" content=\"image\/jpeg\" \/>\n<meta name=\"author\" content=\"Nexo Informativo\" \/>\n<meta name=\"twitter:card\" content=\"summary_large_image\" \/>\n<meta name=\"twitter:label1\" content=\"Escrito por\" \/>\n\t<meta name=\"twitter:data1\" content=\"Nexo Informativo\" \/>\n\t<meta name=\"twitter:label2\" content=\"Tiempo de lectura\" \/>\n\t<meta name=\"twitter:data2\" content=\"2 minutos\" \/>\n<script type=\"application\/ld+json\" class=\"yoast-schema-graph\">{\"@context\":\"https:\/\/schema.org\",\"@graph\":[{\"@type\":\"Article\",\"@id\":\"https:\/\/www.nexoinformativo.mx\/index.php\/2024\/12\/05\/el-marques-y-gobierno-estatal-unen-fuerzas-para-impulsar-el-desarrollo-municipal\/#article\",\"isPartOf\":{\"@id\":\"https:\/\/www.nexoinformativo.mx\/index.php\/2024\/12\/05\/el-marques-y-gobierno-estatal-unen-fuerzas-para-impulsar-el-desarrollo-municipal\/\"},\"author\":{\"name\":\"Nexo Informativo\",\"@id\":\"https:\/\/www.nexoinformativo.mx\/#\/schema\/person\/7749d380ba08c8ca00d7bc76fd907b7d\"},\"headline\":\"El Marqu\u00e9s y Gobierno Estatal unen fuerzas para impulsar el desarrollo municipal\",\"datePublished\":\"2024-12-05T18:30:53+00:00\",\"dateModified\":\"2024-12-05T19:48:39+00:00\",\"mainEntityOfPage\":{\"@id\":\"https:\/\/www.nexoinformativo.mx\/index.php\/2024\/12\/05\/el-marques-y-gobierno-estatal-unen-fuerzas-para-impulsar-el-desarrollo-municipal\/\"},\"wordCount\":231,\"commentCount\":0,\"publisher\":{\"@id\":\"https:\/\/www.nexoinformativo.mx\/#organization\"},\"image\":{\"@id\":\"https:\/\/www.nexoinformativo.mx\/index.php\/2024\/12\/05\/el-marques-y-gobierno-estatal-unen-fuerzas-para-impulsar-el-desarrollo-municipal\/#primaryimage\"},\"thumbnailUrl\":\"https:\/\/www.nexoinformativo.mx\/wp-content\/uploads\/2024\/12\/PHOTO-2024-12-05-11-04-42-1-e1733428037839.jpg\",\"keywords\":[\"Colaboraci\u00f3n\",\"DesarrolloUrbano\",\"elmarques\",\"Quer\u00e9taro\"],\"articleSection\":[\"Municipios\",\"\u00daltima Hora\"],\"inLanguage\":\"es\",\"potentialAction\":[{\"@type\":\"CommentAction\",\"name\":\"Comment\",\"target\":[\"https:\/\/www.nexoinformativo.mx\/index.php\/2024\/12\/05\/el-marques-y-gobierno-estatal-unen-fuerzas-para-impulsar-el-desarrollo-municipal\/#respond\"]}]},{\"@type\":\"WebPage\",\"@id\":\"https:\/\/www.nexoinformativo.mx\/index.php\/2024\/12\/05\/el-marques-y-gobierno-estatal-unen-fuerzas-para-impulsar-el-desarrollo-municipal\/\",\"url\":\"https:\/\/www.nexoinformativo.mx\/index.php\/2024\/12\/05\/el-marques-y-gobierno-estatal-unen-fuerzas-para-impulsar-el-desarrollo-municipal\/\",\"name\":\"El Marqu\u00e9s y Gobierno Estatal unen fuerzas para impulsar el desarrollo municipal | Nexo Informativo Santiago de Quer\u00e9taro\",\"isPartOf\":{\"@id\":\"https:\/\/www.nexoinformativo.mx\/#website\"},\"primaryImageOfPage\":{\"@id\":\"https:\/\/www.nexoinformativo.mx\/index.php\/2024\/12\/05\/el-marques-y-gobierno-estatal-unen-fuerzas-para-impulsar-el-desarrollo-municipal\/#primaryimage\"},\"image\":{\"@id\":\"https:\/\/www.nexoinformativo.mx\/index.php\/2024\/12\/05\/el-marques-y-gobierno-estatal-unen-fuerzas-para-impulsar-el-desarrollo-municipal\/#primaryimage\"},\"thumbnailUrl\":\"https:\/\/www.nexoinformativo.mx\/wp-content\/uploads\/2024\/12\/PHOTO-2024-12-05-11-04-42-1-e1733428037839.jpg\",\"datePublished\":\"2024-12-05T18:30:53+00:00\",\"dateModified\":\"2024-12-05T19:48:39+00:00\",\"description\":\"El Marqu\u00e9s y Gobierno Estatal unen fuerzas para impulsar el desarrollo municipal\",\"breadcrumb\":{\"@id\":\"https:\/\/www.nexoinformativo.mx\/index.php\/2024\/12\/05\/el-marques-y-gobierno-estatal-unen-fuerzas-para-impulsar-el-desarrollo-municipal\/#breadcrumb\"},\"inLanguage\":\"es\",\"potentialAction\":[{\"@type\":\"ReadAction\",\"target\":[\"https:\/\/www.nexoinformativo.mx\/index.php\/2024\/12\/05\/el-marques-y-gobierno-estatal-unen-fuerzas-para-impulsar-el-desarrollo-municipal\/\"]}]},{\"@type\":\"ImageObject\",\"inLanguage\":\"es\",\"@id\":\"https:\/\/www.nexoinformativo.mx\/index.php\/2024\/12\/05\/el-marques-y-gobierno-estatal-unen-fuerzas-para-impulsar-el-desarrollo-municipal\/#primaryimage\",\"url\":\"https:\/\/www.nexoinformativo.mx\/wp-content\/uploads\/2024\/12\/PHOTO-2024-12-05-11-04-42-1-e1733428037839.jpg\",\"contentUrl\":\"https:\/\/www.nexoinformativo.mx\/wp-content\/uploads\/2024\/12\/PHOTO-2024-12-05-11-04-42-1-e1733428037839.jpg\",\"width\":800,\"height\":435},{\"@type\":\"BreadcrumbList\",\"@id\":\"https:\/\/www.nexoinformativo.mx\/index.php\/2024\/12\/05\/el-marques-y-gobierno-estatal-unen-fuerzas-para-impulsar-el-desarrollo-municipal\/#breadcrumb\",\"itemListElement\":[{\"@type\":\"ListItem\",\"position\":1,\"name\":\"Inicio\",\"item\":\"https:\/\/www.nexoinformativo.mx\/\"},{\"@type\":\"ListItem\",\"position\":2,\"name\":\"El Marqu\u00e9s y Gobierno Estatal unen fuerzas para impulsar el desarrollo municipal\"}]},{\"@type\":\"WebSite\",\"@id\":\"https:\/\/www.nexoinformativo.mx\/#website\",\"url\":\"https:\/\/www.nexoinformativo.mx\/\",\"name\":\"Nexo Informativo Santiago de Quer\u00e9taro\",\"description\":\"Explora NexoInformativo y convi\u00e9rtete en parte de una comunidad que valora el conocimiento y la verdad. Tu nexoinformativo es tu puente hacia una comprensi\u00f3n m\u00e1s profunda del mundo que te rodea.\",\"publisher\":{\"@id\":\"https:\/\/www.nexoinformativo.mx\/#organization\"},\"potentialAction\":[{\"@type\":\"SearchAction\",\"target\":{\"@type\":\"EntryPoint\",\"urlTemplate\":\"https:\/\/www.nexoinformativo.mx\/?s={search_term_string}\"},\"query-input\":{\"@type\":\"PropertyValueSpecification\",\"valueRequired\":true,\"valueName\":\"search_term_string\"}}],\"inLanguage\":\"es\"},{\"@type\":\"Organization\",\"@id\":\"https:\/\/www.nexoinformativo.mx\/#organization\",\"name\":\"Nexo Informativo Santiago de Quer\u00e9taro\",\"url\":\"https:\/\/www.nexoinformativo.mx\/\",\"logo\":{\"@type\":\"ImageObject\",\"inLanguage\":\"es\",\"@id\":\"https:\/\/www.nexoinformativo.mx\/#\/schema\/logo\/image\/\",\"url\":\"https:\/\/www.nexoinformativo.mx\/wp-content\/uploads\/2024\/07\/nexoi-trasparente-2.png\",\"contentUrl\":\"https:\/\/www.nexoinformativo.mx\/wp-content\/uploads\/2024\/07\/nexoi-trasparente-2.png\",\"width\":816,\"height\":339,\"caption\":\"Nexo Informativo Santiago de Quer\u00e9taro\"},\"image\":{\"@id\":\"https:\/\/www.nexoinformativo.mx\/#\/schema\/logo\/image\/\"},\"sameAs\":[\"https:\/\/www.facebook.com\/people\/Nexo-Informativo\/61564066885511\/\"]},{\"@type\":\"Person\",\"@id\":\"https:\/\/www.nexoinformativo.mx\/#\/schema\/person\/7749d380ba08c8ca00d7bc76fd907b7d\",\"name\":\"Nexo Informativo\",\"image\":{\"@type\":\"ImageObject\",\"inLanguage\":\"es\",\"@id\":\"https:\/\/www.nexoinformativo.mx\/#\/schema\/person\/image\/\",\"url\":\"https:\/\/secure.gravatar.com\/avatar\/dde2928154642a13d95f87ddf1ea9718fe2b46760a005c53e41ff5ad610704e6?s=96&d=mm&r=g\",\"contentUrl\":\"https:\/\/secure.gravatar.com\/avatar\/dde2928154642a13d95f87ddf1ea9718fe2b46760a005c53e41ff5ad610704e6?s=96&d=mm&r=g\",\"caption\":\"Nexo Informativo\"},\"url\":\"https:\/\/www.nexoinformativo.mx\/index.php\/author\/edicion\/\"}]}<\/script>\n<!-- \/ Yoast SEO plugin. -->","yoast_head_json":{"title":"El Marqu\u00e9s y Gobierno Estatal unen fuerzas para impulsar el desarrollo municipal | Nexo Informativo Santiago de Quer\u00e9taro","description":"El Marqu\u00e9s y Gobierno Estatal unen fuerzas para impulsar el desarrollo municipal","robots":{"index":"index","follow":"follow","max-snippet":"max-snippet:-1","max-image-preview":"max-image-preview:large","max-video-preview":"max-video-preview:-1"},"canonical":"https:\/\/www.nexoinformativo.mx\/index.php\/2024\/12\/05\/el-marques-y-gobierno-estatal-unen-fuerzas-para-impulsar-el-desarrollo-municipal\/","og_locale":"es_MX","og_type":"article","og_title":"El Marqu\u00e9s y Gobierno Estatal unen fuerzas para impulsar el desarrollo municipal | Nexo Informativo Santiago de Quer\u00e9taro","og_description":"El Marqu\u00e9s y Gobierno Estatal unen fuerzas para impulsar el desarrollo municipal","og_url":"https:\/\/www.nexoinformativo.mx\/index.php\/2024\/12\/05\/el-marques-y-gobierno-estatal-unen-fuerzas-para-impulsar-el-desarrollo-municipal\/","og_site_name":"Nexo Informativo Santiago de Quer\u00e9taro","article_publisher":"https:\/\/www.facebook.com\/people\/Nexo-Informativo\/61564066885511\/","article_published_time":"2024-12-05T18:30:53+00:00","article_modified_time":"2024-12-05T19:48:39+00:00","og_image":[{"width":800,"height":435,"url":"https:\/\/www.nexoinformativo.mx\/wp-content\/uploads\/2024\/12\/PHOTO-2024-12-05-11-04-42-1-e1733428037839.jpg","type":"image\/jpeg"}],"author":"Nexo Informativo","twitter_card":"summary_large_image","twitter_misc":{"Escrito por":"Nexo Informativo","Tiempo de lectura":"2 minutos"},"schema":{"@context":"https:\/\/schema.org","@graph":[{"@type":"Article","@id":"https:\/\/www.nexoinformativo.mx\/index.php\/2024\/12\/05\/el-marques-y-gobierno-estatal-unen-fuerzas-para-impulsar-el-desarrollo-municipal\/#article","isPartOf":{"@id":"https:\/\/www.nexoinformativo.mx\/index.php\/2024\/12\/05\/el-marques-y-gobierno-estatal-unen-fuerzas-para-impulsar-el-desarrollo-municipal\/"},"author":{"name":"Nexo Informativo","@id":"https:\/\/www.nexoinformativo.mx\/#\/schema\/person\/7749d380ba08c8ca00d7bc76fd907b7d"},"headline":"El Marqu\u00e9s y Gobierno Estatal unen fuerzas para impulsar el desarrollo municipal","datePublished":"2024-12-05T18:30:53+00:00","dateModified":"2024-12-05T19:48:39+00:00","mainEntityOfPage":{"@id":"https:\/\/www.nexoinformativo.mx\/index.php\/2024\/12\/05\/el-marques-y-gobierno-estatal-unen-fuerzas-para-impulsar-el-desarrollo-municipal\/"},"wordCount":231,"commentCount":0,"publisher":{"@id":"https:\/\/www.nexoinformativo.mx\/#organization"},"image":{"@id":"https:\/\/www.nexoinformativo.mx\/index.php\/2024\/12\/05\/el-marques-y-gobierno-estatal-unen-fuerzas-para-impulsar-el-desarrollo-municipal\/#primaryimage"},"thumbnailUrl":"https:\/\/www.nexoinformativo.mx\/wp-content\/uploads\/2024\/12\/PHOTO-2024-12-05-11-04-42-1-e1733428037839.jpg","keywords":["Colaboraci\u00f3n","DesarrolloUrbano","elmarques","Quer\u00e9taro"],"articleSection":["Municipios","\u00daltima Hora"],"inLanguage":"es","potentialAction":[{"@type":"CommentAction","name":"Comment","target":["https:\/\/www.nexoinformativo.mx\/index.php\/2024\/12\/05\/el-marques-y-gobierno-estatal-unen-fuerzas-para-impulsar-el-desarrollo-municipal\/#respond"]}]},{"@type":"WebPage","@id":"https:\/\/www.nexoinformativo.mx\/index.php\/2024\/12\/05\/el-marques-y-gobierno-estatal-unen-fuerzas-para-impulsar-el-desarrollo-municipal\/","url":"https:\/\/www.nexoinformativo.mx\/index.php\/2024\/12\/05\/el-marques-y-gobierno-estatal-unen-fuerzas-para-impulsar-el-desarrollo-municipal\/","name":"El Marqu\u00e9s y Gobierno Estatal unen fuerzas para impulsar el desarrollo municipal | Nexo Informativo Santiago de Quer\u00e9taro","isPartOf":{"@id":"https:\/\/www.nexoinformativo.mx\/#website"},"primaryImageOfPage":{"@id":"https:\/\/www.nexoinformativo.mx\/index.php\/2024\/12\/05\/el-marques-y-gobierno-estatal-unen-fuerzas-para-impulsar-el-desarrollo-municipal\/#primaryimage"},"image":{"@id":"https:\/\/www.nexoinformativo.mx\/index.php\/2024\/12\/05\/el-marques-y-gobierno-estatal-unen-fuerzas-para-impulsar-el-desarrollo-municipal\/#primaryimage"},"thumbnailUrl":"https:\/\/www.nexoinformativo.mx\/wp-content\/uploads\/2024\/12\/PHOTO-2024-12-05-11-04-42-1-e1733428037839.jpg","datePublished":"2024-12-05T18:30:53+00:00","dateModified":"2024-12-05T19:48:39+00:00","description":"El Marqu\u00e9s y Gobierno Estatal unen fuerzas para impulsar el desarrollo municipal","breadcrumb":{"@id":"https:\/\/www.nexoinformativo.mx\/index.php\/2024\/12\/05\/el-marques-y-gobierno-estatal-unen-fuerzas-para-impulsar-el-desarrollo-municipal\/#breadcrumb"},"inLanguage":"es","potentialAction":[{"@type":"ReadAction","target":["https:\/\/www.nexoinformativo.mx\/index.php\/2024\/12\/05\/el-marques-y-gobierno-estatal-unen-fuerzas-para-impulsar-el-desarrollo-municipal\/"]}]},{"@type":"ImageObject","inLanguage":"es","@id":"https:\/\/www.nexoinformativo.mx\/index.php\/2024\/12\/05\/el-marques-y-gobierno-estatal-unen-fuerzas-para-impulsar-el-desarrollo-municipal\/#primaryimage","url":"https:\/\/www.nexoinformativo.mx\/wp-content\/uploads\/2024\/12\/PHOTO-2024-12-05-11-04-42-1-e1733428037839.jpg","contentUrl":"https:\/\/www.nexoinformativo.mx\/wp-content\/uploads\/2024\/12\/PHOTO-2024-12-05-11-04-42-1-e1733428037839.jpg","width":800,"height":435},{"@type":"BreadcrumbList","@id":"https:\/\/www.nexoinformativo.mx\/index.php\/2024\/12\/05\/el-marques-y-gobierno-estatal-unen-fuerzas-para-impulsar-el-desarrollo-municipal\/#breadcrumb","itemListElement":[{"@type":"ListItem","position":1,"name":"Inicio","item":"https:\/\/www.nexoinformativo.mx\/"},{"@type":"ListItem","position":2,"name":"El Marqu\u00e9s y Gobierno Estatal unen fuerzas para impulsar el desarrollo municipal"}]},{"@type":"WebSite","@id":"https:\/\/www.nexoinformativo.mx\/#website","url":"https:\/\/www.nexoinformativo.mx\/","name":"Nexo Informativo Santiago de Quer\u00e9taro","description":"Explora NexoInformativo y convi\u00e9rtete en parte de una comunidad que valora el conocimiento y la verdad. Tu nexoinformativo es tu puente hacia una comprensi\u00f3n m\u00e1s profunda del mundo que te rodea.","publisher":{"@id":"https:\/\/www.nexoinformativo.mx\/#organization"},"potentialAction":[{"@type":"SearchAction","target":{"@type":"EntryPoint","urlTemplate":"https:\/\/www.nexoinformativo.mx\/?s={search_term_string}"},"query-input":{"@type":"PropertyValueSpecification","valueRequired":true,"valueName":"search_term_string"}}],"inLanguage":"es"},{"@type":"Organization","@id":"https:\/\/www.nexoinformativo.mx\/#organization","name":"Nexo Informativo Santiago de Quer\u00e9taro","url":"https:\/\/www.nexoinformativo.mx\/","logo":{"@type":"ImageObject","inLanguage":"es","@id":"https:\/\/www.nexoinformativo.mx\/#\/schema\/logo\/image\/","url":"https:\/\/www.nexoinformativo.mx\/wp-content\/uploads\/2024\/07\/nexoi-trasparente-2.png","contentUrl":"https:\/\/www.nexoinformativo.mx\/wp-content\/uploads\/2024\/07\/nexoi-trasparente-2.png","width":816,"height":339,"caption":"Nexo Informativo Santiago de Quer\u00e9taro"},"image":{"@id":"https:\/\/www.nexoinformativo.mx\/#\/schema\/logo\/image\/"},"sameAs":["https:\/\/www.facebook.com\/people\/Nexo-Informativo\/61564066885511\/"]},{"@type":"Person","@id":"https:\/\/www.nexoinformativo.mx\/#\/schema\/person\/7749d380ba08c8ca00d7bc76fd907b7d","name":"Nexo Informativo","image":{"@type":"ImageObject","inLanguage":"es","@id":"https:\/\/www.nexoinformativo.mx\/#\/schema\/person\/image\/","url":"https:\/\/secure.gravatar.com\/avatar\/dde2928154642a13d95f87ddf1ea9718fe2b46760a005c53e41ff5ad610704e6?s=96&d=mm&r=g","contentUrl":"https:\/\/secure.gravatar.com\/avatar\/dde2928154642a13d95f87ddf1ea9718fe2b46760a005c53e41ff5ad610704e6?s=96&d=mm&r=g","caption":"Nexo Informativo"},"url":"https:\/\/www.nexoinformativo.mx\/index.php\/author\/edicion\/"}]}},"_links":{"self":[{"href":"https:\/\/www.nexoinformativo.mx\/index.php\/wp-json\/wp\/v2\/posts\/7611","targetHints":{"allow":["GET"]}}],"collection":[{"href":"https:\/\/www.nexoinformativo.mx\/index.php\/wp-json\/wp\/v2\/posts"}],"about":[{"href":"https:\/\/www.nexoinformativo.mx\/index.php\/wp-json\/wp\/v2\/types\/post"}],"author":[{"embeddable":true,"href":"https:\/\/www.nexoinformativo.mx\/index.php\/wp-json\/wp\/v2\/users\/3"}],"replies":[{"embeddable":true,"href":"https:\/\/www.nexoinformativo.mx\/index.php\/wp-json\/wp\/v2\/comments?post=7611"}],"version-history":[{"count":5,"href":"https:\/\/www.nexoinformativo.mx\/index.php\/wp-json\/wp\/v2\/posts\/7611\/revisions"}],"predecessor-version":[{"id":7617,"href":"https:\/\/www.nexoinformativo.mx\/index.php\/wp-json\/wp\/v2\/posts\/7611\/revisions\/7617"}],"wp:featuredmedia":[{"embeddable":true,"href":"https:\/\/www.nexoinformativo.mx\/index.php\/wp-json\/wp\/v2\/media\/7612"}],"wp:attachment":[{"href":"https:\/\/www.nexoinformativo.mx\/index.php\/wp-json\/wp\/v2\/media?parent=7611"}],"wp:term":[{"taxonomy":"category","embeddable":true,"href":"https:\/\/www.nexoinformativo.mx\/index.php\/wp-json\/wp\/v2\/categories?post=7611"},{"taxonomy":"post_tag","embeddable":true,"href":"https:\/\/www.nexoinformativo.mx\/index.php\/wp-json\/wp\/v2\/tags?post=7611"}],"curies":[{"name":"wp","href":"https:\/\/api.w.org\/{rel}","templated":true}]}}