{"id":7641,"date":"2024-12-06T07:00:37","date_gmt":"2024-12-06T13:00:37","guid":{"rendered":"https:\/\/www.nexoinformativo.mx\/?p=7641"},"modified":"2024-12-06T10:45:49","modified_gmt":"2024-12-06T16:45:49","slug":"queretaro-consolida-su-policia-kuri-entrega-grados-y-toma-protesta-a-nuevos-elementos","status":"publish","type":"post","link":"https:\/\/www.nexoinformativo.mx\/index.php\/2024\/12\/06\/queretaro-consolida-su-policia-kuri-entrega-grados-y-toma-protesta-a-nuevos-elementos\/","title":{"rendered":"Quer\u00e9taro consolida su polic\u00eda: Kuri entrega grados y toma protesta a nuevos elementos"},"content":{"rendered":"<p style=\"text-align: justify;\" data-sourcepos=\"9:1-9:253\">En un acto solemne realizado en el Teatro Metropolitano, el gobernador de Quer\u00e9taro, Mauricio Kuri Gonz\u00e1lez, encabez\u00f3 la entrega de grados a 69 polic\u00edas estatales y la toma de protesta a 47 nuevos elementos que se integran a las filas de la corporaci\u00f3n.<\/p>\n<p>&nbsp;<\/p>\n<p style=\"text-align: justify;\" data-sourcepos=\"11:1-11:318\">Kuri destac\u00f3 la importancia de fortalecer la polic\u00eda estatal, resaltando que se trabaja para consolidar la m\u00e1s profesional de todo el pa\u00eds.<\/p>\n<p>&nbsp;<\/p>\n<p style=\"text-align: justify;\" data-sourcepos=\"11:1-11:318\"><strong>&#8220;Lo que sigue es actuar cada d\u00eda con pleno respeto a los derechos humanos y dar resultados, manteniendo una lealtad inquebrantable con las familias queretanas&#8221;<\/strong>, afirm\u00f3.<\/p>\n<p>&nbsp;<\/p>\n<p style=\"text-align: justify;\" data-sourcepos=\"13:1-13:362\">El mandatario estatal subray\u00f3 que la profesionalizaci\u00f3n policial se lleva a cabo a trav\u00e9s de concursos por oposici\u00f3n transparentes, asegurando que los elementos sean capaces y competentes.<\/p>\n<p>&nbsp;<\/p>\n<p style=\"text-align: justify;\" data-sourcepos=\"13:1-13:362\">Asimismo, reconoci\u00f3 la importancia de la participaci\u00f3n de las mujeres en la corporaci\u00f3n, quienes fortalecen el Estado de Derecho y brindan certeza a las familias queretanas.<\/p>\n<p>&nbsp;<\/p>\n<p style=\"text-align: justify;\" data-sourcepos=\"15:1-15:236\">Por su parte, el titular de la Secretar\u00eda de Seguridad Ciudadana, Iov\u00e1n El\u00edas P\u00e9rez Hern\u00e1ndez, destac\u00f3 que la instituci\u00f3n ha experimentado un crecimiento significativo en 2024, sumando un mayor n\u00famero de elementos altamente capacitados.<\/p>\n<p>&nbsp;<\/p>\n<p style=\"text-align: justify;\" data-sourcepos=\"17:1-17:169\">Durante el evento, se reconoci\u00f3 a los polic\u00edas que ascendieron de categor\u00eda, quienes fueron instados a seguir siendo un ejemplo para sus compa\u00f1eros y para la ciudadan\u00eda.<\/p>\n<p>&nbsp;<\/p>\n<p style=\"text-align: center;\" data-sourcepos=\"17:1-17:169\"><em><strong>\u00a1Informaci\u00f3n que transforma!<\/strong><\/em><\/p>\n","protected":false},"excerpt":{"rendered":"<p>En un acto solemne realizado en el Teatro Metropolitano, el gobernador de Quer\u00e9taro, Mauricio Kuri Gonz\u00e1lez, encabez\u00f3 la entrega de grados a 69 polic\u00edas estatales y la toma de protesta a 47 nuevos elementos que se integran a las filas de la corporaci\u00f3n. &nbsp; Kuri destac\u00f3 la importancia de fortalecer la polic\u00eda estatal, resaltando que [&hellip;]<\/p>\n","protected":false},"author":3,"featured_media":7636,"comment_status":"open","ping_status":"open","sticky":false,"template":"","format":"standard","meta":{"footnotes":""},"categories":[42,58],"tags":[661,304,2533,242],"class_list":["post-7641","post","type-post","status-publish","format-standard","has-post-thumbnail","hentry","category-estado","category-ultima-hora","tag-mauriciokuri","tag-policiaestatal","tag-profesionalizacionpolicial","tag-queretaroseguro"],"yoast_head":"<!-- This site is optimized with the Yoast SEO plugin v25.0 - https:\/\/yoast.com\/wordpress\/plugins\/seo\/ -->\n<title>Quer\u00e9taro consolida su polic\u00eda: Kuri entrega grados y toma protesta a nuevos elementos | Nexo Informativo Santiago de Quer\u00e9taro<\/title>\n<meta name=\"description\" content=\"Quer\u00e9taro consolida su polic\u00eda: Kuri entrega grados y toma protesta a nuevos elementos\" \/>\n<meta name=\"robots\" content=\"index, follow, max-snippet:-1, max-image-preview:large, max-video-preview:-1\" \/>\n<link rel=\"canonical\" href=\"https:\/\/www.nexoinformativo.mx\/index.php\/2024\/12\/06\/queretaro-consolida-su-policia-kuri-entrega-grados-y-toma-protesta-a-nuevos-elementos\/\" \/>\n<meta property=\"og:locale\" content=\"es_MX\" \/>\n<meta property=\"og:type\" content=\"article\" \/>\n<meta property=\"og:title\" content=\"Quer\u00e9taro consolida su polic\u00eda: Kuri entrega grados y toma protesta a nuevos elementos | Nexo Informativo Santiago de Quer\u00e9taro\" \/>\n<meta property=\"og:description\" content=\"Quer\u00e9taro consolida su polic\u00eda: Kuri entrega grados y toma protesta a nuevos elementos\" \/>\n<meta property=\"og:url\" content=\"https:\/\/www.nexoinformativo.mx\/index.php\/2024\/12\/06\/queretaro-consolida-su-policia-kuri-entrega-grados-y-toma-protesta-a-nuevos-elementos\/\" \/>\n<meta property=\"og:site_name\" content=\"Nexo Informativo Santiago de Quer\u00e9taro\" \/>\n<meta property=\"article:publisher\" content=\"https:\/\/www.facebook.com\/people\/Nexo-Informativo\/61564066885511\/\" \/>\n<meta property=\"article:published_time\" content=\"2024-12-06T13:00:37+00:00\" \/>\n<meta property=\"article:modified_time\" content=\"2024-12-06T16:45:49+00:00\" \/>\n<meta property=\"og:image\" content=\"https:\/\/www.nexoinformativo.mx\/wp-content\/uploads\/2024\/12\/PHOTO-2024-12-05-21-12-43-e1733458903494.jpg\" \/>\n\t<meta property=\"og:image:width\" content=\"700\" \/>\n\t<meta property=\"og:image:height\" content=\"467\" \/>\n\t<meta property=\"og:image:type\" content=\"image\/jpeg\" \/>\n<meta name=\"author\" content=\"Nexo Informativo\" \/>\n<meta name=\"twitter:card\" content=\"summary_large_image\" \/>\n<meta name=\"twitter:label1\" content=\"Escrito por\" \/>\n\t<meta name=\"twitter:data1\" content=\"Nexo Informativo\" \/>\n\t<meta name=\"twitter:label2\" content=\"Tiempo de lectura\" \/>\n\t<meta name=\"twitter:data2\" content=\"2 minutos\" \/>\n<script type=\"application\/ld+json\" class=\"yoast-schema-graph\">{\"@context\":\"https:\/\/schema.org\",\"@graph\":[{\"@type\":\"Article\",\"@id\":\"https:\/\/www.nexoinformativo.mx\/index.php\/2024\/12\/06\/queretaro-consolida-su-policia-kuri-entrega-grados-y-toma-protesta-a-nuevos-elementos\/#article\",\"isPartOf\":{\"@id\":\"https:\/\/www.nexoinformativo.mx\/index.php\/2024\/12\/06\/queretaro-consolida-su-policia-kuri-entrega-grados-y-toma-protesta-a-nuevos-elementos\/\"},\"author\":{\"name\":\"Nexo Informativo\",\"@id\":\"https:\/\/www.nexoinformativo.mx\/#\/schema\/person\/7749d380ba08c8ca00d7bc76fd907b7d\"},\"headline\":\"Quer\u00e9taro consolida su polic\u00eda: Kuri entrega grados y toma protesta a nuevos elementos\",\"datePublished\":\"2024-12-06T13:00:37+00:00\",\"dateModified\":\"2024-12-06T16:45:49+00:00\",\"mainEntityOfPage\":{\"@id\":\"https:\/\/www.nexoinformativo.mx\/index.php\/2024\/12\/06\/queretaro-consolida-su-policia-kuri-entrega-grados-y-toma-protesta-a-nuevos-elementos\/\"},\"wordCount\":252,\"commentCount\":0,\"publisher\":{\"@id\":\"https:\/\/www.nexoinformativo.mx\/#organization\"},\"image\":{\"@id\":\"https:\/\/www.nexoinformativo.mx\/index.php\/2024\/12\/06\/queretaro-consolida-su-policia-kuri-entrega-grados-y-toma-protesta-a-nuevos-elementos\/#primaryimage\"},\"thumbnailUrl\":\"https:\/\/www.nexoinformativo.mx\/wp-content\/uploads\/2024\/12\/PHOTO-2024-12-05-21-12-43-e1733458903494.jpg\",\"keywords\":[\"MauricioKuri\",\"Polic\u00edaEstatal\",\"Profesionalizaci\u00f3nPolicial\",\"QueretaroSeguro\"],\"articleSection\":[\"Estado\",\"\u00daltima Hora\"],\"inLanguage\":\"es\",\"potentialAction\":[{\"@type\":\"CommentAction\",\"name\":\"Comment\",\"target\":[\"https:\/\/www.nexoinformativo.mx\/index.php\/2024\/12\/06\/queretaro-consolida-su-policia-kuri-entrega-grados-y-toma-protesta-a-nuevos-elementos\/#respond\"]}]},{\"@type\":\"WebPage\",\"@id\":\"https:\/\/www.nexoinformativo.mx\/index.php\/2024\/12\/06\/queretaro-consolida-su-policia-kuri-entrega-grados-y-toma-protesta-a-nuevos-elementos\/\",\"url\":\"https:\/\/www.nexoinformativo.mx\/index.php\/2024\/12\/06\/queretaro-consolida-su-policia-kuri-entrega-grados-y-toma-protesta-a-nuevos-elementos\/\",\"name\":\"Quer\u00e9taro consolida su polic\u00eda: Kuri entrega grados y toma protesta a nuevos elementos | Nexo Informativo Santiago de Quer\u00e9taro\",\"isPartOf\":{\"@id\":\"https:\/\/www.nexoinformativo.mx\/#website\"},\"primaryImageOfPage\":{\"@id\":\"https:\/\/www.nexoinformativo.mx\/index.php\/2024\/12\/06\/queretaro-consolida-su-policia-kuri-entrega-grados-y-toma-protesta-a-nuevos-elementos\/#primaryimage\"},\"image\":{\"@id\":\"https:\/\/www.nexoinformativo.mx\/index.php\/2024\/12\/06\/queretaro-consolida-su-policia-kuri-entrega-grados-y-toma-protesta-a-nuevos-elementos\/#primaryimage\"},\"thumbnailUrl\":\"https:\/\/www.nexoinformativo.mx\/wp-content\/uploads\/2024\/12\/PHOTO-2024-12-05-21-12-43-e1733458903494.jpg\",\"datePublished\":\"2024-12-06T13:00:37+00:00\",\"dateModified\":\"2024-12-06T16:45:49+00:00\",\"description\":\"Quer\u00e9taro consolida su polic\u00eda: Kuri entrega grados y toma protesta a nuevos elementos\",\"breadcrumb\":{\"@id\":\"https:\/\/www.nexoinformativo.mx\/index.php\/2024\/12\/06\/queretaro-consolida-su-policia-kuri-entrega-grados-y-toma-protesta-a-nuevos-elementos\/#breadcrumb\"},\"inLanguage\":\"es\",\"potentialAction\":[{\"@type\":\"ReadAction\",\"target\":[\"https:\/\/www.nexoinformativo.mx\/index.php\/2024\/12\/06\/queretaro-consolida-su-policia-kuri-entrega-grados-y-toma-protesta-a-nuevos-elementos\/\"]}]},{\"@type\":\"ImageObject\",\"inLanguage\":\"es\",\"@id\":\"https:\/\/www.nexoinformativo.mx\/index.php\/2024\/12\/06\/queretaro-consolida-su-policia-kuri-entrega-grados-y-toma-protesta-a-nuevos-elementos\/#primaryimage\",\"url\":\"https:\/\/www.nexoinformativo.mx\/wp-content\/uploads\/2024\/12\/PHOTO-2024-12-05-21-12-43-e1733458903494.jpg\",\"contentUrl\":\"https:\/\/www.nexoinformativo.mx\/wp-content\/uploads\/2024\/12\/PHOTO-2024-12-05-21-12-43-e1733458903494.jpg\",\"width\":700,\"height\":467},{\"@type\":\"BreadcrumbList\",\"@id\":\"https:\/\/www.nexoinformativo.mx\/index.php\/2024\/12\/06\/queretaro-consolida-su-policia-kuri-entrega-grados-y-toma-protesta-a-nuevos-elementos\/#breadcrumb\",\"itemListElement\":[{\"@type\":\"ListItem\",\"position\":1,\"name\":\"Inicio\",\"item\":\"https:\/\/www.nexoinformativo.mx\/\"},{\"@type\":\"ListItem\",\"position\":2,\"name\":\"Quer\u00e9taro consolida su polic\u00eda: Kuri entrega grados y toma protesta a nuevos elementos\"}]},{\"@type\":\"WebSite\",\"@id\":\"https:\/\/www.nexoinformativo.mx\/#website\",\"url\":\"https:\/\/www.nexoinformativo.mx\/\",\"name\":\"Nexo Informativo Santiago de Quer\u00e9taro\",\"description\":\"Explora NexoInformativo y convi\u00e9rtete en parte de una comunidad que valora el conocimiento y la verdad. Tu nexoinformativo es tu puente hacia una comprensi\u00f3n m\u00e1s profunda del mundo que te rodea.\",\"publisher\":{\"@id\":\"https:\/\/www.nexoinformativo.mx\/#organization\"},\"potentialAction\":[{\"@type\":\"SearchAction\",\"target\":{\"@type\":\"EntryPoint\",\"urlTemplate\":\"https:\/\/www.nexoinformativo.mx\/?s={search_term_string}\"},\"query-input\":{\"@type\":\"PropertyValueSpecification\",\"valueRequired\":true,\"valueName\":\"search_term_string\"}}],\"inLanguage\":\"es\"},{\"@type\":\"Organization\",\"@id\":\"https:\/\/www.nexoinformativo.mx\/#organization\",\"name\":\"Nexo Informativo Santiago de Quer\u00e9taro\",\"url\":\"https:\/\/www.nexoinformativo.mx\/\",\"logo\":{\"@type\":\"ImageObject\",\"inLanguage\":\"es\",\"@id\":\"https:\/\/www.nexoinformativo.mx\/#\/schema\/logo\/image\/\",\"url\":\"https:\/\/www.nexoinformativo.mx\/wp-content\/uploads\/2024\/07\/nexoi-trasparente-2.png\",\"contentUrl\":\"https:\/\/www.nexoinformativo.mx\/wp-content\/uploads\/2024\/07\/nexoi-trasparente-2.png\",\"width\":816,\"height\":339,\"caption\":\"Nexo Informativo Santiago de Quer\u00e9taro\"},\"image\":{\"@id\":\"https:\/\/www.nexoinformativo.mx\/#\/schema\/logo\/image\/\"},\"sameAs\":[\"https:\/\/www.facebook.com\/people\/Nexo-Informativo\/61564066885511\/\"]},{\"@type\":\"Person\",\"@id\":\"https:\/\/www.nexoinformativo.mx\/#\/schema\/person\/7749d380ba08c8ca00d7bc76fd907b7d\",\"name\":\"Nexo Informativo\",\"image\":{\"@type\":\"ImageObject\",\"inLanguage\":\"es\",\"@id\":\"https:\/\/www.nexoinformativo.mx\/#\/schema\/person\/image\/\",\"url\":\"https:\/\/secure.gravatar.com\/avatar\/dde2928154642a13d95f87ddf1ea9718fe2b46760a005c53e41ff5ad610704e6?s=96&d=mm&r=g\",\"contentUrl\":\"https:\/\/secure.gravatar.com\/avatar\/dde2928154642a13d95f87ddf1ea9718fe2b46760a005c53e41ff5ad610704e6?s=96&d=mm&r=g\",\"caption\":\"Nexo Informativo\"},\"url\":\"https:\/\/www.nexoinformativo.mx\/index.php\/author\/edicion\/\"}]}<\/script>\n<!-- \/ Yoast SEO plugin. -->","yoast_head_json":{"title":"Quer\u00e9taro consolida su polic\u00eda: Kuri entrega grados y toma protesta a nuevos elementos | Nexo Informativo Santiago de Quer\u00e9taro","description":"Quer\u00e9taro consolida su polic\u00eda: Kuri entrega grados y toma protesta a nuevos elementos","robots":{"index":"index","follow":"follow","max-snippet":"max-snippet:-1","max-image-preview":"max-image-preview:large","max-video-preview":"max-video-preview:-1"},"canonical":"https:\/\/www.nexoinformativo.mx\/index.php\/2024\/12\/06\/queretaro-consolida-su-policia-kuri-entrega-grados-y-toma-protesta-a-nuevos-elementos\/","og_locale":"es_MX","og_type":"article","og_title":"Quer\u00e9taro consolida su polic\u00eda: Kuri entrega grados y toma protesta a nuevos elementos | Nexo Informativo Santiago de Quer\u00e9taro","og_description":"Quer\u00e9taro consolida su polic\u00eda: Kuri entrega grados y toma protesta a nuevos elementos","og_url":"https:\/\/www.nexoinformativo.mx\/index.php\/2024\/12\/06\/queretaro-consolida-su-policia-kuri-entrega-grados-y-toma-protesta-a-nuevos-elementos\/","og_site_name":"Nexo Informativo Santiago de Quer\u00e9taro","article_publisher":"https:\/\/www.facebook.com\/people\/Nexo-Informativo\/61564066885511\/","article_published_time":"2024-12-06T13:00:37+00:00","article_modified_time":"2024-12-06T16:45:49+00:00","og_image":[{"width":700,"height":467,"url":"https:\/\/www.nexoinformativo.mx\/wp-content\/uploads\/2024\/12\/PHOTO-2024-12-05-21-12-43-e1733458903494.jpg","type":"image\/jpeg"}],"author":"Nexo Informativo","twitter_card":"summary_large_image","twitter_misc":{"Escrito por":"Nexo Informativo","Tiempo de lectura":"2 minutos"},"schema":{"@context":"https:\/\/schema.org","@graph":[{"@type":"Article","@id":"https:\/\/www.nexoinformativo.mx\/index.php\/2024\/12\/06\/queretaro-consolida-su-policia-kuri-entrega-grados-y-toma-protesta-a-nuevos-elementos\/#article","isPartOf":{"@id":"https:\/\/www.nexoinformativo.mx\/index.php\/2024\/12\/06\/queretaro-consolida-su-policia-kuri-entrega-grados-y-toma-protesta-a-nuevos-elementos\/"},"author":{"name":"Nexo Informativo","@id":"https:\/\/www.nexoinformativo.mx\/#\/schema\/person\/7749d380ba08c8ca00d7bc76fd907b7d"},"headline":"Quer\u00e9taro consolida su polic\u00eda: Kuri entrega grados y toma protesta a nuevos elementos","datePublished":"2024-12-06T13:00:37+00:00","dateModified":"2024-12-06T16:45:49+00:00","mainEntityOfPage":{"@id":"https:\/\/www.nexoinformativo.mx\/index.php\/2024\/12\/06\/queretaro-consolida-su-policia-kuri-entrega-grados-y-toma-protesta-a-nuevos-elementos\/"},"wordCount":252,"commentCount":0,"publisher":{"@id":"https:\/\/www.nexoinformativo.mx\/#organization"},"image":{"@id":"https:\/\/www.nexoinformativo.mx\/index.php\/2024\/12\/06\/queretaro-consolida-su-policia-kuri-entrega-grados-y-toma-protesta-a-nuevos-elementos\/#primaryimage"},"thumbnailUrl":"https:\/\/www.nexoinformativo.mx\/wp-content\/uploads\/2024\/12\/PHOTO-2024-12-05-21-12-43-e1733458903494.jpg","keywords":["MauricioKuri","Polic\u00edaEstatal","Profesionalizaci\u00f3nPolicial","QueretaroSeguro"],"articleSection":["Estado","\u00daltima Hora"],"inLanguage":"es","potentialAction":[{"@type":"CommentAction","name":"Comment","target":["https:\/\/www.nexoinformativo.mx\/index.php\/2024\/12\/06\/queretaro-consolida-su-policia-kuri-entrega-grados-y-toma-protesta-a-nuevos-elementos\/#respond"]}]},{"@type":"WebPage","@id":"https:\/\/www.nexoinformativo.mx\/index.php\/2024\/12\/06\/queretaro-consolida-su-policia-kuri-entrega-grados-y-toma-protesta-a-nuevos-elementos\/","url":"https:\/\/www.nexoinformativo.mx\/index.php\/2024\/12\/06\/queretaro-consolida-su-policia-kuri-entrega-grados-y-toma-protesta-a-nuevos-elementos\/","name":"Quer\u00e9taro consolida su polic\u00eda: Kuri entrega grados y toma protesta a nuevos elementos | Nexo Informativo Santiago de Quer\u00e9taro","isPartOf":{"@id":"https:\/\/www.nexoinformativo.mx\/#website"},"primaryImageOfPage":{"@id":"https:\/\/www.nexoinformativo.mx\/index.php\/2024\/12\/06\/queretaro-consolida-su-policia-kuri-entrega-grados-y-toma-protesta-a-nuevos-elementos\/#primaryimage"},"image":{"@id":"https:\/\/www.nexoinformativo.mx\/index.php\/2024\/12\/06\/queretaro-consolida-su-policia-kuri-entrega-grados-y-toma-protesta-a-nuevos-elementos\/#primaryimage"},"thumbnailUrl":"https:\/\/www.nexoinformativo.mx\/wp-content\/uploads\/2024\/12\/PHOTO-2024-12-05-21-12-43-e1733458903494.jpg","datePublished":"2024-12-06T13:00:37+00:00","dateModified":"2024-12-06T16:45:49+00:00","description":"Quer\u00e9taro consolida su polic\u00eda: Kuri entrega grados y toma protesta a nuevos elementos","breadcrumb":{"@id":"https:\/\/www.nexoinformativo.mx\/index.php\/2024\/12\/06\/queretaro-consolida-su-policia-kuri-entrega-grados-y-toma-protesta-a-nuevos-elementos\/#breadcrumb"},"inLanguage":"es","potentialAction":[{"@type":"ReadAction","target":["https:\/\/www.nexoinformativo.mx\/index.php\/2024\/12\/06\/queretaro-consolida-su-policia-kuri-entrega-grados-y-toma-protesta-a-nuevos-elementos\/"]}]},{"@type":"ImageObject","inLanguage":"es","@id":"https:\/\/www.nexoinformativo.mx\/index.php\/2024\/12\/06\/queretaro-consolida-su-policia-kuri-entrega-grados-y-toma-protesta-a-nuevos-elementos\/#primaryimage","url":"https:\/\/www.nexoinformativo.mx\/wp-content\/uploads\/2024\/12\/PHOTO-2024-12-05-21-12-43-e1733458903494.jpg","contentUrl":"https:\/\/www.nexoinformativo.mx\/wp-content\/uploads\/2024\/12\/PHOTO-2024-12-05-21-12-43-e1733458903494.jpg","width":700,"height":467},{"@type":"BreadcrumbList","@id":"https:\/\/www.nexoinformativo.mx\/index.php\/2024\/12\/06\/queretaro-consolida-su-policia-kuri-entrega-grados-y-toma-protesta-a-nuevos-elementos\/#breadcrumb","itemListElement":[{"@type":"ListItem","position":1,"name":"Inicio","item":"https:\/\/www.nexoinformativo.mx\/"},{"@type":"ListItem","position":2,"name":"Quer\u00e9taro consolida su polic\u00eda: Kuri entrega grados y toma protesta a nuevos elementos"}]},{"@type":"WebSite","@id":"https:\/\/www.nexoinformativo.mx\/#website","url":"https:\/\/www.nexoinformativo.mx\/","name":"Nexo Informativo Santiago de Quer\u00e9taro","description":"Explora NexoInformativo y convi\u00e9rtete en parte de una comunidad que valora el conocimiento y la verdad. Tu nexoinformativo es tu puente hacia una comprensi\u00f3n m\u00e1s profunda del mundo que te rodea.","publisher":{"@id":"https:\/\/www.nexoinformativo.mx\/#organization"},"potentialAction":[{"@type":"SearchAction","target":{"@type":"EntryPoint","urlTemplate":"https:\/\/www.nexoinformativo.mx\/?s={search_term_string}"},"query-input":{"@type":"PropertyValueSpecification","valueRequired":true,"valueName":"search_term_string"}}],"inLanguage":"es"},{"@type":"Organization","@id":"https:\/\/www.nexoinformativo.mx\/#organization","name":"Nexo Informativo Santiago de Quer\u00e9taro","url":"https:\/\/www.nexoinformativo.mx\/","logo":{"@type":"ImageObject","inLanguage":"es","@id":"https:\/\/www.nexoinformativo.mx\/#\/schema\/logo\/image\/","url":"https:\/\/www.nexoinformativo.mx\/wp-content\/uploads\/2024\/07\/nexoi-trasparente-2.png","contentUrl":"https:\/\/www.nexoinformativo.mx\/wp-content\/uploads\/2024\/07\/nexoi-trasparente-2.png","width":816,"height":339,"caption":"Nexo Informativo Santiago de Quer\u00e9taro"},"image":{"@id":"https:\/\/www.nexoinformativo.mx\/#\/schema\/logo\/image\/"},"sameAs":["https:\/\/www.facebook.com\/people\/Nexo-Informativo\/61564066885511\/"]},{"@type":"Person","@id":"https:\/\/www.nexoinformativo.mx\/#\/schema\/person\/7749d380ba08c8ca00d7bc76fd907b7d","name":"Nexo Informativo","image":{"@type":"ImageObject","inLanguage":"es","@id":"https:\/\/www.nexoinformativo.mx\/#\/schema\/person\/image\/","url":"https:\/\/secure.gravatar.com\/avatar\/dde2928154642a13d95f87ddf1ea9718fe2b46760a005c53e41ff5ad610704e6?s=96&d=mm&r=g","contentUrl":"https:\/\/secure.gravatar.com\/avatar\/dde2928154642a13d95f87ddf1ea9718fe2b46760a005c53e41ff5ad610704e6?s=96&d=mm&r=g","caption":"Nexo Informativo"},"url":"https:\/\/www.nexoinformativo.mx\/index.php\/author\/edicion\/"}]}},"_links":{"self":[{"href":"https:\/\/www.nexoinformativo.mx\/index.php\/wp-json\/wp\/v2\/posts\/7641","targetHints":{"allow":["GET"]}}],"collection":[{"href":"https:\/\/www.nexoinformativo.mx\/index.php\/wp-json\/wp\/v2\/posts"}],"about":[{"href":"https:\/\/www.nexoinformativo.mx\/index.php\/wp-json\/wp\/v2\/types\/post"}],"author":[{"embeddable":true,"href":"https:\/\/www.nexoinformativo.mx\/index.php\/wp-json\/wp\/v2\/users\/3"}],"replies":[{"embeddable":true,"href":"https:\/\/www.nexoinformativo.mx\/index.php\/wp-json\/wp\/v2\/comments?post=7641"}],"version-history":[{"count":3,"href":"https:\/\/www.nexoinformativo.mx\/index.php\/wp-json\/wp\/v2\/posts\/7641\/revisions"}],"predecessor-version":[{"id":7643,"href":"https:\/\/www.nexoinformativo.mx\/index.php\/wp-json\/wp\/v2\/posts\/7641\/revisions\/7643"}],"wp:featuredmedia":[{"embeddable":true,"href":"https:\/\/www.nexoinformativo.mx\/index.php\/wp-json\/wp\/v2\/media\/7636"}],"wp:attachment":[{"href":"https:\/\/www.nexoinformativo.mx\/index.php\/wp-json\/wp\/v2\/media?parent=7641"}],"wp:term":[{"taxonomy":"category","embeddable":true,"href":"https:\/\/www.nexoinformativo.mx\/index.php\/wp-json\/wp\/v2\/categories?post=7641"},{"taxonomy":"post_tag","embeddable":true,"href":"https:\/\/www.nexoinformativo.mx\/index.php\/wp-json\/wp\/v2\/tags?post=7641"}],"curies":[{"name":"wp","href":"https:\/\/api.w.org\/{rel}","templated":true}]}}