{"id":7645,"date":"2024-12-06T07:30:44","date_gmt":"2024-12-06T13:30:44","guid":{"rendered":"https:\/\/www.nexoinformativo.mx\/?p=7645"},"modified":"2024-12-06T13:58:14","modified_gmt":"2024-12-06T19:58:14","slug":"queretaro-se-ilumina-con-magia-navidena-encienden-el-arbol-monumental-y-anuncian-gran-derrama-economica","status":"publish","type":"post","link":"https:\/\/www.nexoinformativo.mx\/index.php\/2024\/12\/06\/queretaro-se-ilumina-con-magia-navidena-encienden-el-arbol-monumental-y-anuncian-gran-derrama-economica\/","title":{"rendered":"Quer\u00e9taro se ilumina con magia navide\u00f1a: Encienden el \u00e1rbol monumental y anuncian gran derrama econ\u00f3mica"},"content":{"rendered":"<p style=\"text-align: justify;\" data-sourcepos=\"9:1-9:326\">La Secretar\u00eda de Turismo de Quer\u00e9taro, encabezada por Adriana Vega V\u00e1zquez Mellado, dio inicio a la temporada navide\u00f1a con el encendido del \u00e1rbol monumental en la Plaza de Armas.<\/p>\n<p>&nbsp;<\/p>\n<p style=\"text-align: justify;\" data-sourcepos=\"9:1-9:326\">Este evento marc\u00f3 el comienzo de una serie de actividades y decoraciones que transformar\u00e1n el Centro Hist\u00f3rico en un espacio m\u00e1gico y lleno de luz.<\/p>\n<p>&nbsp;<\/p>\n<p style=\"text-align: justify;\" data-sourcepos=\"11:1-11:317\">Adem\u00e1s del \u00e1rbol navide\u00f1o, el Jard\u00edn Zenea cuenta con un Nacimiento monumental, el Jard\u00edn Guerrero alberga el Castillo M\u00e1gico, la Plaza Constituci\u00f3n se ilumina con los \u00c1ngeles Guardianes, y el Andador Madero luce una espectacular Arcada Monumental. Asimismo, se proyecta un videomapping en la Plaza de la Corregidora.<\/p>\n<p>&nbsp;<\/p>\n<p style=\"text-align: justify;\" data-sourcepos=\"13:1-13:340\">La secretaria Vega destac\u00f3 que la Navidad es una \u00e9poca para fortalecer los valores familiares y la convivencia, y que estas decoraciones buscan crear un ambiente propicio para ello.<\/p>\n<p>&nbsp;<\/p>\n<p style=\"text-align: justify;\" data-sourcepos=\"13:1-13:340\">Adem\u00e1s, resalt\u00f3 el impacto econ\u00f3mico de estas festividades, estimando una derrama superior a los 2 mil 500 millones de pesos y una ocupaci\u00f3n hotelera del 75%.<\/p>\n<p>&nbsp;<\/p>\n<p style=\"text-align: justify;\" data-sourcepos=\"15:1-15:237\">La oferta navide\u00f1a de Quer\u00e9taro no se limita a las decoraciones. Se han programado una gran variedad de eventos culturales, como conciertos, talleres, conferencias y exposiciones, que se llevar\u00e1n a cabo en diversos recintos de la ciudad.<\/p>\n<p>&nbsp;<\/p>\n<p style=\"text-align: justify;\" data-sourcepos=\"17:1-17:193\">Con estas acciones, el gobierno estatal busca posicionar a Quer\u00e9taro como un destino tur\u00edstico atractivo durante la temporada navide\u00f1a, promoviendo la cultura, la tradici\u00f3n y la econom\u00eda local.<\/p>\n<p>&nbsp;<\/p>\n<p style=\"text-align: center;\" data-sourcepos=\"17:1-17:193\"><em><strong>\u00a1Informaci\u00f3n que transforma!<\/strong><\/em><\/p>\n","protected":false},"excerpt":{"rendered":"<p>La Secretar\u00eda de Turismo de Quer\u00e9taro, encabezada por Adriana Vega V\u00e1zquez Mellado, dio inicio a la temporada navide\u00f1a con el encendido del \u00e1rbol monumental en la Plaza de Armas.<\/p>\n","protected":false},"author":3,"featured_media":7690,"comment_status":"open","ping_status":"open","sticky":false,"template":"","format":"standard","meta":{"footnotes":""},"categories":[50,42,58],"tags":[2377,2271,2534,992],"class_list":["post-7645","post","type-post","status-publish","format-standard","has-post-thumbnail","hentry","category-espectaculos","category-estado","category-ultima-hora","tag-fiestasnavidenas","tag-navidadenqueretaro","tag-queretaroiluminado","tag-turismoqueretaro"],"yoast_head":"<!-- This site is optimized with the Yoast SEO plugin v25.0 - https:\/\/yoast.com\/wordpress\/plugins\/seo\/ -->\n<title>Quer\u00e9taro se ilumina con magia navide\u00f1a: Encienden el \u00e1rbol monumental y anuncian gran derrama econ\u00f3mica | Nexo Informativo Santiago de Quer\u00e9taro<\/title>\n<meta name=\"description\" content=\"Quer\u00e9taro se ilumina con magia navide\u00f1a: Encienden el \u00e1rbol monumental y anuncian gran derrama econ\u00f3mica\" \/>\n<meta name=\"robots\" content=\"index, follow, max-snippet:-1, max-image-preview:large, max-video-preview:-1\" \/>\n<link rel=\"canonical\" href=\"https:\/\/www.nexoinformativo.mx\/index.php\/2024\/12\/06\/queretaro-se-ilumina-con-magia-navidena-encienden-el-arbol-monumental-y-anuncian-gran-derrama-economica\/\" \/>\n<meta property=\"og:locale\" content=\"es_MX\" \/>\n<meta property=\"og:type\" content=\"article\" \/>\n<meta property=\"og:title\" content=\"Quer\u00e9taro se ilumina con magia navide\u00f1a: Encienden el \u00e1rbol monumental y anuncian gran derrama econ\u00f3mica | Nexo Informativo Santiago de Quer\u00e9taro\" \/>\n<meta property=\"og:description\" content=\"Quer\u00e9taro se ilumina con magia navide\u00f1a: Encienden el \u00e1rbol monumental y anuncian gran derrama econ\u00f3mica\" \/>\n<meta property=\"og:url\" content=\"https:\/\/www.nexoinformativo.mx\/index.php\/2024\/12\/06\/queretaro-se-ilumina-con-magia-navidena-encienden-el-arbol-monumental-y-anuncian-gran-derrama-economica\/\" \/>\n<meta property=\"og:site_name\" content=\"Nexo Informativo Santiago de Quer\u00e9taro\" \/>\n<meta property=\"article:publisher\" content=\"https:\/\/www.facebook.com\/people\/Nexo-Informativo\/61564066885511\/\" \/>\n<meta property=\"article:published_time\" content=\"2024-12-06T13:30:44+00:00\" \/>\n<meta property=\"article:modified_time\" content=\"2024-12-06T19:58:14+00:00\" \/>\n<meta property=\"og:image\" content=\"https:\/\/www.nexoinformativo.mx\/wp-content\/uploads\/2024\/12\/IMG_3844-e1733515085716.jpg\" \/>\n\t<meta property=\"og:image:width\" content=\"700\" \/>\n\t<meta property=\"og:image:height\" content=\"700\" \/>\n\t<meta property=\"og:image:type\" content=\"image\/jpeg\" \/>\n<meta name=\"author\" content=\"Nexo Informativo\" \/>\n<meta name=\"twitter:card\" content=\"summary_large_image\" \/>\n<meta name=\"twitter:label1\" content=\"Escrito por\" \/>\n\t<meta name=\"twitter:data1\" content=\"Nexo Informativo\" \/>\n\t<meta name=\"twitter:label2\" content=\"Tiempo de lectura\" \/>\n\t<meta name=\"twitter:data2\" content=\"2 minutos\" \/>\n<script type=\"application\/ld+json\" class=\"yoast-schema-graph\">{\"@context\":\"https:\/\/schema.org\",\"@graph\":[{\"@type\":\"Article\",\"@id\":\"https:\/\/www.nexoinformativo.mx\/index.php\/2024\/12\/06\/queretaro-se-ilumina-con-magia-navidena-encienden-el-arbol-monumental-y-anuncian-gran-derrama-economica\/#article\",\"isPartOf\":{\"@id\":\"https:\/\/www.nexoinformativo.mx\/index.php\/2024\/12\/06\/queretaro-se-ilumina-con-magia-navidena-encienden-el-arbol-monumental-y-anuncian-gran-derrama-economica\/\"},\"author\":{\"name\":\"Nexo Informativo\",\"@id\":\"https:\/\/www.nexoinformativo.mx\/#\/schema\/person\/7749d380ba08c8ca00d7bc76fd907b7d\"},\"headline\":\"Quer\u00e9taro se ilumina con magia navide\u00f1a: Encienden el \u00e1rbol monumental y anuncian gran derrama econ\u00f3mica\",\"datePublished\":\"2024-12-06T13:30:44+00:00\",\"dateModified\":\"2024-12-06T19:58:14+00:00\",\"mainEntityOfPage\":{\"@id\":\"https:\/\/www.nexoinformativo.mx\/index.php\/2024\/12\/06\/queretaro-se-ilumina-con-magia-navidena-encienden-el-arbol-monumental-y-anuncian-gran-derrama-economica\/\"},\"wordCount\":272,\"commentCount\":0,\"publisher\":{\"@id\":\"https:\/\/www.nexoinformativo.mx\/#organization\"},\"image\":{\"@id\":\"https:\/\/www.nexoinformativo.mx\/index.php\/2024\/12\/06\/queretaro-se-ilumina-con-magia-navidena-encienden-el-arbol-monumental-y-anuncian-gran-derrama-economica\/#primaryimage\"},\"thumbnailUrl\":\"https:\/\/www.nexoinformativo.mx\/wp-content\/uploads\/2024\/12\/IMG_3844-e1733515085716.jpg\",\"keywords\":[\"FiestasNavide\u00f1as\",\"NavidadEnQuer\u00e9taro\",\"Quer\u00e9taroIluminado\",\"TurismoQuer\u00e9taro\"],\"articleSection\":[\"Espect\u00e1culos\",\"Estado\",\"\u00daltima Hora\"],\"inLanguage\":\"es\",\"potentialAction\":[{\"@type\":\"CommentAction\",\"name\":\"Comment\",\"target\":[\"https:\/\/www.nexoinformativo.mx\/index.php\/2024\/12\/06\/queretaro-se-ilumina-con-magia-navidena-encienden-el-arbol-monumental-y-anuncian-gran-derrama-economica\/#respond\"]}]},{\"@type\":\"WebPage\",\"@id\":\"https:\/\/www.nexoinformativo.mx\/index.php\/2024\/12\/06\/queretaro-se-ilumina-con-magia-navidena-encienden-el-arbol-monumental-y-anuncian-gran-derrama-economica\/\",\"url\":\"https:\/\/www.nexoinformativo.mx\/index.php\/2024\/12\/06\/queretaro-se-ilumina-con-magia-navidena-encienden-el-arbol-monumental-y-anuncian-gran-derrama-economica\/\",\"name\":\"Quer\u00e9taro se ilumina con magia navide\u00f1a: Encienden el \u00e1rbol monumental y anuncian gran derrama econ\u00f3mica | Nexo Informativo Santiago de Quer\u00e9taro\",\"isPartOf\":{\"@id\":\"https:\/\/www.nexoinformativo.mx\/#website\"},\"primaryImageOfPage\":{\"@id\":\"https:\/\/www.nexoinformativo.mx\/index.php\/2024\/12\/06\/queretaro-se-ilumina-con-magia-navidena-encienden-el-arbol-monumental-y-anuncian-gran-derrama-economica\/#primaryimage\"},\"image\":{\"@id\":\"https:\/\/www.nexoinformativo.mx\/index.php\/2024\/12\/06\/queretaro-se-ilumina-con-magia-navidena-encienden-el-arbol-monumental-y-anuncian-gran-derrama-economica\/#primaryimage\"},\"thumbnailUrl\":\"https:\/\/www.nexoinformativo.mx\/wp-content\/uploads\/2024\/12\/IMG_3844-e1733515085716.jpg\",\"datePublished\":\"2024-12-06T13:30:44+00:00\",\"dateModified\":\"2024-12-06T19:58:14+00:00\",\"description\":\"Quer\u00e9taro se ilumina con magia navide\u00f1a: Encienden el \u00e1rbol monumental y anuncian gran derrama econ\u00f3mica\",\"breadcrumb\":{\"@id\":\"https:\/\/www.nexoinformativo.mx\/index.php\/2024\/12\/06\/queretaro-se-ilumina-con-magia-navidena-encienden-el-arbol-monumental-y-anuncian-gran-derrama-economica\/#breadcrumb\"},\"inLanguage\":\"es\",\"potentialAction\":[{\"@type\":\"ReadAction\",\"target\":[\"https:\/\/www.nexoinformativo.mx\/index.php\/2024\/12\/06\/queretaro-se-ilumina-con-magia-navidena-encienden-el-arbol-monumental-y-anuncian-gran-derrama-economica\/\"]}]},{\"@type\":\"ImageObject\",\"inLanguage\":\"es\",\"@id\":\"https:\/\/www.nexoinformativo.mx\/index.php\/2024\/12\/06\/queretaro-se-ilumina-con-magia-navidena-encienden-el-arbol-monumental-y-anuncian-gran-derrama-economica\/#primaryimage\",\"url\":\"https:\/\/www.nexoinformativo.mx\/wp-content\/uploads\/2024\/12\/IMG_3844-e1733515085716.jpg\",\"contentUrl\":\"https:\/\/www.nexoinformativo.mx\/wp-content\/uploads\/2024\/12\/IMG_3844-e1733515085716.jpg\",\"width\":700,\"height\":700},{\"@type\":\"BreadcrumbList\",\"@id\":\"https:\/\/www.nexoinformativo.mx\/index.php\/2024\/12\/06\/queretaro-se-ilumina-con-magia-navidena-encienden-el-arbol-monumental-y-anuncian-gran-derrama-economica\/#breadcrumb\",\"itemListElement\":[{\"@type\":\"ListItem\",\"position\":1,\"name\":\"Inicio\",\"item\":\"https:\/\/www.nexoinformativo.mx\/\"},{\"@type\":\"ListItem\",\"position\":2,\"name\":\"Quer\u00e9taro se ilumina con magia navide\u00f1a: Encienden el \u00e1rbol monumental y anuncian gran derrama econ\u00f3mica\"}]},{\"@type\":\"WebSite\",\"@id\":\"https:\/\/www.nexoinformativo.mx\/#website\",\"url\":\"https:\/\/www.nexoinformativo.mx\/\",\"name\":\"Nexo Informativo Santiago de Quer\u00e9taro\",\"description\":\"Explora NexoInformativo y convi\u00e9rtete en parte de una comunidad que valora el conocimiento y la verdad. Tu nexoinformativo es tu puente hacia una comprensi\u00f3n m\u00e1s profunda del mundo que te rodea.\",\"publisher\":{\"@id\":\"https:\/\/www.nexoinformativo.mx\/#organization\"},\"potentialAction\":[{\"@type\":\"SearchAction\",\"target\":{\"@type\":\"EntryPoint\",\"urlTemplate\":\"https:\/\/www.nexoinformativo.mx\/?s={search_term_string}\"},\"query-input\":{\"@type\":\"PropertyValueSpecification\",\"valueRequired\":true,\"valueName\":\"search_term_string\"}}],\"inLanguage\":\"es\"},{\"@type\":\"Organization\",\"@id\":\"https:\/\/www.nexoinformativo.mx\/#organization\",\"name\":\"Nexo Informativo Santiago de Quer\u00e9taro\",\"url\":\"https:\/\/www.nexoinformativo.mx\/\",\"logo\":{\"@type\":\"ImageObject\",\"inLanguage\":\"es\",\"@id\":\"https:\/\/www.nexoinformativo.mx\/#\/schema\/logo\/image\/\",\"url\":\"https:\/\/www.nexoinformativo.mx\/wp-content\/uploads\/2024\/07\/nexoi-trasparente-2.png\",\"contentUrl\":\"https:\/\/www.nexoinformativo.mx\/wp-content\/uploads\/2024\/07\/nexoi-trasparente-2.png\",\"width\":816,\"height\":339,\"caption\":\"Nexo Informativo Santiago de Quer\u00e9taro\"},\"image\":{\"@id\":\"https:\/\/www.nexoinformativo.mx\/#\/schema\/logo\/image\/\"},\"sameAs\":[\"https:\/\/www.facebook.com\/people\/Nexo-Informativo\/61564066885511\/\"]},{\"@type\":\"Person\",\"@id\":\"https:\/\/www.nexoinformativo.mx\/#\/schema\/person\/7749d380ba08c8ca00d7bc76fd907b7d\",\"name\":\"Nexo Informativo\",\"image\":{\"@type\":\"ImageObject\",\"inLanguage\":\"es\",\"@id\":\"https:\/\/www.nexoinformativo.mx\/#\/schema\/person\/image\/\",\"url\":\"https:\/\/secure.gravatar.com\/avatar\/dde2928154642a13d95f87ddf1ea9718fe2b46760a005c53e41ff5ad610704e6?s=96&d=mm&r=g\",\"contentUrl\":\"https:\/\/secure.gravatar.com\/avatar\/dde2928154642a13d95f87ddf1ea9718fe2b46760a005c53e41ff5ad610704e6?s=96&d=mm&r=g\",\"caption\":\"Nexo Informativo\"},\"url\":\"https:\/\/www.nexoinformativo.mx\/index.php\/author\/edicion\/\"}]}<\/script>\n<!-- \/ Yoast SEO plugin. -->","yoast_head_json":{"title":"Quer\u00e9taro se ilumina con magia navide\u00f1a: Encienden el \u00e1rbol monumental y anuncian gran derrama econ\u00f3mica | Nexo Informativo Santiago de Quer\u00e9taro","description":"Quer\u00e9taro se ilumina con magia navide\u00f1a: Encienden el \u00e1rbol monumental y anuncian gran derrama econ\u00f3mica","robots":{"index":"index","follow":"follow","max-snippet":"max-snippet:-1","max-image-preview":"max-image-preview:large","max-video-preview":"max-video-preview:-1"},"canonical":"https:\/\/www.nexoinformativo.mx\/index.php\/2024\/12\/06\/queretaro-se-ilumina-con-magia-navidena-encienden-el-arbol-monumental-y-anuncian-gran-derrama-economica\/","og_locale":"es_MX","og_type":"article","og_title":"Quer\u00e9taro se ilumina con magia navide\u00f1a: Encienden el \u00e1rbol monumental y anuncian gran derrama econ\u00f3mica | Nexo Informativo Santiago de Quer\u00e9taro","og_description":"Quer\u00e9taro se ilumina con magia navide\u00f1a: Encienden el \u00e1rbol monumental y anuncian gran derrama econ\u00f3mica","og_url":"https:\/\/www.nexoinformativo.mx\/index.php\/2024\/12\/06\/queretaro-se-ilumina-con-magia-navidena-encienden-el-arbol-monumental-y-anuncian-gran-derrama-economica\/","og_site_name":"Nexo Informativo Santiago de Quer\u00e9taro","article_publisher":"https:\/\/www.facebook.com\/people\/Nexo-Informativo\/61564066885511\/","article_published_time":"2024-12-06T13:30:44+00:00","article_modified_time":"2024-12-06T19:58:14+00:00","og_image":[{"width":700,"height":700,"url":"https:\/\/www.nexoinformativo.mx\/wp-content\/uploads\/2024\/12\/IMG_3844-e1733515085716.jpg","type":"image\/jpeg"}],"author":"Nexo Informativo","twitter_card":"summary_large_image","twitter_misc":{"Escrito por":"Nexo Informativo","Tiempo de lectura":"2 minutos"},"schema":{"@context":"https:\/\/schema.org","@graph":[{"@type":"Article","@id":"https:\/\/www.nexoinformativo.mx\/index.php\/2024\/12\/06\/queretaro-se-ilumina-con-magia-navidena-encienden-el-arbol-monumental-y-anuncian-gran-derrama-economica\/#article","isPartOf":{"@id":"https:\/\/www.nexoinformativo.mx\/index.php\/2024\/12\/06\/queretaro-se-ilumina-con-magia-navidena-encienden-el-arbol-monumental-y-anuncian-gran-derrama-economica\/"},"author":{"name":"Nexo Informativo","@id":"https:\/\/www.nexoinformativo.mx\/#\/schema\/person\/7749d380ba08c8ca00d7bc76fd907b7d"},"headline":"Quer\u00e9taro se ilumina con magia navide\u00f1a: Encienden el \u00e1rbol monumental y anuncian gran derrama econ\u00f3mica","datePublished":"2024-12-06T13:30:44+00:00","dateModified":"2024-12-06T19:58:14+00:00","mainEntityOfPage":{"@id":"https:\/\/www.nexoinformativo.mx\/index.php\/2024\/12\/06\/queretaro-se-ilumina-con-magia-navidena-encienden-el-arbol-monumental-y-anuncian-gran-derrama-economica\/"},"wordCount":272,"commentCount":0,"publisher":{"@id":"https:\/\/www.nexoinformativo.mx\/#organization"},"image":{"@id":"https:\/\/www.nexoinformativo.mx\/index.php\/2024\/12\/06\/queretaro-se-ilumina-con-magia-navidena-encienden-el-arbol-monumental-y-anuncian-gran-derrama-economica\/#primaryimage"},"thumbnailUrl":"https:\/\/www.nexoinformativo.mx\/wp-content\/uploads\/2024\/12\/IMG_3844-e1733515085716.jpg","keywords":["FiestasNavide\u00f1as","NavidadEnQuer\u00e9taro","Quer\u00e9taroIluminado","TurismoQuer\u00e9taro"],"articleSection":["Espect\u00e1culos","Estado","\u00daltima Hora"],"inLanguage":"es","potentialAction":[{"@type":"CommentAction","name":"Comment","target":["https:\/\/www.nexoinformativo.mx\/index.php\/2024\/12\/06\/queretaro-se-ilumina-con-magia-navidena-encienden-el-arbol-monumental-y-anuncian-gran-derrama-economica\/#respond"]}]},{"@type":"WebPage","@id":"https:\/\/www.nexoinformativo.mx\/index.php\/2024\/12\/06\/queretaro-se-ilumina-con-magia-navidena-encienden-el-arbol-monumental-y-anuncian-gran-derrama-economica\/","url":"https:\/\/www.nexoinformativo.mx\/index.php\/2024\/12\/06\/queretaro-se-ilumina-con-magia-navidena-encienden-el-arbol-monumental-y-anuncian-gran-derrama-economica\/","name":"Quer\u00e9taro se ilumina con magia navide\u00f1a: Encienden el \u00e1rbol monumental y anuncian gran derrama econ\u00f3mica | Nexo Informativo Santiago de Quer\u00e9taro","isPartOf":{"@id":"https:\/\/www.nexoinformativo.mx\/#website"},"primaryImageOfPage":{"@id":"https:\/\/www.nexoinformativo.mx\/index.php\/2024\/12\/06\/queretaro-se-ilumina-con-magia-navidena-encienden-el-arbol-monumental-y-anuncian-gran-derrama-economica\/#primaryimage"},"image":{"@id":"https:\/\/www.nexoinformativo.mx\/index.php\/2024\/12\/06\/queretaro-se-ilumina-con-magia-navidena-encienden-el-arbol-monumental-y-anuncian-gran-derrama-economica\/#primaryimage"},"thumbnailUrl":"https:\/\/www.nexoinformativo.mx\/wp-content\/uploads\/2024\/12\/IMG_3844-e1733515085716.jpg","datePublished":"2024-12-06T13:30:44+00:00","dateModified":"2024-12-06T19:58:14+00:00","description":"Quer\u00e9taro se ilumina con magia navide\u00f1a: Encienden el \u00e1rbol monumental y anuncian gran derrama econ\u00f3mica","breadcrumb":{"@id":"https:\/\/www.nexoinformativo.mx\/index.php\/2024\/12\/06\/queretaro-se-ilumina-con-magia-navidena-encienden-el-arbol-monumental-y-anuncian-gran-derrama-economica\/#breadcrumb"},"inLanguage":"es","potentialAction":[{"@type":"ReadAction","target":["https:\/\/www.nexoinformativo.mx\/index.php\/2024\/12\/06\/queretaro-se-ilumina-con-magia-navidena-encienden-el-arbol-monumental-y-anuncian-gran-derrama-economica\/"]}]},{"@type":"ImageObject","inLanguage":"es","@id":"https:\/\/www.nexoinformativo.mx\/index.php\/2024\/12\/06\/queretaro-se-ilumina-con-magia-navidena-encienden-el-arbol-monumental-y-anuncian-gran-derrama-economica\/#primaryimage","url":"https:\/\/www.nexoinformativo.mx\/wp-content\/uploads\/2024\/12\/IMG_3844-e1733515085716.jpg","contentUrl":"https:\/\/www.nexoinformativo.mx\/wp-content\/uploads\/2024\/12\/IMG_3844-e1733515085716.jpg","width":700,"height":700},{"@type":"BreadcrumbList","@id":"https:\/\/www.nexoinformativo.mx\/index.php\/2024\/12\/06\/queretaro-se-ilumina-con-magia-navidena-encienden-el-arbol-monumental-y-anuncian-gran-derrama-economica\/#breadcrumb","itemListElement":[{"@type":"ListItem","position":1,"name":"Inicio","item":"https:\/\/www.nexoinformativo.mx\/"},{"@type":"ListItem","position":2,"name":"Quer\u00e9taro se ilumina con magia navide\u00f1a: Encienden el \u00e1rbol monumental y anuncian gran derrama econ\u00f3mica"}]},{"@type":"WebSite","@id":"https:\/\/www.nexoinformativo.mx\/#website","url":"https:\/\/www.nexoinformativo.mx\/","name":"Nexo Informativo Santiago de Quer\u00e9taro","description":"Explora NexoInformativo y convi\u00e9rtete en parte de una comunidad que valora el conocimiento y la verdad. Tu nexoinformativo es tu puente hacia una comprensi\u00f3n m\u00e1s profunda del mundo que te rodea.","publisher":{"@id":"https:\/\/www.nexoinformativo.mx\/#organization"},"potentialAction":[{"@type":"SearchAction","target":{"@type":"EntryPoint","urlTemplate":"https:\/\/www.nexoinformativo.mx\/?s={search_term_string}"},"query-input":{"@type":"PropertyValueSpecification","valueRequired":true,"valueName":"search_term_string"}}],"inLanguage":"es"},{"@type":"Organization","@id":"https:\/\/www.nexoinformativo.mx\/#organization","name":"Nexo Informativo Santiago de Quer\u00e9taro","url":"https:\/\/www.nexoinformativo.mx\/","logo":{"@type":"ImageObject","inLanguage":"es","@id":"https:\/\/www.nexoinformativo.mx\/#\/schema\/logo\/image\/","url":"https:\/\/www.nexoinformativo.mx\/wp-content\/uploads\/2024\/07\/nexoi-trasparente-2.png","contentUrl":"https:\/\/www.nexoinformativo.mx\/wp-content\/uploads\/2024\/07\/nexoi-trasparente-2.png","width":816,"height":339,"caption":"Nexo Informativo Santiago de Quer\u00e9taro"},"image":{"@id":"https:\/\/www.nexoinformativo.mx\/#\/schema\/logo\/image\/"},"sameAs":["https:\/\/www.facebook.com\/people\/Nexo-Informativo\/61564066885511\/"]},{"@type":"Person","@id":"https:\/\/www.nexoinformativo.mx\/#\/schema\/person\/7749d380ba08c8ca00d7bc76fd907b7d","name":"Nexo Informativo","image":{"@type":"ImageObject","inLanguage":"es","@id":"https:\/\/www.nexoinformativo.mx\/#\/schema\/person\/image\/","url":"https:\/\/secure.gravatar.com\/avatar\/dde2928154642a13d95f87ddf1ea9718fe2b46760a005c53e41ff5ad610704e6?s=96&d=mm&r=g","contentUrl":"https:\/\/secure.gravatar.com\/avatar\/dde2928154642a13d95f87ddf1ea9718fe2b46760a005c53e41ff5ad610704e6?s=96&d=mm&r=g","caption":"Nexo Informativo"},"url":"https:\/\/www.nexoinformativo.mx\/index.php\/author\/edicion\/"}]}},"_links":{"self":[{"href":"https:\/\/www.nexoinformativo.mx\/index.php\/wp-json\/wp\/v2\/posts\/7645","targetHints":{"allow":["GET"]}}],"collection":[{"href":"https:\/\/www.nexoinformativo.mx\/index.php\/wp-json\/wp\/v2\/posts"}],"about":[{"href":"https:\/\/www.nexoinformativo.mx\/index.php\/wp-json\/wp\/v2\/types\/post"}],"author":[{"embeddable":true,"href":"https:\/\/www.nexoinformativo.mx\/index.php\/wp-json\/wp\/v2\/users\/3"}],"replies":[{"embeddable":true,"href":"https:\/\/www.nexoinformativo.mx\/index.php\/wp-json\/wp\/v2\/comments?post=7645"}],"version-history":[{"count":2,"href":"https:\/\/www.nexoinformativo.mx\/index.php\/wp-json\/wp\/v2\/posts\/7645\/revisions"}],"predecessor-version":[{"id":7648,"href":"https:\/\/www.nexoinformativo.mx\/index.php\/wp-json\/wp\/v2\/posts\/7645\/revisions\/7648"}],"wp:featuredmedia":[{"embeddable":true,"href":"https:\/\/www.nexoinformativo.mx\/index.php\/wp-json\/wp\/v2\/media\/7690"}],"wp:attachment":[{"href":"https:\/\/www.nexoinformativo.mx\/index.php\/wp-json\/wp\/v2\/media?parent=7645"}],"wp:term":[{"taxonomy":"category","embeddable":true,"href":"https:\/\/www.nexoinformativo.mx\/index.php\/wp-json\/wp\/v2\/categories?post=7645"},{"taxonomy":"post_tag","embeddable":true,"href":"https:\/\/www.nexoinformativo.mx\/index.php\/wp-json\/wp\/v2\/tags?post=7645"}],"curies":[{"name":"wp","href":"https:\/\/api.w.org\/{rel}","templated":true}]}}