{"id":7656,"date":"2024-12-06T08:30:16","date_gmt":"2024-12-06T14:30:16","guid":{"rendered":"https:\/\/www.nexoinformativo.mx\/?p=7656"},"modified":"2024-12-06T11:13:43","modified_gmt":"2024-12-06T17:13:43","slug":"dif-y-sep-unen-fuerzas-para-promover-una-alimentacion-saludable-en-escuelas-de-mexico","status":"publish","type":"post","link":"https:\/\/www.nexoinformativo.mx\/index.php\/2024\/12\/06\/dif-y-sep-unen-fuerzas-para-promover-una-alimentacion-saludable-en-escuelas-de-mexico\/","title":{"rendered":"DIF y SEP unen fuerzas para promover una alimentaci\u00f3n saludable en escuelas de M\u00e9xico"},"content":{"rendered":"<p style=\"text-align: justify;\" data-sourcepos=\"9:1-9:429\">El Sistema Nacional para el Desarrollo Integral de la Familia (SNDIF), en conjunto con la Secretar\u00eda de Educaci\u00f3n P\u00fablica (SEP), ha anunciado una nueva estrategia para fomentar h\u00e1bitos alimenticios saludables en las escuelas de todo el pa\u00eds.<\/p>\n<p>&nbsp;<\/p>\n<p style=\"text-align: justify;\" data-sourcepos=\"9:1-9:429\">Esta iniciativa, alineada con los compromisos de la Presidencia, busca prevenir enfermedades relacionadas con la mala alimentaci\u00f3n y mejorar la calidad de vida de ni\u00f1as y ni\u00f1os mexicanos.<\/p>\n<p>&nbsp;<\/p>\n<p style=\"text-align: justify;\" data-sourcepos=\"11:1-11:307\">Durante el XXIV Encuentro Nacional de Alimentaci\u00f3n y Desarrollo Comunitario, celebrado en Tijuana, Baja California, autoridades de ambas instituciones destacaron la importancia de trabajar de manera coordinada para garantizar que las escuelas sean espacios que promuevan una alimentaci\u00f3n sana y equilibrada.<\/p>\n<p>&nbsp;<\/p>\n<p style=\"text-align: justify;\" data-sourcepos=\"13:1-13:359\">La estrategia incluye diversas acciones como la vigilancia de los alimentos que se venden en los planteles, la promoci\u00f3n de la actividad f\u00edsica, la implementaci\u00f3n de jornadas de salud y la capacitaci\u00f3n de padres de familia.<\/p>\n<p>&nbsp;<\/p>\n<p style=\"text-align: justify;\" data-sourcepos=\"13:1-13:359\">Adem\u00e1s, se busca fortalecer los programas de desayunos escolares calientes, que benefician a millones de ni\u00f1as y ni\u00f1os en todo el pa\u00eds.<\/p>\n<p>&nbsp;<\/p>\n<p style=\"text-align: justify;\" data-sourcepos=\"15:1-15:415\">El secretario de Educaci\u00f3n P\u00fablica, Mario Delgado, destac\u00f3 la importancia de esta iniciativa y se\u00f1al\u00f3 que se trabajar\u00e1 en conjunto con la Secretar\u00eda de Salud para garantizar la implementaci\u00f3n efectiva de la estrategia.<\/p>\n<p>&nbsp;<\/p>\n<p style=\"text-align: justify;\" data-sourcepos=\"15:1-15:415\">Por su parte, la titular del SNDIF, Mar\u00eda del Roc\u00edo Garc\u00eda P\u00e9rez, subray\u00f3 la necesidad de sumar esfuerzos para lograr un cambio real en la alimentaci\u00f3n de las ni\u00f1as y los ni\u00f1os mexicanos.<\/p>\n<p>&nbsp;<\/p>\n<p style=\"text-align: justify;\" data-sourcepos=\"17:1-17:179\">Con esta nueva estrategia, el gobierno federal busca construir un futuro m\u00e1s saludable para las pr\u00f3ximas generaciones, fomentando h\u00e1bitos alimenticios adecuados desde la infancia.<\/p>\n<p>&nbsp;<\/p>\n<p style=\"text-align: center;\" data-sourcepos=\"17:1-17:179\"><em><strong>\u00a1Informaci\u00f3n que transforma!<\/strong><\/em><\/p>\n","protected":false},"excerpt":{"rendered":"<p>El Sistema Nacional para el Desarrollo Integral de la Familia (SNDIF), en conjunto con la Secretar\u00eda de Educaci\u00f3n P\u00fablica (SEP), ha anunciado una nueva estrategia para fomentar h\u00e1bitos alimenticios saludables en las escuelas de todo el pa\u00eds.<\/p>\n","protected":false},"author":3,"featured_media":7657,"comment_status":"open","ping_status":"open","sticky":false,"template":"","format":"standard","meta":{"footnotes":""},"categories":[88,58],"tags":[1576,2536,2537,2538],"class_list":["post-7656","post","type-post","status-publish","format-standard","has-post-thumbnail","hentry","category-nacional","category-ultima-hora","tag-alimentacionsaludable","tag-escuelassaludables","tag-ninossanos","tag-sndifsep"],"yoast_head":"<!-- This site is optimized with the Yoast SEO plugin v25.0 - https:\/\/yoast.com\/wordpress\/plugins\/seo\/ -->\n<title>DIF y SEP unen fuerzas para promover una alimentaci\u00f3n saludable en escuelas de M\u00e9xico | Nexo Informativo Santiago de Quer\u00e9taro<\/title>\n<meta name=\"description\" content=\"DIF y SEP unen fuerzas para promover una alimentaci\u00f3n saludable en escuelas de M\u00e9xico\" \/>\n<meta name=\"robots\" content=\"index, follow, max-snippet:-1, max-image-preview:large, max-video-preview:-1\" \/>\n<link rel=\"canonical\" href=\"https:\/\/www.nexoinformativo.mx\/index.php\/2024\/12\/06\/dif-y-sep-unen-fuerzas-para-promover-una-alimentacion-saludable-en-escuelas-de-mexico\/\" \/>\n<meta property=\"og:locale\" content=\"es_MX\" \/>\n<meta property=\"og:type\" content=\"article\" \/>\n<meta property=\"og:title\" content=\"DIF y SEP unen fuerzas para promover una alimentaci\u00f3n saludable en escuelas de M\u00e9xico | Nexo Informativo Santiago de Quer\u00e9taro\" \/>\n<meta property=\"og:description\" content=\"DIF y SEP unen fuerzas para promover una alimentaci\u00f3n saludable en escuelas de M\u00e9xico\" \/>\n<meta property=\"og:url\" content=\"https:\/\/www.nexoinformativo.mx\/index.php\/2024\/12\/06\/dif-y-sep-unen-fuerzas-para-promover-una-alimentacion-saludable-en-escuelas-de-mexico\/\" \/>\n<meta property=\"og:site_name\" content=\"Nexo Informativo Santiago de Quer\u00e9taro\" \/>\n<meta property=\"article:publisher\" content=\"https:\/\/www.facebook.com\/people\/Nexo-Informativo\/61564066885511\/\" \/>\n<meta property=\"article:published_time\" content=\"2024-12-06T14:30:16+00:00\" \/>\n<meta property=\"article:modified_time\" content=\"2024-12-06T17:13:43+00:00\" \/>\n<meta property=\"og:image\" content=\"https:\/\/www.nexoinformativo.mx\/wp-content\/uploads\/2024\/12\/IMG_8410.jpg\" \/>\n\t<meta property=\"og:image:width\" content=\"650\" \/>\n\t<meta property=\"og:image:height\" content=\"380\" \/>\n\t<meta property=\"og:image:type\" content=\"image\/jpeg\" \/>\n<meta name=\"author\" content=\"Nexo Informativo\" \/>\n<meta name=\"twitter:card\" content=\"summary_large_image\" \/>\n<meta name=\"twitter:label1\" content=\"Escrito por\" \/>\n\t<meta name=\"twitter:data1\" content=\"Nexo Informativo\" \/>\n\t<meta name=\"twitter:label2\" content=\"Tiempo de lectura\" \/>\n\t<meta name=\"twitter:data2\" content=\"2 minutos\" \/>\n<script type=\"application\/ld+json\" class=\"yoast-schema-graph\">{\"@context\":\"https:\/\/schema.org\",\"@graph\":[{\"@type\":\"Article\",\"@id\":\"https:\/\/www.nexoinformativo.mx\/index.php\/2024\/12\/06\/dif-y-sep-unen-fuerzas-para-promover-una-alimentacion-saludable-en-escuelas-de-mexico\/#article\",\"isPartOf\":{\"@id\":\"https:\/\/www.nexoinformativo.mx\/index.php\/2024\/12\/06\/dif-y-sep-unen-fuerzas-para-promover-una-alimentacion-saludable-en-escuelas-de-mexico\/\"},\"author\":{\"name\":\"Nexo Informativo\",\"@id\":\"https:\/\/www.nexoinformativo.mx\/#\/schema\/person\/7749d380ba08c8ca00d7bc76fd907b7d\"},\"headline\":\"DIF y SEP unen fuerzas para promover una alimentaci\u00f3n saludable en escuelas de M\u00e9xico\",\"datePublished\":\"2024-12-06T14:30:16+00:00\",\"dateModified\":\"2024-12-06T17:13:43+00:00\",\"mainEntityOfPage\":{\"@id\":\"https:\/\/www.nexoinformativo.mx\/index.php\/2024\/12\/06\/dif-y-sep-unen-fuerzas-para-promover-una-alimentacion-saludable-en-escuelas-de-mexico\/\"},\"wordCount\":315,\"commentCount\":0,\"publisher\":{\"@id\":\"https:\/\/www.nexoinformativo.mx\/#organization\"},\"image\":{\"@id\":\"https:\/\/www.nexoinformativo.mx\/index.php\/2024\/12\/06\/dif-y-sep-unen-fuerzas-para-promover-una-alimentacion-saludable-en-escuelas-de-mexico\/#primaryimage\"},\"thumbnailUrl\":\"https:\/\/www.nexoinformativo.mx\/wp-content\/uploads\/2024\/12\/IMG_8410.jpg\",\"keywords\":[\"Alimentaci\u00f3nSaludable\",\"EscuelasSaludables\",\"Ni\u00f1osSanos\",\"SNDIFSEP\"],\"articleSection\":[\"Nacional\",\"\u00daltima Hora\"],\"inLanguage\":\"es\",\"potentialAction\":[{\"@type\":\"CommentAction\",\"name\":\"Comment\",\"target\":[\"https:\/\/www.nexoinformativo.mx\/index.php\/2024\/12\/06\/dif-y-sep-unen-fuerzas-para-promover-una-alimentacion-saludable-en-escuelas-de-mexico\/#respond\"]}]},{\"@type\":\"WebPage\",\"@id\":\"https:\/\/www.nexoinformativo.mx\/index.php\/2024\/12\/06\/dif-y-sep-unen-fuerzas-para-promover-una-alimentacion-saludable-en-escuelas-de-mexico\/\",\"url\":\"https:\/\/www.nexoinformativo.mx\/index.php\/2024\/12\/06\/dif-y-sep-unen-fuerzas-para-promover-una-alimentacion-saludable-en-escuelas-de-mexico\/\",\"name\":\"DIF y SEP unen fuerzas para promover una alimentaci\u00f3n saludable en escuelas de M\u00e9xico | Nexo Informativo Santiago de Quer\u00e9taro\",\"isPartOf\":{\"@id\":\"https:\/\/www.nexoinformativo.mx\/#website\"},\"primaryImageOfPage\":{\"@id\":\"https:\/\/www.nexoinformativo.mx\/index.php\/2024\/12\/06\/dif-y-sep-unen-fuerzas-para-promover-una-alimentacion-saludable-en-escuelas-de-mexico\/#primaryimage\"},\"image\":{\"@id\":\"https:\/\/www.nexoinformativo.mx\/index.php\/2024\/12\/06\/dif-y-sep-unen-fuerzas-para-promover-una-alimentacion-saludable-en-escuelas-de-mexico\/#primaryimage\"},\"thumbnailUrl\":\"https:\/\/www.nexoinformativo.mx\/wp-content\/uploads\/2024\/12\/IMG_8410.jpg\",\"datePublished\":\"2024-12-06T14:30:16+00:00\",\"dateModified\":\"2024-12-06T17:13:43+00:00\",\"description\":\"DIF y SEP unen fuerzas para promover una alimentaci\u00f3n saludable en escuelas de M\u00e9xico\",\"breadcrumb\":{\"@id\":\"https:\/\/www.nexoinformativo.mx\/index.php\/2024\/12\/06\/dif-y-sep-unen-fuerzas-para-promover-una-alimentacion-saludable-en-escuelas-de-mexico\/#breadcrumb\"},\"inLanguage\":\"es\",\"potentialAction\":[{\"@type\":\"ReadAction\",\"target\":[\"https:\/\/www.nexoinformativo.mx\/index.php\/2024\/12\/06\/dif-y-sep-unen-fuerzas-para-promover-una-alimentacion-saludable-en-escuelas-de-mexico\/\"]}]},{\"@type\":\"ImageObject\",\"inLanguage\":\"es\",\"@id\":\"https:\/\/www.nexoinformativo.mx\/index.php\/2024\/12\/06\/dif-y-sep-unen-fuerzas-para-promover-una-alimentacion-saludable-en-escuelas-de-mexico\/#primaryimage\",\"url\":\"https:\/\/www.nexoinformativo.mx\/wp-content\/uploads\/2024\/12\/IMG_8410.jpg\",\"contentUrl\":\"https:\/\/www.nexoinformativo.mx\/wp-content\/uploads\/2024\/12\/IMG_8410.jpg\",\"width\":650,\"height\":380},{\"@type\":\"BreadcrumbList\",\"@id\":\"https:\/\/www.nexoinformativo.mx\/index.php\/2024\/12\/06\/dif-y-sep-unen-fuerzas-para-promover-una-alimentacion-saludable-en-escuelas-de-mexico\/#breadcrumb\",\"itemListElement\":[{\"@type\":\"ListItem\",\"position\":1,\"name\":\"Inicio\",\"item\":\"https:\/\/www.nexoinformativo.mx\/\"},{\"@type\":\"ListItem\",\"position\":2,\"name\":\"DIF y SEP unen fuerzas para promover una alimentaci\u00f3n saludable en escuelas de M\u00e9xico\"}]},{\"@type\":\"WebSite\",\"@id\":\"https:\/\/www.nexoinformativo.mx\/#website\",\"url\":\"https:\/\/www.nexoinformativo.mx\/\",\"name\":\"Nexo Informativo Santiago de Quer\u00e9taro\",\"description\":\"Explora NexoInformativo y convi\u00e9rtete en parte de una comunidad que valora el conocimiento y la verdad. Tu nexoinformativo es tu puente hacia una comprensi\u00f3n m\u00e1s profunda del mundo que te rodea.\",\"publisher\":{\"@id\":\"https:\/\/www.nexoinformativo.mx\/#organization\"},\"potentialAction\":[{\"@type\":\"SearchAction\",\"target\":{\"@type\":\"EntryPoint\",\"urlTemplate\":\"https:\/\/www.nexoinformativo.mx\/?s={search_term_string}\"},\"query-input\":{\"@type\":\"PropertyValueSpecification\",\"valueRequired\":true,\"valueName\":\"search_term_string\"}}],\"inLanguage\":\"es\"},{\"@type\":\"Organization\",\"@id\":\"https:\/\/www.nexoinformativo.mx\/#organization\",\"name\":\"Nexo Informativo Santiago de Quer\u00e9taro\",\"url\":\"https:\/\/www.nexoinformativo.mx\/\",\"logo\":{\"@type\":\"ImageObject\",\"inLanguage\":\"es\",\"@id\":\"https:\/\/www.nexoinformativo.mx\/#\/schema\/logo\/image\/\",\"url\":\"https:\/\/www.nexoinformativo.mx\/wp-content\/uploads\/2024\/07\/nexoi-trasparente-2.png\",\"contentUrl\":\"https:\/\/www.nexoinformativo.mx\/wp-content\/uploads\/2024\/07\/nexoi-trasparente-2.png\",\"width\":816,\"height\":339,\"caption\":\"Nexo Informativo Santiago de Quer\u00e9taro\"},\"image\":{\"@id\":\"https:\/\/www.nexoinformativo.mx\/#\/schema\/logo\/image\/\"},\"sameAs\":[\"https:\/\/www.facebook.com\/people\/Nexo-Informativo\/61564066885511\/\"]},{\"@type\":\"Person\",\"@id\":\"https:\/\/www.nexoinformativo.mx\/#\/schema\/person\/7749d380ba08c8ca00d7bc76fd907b7d\",\"name\":\"Nexo Informativo\",\"image\":{\"@type\":\"ImageObject\",\"inLanguage\":\"es\",\"@id\":\"https:\/\/www.nexoinformativo.mx\/#\/schema\/person\/image\/\",\"url\":\"https:\/\/secure.gravatar.com\/avatar\/dde2928154642a13d95f87ddf1ea9718fe2b46760a005c53e41ff5ad610704e6?s=96&d=mm&r=g\",\"contentUrl\":\"https:\/\/secure.gravatar.com\/avatar\/dde2928154642a13d95f87ddf1ea9718fe2b46760a005c53e41ff5ad610704e6?s=96&d=mm&r=g\",\"caption\":\"Nexo Informativo\"},\"url\":\"https:\/\/www.nexoinformativo.mx\/index.php\/author\/edicion\/\"}]}<\/script>\n<!-- \/ Yoast SEO plugin. -->","yoast_head_json":{"title":"DIF y SEP unen fuerzas para promover una alimentaci\u00f3n saludable en escuelas de M\u00e9xico | Nexo Informativo Santiago de Quer\u00e9taro","description":"DIF y SEP unen fuerzas para promover una alimentaci\u00f3n saludable en escuelas de M\u00e9xico","robots":{"index":"index","follow":"follow","max-snippet":"max-snippet:-1","max-image-preview":"max-image-preview:large","max-video-preview":"max-video-preview:-1"},"canonical":"https:\/\/www.nexoinformativo.mx\/index.php\/2024\/12\/06\/dif-y-sep-unen-fuerzas-para-promover-una-alimentacion-saludable-en-escuelas-de-mexico\/","og_locale":"es_MX","og_type":"article","og_title":"DIF y SEP unen fuerzas para promover una alimentaci\u00f3n saludable en escuelas de M\u00e9xico | Nexo Informativo Santiago de Quer\u00e9taro","og_description":"DIF y SEP unen fuerzas para promover una alimentaci\u00f3n saludable en escuelas de M\u00e9xico","og_url":"https:\/\/www.nexoinformativo.mx\/index.php\/2024\/12\/06\/dif-y-sep-unen-fuerzas-para-promover-una-alimentacion-saludable-en-escuelas-de-mexico\/","og_site_name":"Nexo Informativo Santiago de Quer\u00e9taro","article_publisher":"https:\/\/www.facebook.com\/people\/Nexo-Informativo\/61564066885511\/","article_published_time":"2024-12-06T14:30:16+00:00","article_modified_time":"2024-12-06T17:13:43+00:00","og_image":[{"width":650,"height":380,"url":"https:\/\/www.nexoinformativo.mx\/wp-content\/uploads\/2024\/12\/IMG_8410.jpg","type":"image\/jpeg"}],"author":"Nexo Informativo","twitter_card":"summary_large_image","twitter_misc":{"Escrito por":"Nexo Informativo","Tiempo de lectura":"2 minutos"},"schema":{"@context":"https:\/\/schema.org","@graph":[{"@type":"Article","@id":"https:\/\/www.nexoinformativo.mx\/index.php\/2024\/12\/06\/dif-y-sep-unen-fuerzas-para-promover-una-alimentacion-saludable-en-escuelas-de-mexico\/#article","isPartOf":{"@id":"https:\/\/www.nexoinformativo.mx\/index.php\/2024\/12\/06\/dif-y-sep-unen-fuerzas-para-promover-una-alimentacion-saludable-en-escuelas-de-mexico\/"},"author":{"name":"Nexo Informativo","@id":"https:\/\/www.nexoinformativo.mx\/#\/schema\/person\/7749d380ba08c8ca00d7bc76fd907b7d"},"headline":"DIF y SEP unen fuerzas para promover una alimentaci\u00f3n saludable en escuelas de M\u00e9xico","datePublished":"2024-12-06T14:30:16+00:00","dateModified":"2024-12-06T17:13:43+00:00","mainEntityOfPage":{"@id":"https:\/\/www.nexoinformativo.mx\/index.php\/2024\/12\/06\/dif-y-sep-unen-fuerzas-para-promover-una-alimentacion-saludable-en-escuelas-de-mexico\/"},"wordCount":315,"commentCount":0,"publisher":{"@id":"https:\/\/www.nexoinformativo.mx\/#organization"},"image":{"@id":"https:\/\/www.nexoinformativo.mx\/index.php\/2024\/12\/06\/dif-y-sep-unen-fuerzas-para-promover-una-alimentacion-saludable-en-escuelas-de-mexico\/#primaryimage"},"thumbnailUrl":"https:\/\/www.nexoinformativo.mx\/wp-content\/uploads\/2024\/12\/IMG_8410.jpg","keywords":["Alimentaci\u00f3nSaludable","EscuelasSaludables","Ni\u00f1osSanos","SNDIFSEP"],"articleSection":["Nacional","\u00daltima Hora"],"inLanguage":"es","potentialAction":[{"@type":"CommentAction","name":"Comment","target":["https:\/\/www.nexoinformativo.mx\/index.php\/2024\/12\/06\/dif-y-sep-unen-fuerzas-para-promover-una-alimentacion-saludable-en-escuelas-de-mexico\/#respond"]}]},{"@type":"WebPage","@id":"https:\/\/www.nexoinformativo.mx\/index.php\/2024\/12\/06\/dif-y-sep-unen-fuerzas-para-promover-una-alimentacion-saludable-en-escuelas-de-mexico\/","url":"https:\/\/www.nexoinformativo.mx\/index.php\/2024\/12\/06\/dif-y-sep-unen-fuerzas-para-promover-una-alimentacion-saludable-en-escuelas-de-mexico\/","name":"DIF y SEP unen fuerzas para promover una alimentaci\u00f3n saludable en escuelas de M\u00e9xico | Nexo Informativo Santiago de Quer\u00e9taro","isPartOf":{"@id":"https:\/\/www.nexoinformativo.mx\/#website"},"primaryImageOfPage":{"@id":"https:\/\/www.nexoinformativo.mx\/index.php\/2024\/12\/06\/dif-y-sep-unen-fuerzas-para-promover-una-alimentacion-saludable-en-escuelas-de-mexico\/#primaryimage"},"image":{"@id":"https:\/\/www.nexoinformativo.mx\/index.php\/2024\/12\/06\/dif-y-sep-unen-fuerzas-para-promover-una-alimentacion-saludable-en-escuelas-de-mexico\/#primaryimage"},"thumbnailUrl":"https:\/\/www.nexoinformativo.mx\/wp-content\/uploads\/2024\/12\/IMG_8410.jpg","datePublished":"2024-12-06T14:30:16+00:00","dateModified":"2024-12-06T17:13:43+00:00","description":"DIF y SEP unen fuerzas para promover una alimentaci\u00f3n saludable en escuelas de M\u00e9xico","breadcrumb":{"@id":"https:\/\/www.nexoinformativo.mx\/index.php\/2024\/12\/06\/dif-y-sep-unen-fuerzas-para-promover-una-alimentacion-saludable-en-escuelas-de-mexico\/#breadcrumb"},"inLanguage":"es","potentialAction":[{"@type":"ReadAction","target":["https:\/\/www.nexoinformativo.mx\/index.php\/2024\/12\/06\/dif-y-sep-unen-fuerzas-para-promover-una-alimentacion-saludable-en-escuelas-de-mexico\/"]}]},{"@type":"ImageObject","inLanguage":"es","@id":"https:\/\/www.nexoinformativo.mx\/index.php\/2024\/12\/06\/dif-y-sep-unen-fuerzas-para-promover-una-alimentacion-saludable-en-escuelas-de-mexico\/#primaryimage","url":"https:\/\/www.nexoinformativo.mx\/wp-content\/uploads\/2024\/12\/IMG_8410.jpg","contentUrl":"https:\/\/www.nexoinformativo.mx\/wp-content\/uploads\/2024\/12\/IMG_8410.jpg","width":650,"height":380},{"@type":"BreadcrumbList","@id":"https:\/\/www.nexoinformativo.mx\/index.php\/2024\/12\/06\/dif-y-sep-unen-fuerzas-para-promover-una-alimentacion-saludable-en-escuelas-de-mexico\/#breadcrumb","itemListElement":[{"@type":"ListItem","position":1,"name":"Inicio","item":"https:\/\/www.nexoinformativo.mx\/"},{"@type":"ListItem","position":2,"name":"DIF y SEP unen fuerzas para promover una alimentaci\u00f3n saludable en escuelas de M\u00e9xico"}]},{"@type":"WebSite","@id":"https:\/\/www.nexoinformativo.mx\/#website","url":"https:\/\/www.nexoinformativo.mx\/","name":"Nexo Informativo Santiago de Quer\u00e9taro","description":"Explora NexoInformativo y convi\u00e9rtete en parte de una comunidad que valora el conocimiento y la verdad. Tu nexoinformativo es tu puente hacia una comprensi\u00f3n m\u00e1s profunda del mundo que te rodea.","publisher":{"@id":"https:\/\/www.nexoinformativo.mx\/#organization"},"potentialAction":[{"@type":"SearchAction","target":{"@type":"EntryPoint","urlTemplate":"https:\/\/www.nexoinformativo.mx\/?s={search_term_string}"},"query-input":{"@type":"PropertyValueSpecification","valueRequired":true,"valueName":"search_term_string"}}],"inLanguage":"es"},{"@type":"Organization","@id":"https:\/\/www.nexoinformativo.mx\/#organization","name":"Nexo Informativo Santiago de Quer\u00e9taro","url":"https:\/\/www.nexoinformativo.mx\/","logo":{"@type":"ImageObject","inLanguage":"es","@id":"https:\/\/www.nexoinformativo.mx\/#\/schema\/logo\/image\/","url":"https:\/\/www.nexoinformativo.mx\/wp-content\/uploads\/2024\/07\/nexoi-trasparente-2.png","contentUrl":"https:\/\/www.nexoinformativo.mx\/wp-content\/uploads\/2024\/07\/nexoi-trasparente-2.png","width":816,"height":339,"caption":"Nexo Informativo Santiago de Quer\u00e9taro"},"image":{"@id":"https:\/\/www.nexoinformativo.mx\/#\/schema\/logo\/image\/"},"sameAs":["https:\/\/www.facebook.com\/people\/Nexo-Informativo\/61564066885511\/"]},{"@type":"Person","@id":"https:\/\/www.nexoinformativo.mx\/#\/schema\/person\/7749d380ba08c8ca00d7bc76fd907b7d","name":"Nexo Informativo","image":{"@type":"ImageObject","inLanguage":"es","@id":"https:\/\/www.nexoinformativo.mx\/#\/schema\/person\/image\/","url":"https:\/\/secure.gravatar.com\/avatar\/dde2928154642a13d95f87ddf1ea9718fe2b46760a005c53e41ff5ad610704e6?s=96&d=mm&r=g","contentUrl":"https:\/\/secure.gravatar.com\/avatar\/dde2928154642a13d95f87ddf1ea9718fe2b46760a005c53e41ff5ad610704e6?s=96&d=mm&r=g","caption":"Nexo Informativo"},"url":"https:\/\/www.nexoinformativo.mx\/index.php\/author\/edicion\/"}]}},"_links":{"self":[{"href":"https:\/\/www.nexoinformativo.mx\/index.php\/wp-json\/wp\/v2\/posts\/7656","targetHints":{"allow":["GET"]}}],"collection":[{"href":"https:\/\/www.nexoinformativo.mx\/index.php\/wp-json\/wp\/v2\/posts"}],"about":[{"href":"https:\/\/www.nexoinformativo.mx\/index.php\/wp-json\/wp\/v2\/types\/post"}],"author":[{"embeddable":true,"href":"https:\/\/www.nexoinformativo.mx\/index.php\/wp-json\/wp\/v2\/users\/3"}],"replies":[{"embeddable":true,"href":"https:\/\/www.nexoinformativo.mx\/index.php\/wp-json\/wp\/v2\/comments?post=7656"}],"version-history":[{"count":4,"href":"https:\/\/www.nexoinformativo.mx\/index.php\/wp-json\/wp\/v2\/posts\/7656\/revisions"}],"predecessor-version":[{"id":7660,"href":"https:\/\/www.nexoinformativo.mx\/index.php\/wp-json\/wp\/v2\/posts\/7656\/revisions\/7660"}],"wp:featuredmedia":[{"embeddable":true,"href":"https:\/\/www.nexoinformativo.mx\/index.php\/wp-json\/wp\/v2\/media\/7657"}],"wp:attachment":[{"href":"https:\/\/www.nexoinformativo.mx\/index.php\/wp-json\/wp\/v2\/media?parent=7656"}],"wp:term":[{"taxonomy":"category","embeddable":true,"href":"https:\/\/www.nexoinformativo.mx\/index.php\/wp-json\/wp\/v2\/categories?post=7656"},{"taxonomy":"post_tag","embeddable":true,"href":"https:\/\/www.nexoinformativo.mx\/index.php\/wp-json\/wp\/v2\/tags?post=7656"}],"curies":[{"name":"wp","href":"https:\/\/api.w.org\/{rel}","templated":true}]}}