{"id":7662,"date":"2024-12-06T09:00:15","date_gmt":"2024-12-06T15:00:15","guid":{"rendered":"https:\/\/www.nexoinformativo.mx\/?p=7662"},"modified":"2024-12-06T11:20:35","modified_gmt":"2024-12-06T17:20:35","slug":"mexico-se-une-por-la-salud-del-suelo-nace-la-alianza-mexicana-por-el-suelo","status":"publish","type":"post","link":"https:\/\/www.nexoinformativo.mx\/index.php\/2024\/12\/06\/mexico-se-une-por-la-salud-del-suelo-nace-la-alianza-mexicana-por-el-suelo\/","title":{"rendered":"Nace AMEXSU la Alianza Mexicana por el Suelo: Un compromiso con la tierra"},"content":{"rendered":"<p style=\"text-align: justify;\" data-sourcepos=\"9:1-9:250\">En el marco del D\u00eda Mundial del Suelo, el gobierno de M\u00e9xico, a trav\u00e9s de la Secretar\u00eda de Agricultura y Desarrollo Rural, present\u00f3 la Alianza Mexicana por el Suelo (AMEXSU), una iniciativa que busca proteger y restaurar este valioso recurso natural.<\/p>\n<p>&nbsp;<\/p>\n<p style=\"text-align: justify;\" data-sourcepos=\"11:1-11:259\">El secretario Julio Berdegu\u00e9 Sacrist\u00e1n destac\u00f3 la importancia de los suelos para la seguridad alimentaria y la biodiversidad, se\u00f1alando que la degradaci\u00f3n de los suelos representa una amenaza para la producci\u00f3n de alimentos y el equilibrio de los ecosistemas.<\/p>\n<p>&nbsp;<\/p>\n<p style=\"text-align: justify;\" data-sourcepos=\"13:1-13:306\">La AMEXSU tiene como objetivo principal implementar un plan nacional para la restauraci\u00f3n, conservaci\u00f3n y manejo sostenible de los suelos en M\u00e9xico. Adem\u00e1s, buscar\u00e1 armonizar protocolos y m\u00e9todos de monitoreo, creando una plataforma que permita dar seguimiento a los avances y rendir cuentas a la sociedad.<\/p>\n<p>&nbsp;<\/p>\n<p style=\"text-align: justify;\" data-sourcepos=\"15:1-15:324\">El evento cont\u00f3 con la participaci\u00f3n de diversas instituciones, como la FAO, la Embajada de Alemania, la Semarnat, la Sedatu y representantes de productores agr\u00edcolas. Todos coincidieron en la importancia de trabajar de manera conjunta para garantizar la salud de los suelos y la sostenibilidad de la producci\u00f3n alimentaria.<\/p>\n<p>&nbsp;<\/p>\n<p style=\"text-align: justify;\" data-sourcepos=\"17:1-17:254\">La creaci\u00f3n de la AMEXSU representa un paso importante hacia la protecci\u00f3n de uno de los recursos naturales m\u00e1s valiosos de M\u00e9xico. Al cuidar los suelos, se garantiza la seguridad alimentaria, se combate el cambio clim\u00e1tico y se protege la biodiversidad.<\/p>\n<p>&nbsp;<\/p>\n<p style=\"text-align: center;\" data-sourcepos=\"17:1-17:254\"><em><strong>\u00a1Informaci\u00f3n que transforma!<\/strong><\/em><\/p>\n","protected":false},"excerpt":{"rendered":"<p>En el marco del D\u00eda Mundial del Suelo, el gobierno de M\u00e9xico, a trav\u00e9s de la Secretar\u00eda de Agricultura y Desarrollo Rural, present\u00f3 la Alianza Mexicana por el Suelo (AMEXSU), una iniciativa que busca proteger y restaurar este valioso recurso natural<\/p>\n","protected":false},"author":3,"featured_media":7663,"comment_status":"open","ping_status":"open","sticky":false,"template":"","format":"standard","meta":{"footnotes":""},"categories":[88,58],"tags":[2540,2439,1206,2539],"class_list":["post-7662","post","type-post","status-publish","format-standard","has-post-thumbnail","hentry","category-nacional","category-ultima-hora","tag-alianzamexicanaporelsuelo","tag-diamundialdelsuelo","tag-soberaniaalimentaria","tag-suelossaludables"],"yoast_head":"<!-- This site is optimized with the Yoast SEO plugin v25.0 - https:\/\/yoast.com\/wordpress\/plugins\/seo\/ -->\n<title>Nace AMEXSU la Alianza Mexicana por el Suelo: Un compromiso con la tierra | Nexo Informativo Santiago de Quer\u00e9taro<\/title>\n<meta name=\"description\" content=\"Nace AMEXSU la Alianza Mexicana por el Suelo: Un compromiso con la tierra\" \/>\n<meta name=\"robots\" content=\"index, follow, max-snippet:-1, max-image-preview:large, max-video-preview:-1\" \/>\n<link rel=\"canonical\" href=\"https:\/\/www.nexoinformativo.mx\/index.php\/2024\/12\/06\/mexico-se-une-por-la-salud-del-suelo-nace-la-alianza-mexicana-por-el-suelo\/\" \/>\n<meta property=\"og:locale\" content=\"es_MX\" \/>\n<meta property=\"og:type\" content=\"article\" \/>\n<meta property=\"og:title\" content=\"Nace AMEXSU la Alianza Mexicana por el Suelo: Un compromiso con la tierra | Nexo Informativo Santiago de Quer\u00e9taro\" \/>\n<meta property=\"og:description\" content=\"Nace AMEXSU la Alianza Mexicana por el Suelo: Un compromiso con la tierra\" \/>\n<meta property=\"og:url\" content=\"https:\/\/www.nexoinformativo.mx\/index.php\/2024\/12\/06\/mexico-se-une-por-la-salud-del-suelo-nace-la-alianza-mexicana-por-el-suelo\/\" \/>\n<meta property=\"og:site_name\" content=\"Nexo Informativo Santiago de Quer\u00e9taro\" \/>\n<meta property=\"article:publisher\" content=\"https:\/\/www.facebook.com\/people\/Nexo-Informativo\/61564066885511\/\" \/>\n<meta property=\"article:published_time\" content=\"2024-12-06T15:00:15+00:00\" \/>\n<meta property=\"article:modified_time\" content=\"2024-12-06T17:20:35+00:00\" \/>\n<meta property=\"og:image\" content=\"https:\/\/www.nexoinformativo.mx\/wp-content\/uploads\/2024\/12\/IMG_8411.jpg\" \/>\n\t<meta property=\"og:image:width\" content=\"650\" \/>\n\t<meta property=\"og:image:height\" content=\"380\" \/>\n\t<meta property=\"og:image:type\" content=\"image\/jpeg\" \/>\n<meta name=\"author\" content=\"Nexo Informativo\" \/>\n<meta name=\"twitter:card\" content=\"summary_large_image\" \/>\n<meta name=\"twitter:label1\" content=\"Escrito por\" \/>\n\t<meta name=\"twitter:data1\" content=\"Nexo Informativo\" \/>\n\t<meta name=\"twitter:label2\" content=\"Tiempo de lectura\" \/>\n\t<meta name=\"twitter:data2\" content=\"2 minutos\" \/>\n<script type=\"application\/ld+json\" class=\"yoast-schema-graph\">{\"@context\":\"https:\/\/schema.org\",\"@graph\":[{\"@type\":\"Article\",\"@id\":\"https:\/\/www.nexoinformativo.mx\/index.php\/2024\/12\/06\/mexico-se-une-por-la-salud-del-suelo-nace-la-alianza-mexicana-por-el-suelo\/#article\",\"isPartOf\":{\"@id\":\"https:\/\/www.nexoinformativo.mx\/index.php\/2024\/12\/06\/mexico-se-une-por-la-salud-del-suelo-nace-la-alianza-mexicana-por-el-suelo\/\"},\"author\":{\"name\":\"Nexo Informativo\",\"@id\":\"https:\/\/www.nexoinformativo.mx\/#\/schema\/person\/7749d380ba08c8ca00d7bc76fd907b7d\"},\"headline\":\"Nace AMEXSU la Alianza Mexicana por el Suelo: Un compromiso con la tierra\",\"datePublished\":\"2024-12-06T15:00:15+00:00\",\"dateModified\":\"2024-12-06T17:20:35+00:00\",\"mainEntityOfPage\":{\"@id\":\"https:\/\/www.nexoinformativo.mx\/index.php\/2024\/12\/06\/mexico-se-une-por-la-salud-del-suelo-nace-la-alianza-mexicana-por-el-suelo\/\"},\"wordCount\":259,\"commentCount\":0,\"publisher\":{\"@id\":\"https:\/\/www.nexoinformativo.mx\/#organization\"},\"image\":{\"@id\":\"https:\/\/www.nexoinformativo.mx\/index.php\/2024\/12\/06\/mexico-se-une-por-la-salud-del-suelo-nace-la-alianza-mexicana-por-el-suelo\/#primaryimage\"},\"thumbnailUrl\":\"https:\/\/www.nexoinformativo.mx\/wp-content\/uploads\/2024\/12\/IMG_8411.jpg\",\"keywords\":[\"AlianzaMexicanaPorElSuelo\",\"D\u00edaMundialDelSuelo\",\"SoberaniaAlimentaria\",\"SuelosSaludables\"],\"articleSection\":[\"Nacional\",\"\u00daltima Hora\"],\"inLanguage\":\"es\",\"potentialAction\":[{\"@type\":\"CommentAction\",\"name\":\"Comment\",\"target\":[\"https:\/\/www.nexoinformativo.mx\/index.php\/2024\/12\/06\/mexico-se-une-por-la-salud-del-suelo-nace-la-alianza-mexicana-por-el-suelo\/#respond\"]}]},{\"@type\":\"WebPage\",\"@id\":\"https:\/\/www.nexoinformativo.mx\/index.php\/2024\/12\/06\/mexico-se-une-por-la-salud-del-suelo-nace-la-alianza-mexicana-por-el-suelo\/\",\"url\":\"https:\/\/www.nexoinformativo.mx\/index.php\/2024\/12\/06\/mexico-se-une-por-la-salud-del-suelo-nace-la-alianza-mexicana-por-el-suelo\/\",\"name\":\"Nace AMEXSU la Alianza Mexicana por el Suelo: Un compromiso con la tierra | Nexo Informativo Santiago de Quer\u00e9taro\",\"isPartOf\":{\"@id\":\"https:\/\/www.nexoinformativo.mx\/#website\"},\"primaryImageOfPage\":{\"@id\":\"https:\/\/www.nexoinformativo.mx\/index.php\/2024\/12\/06\/mexico-se-une-por-la-salud-del-suelo-nace-la-alianza-mexicana-por-el-suelo\/#primaryimage\"},\"image\":{\"@id\":\"https:\/\/www.nexoinformativo.mx\/index.php\/2024\/12\/06\/mexico-se-une-por-la-salud-del-suelo-nace-la-alianza-mexicana-por-el-suelo\/#primaryimage\"},\"thumbnailUrl\":\"https:\/\/www.nexoinformativo.mx\/wp-content\/uploads\/2024\/12\/IMG_8411.jpg\",\"datePublished\":\"2024-12-06T15:00:15+00:00\",\"dateModified\":\"2024-12-06T17:20:35+00:00\",\"description\":\"Nace AMEXSU la Alianza Mexicana por el Suelo: Un compromiso con la tierra\",\"breadcrumb\":{\"@id\":\"https:\/\/www.nexoinformativo.mx\/index.php\/2024\/12\/06\/mexico-se-une-por-la-salud-del-suelo-nace-la-alianza-mexicana-por-el-suelo\/#breadcrumb\"},\"inLanguage\":\"es\",\"potentialAction\":[{\"@type\":\"ReadAction\",\"target\":[\"https:\/\/www.nexoinformativo.mx\/index.php\/2024\/12\/06\/mexico-se-une-por-la-salud-del-suelo-nace-la-alianza-mexicana-por-el-suelo\/\"]}]},{\"@type\":\"ImageObject\",\"inLanguage\":\"es\",\"@id\":\"https:\/\/www.nexoinformativo.mx\/index.php\/2024\/12\/06\/mexico-se-une-por-la-salud-del-suelo-nace-la-alianza-mexicana-por-el-suelo\/#primaryimage\",\"url\":\"https:\/\/www.nexoinformativo.mx\/wp-content\/uploads\/2024\/12\/IMG_8411.jpg\",\"contentUrl\":\"https:\/\/www.nexoinformativo.mx\/wp-content\/uploads\/2024\/12\/IMG_8411.jpg\",\"width\":650,\"height\":380},{\"@type\":\"BreadcrumbList\",\"@id\":\"https:\/\/www.nexoinformativo.mx\/index.php\/2024\/12\/06\/mexico-se-une-por-la-salud-del-suelo-nace-la-alianza-mexicana-por-el-suelo\/#breadcrumb\",\"itemListElement\":[{\"@type\":\"ListItem\",\"position\":1,\"name\":\"Inicio\",\"item\":\"https:\/\/www.nexoinformativo.mx\/\"},{\"@type\":\"ListItem\",\"position\":2,\"name\":\"Nace AMEXSU la Alianza Mexicana por el Suelo: Un compromiso con la tierra\"}]},{\"@type\":\"WebSite\",\"@id\":\"https:\/\/www.nexoinformativo.mx\/#website\",\"url\":\"https:\/\/www.nexoinformativo.mx\/\",\"name\":\"Nexo Informativo Santiago de Quer\u00e9taro\",\"description\":\"Explora NexoInformativo y convi\u00e9rtete en parte de una comunidad que valora el conocimiento y la verdad. Tu nexoinformativo es tu puente hacia una comprensi\u00f3n m\u00e1s profunda del mundo que te rodea.\",\"publisher\":{\"@id\":\"https:\/\/www.nexoinformativo.mx\/#organization\"},\"potentialAction\":[{\"@type\":\"SearchAction\",\"target\":{\"@type\":\"EntryPoint\",\"urlTemplate\":\"https:\/\/www.nexoinformativo.mx\/?s={search_term_string}\"},\"query-input\":{\"@type\":\"PropertyValueSpecification\",\"valueRequired\":true,\"valueName\":\"search_term_string\"}}],\"inLanguage\":\"es\"},{\"@type\":\"Organization\",\"@id\":\"https:\/\/www.nexoinformativo.mx\/#organization\",\"name\":\"Nexo Informativo Santiago de Quer\u00e9taro\",\"url\":\"https:\/\/www.nexoinformativo.mx\/\",\"logo\":{\"@type\":\"ImageObject\",\"inLanguage\":\"es\",\"@id\":\"https:\/\/www.nexoinformativo.mx\/#\/schema\/logo\/image\/\",\"url\":\"https:\/\/www.nexoinformativo.mx\/wp-content\/uploads\/2024\/07\/nexoi-trasparente-2.png\",\"contentUrl\":\"https:\/\/www.nexoinformativo.mx\/wp-content\/uploads\/2024\/07\/nexoi-trasparente-2.png\",\"width\":816,\"height\":339,\"caption\":\"Nexo Informativo Santiago de Quer\u00e9taro\"},\"image\":{\"@id\":\"https:\/\/www.nexoinformativo.mx\/#\/schema\/logo\/image\/\"},\"sameAs\":[\"https:\/\/www.facebook.com\/people\/Nexo-Informativo\/61564066885511\/\"]},{\"@type\":\"Person\",\"@id\":\"https:\/\/www.nexoinformativo.mx\/#\/schema\/person\/7749d380ba08c8ca00d7bc76fd907b7d\",\"name\":\"Nexo Informativo\",\"image\":{\"@type\":\"ImageObject\",\"inLanguage\":\"es\",\"@id\":\"https:\/\/www.nexoinformativo.mx\/#\/schema\/person\/image\/\",\"url\":\"https:\/\/secure.gravatar.com\/avatar\/dde2928154642a13d95f87ddf1ea9718fe2b46760a005c53e41ff5ad610704e6?s=96&d=mm&r=g\",\"contentUrl\":\"https:\/\/secure.gravatar.com\/avatar\/dde2928154642a13d95f87ddf1ea9718fe2b46760a005c53e41ff5ad610704e6?s=96&d=mm&r=g\",\"caption\":\"Nexo Informativo\"},\"url\":\"https:\/\/www.nexoinformativo.mx\/index.php\/author\/edicion\/\"}]}<\/script>\n<!-- \/ Yoast SEO plugin. -->","yoast_head_json":{"title":"Nace AMEXSU la Alianza Mexicana por el Suelo: Un compromiso con la tierra | Nexo Informativo Santiago de Quer\u00e9taro","description":"Nace AMEXSU la Alianza Mexicana por el Suelo: Un compromiso con la tierra","robots":{"index":"index","follow":"follow","max-snippet":"max-snippet:-1","max-image-preview":"max-image-preview:large","max-video-preview":"max-video-preview:-1"},"canonical":"https:\/\/www.nexoinformativo.mx\/index.php\/2024\/12\/06\/mexico-se-une-por-la-salud-del-suelo-nace-la-alianza-mexicana-por-el-suelo\/","og_locale":"es_MX","og_type":"article","og_title":"Nace AMEXSU la Alianza Mexicana por el Suelo: Un compromiso con la tierra | Nexo Informativo Santiago de Quer\u00e9taro","og_description":"Nace AMEXSU la Alianza Mexicana por el Suelo: Un compromiso con la tierra","og_url":"https:\/\/www.nexoinformativo.mx\/index.php\/2024\/12\/06\/mexico-se-une-por-la-salud-del-suelo-nace-la-alianza-mexicana-por-el-suelo\/","og_site_name":"Nexo Informativo Santiago de Quer\u00e9taro","article_publisher":"https:\/\/www.facebook.com\/people\/Nexo-Informativo\/61564066885511\/","article_published_time":"2024-12-06T15:00:15+00:00","article_modified_time":"2024-12-06T17:20:35+00:00","og_image":[{"width":650,"height":380,"url":"https:\/\/www.nexoinformativo.mx\/wp-content\/uploads\/2024\/12\/IMG_8411.jpg","type":"image\/jpeg"}],"author":"Nexo Informativo","twitter_card":"summary_large_image","twitter_misc":{"Escrito por":"Nexo Informativo","Tiempo de lectura":"2 minutos"},"schema":{"@context":"https:\/\/schema.org","@graph":[{"@type":"Article","@id":"https:\/\/www.nexoinformativo.mx\/index.php\/2024\/12\/06\/mexico-se-une-por-la-salud-del-suelo-nace-la-alianza-mexicana-por-el-suelo\/#article","isPartOf":{"@id":"https:\/\/www.nexoinformativo.mx\/index.php\/2024\/12\/06\/mexico-se-une-por-la-salud-del-suelo-nace-la-alianza-mexicana-por-el-suelo\/"},"author":{"name":"Nexo Informativo","@id":"https:\/\/www.nexoinformativo.mx\/#\/schema\/person\/7749d380ba08c8ca00d7bc76fd907b7d"},"headline":"Nace AMEXSU la Alianza Mexicana por el Suelo: Un compromiso con la tierra","datePublished":"2024-12-06T15:00:15+00:00","dateModified":"2024-12-06T17:20:35+00:00","mainEntityOfPage":{"@id":"https:\/\/www.nexoinformativo.mx\/index.php\/2024\/12\/06\/mexico-se-une-por-la-salud-del-suelo-nace-la-alianza-mexicana-por-el-suelo\/"},"wordCount":259,"commentCount":0,"publisher":{"@id":"https:\/\/www.nexoinformativo.mx\/#organization"},"image":{"@id":"https:\/\/www.nexoinformativo.mx\/index.php\/2024\/12\/06\/mexico-se-une-por-la-salud-del-suelo-nace-la-alianza-mexicana-por-el-suelo\/#primaryimage"},"thumbnailUrl":"https:\/\/www.nexoinformativo.mx\/wp-content\/uploads\/2024\/12\/IMG_8411.jpg","keywords":["AlianzaMexicanaPorElSuelo","D\u00edaMundialDelSuelo","SoberaniaAlimentaria","SuelosSaludables"],"articleSection":["Nacional","\u00daltima Hora"],"inLanguage":"es","potentialAction":[{"@type":"CommentAction","name":"Comment","target":["https:\/\/www.nexoinformativo.mx\/index.php\/2024\/12\/06\/mexico-se-une-por-la-salud-del-suelo-nace-la-alianza-mexicana-por-el-suelo\/#respond"]}]},{"@type":"WebPage","@id":"https:\/\/www.nexoinformativo.mx\/index.php\/2024\/12\/06\/mexico-se-une-por-la-salud-del-suelo-nace-la-alianza-mexicana-por-el-suelo\/","url":"https:\/\/www.nexoinformativo.mx\/index.php\/2024\/12\/06\/mexico-se-une-por-la-salud-del-suelo-nace-la-alianza-mexicana-por-el-suelo\/","name":"Nace AMEXSU la Alianza Mexicana por el Suelo: Un compromiso con la tierra | Nexo Informativo Santiago de Quer\u00e9taro","isPartOf":{"@id":"https:\/\/www.nexoinformativo.mx\/#website"},"primaryImageOfPage":{"@id":"https:\/\/www.nexoinformativo.mx\/index.php\/2024\/12\/06\/mexico-se-une-por-la-salud-del-suelo-nace-la-alianza-mexicana-por-el-suelo\/#primaryimage"},"image":{"@id":"https:\/\/www.nexoinformativo.mx\/index.php\/2024\/12\/06\/mexico-se-une-por-la-salud-del-suelo-nace-la-alianza-mexicana-por-el-suelo\/#primaryimage"},"thumbnailUrl":"https:\/\/www.nexoinformativo.mx\/wp-content\/uploads\/2024\/12\/IMG_8411.jpg","datePublished":"2024-12-06T15:00:15+00:00","dateModified":"2024-12-06T17:20:35+00:00","description":"Nace AMEXSU la Alianza Mexicana por el Suelo: Un compromiso con la tierra","breadcrumb":{"@id":"https:\/\/www.nexoinformativo.mx\/index.php\/2024\/12\/06\/mexico-se-une-por-la-salud-del-suelo-nace-la-alianza-mexicana-por-el-suelo\/#breadcrumb"},"inLanguage":"es","potentialAction":[{"@type":"ReadAction","target":["https:\/\/www.nexoinformativo.mx\/index.php\/2024\/12\/06\/mexico-se-une-por-la-salud-del-suelo-nace-la-alianza-mexicana-por-el-suelo\/"]}]},{"@type":"ImageObject","inLanguage":"es","@id":"https:\/\/www.nexoinformativo.mx\/index.php\/2024\/12\/06\/mexico-se-une-por-la-salud-del-suelo-nace-la-alianza-mexicana-por-el-suelo\/#primaryimage","url":"https:\/\/www.nexoinformativo.mx\/wp-content\/uploads\/2024\/12\/IMG_8411.jpg","contentUrl":"https:\/\/www.nexoinformativo.mx\/wp-content\/uploads\/2024\/12\/IMG_8411.jpg","width":650,"height":380},{"@type":"BreadcrumbList","@id":"https:\/\/www.nexoinformativo.mx\/index.php\/2024\/12\/06\/mexico-se-une-por-la-salud-del-suelo-nace-la-alianza-mexicana-por-el-suelo\/#breadcrumb","itemListElement":[{"@type":"ListItem","position":1,"name":"Inicio","item":"https:\/\/www.nexoinformativo.mx\/"},{"@type":"ListItem","position":2,"name":"Nace AMEXSU la Alianza Mexicana por el Suelo: Un compromiso con la tierra"}]},{"@type":"WebSite","@id":"https:\/\/www.nexoinformativo.mx\/#website","url":"https:\/\/www.nexoinformativo.mx\/","name":"Nexo Informativo Santiago de Quer\u00e9taro","description":"Explora NexoInformativo y convi\u00e9rtete en parte de una comunidad que valora el conocimiento y la verdad. Tu nexoinformativo es tu puente hacia una comprensi\u00f3n m\u00e1s profunda del mundo que te rodea.","publisher":{"@id":"https:\/\/www.nexoinformativo.mx\/#organization"},"potentialAction":[{"@type":"SearchAction","target":{"@type":"EntryPoint","urlTemplate":"https:\/\/www.nexoinformativo.mx\/?s={search_term_string}"},"query-input":{"@type":"PropertyValueSpecification","valueRequired":true,"valueName":"search_term_string"}}],"inLanguage":"es"},{"@type":"Organization","@id":"https:\/\/www.nexoinformativo.mx\/#organization","name":"Nexo Informativo Santiago de Quer\u00e9taro","url":"https:\/\/www.nexoinformativo.mx\/","logo":{"@type":"ImageObject","inLanguage":"es","@id":"https:\/\/www.nexoinformativo.mx\/#\/schema\/logo\/image\/","url":"https:\/\/www.nexoinformativo.mx\/wp-content\/uploads\/2024\/07\/nexoi-trasparente-2.png","contentUrl":"https:\/\/www.nexoinformativo.mx\/wp-content\/uploads\/2024\/07\/nexoi-trasparente-2.png","width":816,"height":339,"caption":"Nexo Informativo Santiago de Quer\u00e9taro"},"image":{"@id":"https:\/\/www.nexoinformativo.mx\/#\/schema\/logo\/image\/"},"sameAs":["https:\/\/www.facebook.com\/people\/Nexo-Informativo\/61564066885511\/"]},{"@type":"Person","@id":"https:\/\/www.nexoinformativo.mx\/#\/schema\/person\/7749d380ba08c8ca00d7bc76fd907b7d","name":"Nexo Informativo","image":{"@type":"ImageObject","inLanguage":"es","@id":"https:\/\/www.nexoinformativo.mx\/#\/schema\/person\/image\/","url":"https:\/\/secure.gravatar.com\/avatar\/dde2928154642a13d95f87ddf1ea9718fe2b46760a005c53e41ff5ad610704e6?s=96&d=mm&r=g","contentUrl":"https:\/\/secure.gravatar.com\/avatar\/dde2928154642a13d95f87ddf1ea9718fe2b46760a005c53e41ff5ad610704e6?s=96&d=mm&r=g","caption":"Nexo Informativo"},"url":"https:\/\/www.nexoinformativo.mx\/index.php\/author\/edicion\/"}]}},"_links":{"self":[{"href":"https:\/\/www.nexoinformativo.mx\/index.php\/wp-json\/wp\/v2\/posts\/7662","targetHints":{"allow":["GET"]}}],"collection":[{"href":"https:\/\/www.nexoinformativo.mx\/index.php\/wp-json\/wp\/v2\/posts"}],"about":[{"href":"https:\/\/www.nexoinformativo.mx\/index.php\/wp-json\/wp\/v2\/types\/post"}],"author":[{"embeddable":true,"href":"https:\/\/www.nexoinformativo.mx\/index.php\/wp-json\/wp\/v2\/users\/3"}],"replies":[{"embeddable":true,"href":"https:\/\/www.nexoinformativo.mx\/index.php\/wp-json\/wp\/v2\/comments?post=7662"}],"version-history":[{"count":4,"href":"https:\/\/www.nexoinformativo.mx\/index.php\/wp-json\/wp\/v2\/posts\/7662\/revisions"}],"predecessor-version":[{"id":7666,"href":"https:\/\/www.nexoinformativo.mx\/index.php\/wp-json\/wp\/v2\/posts\/7662\/revisions\/7666"}],"wp:featuredmedia":[{"embeddable":true,"href":"https:\/\/www.nexoinformativo.mx\/index.php\/wp-json\/wp\/v2\/media\/7663"}],"wp:attachment":[{"href":"https:\/\/www.nexoinformativo.mx\/index.php\/wp-json\/wp\/v2\/media?parent=7662"}],"wp:term":[{"taxonomy":"category","embeddable":true,"href":"https:\/\/www.nexoinformativo.mx\/index.php\/wp-json\/wp\/v2\/categories?post=7662"},{"taxonomy":"post_tag","embeddable":true,"href":"https:\/\/www.nexoinformativo.mx\/index.php\/wp-json\/wp\/v2\/tags?post=7662"}],"curies":[{"name":"wp","href":"https:\/\/api.w.org\/{rel}","templated":true}]}}