{"id":7680,"date":"2024-12-06T12:00:57","date_gmt":"2024-12-06T18:00:57","guid":{"rendered":"https:\/\/www.nexoinformativo.mx\/?p=7680"},"modified":"2024-12-06T13:46:25","modified_gmt":"2024-12-06T19:46:25","slug":"analizaran-extincion-de-dominio-de-inmueble-para-los-cantaritos-secretario-de-gobierno","status":"publish","type":"post","link":"https:\/\/www.nexoinformativo.mx\/index.php\/2024\/12\/06\/analizaran-extincion-de-dominio-de-inmueble-para-los-cantaritos-secretario-de-gobierno\/","title":{"rendered":"Analizar\u00e1n extinci\u00f3n de dominio de inmueble para &#8220;Los Cantaritos&#8221;: Secretario de Gobierno"},"content":{"rendered":"<p style=\"text-align: justify;\" data-sourcepos=\"9:1-9:251\">Ante los recientes acontecimientos relacionados con el bar &#8220;Los Cantaritos&#8221;, el secretario de gobierno del estado, Carlos Alcaraz, ha propuesto analizar la posibilidad de aplicar la figura jur\u00eddica de la extinci\u00f3n de dominio a este inmueble.<\/p>\n<p>&nbsp;<\/p>\n<p style=\"text-align: justify;\" data-sourcepos=\"11:1-11:233\">En una reciente entrevista, Alcaraz explic\u00f3 que, si bien el propietario del negocio no es el due\u00f1o del inmueble, la ley permite evaluar la posibilidad de expropiar bienes utilizados para actividades il\u00edcitas, sin compensaci\u00f3n alguna.<\/p>\n<p>&nbsp;<\/p>\n<p style=\"text-align: justify;\" data-sourcepos=\"13:1-13:173\">&#8220;Se tendr\u00e1 que valorar y corresponder\u00e1 a la autoridad poder determinar si es viable o no y poderla solicitar ante la autoridad judicial&#8221;, manifest\u00f3 el funcionario.<\/p>\n<p>&nbsp;<\/p>\n<p style=\"text-align: justify;\" data-sourcepos=\"15:1-15:305\">Esta medida, seg\u00fan el secretario, podr\u00eda aplicarse no solo a &#8220;Los Cantaritos&#8221;, sino a cualquier otro inmueble que haya sido utilizado para cometer delitos. Sin embargo, enfatiz\u00f3 que la decisi\u00f3n final recaer\u00e1 en las autoridades judiciales, quienes deber\u00e1n analizar cada caso de manera individual.<\/p>\n<p>&nbsp;<\/p>\n<p style=\"text-align: justify;\" data-sourcepos=\"17:1-17:188\">&#8220;En una opini\u00f3n personal deber\u00edamos de buscarlo&#8221;, coment\u00f3 Alcaraz, subrayando la importancia de utilizar todas las herramientas legales disponibles para combatir la delincuencia.<\/p>\n<p>&nbsp;<\/p>\n<p style=\"text-align: justify;\" data-sourcepos=\"19:1-19:334\">La extinci\u00f3n de dominio es una figura jur\u00eddica que permite al Estado recuperar bienes que hayan sido utilizados para cometer delitos, como el narcotr\u00e1fico, la corrupci\u00f3n o el crimen organizado.<\/p>\n<p>&nbsp;<\/p>\n<p style=\"text-align: justify;\" data-sourcepos=\"19:1-19:334\">Esta medida busca evitar que estos bienes sean utilizados nuevamente para actividades il\u00edcitas y enviar un mensaje claro a los delincuentes.<\/p>\n<p>&nbsp;<\/p>\n<p style=\"text-align: center;\" data-sourcepos=\"19:1-19:334\"><em><strong>\u00a1Informaci\u00f3n que transforma!<\/strong><\/em><\/p>\n","protected":false},"excerpt":{"rendered":"<p>Ante los recientes acontecimientos relacionados con el bar &#8220;Los Cantaritos&#8221;, el secretario de gobierno del estado, Carlos Alcaraz, ha propuesto analizar la posibilidad de aplicar la figura jur\u00eddica de la extinci\u00f3n de dominio a este inmueble.<\/p>\n","protected":false},"author":3,"featured_media":7683,"comment_status":"open","ping_status":"open","sticky":false,"template":"","format":"standard","meta":{"footnotes":""},"categories":[42,58],"tags":[2433,480,2154,207],"class_list":["post-7680","post","type-post","status-publish","format-standard","has-post-thumbnail","hentry","category-estado","category-ultima-hora","tag-extinciondedominio","tag-justicia","tag-loscantaritos","tag-seguridadpublica"],"yoast_head":"<!-- This site is optimized with the Yoast SEO plugin v25.0 - https:\/\/yoast.com\/wordpress\/plugins\/seo\/ -->\n<title>Analizar\u00e1n extinci\u00f3n de dominio de inmueble para &quot;Los Cantaritos&quot;: Secretario de Gobierno | Nexo Informativo Santiago de Quer\u00e9taro<\/title>\n<meta name=\"description\" content=\"Analizar\u00e1n extinci\u00f3n de dominio de inmueble para &quot;Los Cantaritos&quot;: Secretario de Gobierno\" \/>\n<meta name=\"robots\" content=\"index, follow, max-snippet:-1, max-image-preview:large, max-video-preview:-1\" \/>\n<link rel=\"canonical\" href=\"https:\/\/www.nexoinformativo.mx\/index.php\/2024\/12\/06\/analizaran-extincion-de-dominio-de-inmueble-para-los-cantaritos-secretario-de-gobierno\/\" \/>\n<meta property=\"og:locale\" content=\"es_MX\" \/>\n<meta property=\"og:type\" content=\"article\" \/>\n<meta property=\"og:title\" content=\"Analizar\u00e1n extinci\u00f3n de dominio de inmueble para &quot;Los Cantaritos&quot;: Secretario de Gobierno | Nexo Informativo Santiago de Quer\u00e9taro\" \/>\n<meta property=\"og:description\" content=\"Analizar\u00e1n extinci\u00f3n de dominio de inmueble para &quot;Los Cantaritos&quot;: Secretario de Gobierno\" \/>\n<meta property=\"og:url\" content=\"https:\/\/www.nexoinformativo.mx\/index.php\/2024\/12\/06\/analizaran-extincion-de-dominio-de-inmueble-para-los-cantaritos-secretario-de-gobierno\/\" \/>\n<meta property=\"og:site_name\" content=\"Nexo Informativo Santiago de Quer\u00e9taro\" \/>\n<meta property=\"article:publisher\" content=\"https:\/\/www.facebook.com\/people\/Nexo-Informativo\/61564066885511\/\" \/>\n<meta property=\"article:published_time\" content=\"2024-12-06T18:00:57+00:00\" \/>\n<meta property=\"article:modified_time\" content=\"2024-12-06T19:46:25+00:00\" \/>\n<meta property=\"og:image\" content=\"https:\/\/www.nexoinformativo.mx\/wp-content\/uploads\/2024\/12\/PHOTO-2024-12-06-12-58-00-e1733514377837.jpg\" \/>\n\t<meta property=\"og:image:width\" content=\"700\" \/>\n\t<meta property=\"og:image:height\" content=\"525\" \/>\n\t<meta property=\"og:image:type\" content=\"image\/jpeg\" \/>\n<meta name=\"author\" content=\"Nexo Informativo\" \/>\n<meta name=\"twitter:card\" content=\"summary_large_image\" \/>\n<meta name=\"twitter:label1\" content=\"Escrito por\" \/>\n\t<meta name=\"twitter:data1\" content=\"Nexo Informativo\" \/>\n\t<meta name=\"twitter:label2\" content=\"Tiempo de lectura\" \/>\n\t<meta name=\"twitter:data2\" content=\"2 minutos\" \/>\n<script type=\"application\/ld+json\" class=\"yoast-schema-graph\">{\"@context\":\"https:\/\/schema.org\",\"@graph\":[{\"@type\":\"Article\",\"@id\":\"https:\/\/www.nexoinformativo.mx\/index.php\/2024\/12\/06\/analizaran-extincion-de-dominio-de-inmueble-para-los-cantaritos-secretario-de-gobierno\/#article\",\"isPartOf\":{\"@id\":\"https:\/\/www.nexoinformativo.mx\/index.php\/2024\/12\/06\/analizaran-extincion-de-dominio-de-inmueble-para-los-cantaritos-secretario-de-gobierno\/\"},\"author\":{\"name\":\"Nexo Informativo\",\"@id\":\"https:\/\/www.nexoinformativo.mx\/#\/schema\/person\/7749d380ba08c8ca00d7bc76fd907b7d\"},\"headline\":\"Analizar\u00e1n extinci\u00f3n de dominio de inmueble para &#8220;Los Cantaritos&#8221;: Secretario de Gobierno\",\"datePublished\":\"2024-12-06T18:00:57+00:00\",\"dateModified\":\"2024-12-06T19:46:25+00:00\",\"mainEntityOfPage\":{\"@id\":\"https:\/\/www.nexoinformativo.mx\/index.php\/2024\/12\/06\/analizaran-extincion-de-dominio-de-inmueble-para-los-cantaritos-secretario-de-gobierno\/\"},\"wordCount\":256,\"commentCount\":0,\"publisher\":{\"@id\":\"https:\/\/www.nexoinformativo.mx\/#organization\"},\"image\":{\"@id\":\"https:\/\/www.nexoinformativo.mx\/index.php\/2024\/12\/06\/analizaran-extincion-de-dominio-de-inmueble-para-los-cantaritos-secretario-de-gobierno\/#primaryimage\"},\"thumbnailUrl\":\"https:\/\/www.nexoinformativo.mx\/wp-content\/uploads\/2024\/12\/PHOTO-2024-12-06-12-58-00-e1733514377837.jpg\",\"keywords\":[\"Extinci\u00f3nDeDominio\",\"Justicia\",\"LosCantaritos\",\"SeguridadP\u00fablica\"],\"articleSection\":[\"Estado\",\"\u00daltima Hora\"],\"inLanguage\":\"es\",\"potentialAction\":[{\"@type\":\"CommentAction\",\"name\":\"Comment\",\"target\":[\"https:\/\/www.nexoinformativo.mx\/index.php\/2024\/12\/06\/analizaran-extincion-de-dominio-de-inmueble-para-los-cantaritos-secretario-de-gobierno\/#respond\"]}]},{\"@type\":\"WebPage\",\"@id\":\"https:\/\/www.nexoinformativo.mx\/index.php\/2024\/12\/06\/analizaran-extincion-de-dominio-de-inmueble-para-los-cantaritos-secretario-de-gobierno\/\",\"url\":\"https:\/\/www.nexoinformativo.mx\/index.php\/2024\/12\/06\/analizaran-extincion-de-dominio-de-inmueble-para-los-cantaritos-secretario-de-gobierno\/\",\"name\":\"Analizar\u00e1n extinci\u00f3n de dominio de inmueble para \\\"Los Cantaritos\\\": Secretario de Gobierno | Nexo Informativo Santiago de Quer\u00e9taro\",\"isPartOf\":{\"@id\":\"https:\/\/www.nexoinformativo.mx\/#website\"},\"primaryImageOfPage\":{\"@id\":\"https:\/\/www.nexoinformativo.mx\/index.php\/2024\/12\/06\/analizaran-extincion-de-dominio-de-inmueble-para-los-cantaritos-secretario-de-gobierno\/#primaryimage\"},\"image\":{\"@id\":\"https:\/\/www.nexoinformativo.mx\/index.php\/2024\/12\/06\/analizaran-extincion-de-dominio-de-inmueble-para-los-cantaritos-secretario-de-gobierno\/#primaryimage\"},\"thumbnailUrl\":\"https:\/\/www.nexoinformativo.mx\/wp-content\/uploads\/2024\/12\/PHOTO-2024-12-06-12-58-00-e1733514377837.jpg\",\"datePublished\":\"2024-12-06T18:00:57+00:00\",\"dateModified\":\"2024-12-06T19:46:25+00:00\",\"description\":\"Analizar\u00e1n extinci\u00f3n de dominio de inmueble para \\\"Los Cantaritos\\\": Secretario de Gobierno\",\"breadcrumb\":{\"@id\":\"https:\/\/www.nexoinformativo.mx\/index.php\/2024\/12\/06\/analizaran-extincion-de-dominio-de-inmueble-para-los-cantaritos-secretario-de-gobierno\/#breadcrumb\"},\"inLanguage\":\"es\",\"potentialAction\":[{\"@type\":\"ReadAction\",\"target\":[\"https:\/\/www.nexoinformativo.mx\/index.php\/2024\/12\/06\/analizaran-extincion-de-dominio-de-inmueble-para-los-cantaritos-secretario-de-gobierno\/\"]}]},{\"@type\":\"ImageObject\",\"inLanguage\":\"es\",\"@id\":\"https:\/\/www.nexoinformativo.mx\/index.php\/2024\/12\/06\/analizaran-extincion-de-dominio-de-inmueble-para-los-cantaritos-secretario-de-gobierno\/#primaryimage\",\"url\":\"https:\/\/www.nexoinformativo.mx\/wp-content\/uploads\/2024\/12\/PHOTO-2024-12-06-12-58-00-e1733514377837.jpg\",\"contentUrl\":\"https:\/\/www.nexoinformativo.mx\/wp-content\/uploads\/2024\/12\/PHOTO-2024-12-06-12-58-00-e1733514377837.jpg\",\"width\":700,\"height\":525},{\"@type\":\"BreadcrumbList\",\"@id\":\"https:\/\/www.nexoinformativo.mx\/index.php\/2024\/12\/06\/analizaran-extincion-de-dominio-de-inmueble-para-los-cantaritos-secretario-de-gobierno\/#breadcrumb\",\"itemListElement\":[{\"@type\":\"ListItem\",\"position\":1,\"name\":\"Inicio\",\"item\":\"https:\/\/www.nexoinformativo.mx\/\"},{\"@type\":\"ListItem\",\"position\":2,\"name\":\"Analizar\u00e1n extinci\u00f3n de dominio de inmueble para &#8220;Los Cantaritos&#8221;: Secretario de Gobierno\"}]},{\"@type\":\"WebSite\",\"@id\":\"https:\/\/www.nexoinformativo.mx\/#website\",\"url\":\"https:\/\/www.nexoinformativo.mx\/\",\"name\":\"Nexo Informativo Santiago de Quer\u00e9taro\",\"description\":\"Explora NexoInformativo y convi\u00e9rtete en parte de una comunidad que valora el conocimiento y la verdad. Tu nexoinformativo es tu puente hacia una comprensi\u00f3n m\u00e1s profunda del mundo que te rodea.\",\"publisher\":{\"@id\":\"https:\/\/www.nexoinformativo.mx\/#organization\"},\"potentialAction\":[{\"@type\":\"SearchAction\",\"target\":{\"@type\":\"EntryPoint\",\"urlTemplate\":\"https:\/\/www.nexoinformativo.mx\/?s={search_term_string}\"},\"query-input\":{\"@type\":\"PropertyValueSpecification\",\"valueRequired\":true,\"valueName\":\"search_term_string\"}}],\"inLanguage\":\"es\"},{\"@type\":\"Organization\",\"@id\":\"https:\/\/www.nexoinformativo.mx\/#organization\",\"name\":\"Nexo Informativo Santiago de Quer\u00e9taro\",\"url\":\"https:\/\/www.nexoinformativo.mx\/\",\"logo\":{\"@type\":\"ImageObject\",\"inLanguage\":\"es\",\"@id\":\"https:\/\/www.nexoinformativo.mx\/#\/schema\/logo\/image\/\",\"url\":\"https:\/\/www.nexoinformativo.mx\/wp-content\/uploads\/2024\/07\/nexoi-trasparente-2.png\",\"contentUrl\":\"https:\/\/www.nexoinformativo.mx\/wp-content\/uploads\/2024\/07\/nexoi-trasparente-2.png\",\"width\":816,\"height\":339,\"caption\":\"Nexo Informativo Santiago de Quer\u00e9taro\"},\"image\":{\"@id\":\"https:\/\/www.nexoinformativo.mx\/#\/schema\/logo\/image\/\"},\"sameAs\":[\"https:\/\/www.facebook.com\/people\/Nexo-Informativo\/61564066885511\/\"]},{\"@type\":\"Person\",\"@id\":\"https:\/\/www.nexoinformativo.mx\/#\/schema\/person\/7749d380ba08c8ca00d7bc76fd907b7d\",\"name\":\"Nexo Informativo\",\"image\":{\"@type\":\"ImageObject\",\"inLanguage\":\"es\",\"@id\":\"https:\/\/www.nexoinformativo.mx\/#\/schema\/person\/image\/\",\"url\":\"https:\/\/secure.gravatar.com\/avatar\/dde2928154642a13d95f87ddf1ea9718fe2b46760a005c53e41ff5ad610704e6?s=96&d=mm&r=g\",\"contentUrl\":\"https:\/\/secure.gravatar.com\/avatar\/dde2928154642a13d95f87ddf1ea9718fe2b46760a005c53e41ff5ad610704e6?s=96&d=mm&r=g\",\"caption\":\"Nexo Informativo\"},\"url\":\"https:\/\/www.nexoinformativo.mx\/index.php\/author\/edicion\/\"}]}<\/script>\n<!-- \/ Yoast SEO plugin. -->","yoast_head_json":{"title":"Analizar\u00e1n extinci\u00f3n de dominio de inmueble para \"Los Cantaritos\": Secretario de Gobierno | Nexo Informativo Santiago de Quer\u00e9taro","description":"Analizar\u00e1n extinci\u00f3n de dominio de inmueble para \"Los Cantaritos\": Secretario de Gobierno","robots":{"index":"index","follow":"follow","max-snippet":"max-snippet:-1","max-image-preview":"max-image-preview:large","max-video-preview":"max-video-preview:-1"},"canonical":"https:\/\/www.nexoinformativo.mx\/index.php\/2024\/12\/06\/analizaran-extincion-de-dominio-de-inmueble-para-los-cantaritos-secretario-de-gobierno\/","og_locale":"es_MX","og_type":"article","og_title":"Analizar\u00e1n extinci\u00f3n de dominio de inmueble para \"Los Cantaritos\": Secretario de Gobierno | Nexo Informativo Santiago de Quer\u00e9taro","og_description":"Analizar\u00e1n extinci\u00f3n de dominio de inmueble para \"Los Cantaritos\": Secretario de Gobierno","og_url":"https:\/\/www.nexoinformativo.mx\/index.php\/2024\/12\/06\/analizaran-extincion-de-dominio-de-inmueble-para-los-cantaritos-secretario-de-gobierno\/","og_site_name":"Nexo Informativo Santiago de Quer\u00e9taro","article_publisher":"https:\/\/www.facebook.com\/people\/Nexo-Informativo\/61564066885511\/","article_published_time":"2024-12-06T18:00:57+00:00","article_modified_time":"2024-12-06T19:46:25+00:00","og_image":[{"width":700,"height":525,"url":"https:\/\/www.nexoinformativo.mx\/wp-content\/uploads\/2024\/12\/PHOTO-2024-12-06-12-58-00-e1733514377837.jpg","type":"image\/jpeg"}],"author":"Nexo Informativo","twitter_card":"summary_large_image","twitter_misc":{"Escrito por":"Nexo Informativo","Tiempo de lectura":"2 minutos"},"schema":{"@context":"https:\/\/schema.org","@graph":[{"@type":"Article","@id":"https:\/\/www.nexoinformativo.mx\/index.php\/2024\/12\/06\/analizaran-extincion-de-dominio-de-inmueble-para-los-cantaritos-secretario-de-gobierno\/#article","isPartOf":{"@id":"https:\/\/www.nexoinformativo.mx\/index.php\/2024\/12\/06\/analizaran-extincion-de-dominio-de-inmueble-para-los-cantaritos-secretario-de-gobierno\/"},"author":{"name":"Nexo Informativo","@id":"https:\/\/www.nexoinformativo.mx\/#\/schema\/person\/7749d380ba08c8ca00d7bc76fd907b7d"},"headline":"Analizar\u00e1n extinci\u00f3n de dominio de inmueble para &#8220;Los Cantaritos&#8221;: Secretario de Gobierno","datePublished":"2024-12-06T18:00:57+00:00","dateModified":"2024-12-06T19:46:25+00:00","mainEntityOfPage":{"@id":"https:\/\/www.nexoinformativo.mx\/index.php\/2024\/12\/06\/analizaran-extincion-de-dominio-de-inmueble-para-los-cantaritos-secretario-de-gobierno\/"},"wordCount":256,"commentCount":0,"publisher":{"@id":"https:\/\/www.nexoinformativo.mx\/#organization"},"image":{"@id":"https:\/\/www.nexoinformativo.mx\/index.php\/2024\/12\/06\/analizaran-extincion-de-dominio-de-inmueble-para-los-cantaritos-secretario-de-gobierno\/#primaryimage"},"thumbnailUrl":"https:\/\/www.nexoinformativo.mx\/wp-content\/uploads\/2024\/12\/PHOTO-2024-12-06-12-58-00-e1733514377837.jpg","keywords":["Extinci\u00f3nDeDominio","Justicia","LosCantaritos","SeguridadP\u00fablica"],"articleSection":["Estado","\u00daltima Hora"],"inLanguage":"es","potentialAction":[{"@type":"CommentAction","name":"Comment","target":["https:\/\/www.nexoinformativo.mx\/index.php\/2024\/12\/06\/analizaran-extincion-de-dominio-de-inmueble-para-los-cantaritos-secretario-de-gobierno\/#respond"]}]},{"@type":"WebPage","@id":"https:\/\/www.nexoinformativo.mx\/index.php\/2024\/12\/06\/analizaran-extincion-de-dominio-de-inmueble-para-los-cantaritos-secretario-de-gobierno\/","url":"https:\/\/www.nexoinformativo.mx\/index.php\/2024\/12\/06\/analizaran-extincion-de-dominio-de-inmueble-para-los-cantaritos-secretario-de-gobierno\/","name":"Analizar\u00e1n extinci\u00f3n de dominio de inmueble para \"Los Cantaritos\": Secretario de Gobierno | Nexo Informativo Santiago de Quer\u00e9taro","isPartOf":{"@id":"https:\/\/www.nexoinformativo.mx\/#website"},"primaryImageOfPage":{"@id":"https:\/\/www.nexoinformativo.mx\/index.php\/2024\/12\/06\/analizaran-extincion-de-dominio-de-inmueble-para-los-cantaritos-secretario-de-gobierno\/#primaryimage"},"image":{"@id":"https:\/\/www.nexoinformativo.mx\/index.php\/2024\/12\/06\/analizaran-extincion-de-dominio-de-inmueble-para-los-cantaritos-secretario-de-gobierno\/#primaryimage"},"thumbnailUrl":"https:\/\/www.nexoinformativo.mx\/wp-content\/uploads\/2024\/12\/PHOTO-2024-12-06-12-58-00-e1733514377837.jpg","datePublished":"2024-12-06T18:00:57+00:00","dateModified":"2024-12-06T19:46:25+00:00","description":"Analizar\u00e1n extinci\u00f3n de dominio de inmueble para \"Los Cantaritos\": Secretario de Gobierno","breadcrumb":{"@id":"https:\/\/www.nexoinformativo.mx\/index.php\/2024\/12\/06\/analizaran-extincion-de-dominio-de-inmueble-para-los-cantaritos-secretario-de-gobierno\/#breadcrumb"},"inLanguage":"es","potentialAction":[{"@type":"ReadAction","target":["https:\/\/www.nexoinformativo.mx\/index.php\/2024\/12\/06\/analizaran-extincion-de-dominio-de-inmueble-para-los-cantaritos-secretario-de-gobierno\/"]}]},{"@type":"ImageObject","inLanguage":"es","@id":"https:\/\/www.nexoinformativo.mx\/index.php\/2024\/12\/06\/analizaran-extincion-de-dominio-de-inmueble-para-los-cantaritos-secretario-de-gobierno\/#primaryimage","url":"https:\/\/www.nexoinformativo.mx\/wp-content\/uploads\/2024\/12\/PHOTO-2024-12-06-12-58-00-e1733514377837.jpg","contentUrl":"https:\/\/www.nexoinformativo.mx\/wp-content\/uploads\/2024\/12\/PHOTO-2024-12-06-12-58-00-e1733514377837.jpg","width":700,"height":525},{"@type":"BreadcrumbList","@id":"https:\/\/www.nexoinformativo.mx\/index.php\/2024\/12\/06\/analizaran-extincion-de-dominio-de-inmueble-para-los-cantaritos-secretario-de-gobierno\/#breadcrumb","itemListElement":[{"@type":"ListItem","position":1,"name":"Inicio","item":"https:\/\/www.nexoinformativo.mx\/"},{"@type":"ListItem","position":2,"name":"Analizar\u00e1n extinci\u00f3n de dominio de inmueble para &#8220;Los Cantaritos&#8221;: Secretario de Gobierno"}]},{"@type":"WebSite","@id":"https:\/\/www.nexoinformativo.mx\/#website","url":"https:\/\/www.nexoinformativo.mx\/","name":"Nexo Informativo Santiago de Quer\u00e9taro","description":"Explora NexoInformativo y convi\u00e9rtete en parte de una comunidad que valora el conocimiento y la verdad. Tu nexoinformativo es tu puente hacia una comprensi\u00f3n m\u00e1s profunda del mundo que te rodea.","publisher":{"@id":"https:\/\/www.nexoinformativo.mx\/#organization"},"potentialAction":[{"@type":"SearchAction","target":{"@type":"EntryPoint","urlTemplate":"https:\/\/www.nexoinformativo.mx\/?s={search_term_string}"},"query-input":{"@type":"PropertyValueSpecification","valueRequired":true,"valueName":"search_term_string"}}],"inLanguage":"es"},{"@type":"Organization","@id":"https:\/\/www.nexoinformativo.mx\/#organization","name":"Nexo Informativo Santiago de Quer\u00e9taro","url":"https:\/\/www.nexoinformativo.mx\/","logo":{"@type":"ImageObject","inLanguage":"es","@id":"https:\/\/www.nexoinformativo.mx\/#\/schema\/logo\/image\/","url":"https:\/\/www.nexoinformativo.mx\/wp-content\/uploads\/2024\/07\/nexoi-trasparente-2.png","contentUrl":"https:\/\/www.nexoinformativo.mx\/wp-content\/uploads\/2024\/07\/nexoi-trasparente-2.png","width":816,"height":339,"caption":"Nexo Informativo Santiago de Quer\u00e9taro"},"image":{"@id":"https:\/\/www.nexoinformativo.mx\/#\/schema\/logo\/image\/"},"sameAs":["https:\/\/www.facebook.com\/people\/Nexo-Informativo\/61564066885511\/"]},{"@type":"Person","@id":"https:\/\/www.nexoinformativo.mx\/#\/schema\/person\/7749d380ba08c8ca00d7bc76fd907b7d","name":"Nexo Informativo","image":{"@type":"ImageObject","inLanguage":"es","@id":"https:\/\/www.nexoinformativo.mx\/#\/schema\/person\/image\/","url":"https:\/\/secure.gravatar.com\/avatar\/dde2928154642a13d95f87ddf1ea9718fe2b46760a005c53e41ff5ad610704e6?s=96&d=mm&r=g","contentUrl":"https:\/\/secure.gravatar.com\/avatar\/dde2928154642a13d95f87ddf1ea9718fe2b46760a005c53e41ff5ad610704e6?s=96&d=mm&r=g","caption":"Nexo Informativo"},"url":"https:\/\/www.nexoinformativo.mx\/index.php\/author\/edicion\/"}]}},"_links":{"self":[{"href":"https:\/\/www.nexoinformativo.mx\/index.php\/wp-json\/wp\/v2\/posts\/7680","targetHints":{"allow":["GET"]}}],"collection":[{"href":"https:\/\/www.nexoinformativo.mx\/index.php\/wp-json\/wp\/v2\/posts"}],"about":[{"href":"https:\/\/www.nexoinformativo.mx\/index.php\/wp-json\/wp\/v2\/types\/post"}],"author":[{"embeddable":true,"href":"https:\/\/www.nexoinformativo.mx\/index.php\/wp-json\/wp\/v2\/users\/3"}],"replies":[{"embeddable":true,"href":"https:\/\/www.nexoinformativo.mx\/index.php\/wp-json\/wp\/v2\/comments?post=7680"}],"version-history":[{"count":3,"href":"https:\/\/www.nexoinformativo.mx\/index.php\/wp-json\/wp\/v2\/posts\/7680\/revisions"}],"predecessor-version":[{"id":7684,"href":"https:\/\/www.nexoinformativo.mx\/index.php\/wp-json\/wp\/v2\/posts\/7680\/revisions\/7684"}],"wp:featuredmedia":[{"embeddable":true,"href":"https:\/\/www.nexoinformativo.mx\/index.php\/wp-json\/wp\/v2\/media\/7683"}],"wp:attachment":[{"href":"https:\/\/www.nexoinformativo.mx\/index.php\/wp-json\/wp\/v2\/media?parent=7680"}],"wp:term":[{"taxonomy":"category","embeddable":true,"href":"https:\/\/www.nexoinformativo.mx\/index.php\/wp-json\/wp\/v2\/categories?post=7680"},{"taxonomy":"post_tag","embeddable":true,"href":"https:\/\/www.nexoinformativo.mx\/index.php\/wp-json\/wp\/v2\/tags?post=7680"}],"curies":[{"name":"wp","href":"https:\/\/api.w.org\/{rel}","templated":true}]}}