{"id":7697,"date":"2024-12-08T16:00:59","date_gmt":"2024-12-08T22:00:59","guid":{"rendered":"https:\/\/www.nexoinformativo.mx\/?p=7697"},"modified":"2024-12-08T18:33:32","modified_gmt":"2024-12-09T00:33:32","slug":"ar-tai-navideno-2024-en-pedro-escobedo-un-viaje-por-las-tradiciones-de-queretaro","status":"publish","type":"post","link":"https:\/\/www.nexoinformativo.mx\/index.php\/2024\/12\/08\/ar-tai-navideno-2024-en-pedro-escobedo-un-viaje-por-las-tradiciones-de-queretaro\/","title":{"rendered":"Ar Tai Navide\u00f1o 2024 en Pedro Escobedo: Un viaje por las tradiciones de Quer\u00e9taro"},"content":{"rendered":"<p style=\"text-align: justify;\" data-sourcepos=\"9:1-9:344\">Quer\u00e9taro se visti\u00f3 de fiesta con la inauguraci\u00f3n de la edici\u00f3n n\u00famero 16 del bazar artesanal At Tai, dedicado en esta ocasi\u00f3n al municipio de Pedro Escobedo.<\/p>\n<p>&nbsp;<\/p>\n<p style=\"text-align: justify;\" data-sourcepos=\"9:1-9:344\">El evento, organizado por la Secretar\u00eda de Cultura del estado, reuni\u00f3 a artesanos, artistas y cocineras tradicionales para celebrar la riqueza cultural de la entidad.<\/p>\n<p>&nbsp;<\/p>\n<p style=\"text-align: justify;\" data-sourcepos=\"11:1-11:292\">La secretaria de Cultura, Ana Paola L\u00f3pez Birlain, destac\u00f3 la importancia de este evento para promover las tradiciones y el legado cultural de Quer\u00e9taro.<\/p>\n<p>&nbsp;<\/p>\n<p style=\"text-align: justify;\" data-sourcepos=\"11:1-11:292\"><strong>&#8220;El Ar Tai nos permite conocer la riqueza cultural de nuestros municipios, celebrando sus tradiciones y formas de vida&#8221;<\/strong>, afirm\u00f3.<\/p>\n<p>&nbsp;<\/p>\n<p style=\"text-align: justify;\" data-sourcepos=\"13:1-13:334\">Durante el evento, los asistentes pudieron disfrutar de una amplia variedad de artesan\u00edas, gastronom\u00eda, m\u00fasica y danza, todas ellas representativas de diferentes regiones del estado.<\/p>\n<p>&nbsp;<\/p>\n<p style=\"text-align: justify;\" data-sourcepos=\"13:1-13:334\">Adem\u00e1s, se realizaron diversas actividades culturales como presentaciones de danza folcl\u00f3rica, conciertos de m\u00fasica tradicional y talleres artesanales.<\/p>\n<p>&nbsp;<\/p>\n<p style=\"text-align: justify;\" data-sourcepos=\"15:1-15:194\">El presidente municipal de Pedro Escobedo, Juan Alberto Nava, resalt\u00f3 la riqueza cultural de su municipio y agradeci\u00f3 la oportunidad de ser el municipio invitado de esta edici\u00f3n del Ar Tai.<\/p>\n<p>&nbsp;<\/p>\n<p style=\"text-align: justify;\" data-sourcepos=\"17:1-17:173\">Con esta iniciativa, la Secretar\u00eda de Cultura refrenda su compromiso de preservar y promover las tradiciones de Quer\u00e9taro, fortaleciendo la identidad cultural de la entidad.<\/p>\n<p>&nbsp;<\/p>\n<p style=\"text-align: center;\" data-sourcepos=\"17:1-17:173\"><em><strong>\u00a1Informaci\u00f3n que transforma!<\/strong><\/em><\/p>\n","protected":false},"excerpt":{"rendered":"<p>Quer\u00e9taro se visti\u00f3 de fiesta con la inauguraci\u00f3n de la edici\u00f3n n\u00famero 16 del bazar artesanal At Tai, dedicado en esta ocasi\u00f3n al municipio de Pedro Escobedo.<\/p>\n","protected":false},"author":3,"featured_media":7698,"comment_status":"open","ping_status":"open","sticky":false,"template":"","format":"standard","meta":{"footnotes":""},"categories":[50,65,58],"tags":[2548,660,1773,133],"class_list":["post-7697","post","type-post","status-publish","format-standard","has-post-thumbnail","hentry","category-espectaculos","category-municipios","category-ultima-hora","tag-artainavideno","tag-artesaniamexicana","tag-culturaqueretana","tag-queretaro"],"yoast_head":"<!-- This site is optimized with the Yoast SEO plugin v25.0 - https:\/\/yoast.com\/wordpress\/plugins\/seo\/ -->\n<title>Ar Tai Navide\u00f1o 2024 en Pedro Escobedo: Un viaje por las tradiciones de Quer\u00e9taro | Nexo Informativo Santiago de Quer\u00e9taro<\/title>\n<meta name=\"description\" content=\"Ar Tai Navide\u00f1o 2024 en Pedro Escobedo: Un viaje por las tradiciones de Quer\u00e9taro\" \/>\n<meta name=\"robots\" content=\"index, follow, max-snippet:-1, max-image-preview:large, max-video-preview:-1\" \/>\n<link rel=\"canonical\" href=\"https:\/\/www.nexoinformativo.mx\/index.php\/2024\/12\/08\/ar-tai-navideno-2024-en-pedro-escobedo-un-viaje-por-las-tradiciones-de-queretaro\/\" \/>\n<meta property=\"og:locale\" content=\"es_MX\" \/>\n<meta property=\"og:type\" content=\"article\" \/>\n<meta property=\"og:title\" content=\"Ar Tai Navide\u00f1o 2024 en Pedro Escobedo: Un viaje por las tradiciones de Quer\u00e9taro | Nexo Informativo Santiago de Quer\u00e9taro\" \/>\n<meta property=\"og:description\" content=\"Ar Tai Navide\u00f1o 2024 en Pedro Escobedo: Un viaje por las tradiciones de Quer\u00e9taro\" \/>\n<meta property=\"og:url\" content=\"https:\/\/www.nexoinformativo.mx\/index.php\/2024\/12\/08\/ar-tai-navideno-2024-en-pedro-escobedo-un-viaje-por-las-tradiciones-de-queretaro\/\" \/>\n<meta property=\"og:site_name\" content=\"Nexo Informativo Santiago de Quer\u00e9taro\" \/>\n<meta property=\"article:publisher\" content=\"https:\/\/www.facebook.com\/people\/Nexo-Informativo\/61564066885511\/\" \/>\n<meta property=\"article:published_time\" content=\"2024-12-08T22:00:59+00:00\" \/>\n<meta property=\"article:modified_time\" content=\"2024-12-09T00:33:32+00:00\" \/>\n<meta property=\"og:image\" content=\"https:\/\/www.nexoinformativo.mx\/wp-content\/uploads\/2024\/12\/PHOTO-2024-12-08-18-12-39-e1733704336903.jpg\" \/>\n\t<meta property=\"og:image:width\" content=\"800\" \/>\n\t<meta property=\"og:image:height\" content=\"450\" \/>\n\t<meta property=\"og:image:type\" content=\"image\/jpeg\" \/>\n<meta name=\"author\" content=\"Nexo Informativo\" \/>\n<meta name=\"twitter:card\" content=\"summary_large_image\" \/>\n<meta name=\"twitter:label1\" content=\"Escrito por\" \/>\n\t<meta name=\"twitter:data1\" content=\"Nexo Informativo\" \/>\n\t<meta name=\"twitter:label2\" content=\"Tiempo de lectura\" \/>\n\t<meta name=\"twitter:data2\" content=\"2 minutos\" \/>\n<script type=\"application\/ld+json\" class=\"yoast-schema-graph\">{\"@context\":\"https:\/\/schema.org\",\"@graph\":[{\"@type\":\"Article\",\"@id\":\"https:\/\/www.nexoinformativo.mx\/index.php\/2024\/12\/08\/ar-tai-navideno-2024-en-pedro-escobedo-un-viaje-por-las-tradiciones-de-queretaro\/#article\",\"isPartOf\":{\"@id\":\"https:\/\/www.nexoinformativo.mx\/index.php\/2024\/12\/08\/ar-tai-navideno-2024-en-pedro-escobedo-un-viaje-por-las-tradiciones-de-queretaro\/\"},\"author\":{\"name\":\"Nexo Informativo\",\"@id\":\"https:\/\/www.nexoinformativo.mx\/#\/schema\/person\/7749d380ba08c8ca00d7bc76fd907b7d\"},\"headline\":\"Ar Tai Navide\u00f1o 2024 en Pedro Escobedo: Un viaje por las tradiciones de Quer\u00e9taro\",\"datePublished\":\"2024-12-08T22:00:59+00:00\",\"dateModified\":\"2024-12-09T00:33:32+00:00\",\"mainEntityOfPage\":{\"@id\":\"https:\/\/www.nexoinformativo.mx\/index.php\/2024\/12\/08\/ar-tai-navideno-2024-en-pedro-escobedo-un-viaje-por-las-tradiciones-de-queretaro\/\"},\"wordCount\":238,\"commentCount\":0,\"publisher\":{\"@id\":\"https:\/\/www.nexoinformativo.mx\/#organization\"},\"image\":{\"@id\":\"https:\/\/www.nexoinformativo.mx\/index.php\/2024\/12\/08\/ar-tai-navideno-2024-en-pedro-escobedo-un-viaje-por-las-tradiciones-de-queretaro\/#primaryimage\"},\"thumbnailUrl\":\"https:\/\/www.nexoinformativo.mx\/wp-content\/uploads\/2024\/12\/PHOTO-2024-12-08-18-12-39-e1733704336903.jpg\",\"keywords\":[\"ArTaiNavide\u00f1o\",\"Artesan\u00edaMexicana\",\"CulturaQuer\u00e9tana\",\"Quer\u00e9taro\"],\"articleSection\":[\"Espect\u00e1culos\",\"Municipios\",\"\u00daltima Hora\"],\"inLanguage\":\"es\",\"potentialAction\":[{\"@type\":\"CommentAction\",\"name\":\"Comment\",\"target\":[\"https:\/\/www.nexoinformativo.mx\/index.php\/2024\/12\/08\/ar-tai-navideno-2024-en-pedro-escobedo-un-viaje-por-las-tradiciones-de-queretaro\/#respond\"]}]},{\"@type\":\"WebPage\",\"@id\":\"https:\/\/www.nexoinformativo.mx\/index.php\/2024\/12\/08\/ar-tai-navideno-2024-en-pedro-escobedo-un-viaje-por-las-tradiciones-de-queretaro\/\",\"url\":\"https:\/\/www.nexoinformativo.mx\/index.php\/2024\/12\/08\/ar-tai-navideno-2024-en-pedro-escobedo-un-viaje-por-las-tradiciones-de-queretaro\/\",\"name\":\"Ar Tai Navide\u00f1o 2024 en Pedro Escobedo: Un viaje por las tradiciones de Quer\u00e9taro | Nexo Informativo Santiago de Quer\u00e9taro\",\"isPartOf\":{\"@id\":\"https:\/\/www.nexoinformativo.mx\/#website\"},\"primaryImageOfPage\":{\"@id\":\"https:\/\/www.nexoinformativo.mx\/index.php\/2024\/12\/08\/ar-tai-navideno-2024-en-pedro-escobedo-un-viaje-por-las-tradiciones-de-queretaro\/#primaryimage\"},\"image\":{\"@id\":\"https:\/\/www.nexoinformativo.mx\/index.php\/2024\/12\/08\/ar-tai-navideno-2024-en-pedro-escobedo-un-viaje-por-las-tradiciones-de-queretaro\/#primaryimage\"},\"thumbnailUrl\":\"https:\/\/www.nexoinformativo.mx\/wp-content\/uploads\/2024\/12\/PHOTO-2024-12-08-18-12-39-e1733704336903.jpg\",\"datePublished\":\"2024-12-08T22:00:59+00:00\",\"dateModified\":\"2024-12-09T00:33:32+00:00\",\"description\":\"Ar Tai Navide\u00f1o 2024 en Pedro Escobedo: Un viaje por las tradiciones de Quer\u00e9taro\",\"breadcrumb\":{\"@id\":\"https:\/\/www.nexoinformativo.mx\/index.php\/2024\/12\/08\/ar-tai-navideno-2024-en-pedro-escobedo-un-viaje-por-las-tradiciones-de-queretaro\/#breadcrumb\"},\"inLanguage\":\"es\",\"potentialAction\":[{\"@type\":\"ReadAction\",\"target\":[\"https:\/\/www.nexoinformativo.mx\/index.php\/2024\/12\/08\/ar-tai-navideno-2024-en-pedro-escobedo-un-viaje-por-las-tradiciones-de-queretaro\/\"]}]},{\"@type\":\"ImageObject\",\"inLanguage\":\"es\",\"@id\":\"https:\/\/www.nexoinformativo.mx\/index.php\/2024\/12\/08\/ar-tai-navideno-2024-en-pedro-escobedo-un-viaje-por-las-tradiciones-de-queretaro\/#primaryimage\",\"url\":\"https:\/\/www.nexoinformativo.mx\/wp-content\/uploads\/2024\/12\/PHOTO-2024-12-08-18-12-39-e1733704336903.jpg\",\"contentUrl\":\"https:\/\/www.nexoinformativo.mx\/wp-content\/uploads\/2024\/12\/PHOTO-2024-12-08-18-12-39-e1733704336903.jpg\",\"width\":800,\"height\":450},{\"@type\":\"BreadcrumbList\",\"@id\":\"https:\/\/www.nexoinformativo.mx\/index.php\/2024\/12\/08\/ar-tai-navideno-2024-en-pedro-escobedo-un-viaje-por-las-tradiciones-de-queretaro\/#breadcrumb\",\"itemListElement\":[{\"@type\":\"ListItem\",\"position\":1,\"name\":\"Inicio\",\"item\":\"https:\/\/www.nexoinformativo.mx\/\"},{\"@type\":\"ListItem\",\"position\":2,\"name\":\"Ar Tai Navide\u00f1o 2024 en Pedro Escobedo: Un viaje por las tradiciones de Quer\u00e9taro\"}]},{\"@type\":\"WebSite\",\"@id\":\"https:\/\/www.nexoinformativo.mx\/#website\",\"url\":\"https:\/\/www.nexoinformativo.mx\/\",\"name\":\"Nexo Informativo Santiago de Quer\u00e9taro\",\"description\":\"Explora NexoInformativo y convi\u00e9rtete en parte de una comunidad que valora el conocimiento y la verdad. Tu nexoinformativo es tu puente hacia una comprensi\u00f3n m\u00e1s profunda del mundo que te rodea.\",\"publisher\":{\"@id\":\"https:\/\/www.nexoinformativo.mx\/#organization\"},\"potentialAction\":[{\"@type\":\"SearchAction\",\"target\":{\"@type\":\"EntryPoint\",\"urlTemplate\":\"https:\/\/www.nexoinformativo.mx\/?s={search_term_string}\"},\"query-input\":{\"@type\":\"PropertyValueSpecification\",\"valueRequired\":true,\"valueName\":\"search_term_string\"}}],\"inLanguage\":\"es\"},{\"@type\":\"Organization\",\"@id\":\"https:\/\/www.nexoinformativo.mx\/#organization\",\"name\":\"Nexo Informativo Santiago de Quer\u00e9taro\",\"url\":\"https:\/\/www.nexoinformativo.mx\/\",\"logo\":{\"@type\":\"ImageObject\",\"inLanguage\":\"es\",\"@id\":\"https:\/\/www.nexoinformativo.mx\/#\/schema\/logo\/image\/\",\"url\":\"https:\/\/www.nexoinformativo.mx\/wp-content\/uploads\/2024\/07\/nexoi-trasparente-2.png\",\"contentUrl\":\"https:\/\/www.nexoinformativo.mx\/wp-content\/uploads\/2024\/07\/nexoi-trasparente-2.png\",\"width\":816,\"height\":339,\"caption\":\"Nexo Informativo Santiago de Quer\u00e9taro\"},\"image\":{\"@id\":\"https:\/\/www.nexoinformativo.mx\/#\/schema\/logo\/image\/\"},\"sameAs\":[\"https:\/\/www.facebook.com\/people\/Nexo-Informativo\/61564066885511\/\"]},{\"@type\":\"Person\",\"@id\":\"https:\/\/www.nexoinformativo.mx\/#\/schema\/person\/7749d380ba08c8ca00d7bc76fd907b7d\",\"name\":\"Nexo Informativo\",\"image\":{\"@type\":\"ImageObject\",\"inLanguage\":\"es\",\"@id\":\"https:\/\/www.nexoinformativo.mx\/#\/schema\/person\/image\/\",\"url\":\"https:\/\/secure.gravatar.com\/avatar\/dde2928154642a13d95f87ddf1ea9718fe2b46760a005c53e41ff5ad610704e6?s=96&d=mm&r=g\",\"contentUrl\":\"https:\/\/secure.gravatar.com\/avatar\/dde2928154642a13d95f87ddf1ea9718fe2b46760a005c53e41ff5ad610704e6?s=96&d=mm&r=g\",\"caption\":\"Nexo Informativo\"},\"url\":\"https:\/\/www.nexoinformativo.mx\/index.php\/author\/edicion\/\"}]}<\/script>\n<!-- \/ Yoast SEO plugin. -->","yoast_head_json":{"title":"Ar Tai Navide\u00f1o 2024 en Pedro Escobedo: Un viaje por las tradiciones de Quer\u00e9taro | Nexo Informativo Santiago de Quer\u00e9taro","description":"Ar Tai Navide\u00f1o 2024 en Pedro Escobedo: Un viaje por las tradiciones de Quer\u00e9taro","robots":{"index":"index","follow":"follow","max-snippet":"max-snippet:-1","max-image-preview":"max-image-preview:large","max-video-preview":"max-video-preview:-1"},"canonical":"https:\/\/www.nexoinformativo.mx\/index.php\/2024\/12\/08\/ar-tai-navideno-2024-en-pedro-escobedo-un-viaje-por-las-tradiciones-de-queretaro\/","og_locale":"es_MX","og_type":"article","og_title":"Ar Tai Navide\u00f1o 2024 en Pedro Escobedo: Un viaje por las tradiciones de Quer\u00e9taro | Nexo Informativo Santiago de Quer\u00e9taro","og_description":"Ar Tai Navide\u00f1o 2024 en Pedro Escobedo: Un viaje por las tradiciones de Quer\u00e9taro","og_url":"https:\/\/www.nexoinformativo.mx\/index.php\/2024\/12\/08\/ar-tai-navideno-2024-en-pedro-escobedo-un-viaje-por-las-tradiciones-de-queretaro\/","og_site_name":"Nexo Informativo Santiago de Quer\u00e9taro","article_publisher":"https:\/\/www.facebook.com\/people\/Nexo-Informativo\/61564066885511\/","article_published_time":"2024-12-08T22:00:59+00:00","article_modified_time":"2024-12-09T00:33:32+00:00","og_image":[{"width":800,"height":450,"url":"https:\/\/www.nexoinformativo.mx\/wp-content\/uploads\/2024\/12\/PHOTO-2024-12-08-18-12-39-e1733704336903.jpg","type":"image\/jpeg"}],"author":"Nexo Informativo","twitter_card":"summary_large_image","twitter_misc":{"Escrito por":"Nexo Informativo","Tiempo de lectura":"2 minutos"},"schema":{"@context":"https:\/\/schema.org","@graph":[{"@type":"Article","@id":"https:\/\/www.nexoinformativo.mx\/index.php\/2024\/12\/08\/ar-tai-navideno-2024-en-pedro-escobedo-un-viaje-por-las-tradiciones-de-queretaro\/#article","isPartOf":{"@id":"https:\/\/www.nexoinformativo.mx\/index.php\/2024\/12\/08\/ar-tai-navideno-2024-en-pedro-escobedo-un-viaje-por-las-tradiciones-de-queretaro\/"},"author":{"name":"Nexo Informativo","@id":"https:\/\/www.nexoinformativo.mx\/#\/schema\/person\/7749d380ba08c8ca00d7bc76fd907b7d"},"headline":"Ar Tai Navide\u00f1o 2024 en Pedro Escobedo: Un viaje por las tradiciones de Quer\u00e9taro","datePublished":"2024-12-08T22:00:59+00:00","dateModified":"2024-12-09T00:33:32+00:00","mainEntityOfPage":{"@id":"https:\/\/www.nexoinformativo.mx\/index.php\/2024\/12\/08\/ar-tai-navideno-2024-en-pedro-escobedo-un-viaje-por-las-tradiciones-de-queretaro\/"},"wordCount":238,"commentCount":0,"publisher":{"@id":"https:\/\/www.nexoinformativo.mx\/#organization"},"image":{"@id":"https:\/\/www.nexoinformativo.mx\/index.php\/2024\/12\/08\/ar-tai-navideno-2024-en-pedro-escobedo-un-viaje-por-las-tradiciones-de-queretaro\/#primaryimage"},"thumbnailUrl":"https:\/\/www.nexoinformativo.mx\/wp-content\/uploads\/2024\/12\/PHOTO-2024-12-08-18-12-39-e1733704336903.jpg","keywords":["ArTaiNavide\u00f1o","Artesan\u00edaMexicana","CulturaQuer\u00e9tana","Quer\u00e9taro"],"articleSection":["Espect\u00e1culos","Municipios","\u00daltima Hora"],"inLanguage":"es","potentialAction":[{"@type":"CommentAction","name":"Comment","target":["https:\/\/www.nexoinformativo.mx\/index.php\/2024\/12\/08\/ar-tai-navideno-2024-en-pedro-escobedo-un-viaje-por-las-tradiciones-de-queretaro\/#respond"]}]},{"@type":"WebPage","@id":"https:\/\/www.nexoinformativo.mx\/index.php\/2024\/12\/08\/ar-tai-navideno-2024-en-pedro-escobedo-un-viaje-por-las-tradiciones-de-queretaro\/","url":"https:\/\/www.nexoinformativo.mx\/index.php\/2024\/12\/08\/ar-tai-navideno-2024-en-pedro-escobedo-un-viaje-por-las-tradiciones-de-queretaro\/","name":"Ar Tai Navide\u00f1o 2024 en Pedro Escobedo: Un viaje por las tradiciones de Quer\u00e9taro | Nexo Informativo Santiago de Quer\u00e9taro","isPartOf":{"@id":"https:\/\/www.nexoinformativo.mx\/#website"},"primaryImageOfPage":{"@id":"https:\/\/www.nexoinformativo.mx\/index.php\/2024\/12\/08\/ar-tai-navideno-2024-en-pedro-escobedo-un-viaje-por-las-tradiciones-de-queretaro\/#primaryimage"},"image":{"@id":"https:\/\/www.nexoinformativo.mx\/index.php\/2024\/12\/08\/ar-tai-navideno-2024-en-pedro-escobedo-un-viaje-por-las-tradiciones-de-queretaro\/#primaryimage"},"thumbnailUrl":"https:\/\/www.nexoinformativo.mx\/wp-content\/uploads\/2024\/12\/PHOTO-2024-12-08-18-12-39-e1733704336903.jpg","datePublished":"2024-12-08T22:00:59+00:00","dateModified":"2024-12-09T00:33:32+00:00","description":"Ar Tai Navide\u00f1o 2024 en Pedro Escobedo: Un viaje por las tradiciones de Quer\u00e9taro","breadcrumb":{"@id":"https:\/\/www.nexoinformativo.mx\/index.php\/2024\/12\/08\/ar-tai-navideno-2024-en-pedro-escobedo-un-viaje-por-las-tradiciones-de-queretaro\/#breadcrumb"},"inLanguage":"es","potentialAction":[{"@type":"ReadAction","target":["https:\/\/www.nexoinformativo.mx\/index.php\/2024\/12\/08\/ar-tai-navideno-2024-en-pedro-escobedo-un-viaje-por-las-tradiciones-de-queretaro\/"]}]},{"@type":"ImageObject","inLanguage":"es","@id":"https:\/\/www.nexoinformativo.mx\/index.php\/2024\/12\/08\/ar-tai-navideno-2024-en-pedro-escobedo-un-viaje-por-las-tradiciones-de-queretaro\/#primaryimage","url":"https:\/\/www.nexoinformativo.mx\/wp-content\/uploads\/2024\/12\/PHOTO-2024-12-08-18-12-39-e1733704336903.jpg","contentUrl":"https:\/\/www.nexoinformativo.mx\/wp-content\/uploads\/2024\/12\/PHOTO-2024-12-08-18-12-39-e1733704336903.jpg","width":800,"height":450},{"@type":"BreadcrumbList","@id":"https:\/\/www.nexoinformativo.mx\/index.php\/2024\/12\/08\/ar-tai-navideno-2024-en-pedro-escobedo-un-viaje-por-las-tradiciones-de-queretaro\/#breadcrumb","itemListElement":[{"@type":"ListItem","position":1,"name":"Inicio","item":"https:\/\/www.nexoinformativo.mx\/"},{"@type":"ListItem","position":2,"name":"Ar Tai Navide\u00f1o 2024 en Pedro Escobedo: Un viaje por las tradiciones de Quer\u00e9taro"}]},{"@type":"WebSite","@id":"https:\/\/www.nexoinformativo.mx\/#website","url":"https:\/\/www.nexoinformativo.mx\/","name":"Nexo Informativo Santiago de Quer\u00e9taro","description":"Explora NexoInformativo y convi\u00e9rtete en parte de una comunidad que valora el conocimiento y la verdad. Tu nexoinformativo es tu puente hacia una comprensi\u00f3n m\u00e1s profunda del mundo que te rodea.","publisher":{"@id":"https:\/\/www.nexoinformativo.mx\/#organization"},"potentialAction":[{"@type":"SearchAction","target":{"@type":"EntryPoint","urlTemplate":"https:\/\/www.nexoinformativo.mx\/?s={search_term_string}"},"query-input":{"@type":"PropertyValueSpecification","valueRequired":true,"valueName":"search_term_string"}}],"inLanguage":"es"},{"@type":"Organization","@id":"https:\/\/www.nexoinformativo.mx\/#organization","name":"Nexo Informativo Santiago de Quer\u00e9taro","url":"https:\/\/www.nexoinformativo.mx\/","logo":{"@type":"ImageObject","inLanguage":"es","@id":"https:\/\/www.nexoinformativo.mx\/#\/schema\/logo\/image\/","url":"https:\/\/www.nexoinformativo.mx\/wp-content\/uploads\/2024\/07\/nexoi-trasparente-2.png","contentUrl":"https:\/\/www.nexoinformativo.mx\/wp-content\/uploads\/2024\/07\/nexoi-trasparente-2.png","width":816,"height":339,"caption":"Nexo Informativo Santiago de Quer\u00e9taro"},"image":{"@id":"https:\/\/www.nexoinformativo.mx\/#\/schema\/logo\/image\/"},"sameAs":["https:\/\/www.facebook.com\/people\/Nexo-Informativo\/61564066885511\/"]},{"@type":"Person","@id":"https:\/\/www.nexoinformativo.mx\/#\/schema\/person\/7749d380ba08c8ca00d7bc76fd907b7d","name":"Nexo Informativo","image":{"@type":"ImageObject","inLanguage":"es","@id":"https:\/\/www.nexoinformativo.mx\/#\/schema\/person\/image\/","url":"https:\/\/secure.gravatar.com\/avatar\/dde2928154642a13d95f87ddf1ea9718fe2b46760a005c53e41ff5ad610704e6?s=96&d=mm&r=g","contentUrl":"https:\/\/secure.gravatar.com\/avatar\/dde2928154642a13d95f87ddf1ea9718fe2b46760a005c53e41ff5ad610704e6?s=96&d=mm&r=g","caption":"Nexo Informativo"},"url":"https:\/\/www.nexoinformativo.mx\/index.php\/author\/edicion\/"}]}},"_links":{"self":[{"href":"https:\/\/www.nexoinformativo.mx\/index.php\/wp-json\/wp\/v2\/posts\/7697","targetHints":{"allow":["GET"]}}],"collection":[{"href":"https:\/\/www.nexoinformativo.mx\/index.php\/wp-json\/wp\/v2\/posts"}],"about":[{"href":"https:\/\/www.nexoinformativo.mx\/index.php\/wp-json\/wp\/v2\/types\/post"}],"author":[{"embeddable":true,"href":"https:\/\/www.nexoinformativo.mx\/index.php\/wp-json\/wp\/v2\/users\/3"}],"replies":[{"embeddable":true,"href":"https:\/\/www.nexoinformativo.mx\/index.php\/wp-json\/wp\/v2\/comments?post=7697"}],"version-history":[{"count":3,"href":"https:\/\/www.nexoinformativo.mx\/index.php\/wp-json\/wp\/v2\/posts\/7697\/revisions"}],"predecessor-version":[{"id":7701,"href":"https:\/\/www.nexoinformativo.mx\/index.php\/wp-json\/wp\/v2\/posts\/7697\/revisions\/7701"}],"wp:featuredmedia":[{"embeddable":true,"href":"https:\/\/www.nexoinformativo.mx\/index.php\/wp-json\/wp\/v2\/media\/7698"}],"wp:attachment":[{"href":"https:\/\/www.nexoinformativo.mx\/index.php\/wp-json\/wp\/v2\/media?parent=7697"}],"wp:term":[{"taxonomy":"category","embeddable":true,"href":"https:\/\/www.nexoinformativo.mx\/index.php\/wp-json\/wp\/v2\/categories?post=7697"},{"taxonomy":"post_tag","embeddable":true,"href":"https:\/\/www.nexoinformativo.mx\/index.php\/wp-json\/wp\/v2\/tags?post=7697"}],"curies":[{"name":"wp","href":"https:\/\/api.w.org\/{rel}","templated":true}]}}