{"id":7702,"date":"2024-12-08T16:15:45","date_gmt":"2024-12-08T22:15:45","guid":{"rendered":"https:\/\/www.nexoinformativo.mx\/?p=7702"},"modified":"2024-12-08T18:54:49","modified_gmt":"2024-12-09T00:54:49","slug":"cecyteq-y-bosch-unen-fuerzas-para-formar-a-los-futuros-lideres-de-la-industria-con-educacion-dual","status":"publish","type":"post","link":"https:\/\/www.nexoinformativo.mx\/index.php\/2024\/12\/08\/cecyteq-y-bosch-unen-fuerzas-para-formar-a-los-futuros-lideres-de-la-industria-con-educacion-dual\/","title":{"rendered":"CECyTEQ y Bosch unen fuerzas para formar a los futuros l\u00edderes de la industria con Educaci\u00f3n dual"},"content":{"rendered":"<p style=\"text-align: justify;\" data-sourcepos=\"9:1-9:404\">El Colegio de Estudios Cient\u00edficos y Tecnol\u00f3gicos del Estado de Quer\u00e9taro (CECyTEQ) y Robert Bosch Automotive dieron un paso significativo hacia el futuro de la educaci\u00f3n t\u00e9cnica al firmar un convenio de Educaci\u00f3n Dual.<\/p>\n<p>&nbsp;<\/p>\n<p style=\"text-align: justify;\" data-sourcepos=\"9:1-9:404\">Este acuerdo permitir\u00e1 a cinco estudiantes de Mantenimiento Industrial del plantel La Esperanza adquirir experiencia pr\u00e1ctica en una de las empresas l\u00edderes en la industria automotriz.<\/p>\n<p>&nbsp;<\/p>\n<p style=\"text-align: justify;\" data-sourcepos=\"11:1-11:225\">Gracias a una inversi\u00f3n de 2.2 millones de euros por parte de Bosch, se construir\u00e1 un centro de formaci\u00f3n especializado que contar\u00e1 con tecnolog\u00eda de punta y brindar\u00e1 a los j\u00f3venes aprendices un entorno de aprendizaje \u00f3ptimo.<\/p>\n<p>&nbsp;<\/p>\n<p style=\"text-align: justify;\" data-sourcepos=\"13:1-13:303\">David Chaparro Aguilar, director general del CECyTEQ, destac\u00f3 la importancia de este modelo educativo que combina la teor\u00eda con la pr\u00e1ctica, preparando a los estudiantes para los retos del mercado laboral. <strong>&#8220;La Educaci\u00f3n Dual est\u00e1 transformando la formaci\u00f3n profesional de los j\u00f3venes&#8221;<\/strong>, afirm\u00f3.<\/p>\n<p>&nbsp;<\/p>\n<p style=\"text-align: justify;\" data-sourcepos=\"15:1-15:255\">Por su parte, Jaime Ortiz, gerente de Recursos Humanos de Robert Bosch M\u00e9xico, enfatiz\u00f3 el compromiso de la empresa con la formaci\u00f3n de talento joven. <strong>&#8220;En Bosch, creemos en el poder de los j\u00f3venes y queremos invertir en su futuro&#8221;<\/strong>, se\u00f1al\u00f3.<\/p>\n<p>&nbsp;<\/p>\n<p style=\"text-align: justify;\" data-sourcepos=\"17:1-17:230\">Con este convenio, el CECyTEQ consolida su liderazgo en la implementaci\u00f3n de programas de Educaci\u00f3n Dual, brindando a sus estudiantes la oportunidad de desarrollar las competencias necesarias para destacar en el sector productivo.<\/p>\n<p>&nbsp;<\/p>\n<p style=\"text-align: center;\" data-sourcepos=\"17:1-17:230\"><em><strong>\u00a1Informaci\u00f3n que transforma!<\/strong><\/em><\/p>\n","protected":false},"excerpt":{"rendered":"<p>El Colegio de Estudios Cient\u00edficos y Tecnol\u00f3gicos del Estado de Quer\u00e9taro (CECyTEQ) y Robert Bosch Automotive dieron un paso significativo hacia el futuro de la educaci\u00f3n t\u00e9cnica al firmar un convenio de Educaci\u00f3n Dual.<\/p>\n","protected":false},"author":3,"featured_media":7703,"comment_status":"open","ping_status":"open","sticky":false,"template":"","format":"standard","meta":{"footnotes":""},"categories":[42,58],"tags":[2549,1429,1947,2550],"class_list":["post-7702","post","type-post","status-publish","format-standard","has-post-thumbnail","hentry","category-estado","category-ultima-hora","tag-bosch","tag-cecyteq","tag-educaciondual","tag-talentojoven"],"yoast_head":"<!-- This site is optimized with the Yoast SEO plugin v25.0 - https:\/\/yoast.com\/wordpress\/plugins\/seo\/ -->\n<title>CECyTEQ y Bosch unen fuerzas para formar a los futuros l\u00edderes de la industria con Educaci\u00f3n dual | Nexo Informativo Santiago de Quer\u00e9taro<\/title>\n<meta name=\"description\" content=\"CECyTEQ y Bosch unen fuerzas para formar a los futuros l\u00edderes de la industria con Educaci\u00f3n dual\" \/>\n<meta name=\"robots\" content=\"index, follow, max-snippet:-1, max-image-preview:large, max-video-preview:-1\" \/>\n<link rel=\"canonical\" href=\"https:\/\/www.nexoinformativo.mx\/index.php\/2024\/12\/08\/cecyteq-y-bosch-unen-fuerzas-para-formar-a-los-futuros-lideres-de-la-industria-con-educacion-dual\/\" \/>\n<meta property=\"og:locale\" content=\"es_MX\" \/>\n<meta property=\"og:type\" content=\"article\" \/>\n<meta property=\"og:title\" content=\"CECyTEQ y Bosch unen fuerzas para formar a los futuros l\u00edderes de la industria con Educaci\u00f3n dual | Nexo Informativo Santiago de Quer\u00e9taro\" \/>\n<meta property=\"og:description\" content=\"CECyTEQ y Bosch unen fuerzas para formar a los futuros l\u00edderes de la industria con Educaci\u00f3n dual\" \/>\n<meta property=\"og:url\" content=\"https:\/\/www.nexoinformativo.mx\/index.php\/2024\/12\/08\/cecyteq-y-bosch-unen-fuerzas-para-formar-a-los-futuros-lideres-de-la-industria-con-educacion-dual\/\" \/>\n<meta property=\"og:site_name\" content=\"Nexo Informativo Santiago de Quer\u00e9taro\" \/>\n<meta property=\"article:publisher\" content=\"https:\/\/www.facebook.com\/people\/Nexo-Informativo\/61564066885511\/\" \/>\n<meta property=\"article:published_time\" content=\"2024-12-08T22:15:45+00:00\" \/>\n<meta property=\"article:modified_time\" content=\"2024-12-09T00:54:49+00:00\" \/>\n<meta property=\"og:image\" content=\"https:\/\/www.nexoinformativo.mx\/wp-content\/uploads\/2024\/12\/PHOTO-2024-12-08-18-14-12-e1733704633850.jpg\" \/>\n\t<meta property=\"og:image:width\" content=\"800\" \/>\n\t<meta property=\"og:image:height\" content=\"600\" \/>\n\t<meta property=\"og:image:type\" content=\"image\/jpeg\" \/>\n<meta name=\"author\" content=\"Nexo Informativo\" \/>\n<meta name=\"twitter:card\" content=\"summary_large_image\" \/>\n<meta name=\"twitter:label1\" content=\"Escrito por\" \/>\n\t<meta name=\"twitter:data1\" content=\"Nexo Informativo\" \/>\n\t<meta name=\"twitter:label2\" content=\"Tiempo de lectura\" \/>\n\t<meta name=\"twitter:data2\" content=\"2 minutos\" \/>\n<script type=\"application\/ld+json\" class=\"yoast-schema-graph\">{\"@context\":\"https:\/\/schema.org\",\"@graph\":[{\"@type\":\"Article\",\"@id\":\"https:\/\/www.nexoinformativo.mx\/index.php\/2024\/12\/08\/cecyteq-y-bosch-unen-fuerzas-para-formar-a-los-futuros-lideres-de-la-industria-con-educacion-dual\/#article\",\"isPartOf\":{\"@id\":\"https:\/\/www.nexoinformativo.mx\/index.php\/2024\/12\/08\/cecyteq-y-bosch-unen-fuerzas-para-formar-a-los-futuros-lideres-de-la-industria-con-educacion-dual\/\"},\"author\":{\"name\":\"Nexo Informativo\",\"@id\":\"https:\/\/www.nexoinformativo.mx\/#\/schema\/person\/7749d380ba08c8ca00d7bc76fd907b7d\"},\"headline\":\"CECyTEQ y Bosch unen fuerzas para formar a los futuros l\u00edderes de la industria con Educaci\u00f3n dual\",\"datePublished\":\"2024-12-08T22:15:45+00:00\",\"dateModified\":\"2024-12-09T00:54:49+00:00\",\"mainEntityOfPage\":{\"@id\":\"https:\/\/www.nexoinformativo.mx\/index.php\/2024\/12\/08\/cecyteq-y-bosch-unen-fuerzas-para-formar-a-los-futuros-lideres-de-la-industria-con-educacion-dual\/\"},\"wordCount\":265,\"commentCount\":0,\"publisher\":{\"@id\":\"https:\/\/www.nexoinformativo.mx\/#organization\"},\"image\":{\"@id\":\"https:\/\/www.nexoinformativo.mx\/index.php\/2024\/12\/08\/cecyteq-y-bosch-unen-fuerzas-para-formar-a-los-futuros-lideres-de-la-industria-con-educacion-dual\/#primaryimage\"},\"thumbnailUrl\":\"https:\/\/www.nexoinformativo.mx\/wp-content\/uploads\/2024\/12\/PHOTO-2024-12-08-18-14-12-e1733704633850.jpg\",\"keywords\":[\"Bosch\",\"CECyTEQ\",\"Educaci\u00f3nDual\",\"TalentoJoven\"],\"articleSection\":[\"Estado\",\"\u00daltima Hora\"],\"inLanguage\":\"es\",\"potentialAction\":[{\"@type\":\"CommentAction\",\"name\":\"Comment\",\"target\":[\"https:\/\/www.nexoinformativo.mx\/index.php\/2024\/12\/08\/cecyteq-y-bosch-unen-fuerzas-para-formar-a-los-futuros-lideres-de-la-industria-con-educacion-dual\/#respond\"]}]},{\"@type\":\"WebPage\",\"@id\":\"https:\/\/www.nexoinformativo.mx\/index.php\/2024\/12\/08\/cecyteq-y-bosch-unen-fuerzas-para-formar-a-los-futuros-lideres-de-la-industria-con-educacion-dual\/\",\"url\":\"https:\/\/www.nexoinformativo.mx\/index.php\/2024\/12\/08\/cecyteq-y-bosch-unen-fuerzas-para-formar-a-los-futuros-lideres-de-la-industria-con-educacion-dual\/\",\"name\":\"CECyTEQ y Bosch unen fuerzas para formar a los futuros l\u00edderes de la industria con Educaci\u00f3n dual | Nexo Informativo Santiago de Quer\u00e9taro\",\"isPartOf\":{\"@id\":\"https:\/\/www.nexoinformativo.mx\/#website\"},\"primaryImageOfPage\":{\"@id\":\"https:\/\/www.nexoinformativo.mx\/index.php\/2024\/12\/08\/cecyteq-y-bosch-unen-fuerzas-para-formar-a-los-futuros-lideres-de-la-industria-con-educacion-dual\/#primaryimage\"},\"image\":{\"@id\":\"https:\/\/www.nexoinformativo.mx\/index.php\/2024\/12\/08\/cecyteq-y-bosch-unen-fuerzas-para-formar-a-los-futuros-lideres-de-la-industria-con-educacion-dual\/#primaryimage\"},\"thumbnailUrl\":\"https:\/\/www.nexoinformativo.mx\/wp-content\/uploads\/2024\/12\/PHOTO-2024-12-08-18-14-12-e1733704633850.jpg\",\"datePublished\":\"2024-12-08T22:15:45+00:00\",\"dateModified\":\"2024-12-09T00:54:49+00:00\",\"description\":\"CECyTEQ y Bosch unen fuerzas para formar a los futuros l\u00edderes de la industria con Educaci\u00f3n dual\",\"breadcrumb\":{\"@id\":\"https:\/\/www.nexoinformativo.mx\/index.php\/2024\/12\/08\/cecyteq-y-bosch-unen-fuerzas-para-formar-a-los-futuros-lideres-de-la-industria-con-educacion-dual\/#breadcrumb\"},\"inLanguage\":\"es\",\"potentialAction\":[{\"@type\":\"ReadAction\",\"target\":[\"https:\/\/www.nexoinformativo.mx\/index.php\/2024\/12\/08\/cecyteq-y-bosch-unen-fuerzas-para-formar-a-los-futuros-lideres-de-la-industria-con-educacion-dual\/\"]}]},{\"@type\":\"ImageObject\",\"inLanguage\":\"es\",\"@id\":\"https:\/\/www.nexoinformativo.mx\/index.php\/2024\/12\/08\/cecyteq-y-bosch-unen-fuerzas-para-formar-a-los-futuros-lideres-de-la-industria-con-educacion-dual\/#primaryimage\",\"url\":\"https:\/\/www.nexoinformativo.mx\/wp-content\/uploads\/2024\/12\/PHOTO-2024-12-08-18-14-12-e1733704633850.jpg\",\"contentUrl\":\"https:\/\/www.nexoinformativo.mx\/wp-content\/uploads\/2024\/12\/PHOTO-2024-12-08-18-14-12-e1733704633850.jpg\",\"width\":800,\"height\":600},{\"@type\":\"BreadcrumbList\",\"@id\":\"https:\/\/www.nexoinformativo.mx\/index.php\/2024\/12\/08\/cecyteq-y-bosch-unen-fuerzas-para-formar-a-los-futuros-lideres-de-la-industria-con-educacion-dual\/#breadcrumb\",\"itemListElement\":[{\"@type\":\"ListItem\",\"position\":1,\"name\":\"Inicio\",\"item\":\"https:\/\/www.nexoinformativo.mx\/\"},{\"@type\":\"ListItem\",\"position\":2,\"name\":\"CECyTEQ y Bosch unen fuerzas para formar a los futuros l\u00edderes de la industria con Educaci\u00f3n dual\"}]},{\"@type\":\"WebSite\",\"@id\":\"https:\/\/www.nexoinformativo.mx\/#website\",\"url\":\"https:\/\/www.nexoinformativo.mx\/\",\"name\":\"Nexo Informativo Santiago de Quer\u00e9taro\",\"description\":\"Explora NexoInformativo y convi\u00e9rtete en parte de una comunidad que valora el conocimiento y la verdad. Tu nexoinformativo es tu puente hacia una comprensi\u00f3n m\u00e1s profunda del mundo que te rodea.\",\"publisher\":{\"@id\":\"https:\/\/www.nexoinformativo.mx\/#organization\"},\"potentialAction\":[{\"@type\":\"SearchAction\",\"target\":{\"@type\":\"EntryPoint\",\"urlTemplate\":\"https:\/\/www.nexoinformativo.mx\/?s={search_term_string}\"},\"query-input\":{\"@type\":\"PropertyValueSpecification\",\"valueRequired\":true,\"valueName\":\"search_term_string\"}}],\"inLanguage\":\"es\"},{\"@type\":\"Organization\",\"@id\":\"https:\/\/www.nexoinformativo.mx\/#organization\",\"name\":\"Nexo Informativo Santiago de Quer\u00e9taro\",\"url\":\"https:\/\/www.nexoinformativo.mx\/\",\"logo\":{\"@type\":\"ImageObject\",\"inLanguage\":\"es\",\"@id\":\"https:\/\/www.nexoinformativo.mx\/#\/schema\/logo\/image\/\",\"url\":\"https:\/\/www.nexoinformativo.mx\/wp-content\/uploads\/2024\/07\/nexoi-trasparente-2.png\",\"contentUrl\":\"https:\/\/www.nexoinformativo.mx\/wp-content\/uploads\/2024\/07\/nexoi-trasparente-2.png\",\"width\":816,\"height\":339,\"caption\":\"Nexo Informativo Santiago de Quer\u00e9taro\"},\"image\":{\"@id\":\"https:\/\/www.nexoinformativo.mx\/#\/schema\/logo\/image\/\"},\"sameAs\":[\"https:\/\/www.facebook.com\/people\/Nexo-Informativo\/61564066885511\/\"]},{\"@type\":\"Person\",\"@id\":\"https:\/\/www.nexoinformativo.mx\/#\/schema\/person\/7749d380ba08c8ca00d7bc76fd907b7d\",\"name\":\"Nexo Informativo\",\"image\":{\"@type\":\"ImageObject\",\"inLanguage\":\"es\",\"@id\":\"https:\/\/www.nexoinformativo.mx\/#\/schema\/person\/image\/\",\"url\":\"https:\/\/secure.gravatar.com\/avatar\/dde2928154642a13d95f87ddf1ea9718fe2b46760a005c53e41ff5ad610704e6?s=96&d=mm&r=g\",\"contentUrl\":\"https:\/\/secure.gravatar.com\/avatar\/dde2928154642a13d95f87ddf1ea9718fe2b46760a005c53e41ff5ad610704e6?s=96&d=mm&r=g\",\"caption\":\"Nexo Informativo\"},\"url\":\"https:\/\/www.nexoinformativo.mx\/index.php\/author\/edicion\/\"}]}<\/script>\n<!-- \/ Yoast SEO plugin. -->","yoast_head_json":{"title":"CECyTEQ y Bosch unen fuerzas para formar a los futuros l\u00edderes de la industria con Educaci\u00f3n dual | Nexo Informativo Santiago de Quer\u00e9taro","description":"CECyTEQ y Bosch unen fuerzas para formar a los futuros l\u00edderes de la industria con Educaci\u00f3n dual","robots":{"index":"index","follow":"follow","max-snippet":"max-snippet:-1","max-image-preview":"max-image-preview:large","max-video-preview":"max-video-preview:-1"},"canonical":"https:\/\/www.nexoinformativo.mx\/index.php\/2024\/12\/08\/cecyteq-y-bosch-unen-fuerzas-para-formar-a-los-futuros-lideres-de-la-industria-con-educacion-dual\/","og_locale":"es_MX","og_type":"article","og_title":"CECyTEQ y Bosch unen fuerzas para formar a los futuros l\u00edderes de la industria con Educaci\u00f3n dual | Nexo Informativo Santiago de Quer\u00e9taro","og_description":"CECyTEQ y Bosch unen fuerzas para formar a los futuros l\u00edderes de la industria con Educaci\u00f3n dual","og_url":"https:\/\/www.nexoinformativo.mx\/index.php\/2024\/12\/08\/cecyteq-y-bosch-unen-fuerzas-para-formar-a-los-futuros-lideres-de-la-industria-con-educacion-dual\/","og_site_name":"Nexo Informativo Santiago de Quer\u00e9taro","article_publisher":"https:\/\/www.facebook.com\/people\/Nexo-Informativo\/61564066885511\/","article_published_time":"2024-12-08T22:15:45+00:00","article_modified_time":"2024-12-09T00:54:49+00:00","og_image":[{"width":800,"height":600,"url":"https:\/\/www.nexoinformativo.mx\/wp-content\/uploads\/2024\/12\/PHOTO-2024-12-08-18-14-12-e1733704633850.jpg","type":"image\/jpeg"}],"author":"Nexo Informativo","twitter_card":"summary_large_image","twitter_misc":{"Escrito por":"Nexo Informativo","Tiempo de lectura":"2 minutos"},"schema":{"@context":"https:\/\/schema.org","@graph":[{"@type":"Article","@id":"https:\/\/www.nexoinformativo.mx\/index.php\/2024\/12\/08\/cecyteq-y-bosch-unen-fuerzas-para-formar-a-los-futuros-lideres-de-la-industria-con-educacion-dual\/#article","isPartOf":{"@id":"https:\/\/www.nexoinformativo.mx\/index.php\/2024\/12\/08\/cecyteq-y-bosch-unen-fuerzas-para-formar-a-los-futuros-lideres-de-la-industria-con-educacion-dual\/"},"author":{"name":"Nexo Informativo","@id":"https:\/\/www.nexoinformativo.mx\/#\/schema\/person\/7749d380ba08c8ca00d7bc76fd907b7d"},"headline":"CECyTEQ y Bosch unen fuerzas para formar a los futuros l\u00edderes de la industria con Educaci\u00f3n dual","datePublished":"2024-12-08T22:15:45+00:00","dateModified":"2024-12-09T00:54:49+00:00","mainEntityOfPage":{"@id":"https:\/\/www.nexoinformativo.mx\/index.php\/2024\/12\/08\/cecyteq-y-bosch-unen-fuerzas-para-formar-a-los-futuros-lideres-de-la-industria-con-educacion-dual\/"},"wordCount":265,"commentCount":0,"publisher":{"@id":"https:\/\/www.nexoinformativo.mx\/#organization"},"image":{"@id":"https:\/\/www.nexoinformativo.mx\/index.php\/2024\/12\/08\/cecyteq-y-bosch-unen-fuerzas-para-formar-a-los-futuros-lideres-de-la-industria-con-educacion-dual\/#primaryimage"},"thumbnailUrl":"https:\/\/www.nexoinformativo.mx\/wp-content\/uploads\/2024\/12\/PHOTO-2024-12-08-18-14-12-e1733704633850.jpg","keywords":["Bosch","CECyTEQ","Educaci\u00f3nDual","TalentoJoven"],"articleSection":["Estado","\u00daltima Hora"],"inLanguage":"es","potentialAction":[{"@type":"CommentAction","name":"Comment","target":["https:\/\/www.nexoinformativo.mx\/index.php\/2024\/12\/08\/cecyteq-y-bosch-unen-fuerzas-para-formar-a-los-futuros-lideres-de-la-industria-con-educacion-dual\/#respond"]}]},{"@type":"WebPage","@id":"https:\/\/www.nexoinformativo.mx\/index.php\/2024\/12\/08\/cecyteq-y-bosch-unen-fuerzas-para-formar-a-los-futuros-lideres-de-la-industria-con-educacion-dual\/","url":"https:\/\/www.nexoinformativo.mx\/index.php\/2024\/12\/08\/cecyteq-y-bosch-unen-fuerzas-para-formar-a-los-futuros-lideres-de-la-industria-con-educacion-dual\/","name":"CECyTEQ y Bosch unen fuerzas para formar a los futuros l\u00edderes de la industria con Educaci\u00f3n dual | Nexo Informativo Santiago de Quer\u00e9taro","isPartOf":{"@id":"https:\/\/www.nexoinformativo.mx\/#website"},"primaryImageOfPage":{"@id":"https:\/\/www.nexoinformativo.mx\/index.php\/2024\/12\/08\/cecyteq-y-bosch-unen-fuerzas-para-formar-a-los-futuros-lideres-de-la-industria-con-educacion-dual\/#primaryimage"},"image":{"@id":"https:\/\/www.nexoinformativo.mx\/index.php\/2024\/12\/08\/cecyteq-y-bosch-unen-fuerzas-para-formar-a-los-futuros-lideres-de-la-industria-con-educacion-dual\/#primaryimage"},"thumbnailUrl":"https:\/\/www.nexoinformativo.mx\/wp-content\/uploads\/2024\/12\/PHOTO-2024-12-08-18-14-12-e1733704633850.jpg","datePublished":"2024-12-08T22:15:45+00:00","dateModified":"2024-12-09T00:54:49+00:00","description":"CECyTEQ y Bosch unen fuerzas para formar a los futuros l\u00edderes de la industria con Educaci\u00f3n dual","breadcrumb":{"@id":"https:\/\/www.nexoinformativo.mx\/index.php\/2024\/12\/08\/cecyteq-y-bosch-unen-fuerzas-para-formar-a-los-futuros-lideres-de-la-industria-con-educacion-dual\/#breadcrumb"},"inLanguage":"es","potentialAction":[{"@type":"ReadAction","target":["https:\/\/www.nexoinformativo.mx\/index.php\/2024\/12\/08\/cecyteq-y-bosch-unen-fuerzas-para-formar-a-los-futuros-lideres-de-la-industria-con-educacion-dual\/"]}]},{"@type":"ImageObject","inLanguage":"es","@id":"https:\/\/www.nexoinformativo.mx\/index.php\/2024\/12\/08\/cecyteq-y-bosch-unen-fuerzas-para-formar-a-los-futuros-lideres-de-la-industria-con-educacion-dual\/#primaryimage","url":"https:\/\/www.nexoinformativo.mx\/wp-content\/uploads\/2024\/12\/PHOTO-2024-12-08-18-14-12-e1733704633850.jpg","contentUrl":"https:\/\/www.nexoinformativo.mx\/wp-content\/uploads\/2024\/12\/PHOTO-2024-12-08-18-14-12-e1733704633850.jpg","width":800,"height":600},{"@type":"BreadcrumbList","@id":"https:\/\/www.nexoinformativo.mx\/index.php\/2024\/12\/08\/cecyteq-y-bosch-unen-fuerzas-para-formar-a-los-futuros-lideres-de-la-industria-con-educacion-dual\/#breadcrumb","itemListElement":[{"@type":"ListItem","position":1,"name":"Inicio","item":"https:\/\/www.nexoinformativo.mx\/"},{"@type":"ListItem","position":2,"name":"CECyTEQ y Bosch unen fuerzas para formar a los futuros l\u00edderes de la industria con Educaci\u00f3n dual"}]},{"@type":"WebSite","@id":"https:\/\/www.nexoinformativo.mx\/#website","url":"https:\/\/www.nexoinformativo.mx\/","name":"Nexo Informativo Santiago de Quer\u00e9taro","description":"Explora NexoInformativo y convi\u00e9rtete en parte de una comunidad que valora el conocimiento y la verdad. Tu nexoinformativo es tu puente hacia una comprensi\u00f3n m\u00e1s profunda del mundo que te rodea.","publisher":{"@id":"https:\/\/www.nexoinformativo.mx\/#organization"},"potentialAction":[{"@type":"SearchAction","target":{"@type":"EntryPoint","urlTemplate":"https:\/\/www.nexoinformativo.mx\/?s={search_term_string}"},"query-input":{"@type":"PropertyValueSpecification","valueRequired":true,"valueName":"search_term_string"}}],"inLanguage":"es"},{"@type":"Organization","@id":"https:\/\/www.nexoinformativo.mx\/#organization","name":"Nexo Informativo Santiago de Quer\u00e9taro","url":"https:\/\/www.nexoinformativo.mx\/","logo":{"@type":"ImageObject","inLanguage":"es","@id":"https:\/\/www.nexoinformativo.mx\/#\/schema\/logo\/image\/","url":"https:\/\/www.nexoinformativo.mx\/wp-content\/uploads\/2024\/07\/nexoi-trasparente-2.png","contentUrl":"https:\/\/www.nexoinformativo.mx\/wp-content\/uploads\/2024\/07\/nexoi-trasparente-2.png","width":816,"height":339,"caption":"Nexo Informativo Santiago de Quer\u00e9taro"},"image":{"@id":"https:\/\/www.nexoinformativo.mx\/#\/schema\/logo\/image\/"},"sameAs":["https:\/\/www.facebook.com\/people\/Nexo-Informativo\/61564066885511\/"]},{"@type":"Person","@id":"https:\/\/www.nexoinformativo.mx\/#\/schema\/person\/7749d380ba08c8ca00d7bc76fd907b7d","name":"Nexo Informativo","image":{"@type":"ImageObject","inLanguage":"es","@id":"https:\/\/www.nexoinformativo.mx\/#\/schema\/person\/image\/","url":"https:\/\/secure.gravatar.com\/avatar\/dde2928154642a13d95f87ddf1ea9718fe2b46760a005c53e41ff5ad610704e6?s=96&d=mm&r=g","contentUrl":"https:\/\/secure.gravatar.com\/avatar\/dde2928154642a13d95f87ddf1ea9718fe2b46760a005c53e41ff5ad610704e6?s=96&d=mm&r=g","caption":"Nexo Informativo"},"url":"https:\/\/www.nexoinformativo.mx\/index.php\/author\/edicion\/"}]}},"_links":{"self":[{"href":"https:\/\/www.nexoinformativo.mx\/index.php\/wp-json\/wp\/v2\/posts\/7702","targetHints":{"allow":["GET"]}}],"collection":[{"href":"https:\/\/www.nexoinformativo.mx\/index.php\/wp-json\/wp\/v2\/posts"}],"about":[{"href":"https:\/\/www.nexoinformativo.mx\/index.php\/wp-json\/wp\/v2\/types\/post"}],"author":[{"embeddable":true,"href":"https:\/\/www.nexoinformativo.mx\/index.php\/wp-json\/wp\/v2\/users\/3"}],"replies":[{"embeddable":true,"href":"https:\/\/www.nexoinformativo.mx\/index.php\/wp-json\/wp\/v2\/comments?post=7702"}],"version-history":[{"count":2,"href":"https:\/\/www.nexoinformativo.mx\/index.php\/wp-json\/wp\/v2\/posts\/7702\/revisions"}],"predecessor-version":[{"id":7705,"href":"https:\/\/www.nexoinformativo.mx\/index.php\/wp-json\/wp\/v2\/posts\/7702\/revisions\/7705"}],"wp:featuredmedia":[{"embeddable":true,"href":"https:\/\/www.nexoinformativo.mx\/index.php\/wp-json\/wp\/v2\/media\/7703"}],"wp:attachment":[{"href":"https:\/\/www.nexoinformativo.mx\/index.php\/wp-json\/wp\/v2\/media?parent=7702"}],"wp:term":[{"taxonomy":"category","embeddable":true,"href":"https:\/\/www.nexoinformativo.mx\/index.php\/wp-json\/wp\/v2\/categories?post=7702"},{"taxonomy":"post_tag","embeddable":true,"href":"https:\/\/www.nexoinformativo.mx\/index.php\/wp-json\/wp\/v2\/tags?post=7702"}],"curies":[{"name":"wp","href":"https:\/\/api.w.org\/{rel}","templated":true}]}}