{"id":7707,"date":"2024-12-08T16:30:32","date_gmt":"2024-12-08T22:30:32","guid":{"rendered":"https:\/\/www.nexoinformativo.mx\/?p=7707"},"modified":"2024-12-08T18:55:12","modified_gmt":"2024-12-09T00:55:12","slug":"mexico-refrenda-su-compromiso-con-los-dreamers-y-fortalece-lazos-con-estados-unidos","status":"publish","type":"post","link":"https:\/\/www.nexoinformativo.mx\/index.php\/2024\/12\/08\/mexico-refrenda-su-compromiso-con-los-dreamers-y-fortalece-lazos-con-estados-unidos\/","title":{"rendered":"M\u00e9xico refrenda su compromiso con los dreamers y fortalece lazos con Estados Unidos"},"content":{"rendered":"<p style=\"text-align: justify;\" data-sourcepos=\"9:1-9:293\">La Secretar\u00eda de Relaciones Exteriores (SRE) reafirm\u00f3 su compromiso con la comunidad de dreamers al recibir a una delegaci\u00f3n del programa <strong>TheDream.US<\/strong>.<\/p>\n<p>&nbsp;<\/p>\n<p style=\"text-align: justify;\" data-sourcepos=\"9:1-9:293\">En este encuentro, se destac\u00f3 la importancia de fortalecer los lazos bilaterales y garantizar el bienestar de los mexicanos en Estados Unidos.<\/p>\n<p>&nbsp;<\/p>\n<p style=\"text-align: justify;\" data-sourcepos=\"11:1-11:257\">Durante el evento, presidido por Cristina Planter, directora general de Estrategia Diplom\u00e1tica para Am\u00e9rica del Norte, se abordaron temas como el acceso a servicios consulares, la protecci\u00f3n de los derechos de los migrantes y la promoci\u00f3n de la integraci\u00f3n.<\/p>\n<p>&nbsp;<\/p>\n<p style=\"text-align: justify;\" data-sourcepos=\"13:1-13:295\">La SRE present\u00f3 diversas herramientas y programas dise\u00f1ados para apoyar a los dreamers, como el Programa de Asistencia Jur\u00eddica a Personas Mexicanas (PALE) y la Ventanilla de Educaci\u00f3n C\u00edvica. Adem\u00e1s, se resalt\u00f3 la importancia de la incorporaci\u00f3n al IMSS de personas trabajadoras en el exterior.<\/p>\n<p>&nbsp;<\/p>\n<p style=\"text-align: justify;\" data-sourcepos=\"15:1-15:162\">Hyein Lee, acad\u00e9mica del CUNY Graduate Center, present\u00f3 una investigaci\u00f3n que destaca las importantes contribuciones de los dreamers a la sociedad estadounidense.<\/p>\n<p>&nbsp;<\/p>\n<p style=\"text-align: justify;\" data-sourcepos=\"17:1-17:353\">Este encuentro forma parte de la estrategia de la Canciller\u00eda para fomentar la integraci\u00f3n de las comunidades migrantes y garantizar la protecci\u00f3n de los derechos de los connacionales.<\/p>\n<p>&nbsp;<\/p>\n<p style=\"text-align: justify;\" data-sourcepos=\"17:1-17:353\">La SRE reafirma la importancia de mantener un di\u00e1logo constante y constructivo con Estados Unidos para identificar soluciones conjuntas que beneficien a ambas naciones.<\/p>\n<p>&nbsp;<\/p>\n<p style=\"text-align: center;\" data-sourcepos=\"17:1-17:353\"><em><strong>\u00a1Informaci\u00f3n que transforma!<\/strong><\/em><\/p>\n","protected":false},"excerpt":{"rendered":"<p>La Secretar\u00eda de Relaciones Exteriores (SRE) reafirm\u00f3 su compromiso con la comunidad de dreamers al recibir a una delegaci\u00f3n del programa TheDream.US.<\/p>\n","protected":false},"author":3,"featured_media":7708,"comment_status":"open","ping_status":"open","sticky":false,"template":"","format":"standard","meta":{"footnotes":""},"categories":[88,58],"tags":[2551,1846,1528,2552],"class_list":["post-7707","post","type-post","status-publish","format-standard","has-post-thumbnail","hentry","category-nacional","category-ultima-hora","tag-dreamers","tag-migracion","tag-relacionesbilaterales","tag-sre"],"yoast_head":"<!-- This site is optimized with the Yoast SEO plugin v25.0 - https:\/\/yoast.com\/wordpress\/plugins\/seo\/ -->\n<title>M\u00e9xico refrenda su compromiso con los dreamers y fortalece lazos con Estados Unidos | Nexo Informativo Santiago de Quer\u00e9taro<\/title>\n<meta name=\"description\" content=\"M\u00e9xico refrenda su compromiso con los dreamers y fortalece lazos con Estados Unidos\" \/>\n<meta name=\"robots\" content=\"index, follow, max-snippet:-1, max-image-preview:large, max-video-preview:-1\" \/>\n<link rel=\"canonical\" href=\"https:\/\/www.nexoinformativo.mx\/index.php\/2024\/12\/08\/mexico-refrenda-su-compromiso-con-los-dreamers-y-fortalece-lazos-con-estados-unidos\/\" \/>\n<meta property=\"og:locale\" content=\"es_MX\" \/>\n<meta property=\"og:type\" content=\"article\" \/>\n<meta property=\"og:title\" content=\"M\u00e9xico refrenda su compromiso con los dreamers y fortalece lazos con Estados Unidos | Nexo Informativo Santiago de Quer\u00e9taro\" \/>\n<meta property=\"og:description\" content=\"M\u00e9xico refrenda su compromiso con los dreamers y fortalece lazos con Estados Unidos\" \/>\n<meta property=\"og:url\" content=\"https:\/\/www.nexoinformativo.mx\/index.php\/2024\/12\/08\/mexico-refrenda-su-compromiso-con-los-dreamers-y-fortalece-lazos-con-estados-unidos\/\" \/>\n<meta property=\"og:site_name\" content=\"Nexo Informativo Santiago de Quer\u00e9taro\" \/>\n<meta property=\"article:publisher\" content=\"https:\/\/www.facebook.com\/people\/Nexo-Informativo\/61564066885511\/\" \/>\n<meta property=\"article:published_time\" content=\"2024-12-08T22:30:32+00:00\" \/>\n<meta property=\"article:modified_time\" content=\"2024-12-09T00:55:12+00:00\" \/>\n<meta property=\"og:image\" content=\"https:\/\/www.nexoinformativo.mx\/wp-content\/uploads\/2024\/12\/IMG_8432-scaled-e1733704881230.jpg\" \/>\n\t<meta property=\"og:image:width\" content=\"800\" \/>\n\t<meta property=\"og:image:height\" content=\"534\" \/>\n\t<meta property=\"og:image:type\" content=\"image\/jpeg\" \/>\n<meta name=\"author\" content=\"Nexo Informativo\" \/>\n<meta name=\"twitter:card\" content=\"summary_large_image\" \/>\n<meta name=\"twitter:label1\" content=\"Escrito por\" \/>\n\t<meta name=\"twitter:data1\" content=\"Nexo Informativo\" \/>\n\t<meta name=\"twitter:label2\" content=\"Tiempo de lectura\" \/>\n\t<meta name=\"twitter:data2\" content=\"2 minutos\" \/>\n<script type=\"application\/ld+json\" class=\"yoast-schema-graph\">{\"@context\":\"https:\/\/schema.org\",\"@graph\":[{\"@type\":\"Article\",\"@id\":\"https:\/\/www.nexoinformativo.mx\/index.php\/2024\/12\/08\/mexico-refrenda-su-compromiso-con-los-dreamers-y-fortalece-lazos-con-estados-unidos\/#article\",\"isPartOf\":{\"@id\":\"https:\/\/www.nexoinformativo.mx\/index.php\/2024\/12\/08\/mexico-refrenda-su-compromiso-con-los-dreamers-y-fortalece-lazos-con-estados-unidos\/\"},\"author\":{\"name\":\"Nexo Informativo\",\"@id\":\"https:\/\/www.nexoinformativo.mx\/#\/schema\/person\/7749d380ba08c8ca00d7bc76fd907b7d\"},\"headline\":\"M\u00e9xico refrenda su compromiso con los dreamers y fortalece lazos con Estados Unidos\",\"datePublished\":\"2024-12-08T22:30:32+00:00\",\"dateModified\":\"2024-12-09T00:55:12+00:00\",\"mainEntityOfPage\":{\"@id\":\"https:\/\/www.nexoinformativo.mx\/index.php\/2024\/12\/08\/mexico-refrenda-su-compromiso-con-los-dreamers-y-fortalece-lazos-con-estados-unidos\/\"},\"wordCount\":247,\"commentCount\":0,\"publisher\":{\"@id\":\"https:\/\/www.nexoinformativo.mx\/#organization\"},\"image\":{\"@id\":\"https:\/\/www.nexoinformativo.mx\/index.php\/2024\/12\/08\/mexico-refrenda-su-compromiso-con-los-dreamers-y-fortalece-lazos-con-estados-unidos\/#primaryimage\"},\"thumbnailUrl\":\"https:\/\/www.nexoinformativo.mx\/wp-content\/uploads\/2024\/12\/IMG_8432-scaled-e1733704881230.jpg\",\"keywords\":[\"Dreamers\",\"Migraci\u00f3n\",\"RelacionesBilaterales\",\"SRE\"],\"articleSection\":[\"Nacional\",\"\u00daltima Hora\"],\"inLanguage\":\"es\",\"potentialAction\":[{\"@type\":\"CommentAction\",\"name\":\"Comment\",\"target\":[\"https:\/\/www.nexoinformativo.mx\/index.php\/2024\/12\/08\/mexico-refrenda-su-compromiso-con-los-dreamers-y-fortalece-lazos-con-estados-unidos\/#respond\"]}]},{\"@type\":\"WebPage\",\"@id\":\"https:\/\/www.nexoinformativo.mx\/index.php\/2024\/12\/08\/mexico-refrenda-su-compromiso-con-los-dreamers-y-fortalece-lazos-con-estados-unidos\/\",\"url\":\"https:\/\/www.nexoinformativo.mx\/index.php\/2024\/12\/08\/mexico-refrenda-su-compromiso-con-los-dreamers-y-fortalece-lazos-con-estados-unidos\/\",\"name\":\"M\u00e9xico refrenda su compromiso con los dreamers y fortalece lazos con Estados Unidos | Nexo Informativo Santiago de Quer\u00e9taro\",\"isPartOf\":{\"@id\":\"https:\/\/www.nexoinformativo.mx\/#website\"},\"primaryImageOfPage\":{\"@id\":\"https:\/\/www.nexoinformativo.mx\/index.php\/2024\/12\/08\/mexico-refrenda-su-compromiso-con-los-dreamers-y-fortalece-lazos-con-estados-unidos\/#primaryimage\"},\"image\":{\"@id\":\"https:\/\/www.nexoinformativo.mx\/index.php\/2024\/12\/08\/mexico-refrenda-su-compromiso-con-los-dreamers-y-fortalece-lazos-con-estados-unidos\/#primaryimage\"},\"thumbnailUrl\":\"https:\/\/www.nexoinformativo.mx\/wp-content\/uploads\/2024\/12\/IMG_8432-scaled-e1733704881230.jpg\",\"datePublished\":\"2024-12-08T22:30:32+00:00\",\"dateModified\":\"2024-12-09T00:55:12+00:00\",\"description\":\"M\u00e9xico refrenda su compromiso con los dreamers y fortalece lazos con Estados Unidos\",\"breadcrumb\":{\"@id\":\"https:\/\/www.nexoinformativo.mx\/index.php\/2024\/12\/08\/mexico-refrenda-su-compromiso-con-los-dreamers-y-fortalece-lazos-con-estados-unidos\/#breadcrumb\"},\"inLanguage\":\"es\",\"potentialAction\":[{\"@type\":\"ReadAction\",\"target\":[\"https:\/\/www.nexoinformativo.mx\/index.php\/2024\/12\/08\/mexico-refrenda-su-compromiso-con-los-dreamers-y-fortalece-lazos-con-estados-unidos\/\"]}]},{\"@type\":\"ImageObject\",\"inLanguage\":\"es\",\"@id\":\"https:\/\/www.nexoinformativo.mx\/index.php\/2024\/12\/08\/mexico-refrenda-su-compromiso-con-los-dreamers-y-fortalece-lazos-con-estados-unidos\/#primaryimage\",\"url\":\"https:\/\/www.nexoinformativo.mx\/wp-content\/uploads\/2024\/12\/IMG_8432-scaled-e1733704881230.jpg\",\"contentUrl\":\"https:\/\/www.nexoinformativo.mx\/wp-content\/uploads\/2024\/12\/IMG_8432-scaled-e1733704881230.jpg\",\"width\":800,\"height\":534},{\"@type\":\"BreadcrumbList\",\"@id\":\"https:\/\/www.nexoinformativo.mx\/index.php\/2024\/12\/08\/mexico-refrenda-su-compromiso-con-los-dreamers-y-fortalece-lazos-con-estados-unidos\/#breadcrumb\",\"itemListElement\":[{\"@type\":\"ListItem\",\"position\":1,\"name\":\"Inicio\",\"item\":\"https:\/\/www.nexoinformativo.mx\/\"},{\"@type\":\"ListItem\",\"position\":2,\"name\":\"M\u00e9xico refrenda su compromiso con los dreamers y fortalece lazos con Estados Unidos\"}]},{\"@type\":\"WebSite\",\"@id\":\"https:\/\/www.nexoinformativo.mx\/#website\",\"url\":\"https:\/\/www.nexoinformativo.mx\/\",\"name\":\"Nexo Informativo Santiago de Quer\u00e9taro\",\"description\":\"Explora NexoInformativo y convi\u00e9rtete en parte de una comunidad que valora el conocimiento y la verdad. Tu nexoinformativo es tu puente hacia una comprensi\u00f3n m\u00e1s profunda del mundo que te rodea.\",\"publisher\":{\"@id\":\"https:\/\/www.nexoinformativo.mx\/#organization\"},\"potentialAction\":[{\"@type\":\"SearchAction\",\"target\":{\"@type\":\"EntryPoint\",\"urlTemplate\":\"https:\/\/www.nexoinformativo.mx\/?s={search_term_string}\"},\"query-input\":{\"@type\":\"PropertyValueSpecification\",\"valueRequired\":true,\"valueName\":\"search_term_string\"}}],\"inLanguage\":\"es\"},{\"@type\":\"Organization\",\"@id\":\"https:\/\/www.nexoinformativo.mx\/#organization\",\"name\":\"Nexo Informativo Santiago de Quer\u00e9taro\",\"url\":\"https:\/\/www.nexoinformativo.mx\/\",\"logo\":{\"@type\":\"ImageObject\",\"inLanguage\":\"es\",\"@id\":\"https:\/\/www.nexoinformativo.mx\/#\/schema\/logo\/image\/\",\"url\":\"https:\/\/www.nexoinformativo.mx\/wp-content\/uploads\/2024\/07\/nexoi-trasparente-2.png\",\"contentUrl\":\"https:\/\/www.nexoinformativo.mx\/wp-content\/uploads\/2024\/07\/nexoi-trasparente-2.png\",\"width\":816,\"height\":339,\"caption\":\"Nexo Informativo Santiago de Quer\u00e9taro\"},\"image\":{\"@id\":\"https:\/\/www.nexoinformativo.mx\/#\/schema\/logo\/image\/\"},\"sameAs\":[\"https:\/\/www.facebook.com\/people\/Nexo-Informativo\/61564066885511\/\"]},{\"@type\":\"Person\",\"@id\":\"https:\/\/www.nexoinformativo.mx\/#\/schema\/person\/7749d380ba08c8ca00d7bc76fd907b7d\",\"name\":\"Nexo Informativo\",\"image\":{\"@type\":\"ImageObject\",\"inLanguage\":\"es\",\"@id\":\"https:\/\/www.nexoinformativo.mx\/#\/schema\/person\/image\/\",\"url\":\"https:\/\/secure.gravatar.com\/avatar\/dde2928154642a13d95f87ddf1ea9718fe2b46760a005c53e41ff5ad610704e6?s=96&d=mm&r=g\",\"contentUrl\":\"https:\/\/secure.gravatar.com\/avatar\/dde2928154642a13d95f87ddf1ea9718fe2b46760a005c53e41ff5ad610704e6?s=96&d=mm&r=g\",\"caption\":\"Nexo Informativo\"},\"url\":\"https:\/\/www.nexoinformativo.mx\/index.php\/author\/edicion\/\"}]}<\/script>\n<!-- \/ Yoast SEO plugin. -->","yoast_head_json":{"title":"M\u00e9xico refrenda su compromiso con los dreamers y fortalece lazos con Estados Unidos | Nexo Informativo Santiago de Quer\u00e9taro","description":"M\u00e9xico refrenda su compromiso con los dreamers y fortalece lazos con Estados Unidos","robots":{"index":"index","follow":"follow","max-snippet":"max-snippet:-1","max-image-preview":"max-image-preview:large","max-video-preview":"max-video-preview:-1"},"canonical":"https:\/\/www.nexoinformativo.mx\/index.php\/2024\/12\/08\/mexico-refrenda-su-compromiso-con-los-dreamers-y-fortalece-lazos-con-estados-unidos\/","og_locale":"es_MX","og_type":"article","og_title":"M\u00e9xico refrenda su compromiso con los dreamers y fortalece lazos con Estados Unidos | Nexo Informativo Santiago de Quer\u00e9taro","og_description":"M\u00e9xico refrenda su compromiso con los dreamers y fortalece lazos con Estados Unidos","og_url":"https:\/\/www.nexoinformativo.mx\/index.php\/2024\/12\/08\/mexico-refrenda-su-compromiso-con-los-dreamers-y-fortalece-lazos-con-estados-unidos\/","og_site_name":"Nexo Informativo Santiago de Quer\u00e9taro","article_publisher":"https:\/\/www.facebook.com\/people\/Nexo-Informativo\/61564066885511\/","article_published_time":"2024-12-08T22:30:32+00:00","article_modified_time":"2024-12-09T00:55:12+00:00","og_image":[{"width":800,"height":534,"url":"https:\/\/www.nexoinformativo.mx\/wp-content\/uploads\/2024\/12\/IMG_8432-scaled-e1733704881230.jpg","type":"image\/jpeg"}],"author":"Nexo Informativo","twitter_card":"summary_large_image","twitter_misc":{"Escrito por":"Nexo Informativo","Tiempo de lectura":"2 minutos"},"schema":{"@context":"https:\/\/schema.org","@graph":[{"@type":"Article","@id":"https:\/\/www.nexoinformativo.mx\/index.php\/2024\/12\/08\/mexico-refrenda-su-compromiso-con-los-dreamers-y-fortalece-lazos-con-estados-unidos\/#article","isPartOf":{"@id":"https:\/\/www.nexoinformativo.mx\/index.php\/2024\/12\/08\/mexico-refrenda-su-compromiso-con-los-dreamers-y-fortalece-lazos-con-estados-unidos\/"},"author":{"name":"Nexo Informativo","@id":"https:\/\/www.nexoinformativo.mx\/#\/schema\/person\/7749d380ba08c8ca00d7bc76fd907b7d"},"headline":"M\u00e9xico refrenda su compromiso con los dreamers y fortalece lazos con Estados Unidos","datePublished":"2024-12-08T22:30:32+00:00","dateModified":"2024-12-09T00:55:12+00:00","mainEntityOfPage":{"@id":"https:\/\/www.nexoinformativo.mx\/index.php\/2024\/12\/08\/mexico-refrenda-su-compromiso-con-los-dreamers-y-fortalece-lazos-con-estados-unidos\/"},"wordCount":247,"commentCount":0,"publisher":{"@id":"https:\/\/www.nexoinformativo.mx\/#organization"},"image":{"@id":"https:\/\/www.nexoinformativo.mx\/index.php\/2024\/12\/08\/mexico-refrenda-su-compromiso-con-los-dreamers-y-fortalece-lazos-con-estados-unidos\/#primaryimage"},"thumbnailUrl":"https:\/\/www.nexoinformativo.mx\/wp-content\/uploads\/2024\/12\/IMG_8432-scaled-e1733704881230.jpg","keywords":["Dreamers","Migraci\u00f3n","RelacionesBilaterales","SRE"],"articleSection":["Nacional","\u00daltima Hora"],"inLanguage":"es","potentialAction":[{"@type":"CommentAction","name":"Comment","target":["https:\/\/www.nexoinformativo.mx\/index.php\/2024\/12\/08\/mexico-refrenda-su-compromiso-con-los-dreamers-y-fortalece-lazos-con-estados-unidos\/#respond"]}]},{"@type":"WebPage","@id":"https:\/\/www.nexoinformativo.mx\/index.php\/2024\/12\/08\/mexico-refrenda-su-compromiso-con-los-dreamers-y-fortalece-lazos-con-estados-unidos\/","url":"https:\/\/www.nexoinformativo.mx\/index.php\/2024\/12\/08\/mexico-refrenda-su-compromiso-con-los-dreamers-y-fortalece-lazos-con-estados-unidos\/","name":"M\u00e9xico refrenda su compromiso con los dreamers y fortalece lazos con Estados Unidos | Nexo Informativo Santiago de Quer\u00e9taro","isPartOf":{"@id":"https:\/\/www.nexoinformativo.mx\/#website"},"primaryImageOfPage":{"@id":"https:\/\/www.nexoinformativo.mx\/index.php\/2024\/12\/08\/mexico-refrenda-su-compromiso-con-los-dreamers-y-fortalece-lazos-con-estados-unidos\/#primaryimage"},"image":{"@id":"https:\/\/www.nexoinformativo.mx\/index.php\/2024\/12\/08\/mexico-refrenda-su-compromiso-con-los-dreamers-y-fortalece-lazos-con-estados-unidos\/#primaryimage"},"thumbnailUrl":"https:\/\/www.nexoinformativo.mx\/wp-content\/uploads\/2024\/12\/IMG_8432-scaled-e1733704881230.jpg","datePublished":"2024-12-08T22:30:32+00:00","dateModified":"2024-12-09T00:55:12+00:00","description":"M\u00e9xico refrenda su compromiso con los dreamers y fortalece lazos con Estados Unidos","breadcrumb":{"@id":"https:\/\/www.nexoinformativo.mx\/index.php\/2024\/12\/08\/mexico-refrenda-su-compromiso-con-los-dreamers-y-fortalece-lazos-con-estados-unidos\/#breadcrumb"},"inLanguage":"es","potentialAction":[{"@type":"ReadAction","target":["https:\/\/www.nexoinformativo.mx\/index.php\/2024\/12\/08\/mexico-refrenda-su-compromiso-con-los-dreamers-y-fortalece-lazos-con-estados-unidos\/"]}]},{"@type":"ImageObject","inLanguage":"es","@id":"https:\/\/www.nexoinformativo.mx\/index.php\/2024\/12\/08\/mexico-refrenda-su-compromiso-con-los-dreamers-y-fortalece-lazos-con-estados-unidos\/#primaryimage","url":"https:\/\/www.nexoinformativo.mx\/wp-content\/uploads\/2024\/12\/IMG_8432-scaled-e1733704881230.jpg","contentUrl":"https:\/\/www.nexoinformativo.mx\/wp-content\/uploads\/2024\/12\/IMG_8432-scaled-e1733704881230.jpg","width":800,"height":534},{"@type":"BreadcrumbList","@id":"https:\/\/www.nexoinformativo.mx\/index.php\/2024\/12\/08\/mexico-refrenda-su-compromiso-con-los-dreamers-y-fortalece-lazos-con-estados-unidos\/#breadcrumb","itemListElement":[{"@type":"ListItem","position":1,"name":"Inicio","item":"https:\/\/www.nexoinformativo.mx\/"},{"@type":"ListItem","position":2,"name":"M\u00e9xico refrenda su compromiso con los dreamers y fortalece lazos con Estados Unidos"}]},{"@type":"WebSite","@id":"https:\/\/www.nexoinformativo.mx\/#website","url":"https:\/\/www.nexoinformativo.mx\/","name":"Nexo Informativo Santiago de Quer\u00e9taro","description":"Explora NexoInformativo y convi\u00e9rtete en parte de una comunidad que valora el conocimiento y la verdad. Tu nexoinformativo es tu puente hacia una comprensi\u00f3n m\u00e1s profunda del mundo que te rodea.","publisher":{"@id":"https:\/\/www.nexoinformativo.mx\/#organization"},"potentialAction":[{"@type":"SearchAction","target":{"@type":"EntryPoint","urlTemplate":"https:\/\/www.nexoinformativo.mx\/?s={search_term_string}"},"query-input":{"@type":"PropertyValueSpecification","valueRequired":true,"valueName":"search_term_string"}}],"inLanguage":"es"},{"@type":"Organization","@id":"https:\/\/www.nexoinformativo.mx\/#organization","name":"Nexo Informativo Santiago de Quer\u00e9taro","url":"https:\/\/www.nexoinformativo.mx\/","logo":{"@type":"ImageObject","inLanguage":"es","@id":"https:\/\/www.nexoinformativo.mx\/#\/schema\/logo\/image\/","url":"https:\/\/www.nexoinformativo.mx\/wp-content\/uploads\/2024\/07\/nexoi-trasparente-2.png","contentUrl":"https:\/\/www.nexoinformativo.mx\/wp-content\/uploads\/2024\/07\/nexoi-trasparente-2.png","width":816,"height":339,"caption":"Nexo Informativo Santiago de Quer\u00e9taro"},"image":{"@id":"https:\/\/www.nexoinformativo.mx\/#\/schema\/logo\/image\/"},"sameAs":["https:\/\/www.facebook.com\/people\/Nexo-Informativo\/61564066885511\/"]},{"@type":"Person","@id":"https:\/\/www.nexoinformativo.mx\/#\/schema\/person\/7749d380ba08c8ca00d7bc76fd907b7d","name":"Nexo Informativo","image":{"@type":"ImageObject","inLanguage":"es","@id":"https:\/\/www.nexoinformativo.mx\/#\/schema\/person\/image\/","url":"https:\/\/secure.gravatar.com\/avatar\/dde2928154642a13d95f87ddf1ea9718fe2b46760a005c53e41ff5ad610704e6?s=96&d=mm&r=g","contentUrl":"https:\/\/secure.gravatar.com\/avatar\/dde2928154642a13d95f87ddf1ea9718fe2b46760a005c53e41ff5ad610704e6?s=96&d=mm&r=g","caption":"Nexo Informativo"},"url":"https:\/\/www.nexoinformativo.mx\/index.php\/author\/edicion\/"}]}},"_links":{"self":[{"href":"https:\/\/www.nexoinformativo.mx\/index.php\/wp-json\/wp\/v2\/posts\/7707","targetHints":{"allow":["GET"]}}],"collection":[{"href":"https:\/\/www.nexoinformativo.mx\/index.php\/wp-json\/wp\/v2\/posts"}],"about":[{"href":"https:\/\/www.nexoinformativo.mx\/index.php\/wp-json\/wp\/v2\/types\/post"}],"author":[{"embeddable":true,"href":"https:\/\/www.nexoinformativo.mx\/index.php\/wp-json\/wp\/v2\/users\/3"}],"replies":[{"embeddable":true,"href":"https:\/\/www.nexoinformativo.mx\/index.php\/wp-json\/wp\/v2\/comments?post=7707"}],"version-history":[{"count":4,"href":"https:\/\/www.nexoinformativo.mx\/index.php\/wp-json\/wp\/v2\/posts\/7707\/revisions"}],"predecessor-version":[{"id":7712,"href":"https:\/\/www.nexoinformativo.mx\/index.php\/wp-json\/wp\/v2\/posts\/7707\/revisions\/7712"}],"wp:featuredmedia":[{"embeddable":true,"href":"https:\/\/www.nexoinformativo.mx\/index.php\/wp-json\/wp\/v2\/media\/7708"}],"wp:attachment":[{"href":"https:\/\/www.nexoinformativo.mx\/index.php\/wp-json\/wp\/v2\/media?parent=7707"}],"wp:term":[{"taxonomy":"category","embeddable":true,"href":"https:\/\/www.nexoinformativo.mx\/index.php\/wp-json\/wp\/v2\/categories?post=7707"},{"taxonomy":"post_tag","embeddable":true,"href":"https:\/\/www.nexoinformativo.mx\/index.php\/wp-json\/wp\/v2\/tags?post=7707"}],"curies":[{"name":"wp","href":"https:\/\/api.w.org\/{rel}","templated":true}]}}