{"id":7713,"date":"2024-12-08T16:45:05","date_gmt":"2024-12-08T22:45:05","guid":{"rendered":"https:\/\/www.nexoinformativo.mx\/?p=7713"},"modified":"2024-12-08T18:55:34","modified_gmt":"2024-12-09T00:55:34","slug":"volaris-desvia-vuelo-por-intento-de-secuestro-pasajero-detenido-en-guadalajara","status":"publish","type":"post","link":"https:\/\/www.nexoinformativo.mx\/index.php\/2024\/12\/08\/volaris-desvia-vuelo-por-intento-de-secuestro-pasajero-detenido-en-guadalajara\/","title":{"rendered":"Volaris desv\u00eda vuelo por intento de secuestro; pasajero detenido en Guadalajara"},"content":{"rendered":"<p style=\"text-align: justify;\" data-sourcepos=\"9:1-9:311\">Un incidente de alta tensi\u00f3n sacudi\u00f3 este domingo a la aerol\u00ednea Volaris cuando un pasajero del vuelo 3041, con ruta del Baj\u00edo a Tijuana, intent\u00f3 desviar la aeronave hacia Estados Unidos. Afortunadamente, la r\u00e1pida reacci\u00f3n de la tripulaci\u00f3n y la intervenci\u00f3n de las autoridades permitieron evitar una tragedia.<\/p>\n<p>&nbsp;<\/p>\n<p style=\"text-align: justify;\" data-sourcepos=\"11:1-11:344\">Los hechos ocurrieron durante la madrugada, cuando el pasajero, a\u00fan no identificado, intent\u00f3 tomar el control del avi\u00f3n mediante el uso de la fuerza.<\/p>\n<p>&nbsp;<\/p>\n<p style=\"text-align: justify;\" data-sourcepos=\"11:1-11:344\">Sin embargo, gracias a los protocolos de seguridad establecidos, la tripulaci\u00f3n logr\u00f3 contener al individuo y solicitar un aterrizaje de emergencia en el Aeropuerto Internacional de Guadalajara.<\/p>\n<p>&nbsp;<\/p>\n<p style=\"text-align: justify;\" data-sourcepos=\"13:1-13:239\">Una vez en tierra, el pasajero fue detenido y puesto a disposici\u00f3n de las autoridades competentes. Volaris ha confirmado que no hubo heridos durante el incidente y que todos los pasajeros fueron protegidos y trasladados a su destino final.<\/p>\n<p>&nbsp;<\/p>\n<p style=\"text-align: justify;\" data-sourcepos=\"15:1-15:153\">La aerol\u00ednea ha iniciado las acciones legales correspondientes contra el individuo responsable, asegurando que enfrentar\u00e1 las consecuencias de sus actos.<\/p>\n<p>&nbsp;<\/p>\n<p style=\"text-align: justify;\" data-sourcepos=\"17:1-17:222\">Este suceso ha generado una gran conmoci\u00f3n en la comunidad aeron\u00e1utica y ha puesto de manifiesto la importancia de contar con protocolos de seguridad robustos para garantizar la seguridad de los pasajeros y la tripulaci\u00f3n.<\/p>\n<p>&nbsp;<\/p>\n<p style=\"text-align: center;\" data-sourcepos=\"17:1-17:222\"><em><strong>\u00a1Informaci\u00f3n que transforma!<\/strong><\/em><\/p>\n","protected":false},"excerpt":{"rendered":"<p>Un incidente de alta tensi\u00f3n sacudi\u00f3 este domingo a la aerol\u00ednea Volaris cuando un pasajero del vuelo 3041, con ruta del Baj\u00edo a Tijuana, intent\u00f3 desviar la aeronave hacia Estados Unidos.<\/p>\n","protected":false},"author":3,"featured_media":7714,"comment_status":"open","ping_status":"open","sticky":false,"template":"","format":"standard","meta":{"footnotes":""},"categories":[137,58],"tags":[2555,2553,2554,1764],"class_list":["post-7713","post","type-post","status-publish","format-standard","has-post-thumbnail","hentry","category-sucesos","category-ultima-hora","tag-guadalajara","tag-secuestroaereo","tag-seguridadaerea","tag-volaris"],"yoast_head":"<!-- This site is optimized with the Yoast SEO plugin v25.0 - https:\/\/yoast.com\/wordpress\/plugins\/seo\/ -->\n<title>Volaris desv\u00eda vuelo por intento de secuestro; pasajero detenido en Guadalajara | Nexo Informativo Santiago de Quer\u00e9taro<\/title>\n<meta name=\"robots\" content=\"index, follow, max-snippet:-1, max-image-preview:large, max-video-preview:-1\" \/>\n<link rel=\"canonical\" href=\"https:\/\/www.nexoinformativo.mx\/index.php\/2024\/12\/08\/volaris-desvia-vuelo-por-intento-de-secuestro-pasajero-detenido-en-guadalajara\/\" \/>\n<meta property=\"og:locale\" content=\"es_MX\" \/>\n<meta property=\"og:type\" content=\"article\" \/>\n<meta property=\"og:title\" content=\"Volaris desv\u00eda vuelo por intento de secuestro; pasajero detenido en Guadalajara | Nexo Informativo Santiago de Quer\u00e9taro\" \/>\n<meta property=\"og:description\" content=\"Un incidente de alta tensi\u00f3n sacudi\u00f3 este domingo a la aerol\u00ednea Volaris cuando un pasajero del vuelo 3041, con ruta del Baj\u00edo a Tijuana, intent\u00f3 desviar la aeronave hacia Estados Unidos.\" \/>\n<meta property=\"og:url\" content=\"https:\/\/www.nexoinformativo.mx\/index.php\/2024\/12\/08\/volaris-desvia-vuelo-por-intento-de-secuestro-pasajero-detenido-en-guadalajara\/\" \/>\n<meta property=\"og:site_name\" content=\"Nexo Informativo Santiago de Quer\u00e9taro\" \/>\n<meta property=\"article:publisher\" content=\"https:\/\/www.facebook.com\/people\/Nexo-Informativo\/61564066885511\/\" \/>\n<meta property=\"article:published_time\" content=\"2024-12-08T22:45:05+00:00\" \/>\n<meta property=\"article:modified_time\" content=\"2024-12-09T00:55:34+00:00\" \/>\n<meta property=\"og:image\" content=\"https:\/\/www.nexoinformativo.mx\/wp-content\/uploads\/2024\/12\/IMG_3891-e1733705168971.jpg\" \/>\n\t<meta property=\"og:image:width\" content=\"800\" \/>\n\t<meta property=\"og:image:height\" content=\"974\" \/>\n\t<meta property=\"og:image:type\" content=\"image\/jpeg\" \/>\n<meta name=\"author\" content=\"Nexo Informativo\" \/>\n<meta name=\"twitter:card\" content=\"summary_large_image\" \/>\n<meta name=\"twitter:label1\" content=\"Escrito por\" \/>\n\t<meta name=\"twitter:data1\" content=\"Nexo Informativo\" \/>\n\t<meta name=\"twitter:label2\" content=\"Tiempo de lectura\" \/>\n\t<meta name=\"twitter:data2\" content=\"2 minutos\" \/>\n<script type=\"application\/ld+json\" class=\"yoast-schema-graph\">{\"@context\":\"https:\/\/schema.org\",\"@graph\":[{\"@type\":\"Article\",\"@id\":\"https:\/\/www.nexoinformativo.mx\/index.php\/2024\/12\/08\/volaris-desvia-vuelo-por-intento-de-secuestro-pasajero-detenido-en-guadalajara\/#article\",\"isPartOf\":{\"@id\":\"https:\/\/www.nexoinformativo.mx\/index.php\/2024\/12\/08\/volaris-desvia-vuelo-por-intento-de-secuestro-pasajero-detenido-en-guadalajara\/\"},\"author\":{\"name\":\"Nexo Informativo\",\"@id\":\"https:\/\/www.nexoinformativo.mx\/#\/schema\/person\/7749d380ba08c8ca00d7bc76fd907b7d\"},\"headline\":\"Volaris desv\u00eda vuelo por intento de secuestro; pasajero detenido en Guadalajara\",\"datePublished\":\"2024-12-08T22:45:05+00:00\",\"dateModified\":\"2024-12-09T00:55:34+00:00\",\"mainEntityOfPage\":{\"@id\":\"https:\/\/www.nexoinformativo.mx\/index.php\/2024\/12\/08\/volaris-desvia-vuelo-por-intento-de-secuestro-pasajero-detenido-en-guadalajara\/\"},\"wordCount\":229,\"commentCount\":0,\"publisher\":{\"@id\":\"https:\/\/www.nexoinformativo.mx\/#organization\"},\"image\":{\"@id\":\"https:\/\/www.nexoinformativo.mx\/index.php\/2024\/12\/08\/volaris-desvia-vuelo-por-intento-de-secuestro-pasajero-detenido-en-guadalajara\/#primaryimage\"},\"thumbnailUrl\":\"https:\/\/www.nexoinformativo.mx\/wp-content\/uploads\/2024\/12\/IMG_3891-e1733705168971.jpg\",\"keywords\":[\"Guadalajara\",\"SecuestroA\u00e9reo\",\"SeguridadA\u00e9rea\",\"Volaris\"],\"articleSection\":[\"Sucesos\",\"\u00daltima Hora\"],\"inLanguage\":\"es\",\"potentialAction\":[{\"@type\":\"CommentAction\",\"name\":\"Comment\",\"target\":[\"https:\/\/www.nexoinformativo.mx\/index.php\/2024\/12\/08\/volaris-desvia-vuelo-por-intento-de-secuestro-pasajero-detenido-en-guadalajara\/#respond\"]}]},{\"@type\":\"WebPage\",\"@id\":\"https:\/\/www.nexoinformativo.mx\/index.php\/2024\/12\/08\/volaris-desvia-vuelo-por-intento-de-secuestro-pasajero-detenido-en-guadalajara\/\",\"url\":\"https:\/\/www.nexoinformativo.mx\/index.php\/2024\/12\/08\/volaris-desvia-vuelo-por-intento-de-secuestro-pasajero-detenido-en-guadalajara\/\",\"name\":\"Volaris desv\u00eda vuelo por intento de secuestro; pasajero detenido en Guadalajara | Nexo Informativo Santiago de Quer\u00e9taro\",\"isPartOf\":{\"@id\":\"https:\/\/www.nexoinformativo.mx\/#website\"},\"primaryImageOfPage\":{\"@id\":\"https:\/\/www.nexoinformativo.mx\/index.php\/2024\/12\/08\/volaris-desvia-vuelo-por-intento-de-secuestro-pasajero-detenido-en-guadalajara\/#primaryimage\"},\"image\":{\"@id\":\"https:\/\/www.nexoinformativo.mx\/index.php\/2024\/12\/08\/volaris-desvia-vuelo-por-intento-de-secuestro-pasajero-detenido-en-guadalajara\/#primaryimage\"},\"thumbnailUrl\":\"https:\/\/www.nexoinformativo.mx\/wp-content\/uploads\/2024\/12\/IMG_3891-e1733705168971.jpg\",\"datePublished\":\"2024-12-08T22:45:05+00:00\",\"dateModified\":\"2024-12-09T00:55:34+00:00\",\"breadcrumb\":{\"@id\":\"https:\/\/www.nexoinformativo.mx\/index.php\/2024\/12\/08\/volaris-desvia-vuelo-por-intento-de-secuestro-pasajero-detenido-en-guadalajara\/#breadcrumb\"},\"inLanguage\":\"es\",\"potentialAction\":[{\"@type\":\"ReadAction\",\"target\":[\"https:\/\/www.nexoinformativo.mx\/index.php\/2024\/12\/08\/volaris-desvia-vuelo-por-intento-de-secuestro-pasajero-detenido-en-guadalajara\/\"]}]},{\"@type\":\"ImageObject\",\"inLanguage\":\"es\",\"@id\":\"https:\/\/www.nexoinformativo.mx\/index.php\/2024\/12\/08\/volaris-desvia-vuelo-por-intento-de-secuestro-pasajero-detenido-en-guadalajara\/#primaryimage\",\"url\":\"https:\/\/www.nexoinformativo.mx\/wp-content\/uploads\/2024\/12\/IMG_3891-e1733705168971.jpg\",\"contentUrl\":\"https:\/\/www.nexoinformativo.mx\/wp-content\/uploads\/2024\/12\/IMG_3891-e1733705168971.jpg\",\"width\":800,\"height\":974},{\"@type\":\"BreadcrumbList\",\"@id\":\"https:\/\/www.nexoinformativo.mx\/index.php\/2024\/12\/08\/volaris-desvia-vuelo-por-intento-de-secuestro-pasajero-detenido-en-guadalajara\/#breadcrumb\",\"itemListElement\":[{\"@type\":\"ListItem\",\"position\":1,\"name\":\"Inicio\",\"item\":\"https:\/\/www.nexoinformativo.mx\/\"},{\"@type\":\"ListItem\",\"position\":2,\"name\":\"Volaris desv\u00eda vuelo por intento de secuestro; pasajero detenido en Guadalajara\"}]},{\"@type\":\"WebSite\",\"@id\":\"https:\/\/www.nexoinformativo.mx\/#website\",\"url\":\"https:\/\/www.nexoinformativo.mx\/\",\"name\":\"Nexo Informativo Santiago de Quer\u00e9taro\",\"description\":\"Explora NexoInformativo y convi\u00e9rtete en parte de una comunidad que valora el conocimiento y la verdad. Tu nexoinformativo es tu puente hacia una comprensi\u00f3n m\u00e1s profunda del mundo que te rodea.\",\"publisher\":{\"@id\":\"https:\/\/www.nexoinformativo.mx\/#organization\"},\"potentialAction\":[{\"@type\":\"SearchAction\",\"target\":{\"@type\":\"EntryPoint\",\"urlTemplate\":\"https:\/\/www.nexoinformativo.mx\/?s={search_term_string}\"},\"query-input\":{\"@type\":\"PropertyValueSpecification\",\"valueRequired\":true,\"valueName\":\"search_term_string\"}}],\"inLanguage\":\"es\"},{\"@type\":\"Organization\",\"@id\":\"https:\/\/www.nexoinformativo.mx\/#organization\",\"name\":\"Nexo Informativo Santiago de Quer\u00e9taro\",\"url\":\"https:\/\/www.nexoinformativo.mx\/\",\"logo\":{\"@type\":\"ImageObject\",\"inLanguage\":\"es\",\"@id\":\"https:\/\/www.nexoinformativo.mx\/#\/schema\/logo\/image\/\",\"url\":\"https:\/\/www.nexoinformativo.mx\/wp-content\/uploads\/2024\/07\/nexoi-trasparente-2.png\",\"contentUrl\":\"https:\/\/www.nexoinformativo.mx\/wp-content\/uploads\/2024\/07\/nexoi-trasparente-2.png\",\"width\":816,\"height\":339,\"caption\":\"Nexo Informativo Santiago de Quer\u00e9taro\"},\"image\":{\"@id\":\"https:\/\/www.nexoinformativo.mx\/#\/schema\/logo\/image\/\"},\"sameAs\":[\"https:\/\/www.facebook.com\/people\/Nexo-Informativo\/61564066885511\/\"]},{\"@type\":\"Person\",\"@id\":\"https:\/\/www.nexoinformativo.mx\/#\/schema\/person\/7749d380ba08c8ca00d7bc76fd907b7d\",\"name\":\"Nexo Informativo\",\"image\":{\"@type\":\"ImageObject\",\"inLanguage\":\"es\",\"@id\":\"https:\/\/www.nexoinformativo.mx\/#\/schema\/person\/image\/\",\"url\":\"https:\/\/secure.gravatar.com\/avatar\/dde2928154642a13d95f87ddf1ea9718fe2b46760a005c53e41ff5ad610704e6?s=96&d=mm&r=g\",\"contentUrl\":\"https:\/\/secure.gravatar.com\/avatar\/dde2928154642a13d95f87ddf1ea9718fe2b46760a005c53e41ff5ad610704e6?s=96&d=mm&r=g\",\"caption\":\"Nexo Informativo\"},\"url\":\"https:\/\/www.nexoinformativo.mx\/index.php\/author\/edicion\/\"}]}<\/script>\n<!-- \/ Yoast SEO plugin. -->","yoast_head_json":{"title":"Volaris desv\u00eda vuelo por intento de secuestro; pasajero detenido en Guadalajara | Nexo Informativo Santiago de Quer\u00e9taro","robots":{"index":"index","follow":"follow","max-snippet":"max-snippet:-1","max-image-preview":"max-image-preview:large","max-video-preview":"max-video-preview:-1"},"canonical":"https:\/\/www.nexoinformativo.mx\/index.php\/2024\/12\/08\/volaris-desvia-vuelo-por-intento-de-secuestro-pasajero-detenido-en-guadalajara\/","og_locale":"es_MX","og_type":"article","og_title":"Volaris desv\u00eda vuelo por intento de secuestro; pasajero detenido en Guadalajara | Nexo Informativo Santiago de Quer\u00e9taro","og_description":"Un incidente de alta tensi\u00f3n sacudi\u00f3 este domingo a la aerol\u00ednea Volaris cuando un pasajero del vuelo 3041, con ruta del Baj\u00edo a Tijuana, intent\u00f3 desviar la aeronave hacia Estados Unidos.","og_url":"https:\/\/www.nexoinformativo.mx\/index.php\/2024\/12\/08\/volaris-desvia-vuelo-por-intento-de-secuestro-pasajero-detenido-en-guadalajara\/","og_site_name":"Nexo Informativo Santiago de Quer\u00e9taro","article_publisher":"https:\/\/www.facebook.com\/people\/Nexo-Informativo\/61564066885511\/","article_published_time":"2024-12-08T22:45:05+00:00","article_modified_time":"2024-12-09T00:55:34+00:00","og_image":[{"width":800,"height":974,"url":"https:\/\/www.nexoinformativo.mx\/wp-content\/uploads\/2024\/12\/IMG_3891-e1733705168971.jpg","type":"image\/jpeg"}],"author":"Nexo Informativo","twitter_card":"summary_large_image","twitter_misc":{"Escrito por":"Nexo Informativo","Tiempo de lectura":"2 minutos"},"schema":{"@context":"https:\/\/schema.org","@graph":[{"@type":"Article","@id":"https:\/\/www.nexoinformativo.mx\/index.php\/2024\/12\/08\/volaris-desvia-vuelo-por-intento-de-secuestro-pasajero-detenido-en-guadalajara\/#article","isPartOf":{"@id":"https:\/\/www.nexoinformativo.mx\/index.php\/2024\/12\/08\/volaris-desvia-vuelo-por-intento-de-secuestro-pasajero-detenido-en-guadalajara\/"},"author":{"name":"Nexo Informativo","@id":"https:\/\/www.nexoinformativo.mx\/#\/schema\/person\/7749d380ba08c8ca00d7bc76fd907b7d"},"headline":"Volaris desv\u00eda vuelo por intento de secuestro; pasajero detenido en Guadalajara","datePublished":"2024-12-08T22:45:05+00:00","dateModified":"2024-12-09T00:55:34+00:00","mainEntityOfPage":{"@id":"https:\/\/www.nexoinformativo.mx\/index.php\/2024\/12\/08\/volaris-desvia-vuelo-por-intento-de-secuestro-pasajero-detenido-en-guadalajara\/"},"wordCount":229,"commentCount":0,"publisher":{"@id":"https:\/\/www.nexoinformativo.mx\/#organization"},"image":{"@id":"https:\/\/www.nexoinformativo.mx\/index.php\/2024\/12\/08\/volaris-desvia-vuelo-por-intento-de-secuestro-pasajero-detenido-en-guadalajara\/#primaryimage"},"thumbnailUrl":"https:\/\/www.nexoinformativo.mx\/wp-content\/uploads\/2024\/12\/IMG_3891-e1733705168971.jpg","keywords":["Guadalajara","SecuestroA\u00e9reo","SeguridadA\u00e9rea","Volaris"],"articleSection":["Sucesos","\u00daltima Hora"],"inLanguage":"es","potentialAction":[{"@type":"CommentAction","name":"Comment","target":["https:\/\/www.nexoinformativo.mx\/index.php\/2024\/12\/08\/volaris-desvia-vuelo-por-intento-de-secuestro-pasajero-detenido-en-guadalajara\/#respond"]}]},{"@type":"WebPage","@id":"https:\/\/www.nexoinformativo.mx\/index.php\/2024\/12\/08\/volaris-desvia-vuelo-por-intento-de-secuestro-pasajero-detenido-en-guadalajara\/","url":"https:\/\/www.nexoinformativo.mx\/index.php\/2024\/12\/08\/volaris-desvia-vuelo-por-intento-de-secuestro-pasajero-detenido-en-guadalajara\/","name":"Volaris desv\u00eda vuelo por intento de secuestro; pasajero detenido en Guadalajara | Nexo Informativo Santiago de Quer\u00e9taro","isPartOf":{"@id":"https:\/\/www.nexoinformativo.mx\/#website"},"primaryImageOfPage":{"@id":"https:\/\/www.nexoinformativo.mx\/index.php\/2024\/12\/08\/volaris-desvia-vuelo-por-intento-de-secuestro-pasajero-detenido-en-guadalajara\/#primaryimage"},"image":{"@id":"https:\/\/www.nexoinformativo.mx\/index.php\/2024\/12\/08\/volaris-desvia-vuelo-por-intento-de-secuestro-pasajero-detenido-en-guadalajara\/#primaryimage"},"thumbnailUrl":"https:\/\/www.nexoinformativo.mx\/wp-content\/uploads\/2024\/12\/IMG_3891-e1733705168971.jpg","datePublished":"2024-12-08T22:45:05+00:00","dateModified":"2024-12-09T00:55:34+00:00","breadcrumb":{"@id":"https:\/\/www.nexoinformativo.mx\/index.php\/2024\/12\/08\/volaris-desvia-vuelo-por-intento-de-secuestro-pasajero-detenido-en-guadalajara\/#breadcrumb"},"inLanguage":"es","potentialAction":[{"@type":"ReadAction","target":["https:\/\/www.nexoinformativo.mx\/index.php\/2024\/12\/08\/volaris-desvia-vuelo-por-intento-de-secuestro-pasajero-detenido-en-guadalajara\/"]}]},{"@type":"ImageObject","inLanguage":"es","@id":"https:\/\/www.nexoinformativo.mx\/index.php\/2024\/12\/08\/volaris-desvia-vuelo-por-intento-de-secuestro-pasajero-detenido-en-guadalajara\/#primaryimage","url":"https:\/\/www.nexoinformativo.mx\/wp-content\/uploads\/2024\/12\/IMG_3891-e1733705168971.jpg","contentUrl":"https:\/\/www.nexoinformativo.mx\/wp-content\/uploads\/2024\/12\/IMG_3891-e1733705168971.jpg","width":800,"height":974},{"@type":"BreadcrumbList","@id":"https:\/\/www.nexoinformativo.mx\/index.php\/2024\/12\/08\/volaris-desvia-vuelo-por-intento-de-secuestro-pasajero-detenido-en-guadalajara\/#breadcrumb","itemListElement":[{"@type":"ListItem","position":1,"name":"Inicio","item":"https:\/\/www.nexoinformativo.mx\/"},{"@type":"ListItem","position":2,"name":"Volaris desv\u00eda vuelo por intento de secuestro; pasajero detenido en Guadalajara"}]},{"@type":"WebSite","@id":"https:\/\/www.nexoinformativo.mx\/#website","url":"https:\/\/www.nexoinformativo.mx\/","name":"Nexo Informativo Santiago de Quer\u00e9taro","description":"Explora NexoInformativo y convi\u00e9rtete en parte de una comunidad que valora el conocimiento y la verdad. Tu nexoinformativo es tu puente hacia una comprensi\u00f3n m\u00e1s profunda del mundo que te rodea.","publisher":{"@id":"https:\/\/www.nexoinformativo.mx\/#organization"},"potentialAction":[{"@type":"SearchAction","target":{"@type":"EntryPoint","urlTemplate":"https:\/\/www.nexoinformativo.mx\/?s={search_term_string}"},"query-input":{"@type":"PropertyValueSpecification","valueRequired":true,"valueName":"search_term_string"}}],"inLanguage":"es"},{"@type":"Organization","@id":"https:\/\/www.nexoinformativo.mx\/#organization","name":"Nexo Informativo Santiago de Quer\u00e9taro","url":"https:\/\/www.nexoinformativo.mx\/","logo":{"@type":"ImageObject","inLanguage":"es","@id":"https:\/\/www.nexoinformativo.mx\/#\/schema\/logo\/image\/","url":"https:\/\/www.nexoinformativo.mx\/wp-content\/uploads\/2024\/07\/nexoi-trasparente-2.png","contentUrl":"https:\/\/www.nexoinformativo.mx\/wp-content\/uploads\/2024\/07\/nexoi-trasparente-2.png","width":816,"height":339,"caption":"Nexo Informativo Santiago de Quer\u00e9taro"},"image":{"@id":"https:\/\/www.nexoinformativo.mx\/#\/schema\/logo\/image\/"},"sameAs":["https:\/\/www.facebook.com\/people\/Nexo-Informativo\/61564066885511\/"]},{"@type":"Person","@id":"https:\/\/www.nexoinformativo.mx\/#\/schema\/person\/7749d380ba08c8ca00d7bc76fd907b7d","name":"Nexo Informativo","image":{"@type":"ImageObject","inLanguage":"es","@id":"https:\/\/www.nexoinformativo.mx\/#\/schema\/person\/image\/","url":"https:\/\/secure.gravatar.com\/avatar\/dde2928154642a13d95f87ddf1ea9718fe2b46760a005c53e41ff5ad610704e6?s=96&d=mm&r=g","contentUrl":"https:\/\/secure.gravatar.com\/avatar\/dde2928154642a13d95f87ddf1ea9718fe2b46760a005c53e41ff5ad610704e6?s=96&d=mm&r=g","caption":"Nexo Informativo"},"url":"https:\/\/www.nexoinformativo.mx\/index.php\/author\/edicion\/"}]}},"_links":{"self":[{"href":"https:\/\/www.nexoinformativo.mx\/index.php\/wp-json\/wp\/v2\/posts\/7713","targetHints":{"allow":["GET"]}}],"collection":[{"href":"https:\/\/www.nexoinformativo.mx\/index.php\/wp-json\/wp\/v2\/posts"}],"about":[{"href":"https:\/\/www.nexoinformativo.mx\/index.php\/wp-json\/wp\/v2\/types\/post"}],"author":[{"embeddable":true,"href":"https:\/\/www.nexoinformativo.mx\/index.php\/wp-json\/wp\/v2\/users\/3"}],"replies":[{"embeddable":true,"href":"https:\/\/www.nexoinformativo.mx\/index.php\/wp-json\/wp\/v2\/comments?post=7713"}],"version-history":[{"count":2,"href":"https:\/\/www.nexoinformativo.mx\/index.php\/wp-json\/wp\/v2\/posts\/7713\/revisions"}],"predecessor-version":[{"id":7716,"href":"https:\/\/www.nexoinformativo.mx\/index.php\/wp-json\/wp\/v2\/posts\/7713\/revisions\/7716"}],"wp:featuredmedia":[{"embeddable":true,"href":"https:\/\/www.nexoinformativo.mx\/index.php\/wp-json\/wp\/v2\/media\/7714"}],"wp:attachment":[{"href":"https:\/\/www.nexoinformativo.mx\/index.php\/wp-json\/wp\/v2\/media?parent=7713"}],"wp:term":[{"taxonomy":"category","embeddable":true,"href":"https:\/\/www.nexoinformativo.mx\/index.php\/wp-json\/wp\/v2\/categories?post=7713"},{"taxonomy":"post_tag","embeddable":true,"href":"https:\/\/www.nexoinformativo.mx\/index.php\/wp-json\/wp\/v2\/tags?post=7713"}],"curies":[{"name":"wp","href":"https:\/\/api.w.org\/{rel}","templated":true}]}}