{"id":7744,"date":"2024-12-09T07:30:16","date_gmt":"2024-12-09T13:30:16","guid":{"rendered":"https:\/\/www.nexoinformativo.mx\/?p=7744"},"modified":"2024-12-09T09:24:19","modified_gmt":"2024-12-09T15:24:19","slug":"catem-celebra-aumento-al-salario-minimo-un-paso-hacia-el-bienestar-de-las-familias-mexicanas","status":"publish","type":"post","link":"https:\/\/www.nexoinformativo.mx\/index.php\/2024\/12\/09\/catem-celebra-aumento-al-salario-minimo-un-paso-hacia-el-bienestar-de-las-familias-mexicanas\/","title":{"rendered":"CATEM celebra aumento al salario m\u00ednimo: Un paso hacia el bienestar de las familias mexicanas"},"content":{"rendered":"<p style=\"text-align: justify;\" data-sourcepos=\"11:1-11:340\">El secretario general de la Confederaci\u00f3n Aut\u00f3noma de Trabajadores y Empleados de M\u00e9xico (CATEM) en Quer\u00e9taro, Erik Osornio, celebr\u00f3 el reciente anuncio del incremento del 12% al salario m\u00ednimo en M\u00e9xico.<\/p>\n<p>&nbsp;<\/p>\n<p style=\"text-align: justify;\" data-sourcepos=\"11:1-11:340\">Este aumento representa un paso significativo hacia el bienestar de las familias mexicanas y la reactivaci\u00f3n econ\u00f3mica del pa\u00eds.<\/p>\n<p>&nbsp;<\/p>\n<p style=\"text-align: justify;\" data-sourcepos=\"13:1-13:336\">&#8220;Este acuerdo, fruto del trabajo conjunto entre el gobierno federal, las c\u00e1maras empresariales y los sindicatos, es una gran noticia para los trabajadores mexicanos&#8221;, afirm\u00f3 Osornio. El nuevo salario m\u00ednimo pasar\u00e1 de <strong>$248.93 a $278.80<\/strong> pesos en la mayor parte del pa\u00eds y de <strong>$374.89 a $419.88<\/strong> pesos en la zona fronteriza.<\/p>\n<p>&nbsp;<\/p>\n<p style=\"text-align: justify;\" data-sourcepos=\"15:1-15:343\">El dirigente sindical destac\u00f3 la importancia de este logro para los trabajadores y sus familias, quienes podr\u00e1n contar con mayores ingresos para satisfacer sus necesidades b\u00e1sicas. Adem\u00e1s, subray\u00f3 que este incremento tambi\u00e9n beneficiar\u00e1 a la econom\u00eda del pa\u00eds al impulsar el consumo interno y fomentar la creaci\u00f3n de empleos mejor remunerados.<\/p>\n<p>&nbsp;<\/p>\n<p style=\"text-align: justify;\" data-sourcepos=\"17:1-17:267\">&#8220;Desde la CATEM, hemos trabajado arduamente junto con nuestra dirigencia nacional, encabezada por Pedro Haces, para mejorar las condiciones de vida de los trabajadores. Este aumento al salario m\u00ednimo es un reflejo de ese compromiso&#8221;, asegur\u00f3 Osornio.<\/p>\n<p>&nbsp;<\/p>\n<p style=\"text-align: justify;\" data-sourcepos=\"19:1-19:223\">El l\u00edder sindical tambi\u00e9n reconoci\u00f3 el papel fundamental de la presidenta Claudia Sheinbaum y su gobierno en este logro, as\u00ed como la disposici\u00f3n de los sectores empresariales para colaborar en beneficio de los trabajadores.<\/p>\n<p>&nbsp;<\/p>\n<p style=\"text-align: justify;\" data-sourcepos=\"21:1-21:177\"><strong>&#8220;Ahora nos toca a los trabajadores corresponder a esta confianza demostrando nuestro compromiso con el desarrollo de las empresas y del pa\u00eds&#8221;<\/strong>, concluy\u00f3 Osornio Medina.<\/p>\n<p>&nbsp;<\/p>\n<p style=\"text-align: center;\" data-sourcepos=\"21:1-21:177\"><em><strong>\u00a1Informaci\u00f3n que transforma!<\/strong><\/em><\/p>\n","protected":false},"excerpt":{"rendered":"<p>El secretario general de la Confederaci\u00f3n Aut\u00f3noma de Trabajadores y Empleados de M\u00e9xico (CATEM) en Quer\u00e9taro, Erik Osornio, celebr\u00f3 el reciente anuncio del incremento del 12% al salario m\u00ednimo en M\u00e9xico. &nbsp; Este aumento representa un paso significativo hacia el bienestar de las familias mexicanas y la reactivaci\u00f3n econ\u00f3mica del pa\u00eds. &nbsp; &#8220;Este acuerdo, fruto [&hellip;]<\/p>\n","protected":false},"author":3,"featured_media":7745,"comment_status":"open","ping_status":"open","sticky":false,"template":"","format":"standard","meta":{"footnotes":""},"categories":[42,58],"tags":[2561,2563,2562,352],"class_list":["post-7744","post","type-post","status-publish","format-standard","has-post-thumbnail","hentry","category-estado","category-ultima-hora","tag-aumentosalariominimo","tag-bienestartrabajadores","tag-catem","tag-desarrolloeconomico"],"yoast_head":"<!-- This site is optimized with the Yoast SEO plugin v25.0 - https:\/\/yoast.com\/wordpress\/plugins\/seo\/ -->\n<title>CATEM celebra aumento al salario m\u00ednimo: Un paso hacia el bienestar de las familias mexicanas | Nexo Informativo Santiago de Quer\u00e9taro<\/title>\n<meta name=\"description\" content=\"CATEM celebra aumento al salario m\u00ednimo: Un paso hacia el bienestar de las familias mexicanas\" \/>\n<meta name=\"robots\" content=\"index, follow, max-snippet:-1, max-image-preview:large, max-video-preview:-1\" \/>\n<link rel=\"canonical\" href=\"https:\/\/www.nexoinformativo.mx\/index.php\/2024\/12\/09\/catem-celebra-aumento-al-salario-minimo-un-paso-hacia-el-bienestar-de-las-familias-mexicanas\/\" \/>\n<meta property=\"og:locale\" content=\"es_MX\" \/>\n<meta property=\"og:type\" content=\"article\" \/>\n<meta property=\"og:title\" content=\"CATEM celebra aumento al salario m\u00ednimo: Un paso hacia el bienestar de las familias mexicanas | Nexo Informativo Santiago de Quer\u00e9taro\" \/>\n<meta property=\"og:description\" content=\"CATEM celebra aumento al salario m\u00ednimo: Un paso hacia el bienestar de las familias mexicanas\" \/>\n<meta property=\"og:url\" content=\"https:\/\/www.nexoinformativo.mx\/index.php\/2024\/12\/09\/catem-celebra-aumento-al-salario-minimo-un-paso-hacia-el-bienestar-de-las-familias-mexicanas\/\" \/>\n<meta property=\"og:site_name\" content=\"Nexo Informativo Santiago de Quer\u00e9taro\" \/>\n<meta property=\"article:publisher\" content=\"https:\/\/www.facebook.com\/people\/Nexo-Informativo\/61564066885511\/\" \/>\n<meta property=\"article:published_time\" content=\"2024-12-09T13:30:16+00:00\" \/>\n<meta property=\"article:modified_time\" content=\"2024-12-09T15:24:19+00:00\" \/>\n<meta property=\"og:image\" content=\"https:\/\/www.nexoinformativo.mx\/wp-content\/uploads\/2024\/12\/PHOTO-2024-12-09-08-34-30-e1733757695815.jpg\" \/>\n\t<meta property=\"og:image:width\" content=\"800\" \/>\n\t<meta property=\"og:image:height\" content=\"444\" \/>\n\t<meta property=\"og:image:type\" content=\"image\/jpeg\" \/>\n<meta name=\"author\" content=\"Nexo Informativo\" \/>\n<meta name=\"twitter:card\" content=\"summary_large_image\" \/>\n<meta name=\"twitter:label1\" content=\"Escrito por\" \/>\n\t<meta name=\"twitter:data1\" content=\"Nexo Informativo\" \/>\n\t<meta name=\"twitter:label2\" content=\"Tiempo de lectura\" \/>\n\t<meta name=\"twitter:data2\" content=\"2 minutos\" \/>\n<script type=\"application\/ld+json\" class=\"yoast-schema-graph\">{\"@context\":\"https:\/\/schema.org\",\"@graph\":[{\"@type\":\"Article\",\"@id\":\"https:\/\/www.nexoinformativo.mx\/index.php\/2024\/12\/09\/catem-celebra-aumento-al-salario-minimo-un-paso-hacia-el-bienestar-de-las-familias-mexicanas\/#article\",\"isPartOf\":{\"@id\":\"https:\/\/www.nexoinformativo.mx\/index.php\/2024\/12\/09\/catem-celebra-aumento-al-salario-minimo-un-paso-hacia-el-bienestar-de-las-familias-mexicanas\/\"},\"author\":{\"name\":\"Nexo Informativo\",\"@id\":\"https:\/\/www.nexoinformativo.mx\/#\/schema\/person\/7749d380ba08c8ca00d7bc76fd907b7d\"},\"headline\":\"CATEM celebra aumento al salario m\u00ednimo: Un paso hacia el bienestar de las familias mexicanas\",\"datePublished\":\"2024-12-09T13:30:16+00:00\",\"dateModified\":\"2024-12-09T15:24:19+00:00\",\"mainEntityOfPage\":{\"@id\":\"https:\/\/www.nexoinformativo.mx\/index.php\/2024\/12\/09\/catem-celebra-aumento-al-salario-minimo-un-paso-hacia-el-bienestar-de-las-familias-mexicanas\/\"},\"wordCount\":295,\"commentCount\":0,\"publisher\":{\"@id\":\"https:\/\/www.nexoinformativo.mx\/#organization\"},\"image\":{\"@id\":\"https:\/\/www.nexoinformativo.mx\/index.php\/2024\/12\/09\/catem-celebra-aumento-al-salario-minimo-un-paso-hacia-el-bienestar-de-las-familias-mexicanas\/#primaryimage\"},\"thumbnailUrl\":\"https:\/\/www.nexoinformativo.mx\/wp-content\/uploads\/2024\/12\/PHOTO-2024-12-09-08-34-30-e1733757695815.jpg\",\"keywords\":[\"AumentoSalarioM\u00ednimo\",\"BienestarTrabajadores\",\"CATEM\",\"DesarrolloEcon\u00f3mico\"],\"articleSection\":[\"Estado\",\"\u00daltima Hora\"],\"inLanguage\":\"es\",\"potentialAction\":[{\"@type\":\"CommentAction\",\"name\":\"Comment\",\"target\":[\"https:\/\/www.nexoinformativo.mx\/index.php\/2024\/12\/09\/catem-celebra-aumento-al-salario-minimo-un-paso-hacia-el-bienestar-de-las-familias-mexicanas\/#respond\"]}]},{\"@type\":\"WebPage\",\"@id\":\"https:\/\/www.nexoinformativo.mx\/index.php\/2024\/12\/09\/catem-celebra-aumento-al-salario-minimo-un-paso-hacia-el-bienestar-de-las-familias-mexicanas\/\",\"url\":\"https:\/\/www.nexoinformativo.mx\/index.php\/2024\/12\/09\/catem-celebra-aumento-al-salario-minimo-un-paso-hacia-el-bienestar-de-las-familias-mexicanas\/\",\"name\":\"CATEM celebra aumento al salario m\u00ednimo: Un paso hacia el bienestar de las familias mexicanas | Nexo Informativo Santiago de Quer\u00e9taro\",\"isPartOf\":{\"@id\":\"https:\/\/www.nexoinformativo.mx\/#website\"},\"primaryImageOfPage\":{\"@id\":\"https:\/\/www.nexoinformativo.mx\/index.php\/2024\/12\/09\/catem-celebra-aumento-al-salario-minimo-un-paso-hacia-el-bienestar-de-las-familias-mexicanas\/#primaryimage\"},\"image\":{\"@id\":\"https:\/\/www.nexoinformativo.mx\/index.php\/2024\/12\/09\/catem-celebra-aumento-al-salario-minimo-un-paso-hacia-el-bienestar-de-las-familias-mexicanas\/#primaryimage\"},\"thumbnailUrl\":\"https:\/\/www.nexoinformativo.mx\/wp-content\/uploads\/2024\/12\/PHOTO-2024-12-09-08-34-30-e1733757695815.jpg\",\"datePublished\":\"2024-12-09T13:30:16+00:00\",\"dateModified\":\"2024-12-09T15:24:19+00:00\",\"description\":\"CATEM celebra aumento al salario m\u00ednimo: Un paso hacia el bienestar de las familias mexicanas\",\"breadcrumb\":{\"@id\":\"https:\/\/www.nexoinformativo.mx\/index.php\/2024\/12\/09\/catem-celebra-aumento-al-salario-minimo-un-paso-hacia-el-bienestar-de-las-familias-mexicanas\/#breadcrumb\"},\"inLanguage\":\"es\",\"potentialAction\":[{\"@type\":\"ReadAction\",\"target\":[\"https:\/\/www.nexoinformativo.mx\/index.php\/2024\/12\/09\/catem-celebra-aumento-al-salario-minimo-un-paso-hacia-el-bienestar-de-las-familias-mexicanas\/\"]}]},{\"@type\":\"ImageObject\",\"inLanguage\":\"es\",\"@id\":\"https:\/\/www.nexoinformativo.mx\/index.php\/2024\/12\/09\/catem-celebra-aumento-al-salario-minimo-un-paso-hacia-el-bienestar-de-las-familias-mexicanas\/#primaryimage\",\"url\":\"https:\/\/www.nexoinformativo.mx\/wp-content\/uploads\/2024\/12\/PHOTO-2024-12-09-08-34-30-e1733757695815.jpg\",\"contentUrl\":\"https:\/\/www.nexoinformativo.mx\/wp-content\/uploads\/2024\/12\/PHOTO-2024-12-09-08-34-30-e1733757695815.jpg\",\"width\":800,\"height\":444},{\"@type\":\"BreadcrumbList\",\"@id\":\"https:\/\/www.nexoinformativo.mx\/index.php\/2024\/12\/09\/catem-celebra-aumento-al-salario-minimo-un-paso-hacia-el-bienestar-de-las-familias-mexicanas\/#breadcrumb\",\"itemListElement\":[{\"@type\":\"ListItem\",\"position\":1,\"name\":\"Inicio\",\"item\":\"https:\/\/www.nexoinformativo.mx\/\"},{\"@type\":\"ListItem\",\"position\":2,\"name\":\"CATEM celebra aumento al salario m\u00ednimo: Un paso hacia el bienestar de las familias mexicanas\"}]},{\"@type\":\"WebSite\",\"@id\":\"https:\/\/www.nexoinformativo.mx\/#website\",\"url\":\"https:\/\/www.nexoinformativo.mx\/\",\"name\":\"Nexo Informativo Santiago de Quer\u00e9taro\",\"description\":\"Explora NexoInformativo y convi\u00e9rtete en parte de una comunidad que valora el conocimiento y la verdad. Tu nexoinformativo es tu puente hacia una comprensi\u00f3n m\u00e1s profunda del mundo que te rodea.\",\"publisher\":{\"@id\":\"https:\/\/www.nexoinformativo.mx\/#organization\"},\"potentialAction\":[{\"@type\":\"SearchAction\",\"target\":{\"@type\":\"EntryPoint\",\"urlTemplate\":\"https:\/\/www.nexoinformativo.mx\/?s={search_term_string}\"},\"query-input\":{\"@type\":\"PropertyValueSpecification\",\"valueRequired\":true,\"valueName\":\"search_term_string\"}}],\"inLanguage\":\"es\"},{\"@type\":\"Organization\",\"@id\":\"https:\/\/www.nexoinformativo.mx\/#organization\",\"name\":\"Nexo Informativo Santiago de Quer\u00e9taro\",\"url\":\"https:\/\/www.nexoinformativo.mx\/\",\"logo\":{\"@type\":\"ImageObject\",\"inLanguage\":\"es\",\"@id\":\"https:\/\/www.nexoinformativo.mx\/#\/schema\/logo\/image\/\",\"url\":\"https:\/\/www.nexoinformativo.mx\/wp-content\/uploads\/2024\/07\/nexoi-trasparente-2.png\",\"contentUrl\":\"https:\/\/www.nexoinformativo.mx\/wp-content\/uploads\/2024\/07\/nexoi-trasparente-2.png\",\"width\":816,\"height\":339,\"caption\":\"Nexo Informativo Santiago de Quer\u00e9taro\"},\"image\":{\"@id\":\"https:\/\/www.nexoinformativo.mx\/#\/schema\/logo\/image\/\"},\"sameAs\":[\"https:\/\/www.facebook.com\/people\/Nexo-Informativo\/61564066885511\/\"]},{\"@type\":\"Person\",\"@id\":\"https:\/\/www.nexoinformativo.mx\/#\/schema\/person\/7749d380ba08c8ca00d7bc76fd907b7d\",\"name\":\"Nexo Informativo\",\"image\":{\"@type\":\"ImageObject\",\"inLanguage\":\"es\",\"@id\":\"https:\/\/www.nexoinformativo.mx\/#\/schema\/person\/image\/\",\"url\":\"https:\/\/secure.gravatar.com\/avatar\/dde2928154642a13d95f87ddf1ea9718fe2b46760a005c53e41ff5ad610704e6?s=96&d=mm&r=g\",\"contentUrl\":\"https:\/\/secure.gravatar.com\/avatar\/dde2928154642a13d95f87ddf1ea9718fe2b46760a005c53e41ff5ad610704e6?s=96&d=mm&r=g\",\"caption\":\"Nexo Informativo\"},\"url\":\"https:\/\/www.nexoinformativo.mx\/index.php\/author\/edicion\/\"}]}<\/script>\n<!-- \/ Yoast SEO plugin. -->","yoast_head_json":{"title":"CATEM celebra aumento al salario m\u00ednimo: Un paso hacia el bienestar de las familias mexicanas | Nexo Informativo Santiago de Quer\u00e9taro","description":"CATEM celebra aumento al salario m\u00ednimo: Un paso hacia el bienestar de las familias mexicanas","robots":{"index":"index","follow":"follow","max-snippet":"max-snippet:-1","max-image-preview":"max-image-preview:large","max-video-preview":"max-video-preview:-1"},"canonical":"https:\/\/www.nexoinformativo.mx\/index.php\/2024\/12\/09\/catem-celebra-aumento-al-salario-minimo-un-paso-hacia-el-bienestar-de-las-familias-mexicanas\/","og_locale":"es_MX","og_type":"article","og_title":"CATEM celebra aumento al salario m\u00ednimo: Un paso hacia el bienestar de las familias mexicanas | Nexo Informativo Santiago de Quer\u00e9taro","og_description":"CATEM celebra aumento al salario m\u00ednimo: Un paso hacia el bienestar de las familias mexicanas","og_url":"https:\/\/www.nexoinformativo.mx\/index.php\/2024\/12\/09\/catem-celebra-aumento-al-salario-minimo-un-paso-hacia-el-bienestar-de-las-familias-mexicanas\/","og_site_name":"Nexo Informativo Santiago de Quer\u00e9taro","article_publisher":"https:\/\/www.facebook.com\/people\/Nexo-Informativo\/61564066885511\/","article_published_time":"2024-12-09T13:30:16+00:00","article_modified_time":"2024-12-09T15:24:19+00:00","og_image":[{"width":800,"height":444,"url":"https:\/\/www.nexoinformativo.mx\/wp-content\/uploads\/2024\/12\/PHOTO-2024-12-09-08-34-30-e1733757695815.jpg","type":"image\/jpeg"}],"author":"Nexo Informativo","twitter_card":"summary_large_image","twitter_misc":{"Escrito por":"Nexo Informativo","Tiempo de lectura":"2 minutos"},"schema":{"@context":"https:\/\/schema.org","@graph":[{"@type":"Article","@id":"https:\/\/www.nexoinformativo.mx\/index.php\/2024\/12\/09\/catem-celebra-aumento-al-salario-minimo-un-paso-hacia-el-bienestar-de-las-familias-mexicanas\/#article","isPartOf":{"@id":"https:\/\/www.nexoinformativo.mx\/index.php\/2024\/12\/09\/catem-celebra-aumento-al-salario-minimo-un-paso-hacia-el-bienestar-de-las-familias-mexicanas\/"},"author":{"name":"Nexo Informativo","@id":"https:\/\/www.nexoinformativo.mx\/#\/schema\/person\/7749d380ba08c8ca00d7bc76fd907b7d"},"headline":"CATEM celebra aumento al salario m\u00ednimo: Un paso hacia el bienestar de las familias mexicanas","datePublished":"2024-12-09T13:30:16+00:00","dateModified":"2024-12-09T15:24:19+00:00","mainEntityOfPage":{"@id":"https:\/\/www.nexoinformativo.mx\/index.php\/2024\/12\/09\/catem-celebra-aumento-al-salario-minimo-un-paso-hacia-el-bienestar-de-las-familias-mexicanas\/"},"wordCount":295,"commentCount":0,"publisher":{"@id":"https:\/\/www.nexoinformativo.mx\/#organization"},"image":{"@id":"https:\/\/www.nexoinformativo.mx\/index.php\/2024\/12\/09\/catem-celebra-aumento-al-salario-minimo-un-paso-hacia-el-bienestar-de-las-familias-mexicanas\/#primaryimage"},"thumbnailUrl":"https:\/\/www.nexoinformativo.mx\/wp-content\/uploads\/2024\/12\/PHOTO-2024-12-09-08-34-30-e1733757695815.jpg","keywords":["AumentoSalarioM\u00ednimo","BienestarTrabajadores","CATEM","DesarrolloEcon\u00f3mico"],"articleSection":["Estado","\u00daltima Hora"],"inLanguage":"es","potentialAction":[{"@type":"CommentAction","name":"Comment","target":["https:\/\/www.nexoinformativo.mx\/index.php\/2024\/12\/09\/catem-celebra-aumento-al-salario-minimo-un-paso-hacia-el-bienestar-de-las-familias-mexicanas\/#respond"]}]},{"@type":"WebPage","@id":"https:\/\/www.nexoinformativo.mx\/index.php\/2024\/12\/09\/catem-celebra-aumento-al-salario-minimo-un-paso-hacia-el-bienestar-de-las-familias-mexicanas\/","url":"https:\/\/www.nexoinformativo.mx\/index.php\/2024\/12\/09\/catem-celebra-aumento-al-salario-minimo-un-paso-hacia-el-bienestar-de-las-familias-mexicanas\/","name":"CATEM celebra aumento al salario m\u00ednimo: Un paso hacia el bienestar de las familias mexicanas | Nexo Informativo Santiago de Quer\u00e9taro","isPartOf":{"@id":"https:\/\/www.nexoinformativo.mx\/#website"},"primaryImageOfPage":{"@id":"https:\/\/www.nexoinformativo.mx\/index.php\/2024\/12\/09\/catem-celebra-aumento-al-salario-minimo-un-paso-hacia-el-bienestar-de-las-familias-mexicanas\/#primaryimage"},"image":{"@id":"https:\/\/www.nexoinformativo.mx\/index.php\/2024\/12\/09\/catem-celebra-aumento-al-salario-minimo-un-paso-hacia-el-bienestar-de-las-familias-mexicanas\/#primaryimage"},"thumbnailUrl":"https:\/\/www.nexoinformativo.mx\/wp-content\/uploads\/2024\/12\/PHOTO-2024-12-09-08-34-30-e1733757695815.jpg","datePublished":"2024-12-09T13:30:16+00:00","dateModified":"2024-12-09T15:24:19+00:00","description":"CATEM celebra aumento al salario m\u00ednimo: Un paso hacia el bienestar de las familias mexicanas","breadcrumb":{"@id":"https:\/\/www.nexoinformativo.mx\/index.php\/2024\/12\/09\/catem-celebra-aumento-al-salario-minimo-un-paso-hacia-el-bienestar-de-las-familias-mexicanas\/#breadcrumb"},"inLanguage":"es","potentialAction":[{"@type":"ReadAction","target":["https:\/\/www.nexoinformativo.mx\/index.php\/2024\/12\/09\/catem-celebra-aumento-al-salario-minimo-un-paso-hacia-el-bienestar-de-las-familias-mexicanas\/"]}]},{"@type":"ImageObject","inLanguage":"es","@id":"https:\/\/www.nexoinformativo.mx\/index.php\/2024\/12\/09\/catem-celebra-aumento-al-salario-minimo-un-paso-hacia-el-bienestar-de-las-familias-mexicanas\/#primaryimage","url":"https:\/\/www.nexoinformativo.mx\/wp-content\/uploads\/2024\/12\/PHOTO-2024-12-09-08-34-30-e1733757695815.jpg","contentUrl":"https:\/\/www.nexoinformativo.mx\/wp-content\/uploads\/2024\/12\/PHOTO-2024-12-09-08-34-30-e1733757695815.jpg","width":800,"height":444},{"@type":"BreadcrumbList","@id":"https:\/\/www.nexoinformativo.mx\/index.php\/2024\/12\/09\/catem-celebra-aumento-al-salario-minimo-un-paso-hacia-el-bienestar-de-las-familias-mexicanas\/#breadcrumb","itemListElement":[{"@type":"ListItem","position":1,"name":"Inicio","item":"https:\/\/www.nexoinformativo.mx\/"},{"@type":"ListItem","position":2,"name":"CATEM celebra aumento al salario m\u00ednimo: Un paso hacia el bienestar de las familias mexicanas"}]},{"@type":"WebSite","@id":"https:\/\/www.nexoinformativo.mx\/#website","url":"https:\/\/www.nexoinformativo.mx\/","name":"Nexo Informativo Santiago de Quer\u00e9taro","description":"Explora NexoInformativo y convi\u00e9rtete en parte de una comunidad que valora el conocimiento y la verdad. Tu nexoinformativo es tu puente hacia una comprensi\u00f3n m\u00e1s profunda del mundo que te rodea.","publisher":{"@id":"https:\/\/www.nexoinformativo.mx\/#organization"},"potentialAction":[{"@type":"SearchAction","target":{"@type":"EntryPoint","urlTemplate":"https:\/\/www.nexoinformativo.mx\/?s={search_term_string}"},"query-input":{"@type":"PropertyValueSpecification","valueRequired":true,"valueName":"search_term_string"}}],"inLanguage":"es"},{"@type":"Organization","@id":"https:\/\/www.nexoinformativo.mx\/#organization","name":"Nexo Informativo Santiago de Quer\u00e9taro","url":"https:\/\/www.nexoinformativo.mx\/","logo":{"@type":"ImageObject","inLanguage":"es","@id":"https:\/\/www.nexoinformativo.mx\/#\/schema\/logo\/image\/","url":"https:\/\/www.nexoinformativo.mx\/wp-content\/uploads\/2024\/07\/nexoi-trasparente-2.png","contentUrl":"https:\/\/www.nexoinformativo.mx\/wp-content\/uploads\/2024\/07\/nexoi-trasparente-2.png","width":816,"height":339,"caption":"Nexo Informativo Santiago de Quer\u00e9taro"},"image":{"@id":"https:\/\/www.nexoinformativo.mx\/#\/schema\/logo\/image\/"},"sameAs":["https:\/\/www.facebook.com\/people\/Nexo-Informativo\/61564066885511\/"]},{"@type":"Person","@id":"https:\/\/www.nexoinformativo.mx\/#\/schema\/person\/7749d380ba08c8ca00d7bc76fd907b7d","name":"Nexo Informativo","image":{"@type":"ImageObject","inLanguage":"es","@id":"https:\/\/www.nexoinformativo.mx\/#\/schema\/person\/image\/","url":"https:\/\/secure.gravatar.com\/avatar\/dde2928154642a13d95f87ddf1ea9718fe2b46760a005c53e41ff5ad610704e6?s=96&d=mm&r=g","contentUrl":"https:\/\/secure.gravatar.com\/avatar\/dde2928154642a13d95f87ddf1ea9718fe2b46760a005c53e41ff5ad610704e6?s=96&d=mm&r=g","caption":"Nexo Informativo"},"url":"https:\/\/www.nexoinformativo.mx\/index.php\/author\/edicion\/"}]}},"_links":{"self":[{"href":"https:\/\/www.nexoinformativo.mx\/index.php\/wp-json\/wp\/v2\/posts\/7744","targetHints":{"allow":["GET"]}}],"collection":[{"href":"https:\/\/www.nexoinformativo.mx\/index.php\/wp-json\/wp\/v2\/posts"}],"about":[{"href":"https:\/\/www.nexoinformativo.mx\/index.php\/wp-json\/wp\/v2\/types\/post"}],"author":[{"embeddable":true,"href":"https:\/\/www.nexoinformativo.mx\/index.php\/wp-json\/wp\/v2\/users\/3"}],"replies":[{"embeddable":true,"href":"https:\/\/www.nexoinformativo.mx\/index.php\/wp-json\/wp\/v2\/comments?post=7744"}],"version-history":[{"count":4,"href":"https:\/\/www.nexoinformativo.mx\/index.php\/wp-json\/wp\/v2\/posts\/7744\/revisions"}],"predecessor-version":[{"id":7749,"href":"https:\/\/www.nexoinformativo.mx\/index.php\/wp-json\/wp\/v2\/posts\/7744\/revisions\/7749"}],"wp:featuredmedia":[{"embeddable":true,"href":"https:\/\/www.nexoinformativo.mx\/index.php\/wp-json\/wp\/v2\/media\/7745"}],"wp:attachment":[{"href":"https:\/\/www.nexoinformativo.mx\/index.php\/wp-json\/wp\/v2\/media?parent=7744"}],"wp:term":[{"taxonomy":"category","embeddable":true,"href":"https:\/\/www.nexoinformativo.mx\/index.php\/wp-json\/wp\/v2\/categories?post=7744"},{"taxonomy":"post_tag","embeddable":true,"href":"https:\/\/www.nexoinformativo.mx\/index.php\/wp-json\/wp\/v2\/tags?post=7744"}],"curies":[{"name":"wp","href":"https:\/\/api.w.org\/{rel}","templated":true}]}}