{"id":7750,"date":"2024-12-09T08:00:31","date_gmt":"2024-12-09T14:00:31","guid":{"rendered":"https:\/\/www.nexoinformativo.mx\/?p=7750"},"modified":"2024-12-09T09:29:38","modified_gmt":"2024-12-09T15:29:38","slug":"feliz-navidad-corregidora-encienden-el-arbol-y-celebran-en-familia","status":"publish","type":"post","link":"https:\/\/www.nexoinformativo.mx\/index.php\/2024\/12\/09\/feliz-navidad-corregidora-encienden-el-arbol-y-celebran-en-familia\/","title":{"rendered":"\u00a1Feliz Navidad, Corregidora! Encienden el \u00e1rbol y celebran en familia"},"content":{"rendered":"<p style=\"text-align: justify;\" data-sourcepos=\"11:1-11:282\">El esp\u00edritu navide\u00f1o lleg\u00f3 a Corregidora con el tradicional encendido del \u00e1rbol de Navidad en el Jard\u00edn Principal de El Pueblito. En representaci\u00f3n del presidente municipal, Chepe Guerrero, el s\u00edndico Juan Carlos Ram\u00edrez Loarca encabez\u00f3 este evento que reuni\u00f3 a cientos de familias.<\/p>\n<p>&nbsp;<\/p>\n<p style=\"text-align: justify;\" data-sourcepos=\"13:1-13:266\">Con un espect\u00e1culo de luces y l\u00e1ser que ilumin\u00f3 el cielo, el encendido del \u00e1rbol se convirti\u00f3 en un momento m\u00e1gico para los asistentes. Adem\u00e1s, se present\u00f3 un nacimiento viviente como una forma de promover el cuidado de los animales y fomentar los valores navide\u00f1os.<\/p>\n<p>&nbsp;<\/p>\n<p style=\"text-align: justify;\" data-sourcepos=\"15:1-15:245\">&#8220;Deseo a todas las familias corregidorenses una Feliz Navidad y un Prospero A\u00f1o Nuevo&#8221;, expres\u00f3 el s\u00edndico Juan Carlos Ram\u00edrez. &#8220;Este evento es una oportunidad para celebrar juntos y fortalecer nuestros lazos como comunidad&#8221;.<\/p>\n<p>&nbsp;<\/p>\n<p style=\"text-align: justify;\" data-sourcepos=\"17:1-17:335\">Durante la celebraci\u00f3n, estuvieron presentes diversas autoridades municipales, entre ellas el titular de la Secretar\u00eda de Servicios P\u00fablicos Municipales, Carlos Jim\u00e9nez, y la secretaria municipal de Cultura, Schoenstatt Cabrera. Tambi\u00e9n se cont\u00f3 con la participaci\u00f3n del p\u00e1rroco de la Iglesia de San Francisco Galileo, Jaime Guti\u00e9rrez.<\/p>\n<p>&nbsp;<\/p>\n<p style=\"text-align: justify;\" data-sourcepos=\"19:1-19:163\">La iluminaci\u00f3n navide\u00f1a se extender\u00e1 a otras plazas y avenidas del municipio en los pr\u00f3ximos d\u00edas, invitando a los ciudadanos a disfrutar de este ambiente festivo.<\/p>\n<p>&nbsp;<\/p>\n<p style=\"text-align: center;\" data-sourcepos=\"19:1-19:163\"><em><strong>\u00a1Informaci\u00f3n que transforma!<\/strong><\/em><\/p>\n","protected":false},"excerpt":{"rendered":"<p>El esp\u00edritu navide\u00f1o lleg\u00f3 a Corregidora con el tradicional encendido del \u00e1rbol de Navidad en el Jard\u00edn Principal de El Pueblito.<\/p>\n","protected":false},"author":3,"featured_media":7751,"comment_status":"open","ping_status":"open","sticky":false,"template":"","format":"standard","meta":{"footnotes":""},"categories":[65,58],"tags":[2566,2565,2556,2564],"class_list":["post-7750","post","type-post","status-publish","format-standard","has-post-thumbnail","hentry","category-municipios","category-ultima-hora","tag-corregidorailumina","tag-elpueblito","tag-encendidodelarbol","tag-navidadencorregidora"],"yoast_head":"<!-- This site is optimized with the Yoast SEO plugin v25.0 - https:\/\/yoast.com\/wordpress\/plugins\/seo\/ -->\n<title>\u00a1Feliz Navidad, Corregidora! Encienden el \u00e1rbol y celebran en familia | Nexo Informativo Santiago de Quer\u00e9taro<\/title>\n<meta name=\"description\" content=\"\u00a1Feliz Navidad, Corregidora! Encienden el \u00e1rbol y celebran en familia\" \/>\n<meta name=\"robots\" content=\"index, follow, max-snippet:-1, max-image-preview:large, max-video-preview:-1\" \/>\n<link rel=\"canonical\" href=\"https:\/\/www.nexoinformativo.mx\/index.php\/2024\/12\/09\/feliz-navidad-corregidora-encienden-el-arbol-y-celebran-en-familia\/\" \/>\n<meta property=\"og:locale\" content=\"es_MX\" \/>\n<meta property=\"og:type\" content=\"article\" \/>\n<meta property=\"og:title\" content=\"\u00a1Feliz Navidad, Corregidora! Encienden el \u00e1rbol y celebran en familia | Nexo Informativo Santiago de Quer\u00e9taro\" \/>\n<meta property=\"og:description\" content=\"\u00a1Feliz Navidad, Corregidora! Encienden el \u00e1rbol y celebran en familia\" \/>\n<meta property=\"og:url\" content=\"https:\/\/www.nexoinformativo.mx\/index.php\/2024\/12\/09\/feliz-navidad-corregidora-encienden-el-arbol-y-celebran-en-familia\/\" \/>\n<meta property=\"og:site_name\" content=\"Nexo Informativo Santiago de Quer\u00e9taro\" \/>\n<meta property=\"article:publisher\" content=\"https:\/\/www.facebook.com\/people\/Nexo-Informativo\/61564066885511\/\" \/>\n<meta property=\"article:published_time\" content=\"2024-12-09T14:00:31+00:00\" \/>\n<meta property=\"article:modified_time\" content=\"2024-12-09T15:29:38+00:00\" \/>\n<meta property=\"og:image\" content=\"https:\/\/www.nexoinformativo.mx\/wp-content\/uploads\/2024\/12\/PHOTO-2024-12-09-08-35-54-e1733758079359.jpg\" \/>\n\t<meta property=\"og:image:width\" content=\"800\" \/>\n\t<meta property=\"og:image:height\" content=\"533\" \/>\n\t<meta property=\"og:image:type\" content=\"image\/jpeg\" \/>\n<meta name=\"author\" content=\"Nexo Informativo\" \/>\n<meta name=\"twitter:card\" content=\"summary_large_image\" \/>\n<meta name=\"twitter:label1\" content=\"Escrito por\" \/>\n\t<meta name=\"twitter:data1\" content=\"Nexo Informativo\" \/>\n\t<meta name=\"twitter:label2\" content=\"Tiempo de lectura\" \/>\n\t<meta name=\"twitter:data2\" content=\"2 minutos\" \/>\n<script type=\"application\/ld+json\" class=\"yoast-schema-graph\">{\"@context\":\"https:\/\/schema.org\",\"@graph\":[{\"@type\":\"Article\",\"@id\":\"https:\/\/www.nexoinformativo.mx\/index.php\/2024\/12\/09\/feliz-navidad-corregidora-encienden-el-arbol-y-celebran-en-familia\/#article\",\"isPartOf\":{\"@id\":\"https:\/\/www.nexoinformativo.mx\/index.php\/2024\/12\/09\/feliz-navidad-corregidora-encienden-el-arbol-y-celebran-en-familia\/\"},\"author\":{\"name\":\"Nexo Informativo\",\"@id\":\"https:\/\/www.nexoinformativo.mx\/#\/schema\/person\/7749d380ba08c8ca00d7bc76fd907b7d\"},\"headline\":\"\u00a1Feliz Navidad, Corregidora! Encienden el \u00e1rbol y celebran en familia\",\"datePublished\":\"2024-12-09T14:00:31+00:00\",\"dateModified\":\"2024-12-09T15:29:38+00:00\",\"mainEntityOfPage\":{\"@id\":\"https:\/\/www.nexoinformativo.mx\/index.php\/2024\/12\/09\/feliz-navidad-corregidora-encienden-el-arbol-y-celebran-en-familia\/\"},\"wordCount\":239,\"commentCount\":0,\"publisher\":{\"@id\":\"https:\/\/www.nexoinformativo.mx\/#organization\"},\"image\":{\"@id\":\"https:\/\/www.nexoinformativo.mx\/index.php\/2024\/12\/09\/feliz-navidad-corregidora-encienden-el-arbol-y-celebran-en-familia\/#primaryimage\"},\"thumbnailUrl\":\"https:\/\/www.nexoinformativo.mx\/wp-content\/uploads\/2024\/12\/PHOTO-2024-12-09-08-35-54-e1733758079359.jpg\",\"keywords\":[\"CorregidoraIlumina\",\"ElPueblito\",\"EncendidoDelArbol\",\"NavidadEnCorregidora\"],\"articleSection\":[\"Municipios\",\"\u00daltima Hora\"],\"inLanguage\":\"es\",\"potentialAction\":[{\"@type\":\"CommentAction\",\"name\":\"Comment\",\"target\":[\"https:\/\/www.nexoinformativo.mx\/index.php\/2024\/12\/09\/feliz-navidad-corregidora-encienden-el-arbol-y-celebran-en-familia\/#respond\"]}]},{\"@type\":\"WebPage\",\"@id\":\"https:\/\/www.nexoinformativo.mx\/index.php\/2024\/12\/09\/feliz-navidad-corregidora-encienden-el-arbol-y-celebran-en-familia\/\",\"url\":\"https:\/\/www.nexoinformativo.mx\/index.php\/2024\/12\/09\/feliz-navidad-corregidora-encienden-el-arbol-y-celebran-en-familia\/\",\"name\":\"\u00a1Feliz Navidad, Corregidora! Encienden el \u00e1rbol y celebran en familia | Nexo Informativo Santiago de Quer\u00e9taro\",\"isPartOf\":{\"@id\":\"https:\/\/www.nexoinformativo.mx\/#website\"},\"primaryImageOfPage\":{\"@id\":\"https:\/\/www.nexoinformativo.mx\/index.php\/2024\/12\/09\/feliz-navidad-corregidora-encienden-el-arbol-y-celebran-en-familia\/#primaryimage\"},\"image\":{\"@id\":\"https:\/\/www.nexoinformativo.mx\/index.php\/2024\/12\/09\/feliz-navidad-corregidora-encienden-el-arbol-y-celebran-en-familia\/#primaryimage\"},\"thumbnailUrl\":\"https:\/\/www.nexoinformativo.mx\/wp-content\/uploads\/2024\/12\/PHOTO-2024-12-09-08-35-54-e1733758079359.jpg\",\"datePublished\":\"2024-12-09T14:00:31+00:00\",\"dateModified\":\"2024-12-09T15:29:38+00:00\",\"description\":\"\u00a1Feliz Navidad, Corregidora! Encienden el \u00e1rbol y celebran en familia\",\"breadcrumb\":{\"@id\":\"https:\/\/www.nexoinformativo.mx\/index.php\/2024\/12\/09\/feliz-navidad-corregidora-encienden-el-arbol-y-celebran-en-familia\/#breadcrumb\"},\"inLanguage\":\"es\",\"potentialAction\":[{\"@type\":\"ReadAction\",\"target\":[\"https:\/\/www.nexoinformativo.mx\/index.php\/2024\/12\/09\/feliz-navidad-corregidora-encienden-el-arbol-y-celebran-en-familia\/\"]}]},{\"@type\":\"ImageObject\",\"inLanguage\":\"es\",\"@id\":\"https:\/\/www.nexoinformativo.mx\/index.php\/2024\/12\/09\/feliz-navidad-corregidora-encienden-el-arbol-y-celebran-en-familia\/#primaryimage\",\"url\":\"https:\/\/www.nexoinformativo.mx\/wp-content\/uploads\/2024\/12\/PHOTO-2024-12-09-08-35-54-e1733758079359.jpg\",\"contentUrl\":\"https:\/\/www.nexoinformativo.mx\/wp-content\/uploads\/2024\/12\/PHOTO-2024-12-09-08-35-54-e1733758079359.jpg\",\"width\":800,\"height\":533},{\"@type\":\"BreadcrumbList\",\"@id\":\"https:\/\/www.nexoinformativo.mx\/index.php\/2024\/12\/09\/feliz-navidad-corregidora-encienden-el-arbol-y-celebran-en-familia\/#breadcrumb\",\"itemListElement\":[{\"@type\":\"ListItem\",\"position\":1,\"name\":\"Inicio\",\"item\":\"https:\/\/www.nexoinformativo.mx\/\"},{\"@type\":\"ListItem\",\"position\":2,\"name\":\"\u00a1Feliz Navidad, Corregidora! Encienden el \u00e1rbol y celebran en familia\"}]},{\"@type\":\"WebSite\",\"@id\":\"https:\/\/www.nexoinformativo.mx\/#website\",\"url\":\"https:\/\/www.nexoinformativo.mx\/\",\"name\":\"Nexo Informativo Santiago de Quer\u00e9taro\",\"description\":\"Explora NexoInformativo y convi\u00e9rtete en parte de una comunidad que valora el conocimiento y la verdad. Tu nexoinformativo es tu puente hacia una comprensi\u00f3n m\u00e1s profunda del mundo que te rodea.\",\"publisher\":{\"@id\":\"https:\/\/www.nexoinformativo.mx\/#organization\"},\"potentialAction\":[{\"@type\":\"SearchAction\",\"target\":{\"@type\":\"EntryPoint\",\"urlTemplate\":\"https:\/\/www.nexoinformativo.mx\/?s={search_term_string}\"},\"query-input\":{\"@type\":\"PropertyValueSpecification\",\"valueRequired\":true,\"valueName\":\"search_term_string\"}}],\"inLanguage\":\"es\"},{\"@type\":\"Organization\",\"@id\":\"https:\/\/www.nexoinformativo.mx\/#organization\",\"name\":\"Nexo Informativo Santiago de Quer\u00e9taro\",\"url\":\"https:\/\/www.nexoinformativo.mx\/\",\"logo\":{\"@type\":\"ImageObject\",\"inLanguage\":\"es\",\"@id\":\"https:\/\/www.nexoinformativo.mx\/#\/schema\/logo\/image\/\",\"url\":\"https:\/\/www.nexoinformativo.mx\/wp-content\/uploads\/2024\/07\/nexoi-trasparente-2.png\",\"contentUrl\":\"https:\/\/www.nexoinformativo.mx\/wp-content\/uploads\/2024\/07\/nexoi-trasparente-2.png\",\"width\":816,\"height\":339,\"caption\":\"Nexo Informativo Santiago de Quer\u00e9taro\"},\"image\":{\"@id\":\"https:\/\/www.nexoinformativo.mx\/#\/schema\/logo\/image\/\"},\"sameAs\":[\"https:\/\/www.facebook.com\/people\/Nexo-Informativo\/61564066885511\/\"]},{\"@type\":\"Person\",\"@id\":\"https:\/\/www.nexoinformativo.mx\/#\/schema\/person\/7749d380ba08c8ca00d7bc76fd907b7d\",\"name\":\"Nexo Informativo\",\"image\":{\"@type\":\"ImageObject\",\"inLanguage\":\"es\",\"@id\":\"https:\/\/www.nexoinformativo.mx\/#\/schema\/person\/image\/\",\"url\":\"https:\/\/secure.gravatar.com\/avatar\/dde2928154642a13d95f87ddf1ea9718fe2b46760a005c53e41ff5ad610704e6?s=96&d=mm&r=g\",\"contentUrl\":\"https:\/\/secure.gravatar.com\/avatar\/dde2928154642a13d95f87ddf1ea9718fe2b46760a005c53e41ff5ad610704e6?s=96&d=mm&r=g\",\"caption\":\"Nexo Informativo\"},\"url\":\"https:\/\/www.nexoinformativo.mx\/index.php\/author\/edicion\/\"}]}<\/script>\n<!-- \/ Yoast SEO plugin. -->","yoast_head_json":{"title":"\u00a1Feliz Navidad, Corregidora! Encienden el \u00e1rbol y celebran en familia | Nexo Informativo Santiago de Quer\u00e9taro","description":"\u00a1Feliz Navidad, Corregidora! Encienden el \u00e1rbol y celebran en familia","robots":{"index":"index","follow":"follow","max-snippet":"max-snippet:-1","max-image-preview":"max-image-preview:large","max-video-preview":"max-video-preview:-1"},"canonical":"https:\/\/www.nexoinformativo.mx\/index.php\/2024\/12\/09\/feliz-navidad-corregidora-encienden-el-arbol-y-celebran-en-familia\/","og_locale":"es_MX","og_type":"article","og_title":"\u00a1Feliz Navidad, Corregidora! Encienden el \u00e1rbol y celebran en familia | Nexo Informativo Santiago de Quer\u00e9taro","og_description":"\u00a1Feliz Navidad, Corregidora! Encienden el \u00e1rbol y celebran en familia","og_url":"https:\/\/www.nexoinformativo.mx\/index.php\/2024\/12\/09\/feliz-navidad-corregidora-encienden-el-arbol-y-celebran-en-familia\/","og_site_name":"Nexo Informativo Santiago de Quer\u00e9taro","article_publisher":"https:\/\/www.facebook.com\/people\/Nexo-Informativo\/61564066885511\/","article_published_time":"2024-12-09T14:00:31+00:00","article_modified_time":"2024-12-09T15:29:38+00:00","og_image":[{"width":800,"height":533,"url":"https:\/\/www.nexoinformativo.mx\/wp-content\/uploads\/2024\/12\/PHOTO-2024-12-09-08-35-54-e1733758079359.jpg","type":"image\/jpeg"}],"author":"Nexo Informativo","twitter_card":"summary_large_image","twitter_misc":{"Escrito por":"Nexo Informativo","Tiempo de lectura":"2 minutos"},"schema":{"@context":"https:\/\/schema.org","@graph":[{"@type":"Article","@id":"https:\/\/www.nexoinformativo.mx\/index.php\/2024\/12\/09\/feliz-navidad-corregidora-encienden-el-arbol-y-celebran-en-familia\/#article","isPartOf":{"@id":"https:\/\/www.nexoinformativo.mx\/index.php\/2024\/12\/09\/feliz-navidad-corregidora-encienden-el-arbol-y-celebran-en-familia\/"},"author":{"name":"Nexo Informativo","@id":"https:\/\/www.nexoinformativo.mx\/#\/schema\/person\/7749d380ba08c8ca00d7bc76fd907b7d"},"headline":"\u00a1Feliz Navidad, Corregidora! Encienden el \u00e1rbol y celebran en familia","datePublished":"2024-12-09T14:00:31+00:00","dateModified":"2024-12-09T15:29:38+00:00","mainEntityOfPage":{"@id":"https:\/\/www.nexoinformativo.mx\/index.php\/2024\/12\/09\/feliz-navidad-corregidora-encienden-el-arbol-y-celebran-en-familia\/"},"wordCount":239,"commentCount":0,"publisher":{"@id":"https:\/\/www.nexoinformativo.mx\/#organization"},"image":{"@id":"https:\/\/www.nexoinformativo.mx\/index.php\/2024\/12\/09\/feliz-navidad-corregidora-encienden-el-arbol-y-celebran-en-familia\/#primaryimage"},"thumbnailUrl":"https:\/\/www.nexoinformativo.mx\/wp-content\/uploads\/2024\/12\/PHOTO-2024-12-09-08-35-54-e1733758079359.jpg","keywords":["CorregidoraIlumina","ElPueblito","EncendidoDelArbol","NavidadEnCorregidora"],"articleSection":["Municipios","\u00daltima Hora"],"inLanguage":"es","potentialAction":[{"@type":"CommentAction","name":"Comment","target":["https:\/\/www.nexoinformativo.mx\/index.php\/2024\/12\/09\/feliz-navidad-corregidora-encienden-el-arbol-y-celebran-en-familia\/#respond"]}]},{"@type":"WebPage","@id":"https:\/\/www.nexoinformativo.mx\/index.php\/2024\/12\/09\/feliz-navidad-corregidora-encienden-el-arbol-y-celebran-en-familia\/","url":"https:\/\/www.nexoinformativo.mx\/index.php\/2024\/12\/09\/feliz-navidad-corregidora-encienden-el-arbol-y-celebran-en-familia\/","name":"\u00a1Feliz Navidad, Corregidora! Encienden el \u00e1rbol y celebran en familia | Nexo Informativo Santiago de Quer\u00e9taro","isPartOf":{"@id":"https:\/\/www.nexoinformativo.mx\/#website"},"primaryImageOfPage":{"@id":"https:\/\/www.nexoinformativo.mx\/index.php\/2024\/12\/09\/feliz-navidad-corregidora-encienden-el-arbol-y-celebran-en-familia\/#primaryimage"},"image":{"@id":"https:\/\/www.nexoinformativo.mx\/index.php\/2024\/12\/09\/feliz-navidad-corregidora-encienden-el-arbol-y-celebran-en-familia\/#primaryimage"},"thumbnailUrl":"https:\/\/www.nexoinformativo.mx\/wp-content\/uploads\/2024\/12\/PHOTO-2024-12-09-08-35-54-e1733758079359.jpg","datePublished":"2024-12-09T14:00:31+00:00","dateModified":"2024-12-09T15:29:38+00:00","description":"\u00a1Feliz Navidad, Corregidora! Encienden el \u00e1rbol y celebran en familia","breadcrumb":{"@id":"https:\/\/www.nexoinformativo.mx\/index.php\/2024\/12\/09\/feliz-navidad-corregidora-encienden-el-arbol-y-celebran-en-familia\/#breadcrumb"},"inLanguage":"es","potentialAction":[{"@type":"ReadAction","target":["https:\/\/www.nexoinformativo.mx\/index.php\/2024\/12\/09\/feliz-navidad-corregidora-encienden-el-arbol-y-celebran-en-familia\/"]}]},{"@type":"ImageObject","inLanguage":"es","@id":"https:\/\/www.nexoinformativo.mx\/index.php\/2024\/12\/09\/feliz-navidad-corregidora-encienden-el-arbol-y-celebran-en-familia\/#primaryimage","url":"https:\/\/www.nexoinformativo.mx\/wp-content\/uploads\/2024\/12\/PHOTO-2024-12-09-08-35-54-e1733758079359.jpg","contentUrl":"https:\/\/www.nexoinformativo.mx\/wp-content\/uploads\/2024\/12\/PHOTO-2024-12-09-08-35-54-e1733758079359.jpg","width":800,"height":533},{"@type":"BreadcrumbList","@id":"https:\/\/www.nexoinformativo.mx\/index.php\/2024\/12\/09\/feliz-navidad-corregidora-encienden-el-arbol-y-celebran-en-familia\/#breadcrumb","itemListElement":[{"@type":"ListItem","position":1,"name":"Inicio","item":"https:\/\/www.nexoinformativo.mx\/"},{"@type":"ListItem","position":2,"name":"\u00a1Feliz Navidad, Corregidora! Encienden el \u00e1rbol y celebran en familia"}]},{"@type":"WebSite","@id":"https:\/\/www.nexoinformativo.mx\/#website","url":"https:\/\/www.nexoinformativo.mx\/","name":"Nexo Informativo Santiago de Quer\u00e9taro","description":"Explora NexoInformativo y convi\u00e9rtete en parte de una comunidad que valora el conocimiento y la verdad. Tu nexoinformativo es tu puente hacia una comprensi\u00f3n m\u00e1s profunda del mundo que te rodea.","publisher":{"@id":"https:\/\/www.nexoinformativo.mx\/#organization"},"potentialAction":[{"@type":"SearchAction","target":{"@type":"EntryPoint","urlTemplate":"https:\/\/www.nexoinformativo.mx\/?s={search_term_string}"},"query-input":{"@type":"PropertyValueSpecification","valueRequired":true,"valueName":"search_term_string"}}],"inLanguage":"es"},{"@type":"Organization","@id":"https:\/\/www.nexoinformativo.mx\/#organization","name":"Nexo Informativo Santiago de Quer\u00e9taro","url":"https:\/\/www.nexoinformativo.mx\/","logo":{"@type":"ImageObject","inLanguage":"es","@id":"https:\/\/www.nexoinformativo.mx\/#\/schema\/logo\/image\/","url":"https:\/\/www.nexoinformativo.mx\/wp-content\/uploads\/2024\/07\/nexoi-trasparente-2.png","contentUrl":"https:\/\/www.nexoinformativo.mx\/wp-content\/uploads\/2024\/07\/nexoi-trasparente-2.png","width":816,"height":339,"caption":"Nexo Informativo Santiago de Quer\u00e9taro"},"image":{"@id":"https:\/\/www.nexoinformativo.mx\/#\/schema\/logo\/image\/"},"sameAs":["https:\/\/www.facebook.com\/people\/Nexo-Informativo\/61564066885511\/"]},{"@type":"Person","@id":"https:\/\/www.nexoinformativo.mx\/#\/schema\/person\/7749d380ba08c8ca00d7bc76fd907b7d","name":"Nexo Informativo","image":{"@type":"ImageObject","inLanguage":"es","@id":"https:\/\/www.nexoinformativo.mx\/#\/schema\/person\/image\/","url":"https:\/\/secure.gravatar.com\/avatar\/dde2928154642a13d95f87ddf1ea9718fe2b46760a005c53e41ff5ad610704e6?s=96&d=mm&r=g","contentUrl":"https:\/\/secure.gravatar.com\/avatar\/dde2928154642a13d95f87ddf1ea9718fe2b46760a005c53e41ff5ad610704e6?s=96&d=mm&r=g","caption":"Nexo Informativo"},"url":"https:\/\/www.nexoinformativo.mx\/index.php\/author\/edicion\/"}]}},"_links":{"self":[{"href":"https:\/\/www.nexoinformativo.mx\/index.php\/wp-json\/wp\/v2\/posts\/7750","targetHints":{"allow":["GET"]}}],"collection":[{"href":"https:\/\/www.nexoinformativo.mx\/index.php\/wp-json\/wp\/v2\/posts"}],"about":[{"href":"https:\/\/www.nexoinformativo.mx\/index.php\/wp-json\/wp\/v2\/types\/post"}],"author":[{"embeddable":true,"href":"https:\/\/www.nexoinformativo.mx\/index.php\/wp-json\/wp\/v2\/users\/3"}],"replies":[{"embeddable":true,"href":"https:\/\/www.nexoinformativo.mx\/index.php\/wp-json\/wp\/v2\/comments?post=7750"}],"version-history":[{"count":3,"href":"https:\/\/www.nexoinformativo.mx\/index.php\/wp-json\/wp\/v2\/posts\/7750\/revisions"}],"predecessor-version":[{"id":7754,"href":"https:\/\/www.nexoinformativo.mx\/index.php\/wp-json\/wp\/v2\/posts\/7750\/revisions\/7754"}],"wp:featuredmedia":[{"embeddable":true,"href":"https:\/\/www.nexoinformativo.mx\/index.php\/wp-json\/wp\/v2\/media\/7751"}],"wp:attachment":[{"href":"https:\/\/www.nexoinformativo.mx\/index.php\/wp-json\/wp\/v2\/media?parent=7750"}],"wp:term":[{"taxonomy":"category","embeddable":true,"href":"https:\/\/www.nexoinformativo.mx\/index.php\/wp-json\/wp\/v2\/categories?post=7750"},{"taxonomy":"post_tag","embeddable":true,"href":"https:\/\/www.nexoinformativo.mx\/index.php\/wp-json\/wp\/v2\/tags?post=7750"}],"curies":[{"name":"wp","href":"https:\/\/api.w.org\/{rel}","templated":true}]}}