{"id":7761,"date":"2024-12-09T09:00:11","date_gmt":"2024-12-09T15:00:11","guid":{"rendered":"https:\/\/www.nexoinformativo.mx\/?p=7761"},"modified":"2024-12-09T12:11:15","modified_gmt":"2024-12-09T18:11:15","slug":"canciller-de-la-fuente-prioriza-la-proteccion-de-mexicanos-en-el-exterior","status":"publish","type":"post","link":"https:\/\/www.nexoinformativo.mx\/index.php\/2024\/12\/09\/canciller-de-la-fuente-prioriza-la-proteccion-de-mexicanos-en-el-exterior\/","title":{"rendered":"Canciller De la Fuente prioriza la protecci\u00f3n de mexicanos en el exterior"},"content":{"rendered":"<p style=\"text-align: justify;\" data-sourcepos=\"11:1-11:355\">El canciller Juan Ram\u00f3n de la Fuente reafirm\u00f3 este jueves el compromiso del gobierno de M\u00e9xico con la protecci\u00f3n y defensa de los connacionales que residen en Estados Unidos.<\/p>\n<p>&nbsp;<\/p>\n<p style=\"text-align: justify;\" data-sourcepos=\"11:1-11:355\">Durante una reuni\u00f3n con embajadores y c\u00f3nsules mexicanos en este pa\u00eds, el funcionario destac\u00f3 que los mexicanos en el exterior son una prioridad para la pol\u00edtica exterior mexicana.<\/p>\n<p>&nbsp;<\/p>\n<p style=\"text-align: justify;\" data-sourcepos=\"13:1-13:327\">&#8220;No hay en estos momentos otra prioridad de la pol\u00edtica exterior de M\u00e9xico que nuestros connacionales&#8221;, afirm\u00f3 De la Fuente. En este sentido, instruy\u00f3 al equipo consular a brindar una atenci\u00f3n m\u00e1s r\u00e1pida y efectiva a las necesidades de los mexicanos en Estados Unidos.<\/p>\n<p>&nbsp;<\/p>\n<p style=\"text-align: justify;\" data-sourcepos=\"15:1-15:412\">Como parte de esta estrategia, el canciller solicit\u00f3 a los c\u00f3nsules visitar con mayor frecuencia los centros de detenci\u00f3n migratoria y mantener un di\u00e1logo constante con las autoridades estadounidenses para garantizar el respeto a los derechos humanos de los mexicanos detenidos.<\/p>\n<p>&nbsp;<\/p>\n<p style=\"text-align: justify;\" data-sourcepos=\"15:1-15:412\">Adem\u00e1s, hizo un llamado a fortalecer las alianzas con organizaciones civiles y comunitarias que trabajan en defensa de los migrantes.\u00a0<strong>&#8220;Hay que salir a buscarlas, hay que salir a verlos. No son tiempos de oficina, son tiempos de salir a hacer trabajo comunitario&#8221;<\/strong>, enfatiz\u00f3 De la Fuente.<\/p>\n<p>&nbsp;<\/p>\n<p style=\"text-align: justify;\" data-sourcepos=\"19:1-19:360\">La reuni\u00f3n en Nueva York cont\u00f3 con la participaci\u00f3n de destacados funcionarios mexicanos, como el embajador en Estados Unidos, Esteban Moctezuma, y el representante Permanente ante la ONU, H\u00e9ctor Vasconcelos.<\/p>\n<p>&nbsp;<\/p>\n<p style=\"text-align: justify;\" data-sourcepos=\"19:1-19:360\">El objetivo fue trazar las prioridades y responsabilidades de los consulados para generar confianza entre la comunidad mexicana y el gobierno mexicano.<\/p>\n<p>&nbsp;<\/p>\n<p style=\"text-align: center;\" data-sourcepos=\"19:1-19:360\"><em><strong>\u00a1Informaci\u00f3n que transforma!<\/strong><\/em><\/p>\n","protected":false},"excerpt":{"rendered":"<p>El canciller Juan Ram\u00f3n de la Fuente reafirm\u00f3 este jueves el compromiso del gobierno de M\u00e9xico con la protecci\u00f3n y defensa de los connacionales que residen en Estados Unidos.<\/p>\n","protected":false},"author":3,"featured_media":7762,"comment_status":"open","ping_status":"open","sticky":false,"template":"","format":"standard","meta":{"footnotes":""},"categories":[88,58],"tags":[499,2569,2571,2570],"class_list":["post-7761","post","type-post","status-publish","format-standard","has-post-thumbnail","hentry","category-nacional","category-ultima-hora","tag-derechoshumanos","tag-mexicanoseneu","tag-politicaexterior","tag-proteccionconsular"],"yoast_head":"<!-- This site is optimized with the Yoast SEO plugin v25.0 - https:\/\/yoast.com\/wordpress\/plugins\/seo\/ -->\n<title>Canciller De la Fuente prioriza la protecci\u00f3n de mexicanos en el exterior | Nexo Informativo Santiago de Quer\u00e9taro<\/title>\n<meta name=\"description\" content=\"Canciller De la Fuente prioriza la protecci\u00f3n de mexicanos en el exterior\" \/>\n<meta name=\"robots\" content=\"index, follow, max-snippet:-1, max-image-preview:large, max-video-preview:-1\" \/>\n<link rel=\"canonical\" href=\"https:\/\/www.nexoinformativo.mx\/index.php\/2024\/12\/09\/canciller-de-la-fuente-prioriza-la-proteccion-de-mexicanos-en-el-exterior\/\" \/>\n<meta property=\"og:locale\" content=\"es_MX\" \/>\n<meta property=\"og:type\" content=\"article\" \/>\n<meta property=\"og:title\" content=\"Canciller De la Fuente prioriza la protecci\u00f3n de mexicanos en el exterior | Nexo Informativo Santiago de Quer\u00e9taro\" \/>\n<meta property=\"og:description\" content=\"Canciller De la Fuente prioriza la protecci\u00f3n de mexicanos en el exterior\" \/>\n<meta property=\"og:url\" content=\"https:\/\/www.nexoinformativo.mx\/index.php\/2024\/12\/09\/canciller-de-la-fuente-prioriza-la-proteccion-de-mexicanos-en-el-exterior\/\" \/>\n<meta property=\"og:site_name\" content=\"Nexo Informativo Santiago de Quer\u00e9taro\" \/>\n<meta property=\"article:publisher\" content=\"https:\/\/www.facebook.com\/people\/Nexo-Informativo\/61564066885511\/\" \/>\n<meta property=\"article:published_time\" content=\"2024-12-09T15:00:11+00:00\" \/>\n<meta property=\"article:modified_time\" content=\"2024-12-09T18:11:15+00:00\" \/>\n<meta property=\"og:image\" content=\"https:\/\/www.nexoinformativo.mx\/wp-content\/uploads\/2024\/12\/IMG_8439-e1733767823859.jpg\" \/>\n\t<meta property=\"og:image:width\" content=\"800\" \/>\n\t<meta property=\"og:image:height\" content=\"442\" \/>\n\t<meta property=\"og:image:type\" content=\"image\/jpeg\" \/>\n<meta name=\"author\" content=\"Nexo Informativo\" \/>\n<meta name=\"twitter:card\" content=\"summary_large_image\" \/>\n<meta name=\"twitter:label1\" content=\"Escrito por\" \/>\n\t<meta name=\"twitter:data1\" content=\"Nexo Informativo\" \/>\n\t<meta name=\"twitter:label2\" content=\"Tiempo de lectura\" \/>\n\t<meta name=\"twitter:data2\" content=\"2 minutos\" \/>\n<script type=\"application\/ld+json\" class=\"yoast-schema-graph\">{\"@context\":\"https:\/\/schema.org\",\"@graph\":[{\"@type\":\"Article\",\"@id\":\"https:\/\/www.nexoinformativo.mx\/index.php\/2024\/12\/09\/canciller-de-la-fuente-prioriza-la-proteccion-de-mexicanos-en-el-exterior\/#article\",\"isPartOf\":{\"@id\":\"https:\/\/www.nexoinformativo.mx\/index.php\/2024\/12\/09\/canciller-de-la-fuente-prioriza-la-proteccion-de-mexicanos-en-el-exterior\/\"},\"author\":{\"name\":\"Nexo Informativo\",\"@id\":\"https:\/\/www.nexoinformativo.mx\/#\/schema\/person\/7749d380ba08c8ca00d7bc76fd907b7d\"},\"headline\":\"Canciller De la Fuente prioriza la protecci\u00f3n de mexicanos en el exterior\",\"datePublished\":\"2024-12-09T15:00:11+00:00\",\"dateModified\":\"2024-12-09T18:11:15+00:00\",\"mainEntityOfPage\":{\"@id\":\"https:\/\/www.nexoinformativo.mx\/index.php\/2024\/12\/09\/canciller-de-la-fuente-prioriza-la-proteccion-de-mexicanos-en-el-exterior\/\"},\"wordCount\":284,\"commentCount\":0,\"publisher\":{\"@id\":\"https:\/\/www.nexoinformativo.mx\/#organization\"},\"image\":{\"@id\":\"https:\/\/www.nexoinformativo.mx\/index.php\/2024\/12\/09\/canciller-de-la-fuente-prioriza-la-proteccion-de-mexicanos-en-el-exterior\/#primaryimage\"},\"thumbnailUrl\":\"https:\/\/www.nexoinformativo.mx\/wp-content\/uploads\/2024\/12\/IMG_8439-e1733767823859.jpg\",\"keywords\":[\"DerechosHumanos\",\"MexicanosEnEU\",\"Pol\u00edticaExterior\",\"Protecci\u00f3nConsular\"],\"articleSection\":[\"Nacional\",\"\u00daltima Hora\"],\"inLanguage\":\"es\",\"potentialAction\":[{\"@type\":\"CommentAction\",\"name\":\"Comment\",\"target\":[\"https:\/\/www.nexoinformativo.mx\/index.php\/2024\/12\/09\/canciller-de-la-fuente-prioriza-la-proteccion-de-mexicanos-en-el-exterior\/#respond\"]}]},{\"@type\":\"WebPage\",\"@id\":\"https:\/\/www.nexoinformativo.mx\/index.php\/2024\/12\/09\/canciller-de-la-fuente-prioriza-la-proteccion-de-mexicanos-en-el-exterior\/\",\"url\":\"https:\/\/www.nexoinformativo.mx\/index.php\/2024\/12\/09\/canciller-de-la-fuente-prioriza-la-proteccion-de-mexicanos-en-el-exterior\/\",\"name\":\"Canciller De la Fuente prioriza la protecci\u00f3n de mexicanos en el exterior | Nexo Informativo Santiago de Quer\u00e9taro\",\"isPartOf\":{\"@id\":\"https:\/\/www.nexoinformativo.mx\/#website\"},\"primaryImageOfPage\":{\"@id\":\"https:\/\/www.nexoinformativo.mx\/index.php\/2024\/12\/09\/canciller-de-la-fuente-prioriza-la-proteccion-de-mexicanos-en-el-exterior\/#primaryimage\"},\"image\":{\"@id\":\"https:\/\/www.nexoinformativo.mx\/index.php\/2024\/12\/09\/canciller-de-la-fuente-prioriza-la-proteccion-de-mexicanos-en-el-exterior\/#primaryimage\"},\"thumbnailUrl\":\"https:\/\/www.nexoinformativo.mx\/wp-content\/uploads\/2024\/12\/IMG_8439-e1733767823859.jpg\",\"datePublished\":\"2024-12-09T15:00:11+00:00\",\"dateModified\":\"2024-12-09T18:11:15+00:00\",\"description\":\"Canciller De la Fuente prioriza la protecci\u00f3n de mexicanos en el exterior\",\"breadcrumb\":{\"@id\":\"https:\/\/www.nexoinformativo.mx\/index.php\/2024\/12\/09\/canciller-de-la-fuente-prioriza-la-proteccion-de-mexicanos-en-el-exterior\/#breadcrumb\"},\"inLanguage\":\"es\",\"potentialAction\":[{\"@type\":\"ReadAction\",\"target\":[\"https:\/\/www.nexoinformativo.mx\/index.php\/2024\/12\/09\/canciller-de-la-fuente-prioriza-la-proteccion-de-mexicanos-en-el-exterior\/\"]}]},{\"@type\":\"ImageObject\",\"inLanguage\":\"es\",\"@id\":\"https:\/\/www.nexoinformativo.mx\/index.php\/2024\/12\/09\/canciller-de-la-fuente-prioriza-la-proteccion-de-mexicanos-en-el-exterior\/#primaryimage\",\"url\":\"https:\/\/www.nexoinformativo.mx\/wp-content\/uploads\/2024\/12\/IMG_8439-e1733767823859.jpg\",\"contentUrl\":\"https:\/\/www.nexoinformativo.mx\/wp-content\/uploads\/2024\/12\/IMG_8439-e1733767823859.jpg\",\"width\":800,\"height\":442},{\"@type\":\"BreadcrumbList\",\"@id\":\"https:\/\/www.nexoinformativo.mx\/index.php\/2024\/12\/09\/canciller-de-la-fuente-prioriza-la-proteccion-de-mexicanos-en-el-exterior\/#breadcrumb\",\"itemListElement\":[{\"@type\":\"ListItem\",\"position\":1,\"name\":\"Inicio\",\"item\":\"https:\/\/www.nexoinformativo.mx\/\"},{\"@type\":\"ListItem\",\"position\":2,\"name\":\"Canciller De la Fuente prioriza la protecci\u00f3n de mexicanos en el exterior\"}]},{\"@type\":\"WebSite\",\"@id\":\"https:\/\/www.nexoinformativo.mx\/#website\",\"url\":\"https:\/\/www.nexoinformativo.mx\/\",\"name\":\"Nexo Informativo Santiago de Quer\u00e9taro\",\"description\":\"Explora NexoInformativo y convi\u00e9rtete en parte de una comunidad que valora el conocimiento y la verdad. Tu nexoinformativo es tu puente hacia una comprensi\u00f3n m\u00e1s profunda del mundo que te rodea.\",\"publisher\":{\"@id\":\"https:\/\/www.nexoinformativo.mx\/#organization\"},\"potentialAction\":[{\"@type\":\"SearchAction\",\"target\":{\"@type\":\"EntryPoint\",\"urlTemplate\":\"https:\/\/www.nexoinformativo.mx\/?s={search_term_string}\"},\"query-input\":{\"@type\":\"PropertyValueSpecification\",\"valueRequired\":true,\"valueName\":\"search_term_string\"}}],\"inLanguage\":\"es\"},{\"@type\":\"Organization\",\"@id\":\"https:\/\/www.nexoinformativo.mx\/#organization\",\"name\":\"Nexo Informativo Santiago de Quer\u00e9taro\",\"url\":\"https:\/\/www.nexoinformativo.mx\/\",\"logo\":{\"@type\":\"ImageObject\",\"inLanguage\":\"es\",\"@id\":\"https:\/\/www.nexoinformativo.mx\/#\/schema\/logo\/image\/\",\"url\":\"https:\/\/www.nexoinformativo.mx\/wp-content\/uploads\/2024\/07\/nexoi-trasparente-2.png\",\"contentUrl\":\"https:\/\/www.nexoinformativo.mx\/wp-content\/uploads\/2024\/07\/nexoi-trasparente-2.png\",\"width\":816,\"height\":339,\"caption\":\"Nexo Informativo Santiago de Quer\u00e9taro\"},\"image\":{\"@id\":\"https:\/\/www.nexoinformativo.mx\/#\/schema\/logo\/image\/\"},\"sameAs\":[\"https:\/\/www.facebook.com\/people\/Nexo-Informativo\/61564066885511\/\"]},{\"@type\":\"Person\",\"@id\":\"https:\/\/www.nexoinformativo.mx\/#\/schema\/person\/7749d380ba08c8ca00d7bc76fd907b7d\",\"name\":\"Nexo Informativo\",\"image\":{\"@type\":\"ImageObject\",\"inLanguage\":\"es\",\"@id\":\"https:\/\/www.nexoinformativo.mx\/#\/schema\/person\/image\/\",\"url\":\"https:\/\/secure.gravatar.com\/avatar\/dde2928154642a13d95f87ddf1ea9718fe2b46760a005c53e41ff5ad610704e6?s=96&d=mm&r=g\",\"contentUrl\":\"https:\/\/secure.gravatar.com\/avatar\/dde2928154642a13d95f87ddf1ea9718fe2b46760a005c53e41ff5ad610704e6?s=96&d=mm&r=g\",\"caption\":\"Nexo Informativo\"},\"url\":\"https:\/\/www.nexoinformativo.mx\/index.php\/author\/edicion\/\"}]}<\/script>\n<!-- \/ Yoast SEO plugin. -->","yoast_head_json":{"title":"Canciller De la Fuente prioriza la protecci\u00f3n de mexicanos en el exterior | Nexo Informativo Santiago de Quer\u00e9taro","description":"Canciller De la Fuente prioriza la protecci\u00f3n de mexicanos en el exterior","robots":{"index":"index","follow":"follow","max-snippet":"max-snippet:-1","max-image-preview":"max-image-preview:large","max-video-preview":"max-video-preview:-1"},"canonical":"https:\/\/www.nexoinformativo.mx\/index.php\/2024\/12\/09\/canciller-de-la-fuente-prioriza-la-proteccion-de-mexicanos-en-el-exterior\/","og_locale":"es_MX","og_type":"article","og_title":"Canciller De la Fuente prioriza la protecci\u00f3n de mexicanos en el exterior | Nexo Informativo Santiago de Quer\u00e9taro","og_description":"Canciller De la Fuente prioriza la protecci\u00f3n de mexicanos en el exterior","og_url":"https:\/\/www.nexoinformativo.mx\/index.php\/2024\/12\/09\/canciller-de-la-fuente-prioriza-la-proteccion-de-mexicanos-en-el-exterior\/","og_site_name":"Nexo Informativo Santiago de Quer\u00e9taro","article_publisher":"https:\/\/www.facebook.com\/people\/Nexo-Informativo\/61564066885511\/","article_published_time":"2024-12-09T15:00:11+00:00","article_modified_time":"2024-12-09T18:11:15+00:00","og_image":[{"width":800,"height":442,"url":"https:\/\/www.nexoinformativo.mx\/wp-content\/uploads\/2024\/12\/IMG_8439-e1733767823859.jpg","type":"image\/jpeg"}],"author":"Nexo Informativo","twitter_card":"summary_large_image","twitter_misc":{"Escrito por":"Nexo Informativo","Tiempo de lectura":"2 minutos"},"schema":{"@context":"https:\/\/schema.org","@graph":[{"@type":"Article","@id":"https:\/\/www.nexoinformativo.mx\/index.php\/2024\/12\/09\/canciller-de-la-fuente-prioriza-la-proteccion-de-mexicanos-en-el-exterior\/#article","isPartOf":{"@id":"https:\/\/www.nexoinformativo.mx\/index.php\/2024\/12\/09\/canciller-de-la-fuente-prioriza-la-proteccion-de-mexicanos-en-el-exterior\/"},"author":{"name":"Nexo Informativo","@id":"https:\/\/www.nexoinformativo.mx\/#\/schema\/person\/7749d380ba08c8ca00d7bc76fd907b7d"},"headline":"Canciller De la Fuente prioriza la protecci\u00f3n de mexicanos en el exterior","datePublished":"2024-12-09T15:00:11+00:00","dateModified":"2024-12-09T18:11:15+00:00","mainEntityOfPage":{"@id":"https:\/\/www.nexoinformativo.mx\/index.php\/2024\/12\/09\/canciller-de-la-fuente-prioriza-la-proteccion-de-mexicanos-en-el-exterior\/"},"wordCount":284,"commentCount":0,"publisher":{"@id":"https:\/\/www.nexoinformativo.mx\/#organization"},"image":{"@id":"https:\/\/www.nexoinformativo.mx\/index.php\/2024\/12\/09\/canciller-de-la-fuente-prioriza-la-proteccion-de-mexicanos-en-el-exterior\/#primaryimage"},"thumbnailUrl":"https:\/\/www.nexoinformativo.mx\/wp-content\/uploads\/2024\/12\/IMG_8439-e1733767823859.jpg","keywords":["DerechosHumanos","MexicanosEnEU","Pol\u00edticaExterior","Protecci\u00f3nConsular"],"articleSection":["Nacional","\u00daltima Hora"],"inLanguage":"es","potentialAction":[{"@type":"CommentAction","name":"Comment","target":["https:\/\/www.nexoinformativo.mx\/index.php\/2024\/12\/09\/canciller-de-la-fuente-prioriza-la-proteccion-de-mexicanos-en-el-exterior\/#respond"]}]},{"@type":"WebPage","@id":"https:\/\/www.nexoinformativo.mx\/index.php\/2024\/12\/09\/canciller-de-la-fuente-prioriza-la-proteccion-de-mexicanos-en-el-exterior\/","url":"https:\/\/www.nexoinformativo.mx\/index.php\/2024\/12\/09\/canciller-de-la-fuente-prioriza-la-proteccion-de-mexicanos-en-el-exterior\/","name":"Canciller De la Fuente prioriza la protecci\u00f3n de mexicanos en el exterior | Nexo Informativo Santiago de Quer\u00e9taro","isPartOf":{"@id":"https:\/\/www.nexoinformativo.mx\/#website"},"primaryImageOfPage":{"@id":"https:\/\/www.nexoinformativo.mx\/index.php\/2024\/12\/09\/canciller-de-la-fuente-prioriza-la-proteccion-de-mexicanos-en-el-exterior\/#primaryimage"},"image":{"@id":"https:\/\/www.nexoinformativo.mx\/index.php\/2024\/12\/09\/canciller-de-la-fuente-prioriza-la-proteccion-de-mexicanos-en-el-exterior\/#primaryimage"},"thumbnailUrl":"https:\/\/www.nexoinformativo.mx\/wp-content\/uploads\/2024\/12\/IMG_8439-e1733767823859.jpg","datePublished":"2024-12-09T15:00:11+00:00","dateModified":"2024-12-09T18:11:15+00:00","description":"Canciller De la Fuente prioriza la protecci\u00f3n de mexicanos en el exterior","breadcrumb":{"@id":"https:\/\/www.nexoinformativo.mx\/index.php\/2024\/12\/09\/canciller-de-la-fuente-prioriza-la-proteccion-de-mexicanos-en-el-exterior\/#breadcrumb"},"inLanguage":"es","potentialAction":[{"@type":"ReadAction","target":["https:\/\/www.nexoinformativo.mx\/index.php\/2024\/12\/09\/canciller-de-la-fuente-prioriza-la-proteccion-de-mexicanos-en-el-exterior\/"]}]},{"@type":"ImageObject","inLanguage":"es","@id":"https:\/\/www.nexoinformativo.mx\/index.php\/2024\/12\/09\/canciller-de-la-fuente-prioriza-la-proteccion-de-mexicanos-en-el-exterior\/#primaryimage","url":"https:\/\/www.nexoinformativo.mx\/wp-content\/uploads\/2024\/12\/IMG_8439-e1733767823859.jpg","contentUrl":"https:\/\/www.nexoinformativo.mx\/wp-content\/uploads\/2024\/12\/IMG_8439-e1733767823859.jpg","width":800,"height":442},{"@type":"BreadcrumbList","@id":"https:\/\/www.nexoinformativo.mx\/index.php\/2024\/12\/09\/canciller-de-la-fuente-prioriza-la-proteccion-de-mexicanos-en-el-exterior\/#breadcrumb","itemListElement":[{"@type":"ListItem","position":1,"name":"Inicio","item":"https:\/\/www.nexoinformativo.mx\/"},{"@type":"ListItem","position":2,"name":"Canciller De la Fuente prioriza la protecci\u00f3n de mexicanos en el exterior"}]},{"@type":"WebSite","@id":"https:\/\/www.nexoinformativo.mx\/#website","url":"https:\/\/www.nexoinformativo.mx\/","name":"Nexo Informativo Santiago de Quer\u00e9taro","description":"Explora NexoInformativo y convi\u00e9rtete en parte de una comunidad que valora el conocimiento y la verdad. Tu nexoinformativo es tu puente hacia una comprensi\u00f3n m\u00e1s profunda del mundo que te rodea.","publisher":{"@id":"https:\/\/www.nexoinformativo.mx\/#organization"},"potentialAction":[{"@type":"SearchAction","target":{"@type":"EntryPoint","urlTemplate":"https:\/\/www.nexoinformativo.mx\/?s={search_term_string}"},"query-input":{"@type":"PropertyValueSpecification","valueRequired":true,"valueName":"search_term_string"}}],"inLanguage":"es"},{"@type":"Organization","@id":"https:\/\/www.nexoinformativo.mx\/#organization","name":"Nexo Informativo Santiago de Quer\u00e9taro","url":"https:\/\/www.nexoinformativo.mx\/","logo":{"@type":"ImageObject","inLanguage":"es","@id":"https:\/\/www.nexoinformativo.mx\/#\/schema\/logo\/image\/","url":"https:\/\/www.nexoinformativo.mx\/wp-content\/uploads\/2024\/07\/nexoi-trasparente-2.png","contentUrl":"https:\/\/www.nexoinformativo.mx\/wp-content\/uploads\/2024\/07\/nexoi-trasparente-2.png","width":816,"height":339,"caption":"Nexo Informativo Santiago de Quer\u00e9taro"},"image":{"@id":"https:\/\/www.nexoinformativo.mx\/#\/schema\/logo\/image\/"},"sameAs":["https:\/\/www.facebook.com\/people\/Nexo-Informativo\/61564066885511\/"]},{"@type":"Person","@id":"https:\/\/www.nexoinformativo.mx\/#\/schema\/person\/7749d380ba08c8ca00d7bc76fd907b7d","name":"Nexo Informativo","image":{"@type":"ImageObject","inLanguage":"es","@id":"https:\/\/www.nexoinformativo.mx\/#\/schema\/person\/image\/","url":"https:\/\/secure.gravatar.com\/avatar\/dde2928154642a13d95f87ddf1ea9718fe2b46760a005c53e41ff5ad610704e6?s=96&d=mm&r=g","contentUrl":"https:\/\/secure.gravatar.com\/avatar\/dde2928154642a13d95f87ddf1ea9718fe2b46760a005c53e41ff5ad610704e6?s=96&d=mm&r=g","caption":"Nexo Informativo"},"url":"https:\/\/www.nexoinformativo.mx\/index.php\/author\/edicion\/"}]}},"_links":{"self":[{"href":"https:\/\/www.nexoinformativo.mx\/index.php\/wp-json\/wp\/v2\/posts\/7761","targetHints":{"allow":["GET"]}}],"collection":[{"href":"https:\/\/www.nexoinformativo.mx\/index.php\/wp-json\/wp\/v2\/posts"}],"about":[{"href":"https:\/\/www.nexoinformativo.mx\/index.php\/wp-json\/wp\/v2\/types\/post"}],"author":[{"embeddable":true,"href":"https:\/\/www.nexoinformativo.mx\/index.php\/wp-json\/wp\/v2\/users\/3"}],"replies":[{"embeddable":true,"href":"https:\/\/www.nexoinformativo.mx\/index.php\/wp-json\/wp\/v2\/comments?post=7761"}],"version-history":[{"count":3,"href":"https:\/\/www.nexoinformativo.mx\/index.php\/wp-json\/wp\/v2\/posts\/7761\/revisions"}],"predecessor-version":[{"id":7765,"href":"https:\/\/www.nexoinformativo.mx\/index.php\/wp-json\/wp\/v2\/posts\/7761\/revisions\/7765"}],"wp:featuredmedia":[{"embeddable":true,"href":"https:\/\/www.nexoinformativo.mx\/index.php\/wp-json\/wp\/v2\/media\/7762"}],"wp:attachment":[{"href":"https:\/\/www.nexoinformativo.mx\/index.php\/wp-json\/wp\/v2\/media?parent=7761"}],"wp:term":[{"taxonomy":"category","embeddable":true,"href":"https:\/\/www.nexoinformativo.mx\/index.php\/wp-json\/wp\/v2\/categories?post=7761"},{"taxonomy":"post_tag","embeddable":true,"href":"https:\/\/www.nexoinformativo.mx\/index.php\/wp-json\/wp\/v2\/tags?post=7761"}],"curies":[{"name":"wp","href":"https:\/\/api.w.org\/{rel}","templated":true}]}}