{"id":7772,"date":"2024-12-09T10:00:31","date_gmt":"2024-12-09T16:00:31","guid":{"rendered":"https:\/\/www.nexoinformativo.mx\/?p=7772"},"modified":"2024-12-09T12:22:25","modified_gmt":"2024-12-09T18:22:25","slug":"manos-a-la-obra-queretaro-ofrece-talleres-navidenos-para-toda-la-familia","status":"publish","type":"post","link":"https:\/\/www.nexoinformativo.mx\/index.php\/2024\/12\/09\/manos-a-la-obra-queretaro-ofrece-talleres-navidenos-para-toda-la-familia\/","title":{"rendered":"\u00a1Manos a la obra! Quer\u00e9taro ofrece talleres navide\u00f1os para toda la familia"},"content":{"rendered":"<p style=\"text-align: justify;\" data-sourcepos=\"11:1-11:301\">La Secretar\u00eda de Cultura del Municipio de Quer\u00e9taro ha preparado una divertida y creativa forma de celebrar la Navidad.<\/p>\n<p>&nbsp;<\/p>\n<p style=\"text-align: justify;\" data-sourcepos=\"11:1-11:301\">Del 4 al 22 de diciembre, se llevar\u00e1n a cabo talleres navide\u00f1os en 20 espacios diferentes de la ciudad, donde grandes y chicos podr\u00e1n aprender a hacer sus propios adornos navide\u00f1os.<\/p>\n<p>&nbsp;<\/p>\n<p style=\"text-align: justify;\" data-sourcepos=\"13:1-13:382\">Fadya Ramos, directora de Patrimonio Cultural y Art\u00edstico, inform\u00f3 que los talleres ofrecer\u00e1n una amplia variedad de actividades, desde la elaboraci\u00f3n de pi\u00f1atas y esferas hasta la creaci\u00f3n de coronas navide\u00f1as y otras manualidades.<\/p>\n<p>&nbsp;<\/p>\n<p style=\"text-align: justify;\" data-sourcepos=\"13:1-13:382\"><strong>&#8220;Queremos que los queretanos disfruten de esta temporada creando sus propios adornos y fortaleciendo los lazos familiares<\/strong>&#8220;, coment\u00f3.<\/p>\n<p>&nbsp;<\/p>\n<p style=\"text-align: justify;\" data-sourcepos=\"15:1-15:292\">Los talleres se impartir\u00e1n en casas de cultura, centros culturales comunitarios y bibliotecas p\u00fablicas ubicadas en las siete delegaciones del municipio. Los participantes recibir\u00e1n todos los materiales necesarios para realizar sus creaciones y contar\u00e1n con la gu\u00eda de maestros especializados.<\/p>\n<p>&nbsp;<\/p>\n<p style=\"text-align: justify;\" data-sourcepos=\"17:1-17:157\">Adem\u00e1s de los talleres, la Secretar\u00eda de Cultura ha programado pastorelas para que las familias puedan disfrutar de esta tradicional representaci\u00f3n navide\u00f1a.<\/p>\n<p>&nbsp;<\/p>\n<p style=\"text-align: center;\" data-sourcepos=\"17:1-17:157\"><em><strong>\u00a1Informaci\u00f3n que transforma!<\/strong><\/em><\/p>\n","protected":false},"excerpt":{"rendered":"<p>La Secretar\u00eda de Cultura del Municipio de Quer\u00e9taro ha preparado una divertida y creativa forma de celebrar la Navidad.<\/p>\n","protected":false},"author":3,"featured_media":7773,"comment_status":"open","ping_status":"open","sticky":false,"template":"","format":"standard","meta":{"footnotes":""},"categories":[65,58],"tags":[2230,2576,2271,2575],"class_list":["post-7772","post","type-post","status-publish","format-standard","has-post-thumbnail","hentry","category-municipios","category-ultima-hora","tag-familia","tag-manualidadesnavidenas","tag-navidadenqueretaro","tag-talleresnavidenos"],"yoast_head":"<!-- This site is optimized with the Yoast SEO plugin v25.0 - https:\/\/yoast.com\/wordpress\/plugins\/seo\/ -->\n<title>\u00a1Manos a la obra! Quer\u00e9taro ofrece talleres navide\u00f1os para toda la familia | Nexo Informativo Santiago de Quer\u00e9taro<\/title>\n<meta name=\"description\" content=\"\u00a1Manos a la obra! Quer\u00e9taro ofrece talleres navide\u00f1os para toda la familia\" \/>\n<meta name=\"robots\" content=\"index, follow, max-snippet:-1, max-image-preview:large, max-video-preview:-1\" \/>\n<link rel=\"canonical\" href=\"https:\/\/www.nexoinformativo.mx\/index.php\/2024\/12\/09\/manos-a-la-obra-queretaro-ofrece-talleres-navidenos-para-toda-la-familia\/\" \/>\n<meta property=\"og:locale\" content=\"es_MX\" \/>\n<meta property=\"og:type\" content=\"article\" \/>\n<meta property=\"og:title\" content=\"\u00a1Manos a la obra! Quer\u00e9taro ofrece talleres navide\u00f1os para toda la familia | Nexo Informativo Santiago de Quer\u00e9taro\" \/>\n<meta property=\"og:description\" content=\"\u00a1Manos a la obra! Quer\u00e9taro ofrece talleres navide\u00f1os para toda la familia\" \/>\n<meta property=\"og:url\" content=\"https:\/\/www.nexoinformativo.mx\/index.php\/2024\/12\/09\/manos-a-la-obra-queretaro-ofrece-talleres-navidenos-para-toda-la-familia\/\" \/>\n<meta property=\"og:site_name\" content=\"Nexo Informativo Santiago de Quer\u00e9taro\" \/>\n<meta property=\"article:publisher\" content=\"https:\/\/www.facebook.com\/people\/Nexo-Informativo\/61564066885511\/\" \/>\n<meta property=\"article:published_time\" content=\"2024-12-09T16:00:31+00:00\" \/>\n<meta property=\"article:modified_time\" content=\"2024-12-09T18:22:25+00:00\" \/>\n<meta property=\"og:image\" content=\"https:\/\/www.nexoinformativo.mx\/wp-content\/uploads\/2024\/12\/PHOTO-2024-12-09-08-30-12-e1733768489905.jpg\" \/>\n\t<meta property=\"og:image:width\" content=\"800\" \/>\n\t<meta property=\"og:image:height\" content=\"533\" \/>\n\t<meta property=\"og:image:type\" content=\"image\/jpeg\" \/>\n<meta name=\"author\" content=\"Nexo Informativo\" \/>\n<meta name=\"twitter:card\" content=\"summary_large_image\" \/>\n<meta name=\"twitter:label1\" content=\"Escrito por\" \/>\n\t<meta name=\"twitter:data1\" content=\"Nexo Informativo\" \/>\n\t<meta name=\"twitter:label2\" content=\"Tiempo de lectura\" \/>\n\t<meta name=\"twitter:data2\" content=\"1 minuto\" \/>\n<script type=\"application\/ld+json\" class=\"yoast-schema-graph\">{\"@context\":\"https:\/\/schema.org\",\"@graph\":[{\"@type\":\"Article\",\"@id\":\"https:\/\/www.nexoinformativo.mx\/index.php\/2024\/12\/09\/manos-a-la-obra-queretaro-ofrece-talleres-navidenos-para-toda-la-familia\/#article\",\"isPartOf\":{\"@id\":\"https:\/\/www.nexoinformativo.mx\/index.php\/2024\/12\/09\/manos-a-la-obra-queretaro-ofrece-talleres-navidenos-para-toda-la-familia\/\"},\"author\":{\"name\":\"Nexo Informativo\",\"@id\":\"https:\/\/www.nexoinformativo.mx\/#\/schema\/person\/7749d380ba08c8ca00d7bc76fd907b7d\"},\"headline\":\"\u00a1Manos a la obra! Quer\u00e9taro ofrece talleres navide\u00f1os para toda la familia\",\"datePublished\":\"2024-12-09T16:00:31+00:00\",\"dateModified\":\"2024-12-09T18:22:25+00:00\",\"mainEntityOfPage\":{\"@id\":\"https:\/\/www.nexoinformativo.mx\/index.php\/2024\/12\/09\/manos-a-la-obra-queretaro-ofrece-talleres-navidenos-para-toda-la-familia\/\"},\"wordCount\":206,\"commentCount\":0,\"publisher\":{\"@id\":\"https:\/\/www.nexoinformativo.mx\/#organization\"},\"image\":{\"@id\":\"https:\/\/www.nexoinformativo.mx\/index.php\/2024\/12\/09\/manos-a-la-obra-queretaro-ofrece-talleres-navidenos-para-toda-la-familia\/#primaryimage\"},\"thumbnailUrl\":\"https:\/\/www.nexoinformativo.mx\/wp-content\/uploads\/2024\/12\/PHOTO-2024-12-09-08-30-12-e1733768489905.jpg\",\"keywords\":[\"Familia\",\"ManualidadesNavide\u00f1as\",\"NavidadEnQuer\u00e9taro\",\"TalleresNavide\u00f1os\"],\"articleSection\":[\"Municipios\",\"\u00daltima Hora\"],\"inLanguage\":\"es\",\"potentialAction\":[{\"@type\":\"CommentAction\",\"name\":\"Comment\",\"target\":[\"https:\/\/www.nexoinformativo.mx\/index.php\/2024\/12\/09\/manos-a-la-obra-queretaro-ofrece-talleres-navidenos-para-toda-la-familia\/#respond\"]}]},{\"@type\":\"WebPage\",\"@id\":\"https:\/\/www.nexoinformativo.mx\/index.php\/2024\/12\/09\/manos-a-la-obra-queretaro-ofrece-talleres-navidenos-para-toda-la-familia\/\",\"url\":\"https:\/\/www.nexoinformativo.mx\/index.php\/2024\/12\/09\/manos-a-la-obra-queretaro-ofrece-talleres-navidenos-para-toda-la-familia\/\",\"name\":\"\u00a1Manos a la obra! Quer\u00e9taro ofrece talleres navide\u00f1os para toda la familia | Nexo Informativo Santiago de Quer\u00e9taro\",\"isPartOf\":{\"@id\":\"https:\/\/www.nexoinformativo.mx\/#website\"},\"primaryImageOfPage\":{\"@id\":\"https:\/\/www.nexoinformativo.mx\/index.php\/2024\/12\/09\/manos-a-la-obra-queretaro-ofrece-talleres-navidenos-para-toda-la-familia\/#primaryimage\"},\"image\":{\"@id\":\"https:\/\/www.nexoinformativo.mx\/index.php\/2024\/12\/09\/manos-a-la-obra-queretaro-ofrece-talleres-navidenos-para-toda-la-familia\/#primaryimage\"},\"thumbnailUrl\":\"https:\/\/www.nexoinformativo.mx\/wp-content\/uploads\/2024\/12\/PHOTO-2024-12-09-08-30-12-e1733768489905.jpg\",\"datePublished\":\"2024-12-09T16:00:31+00:00\",\"dateModified\":\"2024-12-09T18:22:25+00:00\",\"description\":\"\u00a1Manos a la obra! Quer\u00e9taro ofrece talleres navide\u00f1os para toda la familia\",\"breadcrumb\":{\"@id\":\"https:\/\/www.nexoinformativo.mx\/index.php\/2024\/12\/09\/manos-a-la-obra-queretaro-ofrece-talleres-navidenos-para-toda-la-familia\/#breadcrumb\"},\"inLanguage\":\"es\",\"potentialAction\":[{\"@type\":\"ReadAction\",\"target\":[\"https:\/\/www.nexoinformativo.mx\/index.php\/2024\/12\/09\/manos-a-la-obra-queretaro-ofrece-talleres-navidenos-para-toda-la-familia\/\"]}]},{\"@type\":\"ImageObject\",\"inLanguage\":\"es\",\"@id\":\"https:\/\/www.nexoinformativo.mx\/index.php\/2024\/12\/09\/manos-a-la-obra-queretaro-ofrece-talleres-navidenos-para-toda-la-familia\/#primaryimage\",\"url\":\"https:\/\/www.nexoinformativo.mx\/wp-content\/uploads\/2024\/12\/PHOTO-2024-12-09-08-30-12-e1733768489905.jpg\",\"contentUrl\":\"https:\/\/www.nexoinformativo.mx\/wp-content\/uploads\/2024\/12\/PHOTO-2024-12-09-08-30-12-e1733768489905.jpg\",\"width\":800,\"height\":533},{\"@type\":\"BreadcrumbList\",\"@id\":\"https:\/\/www.nexoinformativo.mx\/index.php\/2024\/12\/09\/manos-a-la-obra-queretaro-ofrece-talleres-navidenos-para-toda-la-familia\/#breadcrumb\",\"itemListElement\":[{\"@type\":\"ListItem\",\"position\":1,\"name\":\"Inicio\",\"item\":\"https:\/\/www.nexoinformativo.mx\/\"},{\"@type\":\"ListItem\",\"position\":2,\"name\":\"\u00a1Manos a la obra! Quer\u00e9taro ofrece talleres navide\u00f1os para toda la familia\"}]},{\"@type\":\"WebSite\",\"@id\":\"https:\/\/www.nexoinformativo.mx\/#website\",\"url\":\"https:\/\/www.nexoinformativo.mx\/\",\"name\":\"Nexo Informativo Santiago de Quer\u00e9taro\",\"description\":\"Explora NexoInformativo y convi\u00e9rtete en parte de una comunidad que valora el conocimiento y la verdad. Tu nexoinformativo es tu puente hacia una comprensi\u00f3n m\u00e1s profunda del mundo que te rodea.\",\"publisher\":{\"@id\":\"https:\/\/www.nexoinformativo.mx\/#organization\"},\"potentialAction\":[{\"@type\":\"SearchAction\",\"target\":{\"@type\":\"EntryPoint\",\"urlTemplate\":\"https:\/\/www.nexoinformativo.mx\/?s={search_term_string}\"},\"query-input\":{\"@type\":\"PropertyValueSpecification\",\"valueRequired\":true,\"valueName\":\"search_term_string\"}}],\"inLanguage\":\"es\"},{\"@type\":\"Organization\",\"@id\":\"https:\/\/www.nexoinformativo.mx\/#organization\",\"name\":\"Nexo Informativo Santiago de Quer\u00e9taro\",\"url\":\"https:\/\/www.nexoinformativo.mx\/\",\"logo\":{\"@type\":\"ImageObject\",\"inLanguage\":\"es\",\"@id\":\"https:\/\/www.nexoinformativo.mx\/#\/schema\/logo\/image\/\",\"url\":\"https:\/\/www.nexoinformativo.mx\/wp-content\/uploads\/2024\/07\/nexoi-trasparente-2.png\",\"contentUrl\":\"https:\/\/www.nexoinformativo.mx\/wp-content\/uploads\/2024\/07\/nexoi-trasparente-2.png\",\"width\":816,\"height\":339,\"caption\":\"Nexo Informativo Santiago de Quer\u00e9taro\"},\"image\":{\"@id\":\"https:\/\/www.nexoinformativo.mx\/#\/schema\/logo\/image\/\"},\"sameAs\":[\"https:\/\/www.facebook.com\/people\/Nexo-Informativo\/61564066885511\/\"]},{\"@type\":\"Person\",\"@id\":\"https:\/\/www.nexoinformativo.mx\/#\/schema\/person\/7749d380ba08c8ca00d7bc76fd907b7d\",\"name\":\"Nexo Informativo\",\"image\":{\"@type\":\"ImageObject\",\"inLanguage\":\"es\",\"@id\":\"https:\/\/www.nexoinformativo.mx\/#\/schema\/person\/image\/\",\"url\":\"https:\/\/secure.gravatar.com\/avatar\/dde2928154642a13d95f87ddf1ea9718fe2b46760a005c53e41ff5ad610704e6?s=96&d=mm&r=g\",\"contentUrl\":\"https:\/\/secure.gravatar.com\/avatar\/dde2928154642a13d95f87ddf1ea9718fe2b46760a005c53e41ff5ad610704e6?s=96&d=mm&r=g\",\"caption\":\"Nexo Informativo\"},\"url\":\"https:\/\/www.nexoinformativo.mx\/index.php\/author\/edicion\/\"}]}<\/script>\n<!-- \/ Yoast SEO plugin. -->","yoast_head_json":{"title":"\u00a1Manos a la obra! Quer\u00e9taro ofrece talleres navide\u00f1os para toda la familia | Nexo Informativo Santiago de Quer\u00e9taro","description":"\u00a1Manos a la obra! Quer\u00e9taro ofrece talleres navide\u00f1os para toda la familia","robots":{"index":"index","follow":"follow","max-snippet":"max-snippet:-1","max-image-preview":"max-image-preview:large","max-video-preview":"max-video-preview:-1"},"canonical":"https:\/\/www.nexoinformativo.mx\/index.php\/2024\/12\/09\/manos-a-la-obra-queretaro-ofrece-talleres-navidenos-para-toda-la-familia\/","og_locale":"es_MX","og_type":"article","og_title":"\u00a1Manos a la obra! Quer\u00e9taro ofrece talleres navide\u00f1os para toda la familia | Nexo Informativo Santiago de Quer\u00e9taro","og_description":"\u00a1Manos a la obra! Quer\u00e9taro ofrece talleres navide\u00f1os para toda la familia","og_url":"https:\/\/www.nexoinformativo.mx\/index.php\/2024\/12\/09\/manos-a-la-obra-queretaro-ofrece-talleres-navidenos-para-toda-la-familia\/","og_site_name":"Nexo Informativo Santiago de Quer\u00e9taro","article_publisher":"https:\/\/www.facebook.com\/people\/Nexo-Informativo\/61564066885511\/","article_published_time":"2024-12-09T16:00:31+00:00","article_modified_time":"2024-12-09T18:22:25+00:00","og_image":[{"width":800,"height":533,"url":"https:\/\/www.nexoinformativo.mx\/wp-content\/uploads\/2024\/12\/PHOTO-2024-12-09-08-30-12-e1733768489905.jpg","type":"image\/jpeg"}],"author":"Nexo Informativo","twitter_card":"summary_large_image","twitter_misc":{"Escrito por":"Nexo Informativo","Tiempo de lectura":"1 minuto"},"schema":{"@context":"https:\/\/schema.org","@graph":[{"@type":"Article","@id":"https:\/\/www.nexoinformativo.mx\/index.php\/2024\/12\/09\/manos-a-la-obra-queretaro-ofrece-talleres-navidenos-para-toda-la-familia\/#article","isPartOf":{"@id":"https:\/\/www.nexoinformativo.mx\/index.php\/2024\/12\/09\/manos-a-la-obra-queretaro-ofrece-talleres-navidenos-para-toda-la-familia\/"},"author":{"name":"Nexo Informativo","@id":"https:\/\/www.nexoinformativo.mx\/#\/schema\/person\/7749d380ba08c8ca00d7bc76fd907b7d"},"headline":"\u00a1Manos a la obra! Quer\u00e9taro ofrece talleres navide\u00f1os para toda la familia","datePublished":"2024-12-09T16:00:31+00:00","dateModified":"2024-12-09T18:22:25+00:00","mainEntityOfPage":{"@id":"https:\/\/www.nexoinformativo.mx\/index.php\/2024\/12\/09\/manos-a-la-obra-queretaro-ofrece-talleres-navidenos-para-toda-la-familia\/"},"wordCount":206,"commentCount":0,"publisher":{"@id":"https:\/\/www.nexoinformativo.mx\/#organization"},"image":{"@id":"https:\/\/www.nexoinformativo.mx\/index.php\/2024\/12\/09\/manos-a-la-obra-queretaro-ofrece-talleres-navidenos-para-toda-la-familia\/#primaryimage"},"thumbnailUrl":"https:\/\/www.nexoinformativo.mx\/wp-content\/uploads\/2024\/12\/PHOTO-2024-12-09-08-30-12-e1733768489905.jpg","keywords":["Familia","ManualidadesNavide\u00f1as","NavidadEnQuer\u00e9taro","TalleresNavide\u00f1os"],"articleSection":["Municipios","\u00daltima Hora"],"inLanguage":"es","potentialAction":[{"@type":"CommentAction","name":"Comment","target":["https:\/\/www.nexoinformativo.mx\/index.php\/2024\/12\/09\/manos-a-la-obra-queretaro-ofrece-talleres-navidenos-para-toda-la-familia\/#respond"]}]},{"@type":"WebPage","@id":"https:\/\/www.nexoinformativo.mx\/index.php\/2024\/12\/09\/manos-a-la-obra-queretaro-ofrece-talleres-navidenos-para-toda-la-familia\/","url":"https:\/\/www.nexoinformativo.mx\/index.php\/2024\/12\/09\/manos-a-la-obra-queretaro-ofrece-talleres-navidenos-para-toda-la-familia\/","name":"\u00a1Manos a la obra! Quer\u00e9taro ofrece talleres navide\u00f1os para toda la familia | Nexo Informativo Santiago de Quer\u00e9taro","isPartOf":{"@id":"https:\/\/www.nexoinformativo.mx\/#website"},"primaryImageOfPage":{"@id":"https:\/\/www.nexoinformativo.mx\/index.php\/2024\/12\/09\/manos-a-la-obra-queretaro-ofrece-talleres-navidenos-para-toda-la-familia\/#primaryimage"},"image":{"@id":"https:\/\/www.nexoinformativo.mx\/index.php\/2024\/12\/09\/manos-a-la-obra-queretaro-ofrece-talleres-navidenos-para-toda-la-familia\/#primaryimage"},"thumbnailUrl":"https:\/\/www.nexoinformativo.mx\/wp-content\/uploads\/2024\/12\/PHOTO-2024-12-09-08-30-12-e1733768489905.jpg","datePublished":"2024-12-09T16:00:31+00:00","dateModified":"2024-12-09T18:22:25+00:00","description":"\u00a1Manos a la obra! Quer\u00e9taro ofrece talleres navide\u00f1os para toda la familia","breadcrumb":{"@id":"https:\/\/www.nexoinformativo.mx\/index.php\/2024\/12\/09\/manos-a-la-obra-queretaro-ofrece-talleres-navidenos-para-toda-la-familia\/#breadcrumb"},"inLanguage":"es","potentialAction":[{"@type":"ReadAction","target":["https:\/\/www.nexoinformativo.mx\/index.php\/2024\/12\/09\/manos-a-la-obra-queretaro-ofrece-talleres-navidenos-para-toda-la-familia\/"]}]},{"@type":"ImageObject","inLanguage":"es","@id":"https:\/\/www.nexoinformativo.mx\/index.php\/2024\/12\/09\/manos-a-la-obra-queretaro-ofrece-talleres-navidenos-para-toda-la-familia\/#primaryimage","url":"https:\/\/www.nexoinformativo.mx\/wp-content\/uploads\/2024\/12\/PHOTO-2024-12-09-08-30-12-e1733768489905.jpg","contentUrl":"https:\/\/www.nexoinformativo.mx\/wp-content\/uploads\/2024\/12\/PHOTO-2024-12-09-08-30-12-e1733768489905.jpg","width":800,"height":533},{"@type":"BreadcrumbList","@id":"https:\/\/www.nexoinformativo.mx\/index.php\/2024\/12\/09\/manos-a-la-obra-queretaro-ofrece-talleres-navidenos-para-toda-la-familia\/#breadcrumb","itemListElement":[{"@type":"ListItem","position":1,"name":"Inicio","item":"https:\/\/www.nexoinformativo.mx\/"},{"@type":"ListItem","position":2,"name":"\u00a1Manos a la obra! Quer\u00e9taro ofrece talleres navide\u00f1os para toda la familia"}]},{"@type":"WebSite","@id":"https:\/\/www.nexoinformativo.mx\/#website","url":"https:\/\/www.nexoinformativo.mx\/","name":"Nexo Informativo Santiago de Quer\u00e9taro","description":"Explora NexoInformativo y convi\u00e9rtete en parte de una comunidad que valora el conocimiento y la verdad. Tu nexoinformativo es tu puente hacia una comprensi\u00f3n m\u00e1s profunda del mundo que te rodea.","publisher":{"@id":"https:\/\/www.nexoinformativo.mx\/#organization"},"potentialAction":[{"@type":"SearchAction","target":{"@type":"EntryPoint","urlTemplate":"https:\/\/www.nexoinformativo.mx\/?s={search_term_string}"},"query-input":{"@type":"PropertyValueSpecification","valueRequired":true,"valueName":"search_term_string"}}],"inLanguage":"es"},{"@type":"Organization","@id":"https:\/\/www.nexoinformativo.mx\/#organization","name":"Nexo Informativo Santiago de Quer\u00e9taro","url":"https:\/\/www.nexoinformativo.mx\/","logo":{"@type":"ImageObject","inLanguage":"es","@id":"https:\/\/www.nexoinformativo.mx\/#\/schema\/logo\/image\/","url":"https:\/\/www.nexoinformativo.mx\/wp-content\/uploads\/2024\/07\/nexoi-trasparente-2.png","contentUrl":"https:\/\/www.nexoinformativo.mx\/wp-content\/uploads\/2024\/07\/nexoi-trasparente-2.png","width":816,"height":339,"caption":"Nexo Informativo Santiago de Quer\u00e9taro"},"image":{"@id":"https:\/\/www.nexoinformativo.mx\/#\/schema\/logo\/image\/"},"sameAs":["https:\/\/www.facebook.com\/people\/Nexo-Informativo\/61564066885511\/"]},{"@type":"Person","@id":"https:\/\/www.nexoinformativo.mx\/#\/schema\/person\/7749d380ba08c8ca00d7bc76fd907b7d","name":"Nexo Informativo","image":{"@type":"ImageObject","inLanguage":"es","@id":"https:\/\/www.nexoinformativo.mx\/#\/schema\/person\/image\/","url":"https:\/\/secure.gravatar.com\/avatar\/dde2928154642a13d95f87ddf1ea9718fe2b46760a005c53e41ff5ad610704e6?s=96&d=mm&r=g","contentUrl":"https:\/\/secure.gravatar.com\/avatar\/dde2928154642a13d95f87ddf1ea9718fe2b46760a005c53e41ff5ad610704e6?s=96&d=mm&r=g","caption":"Nexo Informativo"},"url":"https:\/\/www.nexoinformativo.mx\/index.php\/author\/edicion\/"}]}},"_links":{"self":[{"href":"https:\/\/www.nexoinformativo.mx\/index.php\/wp-json\/wp\/v2\/posts\/7772","targetHints":{"allow":["GET"]}}],"collection":[{"href":"https:\/\/www.nexoinformativo.mx\/index.php\/wp-json\/wp\/v2\/posts"}],"about":[{"href":"https:\/\/www.nexoinformativo.mx\/index.php\/wp-json\/wp\/v2\/types\/post"}],"author":[{"embeddable":true,"href":"https:\/\/www.nexoinformativo.mx\/index.php\/wp-json\/wp\/v2\/users\/3"}],"replies":[{"embeddable":true,"href":"https:\/\/www.nexoinformativo.mx\/index.php\/wp-json\/wp\/v2\/comments?post=7772"}],"version-history":[{"count":3,"href":"https:\/\/www.nexoinformativo.mx\/index.php\/wp-json\/wp\/v2\/posts\/7772\/revisions"}],"predecessor-version":[{"id":7776,"href":"https:\/\/www.nexoinformativo.mx\/index.php\/wp-json\/wp\/v2\/posts\/7772\/revisions\/7776"}],"wp:featuredmedia":[{"embeddable":true,"href":"https:\/\/www.nexoinformativo.mx\/index.php\/wp-json\/wp\/v2\/media\/7773"}],"wp:attachment":[{"href":"https:\/\/www.nexoinformativo.mx\/index.php\/wp-json\/wp\/v2\/media?parent=7772"}],"wp:term":[{"taxonomy":"category","embeddable":true,"href":"https:\/\/www.nexoinformativo.mx\/index.php\/wp-json\/wp\/v2\/categories?post=7772"},{"taxonomy":"post_tag","embeddable":true,"href":"https:\/\/www.nexoinformativo.mx\/index.php\/wp-json\/wp\/v2\/tags?post=7772"}],"curies":[{"name":"wp","href":"https:\/\/api.w.org\/{rel}","templated":true}]}}