{"id":7777,"date":"2024-12-09T10:30:21","date_gmt":"2024-12-09T16:30:21","guid":{"rendered":"https:\/\/www.nexoinformativo.mx\/?p=7777"},"modified":"2024-12-09T12:30:52","modified_gmt":"2024-12-09T18:30:52","slug":"ayuntamiento-de-san-juan-del-rio-aprueba-no-aumentar-el-predial-para-el-2025","status":"publish","type":"post","link":"https:\/\/www.nexoinformativo.mx\/index.php\/2024\/12\/09\/ayuntamiento-de-san-juan-del-rio-aprueba-no-aumentar-el-predial-para-el-2025\/","title":{"rendered":"Ayuntamiento de San Juan del R\u00edo aprueba no aumentar el predial para el 2025"},"content":{"rendered":"<p style=\"text-align: justify;\" data-sourcepos=\"11:1-11:325\">En una gran noticia para los contribuyentes de San Juan del R\u00edo, el Ayuntamiento aprob\u00f3 mantener sin cambios el impuesto predial para el ejercicio fiscal 2025.<\/p>\n<p>&nbsp;<\/p>\n<p style=\"text-align: justify;\" data-sourcepos=\"11:1-11:325\">Esta decisi\u00f3n, tomada por unanimidad de votos, representa un alivio para la econom\u00eda de las familias sanjuanenses en un contexto econ\u00f3mico complejo a nivel nacional.<\/p>\n<p>&nbsp;<\/p>\n<p style=\"text-align: justify;\" data-sourcepos=\"13:1-13:258\">El presidente municipal, Roberto Cabrera, junto con el s\u00edndico Jos\u00e9 Francisco Landeras, presentaron las modificaciones a la Ley de Ingresos del municipio, destacando que el impuesto predial se mantendr\u00e1 en los mismos t\u00e9rminos que en el 2024.<\/p>\n<p>&nbsp;<\/p>\n<p style=\"text-align: justify;\" data-sourcepos=\"15:1-15:207\"><strong>&#8220;Entendemos la situaci\u00f3n econ\u00f3mica actual y por eso hemos decidido no incrementar el predial. Queremos apoyar a las familias sanjuanenses y garantizar su bienestar&#8221;,<\/strong> afirm\u00f3 el presidente municipal.<\/p>\n<p>&nbsp;<\/p>\n<p style=\"text-align: justify;\" data-sourcepos=\"17:1-17:288\">A pesar de esta medida, el Ayuntamiento logr\u00f3 reducir el monto total de la Ley de Ingresos para el 2025, debido a ajustes en otros rubros. Sin embargo, el compromiso de no aumentar el impuesto predial demuestra la sensibilidad del gobierno municipal ante las necesidades de la ciudadan\u00eda.<\/p>\n<p>&nbsp;<\/p>\n<p style=\"text-align: justify;\" data-sourcepos=\"19:1-19:269\">El s\u00edndico Landeras resalt\u00f3 que esta decisi\u00f3n se tom\u00f3 considerando la situaci\u00f3n econ\u00f3mica del pa\u00eds y el recorte de recursos federales para los municipios. &#8220;Queremos que los sanjuanenses sepan que estamos trabajando para proteger su econom\u00eda&#8221;, asegur\u00f3.<\/p>\n<p>&nbsp;<\/p>\n<p style=\"text-align: center;\" data-sourcepos=\"19:1-19:269\"><em><strong>\u00a1Informaci\u00f3n que transforma!<\/strong><\/em><\/p>\n<p data-sourcepos=\"19:1-19:269\">\n","protected":false},"excerpt":{"rendered":"<p>En una gran noticia para los contribuyentes de San Juan del R\u00edo, el Ayuntamiento aprob\u00f3 mantener sin cambios el impuesto predial para el ejercicio fiscal 2025.<\/p>\n","protected":false},"author":3,"featured_media":7781,"comment_status":"open","ping_status":"open","sticky":false,"template":"","format":"standard","meta":{"footnotes":""},"categories":[65,58],"tags":[2579,2578,2577,382],"class_list":["post-7777","post","type-post","status-publish","format-standard","has-post-thumbnail","hentry","category-municipios","category-ultima-hora","tag-ayuntamiento","tag-buenasnoticias","tag-predialsinaumento","tag-sanjuandelrio"],"yoast_head":"<!-- This site is optimized with the Yoast SEO plugin v25.0 - https:\/\/yoast.com\/wordpress\/plugins\/seo\/ -->\n<title>Ayuntamiento de San Juan del R\u00edo aprueba no aumentar el predial para el 2025 | Nexo Informativo Santiago de Quer\u00e9taro<\/title>\n<meta name=\"description\" content=\"Ayuntamiento de San Juan del R\u00edo aprueba no aumentar el predial para el 2025\" \/>\n<meta name=\"robots\" content=\"index, follow, max-snippet:-1, max-image-preview:large, max-video-preview:-1\" \/>\n<link rel=\"canonical\" href=\"https:\/\/www.nexoinformativo.mx\/index.php\/2024\/12\/09\/ayuntamiento-de-san-juan-del-rio-aprueba-no-aumentar-el-predial-para-el-2025\/\" \/>\n<meta property=\"og:locale\" content=\"es_MX\" \/>\n<meta property=\"og:type\" content=\"article\" \/>\n<meta property=\"og:title\" content=\"Ayuntamiento de San Juan del R\u00edo aprueba no aumentar el predial para el 2025 | Nexo Informativo Santiago de Quer\u00e9taro\" \/>\n<meta property=\"og:description\" content=\"Ayuntamiento de San Juan del R\u00edo aprueba no aumentar el predial para el 2025\" \/>\n<meta property=\"og:url\" content=\"https:\/\/www.nexoinformativo.mx\/index.php\/2024\/12\/09\/ayuntamiento-de-san-juan-del-rio-aprueba-no-aumentar-el-predial-para-el-2025\/\" \/>\n<meta property=\"og:site_name\" content=\"Nexo Informativo Santiago de Quer\u00e9taro\" \/>\n<meta property=\"article:publisher\" content=\"https:\/\/www.facebook.com\/people\/Nexo-Informativo\/61564066885511\/\" \/>\n<meta property=\"article:published_time\" content=\"2024-12-09T16:30:21+00:00\" \/>\n<meta property=\"article:modified_time\" content=\"2024-12-09T18:30:52+00:00\" \/>\n<meta property=\"og:image\" content=\"https:\/\/www.nexoinformativo.mx\/wp-content\/uploads\/2024\/12\/PHOTO-2024-12-09-11-14-45-e1733768991506.jpg\" \/>\n\t<meta property=\"og:image:width\" content=\"800\" \/>\n\t<meta property=\"og:image:height\" content=\"533\" \/>\n\t<meta property=\"og:image:type\" content=\"image\/jpeg\" \/>\n<meta name=\"author\" content=\"Nexo Informativo\" \/>\n<meta name=\"twitter:card\" content=\"summary_large_image\" \/>\n<meta name=\"twitter:label1\" content=\"Escrito por\" \/>\n\t<meta name=\"twitter:data1\" content=\"Nexo Informativo\" \/>\n\t<meta name=\"twitter:label2\" content=\"Tiempo de lectura\" \/>\n\t<meta name=\"twitter:data2\" content=\"2 minutos\" \/>\n<script type=\"application\/ld+json\" class=\"yoast-schema-graph\">{\"@context\":\"https:\/\/schema.org\",\"@graph\":[{\"@type\":\"Article\",\"@id\":\"https:\/\/www.nexoinformativo.mx\/index.php\/2024\/12\/09\/ayuntamiento-de-san-juan-del-rio-aprueba-no-aumentar-el-predial-para-el-2025\/#article\",\"isPartOf\":{\"@id\":\"https:\/\/www.nexoinformativo.mx\/index.php\/2024\/12\/09\/ayuntamiento-de-san-juan-del-rio-aprueba-no-aumentar-el-predial-para-el-2025\/\"},\"author\":{\"name\":\"Nexo Informativo\",\"@id\":\"https:\/\/www.nexoinformativo.mx\/#\/schema\/person\/7749d380ba08c8ca00d7bc76fd907b7d\"},\"headline\":\"Ayuntamiento de San Juan del R\u00edo aprueba no aumentar el predial para el 2025\",\"datePublished\":\"2024-12-09T16:30:21+00:00\",\"dateModified\":\"2024-12-09T18:30:52+00:00\",\"mainEntityOfPage\":{\"@id\":\"https:\/\/www.nexoinformativo.mx\/index.php\/2024\/12\/09\/ayuntamiento-de-san-juan-del-rio-aprueba-no-aumentar-el-predial-para-el-2025\/\"},\"wordCount\":237,\"commentCount\":0,\"publisher\":{\"@id\":\"https:\/\/www.nexoinformativo.mx\/#organization\"},\"image\":{\"@id\":\"https:\/\/www.nexoinformativo.mx\/index.php\/2024\/12\/09\/ayuntamiento-de-san-juan-del-rio-aprueba-no-aumentar-el-predial-para-el-2025\/#primaryimage\"},\"thumbnailUrl\":\"https:\/\/www.nexoinformativo.mx\/wp-content\/uploads\/2024\/12\/PHOTO-2024-12-09-11-14-45-e1733768991506.jpg\",\"keywords\":[\"Ayuntamiento\",\"BuenasNoticias\",\"PredialSinAumento\",\"SanJuanDelR\u00edo\"],\"articleSection\":[\"Municipios\",\"\u00daltima Hora\"],\"inLanguage\":\"es\",\"potentialAction\":[{\"@type\":\"CommentAction\",\"name\":\"Comment\",\"target\":[\"https:\/\/www.nexoinformativo.mx\/index.php\/2024\/12\/09\/ayuntamiento-de-san-juan-del-rio-aprueba-no-aumentar-el-predial-para-el-2025\/#respond\"]}]},{\"@type\":\"WebPage\",\"@id\":\"https:\/\/www.nexoinformativo.mx\/index.php\/2024\/12\/09\/ayuntamiento-de-san-juan-del-rio-aprueba-no-aumentar-el-predial-para-el-2025\/\",\"url\":\"https:\/\/www.nexoinformativo.mx\/index.php\/2024\/12\/09\/ayuntamiento-de-san-juan-del-rio-aprueba-no-aumentar-el-predial-para-el-2025\/\",\"name\":\"Ayuntamiento de San Juan del R\u00edo aprueba no aumentar el predial para el 2025 | Nexo Informativo Santiago de Quer\u00e9taro\",\"isPartOf\":{\"@id\":\"https:\/\/www.nexoinformativo.mx\/#website\"},\"primaryImageOfPage\":{\"@id\":\"https:\/\/www.nexoinformativo.mx\/index.php\/2024\/12\/09\/ayuntamiento-de-san-juan-del-rio-aprueba-no-aumentar-el-predial-para-el-2025\/#primaryimage\"},\"image\":{\"@id\":\"https:\/\/www.nexoinformativo.mx\/index.php\/2024\/12\/09\/ayuntamiento-de-san-juan-del-rio-aprueba-no-aumentar-el-predial-para-el-2025\/#primaryimage\"},\"thumbnailUrl\":\"https:\/\/www.nexoinformativo.mx\/wp-content\/uploads\/2024\/12\/PHOTO-2024-12-09-11-14-45-e1733768991506.jpg\",\"datePublished\":\"2024-12-09T16:30:21+00:00\",\"dateModified\":\"2024-12-09T18:30:52+00:00\",\"description\":\"Ayuntamiento de San Juan del R\u00edo aprueba no aumentar el predial para el 2025\",\"breadcrumb\":{\"@id\":\"https:\/\/www.nexoinformativo.mx\/index.php\/2024\/12\/09\/ayuntamiento-de-san-juan-del-rio-aprueba-no-aumentar-el-predial-para-el-2025\/#breadcrumb\"},\"inLanguage\":\"es\",\"potentialAction\":[{\"@type\":\"ReadAction\",\"target\":[\"https:\/\/www.nexoinformativo.mx\/index.php\/2024\/12\/09\/ayuntamiento-de-san-juan-del-rio-aprueba-no-aumentar-el-predial-para-el-2025\/\"]}]},{\"@type\":\"ImageObject\",\"inLanguage\":\"es\",\"@id\":\"https:\/\/www.nexoinformativo.mx\/index.php\/2024\/12\/09\/ayuntamiento-de-san-juan-del-rio-aprueba-no-aumentar-el-predial-para-el-2025\/#primaryimage\",\"url\":\"https:\/\/www.nexoinformativo.mx\/wp-content\/uploads\/2024\/12\/PHOTO-2024-12-09-11-14-45-e1733768991506.jpg\",\"contentUrl\":\"https:\/\/www.nexoinformativo.mx\/wp-content\/uploads\/2024\/12\/PHOTO-2024-12-09-11-14-45-e1733768991506.jpg\",\"width\":800,\"height\":533},{\"@type\":\"BreadcrumbList\",\"@id\":\"https:\/\/www.nexoinformativo.mx\/index.php\/2024\/12\/09\/ayuntamiento-de-san-juan-del-rio-aprueba-no-aumentar-el-predial-para-el-2025\/#breadcrumb\",\"itemListElement\":[{\"@type\":\"ListItem\",\"position\":1,\"name\":\"Inicio\",\"item\":\"https:\/\/www.nexoinformativo.mx\/\"},{\"@type\":\"ListItem\",\"position\":2,\"name\":\"Ayuntamiento de San Juan del R\u00edo aprueba no aumentar el predial para el 2025\"}]},{\"@type\":\"WebSite\",\"@id\":\"https:\/\/www.nexoinformativo.mx\/#website\",\"url\":\"https:\/\/www.nexoinformativo.mx\/\",\"name\":\"Nexo Informativo Santiago de Quer\u00e9taro\",\"description\":\"Explora NexoInformativo y convi\u00e9rtete en parte de una comunidad que valora el conocimiento y la verdad. Tu nexoinformativo es tu puente hacia una comprensi\u00f3n m\u00e1s profunda del mundo que te rodea.\",\"publisher\":{\"@id\":\"https:\/\/www.nexoinformativo.mx\/#organization\"},\"potentialAction\":[{\"@type\":\"SearchAction\",\"target\":{\"@type\":\"EntryPoint\",\"urlTemplate\":\"https:\/\/www.nexoinformativo.mx\/?s={search_term_string}\"},\"query-input\":{\"@type\":\"PropertyValueSpecification\",\"valueRequired\":true,\"valueName\":\"search_term_string\"}}],\"inLanguage\":\"es\"},{\"@type\":\"Organization\",\"@id\":\"https:\/\/www.nexoinformativo.mx\/#organization\",\"name\":\"Nexo Informativo Santiago de Quer\u00e9taro\",\"url\":\"https:\/\/www.nexoinformativo.mx\/\",\"logo\":{\"@type\":\"ImageObject\",\"inLanguage\":\"es\",\"@id\":\"https:\/\/www.nexoinformativo.mx\/#\/schema\/logo\/image\/\",\"url\":\"https:\/\/www.nexoinformativo.mx\/wp-content\/uploads\/2024\/07\/nexoi-trasparente-2.png\",\"contentUrl\":\"https:\/\/www.nexoinformativo.mx\/wp-content\/uploads\/2024\/07\/nexoi-trasparente-2.png\",\"width\":816,\"height\":339,\"caption\":\"Nexo Informativo Santiago de Quer\u00e9taro\"},\"image\":{\"@id\":\"https:\/\/www.nexoinformativo.mx\/#\/schema\/logo\/image\/\"},\"sameAs\":[\"https:\/\/www.facebook.com\/people\/Nexo-Informativo\/61564066885511\/\"]},{\"@type\":\"Person\",\"@id\":\"https:\/\/www.nexoinformativo.mx\/#\/schema\/person\/7749d380ba08c8ca00d7bc76fd907b7d\",\"name\":\"Nexo Informativo\",\"image\":{\"@type\":\"ImageObject\",\"inLanguage\":\"es\",\"@id\":\"https:\/\/www.nexoinformativo.mx\/#\/schema\/person\/image\/\",\"url\":\"https:\/\/secure.gravatar.com\/avatar\/dde2928154642a13d95f87ddf1ea9718fe2b46760a005c53e41ff5ad610704e6?s=96&d=mm&r=g\",\"contentUrl\":\"https:\/\/secure.gravatar.com\/avatar\/dde2928154642a13d95f87ddf1ea9718fe2b46760a005c53e41ff5ad610704e6?s=96&d=mm&r=g\",\"caption\":\"Nexo Informativo\"},\"url\":\"https:\/\/www.nexoinformativo.mx\/index.php\/author\/edicion\/\"}]}<\/script>\n<!-- \/ Yoast SEO plugin. -->","yoast_head_json":{"title":"Ayuntamiento de San Juan del R\u00edo aprueba no aumentar el predial para el 2025 | Nexo Informativo Santiago de Quer\u00e9taro","description":"Ayuntamiento de San Juan del R\u00edo aprueba no aumentar el predial para el 2025","robots":{"index":"index","follow":"follow","max-snippet":"max-snippet:-1","max-image-preview":"max-image-preview:large","max-video-preview":"max-video-preview:-1"},"canonical":"https:\/\/www.nexoinformativo.mx\/index.php\/2024\/12\/09\/ayuntamiento-de-san-juan-del-rio-aprueba-no-aumentar-el-predial-para-el-2025\/","og_locale":"es_MX","og_type":"article","og_title":"Ayuntamiento de San Juan del R\u00edo aprueba no aumentar el predial para el 2025 | Nexo Informativo Santiago de Quer\u00e9taro","og_description":"Ayuntamiento de San Juan del R\u00edo aprueba no aumentar el predial para el 2025","og_url":"https:\/\/www.nexoinformativo.mx\/index.php\/2024\/12\/09\/ayuntamiento-de-san-juan-del-rio-aprueba-no-aumentar-el-predial-para-el-2025\/","og_site_name":"Nexo Informativo Santiago de Quer\u00e9taro","article_publisher":"https:\/\/www.facebook.com\/people\/Nexo-Informativo\/61564066885511\/","article_published_time":"2024-12-09T16:30:21+00:00","article_modified_time":"2024-12-09T18:30:52+00:00","og_image":[{"width":800,"height":533,"url":"https:\/\/www.nexoinformativo.mx\/wp-content\/uploads\/2024\/12\/PHOTO-2024-12-09-11-14-45-e1733768991506.jpg","type":"image\/jpeg"}],"author":"Nexo Informativo","twitter_card":"summary_large_image","twitter_misc":{"Escrito por":"Nexo Informativo","Tiempo de lectura":"2 minutos"},"schema":{"@context":"https:\/\/schema.org","@graph":[{"@type":"Article","@id":"https:\/\/www.nexoinformativo.mx\/index.php\/2024\/12\/09\/ayuntamiento-de-san-juan-del-rio-aprueba-no-aumentar-el-predial-para-el-2025\/#article","isPartOf":{"@id":"https:\/\/www.nexoinformativo.mx\/index.php\/2024\/12\/09\/ayuntamiento-de-san-juan-del-rio-aprueba-no-aumentar-el-predial-para-el-2025\/"},"author":{"name":"Nexo Informativo","@id":"https:\/\/www.nexoinformativo.mx\/#\/schema\/person\/7749d380ba08c8ca00d7bc76fd907b7d"},"headline":"Ayuntamiento de San Juan del R\u00edo aprueba no aumentar el predial para el 2025","datePublished":"2024-12-09T16:30:21+00:00","dateModified":"2024-12-09T18:30:52+00:00","mainEntityOfPage":{"@id":"https:\/\/www.nexoinformativo.mx\/index.php\/2024\/12\/09\/ayuntamiento-de-san-juan-del-rio-aprueba-no-aumentar-el-predial-para-el-2025\/"},"wordCount":237,"commentCount":0,"publisher":{"@id":"https:\/\/www.nexoinformativo.mx\/#organization"},"image":{"@id":"https:\/\/www.nexoinformativo.mx\/index.php\/2024\/12\/09\/ayuntamiento-de-san-juan-del-rio-aprueba-no-aumentar-el-predial-para-el-2025\/#primaryimage"},"thumbnailUrl":"https:\/\/www.nexoinformativo.mx\/wp-content\/uploads\/2024\/12\/PHOTO-2024-12-09-11-14-45-e1733768991506.jpg","keywords":["Ayuntamiento","BuenasNoticias","PredialSinAumento","SanJuanDelR\u00edo"],"articleSection":["Municipios","\u00daltima Hora"],"inLanguage":"es","potentialAction":[{"@type":"CommentAction","name":"Comment","target":["https:\/\/www.nexoinformativo.mx\/index.php\/2024\/12\/09\/ayuntamiento-de-san-juan-del-rio-aprueba-no-aumentar-el-predial-para-el-2025\/#respond"]}]},{"@type":"WebPage","@id":"https:\/\/www.nexoinformativo.mx\/index.php\/2024\/12\/09\/ayuntamiento-de-san-juan-del-rio-aprueba-no-aumentar-el-predial-para-el-2025\/","url":"https:\/\/www.nexoinformativo.mx\/index.php\/2024\/12\/09\/ayuntamiento-de-san-juan-del-rio-aprueba-no-aumentar-el-predial-para-el-2025\/","name":"Ayuntamiento de San Juan del R\u00edo aprueba no aumentar el predial para el 2025 | Nexo Informativo Santiago de Quer\u00e9taro","isPartOf":{"@id":"https:\/\/www.nexoinformativo.mx\/#website"},"primaryImageOfPage":{"@id":"https:\/\/www.nexoinformativo.mx\/index.php\/2024\/12\/09\/ayuntamiento-de-san-juan-del-rio-aprueba-no-aumentar-el-predial-para-el-2025\/#primaryimage"},"image":{"@id":"https:\/\/www.nexoinformativo.mx\/index.php\/2024\/12\/09\/ayuntamiento-de-san-juan-del-rio-aprueba-no-aumentar-el-predial-para-el-2025\/#primaryimage"},"thumbnailUrl":"https:\/\/www.nexoinformativo.mx\/wp-content\/uploads\/2024\/12\/PHOTO-2024-12-09-11-14-45-e1733768991506.jpg","datePublished":"2024-12-09T16:30:21+00:00","dateModified":"2024-12-09T18:30:52+00:00","description":"Ayuntamiento de San Juan del R\u00edo aprueba no aumentar el predial para el 2025","breadcrumb":{"@id":"https:\/\/www.nexoinformativo.mx\/index.php\/2024\/12\/09\/ayuntamiento-de-san-juan-del-rio-aprueba-no-aumentar-el-predial-para-el-2025\/#breadcrumb"},"inLanguage":"es","potentialAction":[{"@type":"ReadAction","target":["https:\/\/www.nexoinformativo.mx\/index.php\/2024\/12\/09\/ayuntamiento-de-san-juan-del-rio-aprueba-no-aumentar-el-predial-para-el-2025\/"]}]},{"@type":"ImageObject","inLanguage":"es","@id":"https:\/\/www.nexoinformativo.mx\/index.php\/2024\/12\/09\/ayuntamiento-de-san-juan-del-rio-aprueba-no-aumentar-el-predial-para-el-2025\/#primaryimage","url":"https:\/\/www.nexoinformativo.mx\/wp-content\/uploads\/2024\/12\/PHOTO-2024-12-09-11-14-45-e1733768991506.jpg","contentUrl":"https:\/\/www.nexoinformativo.mx\/wp-content\/uploads\/2024\/12\/PHOTO-2024-12-09-11-14-45-e1733768991506.jpg","width":800,"height":533},{"@type":"BreadcrumbList","@id":"https:\/\/www.nexoinformativo.mx\/index.php\/2024\/12\/09\/ayuntamiento-de-san-juan-del-rio-aprueba-no-aumentar-el-predial-para-el-2025\/#breadcrumb","itemListElement":[{"@type":"ListItem","position":1,"name":"Inicio","item":"https:\/\/www.nexoinformativo.mx\/"},{"@type":"ListItem","position":2,"name":"Ayuntamiento de San Juan del R\u00edo aprueba no aumentar el predial para el 2025"}]},{"@type":"WebSite","@id":"https:\/\/www.nexoinformativo.mx\/#website","url":"https:\/\/www.nexoinformativo.mx\/","name":"Nexo Informativo Santiago de Quer\u00e9taro","description":"Explora NexoInformativo y convi\u00e9rtete en parte de una comunidad que valora el conocimiento y la verdad. Tu nexoinformativo es tu puente hacia una comprensi\u00f3n m\u00e1s profunda del mundo que te rodea.","publisher":{"@id":"https:\/\/www.nexoinformativo.mx\/#organization"},"potentialAction":[{"@type":"SearchAction","target":{"@type":"EntryPoint","urlTemplate":"https:\/\/www.nexoinformativo.mx\/?s={search_term_string}"},"query-input":{"@type":"PropertyValueSpecification","valueRequired":true,"valueName":"search_term_string"}}],"inLanguage":"es"},{"@type":"Organization","@id":"https:\/\/www.nexoinformativo.mx\/#organization","name":"Nexo Informativo Santiago de Quer\u00e9taro","url":"https:\/\/www.nexoinformativo.mx\/","logo":{"@type":"ImageObject","inLanguage":"es","@id":"https:\/\/www.nexoinformativo.mx\/#\/schema\/logo\/image\/","url":"https:\/\/www.nexoinformativo.mx\/wp-content\/uploads\/2024\/07\/nexoi-trasparente-2.png","contentUrl":"https:\/\/www.nexoinformativo.mx\/wp-content\/uploads\/2024\/07\/nexoi-trasparente-2.png","width":816,"height":339,"caption":"Nexo Informativo Santiago de Quer\u00e9taro"},"image":{"@id":"https:\/\/www.nexoinformativo.mx\/#\/schema\/logo\/image\/"},"sameAs":["https:\/\/www.facebook.com\/people\/Nexo-Informativo\/61564066885511\/"]},{"@type":"Person","@id":"https:\/\/www.nexoinformativo.mx\/#\/schema\/person\/7749d380ba08c8ca00d7bc76fd907b7d","name":"Nexo Informativo","image":{"@type":"ImageObject","inLanguage":"es","@id":"https:\/\/www.nexoinformativo.mx\/#\/schema\/person\/image\/","url":"https:\/\/secure.gravatar.com\/avatar\/dde2928154642a13d95f87ddf1ea9718fe2b46760a005c53e41ff5ad610704e6?s=96&d=mm&r=g","contentUrl":"https:\/\/secure.gravatar.com\/avatar\/dde2928154642a13d95f87ddf1ea9718fe2b46760a005c53e41ff5ad610704e6?s=96&d=mm&r=g","caption":"Nexo Informativo"},"url":"https:\/\/www.nexoinformativo.mx\/index.php\/author\/edicion\/"}]}},"_links":{"self":[{"href":"https:\/\/www.nexoinformativo.mx\/index.php\/wp-json\/wp\/v2\/posts\/7777","targetHints":{"allow":["GET"]}}],"collection":[{"href":"https:\/\/www.nexoinformativo.mx\/index.php\/wp-json\/wp\/v2\/posts"}],"about":[{"href":"https:\/\/www.nexoinformativo.mx\/index.php\/wp-json\/wp\/v2\/types\/post"}],"author":[{"embeddable":true,"href":"https:\/\/www.nexoinformativo.mx\/index.php\/wp-json\/wp\/v2\/users\/3"}],"replies":[{"embeddable":true,"href":"https:\/\/www.nexoinformativo.mx\/index.php\/wp-json\/wp\/v2\/comments?post=7777"}],"version-history":[{"count":4,"href":"https:\/\/www.nexoinformativo.mx\/index.php\/wp-json\/wp\/v2\/posts\/7777\/revisions"}],"predecessor-version":[{"id":7780,"href":"https:\/\/www.nexoinformativo.mx\/index.php\/wp-json\/wp\/v2\/posts\/7777\/revisions\/7780"}],"wp:featuredmedia":[{"embeddable":true,"href":"https:\/\/www.nexoinformativo.mx\/index.php\/wp-json\/wp\/v2\/media\/7781"}],"wp:attachment":[{"href":"https:\/\/www.nexoinformativo.mx\/index.php\/wp-json\/wp\/v2\/media?parent=7777"}],"wp:term":[{"taxonomy":"category","embeddable":true,"href":"https:\/\/www.nexoinformativo.mx\/index.php\/wp-json\/wp\/v2\/categories?post=7777"},{"taxonomy":"post_tag","embeddable":true,"href":"https:\/\/www.nexoinformativo.mx\/index.php\/wp-json\/wp\/v2\/tags?post=7777"}],"curies":[{"name":"wp","href":"https:\/\/api.w.org\/{rel}","templated":true}]}}