{"id":7798,"date":"2024-12-09T13:00:46","date_gmt":"2024-12-09T19:00:46","guid":{"rendered":"https:\/\/www.nexoinformativo.mx\/?p=7798"},"modified":"2024-12-09T14:52:50","modified_gmt":"2024-12-09T20:52:50","slug":"queretaro-apuesta-por-el-turismo-nueva-comision-busca-fortalecer-el-sector","status":"publish","type":"post","link":"https:\/\/www.nexoinformativo.mx\/index.php\/2024\/12\/09\/queretaro-apuesta-por-el-turismo-nueva-comision-busca-fortalecer-el-sector\/","title":{"rendered":"Quer\u00e9taro apuesta por el turismo: Nueva comisi\u00f3n busca fortalecer el sector"},"content":{"rendered":"<p style=\"text-align: justify;\" data-sourcepos=\"11:1-11:310\">Con el objetivo de impulsar el desarrollo econ\u00f3mico y promover los atractivos tur\u00edsticos de Quer\u00e9taro, se instal\u00f3 la Comisi\u00f3n de Turismo del municipio.<\/p>\n<p>&nbsp;<\/p>\n<p style=\"text-align: justify;\" data-sourcepos=\"11:1-11:310\">Presidida por la regidora Gabriela Monjar\u00e1z, esta nueva comisi\u00f3n trabajar\u00e1 de manera coordinada con diversos sectores para fortalecer el turismo local.<\/p>\n<p>&nbsp;<\/p>\n<p style=\"text-align: justify;\" data-sourcepos=\"13:1-13:332\"><strong>&#8220;Queremos que Quer\u00e9taro sea un destino tur\u00edstico que ofrezca experiencias \u00fanicas a sus visitantes y que genere beneficios para toda la comunidad&#8221;<\/strong>, se\u00f1al\u00f3 la presidenta de la comisi\u00f3n. Monjar\u00e1z destac\u00f3 la importancia de promover el turismo interno, invitando a los queretanos a descubrir los atractivos de su propia ciudad.<\/p>\n<p>&nbsp;<\/p>\n<p style=\"text-align: justify;\" data-sourcepos=\"15:1-15:382\">La regidora Rosa Corral Bola\u00f1os enfatiz\u00f3 que la comisi\u00f3n trabajar\u00e1 para posicionar a Quer\u00e9taro como un destino tur\u00edstico de primer nivel, combinando su rica historia y cultura con la innovaci\u00f3n y la visi\u00f3n de futuro.<\/p>\n<p>&nbsp;<\/p>\n<p style=\"text-align: justify;\" data-sourcepos=\"15:1-15:382\">Por su parte, la regidora Maribel Luna Mendoza destac\u00f3 la importancia de la colaboraci\u00f3n con el sector tur\u00edstico para impulsar el desarrollo econ\u00f3mico del municipio.<\/p>\n<p>&nbsp;<\/p>\n<p style=\"text-align: justify;\" data-sourcepos=\"17:1-17:261\">Durante el evento de instalaci\u00f3n, se cont\u00f3 con la presencia de la diputada local Adriana Meza Argaluza y la secretaria de Turismo municipal, Mariana Ortiz, quienes reiteraron su compromiso de trabajar en conjunto para fortalecer el turismo en Quer\u00e9taro.<\/p>\n<p>&nbsp;<\/p>\n<p style=\"text-align: center;\" data-sourcepos=\"17:1-17:261\"><em><strong>\u00a1Informaci\u00f3n que transforma!<\/strong><\/em><\/p>\n","protected":false},"excerpt":{"rendered":"<p>Con el objetivo de impulsar el desarrollo econ\u00f3mico y promover los atractivos tur\u00edsticos de Quer\u00e9taro, se instal\u00f3 la Comisi\u00f3n de Turismo del municipio.<\/p>\n","protected":false},"author":3,"featured_media":7799,"comment_status":"open","ping_status":"open","sticky":false,"template":"","format":"standard","meta":{"footnotes":""},"categories":[42,58],"tags":[2585,352,133,992],"class_list":["post-7798","post","type-post","status-publish","format-standard","has-post-thumbnail","hentry","category-estado","category-ultima-hora","tag-comisiondeturismo","tag-desarrolloeconomico","tag-queretaro","tag-turismoqueretaro"],"yoast_head":"<!-- This site is optimized with the Yoast SEO plugin v25.0 - https:\/\/yoast.com\/wordpress\/plugins\/seo\/ -->\n<title>Quer\u00e9taro apuesta por el turismo: Nueva comisi\u00f3n busca fortalecer el sector | Nexo Informativo Santiago de Quer\u00e9taro<\/title>\n<meta name=\"description\" content=\"Quer\u00e9taro apuesta por el turismo: Nueva comisi\u00f3n busca fortalecer el sector\" \/>\n<meta name=\"robots\" content=\"index, follow, max-snippet:-1, max-image-preview:large, max-video-preview:-1\" \/>\n<link rel=\"canonical\" href=\"https:\/\/www.nexoinformativo.mx\/index.php\/2024\/12\/09\/queretaro-apuesta-por-el-turismo-nueva-comision-busca-fortalecer-el-sector\/\" \/>\n<meta property=\"og:locale\" content=\"es_MX\" \/>\n<meta property=\"og:type\" content=\"article\" \/>\n<meta property=\"og:title\" content=\"Quer\u00e9taro apuesta por el turismo: Nueva comisi\u00f3n busca fortalecer el sector | Nexo Informativo Santiago de Quer\u00e9taro\" \/>\n<meta property=\"og:description\" content=\"Quer\u00e9taro apuesta por el turismo: Nueva comisi\u00f3n busca fortalecer el sector\" \/>\n<meta property=\"og:url\" content=\"https:\/\/www.nexoinformativo.mx\/index.php\/2024\/12\/09\/queretaro-apuesta-por-el-turismo-nueva-comision-busca-fortalecer-el-sector\/\" \/>\n<meta property=\"og:site_name\" content=\"Nexo Informativo Santiago de Quer\u00e9taro\" \/>\n<meta property=\"article:publisher\" content=\"https:\/\/www.facebook.com\/people\/Nexo-Informativo\/61564066885511\/\" \/>\n<meta property=\"article:published_time\" content=\"2024-12-09T19:00:46+00:00\" \/>\n<meta property=\"article:modified_time\" content=\"2024-12-09T20:52:50+00:00\" \/>\n<meta property=\"og:image\" content=\"https:\/\/www.nexoinformativo.mx\/wp-content\/uploads\/2024\/12\/PHOTO-2024-12-09-13-43-14-e1733777522620.jpg\" \/>\n\t<meta property=\"og:image:width\" content=\"800\" \/>\n\t<meta property=\"og:image:height\" content=\"533\" \/>\n\t<meta property=\"og:image:type\" content=\"image\/jpeg\" \/>\n<meta name=\"author\" content=\"Nexo Informativo\" \/>\n<meta name=\"twitter:card\" content=\"summary_large_image\" \/>\n<meta name=\"twitter:label1\" content=\"Escrito por\" \/>\n\t<meta name=\"twitter:data1\" content=\"Nexo Informativo\" \/>\n\t<meta name=\"twitter:label2\" content=\"Tiempo de lectura\" \/>\n\t<meta name=\"twitter:data2\" content=\"2 minutos\" \/>\n<script type=\"application\/ld+json\" class=\"yoast-schema-graph\">{\"@context\":\"https:\/\/schema.org\",\"@graph\":[{\"@type\":\"Article\",\"@id\":\"https:\/\/www.nexoinformativo.mx\/index.php\/2024\/12\/09\/queretaro-apuesta-por-el-turismo-nueva-comision-busca-fortalecer-el-sector\/#article\",\"isPartOf\":{\"@id\":\"https:\/\/www.nexoinformativo.mx\/index.php\/2024\/12\/09\/queretaro-apuesta-por-el-turismo-nueva-comision-busca-fortalecer-el-sector\/\"},\"author\":{\"name\":\"Nexo Informativo\",\"@id\":\"https:\/\/www.nexoinformativo.mx\/#\/schema\/person\/7749d380ba08c8ca00d7bc76fd907b7d\"},\"headline\":\"Quer\u00e9taro apuesta por el turismo: Nueva comisi\u00f3n busca fortalecer el sector\",\"datePublished\":\"2024-12-09T19:00:46+00:00\",\"dateModified\":\"2024-12-09T20:52:50+00:00\",\"mainEntityOfPage\":{\"@id\":\"https:\/\/www.nexoinformativo.mx\/index.php\/2024\/12\/09\/queretaro-apuesta-por-el-turismo-nueva-comision-busca-fortalecer-el-sector\/\"},\"wordCount\":237,\"commentCount\":0,\"publisher\":{\"@id\":\"https:\/\/www.nexoinformativo.mx\/#organization\"},\"image\":{\"@id\":\"https:\/\/www.nexoinformativo.mx\/index.php\/2024\/12\/09\/queretaro-apuesta-por-el-turismo-nueva-comision-busca-fortalecer-el-sector\/#primaryimage\"},\"thumbnailUrl\":\"https:\/\/www.nexoinformativo.mx\/wp-content\/uploads\/2024\/12\/PHOTO-2024-12-09-13-43-14-e1733777522620.jpg\",\"keywords\":[\"Comisi\u00f3nDeTurismo\",\"DesarrolloEcon\u00f3mico\",\"Quer\u00e9taro\",\"TurismoQuer\u00e9taro\"],\"articleSection\":[\"Estado\",\"\u00daltima Hora\"],\"inLanguage\":\"es\",\"potentialAction\":[{\"@type\":\"CommentAction\",\"name\":\"Comment\",\"target\":[\"https:\/\/www.nexoinformativo.mx\/index.php\/2024\/12\/09\/queretaro-apuesta-por-el-turismo-nueva-comision-busca-fortalecer-el-sector\/#respond\"]}]},{\"@type\":\"WebPage\",\"@id\":\"https:\/\/www.nexoinformativo.mx\/index.php\/2024\/12\/09\/queretaro-apuesta-por-el-turismo-nueva-comision-busca-fortalecer-el-sector\/\",\"url\":\"https:\/\/www.nexoinformativo.mx\/index.php\/2024\/12\/09\/queretaro-apuesta-por-el-turismo-nueva-comision-busca-fortalecer-el-sector\/\",\"name\":\"Quer\u00e9taro apuesta por el turismo: Nueva comisi\u00f3n busca fortalecer el sector | Nexo Informativo Santiago de Quer\u00e9taro\",\"isPartOf\":{\"@id\":\"https:\/\/www.nexoinformativo.mx\/#website\"},\"primaryImageOfPage\":{\"@id\":\"https:\/\/www.nexoinformativo.mx\/index.php\/2024\/12\/09\/queretaro-apuesta-por-el-turismo-nueva-comision-busca-fortalecer-el-sector\/#primaryimage\"},\"image\":{\"@id\":\"https:\/\/www.nexoinformativo.mx\/index.php\/2024\/12\/09\/queretaro-apuesta-por-el-turismo-nueva-comision-busca-fortalecer-el-sector\/#primaryimage\"},\"thumbnailUrl\":\"https:\/\/www.nexoinformativo.mx\/wp-content\/uploads\/2024\/12\/PHOTO-2024-12-09-13-43-14-e1733777522620.jpg\",\"datePublished\":\"2024-12-09T19:00:46+00:00\",\"dateModified\":\"2024-12-09T20:52:50+00:00\",\"description\":\"Quer\u00e9taro apuesta por el turismo: Nueva comisi\u00f3n busca fortalecer el sector\",\"breadcrumb\":{\"@id\":\"https:\/\/www.nexoinformativo.mx\/index.php\/2024\/12\/09\/queretaro-apuesta-por-el-turismo-nueva-comision-busca-fortalecer-el-sector\/#breadcrumb\"},\"inLanguage\":\"es\",\"potentialAction\":[{\"@type\":\"ReadAction\",\"target\":[\"https:\/\/www.nexoinformativo.mx\/index.php\/2024\/12\/09\/queretaro-apuesta-por-el-turismo-nueva-comision-busca-fortalecer-el-sector\/\"]}]},{\"@type\":\"ImageObject\",\"inLanguage\":\"es\",\"@id\":\"https:\/\/www.nexoinformativo.mx\/index.php\/2024\/12\/09\/queretaro-apuesta-por-el-turismo-nueva-comision-busca-fortalecer-el-sector\/#primaryimage\",\"url\":\"https:\/\/www.nexoinformativo.mx\/wp-content\/uploads\/2024\/12\/PHOTO-2024-12-09-13-43-14-e1733777522620.jpg\",\"contentUrl\":\"https:\/\/www.nexoinformativo.mx\/wp-content\/uploads\/2024\/12\/PHOTO-2024-12-09-13-43-14-e1733777522620.jpg\",\"width\":800,\"height\":533},{\"@type\":\"BreadcrumbList\",\"@id\":\"https:\/\/www.nexoinformativo.mx\/index.php\/2024\/12\/09\/queretaro-apuesta-por-el-turismo-nueva-comision-busca-fortalecer-el-sector\/#breadcrumb\",\"itemListElement\":[{\"@type\":\"ListItem\",\"position\":1,\"name\":\"Inicio\",\"item\":\"https:\/\/www.nexoinformativo.mx\/\"},{\"@type\":\"ListItem\",\"position\":2,\"name\":\"Quer\u00e9taro apuesta por el turismo: Nueva comisi\u00f3n busca fortalecer el sector\"}]},{\"@type\":\"WebSite\",\"@id\":\"https:\/\/www.nexoinformativo.mx\/#website\",\"url\":\"https:\/\/www.nexoinformativo.mx\/\",\"name\":\"Nexo Informativo Santiago de Quer\u00e9taro\",\"description\":\"Explora NexoInformativo y convi\u00e9rtete en parte de una comunidad que valora el conocimiento y la verdad. Tu nexoinformativo es tu puente hacia una comprensi\u00f3n m\u00e1s profunda del mundo que te rodea.\",\"publisher\":{\"@id\":\"https:\/\/www.nexoinformativo.mx\/#organization\"},\"potentialAction\":[{\"@type\":\"SearchAction\",\"target\":{\"@type\":\"EntryPoint\",\"urlTemplate\":\"https:\/\/www.nexoinformativo.mx\/?s={search_term_string}\"},\"query-input\":{\"@type\":\"PropertyValueSpecification\",\"valueRequired\":true,\"valueName\":\"search_term_string\"}}],\"inLanguage\":\"es\"},{\"@type\":\"Organization\",\"@id\":\"https:\/\/www.nexoinformativo.mx\/#organization\",\"name\":\"Nexo Informativo Santiago de Quer\u00e9taro\",\"url\":\"https:\/\/www.nexoinformativo.mx\/\",\"logo\":{\"@type\":\"ImageObject\",\"inLanguage\":\"es\",\"@id\":\"https:\/\/www.nexoinformativo.mx\/#\/schema\/logo\/image\/\",\"url\":\"https:\/\/www.nexoinformativo.mx\/wp-content\/uploads\/2024\/07\/nexoi-trasparente-2.png\",\"contentUrl\":\"https:\/\/www.nexoinformativo.mx\/wp-content\/uploads\/2024\/07\/nexoi-trasparente-2.png\",\"width\":816,\"height\":339,\"caption\":\"Nexo Informativo Santiago de Quer\u00e9taro\"},\"image\":{\"@id\":\"https:\/\/www.nexoinformativo.mx\/#\/schema\/logo\/image\/\"},\"sameAs\":[\"https:\/\/www.facebook.com\/people\/Nexo-Informativo\/61564066885511\/\"]},{\"@type\":\"Person\",\"@id\":\"https:\/\/www.nexoinformativo.mx\/#\/schema\/person\/7749d380ba08c8ca00d7bc76fd907b7d\",\"name\":\"Nexo Informativo\",\"image\":{\"@type\":\"ImageObject\",\"inLanguage\":\"es\",\"@id\":\"https:\/\/www.nexoinformativo.mx\/#\/schema\/person\/image\/\",\"url\":\"https:\/\/secure.gravatar.com\/avatar\/dde2928154642a13d95f87ddf1ea9718fe2b46760a005c53e41ff5ad610704e6?s=96&d=mm&r=g\",\"contentUrl\":\"https:\/\/secure.gravatar.com\/avatar\/dde2928154642a13d95f87ddf1ea9718fe2b46760a005c53e41ff5ad610704e6?s=96&d=mm&r=g\",\"caption\":\"Nexo Informativo\"},\"url\":\"https:\/\/www.nexoinformativo.mx\/index.php\/author\/edicion\/\"}]}<\/script>\n<!-- \/ Yoast SEO plugin. -->","yoast_head_json":{"title":"Quer\u00e9taro apuesta por el turismo: Nueva comisi\u00f3n busca fortalecer el sector | Nexo Informativo Santiago de Quer\u00e9taro","description":"Quer\u00e9taro apuesta por el turismo: Nueva comisi\u00f3n busca fortalecer el sector","robots":{"index":"index","follow":"follow","max-snippet":"max-snippet:-1","max-image-preview":"max-image-preview:large","max-video-preview":"max-video-preview:-1"},"canonical":"https:\/\/www.nexoinformativo.mx\/index.php\/2024\/12\/09\/queretaro-apuesta-por-el-turismo-nueva-comision-busca-fortalecer-el-sector\/","og_locale":"es_MX","og_type":"article","og_title":"Quer\u00e9taro apuesta por el turismo: Nueva comisi\u00f3n busca fortalecer el sector | Nexo Informativo Santiago de Quer\u00e9taro","og_description":"Quer\u00e9taro apuesta por el turismo: Nueva comisi\u00f3n busca fortalecer el sector","og_url":"https:\/\/www.nexoinformativo.mx\/index.php\/2024\/12\/09\/queretaro-apuesta-por-el-turismo-nueva-comision-busca-fortalecer-el-sector\/","og_site_name":"Nexo Informativo Santiago de Quer\u00e9taro","article_publisher":"https:\/\/www.facebook.com\/people\/Nexo-Informativo\/61564066885511\/","article_published_time":"2024-12-09T19:00:46+00:00","article_modified_time":"2024-12-09T20:52:50+00:00","og_image":[{"width":800,"height":533,"url":"https:\/\/www.nexoinformativo.mx\/wp-content\/uploads\/2024\/12\/PHOTO-2024-12-09-13-43-14-e1733777522620.jpg","type":"image\/jpeg"}],"author":"Nexo Informativo","twitter_card":"summary_large_image","twitter_misc":{"Escrito por":"Nexo Informativo","Tiempo de lectura":"2 minutos"},"schema":{"@context":"https:\/\/schema.org","@graph":[{"@type":"Article","@id":"https:\/\/www.nexoinformativo.mx\/index.php\/2024\/12\/09\/queretaro-apuesta-por-el-turismo-nueva-comision-busca-fortalecer-el-sector\/#article","isPartOf":{"@id":"https:\/\/www.nexoinformativo.mx\/index.php\/2024\/12\/09\/queretaro-apuesta-por-el-turismo-nueva-comision-busca-fortalecer-el-sector\/"},"author":{"name":"Nexo Informativo","@id":"https:\/\/www.nexoinformativo.mx\/#\/schema\/person\/7749d380ba08c8ca00d7bc76fd907b7d"},"headline":"Quer\u00e9taro apuesta por el turismo: Nueva comisi\u00f3n busca fortalecer el sector","datePublished":"2024-12-09T19:00:46+00:00","dateModified":"2024-12-09T20:52:50+00:00","mainEntityOfPage":{"@id":"https:\/\/www.nexoinformativo.mx\/index.php\/2024\/12\/09\/queretaro-apuesta-por-el-turismo-nueva-comision-busca-fortalecer-el-sector\/"},"wordCount":237,"commentCount":0,"publisher":{"@id":"https:\/\/www.nexoinformativo.mx\/#organization"},"image":{"@id":"https:\/\/www.nexoinformativo.mx\/index.php\/2024\/12\/09\/queretaro-apuesta-por-el-turismo-nueva-comision-busca-fortalecer-el-sector\/#primaryimage"},"thumbnailUrl":"https:\/\/www.nexoinformativo.mx\/wp-content\/uploads\/2024\/12\/PHOTO-2024-12-09-13-43-14-e1733777522620.jpg","keywords":["Comisi\u00f3nDeTurismo","DesarrolloEcon\u00f3mico","Quer\u00e9taro","TurismoQuer\u00e9taro"],"articleSection":["Estado","\u00daltima Hora"],"inLanguage":"es","potentialAction":[{"@type":"CommentAction","name":"Comment","target":["https:\/\/www.nexoinformativo.mx\/index.php\/2024\/12\/09\/queretaro-apuesta-por-el-turismo-nueva-comision-busca-fortalecer-el-sector\/#respond"]}]},{"@type":"WebPage","@id":"https:\/\/www.nexoinformativo.mx\/index.php\/2024\/12\/09\/queretaro-apuesta-por-el-turismo-nueva-comision-busca-fortalecer-el-sector\/","url":"https:\/\/www.nexoinformativo.mx\/index.php\/2024\/12\/09\/queretaro-apuesta-por-el-turismo-nueva-comision-busca-fortalecer-el-sector\/","name":"Quer\u00e9taro apuesta por el turismo: Nueva comisi\u00f3n busca fortalecer el sector | Nexo Informativo Santiago de Quer\u00e9taro","isPartOf":{"@id":"https:\/\/www.nexoinformativo.mx\/#website"},"primaryImageOfPage":{"@id":"https:\/\/www.nexoinformativo.mx\/index.php\/2024\/12\/09\/queretaro-apuesta-por-el-turismo-nueva-comision-busca-fortalecer-el-sector\/#primaryimage"},"image":{"@id":"https:\/\/www.nexoinformativo.mx\/index.php\/2024\/12\/09\/queretaro-apuesta-por-el-turismo-nueva-comision-busca-fortalecer-el-sector\/#primaryimage"},"thumbnailUrl":"https:\/\/www.nexoinformativo.mx\/wp-content\/uploads\/2024\/12\/PHOTO-2024-12-09-13-43-14-e1733777522620.jpg","datePublished":"2024-12-09T19:00:46+00:00","dateModified":"2024-12-09T20:52:50+00:00","description":"Quer\u00e9taro apuesta por el turismo: Nueva comisi\u00f3n busca fortalecer el sector","breadcrumb":{"@id":"https:\/\/www.nexoinformativo.mx\/index.php\/2024\/12\/09\/queretaro-apuesta-por-el-turismo-nueva-comision-busca-fortalecer-el-sector\/#breadcrumb"},"inLanguage":"es","potentialAction":[{"@type":"ReadAction","target":["https:\/\/www.nexoinformativo.mx\/index.php\/2024\/12\/09\/queretaro-apuesta-por-el-turismo-nueva-comision-busca-fortalecer-el-sector\/"]}]},{"@type":"ImageObject","inLanguage":"es","@id":"https:\/\/www.nexoinformativo.mx\/index.php\/2024\/12\/09\/queretaro-apuesta-por-el-turismo-nueva-comision-busca-fortalecer-el-sector\/#primaryimage","url":"https:\/\/www.nexoinformativo.mx\/wp-content\/uploads\/2024\/12\/PHOTO-2024-12-09-13-43-14-e1733777522620.jpg","contentUrl":"https:\/\/www.nexoinformativo.mx\/wp-content\/uploads\/2024\/12\/PHOTO-2024-12-09-13-43-14-e1733777522620.jpg","width":800,"height":533},{"@type":"BreadcrumbList","@id":"https:\/\/www.nexoinformativo.mx\/index.php\/2024\/12\/09\/queretaro-apuesta-por-el-turismo-nueva-comision-busca-fortalecer-el-sector\/#breadcrumb","itemListElement":[{"@type":"ListItem","position":1,"name":"Inicio","item":"https:\/\/www.nexoinformativo.mx\/"},{"@type":"ListItem","position":2,"name":"Quer\u00e9taro apuesta por el turismo: Nueva comisi\u00f3n busca fortalecer el sector"}]},{"@type":"WebSite","@id":"https:\/\/www.nexoinformativo.mx\/#website","url":"https:\/\/www.nexoinformativo.mx\/","name":"Nexo Informativo Santiago de Quer\u00e9taro","description":"Explora NexoInformativo y convi\u00e9rtete en parte de una comunidad que valora el conocimiento y la verdad. Tu nexoinformativo es tu puente hacia una comprensi\u00f3n m\u00e1s profunda del mundo que te rodea.","publisher":{"@id":"https:\/\/www.nexoinformativo.mx\/#organization"},"potentialAction":[{"@type":"SearchAction","target":{"@type":"EntryPoint","urlTemplate":"https:\/\/www.nexoinformativo.mx\/?s={search_term_string}"},"query-input":{"@type":"PropertyValueSpecification","valueRequired":true,"valueName":"search_term_string"}}],"inLanguage":"es"},{"@type":"Organization","@id":"https:\/\/www.nexoinformativo.mx\/#organization","name":"Nexo Informativo Santiago de Quer\u00e9taro","url":"https:\/\/www.nexoinformativo.mx\/","logo":{"@type":"ImageObject","inLanguage":"es","@id":"https:\/\/www.nexoinformativo.mx\/#\/schema\/logo\/image\/","url":"https:\/\/www.nexoinformativo.mx\/wp-content\/uploads\/2024\/07\/nexoi-trasparente-2.png","contentUrl":"https:\/\/www.nexoinformativo.mx\/wp-content\/uploads\/2024\/07\/nexoi-trasparente-2.png","width":816,"height":339,"caption":"Nexo Informativo Santiago de Quer\u00e9taro"},"image":{"@id":"https:\/\/www.nexoinformativo.mx\/#\/schema\/logo\/image\/"},"sameAs":["https:\/\/www.facebook.com\/people\/Nexo-Informativo\/61564066885511\/"]},{"@type":"Person","@id":"https:\/\/www.nexoinformativo.mx\/#\/schema\/person\/7749d380ba08c8ca00d7bc76fd907b7d","name":"Nexo Informativo","image":{"@type":"ImageObject","inLanguage":"es","@id":"https:\/\/www.nexoinformativo.mx\/#\/schema\/person\/image\/","url":"https:\/\/secure.gravatar.com\/avatar\/dde2928154642a13d95f87ddf1ea9718fe2b46760a005c53e41ff5ad610704e6?s=96&d=mm&r=g","contentUrl":"https:\/\/secure.gravatar.com\/avatar\/dde2928154642a13d95f87ddf1ea9718fe2b46760a005c53e41ff5ad610704e6?s=96&d=mm&r=g","caption":"Nexo Informativo"},"url":"https:\/\/www.nexoinformativo.mx\/index.php\/author\/edicion\/"}]}},"_links":{"self":[{"href":"https:\/\/www.nexoinformativo.mx\/index.php\/wp-json\/wp\/v2\/posts\/7798","targetHints":{"allow":["GET"]}}],"collection":[{"href":"https:\/\/www.nexoinformativo.mx\/index.php\/wp-json\/wp\/v2\/posts"}],"about":[{"href":"https:\/\/www.nexoinformativo.mx\/index.php\/wp-json\/wp\/v2\/types\/post"}],"author":[{"embeddable":true,"href":"https:\/\/www.nexoinformativo.mx\/index.php\/wp-json\/wp\/v2\/users\/3"}],"replies":[{"embeddable":true,"href":"https:\/\/www.nexoinformativo.mx\/index.php\/wp-json\/wp\/v2\/comments?post=7798"}],"version-history":[{"count":3,"href":"https:\/\/www.nexoinformativo.mx\/index.php\/wp-json\/wp\/v2\/posts\/7798\/revisions"}],"predecessor-version":[{"id":7802,"href":"https:\/\/www.nexoinformativo.mx\/index.php\/wp-json\/wp\/v2\/posts\/7798\/revisions\/7802"}],"wp:featuredmedia":[{"embeddable":true,"href":"https:\/\/www.nexoinformativo.mx\/index.php\/wp-json\/wp\/v2\/media\/7799"}],"wp:attachment":[{"href":"https:\/\/www.nexoinformativo.mx\/index.php\/wp-json\/wp\/v2\/media?parent=7798"}],"wp:term":[{"taxonomy":"category","embeddable":true,"href":"https:\/\/www.nexoinformativo.mx\/index.php\/wp-json\/wp\/v2\/categories?post=7798"},{"taxonomy":"post_tag","embeddable":true,"href":"https:\/\/www.nexoinformativo.mx\/index.php\/wp-json\/wp\/v2\/tags?post=7798"}],"curies":[{"name":"wp","href":"https:\/\/api.w.org\/{rel}","templated":true}]}}